{"id":24583,"date":"2020-06-03T20:33:13","date_gmt":"2020-06-03T23:33:13","guid":{"rendered":"https:\/\/www.ivanabeaumond.com.br\/vestidos-noiva\/?p=24583"},"modified":"2020-06-03T20:46:32","modified_gmt":"2020-06-03T23:46:32","slug":"kim-kardashian-vestido-feito-de-buques","status":"publish","type":"post","link":"https:\/\/www.ivanabeaumond.com.br\/vestidos-noiva\/kim-kardashian-vestido-feito-de-buques\/","title":{"rendered":"KIM KARDASHIAN &#8211; Vestido feito de Buqu\u00eas?"},"content":{"rendered":"<h4 style=\"text-align: justify;\"><em><strong>UM VESTIDO FEITO DE BUQU\u00caS DE ROSAS? INOVE COMO A SOCIALITE KIM KARDASHIAN<\/strong><\/em><\/h4>\n<p><a href=\"https:\/\/www.ivanabeaumond.com.br\/vestidos-noiva\/wp-content\/uploads\/2020\/06\/KIM-VESTIDO-IVANA-BEAUMOND1.jpg\"><img decoding=\"async\" loading=\"lazy\" class=\"aligncenter size-full wp-image-24586\" src=\"https:\/\/www.ivanabeaumond.com.br\/vestidos-noiva\/wp-content\/uploads\/2020\/06\/KIM-VESTIDO-IVANA-BEAUMOND1.jpg\" alt=\"VESTIDO DE NOIVA\" width=\"800\" height=\"464\" \/><\/a><\/p>\n<p>&nbsp;<\/p>\n<h5 style=\"text-align: justify;\"><span style=\"color: #808080;\">O que voc\u00ea faria para celebrar seu anivers\u00e1rio de casamento? A socialite americana Kim Kardashian decidiu comemorar a data de uma maneira inusitada: lan\u00e7ando uma cole\u00e7\u00e3o de maquiagem intitulada \u201cMrs. West Collection\u201d, em homenagem ao sobrenome do marido, o rapper Kanye West.<\/span><\/h5>\n<p>&nbsp;<\/p>\n<h5 style=\"text-align: justify;\"><span style=\"color: #808080;\">E, claro, para promov\u00ea-la, a protagonista de <em>Keeping Up With the Kardashians <\/em>resolveu inovar utilizando um buqu\u00ea de rosas como vestido. Isso mesmo que voc\u00ea acabou de ler! A ideia surgiu como uma refer\u00eancia \u00e0 maquiagem que a artista usou no dia da cerim\u00f4nia e o intuito, \u00e9 claro, foi recriar o momento especial.<\/span><\/h5>\n<p>&nbsp;<\/p>\n<h5 style=\"text-align: justify;\"><span style=\"color: #808080;\">Afinal, como todo mundo sabe, o buqu\u00ea \u00e9 parte primordial para compor o visual da noiva, assim como seu v\u00e9u, o pr\u00f3prio vestido e outros adere\u00e7os que tenham um valor sentimental para ela, como um ter\u00e7o, um broche ou outro item indispens\u00e1vel.<\/span><\/h5>\n<p>&nbsp;<\/p>\n<h5 style=\"text-align: justify;\"><span style=\"color: #808080;\">Contudo, ao inv\u00e9s de carregar as flores, como \u00e9 de praxe, Kimberly foi al\u00e9m e optou por torn\u00e1-las uma pe\u00e7a chave de seu look, trazendo charme, eleg\u00e2ncia e a irrever\u00eancia t\u00edpica de quem participa anualmente do MET Gala, baile cuja anfitri\u00e3 \u00e9 ningu\u00e9m mais e ningu\u00e9m menos que Anna Wintour, editora-chefe da Vogue.<\/span><\/h5>\n<p><span style=\"color: #808080;\"><a style=\"color: #808080;\" href=\"https:\/\/www.ivanabeaumond.com.br\/vestidos-noiva\/wp-content\/uploads\/2020\/06\/KIM-VESTIDO-IVANA-BEAUMOND-1.jpg\"><img decoding=\"async\" loading=\"lazy\" class=\"aligncenter size-full wp-image-24588\" src=\"https:\/\/www.ivanabeaumond.com.br\/vestidos-noiva\/wp-content\/uploads\/2020\/06\/KIM-VESTIDO-IVANA-BEAUMOND-1.jpg\" alt=\"VESTIDO DE NOIVA\" width=\"600\" height=\"685\" srcset=\"https:\/\/www.ivanabeaumond.com.br\/vestidos-noiva\/wp-content\/uploads\/2020\/06\/KIM-VESTIDO-IVANA-BEAUMOND-1.jpg 600w, https:\/\/www.ivanabeaumond.com.br\/vestidos-noiva\/wp-content\/uploads\/2020\/06\/KIM-VESTIDO-IVANA-BEAUMOND-1-263x300.jpg 263w\" sizes=\"(max-width: 600px) 100vw, 600px\" \/><\/a><\/span><\/p>\n<p>&nbsp;<\/p>\n<h5 style=\"text-align: justify;\"><span style=\"color: #808080;\">Para isso, um vestido branco, simples e discreto \u2013 que em nada lembra um modelo para casamentos &#8211; foi utilizado como base para receber o elemento. E, sobre ele, um grande buqu\u00ea foi adicionado, criando uma esp\u00e9cie de bandeau enquanto suas hastes ficaram sobrepostas ao tecido, de uma maneira p\u00eandula.<\/span><\/h5>\n<p>&nbsp;<\/p>\n<h5 style=\"text-align: justify;\"><span style=\"color: #808080;\">O visual, apesar de incomum, chamou a aten\u00e7\u00e3o dos seguidores na Internet, rendendo mais de dois milh\u00f5es e setecentos mil likes em apenas uma das fotos com o modelito, e tecendo a ideia de que Kardashian se igualava a uma \u201cdeusa florida\u201d.<\/span><\/h5>\n<p>&nbsp;<\/p>\n<h5 style=\"text-align: justify;\"><span style=\"color: #808080;\">Mas e voc\u00ea, o que acha da ideia da socialite? Para as noivinhas que optaram por modelos mais simples e discretos, esta pode ser uma estrat\u00e9gia surpreendente e criativa de atrair os olhares e dispensar o tradicional gesto de carregar o buqu\u00ea pelo caminho at\u00e9 o altar.<\/span><\/h5>\n<p>&nbsp;<\/p>\n<h5 style=\"text-align: justify;\"><span style=\"color: #808080;\">Al\u00e9m disso, essa tamb\u00e9m pode ser uma oportunidade de agregar um pouco de cor \u00e0 pe\u00e7a, trazendo rosas tingidas em diferentes tonalidades que combinem com a personalidade da futura esposa ou \u2013 por que n\u00e3o? \u2013 que sejam as cores favoritas do noivo.<\/span><\/h5>\n<p>&nbsp;<\/p>\n<h5 style=\"text-align: justify;\"><span style=\"color: #808080;\">Ainda assim, para aquelas que n\u00e3o s\u00e3o adeptas da excentricidade e preferem permanecer com um modelo mais habitual, n\u00e3o h\u00e1 motivos para preocupa\u00e7\u00f5es. Na <strong><em>Ivana Beaumond Paris<\/em><\/strong>, voc\u00ea pode encontrar in\u00fameras cole\u00e7\u00f5es que se adaptem \u00e0 imagem que quer passar para seus familiares e amigos no grande dia.<\/span><\/h5>\n<p>&nbsp;<\/p>\n<h5 style=\"text-align: justify;\"><span style=\"color: #808080;\">Dessa maneira, indo dos modelos sereia aos que lembram uma princesa, voc\u00ea pode usufruir de uma infinidade de vestidos e experimentar cada um deles at\u00e9 encontrar o que vai fazer com que se sinta poderosa e confiante para um momento t\u00e3o especial quanto esse.<\/span><\/h5>\n<p>&nbsp;<\/p>\n<h5 style=\"text-align: justify;\"><span style=\"color: #808080;\">Continue navegando pelo site, veja nossa galeria de fotos, agende j\u00e1 uma visita e, claro, compartilhe este texto com uma amiga que tamb\u00e9m est\u00e1 prestes a se casar. Vai que ela decide adotar essa ideia, n\u00e3o \u00e9 mesmo?<\/span><\/h5>\n<p>&nbsp;<\/p>\n<p>&nbsp;<\/p>\n<h1 style=\"text-align: justify;\"><\/h1>\n<h5 style=\"text-align: justify;\"><strong><span style=\"color: #000000;\">Gostou? Siga nosso instagram<\/span>\u00a0<span style=\"color: #0000ff;\"><a style=\"color: #0000ff;\" href=\"https:\/\/www.instagram.com\/ivanabeaumond\/\">@ivanabeaumond<\/a><\/span><span style=\"color: #000000;\"><span style=\"color: #333399;\">\u00a0<\/span>e curta nossa<\/span>\u00a0<span style=\"color: #0000ff;\"><a style=\"color: #0000ff;\" href=\"https:\/\/www.facebook.com\/IvanaBeaumond\/\" target=\"_blank\">fanpage<\/a><\/span><span style=\"color: #999999;\">\u00a0\u00a0<span style=\"color: #000000;\">no Facebook para ficar por dentro de tudo o que rola no mundo das noivas, e conhe\u00e7a nossos Melhores Modelos de Vestidos de Noivas Nacionais, Importados e Sob Medida.<\/span><\/span><\/strong><\/h5>\n<p>&nbsp;<\/p>\n<p>&nbsp;<\/p>\n","protected":false},"excerpt":{"rendered":"<p>UM VESTIDO FEITO DE BUQU\u00caS DE ROSAS? INOVE COMO A&#8230;<\/p>\n","protected":false},"author":4,"featured_media":24651,"comment_status":"closed","ping_status":"closed","sticky":false,"template":"","format":"standard","meta":[],"categories":[60,127],"tags":[1084,1103,1019,616,444,512,559,1135,196,842,1133,1119,962,102,1205,379,138,813],"yoast_head":"<!-- This site is optimized with the Yoast SEO plugin v20.3 - https:\/\/yoast.com\/wordpress\/plugins\/seo\/ -->\n<title>KIM KARDASHIAN - Vestido feito de Buqu\u00eas? - Vestido de Noiva RJ<\/title>\n<meta name=\"robots\" content=\"index, follow, max-snippet:-1, max-image-preview:large, max-video-preview:-1\" \/>\n<link rel=\"canonical\" href=\"https:\/\/www.ivanabeaumond.com.br\/vestidos-noiva\/kim-kardashian-vestido-feito-de-buques\/\" \/>\n<meta property=\"og:locale\" content=\"pt_BR\" \/>\n<meta property=\"og:type\" content=\"article\" \/>\n<meta property=\"og:title\" content=\"KIM KARDASHIAN - Vestido feito de Buqu\u00eas? - Vestido de Noiva RJ\" \/>\n<meta property=\"og:description\" content=\"UM VESTIDO FEITO DE BUQU\u00caS DE ROSAS? INOVE COMO A...\" \/>\n<meta property=\"og:url\" content=\"https:\/\/www.ivanabeaumond.com.br\/vestidos-noiva\/kim-kardashian-vestido-feito-de-buques\/\" \/>\n<meta property=\"og:site_name\" content=\"Vestido de Noiva RJ\" \/>\n<meta property=\"article:publisher\" content=\"https:\/\/www.facebook.com\/ivana.beaumondnoivas\" \/>\n<meta property=\"article:published_time\" content=\"2020-06-03T23:33:13+00:00\" \/>\n<meta property=\"article:modified_time\" content=\"2020-06-03T23:46:32+00:00\" \/>\n<meta property=\"og:image\" content=\"https:\/\/www.ivanabeaumond.com.br\/vestidos-noiva\/wp-content\/uploads\/2020\/06\/KIM-VESTIDO-IVANA-BEAUMOND-01.jpg\" \/>\n\t<meta property=\"og:image:width\" content=\"800\" \/>\n\t<meta property=\"og:image:height\" content=\"533\" \/>\n\t<meta property=\"og:image:type\" content=\"image\/jpeg\" \/>\n<meta name=\"author\" content=\"Ivana Beaumond Paris\" \/>\n<meta name=\"twitter:card\" content=\"summary_large_image\" \/>\n<meta name=\"twitter:label1\" content=\"Escrito por\" \/>\n\t<meta name=\"twitter:data1\" content=\"Ivana Beaumond Paris\" \/>\n\t<meta name=\"twitter:label2\" content=\"Est. tempo de leitura\" \/>\n\t<meta name=\"twitter:data2\" content=\"3 minutos\" \/>\n<script type=\"application\/ld+json\" class=\"yoast-schema-graph\">{\"@context\":\"https:\/\/schema.org\",\"@graph\":[{\"@type\":\"Article\",\"@id\":\"https:\/\/www.ivanabeaumond.com.br\/vestidos-noiva\/kim-kardashian-vestido-feito-de-buques\/#article\",\"isPartOf\":{\"@id\":\"https:\/\/www.ivanabeaumond.com.br\/vestidos-noiva\/kim-kardashian-vestido-feito-de-buques\/\"},\"author\":{\"name\":\"Ivana Beaumond Paris\",\"@id\":\"https:\/\/www.ivanabeaumond.com.br\/vestidos-noiva\/#\/schema\/person\/1a360c4cffa3b806d29a456389dcff26\"},\"headline\":\"KIM KARDASHIAN &#8211; Vestido feito de Buqu\u00eas?\",\"datePublished\":\"2020-06-03T23:33:13+00:00\",\"dateModified\":\"2020-06-03T23:46:32+00:00\",\"mainEntityOfPage\":{\"@id\":\"https:\/\/www.ivanabeaumond.com.br\/vestidos-noiva\/kim-kardashian-vestido-feito-de-buques\/\"},\"wordCount\":606,\"publisher\":{\"@id\":\"https:\/\/www.ivanabeaumond.com.br\/vestidos-noiva\/#organization\"},\"keywords\":[\"alugar vestido de noiva\",\"ateli\u00ea de noiva\",\"atelier de noivas rj\",\"beleza da noiva\",\"blog de casamento\",\"blog de noiva\",\"blog de noivas\",\"blogueira de noiva\",\"Casando\",\"dicas de noiva\",\"dicas para noivas\",\"editorial de noiva\",\"estilistas de noivas\",\"festa de casamento\",\"Kim Kardashian\",\"luxo\",\"vestido de festa\",\"vestidos de noiva rj\"],\"articleSection\":[\"Blog\",\"Dicas e Truques\"],\"inLanguage\":\"pt-BR\"},{\"@type\":\"WebPage\",\"@id\":\"https:\/\/www.ivanabeaumond.com.br\/vestidos-noiva\/kim-kardashian-vestido-feito-de-buques\/\",\"url\":\"https:\/\/www.ivanabeaumond.com.br\/vestidos-noiva\/kim-kardashian-vestido-feito-de-buques\/\",\"name\":\"KIM KARDASHIAN - Vestido feito de Buqu\u00eas? - Vestido de Noiva RJ\",\"isPartOf\":{\"@id\":\"https:\/\/www.ivanabeaumond.com.br\/vestidos-noiva\/#website\"},\"datePublished\":\"2020-06-03T23:33:13+00:00\",\"dateModified\":\"2020-06-03T23:46:32+00:00\",\"breadcrumb\":{\"@id\":\"https:\/\/www.ivanabeaumond.com.br\/vestidos-noiva\/kim-kardashian-vestido-feito-de-buques\/#breadcrumb\"},\"inLanguage\":\"pt-BR\",\"potentialAction\":[{\"@type\":\"ReadAction\",\"target\":[\"https:\/\/www.ivanabeaumond.com.br\/vestidos-noiva\/kim-kardashian-vestido-feito-de-buques\/\"]}]},{\"@type\":\"BreadcrumbList\",\"@id\":\"https:\/\/www.ivanabeaumond.com.br\/vestidos-noiva\/kim-kardashian-vestido-feito-de-buques\/#breadcrumb\",\"itemListElement\":[{\"@type\":\"ListItem\",\"position\":1,\"name\":\"In\u00edcio\",\"item\":\"https:\/\/www.ivanabeaumond.com.br\/vestidos-noiva\/\"},{\"@type\":\"ListItem\",\"position\":2,\"name\":\"KIM KARDASHIAN &#8211; Vestido feito de Buqu\u00eas?\"}]},{\"@type\":\"WebSite\",\"@id\":\"https:\/\/www.ivanabeaumond.com.br\/vestidos-noiva\/#website\",\"url\":\"https:\/\/www.ivanabeaumond.com.br\/vestidos-noiva\/\",\"name\":\"Vestido de Noiva RJ\",\"description\":\"Moda Noiva\",\"publisher\":{\"@id\":\"https:\/\/www.ivanabeaumond.com.br\/vestidos-noiva\/#organization\"},\"potentialAction\":[{\"@type\":\"SearchAction\",\"target\":{\"@type\":\"EntryPoint\",\"urlTemplate\":\"https:\/\/www.ivanabeaumond.com.br\/vestidos-noiva\/?s={search_term_string}\"},\"query-input\":\"required name=search_term_string\"}],\"inLanguage\":\"pt-BR\"},{\"@type\":\"Organization\",\"@id\":\"https:\/\/www.ivanabeaumond.com.br\/vestidos-noiva\/#organization\",\"name\":\"Vestido de Noiva RJ\",\"url\":\"https:\/\/www.ivanabeaumond.com.br\/vestidos-noiva\/\",\"logo\":{\"@type\":\"ImageObject\",\"inLanguage\":\"pt-BR\",\"@id\":\"https:\/\/www.ivanabeaumond.com.br\/vestidos-noiva\/#\/schema\/logo\/image\/\",\"url\":\"https:\/\/www.ivanabeaumond.com.br\/vestidos-noiva\/wp-content\/uploads\/2018\/02\/logo_ivana_beaumond-2.png\",\"contentUrl\":\"https:\/\/www.ivanabeaumond.com.br\/vestidos-noiva\/wp-content\/uploads\/2018\/02\/logo_ivana_beaumond-2.png\",\"width\":230,\"height\":112,\"caption\":\"Vestido de Noiva RJ\"},\"image\":{\"@id\":\"https:\/\/www.ivanabeaumond.com.br\/vestidos-noiva\/#\/schema\/logo\/image\/\"},\"sameAs\":[\"https:\/\/www.facebook.com\/ivana.beaumondnoivas\",\"https:\/\/www.instagram.com\/ivanabeaumond\/\",\"https:\/\/www.tiktok.com\/@ivanabeaumond\"]},{\"@type\":\"Person\",\"@id\":\"https:\/\/www.ivanabeaumond.com.br\/vestidos-noiva\/#\/schema\/person\/1a360c4cffa3b806d29a456389dcff26\",\"name\":\"Ivana Beaumond Paris\",\"image\":{\"@type\":\"ImageObject\",\"inLanguage\":\"pt-BR\",\"@id\":\"https:\/\/www.ivanabeaumond.com.br\/vestidos-noiva\/#\/schema\/person\/image\/\",\"url\":\"https:\/\/secure.gravatar.com\/avatar\/641f98db20b53ec937ceb641db4270b9?s=96&d=mm&r=g\",\"contentUrl\":\"https:\/\/secure.gravatar.com\/avatar\/641f98db20b53ec937ceb641db4270b9?s=96&d=mm&r=g\",\"caption\":\"Ivana Beaumond Paris\"},\"url\":\"https:\/\/www.ivanabeaumond.com.br\/vestidos-noiva\/author\/ivana\/\"}]}<\/script>\n<!-- \/ Yoast SEO plugin. -->","yoast_head_json":{"title":"KIM KARDASHIAN - Vestido feito de Buqu\u00eas? - Vestido de Noiva RJ","robots":{"index":"index","follow":"follow","max-snippet":"max-snippet:-1","max-image-preview":"max-image-preview:large","max-video-preview":"max-video-preview:-1"},"canonical":"https:\/\/www.ivanabeaumond.com.br\/vestidos-noiva\/kim-kardashian-vestido-feito-de-buques\/","og_locale":"pt_BR","og_type":"article","og_title":"KIM KARDASHIAN - Vestido feito de Buqu\u00eas? - Vestido de Noiva RJ","og_description":"UM VESTIDO FEITO DE BUQU\u00caS DE ROSAS? INOVE COMO A...","og_url":"https:\/\/www.ivanabeaumond.com.br\/vestidos-noiva\/kim-kardashian-vestido-feito-de-buques\/","og_site_name":"Vestido de Noiva RJ","article_publisher":"https:\/\/www.facebook.com\/ivana.beaumondnoivas","article_published_time":"2020-06-03T23:33:13+00:00","article_modified_time":"2020-06-03T23:46:32+00:00","og_image":[{"width":800,"height":533,"url":"https:\/\/www.ivanabeaumond.com.br\/vestidos-noiva\/wp-content\/uploads\/2020\/06\/KIM-VESTIDO-IVANA-BEAUMOND-01.jpg","type":"image\/jpeg"}],"author":"Ivana Beaumond Paris","twitter_card":"summary_large_image","twitter_misc":{"Escrito por":"Ivana Beaumond Paris","Est. tempo de leitura":"3 minutos"},"schema":{"@context":"https:\/\/schema.org","@graph":[{"@type":"Article","@id":"https:\/\/www.ivanabeaumond.com.br\/vestidos-noiva\/kim-kardashian-vestido-feito-de-buques\/#article","isPartOf":{"@id":"https:\/\/www.ivanabeaumond.com.br\/vestidos-noiva\/kim-kardashian-vestido-feito-de-buques\/"},"author":{"name":"Ivana Beaumond Paris","@id":"https:\/\/www.ivanabeaumond.com.br\/vestidos-noiva\/#\/schema\/person\/1a360c4cffa3b806d29a456389dcff26"},"headline":"KIM KARDASHIAN &#8211; Vestido feito de Buqu\u00eas?","datePublished":"2020-06-03T23:33:13+00:00","dateModified":"2020-06-03T23:46:32+00:00","mainEntityOfPage":{"@id":"https:\/\/www.ivanabeaumond.com.br\/vestidos-noiva\/kim-kardashian-vestido-feito-de-buques\/"},"wordCount":606,"publisher":{"@id":"https:\/\/www.ivanabeaumond.com.br\/vestidos-noiva\/#organization"},"keywords":["alugar vestido de noiva","ateli\u00ea de noiva","atelier de noivas rj","beleza da noiva","blog de casamento","blog de noiva","blog de noivas","blogueira de noiva","Casando","dicas de noiva","dicas para noivas","editorial de noiva","estilistas de noivas","festa de casamento","Kim Kardashian","luxo","vestido de festa","vestidos de noiva rj"],"articleSection":["Blog","Dicas e Truques"],"inLanguage":"pt-BR"},{"@type":"WebPage","@id":"https:\/\/www.ivanabeaumond.com.br\/vestidos-noiva\/kim-kardashian-vestido-feito-de-buques\/","url":"https:\/\/www.ivanabeaumond.com.br\/vestidos-noiva\/kim-kardashian-vestido-feito-de-buques\/","name":"KIM KARDASHIAN - Vestido feito de Buqu\u00eas? - Vestido de Noiva RJ","isPartOf":{"@id":"https:\/\/www.ivanabeaumond.com.br\/vestidos-noiva\/#website"},"datePublished":"2020-06-03T23:33:13+00:00","dateModified":"2020-06-03T23:46:32+00:00","breadcrumb":{"@id":"https:\/\/www.ivanabeaumond.com.br\/vestidos-noiva\/kim-kardashian-vestido-feito-de-buques\/#breadcrumb"},"inLanguage":"pt-BR","potentialAction":[{"@type":"ReadAction","target":["https:\/\/www.ivanabeaumond.com.br\/vestidos-noiva\/kim-kardashian-vestido-feito-de-buques\/"]}]},{"@type":"BreadcrumbList","@id":"https:\/\/www.ivanabeaumond.com.br\/vestidos-noiva\/kim-kardashian-vestido-feito-de-buques\/#breadcrumb","itemListElement":[{"@type":"ListItem","position":1,"name":"In\u00edcio","item":"https:\/\/www.ivanabeaumond.com.br\/vestidos-noiva\/"},{"@type":"ListItem","position":2,"name":"KIM KARDASHIAN &#8211; Vestido feito de Buqu\u00eas?"}]},{"@type":"WebSite","@id":"https:\/\/www.ivanabeaumond.com.br\/vestidos-noiva\/#website","url":"https:\/\/www.ivanabeaumond.com.br\/vestidos-noiva\/","name":"Vestido de Noiva RJ","description":"Moda Noiva","publisher":{"@id":"https:\/\/www.ivanabeaumond.com.br\/vestidos-noiva\/#organization"},"potentialAction":[{"@type":"SearchAction","target":{"@type":"EntryPoint","urlTemplate":"https:\/\/www.ivanabeaumond.com.br\/vestidos-noiva\/?s={search_term_string}"},"query-input":"required name=search_term_string"}],"inLanguage":"pt-BR"},{"@type":"Organization","@id":"https:\/\/www.ivanabeaumond.com.br\/vestidos-noiva\/#organization","name":"Vestido de Noiva RJ","url":"https:\/\/www.ivanabeaumond.com.br\/vestidos-noiva\/","logo":{"@type":"ImageObject","inLanguage":"pt-BR","@id":"https:\/\/www.ivanabeaumond.com.br\/vestidos-noiva\/#\/schema\/logo\/image\/","url":"https:\/\/www.ivanabeaumond.com.br\/vestidos-noiva\/wp-content\/uploads\/2018\/02\/logo_ivana_beaumond-2.png","contentUrl":"https:\/\/www.ivanabeaumond.com.br\/vestidos-noiva\/wp-content\/uploads\/2018\/02\/logo_ivana_beaumond-2.png","width":230,"height":112,"caption":"Vestido de Noiva RJ"},"image":{"@id":"https:\/\/www.ivanabeaumond.com.br\/vestidos-noiva\/#\/schema\/logo\/image\/"},"sameAs":["https:\/\/www.facebook.com\/ivana.beaumondnoivas","https:\/\/www.instagram.com\/ivanabeaumond\/","https:\/\/www.tiktok.com\/@ivanabeaumond"]},{"@type":"Person","@id":"https:\/\/www.ivanabeaumond.com.br\/vestidos-noiva\/#\/schema\/person\/1a360c4cffa3b806d29a456389dcff26","name":"Ivana Beaumond Paris","image":{"@type":"ImageObject","inLanguage":"pt-BR","@id":"https:\/\/www.ivanabeaumond.com.br\/vestidos-noiva\/#\/schema\/person\/image\/","url":"https:\/\/secure.gravatar.com\/avatar\/641f98db20b53ec937ceb641db4270b9?s=96&d=mm&r=g","contentUrl":"https:\/\/secure.gravatar.com\/avatar\/641f98db20b53ec937ceb641db4270b9?s=96&d=mm&r=g","caption":"Ivana Beaumond Paris"},"url":"https:\/\/www.ivanabeaumond.com.br\/vestidos-noiva\/author\/ivana\/"}]}},"_links":{"self":[{"href":"https:\/\/www.ivanabeaumond.com.br\/vestidos-noiva\/wp-json\/wp\/v2\/posts\/24583"}],"collection":[{"href":"https:\/\/www.ivanabeaumond.com.br\/vestidos-noiva\/wp-json\/wp\/v2\/posts"}],"about":[{"href":"https:\/\/www.ivanabeaumond.com.br\/vestidos-noiva\/wp-json\/wp\/v2\/types\/post"}],"author":[{"embeddable":true,"href":"https:\/\/www.ivanabeaumond.com.br\/vestidos-noiva\/wp-json\/wp\/v2\/users\/4"}],"replies":[{"embeddable":true,"href":"https:\/\/www.ivanabeaumond.com.br\/vestidos-noiva\/wp-json\/wp\/v2\/comments?post=24583"}],"version-history":[{"count":19,"href":"https:\/\/www.ivanabeaumond.com.br\/vestidos-noiva\/wp-json\/wp\/v2\/posts\/24583\/revisions"}],"predecessor-version":[{"id":24653,"href":"https:\/\/www.ivanabeaumond.com.br\/vestidos-noiva\/wp-json\/wp\/v2\/posts\/24583\/revisions\/24653"}],"wp:featuredmedia":[{"embeddable":true,"href":"https:\/\/www.ivanabeaumond.com.br\/vestidos-noiva\/wp-json\/wp\/v2\/media\/24651"}],"wp:attachment":[{"href":"https:\/\/www.ivanabeaumond.com.br\/vestidos-noiva\/wp-json\/wp\/v2\/media?parent=24583"}],"wp:term":[{"taxonomy":"category","embeddable":true,"href":"https:\/\/www.ivanabeaumond.com.br\/vestidos-noiva\/wp-json\/wp\/v2\/categories?post=24583"},{"taxonomy":"post_tag","embeddable":true,"href":"https:\/\/www.ivanabeaumond.com.br\/vestidos-noiva\/wp-json\/wp\/v2\/tags?post=24583"}],"curies":[{"name":"wp","href":"https:\/\/api.w.org\/{rel}","templated":true}]}}