{"id":24693,"date":"2020-06-11T12:56:32","date_gmt":"2020-06-11T15:56:32","guid":{"rendered":"https:\/\/www.ivanabeaumond.com.br\/vestidos-noiva\/?p=24693"},"modified":"2020-07-06T23:24:34","modified_gmt":"2020-07-07T02:24:34","slug":"looks-by-ivana-beaumond-paris-em-clipe-de-projota-ombrim","status":"publish","type":"post","link":"https:\/\/www.ivanabeaumond.com.br\/vestidos-noiva\/looks-by-ivana-beaumond-paris-em-clipe-de-projota-ombrim\/","title":{"rendered":"Looks by Ivana Beaumond em clipe do Rapper Projota."},"content":{"rendered":"<h4 style=\"text-align: justify;\"><em><strong>TRAJES IVANA BEAUMOND MARCAM PRESEN\u00c7A EM CLIPE DE PROJOTA<\/strong><\/em><\/h4>\n<h5 style=\"text-align: justify;\"><span style=\"color: #808080;\">Um clipe com ares dos anos cinquenta, mas que exalta a modernidade e a excentricidade de um ritmo dan\u00e7ante. \u201cOmbrim\u201d, do <strong><em>Rapper Projota<\/em><\/strong>, foi lan\u00e7ado no dia 22 de maio e se transformou na segunda m\u00fasica de trabalho do novo \u00e1lbum \u201c<strong><em>Tempestade Numa Gota D\u2019\u00c1gua<\/em><\/strong>\u201d.<\/span><\/h5>\n<p><a href=\"https:\/\/www.ivanabeaumond.com.br\/vestidos-noiva\/wp-content\/uploads\/2020\/06\/CLIPE-PROJOTA-TRAJES-IVANA-BEAUMOND-5.jpg\"><img decoding=\"async\" loading=\"lazy\" class=\"aligncenter size-full wp-image-24699\" src=\"https:\/\/www.ivanabeaumond.com.br\/vestidos-noiva\/wp-content\/uploads\/2020\/06\/CLIPE-PROJOTA-TRAJES-IVANA-BEAUMOND-5.jpg\" alt=\"IVANA BEAUMOND LOOK CLIPE PROJOTA\" width=\"800\" height=\"567\" srcset=\"https:\/\/www.ivanabeaumond.com.br\/vestidos-noiva\/wp-content\/uploads\/2020\/06\/CLIPE-PROJOTA-TRAJES-IVANA-BEAUMOND-5.jpg 800w, https:\/\/www.ivanabeaumond.com.br\/vestidos-noiva\/wp-content\/uploads\/2020\/06\/CLIPE-PROJOTA-TRAJES-IVANA-BEAUMOND-5-300x213.jpg 300w\" sizes=\"(max-width: 800px) 100vw, 800px\" \/><\/a><\/p>\n<h5 style=\"text-align: justify;\"><span style=\"color: #808080;\">Apesar de, inicialmente, \u201cOmbrim\u201d ser a primeira aposta do cantor, os tempos dif\u00edceis enfrentados atualmente fizeram com que \u201cSalmo 23\u201d ocupasse a posi\u00e7\u00e3o. No entanto, isso n\u00e3o aplacou o brilho de um trabalho que conta com a participa\u00e7\u00e3o especial de ningu\u00e9m mais e ningu\u00e9m menos que o casal <em><strong>L\u00e1zaro Ramos e Ta\u00eds Ara\u00fajo<\/strong><\/em>.<\/span><\/h5>\n<p><a href=\"https:\/\/www.ivanabeaumond.com.br\/vestidos-noiva\/wp-content\/uploads\/2020\/06\/CLIPE-PROJOTA-TRAJES-IVANA-BEAUMOND-6-A.jpg\"><img decoding=\"async\" loading=\"lazy\" class=\"aligncenter size-full wp-image-24702\" src=\"https:\/\/www.ivanabeaumond.com.br\/vestidos-noiva\/wp-content\/uploads\/2020\/06\/CLIPE-PROJOTA-TRAJES-IVANA-BEAUMOND-6-A.jpg\" alt=\"TRAJES IVANA BEAUMOND CLIPE PROJOTA\" width=\"800\" height=\"415\" srcset=\"https:\/\/www.ivanabeaumond.com.br\/vestidos-noiva\/wp-content\/uploads\/2020\/06\/CLIPE-PROJOTA-TRAJES-IVANA-BEAUMOND-6-A.jpg 800w, https:\/\/www.ivanabeaumond.com.br\/vestidos-noiva\/wp-content\/uploads\/2020\/06\/CLIPE-PROJOTA-TRAJES-IVANA-BEAUMOND-6-A-300x156.jpg 300w\" sizes=\"(max-width: 800px) 100vw, 800px\" \/><\/a><\/p>\n<h5 style=\"text-align: justify;\"><span style=\"color: #808080;\">Com alus\u00e3o aos clubes de jazz antigos, o videoclipe foi gravado no Rio de Janeiro, antes da pandemia. E para tornar tudo ainda mais especial, o Ator \u2013 que j\u00e1 foi nomeado embaixador da UNICEF, em 2009 \u2013 decidiu se arriscar como diretor, em uma faceta pouco conhecida pelo p\u00fablico, at\u00e9 ent\u00e3o.<\/span><\/h5>\n<p>&nbsp;<\/p>\n<h5 style=\"text-align: justify;\"><span style=\"color: #808080;\">Em sua conta no Twitter, L\u00e1zaro chegou a comentar que <em>\u201co clipe \u00e9 um desafio na minha carreira, pois \u00e9 a primeira vez que atuo e dirijo simultaneamente\u201d<\/em> e ainda compartilhou com os f\u00e3s algumas curiosidades que apenas quem fica nos bastidores t\u00eam acesso.<\/span><\/h5>\n<p>&nbsp;<\/p>\n<h5 style=\"text-align: justify;\"><span style=\"color: #808080;\">Segundo o ator e diretor, o videoclipe de \u201cOmbrim\u201d foi filmado em um plano sequ\u00eancia (modalidade em que n\u00e3o h\u00e1 cortes) de tr\u00eas minutos. Por isso, qualquer erro de um dos membros da equipe fazia com que todos tivessem que voltar desde o in\u00edcio e gravar novamente &#8211; o que fez com que o take final demorasse cerca de oito horas para ser conclu\u00eddo. Haja esfor\u00e7o!<\/span><\/h5>\n<p><a href=\"https:\/\/www.ivanabeaumond.com.br\/vestidos-noiva\/wp-content\/uploads\/2020\/06\/CLIPE-PROJOTA-TRAJES-IVANA-BEAUMOND-8-A.jpg\"><img decoding=\"async\" loading=\"lazy\" class=\"aligncenter size-full wp-image-24706\" src=\"https:\/\/www.ivanabeaumond.com.br\/vestidos-noiva\/wp-content\/uploads\/2020\/06\/CLIPE-PROJOTA-TRAJES-IVANA-BEAUMOND-8-A.jpg\" alt=\"CLIPE PROJOTA LOOK IVANA BEUAMOND\" width=\"800\" height=\"533\" srcset=\"https:\/\/www.ivanabeaumond.com.br\/vestidos-noiva\/wp-content\/uploads\/2020\/06\/CLIPE-PROJOTA-TRAJES-IVANA-BEAUMOND-8-A.jpg 800w, https:\/\/www.ivanabeaumond.com.br\/vestidos-noiva\/wp-content\/uploads\/2020\/06\/CLIPE-PROJOTA-TRAJES-IVANA-BEAUMOND-8-A-300x200.jpg 300w, https:\/\/www.ivanabeaumond.com.br\/vestidos-noiva\/wp-content\/uploads\/2020\/06\/CLIPE-PROJOTA-TRAJES-IVANA-BEAUMOND-8-A-480x320.jpg 480w\" sizes=\"(max-width: 800px) 100vw, 800px\" \/><\/a><a href=\"https:\/\/www.ivanabeaumond.com.br\/vestidos-noiva\/wp-content\/uploads\/2020\/06\/CLIPE-PROJOTA-TRAJES-IVANA-BEAUMOND-4-A.jpg\"><br \/>\n<\/a><\/p>\n<h5 style=\"text-align: justify;\"><span style=\"color: #808080;\">Ainda assim, o trabalho foi reconhecido. No YouTube, principal plataforma de incorpora\u00e7\u00e3o de v\u00eddeos por famosos e influenciadores, a obra j\u00e1 havia recebido mais de dois milh\u00f5es de visualiza\u00e7\u00f5es at\u00e9 o dia 08 de junho, quando esta mat\u00e9ria foi finalizada.<\/span><\/h5>\n<p>&nbsp;<\/p>\n<h5 style=\"text-align: justify;\"><span style=\"color: #808080;\">Ademais, para o cantor, o videoclipe foi s\u00f3 elogios. Tamb\u00e9m em sua conta no Twitter, Projota n\u00e3o poupou palavras para enaltecer os envolvidos no projeto. <em>\u201cPassando para agradecer meu irm\u00e3o L\u00e1zaro Ramos, Ta\u00eds Ara\u00fajo, Ramana Borba, Mc Caverinha e todo mundo que colaborou com esse trabalho. Sonho realizado! N\u00e3o tenho palavras para descrever minha alegria\u201d<\/em>, publicou.<\/span><\/h5>\n<p><a href=\"https:\/\/www.ivanabeaumond.com.br\/vestidos-noiva\/wp-content\/uploads\/2020\/06\/CLIPE-PROJOTA-TRAJES-IVANA-BEAUMOND-7-A.jpg\"><img decoding=\"async\" loading=\"lazy\" class=\"aligncenter size-full wp-image-24708\" src=\"https:\/\/www.ivanabeaumond.com.br\/vestidos-noiva\/wp-content\/uploads\/2020\/06\/CLIPE-PROJOTA-TRAJES-IVANA-BEAUMOND-7-A.jpg\" alt=\"LOOK BY IVANA BEAUMOND CLIPE PROJOTA\" width=\"800\" height=\"447\" srcset=\"https:\/\/www.ivanabeaumond.com.br\/vestidos-noiva\/wp-content\/uploads\/2020\/06\/CLIPE-PROJOTA-TRAJES-IVANA-BEAUMOND-7-A.jpg 800w, https:\/\/www.ivanabeaumond.com.br\/vestidos-noiva\/wp-content\/uploads\/2020\/06\/CLIPE-PROJOTA-TRAJES-IVANA-BEAUMOND-7-A-300x168.jpg 300w\" sizes=\"(max-width: 800px) 100vw, 800px\" \/><\/a><\/p>\n<h5 style=\"text-align: justify;\"><span style=\"color: #808080;\">E dentre os colaboradores, \u00e9 claro, a equipe <strong><em>Ivana Beaumond Paris<\/em><\/strong> tamb\u00e9m est\u00e1 inclu\u00edda. Isso porque nossas pe\u00e7as foram as respons\u00e1veis por vestir Ta\u00eds Ara\u00fajo, L\u00e1zaro Ramos e a grande maioria do elenco do clipe, acrescentando estilo e ajudando a tornar a ambienta\u00e7\u00e3o ainda mais congruente \u00e0 atmosfera antiga idealizada para o clipe.<\/span><\/h5>\n<p>&nbsp;<\/p>\n<h5 style=\"text-align: justify;\"><span style=\"color: #808080;\">Gostou de saber que o seu ateli\u00ea favorito tamb\u00e9m marca presen\u00e7a no cen\u00e1rio musical nacional e n\u00e3o apenas no seu casamento? Ent\u00e3o n\u00e3o deixe de assistir \u201d\u00a0<span style=\"color: #0000ff;\"><a style=\"color: #0000ff;\" href=\"https:\/\/www.youtube.com\/watch?v=wfgnfEXXXuY\">https:\/\/www.youtube.com\/watch?v=wfgnfEXXXuY<\/a>\u00a0<\/span>\u201dOmbrim\u201d no Youtube.<\/span><\/h5>\n<p>&nbsp;<\/p>\n<p>&nbsp;<\/p>\n<h5 style=\"text-align: justify;\"><\/h5>\n<h5 style=\"text-align: justify;\"><span style=\"color: #000000;\">Gostou? Siga nosso instagram<\/span>\u00a0<span style=\"color: #0000ff;\"><a style=\"color: #0000ff;\" href=\"https:\/\/www.instagram.com\/ivanabeaumond\/\">@ivanabeaumond<\/a><\/span><span style=\"color: #000000;\"><span style=\"color: #333399;\">\u00a0<\/span>e curta nossa<\/span>\u00a0<span style=\"color: #0000ff;\"><a style=\"color: #0000ff;\" href=\"https:\/\/www.facebook.com\/IvanaBeaumond\/\" target=\"_blank\" rel=\"noopener noreferrer\">fanpage<\/a><\/span><span style=\"color: #999999;\">\u00a0\u00a0<span style=\"color: #000000;\">no Facebook para ficar por dentro de tudo o que rola no mundo das noivas, e conhe\u00e7a nossos Melhores Modelos de Vestidos de Noivas Nacionais, Importados e Sob Medida.<\/span><\/span><\/h5>\n","protected":false},"excerpt":{"rendered":"<p>TRAJES IVANA BEAUMOND MARCAM PRESEN\u00c7A EM CLIPE DE PROJOTA Um&#8230;<\/p>\n","protected":false},"author":4,"featured_media":24713,"comment_status":"closed","ping_status":"closed","sticky":false,"template":"","format":"standard","meta":[],"categories":[60,1227,128],"tags":[1094,131,1121,485,170,1209,434,615,747,1060,132,841,107,1213,902,1216,1210,1212,1211,1214,109,222],"yoast_head":"<!-- This site is optimized with the Yoast SEO plugin v20.3 - https:\/\/yoast.com\/wordpress\/plugins\/seo\/ -->\n<title>Looks by Ivana Beaumond em clipe do Rapper Projota. - Vestido de Noiva RJ<\/title>\n<meta name=\"robots\" content=\"index, follow, max-snippet:-1, max-image-preview:large, max-video-preview:-1\" \/>\n<link rel=\"canonical\" href=\"https:\/\/www.ivanabeaumond.com.br\/vestidos-noiva\/looks-by-ivana-beaumond-paris-em-clipe-de-projota-ombrim\/\" \/>\n<meta property=\"og:locale\" content=\"pt_BR\" \/>\n<meta property=\"og:type\" content=\"article\" \/>\n<meta property=\"og:title\" content=\"Looks by Ivana Beaumond em clipe do Rapper Projota. - Vestido de Noiva RJ\" \/>\n<meta property=\"og:description\" content=\"TRAJES IVANA BEAUMOND MARCAM PRESEN\u00c7A EM CLIPE DE PROJOTA Um...\" \/>\n<meta property=\"og:url\" content=\"https:\/\/www.ivanabeaumond.com.br\/vestidos-noiva\/looks-by-ivana-beaumond-paris-em-clipe-de-projota-ombrim\/\" \/>\n<meta property=\"og:site_name\" content=\"Vestido de Noiva RJ\" \/>\n<meta property=\"article:publisher\" content=\"https:\/\/www.facebook.com\/ivana.beaumondnoivas\" \/>\n<meta property=\"article:published_time\" content=\"2020-06-11T15:56:32+00:00\" \/>\n<meta property=\"article:modified_time\" content=\"2020-07-07T02:24:34+00:00\" \/>\n<meta property=\"og:image\" content=\"https:\/\/www.ivanabeaumond.com.br\/vestidos-noiva\/wp-content\/uploads\/2020\/06\/CLIPE-PROJOTA-TRAJES-IVANA-BEAUMOND-2-A.jpg\" \/>\n\t<meta property=\"og:image:width\" content=\"800\" \/>\n\t<meta property=\"og:image:height\" content=\"533\" \/>\n\t<meta property=\"og:image:type\" content=\"image\/jpeg\" \/>\n<meta name=\"author\" content=\"Ivana Beaumond Paris\" \/>\n<meta name=\"twitter:card\" content=\"summary_large_image\" \/>\n<meta name=\"twitter:label1\" content=\"Escrito por\" \/>\n\t<meta name=\"twitter:data1\" content=\"Ivana Beaumond Paris\" \/>\n\t<meta name=\"twitter:label2\" content=\"Est. tempo de leitura\" \/>\n\t<meta name=\"twitter:data2\" content=\"3 minutos\" \/>\n<script type=\"application\/ld+json\" class=\"yoast-schema-graph\">{\"@context\":\"https:\/\/schema.org\",\"@graph\":[{\"@type\":\"Article\",\"@id\":\"https:\/\/www.ivanabeaumond.com.br\/vestidos-noiva\/looks-by-ivana-beaumond-paris-em-clipe-de-projota-ombrim\/#article\",\"isPartOf\":{\"@id\":\"https:\/\/www.ivanabeaumond.com.br\/vestidos-noiva\/looks-by-ivana-beaumond-paris-em-clipe-de-projota-ombrim\/\"},\"author\":{\"name\":\"Ivana Beaumond Paris\",\"@id\":\"https:\/\/www.ivanabeaumond.com.br\/vestidos-noiva\/#\/schema\/person\/1a360c4cffa3b806d29a456389dcff26\"},\"headline\":\"Looks by Ivana Beaumond em clipe do Rapper Projota.\",\"datePublished\":\"2020-06-11T15:56:32+00:00\",\"dateModified\":\"2020-07-07T02:24:34+00:00\",\"mainEntityOfPage\":{\"@id\":\"https:\/\/www.ivanabeaumond.com.br\/vestidos-noiva\/looks-by-ivana-beaumond-paris-em-clipe-de-projota-ombrim\/\"},\"wordCount\":550,\"publisher\":{\"@id\":\"https:\/\/www.ivanabeaumond.com.br\/vestidos-noiva\/#organization\"},\"keywords\":[\"alugar vestido rj\",\"aluguel de roupas\",\"ateli\u00ea de noivas\",\"ator\",\"atriz\",\"clipe\",\"dicas\",\"dicas de beleza\",\"dicas de debutante\",\"dicas de looks\",\"dicas ivana\",\"dicas para noivos\",\"ivanabeaumond\",\"lazaro ramos\",\"loja de roupas\",\"looks\",\"musica\",\"ombrim\",\"projota\",\"tais araujo\",\"trajesmasculinos\",\"vestidosdefesta\"],\"articleSection\":[\"Blog\",\"Home\",\"Na M\u00eddia\"],\"inLanguage\":\"pt-BR\"},{\"@type\":\"WebPage\",\"@id\":\"https:\/\/www.ivanabeaumond.com.br\/vestidos-noiva\/looks-by-ivana-beaumond-paris-em-clipe-de-projota-ombrim\/\",\"url\":\"https:\/\/www.ivanabeaumond.com.br\/vestidos-noiva\/looks-by-ivana-beaumond-paris-em-clipe-de-projota-ombrim\/\",\"name\":\"Looks by Ivana Beaumond em clipe do Rapper Projota. - Vestido de Noiva RJ\",\"isPartOf\":{\"@id\":\"https:\/\/www.ivanabeaumond.com.br\/vestidos-noiva\/#website\"},\"datePublished\":\"2020-06-11T15:56:32+00:00\",\"dateModified\":\"2020-07-07T02:24:34+00:00\",\"breadcrumb\":{\"@id\":\"https:\/\/www.ivanabeaumond.com.br\/vestidos-noiva\/looks-by-ivana-beaumond-paris-em-clipe-de-projota-ombrim\/#breadcrumb\"},\"inLanguage\":\"pt-BR\",\"potentialAction\":[{\"@type\":\"ReadAction\",\"target\":[\"https:\/\/www.ivanabeaumond.com.br\/vestidos-noiva\/looks-by-ivana-beaumond-paris-em-clipe-de-projota-ombrim\/\"]}]},{\"@type\":\"BreadcrumbList\",\"@id\":\"https:\/\/www.ivanabeaumond.com.br\/vestidos-noiva\/looks-by-ivana-beaumond-paris-em-clipe-de-projota-ombrim\/#breadcrumb\",\"itemListElement\":[{\"@type\":\"ListItem\",\"position\":1,\"name\":\"In\u00edcio\",\"item\":\"https:\/\/www.ivanabeaumond.com.br\/vestidos-noiva\/\"},{\"@type\":\"ListItem\",\"position\":2,\"name\":\"Looks by Ivana Beaumond em clipe do Rapper Projota.\"}]},{\"@type\":\"WebSite\",\"@id\":\"https:\/\/www.ivanabeaumond.com.br\/vestidos-noiva\/#website\",\"url\":\"https:\/\/www.ivanabeaumond.com.br\/vestidos-noiva\/\",\"name\":\"Vestido de Noiva RJ\",\"description\":\"Moda Noiva\",\"publisher\":{\"@id\":\"https:\/\/www.ivanabeaumond.com.br\/vestidos-noiva\/#organization\"},\"potentialAction\":[{\"@type\":\"SearchAction\",\"target\":{\"@type\":\"EntryPoint\",\"urlTemplate\":\"https:\/\/www.ivanabeaumond.com.br\/vestidos-noiva\/?s={search_term_string}\"},\"query-input\":\"required name=search_term_string\"}],\"inLanguage\":\"pt-BR\"},{\"@type\":\"Organization\",\"@id\":\"https:\/\/www.ivanabeaumond.com.br\/vestidos-noiva\/#organization\",\"name\":\"Vestido de Noiva RJ\",\"url\":\"https:\/\/www.ivanabeaumond.com.br\/vestidos-noiva\/\",\"logo\":{\"@type\":\"ImageObject\",\"inLanguage\":\"pt-BR\",\"@id\":\"https:\/\/www.ivanabeaumond.com.br\/vestidos-noiva\/#\/schema\/logo\/image\/\",\"url\":\"https:\/\/www.ivanabeaumond.com.br\/vestidos-noiva\/wp-content\/uploads\/2018\/02\/logo_ivana_beaumond-2.png\",\"contentUrl\":\"https:\/\/www.ivanabeaumond.com.br\/vestidos-noiva\/wp-content\/uploads\/2018\/02\/logo_ivana_beaumond-2.png\",\"width\":230,\"height\":112,\"caption\":\"Vestido de Noiva RJ\"},\"image\":{\"@id\":\"https:\/\/www.ivanabeaumond.com.br\/vestidos-noiva\/#\/schema\/logo\/image\/\"},\"sameAs\":[\"https:\/\/www.facebook.com\/ivana.beaumondnoivas\",\"https:\/\/www.instagram.com\/ivanabeaumond\/\",\"https:\/\/www.tiktok.com\/@ivanabeaumond\"]},{\"@type\":\"Person\",\"@id\":\"https:\/\/www.ivanabeaumond.com.br\/vestidos-noiva\/#\/schema\/person\/1a360c4cffa3b806d29a456389dcff26\",\"name\":\"Ivana Beaumond Paris\",\"image\":{\"@type\":\"ImageObject\",\"inLanguage\":\"pt-BR\",\"@id\":\"https:\/\/www.ivanabeaumond.com.br\/vestidos-noiva\/#\/schema\/person\/image\/\",\"url\":\"https:\/\/secure.gravatar.com\/avatar\/641f98db20b53ec937ceb641db4270b9?s=96&d=mm&r=g\",\"contentUrl\":\"https:\/\/secure.gravatar.com\/avatar\/641f98db20b53ec937ceb641db4270b9?s=96&d=mm&r=g\",\"caption\":\"Ivana Beaumond Paris\"},\"url\":\"https:\/\/www.ivanabeaumond.com.br\/vestidos-noiva\/author\/ivana\/\"}]}<\/script>\n<!-- \/ Yoast SEO plugin. -->","yoast_head_json":{"title":"Looks by Ivana Beaumond em clipe do Rapper Projota. - Vestido de Noiva RJ","robots":{"index":"index","follow":"follow","max-snippet":"max-snippet:-1","max-image-preview":"max-image-preview:large","max-video-preview":"max-video-preview:-1"},"canonical":"https:\/\/www.ivanabeaumond.com.br\/vestidos-noiva\/looks-by-ivana-beaumond-paris-em-clipe-de-projota-ombrim\/","og_locale":"pt_BR","og_type":"article","og_title":"Looks by Ivana Beaumond em clipe do Rapper Projota. - Vestido de Noiva RJ","og_description":"TRAJES IVANA BEAUMOND MARCAM PRESEN\u00c7A EM CLIPE DE PROJOTA Um...","og_url":"https:\/\/www.ivanabeaumond.com.br\/vestidos-noiva\/looks-by-ivana-beaumond-paris-em-clipe-de-projota-ombrim\/","og_site_name":"Vestido de Noiva RJ","article_publisher":"https:\/\/www.facebook.com\/ivana.beaumondnoivas","article_published_time":"2020-06-11T15:56:32+00:00","article_modified_time":"2020-07-07T02:24:34+00:00","og_image":[{"width":800,"height":533,"url":"https:\/\/www.ivanabeaumond.com.br\/vestidos-noiva\/wp-content\/uploads\/2020\/06\/CLIPE-PROJOTA-TRAJES-IVANA-BEAUMOND-2-A.jpg","type":"image\/jpeg"}],"author":"Ivana Beaumond Paris","twitter_card":"summary_large_image","twitter_misc":{"Escrito por":"Ivana Beaumond Paris","Est. tempo de leitura":"3 minutos"},"schema":{"@context":"https:\/\/schema.org","@graph":[{"@type":"Article","@id":"https:\/\/www.ivanabeaumond.com.br\/vestidos-noiva\/looks-by-ivana-beaumond-paris-em-clipe-de-projota-ombrim\/#article","isPartOf":{"@id":"https:\/\/www.ivanabeaumond.com.br\/vestidos-noiva\/looks-by-ivana-beaumond-paris-em-clipe-de-projota-ombrim\/"},"author":{"name":"Ivana Beaumond Paris","@id":"https:\/\/www.ivanabeaumond.com.br\/vestidos-noiva\/#\/schema\/person\/1a360c4cffa3b806d29a456389dcff26"},"headline":"Looks by Ivana Beaumond em clipe do Rapper Projota.","datePublished":"2020-06-11T15:56:32+00:00","dateModified":"2020-07-07T02:24:34+00:00","mainEntityOfPage":{"@id":"https:\/\/www.ivanabeaumond.com.br\/vestidos-noiva\/looks-by-ivana-beaumond-paris-em-clipe-de-projota-ombrim\/"},"wordCount":550,"publisher":{"@id":"https:\/\/www.ivanabeaumond.com.br\/vestidos-noiva\/#organization"},"keywords":["alugar vestido rj","aluguel de roupas","ateli\u00ea de noivas","ator","atriz","clipe","dicas","dicas de beleza","dicas de debutante","dicas de looks","dicas ivana","dicas para noivos","ivanabeaumond","lazaro ramos","loja de roupas","looks","musica","ombrim","projota","tais araujo","trajesmasculinos","vestidosdefesta"],"articleSection":["Blog","Home","Na M\u00eddia"],"inLanguage":"pt-BR"},{"@type":"WebPage","@id":"https:\/\/www.ivanabeaumond.com.br\/vestidos-noiva\/looks-by-ivana-beaumond-paris-em-clipe-de-projota-ombrim\/","url":"https:\/\/www.ivanabeaumond.com.br\/vestidos-noiva\/looks-by-ivana-beaumond-paris-em-clipe-de-projota-ombrim\/","name":"Looks by Ivana Beaumond em clipe do Rapper Projota. - Vestido de Noiva RJ","isPartOf":{"@id":"https:\/\/www.ivanabeaumond.com.br\/vestidos-noiva\/#website"},"datePublished":"2020-06-11T15:56:32+00:00","dateModified":"2020-07-07T02:24:34+00:00","breadcrumb":{"@id":"https:\/\/www.ivanabeaumond.com.br\/vestidos-noiva\/looks-by-ivana-beaumond-paris-em-clipe-de-projota-ombrim\/#breadcrumb"},"inLanguage":"pt-BR","potentialAction":[{"@type":"ReadAction","target":["https:\/\/www.ivanabeaumond.com.br\/vestidos-noiva\/looks-by-ivana-beaumond-paris-em-clipe-de-projota-ombrim\/"]}]},{"@type":"BreadcrumbList","@id":"https:\/\/www.ivanabeaumond.com.br\/vestidos-noiva\/looks-by-ivana-beaumond-paris-em-clipe-de-projota-ombrim\/#breadcrumb","itemListElement":[{"@type":"ListItem","position":1,"name":"In\u00edcio","item":"https:\/\/www.ivanabeaumond.com.br\/vestidos-noiva\/"},{"@type":"ListItem","position":2,"name":"Looks by Ivana Beaumond em clipe do Rapper Projota."}]},{"@type":"WebSite","@id":"https:\/\/www.ivanabeaumond.com.br\/vestidos-noiva\/#website","url":"https:\/\/www.ivanabeaumond.com.br\/vestidos-noiva\/","name":"Vestido de Noiva RJ","description":"Moda Noiva","publisher":{"@id":"https:\/\/www.ivanabeaumond.com.br\/vestidos-noiva\/#organization"},"potentialAction":[{"@type":"SearchAction","target":{"@type":"EntryPoint","urlTemplate":"https:\/\/www.ivanabeaumond.com.br\/vestidos-noiva\/?s={search_term_string}"},"query-input":"required name=search_term_string"}],"inLanguage":"pt-BR"},{"@type":"Organization","@id":"https:\/\/www.ivanabeaumond.com.br\/vestidos-noiva\/#organization","name":"Vestido de Noiva RJ","url":"https:\/\/www.ivanabeaumond.com.br\/vestidos-noiva\/","logo":{"@type":"ImageObject","inLanguage":"pt-BR","@id":"https:\/\/www.ivanabeaumond.com.br\/vestidos-noiva\/#\/schema\/logo\/image\/","url":"https:\/\/www.ivanabeaumond.com.br\/vestidos-noiva\/wp-content\/uploads\/2018\/02\/logo_ivana_beaumond-2.png","contentUrl":"https:\/\/www.ivanabeaumond.com.br\/vestidos-noiva\/wp-content\/uploads\/2018\/02\/logo_ivana_beaumond-2.png","width":230,"height":112,"caption":"Vestido de Noiva RJ"},"image":{"@id":"https:\/\/www.ivanabeaumond.com.br\/vestidos-noiva\/#\/schema\/logo\/image\/"},"sameAs":["https:\/\/www.facebook.com\/ivana.beaumondnoivas","https:\/\/www.instagram.com\/ivanabeaumond\/","https:\/\/www.tiktok.com\/@ivanabeaumond"]},{"@type":"Person","@id":"https:\/\/www.ivanabeaumond.com.br\/vestidos-noiva\/#\/schema\/person\/1a360c4cffa3b806d29a456389dcff26","name":"Ivana Beaumond Paris","image":{"@type":"ImageObject","inLanguage":"pt-BR","@id":"https:\/\/www.ivanabeaumond.com.br\/vestidos-noiva\/#\/schema\/person\/image\/","url":"https:\/\/secure.gravatar.com\/avatar\/641f98db20b53ec937ceb641db4270b9?s=96&d=mm&r=g","contentUrl":"https:\/\/secure.gravatar.com\/avatar\/641f98db20b53ec937ceb641db4270b9?s=96&d=mm&r=g","caption":"Ivana Beaumond Paris"},"url":"https:\/\/www.ivanabeaumond.com.br\/vestidos-noiva\/author\/ivana\/"}]}},"_links":{"self":[{"href":"https:\/\/www.ivanabeaumond.com.br\/vestidos-noiva\/wp-json\/wp\/v2\/posts\/24693"}],"collection":[{"href":"https:\/\/www.ivanabeaumond.com.br\/vestidos-noiva\/wp-json\/wp\/v2\/posts"}],"about":[{"href":"https:\/\/www.ivanabeaumond.com.br\/vestidos-noiva\/wp-json\/wp\/v2\/types\/post"}],"author":[{"embeddable":true,"href":"https:\/\/www.ivanabeaumond.com.br\/vestidos-noiva\/wp-json\/wp\/v2\/users\/4"}],"replies":[{"embeddable":true,"href":"https:\/\/www.ivanabeaumond.com.br\/vestidos-noiva\/wp-json\/wp\/v2\/comments?post=24693"}],"version-history":[{"count":17,"href":"https:\/\/www.ivanabeaumond.com.br\/vestidos-noiva\/wp-json\/wp\/v2\/posts\/24693\/revisions"}],"predecessor-version":[{"id":26119,"href":"https:\/\/www.ivanabeaumond.com.br\/vestidos-noiva\/wp-json\/wp\/v2\/posts\/24693\/revisions\/26119"}],"wp:featuredmedia":[{"embeddable":true,"href":"https:\/\/www.ivanabeaumond.com.br\/vestidos-noiva\/wp-json\/wp\/v2\/media\/24713"}],"wp:attachment":[{"href":"https:\/\/www.ivanabeaumond.com.br\/vestidos-noiva\/wp-json\/wp\/v2\/media?parent=24693"}],"wp:term":[{"taxonomy":"category","embeddable":true,"href":"https:\/\/www.ivanabeaumond.com.br\/vestidos-noiva\/wp-json\/wp\/v2\/categories?post=24693"},{"taxonomy":"post_tag","embeddable":true,"href":"https:\/\/www.ivanabeaumond.com.br\/vestidos-noiva\/wp-json\/wp\/v2\/tags?post=24693"}],"curies":[{"name":"wp","href":"https:\/\/api.w.org\/{rel}","templated":true}]}}