{"id":24796,"date":"2020-07-05T19:45:05","date_gmt":"2020-07-05T22:45:05","guid":{"rendered":"https:\/\/www.ivanabeaumond.com.br\/vestidos-noiva\/?p=24796"},"modified":"2020-07-05T19:45:05","modified_gmt":"2020-07-05T22:45:05","slug":"a-importancia-dos-acessorios-nas-festas-de-gala","status":"publish","type":"post","link":"https:\/\/www.ivanabeaumond.com.br\/vestidos-noiva\/a-importancia-dos-acessorios-nas-festas-de-gala\/","title":{"rendered":"A import\u00e2ncia dos acess\u00f3rios nas festas de Gala"},"content":{"rendered":"<h5 style=\"text-align: justify;\"><\/h5>\n<h5 style=\"text-align: justify;\"><span style=\"color: #808080;\">Quem est\u00e1 recepcionando um evento precisa ser o mais luxuoso e elegante poss\u00edvel. Afinal, todos os holofotes estar\u00e3o sobre voc\u00ea e, por essa raz\u00e3o, n\u00e3o h\u00e1 nada melhor do que passar uma boa imagem para os seus convidados, sejam eles amigos ou familiares.<\/span><\/h5>\n<p>&nbsp;<\/p>\n<h5 style=\"text-align: justify;\"><span style=\"color: #808080;\">Pensando nisso, estar bem vestido, da cabe\u00e7a aos p\u00e9s, \u00e9 indispens\u00e1vel. E nesta composi\u00e7\u00e3o de look, todos os detalhes importam, fazendo com que os trajes e os acess\u00f3rios sejam pe\u00e7as chave para construir um visual arrojado e surpreendente.<\/span><\/h5>\n<p>&nbsp;<\/p>\n<h5 style=\"text-align: justify;\"><span style=\"color: #808080;\">Mas, afinal, qual \u00e9 a import\u00e2ncia dos acess\u00f3rios em eventos de gala? Conhe\u00e7a agora, apaixone-se por esta ideia e comece j\u00e1 a escolher o seu.<\/span><\/h5>\n<p>&nbsp;<\/p>\n<h4><em><strong>Acess\u00f3rios femininos: variedade sem fim<\/strong><\/em><\/h4>\n<h5 style=\"text-align: justify;\"><span style=\"color: #808080;\">Cord\u00f5es, brincos, an\u00e9is e pulseiras s\u00e3o praticamente parte da rotina feminina. No entanto, quando o evento \u00e9 de gala, investir em outros adere\u00e7os pode ser uma estrat\u00e9gia inovadora para brilhar e atrair os olhares de todos que est\u00e3o ao redor.<\/span><\/h5>\n<p>&nbsp;<\/p>\n<h5 style=\"text-align: justify;\"><span style=\"color: #808080;\">Para isso, contar com enfeites para o cabelo e at\u00e9 mesmo algumas esp\u00e9cies de coroas \u2013 nos casos de debutantes e noivas \u2013 pode ser um m\u00e9todo de ornar o penteado e garantir uma boa impress\u00e3o.<\/span><\/h5>\n<p><a href=\"https:\/\/www.ivanabeaumond.com.br\/vestidos-noiva\/wp-content\/uploads\/2020\/06\/ACESS\u00d3RIOS-IVANA-BEAUMOND-A.jpg\"><img decoding=\"async\" loading=\"lazy\" class=\"aligncenter size-full wp-image-24797\" src=\"https:\/\/www.ivanabeaumond.com.br\/vestidos-noiva\/wp-content\/uploads\/2020\/06\/ACESS\u00d3RIOS-IVANA-BEAUMOND-A.jpg\" alt=\"ACESS\u00d3RIOS DE GALA IVANA BEAUMOND\" width=\"800\" height=\"400\" srcset=\"https:\/\/www.ivanabeaumond.com.br\/vestidos-noiva\/wp-content\/uploads\/2020\/06\/ACESS\u00d3RIOS-IVANA-BEAUMOND-A.jpg 800w, https:\/\/www.ivanabeaumond.com.br\/vestidos-noiva\/wp-content\/uploads\/2020\/06\/ACESS\u00d3RIOS-IVANA-BEAUMOND-A-300x150.jpg 300w\" sizes=\"(max-width: 800px) 100vw, 800px\" \/><\/a><\/p>\n<h5 style=\"text-align: justify;\"><span style=\"color: #808080;\">Ademais, para as convidadas que querem um ar mais aristocrata, os chap\u00e9us s\u00e3o uma excelente pedida. Na corte inglesa, inclusive, este \u00e9 um item \u00edmpar nas ocasi\u00f5es requintadas, haja vista os casamentos de William e Kate ou Harry e Meghan, em que todas as mulheres tinham como obrigatoriedade o acess\u00f3rio no <em>dress code<\/em>.<\/span><\/h5>\n<p>&nbsp;<\/p>\n<h5 style=\"text-align: justify;\"><span style=\"color: #808080;\">Ainda assim, para optar por este \u00faltimo, \u00e9 importante checar qual o tipo de evento e, mais, se este detalhe se faz mesmo necess\u00e1rio. N\u00e3o v\u00e1 pecar pelos excessos, hein!<\/span><\/h5>\n<p>&nbsp;<\/p>\n<h4 style=\"text-align: justify;\"><em><strong>Acess\u00f3rios masculinos: s\u00e3o mesmo necess\u00e1rios?<\/strong><\/em><\/h4>\n<h5 style=\"text-align: justify;\"><span style=\"color: #808080;\">N\u00e3o pense que s\u00e3o apenas as mulheres que dedicam um tempo para os pormenores de seus visuais em eventos de gala. Para os homens, \u00e9 fundamental manter tamb\u00e9m uma boa apar\u00eancia e, para isso, esses detalhes podem fazer toda a diferen\u00e7a.<\/span><\/h5>\n<p>&nbsp;<\/p>\n<h5 style=\"text-align: justify;\"><span style=\"color: #808080;\">Aqui, abotoaduras, broches e at\u00e9 mesmo pequenos enfeites de strass no plastron podem dar um chame ao visual, garantindo mais eleg\u00e2ncia, poder e um ar requintado para o traje.<\/span><\/h5>\n<p><a href=\"https:\/\/www.ivanabeaumond.com.br\/vestidos-noiva\/wp-content\/uploads\/2020\/06\/ACESS\u00d3RIOS-IVANA-BEAUMOND-1A.jpg\"><img decoding=\"async\" loading=\"lazy\" class=\"aligncenter size-full wp-image-24798\" src=\"https:\/\/www.ivanabeaumond.com.br\/vestidos-noiva\/wp-content\/uploads\/2020\/06\/ACESS\u00d3RIOS-IVANA-BEAUMOND-1A.jpg\" alt=\"ACESS\u00d3RIOS - IVANA BEAUMOND 1A\" width=\"800\" height=\"400\" srcset=\"https:\/\/www.ivanabeaumond.com.br\/vestidos-noiva\/wp-content\/uploads\/2020\/06\/ACESS\u00d3RIOS-IVANA-BEAUMOND-1A.jpg 800w, https:\/\/www.ivanabeaumond.com.br\/vestidos-noiva\/wp-content\/uploads\/2020\/06\/ACESS\u00d3RIOS-IVANA-BEAUMOND-1A-300x150.jpg 300w\" sizes=\"(max-width: 800px) 100vw, 800px\" \/><\/a><\/p>\n<h5 style=\"text-align: justify;\"><span style=\"color: #808080;\">Al\u00e9m disso, investir em gravatas que sejam realmente bonitas e de qualidade, com um tecido que chame a aten\u00e7\u00e3o positivamente, \u00e9 uma forma de mostrar que todos os itens foram pensados com cautela e escolhidos a dedo, sem que pe\u00e7as baratas e mal-acabadas sejam acrescentadas ao look.<\/span><\/h5>\n<p>&nbsp;<\/p>\n<h4 style=\"text-align: justify;\"><span style=\"color: #000000;\"><em><strong>Gostou da ideia? Escolha o seu!<\/strong><\/em><\/span><\/h4>\n<h5 style=\"text-align: justify;\"><span style=\"color: #808080;\">No ateli\u00ea <strong><em>Ivana Beaumond Paris<\/em><\/strong>, voc\u00ea tem acesso aos principais acess\u00f3rios para compor o seu visual com muito bom gosto, estilo, sofistica\u00e7\u00e3o e, acima de tudo, sem errar a m\u00e3o na hora de combin\u00e1-los.<\/span><\/h5>\n<p>&nbsp;<\/p>\n<h5 style=\"text-align: justify;\"><span style=\"color: #808080;\">Venha conhecer as pe\u00e7as que est\u00e3o dispon\u00edveis na nossa cole\u00e7\u00e3o, apaixone-se pela sua favorita e n\u00e3o hesite em coloc\u00e1-la dentre os itens que usar\u00e1 no seu evento. Lembre-se: o chame est\u00e1 nos detalhes e, para isso, nada melhor do que explorar essa infinidade de modelos.<\/span><\/h5>\n<p>&nbsp;<\/p>\n<h5 style=\"text-align: justify;\"><span style=\"color: #808080;\">Agende j\u00e1 a sua visita com os nossos especialistas e aproveite. Estamos te esperando com diversas op\u00e7\u00f5es incr\u00edveis!<\/span><\/h5>\n<p>&nbsp;<\/p>\n<h5 style=\"text-align: justify;\"><span style=\"color: #000000;\">Gostou? Siga nosso instagram<\/span>\u00a0<span style=\"color: #0000ff;\"><a style=\"color: #0000ff;\" href=\"https:\/\/www.instagram.com\/ivanabeaumond\/\">@ivanabeaumond<\/a><\/span><span style=\"color: #000000;\"><span style=\"color: #333399;\">\u00a0<\/span>e curta nossa<\/span>\u00a0<span style=\"color: #0000ff;\"><a style=\"color: #0000ff;\" href=\"https:\/\/www.facebook.com\/IvanaBeaumond\/\" target=\"_blank\">fanpage<\/a><\/span><span style=\"color: #999999;\">\u00a0\u00a0<span style=\"color: #000000;\">no Facebook para ficar por dentro de tudo o que rola no mundo das noivas, e conhe\u00e7a nossos Melhores Modelos de Vestidos de Noivas Nacionais, Importados e Sob Medida.<\/span><\/span><\/h5>\n","protected":false},"excerpt":{"rendered":"<p>Quem est\u00e1 recepcionando um evento precisa ser o mais luxuoso&#8230;<\/p>\n","protected":false},"author":4,"featured_media":24797,"comment_status":"closed","ping_status":"closed","sticky":false,"template":"","format":"standard","meta":[],"categories":[60,127],"tags":[770,768,135,852,1121,660,650,512,559,1135,709,615,914,286,278,649],"yoast_head":"<!-- This site is optimized with the Yoast SEO plugin v20.3 - https:\/\/yoast.com\/wordpress\/plugins\/seo\/ -->\n<title>A import\u00e2ncia dos acess\u00f3rios nas festas de Gala - Vestido de Noiva RJ<\/title>\n<meta name=\"robots\" content=\"index, follow, max-snippet:-1, max-image-preview:large, max-video-preview:-1\" \/>\n<link rel=\"canonical\" href=\"https:\/\/www.ivanabeaumond.com.br\/vestidos-noiva\/a-importancia-dos-acessorios-nas-festas-de-gala\/\" \/>\n<meta property=\"og:locale\" content=\"pt_BR\" \/>\n<meta property=\"og:type\" content=\"article\" \/>\n<meta property=\"og:title\" content=\"A import\u00e2ncia dos acess\u00f3rios nas festas de Gala - Vestido de Noiva RJ\" \/>\n<meta property=\"og:description\" content=\"Quem est\u00e1 recepcionando um evento precisa ser o mais luxuoso...\" \/>\n<meta property=\"og:url\" content=\"https:\/\/www.ivanabeaumond.com.br\/vestidos-noiva\/a-importancia-dos-acessorios-nas-festas-de-gala\/\" \/>\n<meta property=\"og:site_name\" content=\"Vestido de Noiva RJ\" \/>\n<meta property=\"article:publisher\" content=\"https:\/\/www.facebook.com\/ivana.beaumondnoivas\" \/>\n<meta property=\"article:published_time\" content=\"2020-07-05T22:45:05+00:00\" \/>\n<meta property=\"og:image\" content=\"https:\/\/www.ivanabeaumond.com.br\/vestidos-noiva\/wp-content\/uploads\/2020\/06\/ACESS\u00d3RIOS-IVANA-BEAUMOND-A.jpg\" \/>\n\t<meta property=\"og:image:width\" content=\"800\" \/>\n\t<meta property=\"og:image:height\" content=\"400\" \/>\n\t<meta property=\"og:image:type\" content=\"image\/jpeg\" \/>\n<meta name=\"author\" content=\"Ivana Beaumond Paris\" \/>\n<meta name=\"twitter:card\" content=\"summary_large_image\" \/>\n<meta name=\"twitter:label1\" content=\"Escrito por\" \/>\n\t<meta name=\"twitter:data1\" content=\"Ivana Beaumond Paris\" \/>\n\t<meta name=\"twitter:label2\" content=\"Est. tempo de leitura\" \/>\n\t<meta name=\"twitter:data2\" content=\"3 minutos\" \/>\n<script type=\"application\/ld+json\" class=\"yoast-schema-graph\">{\"@context\":\"https:\/\/schema.org\",\"@graph\":[{\"@type\":\"Article\",\"@id\":\"https:\/\/www.ivanabeaumond.com.br\/vestidos-noiva\/a-importancia-dos-acessorios-nas-festas-de-gala\/#article\",\"isPartOf\":{\"@id\":\"https:\/\/www.ivanabeaumond.com.br\/vestidos-noiva\/a-importancia-dos-acessorios-nas-festas-de-gala\/\"},\"author\":{\"name\":\"Ivana Beaumond Paris\",\"@id\":\"https:\/\/www.ivanabeaumond.com.br\/vestidos-noiva\/#\/schema\/person\/1a360c4cffa3b806d29a456389dcff26\"},\"headline\":\"A import\u00e2ncia dos acess\u00f3rios nas festas de Gala\",\"datePublished\":\"2020-07-05T22:45:05+00:00\",\"dateModified\":\"2020-07-05T22:45:05+00:00\",\"mainEntityOfPage\":{\"@id\":\"https:\/\/www.ivanabeaumond.com.br\/vestidos-noiva\/a-importancia-dos-acessorios-nas-festas-de-gala\/\"},\"wordCount\":599,\"publisher\":{\"@id\":\"https:\/\/www.ivanabeaumond.com.br\/vestidos-noiva\/#organization\"},\"keywords\":[\"acess\u00f3rio para cabelo\",\"acess\u00f3rios\",\"acessoriosdenoiva\",\"aluguel de vestidos rj\",\"ateli\u00ea de noivas\",\"atelier de noivas\",\"atelier ivana beaumond\",\"blog de noiva\",\"blog de noivas\",\"blogueira de noiva\",\"dicas casamentosrj\",\"dicas de beleza\",\"estilista ivana beaumond\",\"ivana beaumond\",\"ivana beaumond paris\",\"vestidos\"],\"articleSection\":[\"Blog\",\"Dicas e Truques\"],\"inLanguage\":\"pt-BR\"},{\"@type\":\"WebPage\",\"@id\":\"https:\/\/www.ivanabeaumond.com.br\/vestidos-noiva\/a-importancia-dos-acessorios-nas-festas-de-gala\/\",\"url\":\"https:\/\/www.ivanabeaumond.com.br\/vestidos-noiva\/a-importancia-dos-acessorios-nas-festas-de-gala\/\",\"name\":\"A import\u00e2ncia dos acess\u00f3rios nas festas de Gala - Vestido de Noiva RJ\",\"isPartOf\":{\"@id\":\"https:\/\/www.ivanabeaumond.com.br\/vestidos-noiva\/#website\"},\"datePublished\":\"2020-07-05T22:45:05+00:00\",\"dateModified\":\"2020-07-05T22:45:05+00:00\",\"breadcrumb\":{\"@id\":\"https:\/\/www.ivanabeaumond.com.br\/vestidos-noiva\/a-importancia-dos-acessorios-nas-festas-de-gala\/#breadcrumb\"},\"inLanguage\":\"pt-BR\",\"potentialAction\":[{\"@type\":\"ReadAction\",\"target\":[\"https:\/\/www.ivanabeaumond.com.br\/vestidos-noiva\/a-importancia-dos-acessorios-nas-festas-de-gala\/\"]}]},{\"@type\":\"BreadcrumbList\",\"@id\":\"https:\/\/www.ivanabeaumond.com.br\/vestidos-noiva\/a-importancia-dos-acessorios-nas-festas-de-gala\/#breadcrumb\",\"itemListElement\":[{\"@type\":\"ListItem\",\"position\":1,\"name\":\"In\u00edcio\",\"item\":\"https:\/\/www.ivanabeaumond.com.br\/vestidos-noiva\/\"},{\"@type\":\"ListItem\",\"position\":2,\"name\":\"A import\u00e2ncia dos acess\u00f3rios nas festas de Gala\"}]},{\"@type\":\"WebSite\",\"@id\":\"https:\/\/www.ivanabeaumond.com.br\/vestidos-noiva\/#website\",\"url\":\"https:\/\/www.ivanabeaumond.com.br\/vestidos-noiva\/\",\"name\":\"Vestido de Noiva RJ\",\"description\":\"Moda Noiva\",\"publisher\":{\"@id\":\"https:\/\/www.ivanabeaumond.com.br\/vestidos-noiva\/#organization\"},\"potentialAction\":[{\"@type\":\"SearchAction\",\"target\":{\"@type\":\"EntryPoint\",\"urlTemplate\":\"https:\/\/www.ivanabeaumond.com.br\/vestidos-noiva\/?s={search_term_string}\"},\"query-input\":\"required name=search_term_string\"}],\"inLanguage\":\"pt-BR\"},{\"@type\":\"Organization\",\"@id\":\"https:\/\/www.ivanabeaumond.com.br\/vestidos-noiva\/#organization\",\"name\":\"Vestido de Noiva RJ\",\"url\":\"https:\/\/www.ivanabeaumond.com.br\/vestidos-noiva\/\",\"logo\":{\"@type\":\"ImageObject\",\"inLanguage\":\"pt-BR\",\"@id\":\"https:\/\/www.ivanabeaumond.com.br\/vestidos-noiva\/#\/schema\/logo\/image\/\",\"url\":\"https:\/\/www.ivanabeaumond.com.br\/vestidos-noiva\/wp-content\/uploads\/2018\/02\/logo_ivana_beaumond-2.png\",\"contentUrl\":\"https:\/\/www.ivanabeaumond.com.br\/vestidos-noiva\/wp-content\/uploads\/2018\/02\/logo_ivana_beaumond-2.png\",\"width\":230,\"height\":112,\"caption\":\"Vestido de Noiva RJ\"},\"image\":{\"@id\":\"https:\/\/www.ivanabeaumond.com.br\/vestidos-noiva\/#\/schema\/logo\/image\/\"},\"sameAs\":[\"https:\/\/www.facebook.com\/ivana.beaumondnoivas\",\"https:\/\/www.instagram.com\/ivanabeaumond\/\",\"https:\/\/www.tiktok.com\/@ivanabeaumond\"]},{\"@type\":\"Person\",\"@id\":\"https:\/\/www.ivanabeaumond.com.br\/vestidos-noiva\/#\/schema\/person\/1a360c4cffa3b806d29a456389dcff26\",\"name\":\"Ivana Beaumond Paris\",\"image\":{\"@type\":\"ImageObject\",\"inLanguage\":\"pt-BR\",\"@id\":\"https:\/\/www.ivanabeaumond.com.br\/vestidos-noiva\/#\/schema\/person\/image\/\",\"url\":\"https:\/\/secure.gravatar.com\/avatar\/641f98db20b53ec937ceb641db4270b9?s=96&d=mm&r=g\",\"contentUrl\":\"https:\/\/secure.gravatar.com\/avatar\/641f98db20b53ec937ceb641db4270b9?s=96&d=mm&r=g\",\"caption\":\"Ivana Beaumond Paris\"},\"url\":\"https:\/\/www.ivanabeaumond.com.br\/vestidos-noiva\/author\/ivana\/\"}]}<\/script>\n<!-- \/ Yoast SEO plugin. -->","yoast_head_json":{"title":"A import\u00e2ncia dos acess\u00f3rios nas festas de Gala - Vestido de Noiva RJ","robots":{"index":"index","follow":"follow","max-snippet":"max-snippet:-1","max-image-preview":"max-image-preview:large","max-video-preview":"max-video-preview:-1"},"canonical":"https:\/\/www.ivanabeaumond.com.br\/vestidos-noiva\/a-importancia-dos-acessorios-nas-festas-de-gala\/","og_locale":"pt_BR","og_type":"article","og_title":"A import\u00e2ncia dos acess\u00f3rios nas festas de Gala - Vestido de Noiva RJ","og_description":"Quem est\u00e1 recepcionando um evento precisa ser o mais luxuoso...","og_url":"https:\/\/www.ivanabeaumond.com.br\/vestidos-noiva\/a-importancia-dos-acessorios-nas-festas-de-gala\/","og_site_name":"Vestido de Noiva RJ","article_publisher":"https:\/\/www.facebook.com\/ivana.beaumondnoivas","article_published_time":"2020-07-05T22:45:05+00:00","og_image":[{"width":800,"height":400,"url":"https:\/\/www.ivanabeaumond.com.br\/vestidos-noiva\/wp-content\/uploads\/2020\/06\/ACESS\u00d3RIOS-IVANA-BEAUMOND-A.jpg","type":"image\/jpeg"}],"author":"Ivana Beaumond Paris","twitter_card":"summary_large_image","twitter_misc":{"Escrito por":"Ivana Beaumond Paris","Est. tempo de leitura":"3 minutos"},"schema":{"@context":"https:\/\/schema.org","@graph":[{"@type":"Article","@id":"https:\/\/www.ivanabeaumond.com.br\/vestidos-noiva\/a-importancia-dos-acessorios-nas-festas-de-gala\/#article","isPartOf":{"@id":"https:\/\/www.ivanabeaumond.com.br\/vestidos-noiva\/a-importancia-dos-acessorios-nas-festas-de-gala\/"},"author":{"name":"Ivana Beaumond Paris","@id":"https:\/\/www.ivanabeaumond.com.br\/vestidos-noiva\/#\/schema\/person\/1a360c4cffa3b806d29a456389dcff26"},"headline":"A import\u00e2ncia dos acess\u00f3rios nas festas de Gala","datePublished":"2020-07-05T22:45:05+00:00","dateModified":"2020-07-05T22:45:05+00:00","mainEntityOfPage":{"@id":"https:\/\/www.ivanabeaumond.com.br\/vestidos-noiva\/a-importancia-dos-acessorios-nas-festas-de-gala\/"},"wordCount":599,"publisher":{"@id":"https:\/\/www.ivanabeaumond.com.br\/vestidos-noiva\/#organization"},"keywords":["acess\u00f3rio para cabelo","acess\u00f3rios","acessoriosdenoiva","aluguel de vestidos rj","ateli\u00ea de noivas","atelier de noivas","atelier ivana beaumond","blog de noiva","blog de noivas","blogueira de noiva","dicas casamentosrj","dicas de beleza","estilista ivana beaumond","ivana beaumond","ivana beaumond paris","vestidos"],"articleSection":["Blog","Dicas e Truques"],"inLanguage":"pt-BR"},{"@type":"WebPage","@id":"https:\/\/www.ivanabeaumond.com.br\/vestidos-noiva\/a-importancia-dos-acessorios-nas-festas-de-gala\/","url":"https:\/\/www.ivanabeaumond.com.br\/vestidos-noiva\/a-importancia-dos-acessorios-nas-festas-de-gala\/","name":"A import\u00e2ncia dos acess\u00f3rios nas festas de Gala - Vestido de Noiva RJ","isPartOf":{"@id":"https:\/\/www.ivanabeaumond.com.br\/vestidos-noiva\/#website"},"datePublished":"2020-07-05T22:45:05+00:00","dateModified":"2020-07-05T22:45:05+00:00","breadcrumb":{"@id":"https:\/\/www.ivanabeaumond.com.br\/vestidos-noiva\/a-importancia-dos-acessorios-nas-festas-de-gala\/#breadcrumb"},"inLanguage":"pt-BR","potentialAction":[{"@type":"ReadAction","target":["https:\/\/www.ivanabeaumond.com.br\/vestidos-noiva\/a-importancia-dos-acessorios-nas-festas-de-gala\/"]}]},{"@type":"BreadcrumbList","@id":"https:\/\/www.ivanabeaumond.com.br\/vestidos-noiva\/a-importancia-dos-acessorios-nas-festas-de-gala\/#breadcrumb","itemListElement":[{"@type":"ListItem","position":1,"name":"In\u00edcio","item":"https:\/\/www.ivanabeaumond.com.br\/vestidos-noiva\/"},{"@type":"ListItem","position":2,"name":"A import\u00e2ncia dos acess\u00f3rios nas festas de Gala"}]},{"@type":"WebSite","@id":"https:\/\/www.ivanabeaumond.com.br\/vestidos-noiva\/#website","url":"https:\/\/www.ivanabeaumond.com.br\/vestidos-noiva\/","name":"Vestido de Noiva RJ","description":"Moda Noiva","publisher":{"@id":"https:\/\/www.ivanabeaumond.com.br\/vestidos-noiva\/#organization"},"potentialAction":[{"@type":"SearchAction","target":{"@type":"EntryPoint","urlTemplate":"https:\/\/www.ivanabeaumond.com.br\/vestidos-noiva\/?s={search_term_string}"},"query-input":"required name=search_term_string"}],"inLanguage":"pt-BR"},{"@type":"Organization","@id":"https:\/\/www.ivanabeaumond.com.br\/vestidos-noiva\/#organization","name":"Vestido de Noiva RJ","url":"https:\/\/www.ivanabeaumond.com.br\/vestidos-noiva\/","logo":{"@type":"ImageObject","inLanguage":"pt-BR","@id":"https:\/\/www.ivanabeaumond.com.br\/vestidos-noiva\/#\/schema\/logo\/image\/","url":"https:\/\/www.ivanabeaumond.com.br\/vestidos-noiva\/wp-content\/uploads\/2018\/02\/logo_ivana_beaumond-2.png","contentUrl":"https:\/\/www.ivanabeaumond.com.br\/vestidos-noiva\/wp-content\/uploads\/2018\/02\/logo_ivana_beaumond-2.png","width":230,"height":112,"caption":"Vestido de Noiva RJ"},"image":{"@id":"https:\/\/www.ivanabeaumond.com.br\/vestidos-noiva\/#\/schema\/logo\/image\/"},"sameAs":["https:\/\/www.facebook.com\/ivana.beaumondnoivas","https:\/\/www.instagram.com\/ivanabeaumond\/","https:\/\/www.tiktok.com\/@ivanabeaumond"]},{"@type":"Person","@id":"https:\/\/www.ivanabeaumond.com.br\/vestidos-noiva\/#\/schema\/person\/1a360c4cffa3b806d29a456389dcff26","name":"Ivana Beaumond Paris","image":{"@type":"ImageObject","inLanguage":"pt-BR","@id":"https:\/\/www.ivanabeaumond.com.br\/vestidos-noiva\/#\/schema\/person\/image\/","url":"https:\/\/secure.gravatar.com\/avatar\/641f98db20b53ec937ceb641db4270b9?s=96&d=mm&r=g","contentUrl":"https:\/\/secure.gravatar.com\/avatar\/641f98db20b53ec937ceb641db4270b9?s=96&d=mm&r=g","caption":"Ivana Beaumond Paris"},"url":"https:\/\/www.ivanabeaumond.com.br\/vestidos-noiva\/author\/ivana\/"}]}},"_links":{"self":[{"href":"https:\/\/www.ivanabeaumond.com.br\/vestidos-noiva\/wp-json\/wp\/v2\/posts\/24796"}],"collection":[{"href":"https:\/\/www.ivanabeaumond.com.br\/vestidos-noiva\/wp-json\/wp\/v2\/posts"}],"about":[{"href":"https:\/\/www.ivanabeaumond.com.br\/vestidos-noiva\/wp-json\/wp\/v2\/types\/post"}],"author":[{"embeddable":true,"href":"https:\/\/www.ivanabeaumond.com.br\/vestidos-noiva\/wp-json\/wp\/v2\/users\/4"}],"replies":[{"embeddable":true,"href":"https:\/\/www.ivanabeaumond.com.br\/vestidos-noiva\/wp-json\/wp\/v2\/comments?post=24796"}],"version-history":[{"count":8,"href":"https:\/\/www.ivanabeaumond.com.br\/vestidos-noiva\/wp-json\/wp\/v2\/posts\/24796\/revisions"}],"predecessor-version":[{"id":24950,"href":"https:\/\/www.ivanabeaumond.com.br\/vestidos-noiva\/wp-json\/wp\/v2\/posts\/24796\/revisions\/24950"}],"wp:featuredmedia":[{"embeddable":true,"href":"https:\/\/www.ivanabeaumond.com.br\/vestidos-noiva\/wp-json\/wp\/v2\/media\/24797"}],"wp:attachment":[{"href":"https:\/\/www.ivanabeaumond.com.br\/vestidos-noiva\/wp-json\/wp\/v2\/media?parent=24796"}],"wp:term":[{"taxonomy":"category","embeddable":true,"href":"https:\/\/www.ivanabeaumond.com.br\/vestidos-noiva\/wp-json\/wp\/v2\/categories?post=24796"},{"taxonomy":"post_tag","embeddable":true,"href":"https:\/\/www.ivanabeaumond.com.br\/vestidos-noiva\/wp-json\/wp\/v2\/tags?post=24796"}],"curies":[{"name":"wp","href":"https:\/\/api.w.org\/{rel}","templated":true}]}}