{"id":24867,"date":"2020-06-29T19:17:03","date_gmt":"2020-06-29T22:17:03","guid":{"rendered":"https:\/\/www.ivanabeaumond.com.br\/vestidos-noiva\/?p=24867"},"modified":"2020-07-06T23:24:34","modified_gmt":"2020-07-07T02:24:34","slug":"materia-na-inesquecivel-15-anos-com-a-nossa-debutante-julia-mello","status":"publish","type":"post","link":"https:\/\/www.ivanabeaumond.com.br\/vestidos-noiva\/materia-na-inesquecivel-15-anos-com-a-nossa-debutante-julia-mello\/","title":{"rendered":"Mat\u00e9ria na Inesquec\u00edvel 15 Anos com a nossa debutante J\u00falia Mello"},"content":{"rendered":"<h4><span style=\"color: #999999;\">A festa de 15 anos da nossa debutante J\u00falia Mello foi destaque em mais uma mat\u00e9ria incr\u00edvel da revista Inesquec\u00edvel 15 Anos, o maior portal de debutantes do Brasil. Os vestidos da aniversariante, assinados pelo Atelier Ivana Beaumond Paris, foram o grande destaque dessa festa tem\u00e1tica, que teve como inspira\u00e7\u00e3o o filme Star Wars. Confira um trechinho da mat\u00e9ria, que tamb\u00e9m traz uma entrevista bem legal com a nossa debutante:<\/span><\/h4>\n<h4><\/h4>\n<p>&nbsp;<\/p>\n<p><img decoding=\"async\" loading=\"lazy\" class=\"aligncenter size-full wp-image-24873\" src=\"https:\/\/www.ivanabeaumond.com.br\/vestidos-noiva\/wp-content\/uploads\/2020\/06\/materia-julia.png\" alt=\"materia julia\" width=\"460\" height=\"564\" srcset=\"https:\/\/www.ivanabeaumond.com.br\/vestidos-noiva\/wp-content\/uploads\/2020\/06\/materia-julia.png 460w, https:\/\/www.ivanabeaumond.com.br\/vestidos-noiva\/wp-content\/uploads\/2020\/06\/materia-julia-245x300.png 245w\" sizes=\"(max-width: 460px) 100vw, 460px\" \/><\/p>\n<p><img decoding=\"async\" loading=\"lazy\" class=\"aligncenter size-full wp-image-24874\" src=\"https:\/\/www.ivanabeaumond.com.br\/vestidos-noiva\/wp-content\/uploads\/2020\/06\/jjjjjj.jpg\" alt=\"jjjjjj\" width=\"452\" height=\"568\" srcset=\"https:\/\/www.ivanabeaumond.com.br\/vestidos-noiva\/wp-content\/uploads\/2020\/06\/jjjjjj.jpg 452w, https:\/\/www.ivanabeaumond.com.br\/vestidos-noiva\/wp-content\/uploads\/2020\/06\/jjjjjj-239x300.jpg 239w\" sizes=\"(max-width: 452px) 100vw, 452px\" \/><\/p>\n<p>&nbsp;<\/p>\n<p>&nbsp;<\/p>\n<p>&nbsp;<\/p>\n<p>&nbsp;<\/p>\n<h4><span style=\"color: #999999;\">A mat\u00e9ria completa se encontra <a style=\"color: #999999;\" href=\"https:\/\/15anos.inesquecivelcasamento.com.br\/e-festa\/rio-de-janeiro\/festa-tema-star-wars-julia-mello\/\" target=\"_blank\" rel=\"noopener noreferrer\"><span style=\"color: #000080;\">neste link<\/span>!<\/a><\/span><\/h4>\n<h1 class=\"story-title\"><\/h1>\n<h4><span style=\"color: #999999;\">Tamb\u00e9m fizemos um post especial sobre a Festa Star Wars da J\u00falia no nosso blog, e voc\u00ea pode conferi-lo clicando <span style=\"color: #000080;\"><a style=\"color: #000080;\" href=\"https:\/\/www.ivanabeaumond.com.br\/vestidos-noiva\/festa-star-wars-com-julia-mello\/\" target=\"_blank\" rel=\"noopener noreferrer\">aqui!<\/a><\/span><\/span><\/h4>\n<p>&nbsp;<\/p>\n<p>&nbsp;<\/p>\n<p>&nbsp;<\/p>\n<h4>Gostou? Siga nosso instagram\u00a0<a href=\"https:\/\/www.instagram.com\/ivanaparisdebutantes\" target=\"_blank\" rel=\"noopener noreferrer\">@ivanaparisdebutantes\u00a0<\/a>e curta nossa fanpage\u00a0<a href=\"https:\/\/www.facebook.com\/IvanaBeaumondDebutantes\/\" target=\"_blank\" rel=\"noopener noreferrer\">Ivana Beaumond<\/a>\u00a0para ficar por dentro de tudo o que rola no mundo das\u00a0debutantes. N\u00e3o deixe de conferir tamb\u00e9m as nossas cole\u00e7\u00f5es de\u00a0<a href=\"http:\/\/www.ivanabeaumond.com.br\/vestidos-noiva\/vestidos-debutantes\/\" target=\"_blank\" rel=\"noopener noreferrer\">Vestidos de Debutante<\/a>\u00a0e\u00a0<a href=\"http:\/\/www.ivanabeaumond.com.br\/vestidos-noiva\/vestidos-casamento-madrinha-festa-formatura\/\" target=\"_blank\" rel=\"noopener noreferrer\">Moda Festa<\/a>,\u00a0trazendo as maiores novidades da alta costura com os mais belos modelos!<\/h4>\n","protected":false},"excerpt":{"rendered":"<p>A festa de 15 anos da nossa debutante J\u00falia Mello&#8230;<\/p>\n","protected":false},"author":4,"featured_media":24829,"comment_status":"closed","ping_status":"closed","sticky":false,"template":"","format":"standard","meta":[],"categories":[60,1227,128],"tags":[172,446,650,695,229,142,1217,407,1222,410,286,136,1221,445,745],"yoast_head":"<!-- This site is optimized with the Yoast SEO plugin v20.3 - https:\/\/yoast.com\/wordpress\/plugins\/seo\/ -->\n<title>Mat\u00e9ria na Inesquec\u00edvel 15 Anos com a nossa debutante J\u00falia Mello - Vestido de Noiva RJ<\/title>\n<meta name=\"robots\" content=\"index, follow, max-snippet:-1, max-image-preview:large, max-video-preview:-1\" \/>\n<link rel=\"canonical\" href=\"https:\/\/www.ivanabeaumond.com.br\/vestidos-noiva\/materia-na-inesquecivel-15-anos-com-a-nossa-debutante-julia-mello\/\" \/>\n<meta property=\"og:locale\" content=\"pt_BR\" \/>\n<meta property=\"og:type\" content=\"article\" \/>\n<meta property=\"og:title\" content=\"Mat\u00e9ria na Inesquec\u00edvel 15 Anos com a nossa debutante J\u00falia Mello - Vestido de Noiva RJ\" \/>\n<meta property=\"og:description\" content=\"A festa de 15 anos da nossa debutante J\u00falia Mello...\" \/>\n<meta property=\"og:url\" content=\"https:\/\/www.ivanabeaumond.com.br\/vestidos-noiva\/materia-na-inesquecivel-15-anos-com-a-nossa-debutante-julia-mello\/\" \/>\n<meta property=\"og:site_name\" content=\"Vestido de Noiva RJ\" \/>\n<meta property=\"article:publisher\" content=\"https:\/\/www.facebook.com\/ivana.beaumondnoivas\" \/>\n<meta property=\"article:published_time\" content=\"2020-06-29T22:17:03+00:00\" \/>\n<meta property=\"article:modified_time\" content=\"2020-07-07T02:24:34+00:00\" \/>\n<meta property=\"og:image\" content=\"https:\/\/www.ivanabeaumond.com.br\/vestidos-noiva\/wp-content\/uploads\/2020\/06\/festa-de-15-anos-atelier-ivana-beaumond-paris-rj-tema-star-wars-5-e1593035568393.jpg\" \/>\n\t<meta property=\"og:image:width\" content=\"600\" \/>\n\t<meta property=\"og:image:height\" content=\"400\" \/>\n\t<meta property=\"og:image:type\" content=\"image\/jpeg\" \/>\n<meta name=\"author\" content=\"Ivana Beaumond Paris\" \/>\n<meta name=\"twitter:card\" content=\"summary_large_image\" \/>\n<meta name=\"twitter:label1\" content=\"Escrito por\" \/>\n\t<meta name=\"twitter:data1\" content=\"Ivana Beaumond Paris\" \/>\n\t<meta name=\"twitter:label2\" content=\"Est. tempo de leitura\" \/>\n\t<meta name=\"twitter:data2\" content=\"1 minuto\" \/>\n<script type=\"application\/ld+json\" class=\"yoast-schema-graph\">{\"@context\":\"https:\/\/schema.org\",\"@graph\":[{\"@type\":\"Article\",\"@id\":\"https:\/\/www.ivanabeaumond.com.br\/vestidos-noiva\/materia-na-inesquecivel-15-anos-com-a-nossa-debutante-julia-mello\/#article\",\"isPartOf\":{\"@id\":\"https:\/\/www.ivanabeaumond.com.br\/vestidos-noiva\/materia-na-inesquecivel-15-anos-com-a-nossa-debutante-julia-mello\/\"},\"author\":{\"name\":\"Ivana Beaumond Paris\",\"@id\":\"https:\/\/www.ivanabeaumond.com.br\/vestidos-noiva\/#\/schema\/person\/1a360c4cffa3b806d29a456389dcff26\"},\"headline\":\"Mat\u00e9ria na Inesquec\u00edvel 15 Anos com a nossa debutante J\u00falia Mello\",\"datePublished\":\"2020-06-29T22:17:03+00:00\",\"dateModified\":\"2020-07-07T02:24:34+00:00\",\"mainEntityOfPage\":{\"@id\":\"https:\/\/www.ivanabeaumond.com.br\/vestidos-noiva\/materia-na-inesquecivel-15-anos-com-a-nossa-debutante-julia-mello\/\"},\"wordCount\":182,\"publisher\":{\"@id\":\"https:\/\/www.ivanabeaumond.com.br\/vestidos-noiva\/#organization\"},\"keywords\":[\"15 anos\",\"alta costura\",\"atelier ivana beaumond\",\"atelier ivana beaumond paris\",\"debutante\",\"festa de 15 anos\",\"Festa Star Wars\",\"festa tem\u00e1tica\",\"filme Star Wars\",\"inesquec\u00edvel 15 anos\",\"ivana beaumond\",\"moda festa\",\"tema Star Wars\",\"vestido\",\"vestidos de debutante\"],\"articleSection\":[\"Blog\",\"Home\",\"Na M\u00eddia\"],\"inLanguage\":\"pt-BR\"},{\"@type\":\"WebPage\",\"@id\":\"https:\/\/www.ivanabeaumond.com.br\/vestidos-noiva\/materia-na-inesquecivel-15-anos-com-a-nossa-debutante-julia-mello\/\",\"url\":\"https:\/\/www.ivanabeaumond.com.br\/vestidos-noiva\/materia-na-inesquecivel-15-anos-com-a-nossa-debutante-julia-mello\/\",\"name\":\"Mat\u00e9ria na Inesquec\u00edvel 15 Anos com a nossa debutante J\u00falia Mello - Vestido de Noiva RJ\",\"isPartOf\":{\"@id\":\"https:\/\/www.ivanabeaumond.com.br\/vestidos-noiva\/#website\"},\"datePublished\":\"2020-06-29T22:17:03+00:00\",\"dateModified\":\"2020-07-07T02:24:34+00:00\",\"breadcrumb\":{\"@id\":\"https:\/\/www.ivanabeaumond.com.br\/vestidos-noiva\/materia-na-inesquecivel-15-anos-com-a-nossa-debutante-julia-mello\/#breadcrumb\"},\"inLanguage\":\"pt-BR\",\"potentialAction\":[{\"@type\":\"ReadAction\",\"target\":[\"https:\/\/www.ivanabeaumond.com.br\/vestidos-noiva\/materia-na-inesquecivel-15-anos-com-a-nossa-debutante-julia-mello\/\"]}]},{\"@type\":\"BreadcrumbList\",\"@id\":\"https:\/\/www.ivanabeaumond.com.br\/vestidos-noiva\/materia-na-inesquecivel-15-anos-com-a-nossa-debutante-julia-mello\/#breadcrumb\",\"itemListElement\":[{\"@type\":\"ListItem\",\"position\":1,\"name\":\"In\u00edcio\",\"item\":\"https:\/\/www.ivanabeaumond.com.br\/vestidos-noiva\/\"},{\"@type\":\"ListItem\",\"position\":2,\"name\":\"Mat\u00e9ria na Inesquec\u00edvel 15 Anos com a nossa debutante J\u00falia Mello\"}]},{\"@type\":\"WebSite\",\"@id\":\"https:\/\/www.ivanabeaumond.com.br\/vestidos-noiva\/#website\",\"url\":\"https:\/\/www.ivanabeaumond.com.br\/vestidos-noiva\/\",\"name\":\"Vestido de Noiva RJ\",\"description\":\"Moda Noiva\",\"publisher\":{\"@id\":\"https:\/\/www.ivanabeaumond.com.br\/vestidos-noiva\/#organization\"},\"potentialAction\":[{\"@type\":\"SearchAction\",\"target\":{\"@type\":\"EntryPoint\",\"urlTemplate\":\"https:\/\/www.ivanabeaumond.com.br\/vestidos-noiva\/?s={search_term_string}\"},\"query-input\":\"required name=search_term_string\"}],\"inLanguage\":\"pt-BR\"},{\"@type\":\"Organization\",\"@id\":\"https:\/\/www.ivanabeaumond.com.br\/vestidos-noiva\/#organization\",\"name\":\"Vestido de Noiva RJ\",\"url\":\"https:\/\/www.ivanabeaumond.com.br\/vestidos-noiva\/\",\"logo\":{\"@type\":\"ImageObject\",\"inLanguage\":\"pt-BR\",\"@id\":\"https:\/\/www.ivanabeaumond.com.br\/vestidos-noiva\/#\/schema\/logo\/image\/\",\"url\":\"https:\/\/www.ivanabeaumond.com.br\/vestidos-noiva\/wp-content\/uploads\/2018\/02\/logo_ivana_beaumond-2.png\",\"contentUrl\":\"https:\/\/www.ivanabeaumond.com.br\/vestidos-noiva\/wp-content\/uploads\/2018\/02\/logo_ivana_beaumond-2.png\",\"width\":230,\"height\":112,\"caption\":\"Vestido de Noiva RJ\"},\"image\":{\"@id\":\"https:\/\/www.ivanabeaumond.com.br\/vestidos-noiva\/#\/schema\/logo\/image\/\"},\"sameAs\":[\"https:\/\/www.facebook.com\/ivana.beaumondnoivas\",\"https:\/\/www.instagram.com\/ivanabeaumond\/\",\"https:\/\/www.tiktok.com\/@ivanabeaumond\"]},{\"@type\":\"Person\",\"@id\":\"https:\/\/www.ivanabeaumond.com.br\/vestidos-noiva\/#\/schema\/person\/1a360c4cffa3b806d29a456389dcff26\",\"name\":\"Ivana Beaumond Paris\",\"image\":{\"@type\":\"ImageObject\",\"inLanguage\":\"pt-BR\",\"@id\":\"https:\/\/www.ivanabeaumond.com.br\/vestidos-noiva\/#\/schema\/person\/image\/\",\"url\":\"https:\/\/secure.gravatar.com\/avatar\/641f98db20b53ec937ceb641db4270b9?s=96&d=mm&r=g\",\"contentUrl\":\"https:\/\/secure.gravatar.com\/avatar\/641f98db20b53ec937ceb641db4270b9?s=96&d=mm&r=g\",\"caption\":\"Ivana Beaumond Paris\"},\"url\":\"https:\/\/www.ivanabeaumond.com.br\/vestidos-noiva\/author\/ivana\/\"}]}<\/script>\n<!-- \/ Yoast SEO plugin. -->","yoast_head_json":{"title":"Mat\u00e9ria na Inesquec\u00edvel 15 Anos com a nossa debutante J\u00falia Mello - Vestido de Noiva RJ","robots":{"index":"index","follow":"follow","max-snippet":"max-snippet:-1","max-image-preview":"max-image-preview:large","max-video-preview":"max-video-preview:-1"},"canonical":"https:\/\/www.ivanabeaumond.com.br\/vestidos-noiva\/materia-na-inesquecivel-15-anos-com-a-nossa-debutante-julia-mello\/","og_locale":"pt_BR","og_type":"article","og_title":"Mat\u00e9ria na Inesquec\u00edvel 15 Anos com a nossa debutante J\u00falia Mello - Vestido de Noiva RJ","og_description":"A festa de 15 anos da nossa debutante J\u00falia Mello...","og_url":"https:\/\/www.ivanabeaumond.com.br\/vestidos-noiva\/materia-na-inesquecivel-15-anos-com-a-nossa-debutante-julia-mello\/","og_site_name":"Vestido de Noiva RJ","article_publisher":"https:\/\/www.facebook.com\/ivana.beaumondnoivas","article_published_time":"2020-06-29T22:17:03+00:00","article_modified_time":"2020-07-07T02:24:34+00:00","og_image":[{"width":600,"height":400,"url":"https:\/\/www.ivanabeaumond.com.br\/vestidos-noiva\/wp-content\/uploads\/2020\/06\/festa-de-15-anos-atelier-ivana-beaumond-paris-rj-tema-star-wars-5-e1593035568393.jpg","type":"image\/jpeg"}],"author":"Ivana Beaumond Paris","twitter_card":"summary_large_image","twitter_misc":{"Escrito por":"Ivana Beaumond Paris","Est. tempo de leitura":"1 minuto"},"schema":{"@context":"https:\/\/schema.org","@graph":[{"@type":"Article","@id":"https:\/\/www.ivanabeaumond.com.br\/vestidos-noiva\/materia-na-inesquecivel-15-anos-com-a-nossa-debutante-julia-mello\/#article","isPartOf":{"@id":"https:\/\/www.ivanabeaumond.com.br\/vestidos-noiva\/materia-na-inesquecivel-15-anos-com-a-nossa-debutante-julia-mello\/"},"author":{"name":"Ivana Beaumond Paris","@id":"https:\/\/www.ivanabeaumond.com.br\/vestidos-noiva\/#\/schema\/person\/1a360c4cffa3b806d29a456389dcff26"},"headline":"Mat\u00e9ria na Inesquec\u00edvel 15 Anos com a nossa debutante J\u00falia Mello","datePublished":"2020-06-29T22:17:03+00:00","dateModified":"2020-07-07T02:24:34+00:00","mainEntityOfPage":{"@id":"https:\/\/www.ivanabeaumond.com.br\/vestidos-noiva\/materia-na-inesquecivel-15-anos-com-a-nossa-debutante-julia-mello\/"},"wordCount":182,"publisher":{"@id":"https:\/\/www.ivanabeaumond.com.br\/vestidos-noiva\/#organization"},"keywords":["15 anos","alta costura","atelier ivana beaumond","atelier ivana beaumond paris","debutante","festa de 15 anos","Festa Star Wars","festa tem\u00e1tica","filme Star Wars","inesquec\u00edvel 15 anos","ivana beaumond","moda festa","tema Star Wars","vestido","vestidos de debutante"],"articleSection":["Blog","Home","Na M\u00eddia"],"inLanguage":"pt-BR"},{"@type":"WebPage","@id":"https:\/\/www.ivanabeaumond.com.br\/vestidos-noiva\/materia-na-inesquecivel-15-anos-com-a-nossa-debutante-julia-mello\/","url":"https:\/\/www.ivanabeaumond.com.br\/vestidos-noiva\/materia-na-inesquecivel-15-anos-com-a-nossa-debutante-julia-mello\/","name":"Mat\u00e9ria na Inesquec\u00edvel 15 Anos com a nossa debutante J\u00falia Mello - Vestido de Noiva RJ","isPartOf":{"@id":"https:\/\/www.ivanabeaumond.com.br\/vestidos-noiva\/#website"},"datePublished":"2020-06-29T22:17:03+00:00","dateModified":"2020-07-07T02:24:34+00:00","breadcrumb":{"@id":"https:\/\/www.ivanabeaumond.com.br\/vestidos-noiva\/materia-na-inesquecivel-15-anos-com-a-nossa-debutante-julia-mello\/#breadcrumb"},"inLanguage":"pt-BR","potentialAction":[{"@type":"ReadAction","target":["https:\/\/www.ivanabeaumond.com.br\/vestidos-noiva\/materia-na-inesquecivel-15-anos-com-a-nossa-debutante-julia-mello\/"]}]},{"@type":"BreadcrumbList","@id":"https:\/\/www.ivanabeaumond.com.br\/vestidos-noiva\/materia-na-inesquecivel-15-anos-com-a-nossa-debutante-julia-mello\/#breadcrumb","itemListElement":[{"@type":"ListItem","position":1,"name":"In\u00edcio","item":"https:\/\/www.ivanabeaumond.com.br\/vestidos-noiva\/"},{"@type":"ListItem","position":2,"name":"Mat\u00e9ria na Inesquec\u00edvel 15 Anos com a nossa debutante J\u00falia Mello"}]},{"@type":"WebSite","@id":"https:\/\/www.ivanabeaumond.com.br\/vestidos-noiva\/#website","url":"https:\/\/www.ivanabeaumond.com.br\/vestidos-noiva\/","name":"Vestido de Noiva RJ","description":"Moda Noiva","publisher":{"@id":"https:\/\/www.ivanabeaumond.com.br\/vestidos-noiva\/#organization"},"potentialAction":[{"@type":"SearchAction","target":{"@type":"EntryPoint","urlTemplate":"https:\/\/www.ivanabeaumond.com.br\/vestidos-noiva\/?s={search_term_string}"},"query-input":"required name=search_term_string"}],"inLanguage":"pt-BR"},{"@type":"Organization","@id":"https:\/\/www.ivanabeaumond.com.br\/vestidos-noiva\/#organization","name":"Vestido de Noiva RJ","url":"https:\/\/www.ivanabeaumond.com.br\/vestidos-noiva\/","logo":{"@type":"ImageObject","inLanguage":"pt-BR","@id":"https:\/\/www.ivanabeaumond.com.br\/vestidos-noiva\/#\/schema\/logo\/image\/","url":"https:\/\/www.ivanabeaumond.com.br\/vestidos-noiva\/wp-content\/uploads\/2018\/02\/logo_ivana_beaumond-2.png","contentUrl":"https:\/\/www.ivanabeaumond.com.br\/vestidos-noiva\/wp-content\/uploads\/2018\/02\/logo_ivana_beaumond-2.png","width":230,"height":112,"caption":"Vestido de Noiva RJ"},"image":{"@id":"https:\/\/www.ivanabeaumond.com.br\/vestidos-noiva\/#\/schema\/logo\/image\/"},"sameAs":["https:\/\/www.facebook.com\/ivana.beaumondnoivas","https:\/\/www.instagram.com\/ivanabeaumond\/","https:\/\/www.tiktok.com\/@ivanabeaumond"]},{"@type":"Person","@id":"https:\/\/www.ivanabeaumond.com.br\/vestidos-noiva\/#\/schema\/person\/1a360c4cffa3b806d29a456389dcff26","name":"Ivana Beaumond Paris","image":{"@type":"ImageObject","inLanguage":"pt-BR","@id":"https:\/\/www.ivanabeaumond.com.br\/vestidos-noiva\/#\/schema\/person\/image\/","url":"https:\/\/secure.gravatar.com\/avatar\/641f98db20b53ec937ceb641db4270b9?s=96&d=mm&r=g","contentUrl":"https:\/\/secure.gravatar.com\/avatar\/641f98db20b53ec937ceb641db4270b9?s=96&d=mm&r=g","caption":"Ivana Beaumond Paris"},"url":"https:\/\/www.ivanabeaumond.com.br\/vestidos-noiva\/author\/ivana\/"}]}},"_links":{"self":[{"href":"https:\/\/www.ivanabeaumond.com.br\/vestidos-noiva\/wp-json\/wp\/v2\/posts\/24867"}],"collection":[{"href":"https:\/\/www.ivanabeaumond.com.br\/vestidos-noiva\/wp-json\/wp\/v2\/posts"}],"about":[{"href":"https:\/\/www.ivanabeaumond.com.br\/vestidos-noiva\/wp-json\/wp\/v2\/types\/post"}],"author":[{"embeddable":true,"href":"https:\/\/www.ivanabeaumond.com.br\/vestidos-noiva\/wp-json\/wp\/v2\/users\/4"}],"replies":[{"embeddable":true,"href":"https:\/\/www.ivanabeaumond.com.br\/vestidos-noiva\/wp-json\/wp\/v2\/comments?post=24867"}],"version-history":[{"count":4,"href":"https:\/\/www.ivanabeaumond.com.br\/vestidos-noiva\/wp-json\/wp\/v2\/posts\/24867\/revisions"}],"predecessor-version":[{"id":25114,"href":"https:\/\/www.ivanabeaumond.com.br\/vestidos-noiva\/wp-json\/wp\/v2\/posts\/24867\/revisions\/25114"}],"wp:featuredmedia":[{"embeddable":true,"href":"https:\/\/www.ivanabeaumond.com.br\/vestidos-noiva\/wp-json\/wp\/v2\/media\/24829"}],"wp:attachment":[{"href":"https:\/\/www.ivanabeaumond.com.br\/vestidos-noiva\/wp-json\/wp\/v2\/media?parent=24867"}],"wp:term":[{"taxonomy":"category","embeddable":true,"href":"https:\/\/www.ivanabeaumond.com.br\/vestidos-noiva\/wp-json\/wp\/v2\/categories?post=24867"},{"taxonomy":"post_tag","embeddable":true,"href":"https:\/\/www.ivanabeaumond.com.br\/vestidos-noiva\/wp-json\/wp\/v2\/tags?post=24867"}],"curies":[{"name":"wp","href":"https:\/\/api.w.org\/{rel}","templated":true}]}}