{"id":24906,"date":"2020-08-20T14:28:24","date_gmt":"2020-08-20T17:28:24","guid":{"rendered":"https:\/\/www.ivanabeaumond.com.br\/vestidos-noiva\/?p=24906"},"modified":"2020-08-20T14:28:26","modified_gmt":"2020-08-20T17:28:26","slug":"casamento-ao-ar-livre-vestido-de-noiva-rj-com-erika-e-marcos","status":"publish","type":"post","link":"https:\/\/www.ivanabeaumond.com.br\/vestidos-noiva\/casamento-ao-ar-livre-vestido-de-noiva-rj-com-erika-e-marcos\/","title":{"rendered":"Casamento ao Ar Livre, com Erika e Marcos"},"content":{"rendered":"\n<div style=\"height:27px\" aria-hidden=\"true\" class=\"wp-block-spacer\"><\/div>\n\n\n\n<h4 class=\"wp-block-heading\">Simples, sofisticado e cheio de romantismo. S\u00e3o os ingredientes que fazem esse charmoso casamento no campo ser inesquec\u00edvel e apaixonante.<\/h4>\n\n\n\n<div style=\"height:29px\" aria-hidden=\"true\" class=\"wp-block-spacer\"><\/div>\n\n\n\n<div class=\"wp-block-image\"><figure class=\"aligncenter size-large is-resized\"><img decoding=\"async\" src=\"https:\/\/www.ivanabeaumond.com.br\/vestidos-noiva\/wp-content\/uploads\/2020\/08\/casamento-ao-ar-livre-vestido-de-noiva-rj-atelier-ivana-beaumond-paris-1-1024x706.jpg\" alt=\"\" class=\"wp-image-25897\" width=\"600\" srcset=\"https:\/\/www.ivanabeaumond.com.br\/vestidos-noiva\/wp-content\/uploads\/2020\/08\/casamento-ao-ar-livre-vestido-de-noiva-rj-atelier-ivana-beaumond-paris-1-1024x706.jpg 1024w, https:\/\/www.ivanabeaumond.com.br\/vestidos-noiva\/wp-content\/uploads\/2020\/08\/casamento-ao-ar-livre-vestido-de-noiva-rj-atelier-ivana-beaumond-paris-1-300x207.jpg 300w, https:\/\/www.ivanabeaumond.com.br\/vestidos-noiva\/wp-content\/uploads\/2020\/08\/casamento-ao-ar-livre-vestido-de-noiva-rj-atelier-ivana-beaumond-paris-1-768x530.jpg 768w, https:\/\/www.ivanabeaumond.com.br\/vestidos-noiva\/wp-content\/uploads\/2020\/08\/casamento-ao-ar-livre-vestido-de-noiva-rj-atelier-ivana-beaumond-paris-1.jpg 1080w\" sizes=\"(max-width: 1024px) 100vw, 1024px\" \/><\/figure><\/div>\n\n\n\n<div style=\"height:28px\" aria-hidden=\"true\" class=\"wp-block-spacer\"><\/div>\n\n\n\n<h4 class=\"has-cyan-bluish-gray-color has-text-color wp-block-heading\">Recebemos as fotos da nossa noiva Erika e estamos apaixonados por esse casamento ao ar livre! A cerim\u00f4nia aconteceu no S\u00edtio Rei do Gado, em Guaratiba, e teve tudo o que mais amamos em um casamento no campo &#8211; uma decora\u00e7\u00e3o r\u00fastica linda, um clima perfeito, fotos de casamento incr\u00edveis e, claro, um vestido de noiva deslumbrante assinado pelo Atelier Ivana Beaumond Paris. Confira, a seguir, alguns registros desse dia inesquec\u00edvel:<\/h4>\n\n\n\n<div style=\"height:32px\" aria-hidden=\"true\" class=\"wp-block-spacer\"><\/div>\n\n\n\n<div class=\"wp-block-image\"><figure class=\"aligncenter size-large is-resized\"><img decoding=\"async\" loading=\"lazy\" src=\"https:\/\/www.ivanabeaumond.com.br\/vestidos-noiva\/wp-content\/uploads\/2020\/08\/74601359_2447838652124717_2669573218649529680_n-839x1024.jpg\" alt=\"\" class=\"wp-image-25778\" width=\"420\" height=\"512\" srcset=\"https:\/\/www.ivanabeaumond.com.br\/vestidos-noiva\/wp-content\/uploads\/2020\/08\/74601359_2447838652124717_2669573218649529680_n-839x1024.jpg 839w, https:\/\/www.ivanabeaumond.com.br\/vestidos-noiva\/wp-content\/uploads\/2020\/08\/74601359_2447838652124717_2669573218649529680_n-246x300.jpg 246w, https:\/\/www.ivanabeaumond.com.br\/vestidos-noiva\/wp-content\/uploads\/2020\/08\/74601359_2447838652124717_2669573218649529680_n-768x937.jpg 768w, https:\/\/www.ivanabeaumond.com.br\/vestidos-noiva\/wp-content\/uploads\/2020\/08\/74601359_2447838652124717_2669573218649529680_n.jpg 1080w\" sizes=\"(max-width: 420px) 100vw, 420px\" \/><\/figure><\/div>\n\n\n\n<div class=\"wp-block-image\"><figure class=\"aligncenter size-large is-resized\"><img decoding=\"async\" src=\"https:\/\/www.ivanabeaumond.com.br\/vestidos-noiva\/wp-content\/uploads\/2020\/08\/casamento-ao-ar-livre-vestido-de-noiva-rj-atelier-ivana-beaumond-paris-2-836x1024.jpg\" alt=\"\" class=\"wp-image-25898\" width=\"420\" srcset=\"https:\/\/www.ivanabeaumond.com.br\/vestidos-noiva\/wp-content\/uploads\/2020\/08\/casamento-ao-ar-livre-vestido-de-noiva-rj-atelier-ivana-beaumond-paris-2-836x1024.jpg 836w, https:\/\/www.ivanabeaumond.com.br\/vestidos-noiva\/wp-content\/uploads\/2020\/08\/casamento-ao-ar-livre-vestido-de-noiva-rj-atelier-ivana-beaumond-paris-2-245x300.jpg 245w, https:\/\/www.ivanabeaumond.com.br\/vestidos-noiva\/wp-content\/uploads\/2020\/08\/casamento-ao-ar-livre-vestido-de-noiva-rj-atelier-ivana-beaumond-paris-2-768x941.jpg 768w, https:\/\/www.ivanabeaumond.com.br\/vestidos-noiva\/wp-content\/uploads\/2020\/08\/casamento-ao-ar-livre-vestido-de-noiva-rj-atelier-ivana-beaumond-paris-2.jpg 1080w\" sizes=\"(max-width: 836px) 100vw, 836px\" \/><\/figure><\/div>\n\n\n\n<div class=\"wp-block-image\"><figure class=\"aligncenter size-large is-resized\"><img decoding=\"async\" src=\"https:\/\/www.ivanabeaumond.com.br\/vestidos-noiva\/wp-content\/uploads\/2020\/08\/casamento-ao-ar-livre-vestido-de-noiva-rj-atelier-ivana-beaumond-paris-5-819x1024.jpg\" alt=\"\" class=\"wp-image-25901\" width=\"420\" srcset=\"https:\/\/www.ivanabeaumond.com.br\/vestidos-noiva\/wp-content\/uploads\/2020\/08\/casamento-ao-ar-livre-vestido-de-noiva-rj-atelier-ivana-beaumond-paris-5-819x1024.jpg 819w, https:\/\/www.ivanabeaumond.com.br\/vestidos-noiva\/wp-content\/uploads\/2020\/08\/casamento-ao-ar-livre-vestido-de-noiva-rj-atelier-ivana-beaumond-paris-5-240x300.jpg 240w, https:\/\/www.ivanabeaumond.com.br\/vestidos-noiva\/wp-content\/uploads\/2020\/08\/casamento-ao-ar-livre-vestido-de-noiva-rj-atelier-ivana-beaumond-paris-5-768x960.jpg 768w, https:\/\/www.ivanabeaumond.com.br\/vestidos-noiva\/wp-content\/uploads\/2020\/08\/casamento-ao-ar-livre-vestido-de-noiva-rj-atelier-ivana-beaumond-paris-5.jpg 1080w\" sizes=\"(max-width: 819px) 100vw, 819px\" \/><figcaption>Fotos: Vanessa Rios.<\/figcaption><\/figure><\/div>\n\n\n\n<div style=\"height:37px\" aria-hidden=\"true\" class=\"wp-block-spacer\"><\/div>\n\n\n\n<h4 class=\"has-cyan-bluish-gray-color has-text-color wp-block-heading\">\u00c9 claro que as famosas fotos do ensaio pr\u00e9-wedding n\u00e3o poderiam faltar. Quem \u00e9 ou j\u00e1 foi uma noivinha sabe o que significa sonhar com o vestido de noiva e pode concordar que o modelo da Erika parece mesmo sa\u00eddo de um sonho! Um vestido de noiva semi sereia, com a tradicional renda francesa e o toque moderno do cinto prateado de brilhantes, que atendeu \u00e0 proposta de um look mais r\u00fastico e ao mesmo tempo rom\u00e2ntico &#8211; e o mais importante, tinha toda a personalidade da nossa noiva. Ela tamb\u00e9m optou pela cauda e pelo v\u00e9u. Os acess\u00f3rios tamb\u00e9m s\u00e3o do nosso ateli\u00ea. Veja agora as fotos da cerim\u00f4nia:<\/h4>\n\n\n\n<div style=\"height:27px\" aria-hidden=\"true\" class=\"wp-block-spacer\"><\/div>\n\n\n\n<div class=\"wp-block-image\"><figure class=\"aligncenter size-large is-resized\"><img decoding=\"async\" src=\"https:\/\/www.ivanabeaumond.com.br\/vestidos-noiva\/wp-content\/uploads\/2020\/08\/casamento-ao-ar-livre-vestido-de-noiva-rj-atelier-ivana-beaumond-paris-3-1024x683.jpg\" alt=\"\" class=\"wp-image-25899\" width=\"600\" srcset=\"https:\/\/www.ivanabeaumond.com.br\/vestidos-noiva\/wp-content\/uploads\/2020\/08\/casamento-ao-ar-livre-vestido-de-noiva-rj-atelier-ivana-beaumond-paris-3-1024x683.jpg 1024w, https:\/\/www.ivanabeaumond.com.br\/vestidos-noiva\/wp-content\/uploads\/2020\/08\/casamento-ao-ar-livre-vestido-de-noiva-rj-atelier-ivana-beaumond-paris-3-300x200.jpg 300w, https:\/\/www.ivanabeaumond.com.br\/vestidos-noiva\/wp-content\/uploads\/2020\/08\/casamento-ao-ar-livre-vestido-de-noiva-rj-atelier-ivana-beaumond-paris-3-768x512.jpg 768w, https:\/\/www.ivanabeaumond.com.br\/vestidos-noiva\/wp-content\/uploads\/2020\/08\/casamento-ao-ar-livre-vestido-de-noiva-rj-atelier-ivana-beaumond-paris-3-480x320.jpg 480w, https:\/\/www.ivanabeaumond.com.br\/vestidos-noiva\/wp-content\/uploads\/2020\/08\/casamento-ao-ar-livre-vestido-de-noiva-rj-atelier-ivana-beaumond-paris-3.jpg 1080w\" sizes=\"(max-width: 1024px) 100vw, 1024px\" \/><\/figure><\/div>\n\n\n\n<div class=\"wp-block-image\"><figure class=\"aligncenter size-large is-resized\"><img decoding=\"async\" src=\"https:\/\/www.ivanabeaumond.com.br\/vestidos-noiva\/wp-content\/uploads\/2020\/08\/casamento-ao-ar-livre-vestido-de-noiva-rj-atelier-ivana-beaumond-paris-10.jpg\" alt=\"\" class=\"wp-image-25907\" width=\"600\" srcset=\"https:\/\/www.ivanabeaumond.com.br\/vestidos-noiva\/wp-content\/uploads\/2020\/08\/casamento-ao-ar-livre-vestido-de-noiva-rj-atelier-ivana-beaumond-paris-10.jpg 750w, https:\/\/www.ivanabeaumond.com.br\/vestidos-noiva\/wp-content\/uploads\/2020\/08\/casamento-ao-ar-livre-vestido-de-noiva-rj-atelier-ivana-beaumond-paris-10-300x200.jpg 300w, https:\/\/www.ivanabeaumond.com.br\/vestidos-noiva\/wp-content\/uploads\/2020\/08\/casamento-ao-ar-livre-vestido-de-noiva-rj-atelier-ivana-beaumond-paris-10-480x320.jpg 480w\" sizes=\"(max-width: 750px) 100vw, 750px\" \/><\/figure><\/div>\n\n\n\n<div style=\"height:42px\" aria-hidden=\"true\" class=\"wp-block-spacer\"><\/div>\n\n\n\n<h4 class=\"has-cyan-bluish-gray-color has-text-color wp-block-heading\">Um casamento ao ar livre de noite se diferencia dos outros por depender de uma ilumina\u00e7\u00e3o impec\u00e1vel para acontecer. O brilho \u00e9 um recurso que pode ser explorado tanto na decora\u00e7\u00e3o quanto no vestido de noiva, para deixar tudo mais fotogr\u00e1fico e chamativo. Nossos noivos, Erika e Marcos, n\u00e3o economizaram nos <em>sparkles<\/em>&#8230;<\/h4>\n\n\n\n<div style=\"height:42px\" aria-hidden=\"true\" class=\"wp-block-spacer\"><\/div>\n\n\n\n<div class=\"wp-block-image\"><figure class=\"aligncenter size-large is-resized\"><img decoding=\"async\" src=\"https:\/\/www.ivanabeaumond.com.br\/vestidos-noiva\/wp-content\/uploads\/2020\/08\/casamento-ao-ar-livre-vestido-de-noiva-rj-atelier-ivana-beaumond-paris-7.jpg\" alt=\"\" class=\"wp-image-25903\" width=\"600\" srcset=\"https:\/\/www.ivanabeaumond.com.br\/vestidos-noiva\/wp-content\/uploads\/2020\/08\/casamento-ao-ar-livre-vestido-de-noiva-rj-atelier-ivana-beaumond-paris-7.jpg 750w, https:\/\/www.ivanabeaumond.com.br\/vestidos-noiva\/wp-content\/uploads\/2020\/08\/casamento-ao-ar-livre-vestido-de-noiva-rj-atelier-ivana-beaumond-paris-7-300x200.jpg 300w, https:\/\/www.ivanabeaumond.com.br\/vestidos-noiva\/wp-content\/uploads\/2020\/08\/casamento-ao-ar-livre-vestido-de-noiva-rj-atelier-ivana-beaumond-paris-7-480x320.jpg 480w\" sizes=\"(max-width: 750px) 100vw, 750px\" \/><\/figure><\/div>\n\n\n\n<div class=\"wp-block-image\"><figure class=\"aligncenter size-large is-resized\"><img decoding=\"async\" src=\"https:\/\/www.ivanabeaumond.com.br\/vestidos-noiva\/wp-content\/uploads\/2020\/08\/casamento-ao-ar-livre-vestido-de-noiva-rj-atelier-ivana-beaumond-paris-6-1024x751.jpg\" alt=\"\" class=\"wp-image-25902\" width=\"600\" srcset=\"https:\/\/www.ivanabeaumond.com.br\/vestidos-noiva\/wp-content\/uploads\/2020\/08\/casamento-ao-ar-livre-vestido-de-noiva-rj-atelier-ivana-beaumond-paris-6-1024x751.jpg 1024w, https:\/\/www.ivanabeaumond.com.br\/vestidos-noiva\/wp-content\/uploads\/2020\/08\/casamento-ao-ar-livre-vestido-de-noiva-rj-atelier-ivana-beaumond-paris-6-300x220.jpg 300w, https:\/\/www.ivanabeaumond.com.br\/vestidos-noiva\/wp-content\/uploads\/2020\/08\/casamento-ao-ar-livre-vestido-de-noiva-rj-atelier-ivana-beaumond-paris-6-768x563.jpg 768w, https:\/\/www.ivanabeaumond.com.br\/vestidos-noiva\/wp-content\/uploads\/2020\/08\/casamento-ao-ar-livre-vestido-de-noiva-rj-atelier-ivana-beaumond-paris-6.jpg 1080w\" sizes=\"(max-width: 1024px) 100vw, 1024px\" \/><\/figure><\/div>\n\n\n\n<div class=\"wp-block-image\"><figure class=\"aligncenter size-large is-resized\"><img decoding=\"async\" src=\"https:\/\/www.ivanabeaumond.com.br\/vestidos-noiva\/wp-content\/uploads\/2020\/08\/casamento-ao-ar-livre-vestido-de-noiva-rj-atelier-ivana-beaumond-paris-11-1.jpg\" alt=\"\" class=\"wp-image-25910\" width=\"600\" srcset=\"https:\/\/www.ivanabeaumond.com.br\/vestidos-noiva\/wp-content\/uploads\/2020\/08\/casamento-ao-ar-livre-vestido-de-noiva-rj-atelier-ivana-beaumond-paris-11-1.jpg 979w, https:\/\/www.ivanabeaumond.com.br\/vestidos-noiva\/wp-content\/uploads\/2020\/08\/casamento-ao-ar-livre-vestido-de-noiva-rj-atelier-ivana-beaumond-paris-11-1-300x220.jpg 300w, https:\/\/www.ivanabeaumond.com.br\/vestidos-noiva\/wp-content\/uploads\/2020\/08\/casamento-ao-ar-livre-vestido-de-noiva-rj-atelier-ivana-beaumond-paris-11-1-768x564.jpg 768w\" sizes=\"(max-width: 979px) 100vw, 979px\" \/><figcaption>Fotos: Vanessa Rios<\/figcaption><\/figure><\/div>\n\n\n\n<div style=\"height:39px\" aria-hidden=\"true\" class=\"wp-block-spacer\"><\/div>\n\n\n\n<h4 class=\"has-cyan-bluish-gray-color has-text-color wp-block-heading\">\u00c9 imposs\u00edvel medir com palavras a emo\u00e7\u00e3o de realizar o sonho de uma noiva e por isso amamos tanto esse trabalho. \u00c0 Erika e ao Marcos, um grande obrigado por ter nos escolhido para fazer parte dessa produ\u00e7\u00e3o &#8211; e um parab\u00e9ns especial \u00e0 nossa noiva pela realiza\u00e7\u00e3o e pelo sucesso do seu grande dia. Sejam felizes para sempre!<\/h4>\n\n\n\n<div style=\"height:28px\" aria-hidden=\"true\" class=\"wp-block-spacer\"><\/div>\n\n\n\n<h4 class=\"has-cyan-bluish-gray-color has-text-color wp-block-heading\">Para ver mais fotos das nossas noivas e acompanhar as nossas novidades, n\u00e3o deixe de nos seguir no <a href=\"https:\/\/www.instagram.com\/ivanabeaumond\/\" target=\"_blank\" rel=\"noreferrer noopener\"><span class=\"has-inline-color has-vivid-cyan-blue-color\">instagram!<\/span><\/a><\/h4>\n\n\n\n<div style=\"height:47px\" aria-hidden=\"true\" class=\"wp-block-spacer\"><\/div>\n\n\n\n<div class=\"wp-block-image\"><figure class=\"aligncenter size-large is-resized\"><img decoding=\"async\" src=\"https:\/\/www.ivanabeaumond.com.br\/vestidos-noiva\/wp-content\/uploads\/2020\/08\/casamento-ao-ar-livre-vestido-de-noiva-rj-atelier-ivana-beaumond-paris-9.jpg\" alt=\"\" class=\"wp-image-25906\" width=\"600\" srcset=\"https:\/\/www.ivanabeaumond.com.br\/vestidos-noiva\/wp-content\/uploads\/2020\/08\/casamento-ao-ar-livre-vestido-de-noiva-rj-atelier-ivana-beaumond-paris-9.jpg 750w, https:\/\/www.ivanabeaumond.com.br\/vestidos-noiva\/wp-content\/uploads\/2020\/08\/casamento-ao-ar-livre-vestido-de-noiva-rj-atelier-ivana-beaumond-paris-9-300x264.jpg 300w\" sizes=\"(max-width: 750px) 100vw, 750px\" \/><figcaption>Ficha T\u00e9cnica:<br>Vestido de Noiva , V\u00e9u e Grinalda: Atelier Ivana Beaumond Paris. Maquiagem e Cabelo: Rayanne Sobreira. Buqu\u00ea: Nat\u00e1lia Silvestre Buqu\u00eas. Local do Evento: S\u00edtio Rei do Gado (Guaratiba, Rio de Janeiro &#8211; RJ). Decora\u00e7\u00e3o: S\u00edtio Rei do Gado Eventos. Cerimonial: Fl\u00e1vio Daflon. Anima\u00e7\u00e3o: Euphoricos Eventos. Fotografia: Vanessa Rios Fotografia. <\/figcaption><\/figure><\/div>\n\n\n\n<div style=\"height:33px\" aria-hidden=\"true\" class=\"wp-block-spacer\"><\/div>\n\n\n\n<h4 class=\"wp-block-heading\">Se voc\u00ea est\u00e1 em busca do seu vestido ideal mas ainda n\u00e3o sabe onde alugar um vestido de noiva no Rio de Janeiro, venha realizar o seu sonho com a gente! N\u00e3o deixe de conferir o nosso site para ver todas as nossas cole\u00e7\u00f5es de&nbsp;<a href=\"https:\/\/www.ivanabeaumond.com.br\/vestidos-noiva\/vestidos-de-noiva-rj\/\" target=\"_blank\" rel=\"noreferrer noopener\"><span class=\"has-inline-color has-vivid-cyan-blue-color\">Vestidos de Noiva<\/span><\/a>,&nbsp;<a rel=\"noreferrer noopener\" href=\"https:\/\/www.ivanabeaumond.com.br\/vestidos-noiva\/vestidos-casamento-madrinha-festa-formatura\/\" target=\"_blank\"><span class=\"has-inline-color has-vivid-cyan-blue-color\">Madrinhas<\/span><\/a>,&nbsp;<a href=\"https:\/\/www.ivanabeaumond.com.br\/vestidos-noiva\/vestidos-casamento-madrinha-festa-formatura\/\" target=\"_blank\" rel=\"noreferrer noopener\"><span class=\"has-inline-color has-vivid-cyan-blue-color\">Moda Festa<\/span><\/a>,&nbsp;<a href=\"https:\/\/www.ivanabeaumond.com.br\/vestidos-noiva\/damas\/\" target=\"_blank\" rel=\"noreferrer noopener\"><span class=\"has-inline-color has-vivid-cyan-blue-color\">Dama de Honra<\/span><\/a>&nbsp;e&nbsp;<a href=\"https:\/\/www.ivanabeaumond.com.br\/vestidos-noiva\/noivos-roupa-terno\/\" target=\"_blank\" rel=\"noreferrer noopener\"><span class=\"has-inline-color has-vivid-cyan-blue-color\">Trajes Masculinos<\/span><\/a>. Temos tudo o que o seu casamento precisa em termos de Trajes a Rigor, com o melhor atendimento e consultores especializados para te ajudar a construir o seu sonho! Agende sua visita pelo telefone ou&nbsp;<a href=\"https:\/\/www.ivanabeaumond.com.br\/vestidos-noiva\/moda-noiva-barra-da-tijuca\/\" target=\"_blank\" rel=\"noreferrer noopener\"><span class=\"has-inline-color has-vivid-cyan-blue-color\">pelo site<\/span><\/a>.<\/h4>\n\n\n\n<p><\/p>\n","protected":false},"excerpt":{"rendered":"<p>Simples, sofisticado e cheio de romantismo. S\u00e3o os ingredientes que&#8230;<\/p>\n","protected":false},"author":4,"featured_media":25917,"comment_status":"closed","ping_status":"closed","sticky":false,"template":"","format":"standard","meta":[],"categories":[60,130],"tags":[650,528,350,594,651,1274,1270,1271,1252,286,258,1187,1273,1130,1275,1269,1239,138,1157,115,690],"yoast_head":"<!-- This site is optimized with the Yoast SEO plugin v20.3 - https:\/\/yoast.com\/wordpress\/plugins\/seo\/ -->\n<title>Casamento ao Ar Livre, com Erika e Marcos - Vestido de Noiva RJ<\/title>\n<meta name=\"robots\" content=\"index, follow, max-snippet:-1, max-image-preview:large, max-video-preview:-1\" \/>\n<link rel=\"canonical\" href=\"https:\/\/www.ivanabeaumond.com.br\/vestidos-noiva\/casamento-ao-ar-livre-vestido-de-noiva-rj-com-erika-e-marcos\/\" \/>\n<meta property=\"og:locale\" content=\"pt_BR\" \/>\n<meta property=\"og:type\" content=\"article\" \/>\n<meta property=\"og:title\" content=\"Casamento ao Ar Livre, com Erika e Marcos - Vestido de Noiva RJ\" \/>\n<meta property=\"og:description\" content=\"Simples, sofisticado e cheio de romantismo. S\u00e3o os ingredientes que...\" \/>\n<meta property=\"og:url\" content=\"https:\/\/www.ivanabeaumond.com.br\/vestidos-noiva\/casamento-ao-ar-livre-vestido-de-noiva-rj-com-erika-e-marcos\/\" \/>\n<meta property=\"og:site_name\" content=\"Vestido de Noiva RJ\" \/>\n<meta property=\"article:publisher\" content=\"https:\/\/www.facebook.com\/ivana.beaumondnoivas\" \/>\n<meta property=\"article:published_time\" content=\"2020-08-20T17:28:24+00:00\" \/>\n<meta property=\"article:modified_time\" content=\"2020-08-20T17:28:26+00:00\" \/>\n<meta property=\"og:image\" content=\"https:\/\/www.ivanabeaumond.com.br\/vestidos-noiva\/wp-content\/uploads\/2020\/08\/casamento-ao-ar-livre-vestido-de-noiva-rj-atelier-ivana-beaumond-paris-1-1-e1597907332761.jpg\" \/>\n\t<meta property=\"og:image:width\" content=\"600\" \/>\n\t<meta property=\"og:image:height\" content=\"414\" \/>\n\t<meta property=\"og:image:type\" content=\"image\/jpeg\" \/>\n<meta name=\"author\" content=\"Ivana Beaumond Paris\" \/>\n<meta name=\"twitter:card\" content=\"summary_large_image\" \/>\n<meta name=\"twitter:label1\" content=\"Escrito por\" \/>\n\t<meta name=\"twitter:data1\" content=\"Ivana Beaumond Paris\" \/>\n\t<meta name=\"twitter:label2\" content=\"Est. tempo de leitura\" \/>\n\t<meta name=\"twitter:data2\" content=\"3 minutos\" \/>\n<script type=\"application\/ld+json\" class=\"yoast-schema-graph\">{\"@context\":\"https:\/\/schema.org\",\"@graph\":[{\"@type\":\"Article\",\"@id\":\"https:\/\/www.ivanabeaumond.com.br\/vestidos-noiva\/casamento-ao-ar-livre-vestido-de-noiva-rj-com-erika-e-marcos\/#article\",\"isPartOf\":{\"@id\":\"https:\/\/www.ivanabeaumond.com.br\/vestidos-noiva\/casamento-ao-ar-livre-vestido-de-noiva-rj-com-erika-e-marcos\/\"},\"author\":{\"name\":\"Ivana Beaumond Paris\",\"@id\":\"https:\/\/www.ivanabeaumond.com.br\/vestidos-noiva\/#\/schema\/person\/1a360c4cffa3b806d29a456389dcff26\"},\"headline\":\"Casamento ao Ar Livre, com Erika e Marcos\",\"datePublished\":\"2020-08-20T17:28:24+00:00\",\"dateModified\":\"2020-08-20T17:28:26+00:00\",\"mainEntityOfPage\":{\"@id\":\"https:\/\/www.ivanabeaumond.com.br\/vestidos-noiva\/casamento-ao-ar-livre-vestido-de-noiva-rj-com-erika-e-marcos\/\"},\"wordCount\":531,\"publisher\":{\"@id\":\"https:\/\/www.ivanabeaumond.com.br\/vestidos-noiva\/#organization\"},\"keywords\":[\"atelier ivana beaumond\",\"casamento ao ar livre\",\"casamento no campo\",\"casamento r\u00fastico\",\"casamentos\",\"decora\u00e7\u00e3o r\u00fastica\",\"ensaio pr\u00e9 wedding\",\"fotografias de casamento\",\"fotos de casamento\",\"ivana beaumond\",\"noivinha\",\"Nossa noiva\",\"o que significa sonhar com o vestido de noiva\",\"onde alugar vestido de noiva\",\"onde alugar vestido de noiva rj\",\"s\u00edtio rei do gado\",\"trajes de festa\",\"vestido de festa\",\"vestido de madrinha\",\"vestido de noiva\",\"vestido de noiva rj\"],\"articleSection\":[\"Blog\",\"Nossas Noivas\"],\"inLanguage\":\"pt-BR\"},{\"@type\":\"WebPage\",\"@id\":\"https:\/\/www.ivanabeaumond.com.br\/vestidos-noiva\/casamento-ao-ar-livre-vestido-de-noiva-rj-com-erika-e-marcos\/\",\"url\":\"https:\/\/www.ivanabeaumond.com.br\/vestidos-noiva\/casamento-ao-ar-livre-vestido-de-noiva-rj-com-erika-e-marcos\/\",\"name\":\"Casamento ao Ar Livre, com Erika e Marcos - Vestido de Noiva RJ\",\"isPartOf\":{\"@id\":\"https:\/\/www.ivanabeaumond.com.br\/vestidos-noiva\/#website\"},\"datePublished\":\"2020-08-20T17:28:24+00:00\",\"dateModified\":\"2020-08-20T17:28:26+00:00\",\"breadcrumb\":{\"@id\":\"https:\/\/www.ivanabeaumond.com.br\/vestidos-noiva\/casamento-ao-ar-livre-vestido-de-noiva-rj-com-erika-e-marcos\/#breadcrumb\"},\"inLanguage\":\"pt-BR\",\"potentialAction\":[{\"@type\":\"ReadAction\",\"target\":[\"https:\/\/www.ivanabeaumond.com.br\/vestidos-noiva\/casamento-ao-ar-livre-vestido-de-noiva-rj-com-erika-e-marcos\/\"]}]},{\"@type\":\"BreadcrumbList\",\"@id\":\"https:\/\/www.ivanabeaumond.com.br\/vestidos-noiva\/casamento-ao-ar-livre-vestido-de-noiva-rj-com-erika-e-marcos\/#breadcrumb\",\"itemListElement\":[{\"@type\":\"ListItem\",\"position\":1,\"name\":\"In\u00edcio\",\"item\":\"https:\/\/www.ivanabeaumond.com.br\/vestidos-noiva\/\"},{\"@type\":\"ListItem\",\"position\":2,\"name\":\"Casamento ao Ar Livre, com Erika e Marcos\"}]},{\"@type\":\"WebSite\",\"@id\":\"https:\/\/www.ivanabeaumond.com.br\/vestidos-noiva\/#website\",\"url\":\"https:\/\/www.ivanabeaumond.com.br\/vestidos-noiva\/\",\"name\":\"Vestido de Noiva RJ\",\"description\":\"Moda Noiva\",\"publisher\":{\"@id\":\"https:\/\/www.ivanabeaumond.com.br\/vestidos-noiva\/#organization\"},\"potentialAction\":[{\"@type\":\"SearchAction\",\"target\":{\"@type\":\"EntryPoint\",\"urlTemplate\":\"https:\/\/www.ivanabeaumond.com.br\/vestidos-noiva\/?s={search_term_string}\"},\"query-input\":\"required name=search_term_string\"}],\"inLanguage\":\"pt-BR\"},{\"@type\":\"Organization\",\"@id\":\"https:\/\/www.ivanabeaumond.com.br\/vestidos-noiva\/#organization\",\"name\":\"Vestido de Noiva RJ\",\"url\":\"https:\/\/www.ivanabeaumond.com.br\/vestidos-noiva\/\",\"logo\":{\"@type\":\"ImageObject\",\"inLanguage\":\"pt-BR\",\"@id\":\"https:\/\/www.ivanabeaumond.com.br\/vestidos-noiva\/#\/schema\/logo\/image\/\",\"url\":\"https:\/\/www.ivanabeaumond.com.br\/vestidos-noiva\/wp-content\/uploads\/2018\/02\/logo_ivana_beaumond-2.png\",\"contentUrl\":\"https:\/\/www.ivanabeaumond.com.br\/vestidos-noiva\/wp-content\/uploads\/2018\/02\/logo_ivana_beaumond-2.png\",\"width\":230,\"height\":112,\"caption\":\"Vestido de Noiva RJ\"},\"image\":{\"@id\":\"https:\/\/www.ivanabeaumond.com.br\/vestidos-noiva\/#\/schema\/logo\/image\/\"},\"sameAs\":[\"https:\/\/www.facebook.com\/ivana.beaumondnoivas\",\"https:\/\/www.instagram.com\/ivanabeaumond\/\",\"https:\/\/www.tiktok.com\/@ivanabeaumond\"]},{\"@type\":\"Person\",\"@id\":\"https:\/\/www.ivanabeaumond.com.br\/vestidos-noiva\/#\/schema\/person\/1a360c4cffa3b806d29a456389dcff26\",\"name\":\"Ivana Beaumond Paris\",\"image\":{\"@type\":\"ImageObject\",\"inLanguage\":\"pt-BR\",\"@id\":\"https:\/\/www.ivanabeaumond.com.br\/vestidos-noiva\/#\/schema\/person\/image\/\",\"url\":\"https:\/\/secure.gravatar.com\/avatar\/641f98db20b53ec937ceb641db4270b9?s=96&d=mm&r=g\",\"contentUrl\":\"https:\/\/secure.gravatar.com\/avatar\/641f98db20b53ec937ceb641db4270b9?s=96&d=mm&r=g\",\"caption\":\"Ivana Beaumond Paris\"},\"url\":\"https:\/\/www.ivanabeaumond.com.br\/vestidos-noiva\/author\/ivana\/\"}]}<\/script>\n<!-- \/ Yoast SEO plugin. -->","yoast_head_json":{"title":"Casamento ao Ar Livre, com Erika e Marcos - Vestido de Noiva RJ","robots":{"index":"index","follow":"follow","max-snippet":"max-snippet:-1","max-image-preview":"max-image-preview:large","max-video-preview":"max-video-preview:-1"},"canonical":"https:\/\/www.ivanabeaumond.com.br\/vestidos-noiva\/casamento-ao-ar-livre-vestido-de-noiva-rj-com-erika-e-marcos\/","og_locale":"pt_BR","og_type":"article","og_title":"Casamento ao Ar Livre, com Erika e Marcos - Vestido de Noiva RJ","og_description":"Simples, sofisticado e cheio de romantismo. S\u00e3o os ingredientes que...","og_url":"https:\/\/www.ivanabeaumond.com.br\/vestidos-noiva\/casamento-ao-ar-livre-vestido-de-noiva-rj-com-erika-e-marcos\/","og_site_name":"Vestido de Noiva RJ","article_publisher":"https:\/\/www.facebook.com\/ivana.beaumondnoivas","article_published_time":"2020-08-20T17:28:24+00:00","article_modified_time":"2020-08-20T17:28:26+00:00","og_image":[{"width":600,"height":414,"url":"https:\/\/www.ivanabeaumond.com.br\/vestidos-noiva\/wp-content\/uploads\/2020\/08\/casamento-ao-ar-livre-vestido-de-noiva-rj-atelier-ivana-beaumond-paris-1-1-e1597907332761.jpg","type":"image\/jpeg"}],"author":"Ivana Beaumond Paris","twitter_card":"summary_large_image","twitter_misc":{"Escrito por":"Ivana Beaumond Paris","Est. tempo de leitura":"3 minutos"},"schema":{"@context":"https:\/\/schema.org","@graph":[{"@type":"Article","@id":"https:\/\/www.ivanabeaumond.com.br\/vestidos-noiva\/casamento-ao-ar-livre-vestido-de-noiva-rj-com-erika-e-marcos\/#article","isPartOf":{"@id":"https:\/\/www.ivanabeaumond.com.br\/vestidos-noiva\/casamento-ao-ar-livre-vestido-de-noiva-rj-com-erika-e-marcos\/"},"author":{"name":"Ivana Beaumond Paris","@id":"https:\/\/www.ivanabeaumond.com.br\/vestidos-noiva\/#\/schema\/person\/1a360c4cffa3b806d29a456389dcff26"},"headline":"Casamento ao Ar Livre, com Erika e Marcos","datePublished":"2020-08-20T17:28:24+00:00","dateModified":"2020-08-20T17:28:26+00:00","mainEntityOfPage":{"@id":"https:\/\/www.ivanabeaumond.com.br\/vestidos-noiva\/casamento-ao-ar-livre-vestido-de-noiva-rj-com-erika-e-marcos\/"},"wordCount":531,"publisher":{"@id":"https:\/\/www.ivanabeaumond.com.br\/vestidos-noiva\/#organization"},"keywords":["atelier ivana beaumond","casamento ao ar livre","casamento no campo","casamento r\u00fastico","casamentos","decora\u00e7\u00e3o r\u00fastica","ensaio pr\u00e9 wedding","fotografias de casamento","fotos de casamento","ivana beaumond","noivinha","Nossa noiva","o que significa sonhar com o vestido de noiva","onde alugar vestido de noiva","onde alugar vestido de noiva rj","s\u00edtio rei do gado","trajes de festa","vestido de festa","vestido de madrinha","vestido de noiva","vestido de noiva rj"],"articleSection":["Blog","Nossas Noivas"],"inLanguage":"pt-BR"},{"@type":"WebPage","@id":"https:\/\/www.ivanabeaumond.com.br\/vestidos-noiva\/casamento-ao-ar-livre-vestido-de-noiva-rj-com-erika-e-marcos\/","url":"https:\/\/www.ivanabeaumond.com.br\/vestidos-noiva\/casamento-ao-ar-livre-vestido-de-noiva-rj-com-erika-e-marcos\/","name":"Casamento ao Ar Livre, com Erika e Marcos - Vestido de Noiva RJ","isPartOf":{"@id":"https:\/\/www.ivanabeaumond.com.br\/vestidos-noiva\/#website"},"datePublished":"2020-08-20T17:28:24+00:00","dateModified":"2020-08-20T17:28:26+00:00","breadcrumb":{"@id":"https:\/\/www.ivanabeaumond.com.br\/vestidos-noiva\/casamento-ao-ar-livre-vestido-de-noiva-rj-com-erika-e-marcos\/#breadcrumb"},"inLanguage":"pt-BR","potentialAction":[{"@type":"ReadAction","target":["https:\/\/www.ivanabeaumond.com.br\/vestidos-noiva\/casamento-ao-ar-livre-vestido-de-noiva-rj-com-erika-e-marcos\/"]}]},{"@type":"BreadcrumbList","@id":"https:\/\/www.ivanabeaumond.com.br\/vestidos-noiva\/casamento-ao-ar-livre-vestido-de-noiva-rj-com-erika-e-marcos\/#breadcrumb","itemListElement":[{"@type":"ListItem","position":1,"name":"In\u00edcio","item":"https:\/\/www.ivanabeaumond.com.br\/vestidos-noiva\/"},{"@type":"ListItem","position":2,"name":"Casamento ao Ar Livre, com Erika e Marcos"}]},{"@type":"WebSite","@id":"https:\/\/www.ivanabeaumond.com.br\/vestidos-noiva\/#website","url":"https:\/\/www.ivanabeaumond.com.br\/vestidos-noiva\/","name":"Vestido de Noiva RJ","description":"Moda Noiva","publisher":{"@id":"https:\/\/www.ivanabeaumond.com.br\/vestidos-noiva\/#organization"},"potentialAction":[{"@type":"SearchAction","target":{"@type":"EntryPoint","urlTemplate":"https:\/\/www.ivanabeaumond.com.br\/vestidos-noiva\/?s={search_term_string}"},"query-input":"required name=search_term_string"}],"inLanguage":"pt-BR"},{"@type":"Organization","@id":"https:\/\/www.ivanabeaumond.com.br\/vestidos-noiva\/#organization","name":"Vestido de Noiva RJ","url":"https:\/\/www.ivanabeaumond.com.br\/vestidos-noiva\/","logo":{"@type":"ImageObject","inLanguage":"pt-BR","@id":"https:\/\/www.ivanabeaumond.com.br\/vestidos-noiva\/#\/schema\/logo\/image\/","url":"https:\/\/www.ivanabeaumond.com.br\/vestidos-noiva\/wp-content\/uploads\/2018\/02\/logo_ivana_beaumond-2.png","contentUrl":"https:\/\/www.ivanabeaumond.com.br\/vestidos-noiva\/wp-content\/uploads\/2018\/02\/logo_ivana_beaumond-2.png","width":230,"height":112,"caption":"Vestido de Noiva RJ"},"image":{"@id":"https:\/\/www.ivanabeaumond.com.br\/vestidos-noiva\/#\/schema\/logo\/image\/"},"sameAs":["https:\/\/www.facebook.com\/ivana.beaumondnoivas","https:\/\/www.instagram.com\/ivanabeaumond\/","https:\/\/www.tiktok.com\/@ivanabeaumond"]},{"@type":"Person","@id":"https:\/\/www.ivanabeaumond.com.br\/vestidos-noiva\/#\/schema\/person\/1a360c4cffa3b806d29a456389dcff26","name":"Ivana Beaumond Paris","image":{"@type":"ImageObject","inLanguage":"pt-BR","@id":"https:\/\/www.ivanabeaumond.com.br\/vestidos-noiva\/#\/schema\/person\/image\/","url":"https:\/\/secure.gravatar.com\/avatar\/641f98db20b53ec937ceb641db4270b9?s=96&d=mm&r=g","contentUrl":"https:\/\/secure.gravatar.com\/avatar\/641f98db20b53ec937ceb641db4270b9?s=96&d=mm&r=g","caption":"Ivana Beaumond Paris"},"url":"https:\/\/www.ivanabeaumond.com.br\/vestidos-noiva\/author\/ivana\/"}]}},"_links":{"self":[{"href":"https:\/\/www.ivanabeaumond.com.br\/vestidos-noiva\/wp-json\/wp\/v2\/posts\/24906"}],"collection":[{"href":"https:\/\/www.ivanabeaumond.com.br\/vestidos-noiva\/wp-json\/wp\/v2\/posts"}],"about":[{"href":"https:\/\/www.ivanabeaumond.com.br\/vestidos-noiva\/wp-json\/wp\/v2\/types\/post"}],"author":[{"embeddable":true,"href":"https:\/\/www.ivanabeaumond.com.br\/vestidos-noiva\/wp-json\/wp\/v2\/users\/4"}],"replies":[{"embeddable":true,"href":"https:\/\/www.ivanabeaumond.com.br\/vestidos-noiva\/wp-json\/wp\/v2\/comments?post=24906"}],"version-history":[{"count":24,"href":"https:\/\/www.ivanabeaumond.com.br\/vestidos-noiva\/wp-json\/wp\/v2\/posts\/24906\/revisions"}],"predecessor-version":[{"id":25938,"href":"https:\/\/www.ivanabeaumond.com.br\/vestidos-noiva\/wp-json\/wp\/v2\/posts\/24906\/revisions\/25938"}],"wp:featuredmedia":[{"embeddable":true,"href":"https:\/\/www.ivanabeaumond.com.br\/vestidos-noiva\/wp-json\/wp\/v2\/media\/25917"}],"wp:attachment":[{"href":"https:\/\/www.ivanabeaumond.com.br\/vestidos-noiva\/wp-json\/wp\/v2\/media?parent=24906"}],"wp:term":[{"taxonomy":"category","embeddable":true,"href":"https:\/\/www.ivanabeaumond.com.br\/vestidos-noiva\/wp-json\/wp\/v2\/categories?post=24906"},{"taxonomy":"post_tag","embeddable":true,"href":"https:\/\/www.ivanabeaumond.com.br\/vestidos-noiva\/wp-json\/wp\/v2\/tags?post=24906"}],"curies":[{"name":"wp","href":"https:\/\/api.w.org\/{rel}","templated":true}]}}