{"id":24907,"date":"2020-07-01T22:09:55","date_gmt":"2020-07-02T01:09:55","guid":{"rendered":"https:\/\/www.ivanabeaumond.com.br\/vestidos-noiva\/?p=24907"},"modified":"2020-08-10T15:28:29","modified_gmt":"2020-08-10T18:28:29","slug":"casamento-na-igreja-com-fran-e-rodrigo","status":"publish","type":"post","link":"https:\/\/www.ivanabeaumond.com.br\/vestidos-noiva\/casamento-na-igreja-com-fran-e-rodrigo\/","title":{"rendered":"Casamento Boho Chic, com Fran e Rodrigo"},"content":{"rendered":"<h4><span style=\"color: #000000;\">\u00a0A escolha do vestido de noiva \u00e9 a parte principal do planejamento de um casamento, afinal nada \u00e9 mais importante do que\u00a0o que voc\u00ea ir\u00e1 vestir\u00a0no dia do seu maior sonho. Escolher aquele modelo perfeito que sintetiza a proposta da sua festa com o seu tipo de corpo e os detalhes que voc\u00ea\u00a0 sempre imaginou pode ser uma tarefa dif\u00edcil &#8211; imagine, ent\u00e3o, escolher DOIS vestidos! Pois a nossa noiva Franciani tirou isso de letra.<\/span><\/h4>\n<h4><span style=\"color: #999999;\">\u00a0<\/span><\/h4>\n<h4><span style=\"color: #999999;\">Fran apostou na ideia de usar dois looks diferentes para a cerim\u00f4nia e para a festa, um conceito que vem sendo usado por muitas noivas ultimamente. Neste post, vamos mostrar para voc\u00ea quais foram os modelos lind\u00edssimos escolhidos por ela no Atelier Ivana Beaumond! Confira a seguir:<\/span><\/h4>\n<p><img decoding=\"async\" loading=\"lazy\" class=\"aligncenter size-full wp-image-24921\" src=\"https:\/\/www.ivanabeaumond.com.br\/vestidos-noiva\/wp-content\/uploads\/2020\/07\/fran-e-rodrigo-vestido-de-noiva-rj-atelier-ivana-beaumond-1-e1593646359510.png\" alt=\"fran e rodrigo vestido de noiva rj atelier ivana beaumond (1)\" width=\"600\" height=\"401\" \/><\/p>\n<h4><\/h4>\n<h4><span style=\"color: #999999;\">Para a cerim\u00f4nia, que aconteceu na Igreja, a Fran usou um modelo princesa com mangas longas e transpar\u00eancia &#8211; cl\u00e1ssica e atemporal, al\u00e9m de perfeito para a ocasi\u00e3o.<\/span><\/h4>\n<h4><span style=\"color: #999999;\">\u00a0<\/span><\/h4>\n<p><img decoding=\"async\" loading=\"lazy\" class=\"aligncenter size-full wp-image-24916\" src=\"https:\/\/www.ivanabeaumond.com.br\/vestidos-noiva\/wp-content\/uploads\/2020\/07\/fran-e-rodrigo-vestido-de-noiva-rj-atelier-ivana-beaumond-8-e1593645637711.png\" alt=\"fran e rodrigo vestido de noiva rj atelier ivana beaumond (8)\" width=\"600\" height=\"401\" \/><\/p>\n<p><img decoding=\"async\" loading=\"lazy\" class=\"aligncenter size-full wp-image-24917\" src=\"https:\/\/www.ivanabeaumond.com.br\/vestidos-noiva\/wp-content\/uploads\/2020\/07\/fran-e-rodrigo-vestido-de-noiva-rj-atelier-ivana-beaumond-14-e1593645865107.png\" alt=\"fran e rodrigo vestido de noiva rj atelier ivana beaumond (14)\" width=\"600\" height=\"401\" \/><\/p>\n<p><img decoding=\"async\" loading=\"lazy\" class=\"aligncenter size-full wp-image-24918\" src=\"https:\/\/www.ivanabeaumond.com.br\/vestidos-noiva\/wp-content\/uploads\/2020\/07\/fran-e-rodrigo-vestido-de-noiva-rj-atelier-ivana-beaumond-15-e1593645884749.png\" alt=\"fran e rodrigo vestido de noiva rj atelier ivana beaumond (15)\" width=\"600\" height=\"401\" \/><\/p>\n<p><img decoding=\"async\" loading=\"lazy\" class=\"aligncenter size-full wp-image-24919\" src=\"https:\/\/www.ivanabeaumond.com.br\/vestidos-noiva\/wp-content\/uploads\/2020\/07\/fran-e-rodrigo-vestido-de-noiva-rj-atelier-ivana-beaumond-16-e1593645899157.png\" alt=\"fran e rodrigo vestido de noiva rj atelier ivana beaumond (16)\" width=\"600\" height=\"400\" \/><\/p>\n<h4><span style=\"color: #999999;\">\u00a0<\/span><\/h4>\n<h4><span style=\"color: #999999;\">\u00a0J\u00e1 para a festa de casamento, nossa noiva apostou no estilo boho chic e vestiu um modelo de al\u00e7as e costas nuas. Uma op\u00e7\u00e3o mais leve, que garantiu a ela a liberdade para dan\u00e7ar e curtir (o que uma saia mais estruturada talvez n\u00e3o permitisse). Al\u00e9m de funcional, esse vestido\u00a0tem um caimento\u00a0perfeito e detalhes em 3d que conferem-no um efeito absolutamente lindo\u00a0&#8211; Fran tamb\u00e9m usou uma capa nude no in\u00edcio da festa,\u00a0tornando o look ainda mais vers\u00e1til.<\/span><\/h4>\n<p><a href=\"https:\/\/www.ivanabeaumond.com.br\/vestidos-noiva\/wp-content\/uploads\/2020\/07\/fran-e-rodrigo-vestido-de-noiva-rj-atelier-ivana-beaumond-32.png\"><img decoding=\"async\" loading=\"lazy\" class=\"aligncenter size-full wp-image-24910\" src=\"https:\/\/www.ivanabeaumond.com.br\/vestidos-noiva\/wp-content\/uploads\/2020\/07\/fran-e-rodrigo-vestido-de-noiva-rj-atelier-ivana-beaumond-32.png\" alt=\"fran e rodrigo vestido de noiva rj atelier ivana beaumond (32)\" width=\"440\" height=\"659\" srcset=\"https:\/\/www.ivanabeaumond.com.br\/vestidos-noiva\/wp-content\/uploads\/2020\/07\/fran-e-rodrigo-vestido-de-noiva-rj-atelier-ivana-beaumond-32.png 440w, https:\/\/www.ivanabeaumond.com.br\/vestidos-noiva\/wp-content\/uploads\/2020\/07\/fran-e-rodrigo-vestido-de-noiva-rj-atelier-ivana-beaumond-32-200x300.png 200w\" sizes=\"(max-width: 440px) 100vw, 440px\" \/><\/a><\/p>\n<p><a href=\"https:\/\/www.ivanabeaumond.com.br\/vestidos-noiva\/wp-content\/uploads\/2020\/07\/fran-e-rodrigo-vestido-de-noiva-rj-atelier-ivana-beaumond-31.png\"><img decoding=\"async\" loading=\"lazy\" class=\"aligncenter size-full wp-image-24909\" src=\"https:\/\/www.ivanabeaumond.com.br\/vestidos-noiva\/wp-content\/uploads\/2020\/07\/fran-e-rodrigo-vestido-de-noiva-rj-atelier-ivana-beaumond-31.png\" alt=\"fran e rodrigo vestido de noiva rj atelier ivana beaumond (31)\" width=\"440\" height=\"660\" srcset=\"https:\/\/www.ivanabeaumond.com.br\/vestidos-noiva\/wp-content\/uploads\/2020\/07\/fran-e-rodrigo-vestido-de-noiva-rj-atelier-ivana-beaumond-31.png 440w, https:\/\/www.ivanabeaumond.com.br\/vestidos-noiva\/wp-content\/uploads\/2020\/07\/fran-e-rodrigo-vestido-de-noiva-rj-atelier-ivana-beaumond-31-200x300.png 200w\" sizes=\"(max-width: 440px) 100vw, 440px\" \/><\/a><\/p>\n<p><img decoding=\"async\" loading=\"lazy\" class=\"aligncenter size-full wp-image-24908\" src=\"https:\/\/www.ivanabeaumond.com.br\/vestidos-noiva\/wp-content\/uploads\/2020\/07\/fran-e-rodrigo-vestido-de-noiva-rj-atelier-ivana-beaumond-30-e1593641675851.png\" alt=\"fran e rodrigo vestido de noiva rj atelier ivana beaumond (30)\" width=\"440\" height=\"659\" \/><\/p>\n<h4><span style=\"color: #999999;\">Confira mais detalhes do segundo look da nossa noiva nessa sequ\u00eancia de fotos maravilhosa e se apaixone com a gente:<\/span><\/h4>\n<h4><\/h4>\n<p><img decoding=\"async\" loading=\"lazy\" class=\"aligncenter size-full wp-image-24913\" src=\"https:\/\/www.ivanabeaumond.com.br\/vestidos-noiva\/wp-content\/uploads\/2020\/07\/fran-e-rodrigo-vestido-de-noiva-rj-atelier-ivana-beaumond-25-e1593645211219.png\" alt=\"fran e rodrigo vestido de noiva rj atelier ivana beaumond (25)\" width=\"600\" height=\"401\" \/><\/p>\n<p><img decoding=\"async\" loading=\"lazy\" class=\"aligncenter size-full wp-image-24915\" src=\"https:\/\/www.ivanabeaumond.com.br\/vestidos-noiva\/wp-content\/uploads\/2020\/07\/fran-e-rodrigo-vestido-de-noiva-rj-atelier-ivana-beaumond-27-e1593644395294.png\" alt=\"fran e rodrigo vestido de noiva rj atelier ivana beaumond (27)\" width=\"600\" height=\"401\" \/><\/p>\n<p><img decoding=\"async\" loading=\"lazy\" class=\"aligncenter size-full wp-image-24914\" src=\"https:\/\/www.ivanabeaumond.com.br\/vestidos-noiva\/wp-content\/uploads\/2020\/07\/fran-e-rodrigo-vestido-de-noiva-rj-atelier-ivana-beaumond-26-e1593644992729.png\" alt=\"fran e rodrigo vestido de noiva rj atelier ivana beaumond (26)\" width=\"600\" height=\"400\" \/><\/p>\n<p><img decoding=\"async\" loading=\"lazy\" class=\"aligncenter size-full wp-image-24912\" src=\"https:\/\/www.ivanabeaumond.com.br\/vestidos-noiva\/wp-content\/uploads\/2020\/07\/fran-e-rodrigo-vestido-de-noiva-rj-atelier-ivana-beaumond-24-e1593645226687.png\" alt=\"fran e rodrigo vestido de noiva rj atelier ivana beaumond (24)\" width=\"600\" height=\"401\" \/><\/p>\n<p><img decoding=\"async\" loading=\"lazy\" class=\"aligncenter size-full wp-image-24911\" src=\"https:\/\/www.ivanabeaumond.com.br\/vestidos-noiva\/wp-content\/uploads\/2020\/07\/fran-e-rodrigo-vestido-de-noiva-rj-atelier-ivana-beaumond-23-e1593645241200.png\" alt=\"fran e rodrigo vestido de noiva rj atelier ivana beaumond (23)\" width=\"600\" height=\"401\" \/><\/p>\n<h4><span style=\"color: #999999;\">\u00a0Gostar\u00edamos de desejar ao casal toda a felicidade e sucesso do mundo &#8211; e um parab\u00e9ns especial para a nossa noiva, que estava linda e radiante com os nossos modelos.\u00a0 Obrigado por escolher a nossa equipe para fazer parte desse sonho!<\/span><\/h4>\n<h4><span style=\"color: #999999;\">Veja as outras fotos do casamento da Fran e do Rodrigo na galeria abaixo (cr\u00e9ditos: Ailton Pimenta Fotografias):<\/span><\/h4>\n<style id=\"bwg-style-0\">    #bwg_container1_0 #bwg_container2_0 .bwg-container-0.bwg-standard-thumbnails {      width: 904px;              justify-content: center;        margin:0 auto !important;              background-color: rgba(255, 255, 255, 0.00);            padding-left: 4px;      padding-top: 4px;      max-width: 100%;            }        #bwg_container1_0 #bwg_container2_0 .bwg-container-0.bwg-standard-thumbnails .bwg-item {    justify-content: flex-start;      max-width: 180px;            width: 180px !important;          }    #bwg_container1_0 #bwg_container2_0 .bwg-container-0.bwg-standard-thumbnails .bwg-item a {       margin-right: 4px;       margin-bottom: 4px;    }    #bwg_container1_0 #bwg_container2_0 .bwg-container-0.bwg-standard-thumbnails .bwg-item0 {      padding: 0px;            background-color:rgba(255,255,255, 0.30);      border: 0px none #CCCCCC;      opacity: 1.00;      border-radius: 0;      box-shadow: 0px 0px 0px #888888;    }    #bwg_container1_0 #bwg_container2_0 .bwg-container-0.bwg-standard-thumbnails .bwg-item1 img {      max-height: none;      max-width: none;      padding: 0 !important;    }        @media only screen and (min-width: 480px) {      #bwg_container1_0 #bwg_container2_0 .bwg-container-0.bwg-standard-thumbnails .bwg-item0 {        transition: all 0.3s ease 0s;-webkit-transition: all 0.3s ease 0s;      }      #bwg_container1_0 #bwg_container2_0 .bwg-container-0.bwg-standard-thumbnails .bwg-item0:hover {        -ms-transform: scale(1.1);        -webkit-transform: scale(1.1);        transform: scale(1.1);      }    }          #bwg_container1_0 #bwg_container2_0 .bwg-container-0.bwg-standard-thumbnails .bwg-item1 {      padding-top: 50%;    }        #bwg_container1_0 #bwg_container2_0 .bwg-container-0.bwg-standard-thumbnails .bwg-title2,    #bwg_container1_0 #bwg_container2_0 .bwg-container-0.bwg-standard-thumbnails .bwg-ecommerce2 {      color: #CCCCCC;      font-family: segoe ui;      font-size: 16px;      font-weight: bold;      padding: 2px;      text-shadow: 0px 0px 0px #888888;      max-height: 100%;    }    #bwg_container1_0 #bwg_container2_0 .bwg-container-0.bwg-standard-thumbnails .bwg-thumb-description span {    color: #323A45;    font-family: Ubuntu;    font-size: 12px;    max-height: 100%;    word-wrap: break-word;    }    #bwg_container1_0 #bwg_container2_0 .bwg-container-0.bwg-standard-thumbnails .bwg-play-icon2 {      font-size: 32px;    }    #bwg_container1_0 #bwg_container2_0 .bwg-container-0.bwg-standard-thumbnails .bwg-ecommerce2 {      font-size: 19.2px;      color: #CCCCCC;    }    <\/style>    <div id=\"bwg_container1_0\"         class=\"bwg_container bwg_thumbnail bwg_thumbnails \"         data-right-click-protection=\"0\"         data-bwg=\"0\"         data-scroll=\"0\"         data-gallery-type=\"thumbnails\"         data-gallery-view-type=\"thumbnails\"         data-current-url=\"\/vestidos-noiva\/wp-json\/wp\/v2\/posts\/24907\"         data-lightbox-url=\"https:\/\/www.ivanabeaumond.com.br\/vestidos-noiva\/wp-admin\/admin-ajax.php?action=GalleryBox&#038;current_view=0&#038;gallery_id=148&#038;tag=0&#038;theme_id=1&#038;shortcode_id=148&#038;sort_by=order&#038;order_by=desc&#038;current_url=%2Fvestidos-noiva%2Fwp-json%2Fwp%2Fv2%2Fposts%2F24907\"         data-gallery-id=\"148\"         data-popup-width=\"600\"         data-popup-height=\"600\"         data-is-album=\"gallery\"         data-buttons-position=\"bottom\">      <div id=\"bwg_container2_0\">             <div id=\"ajax_loading_0\" class=\"bwg_loading_div_1\">      <div class=\"bwg_loading_div_2\">        <div class=\"bwg_loading_div_3\">          <div id=\"loading_div_0\" class=\"bwg_spider_ajax_loading\">          <\/div>        <\/div>      <\/div>    <\/div>            <form id=\"gal_front_form_0\"              class=\"bwg-hidden\"              method=\"post\"              action=\"#\"              data-current=\"0\"              data-shortcode-id=\"148\"              data-gallery-type=\"thumbnails\"              data-gallery-id=\"148\"              data-tag=\"0\"              data-album-id=\"0\"              data-theme-id=\"1\"              data-ajax-url=\"https:\/\/www.ivanabeaumond.com.br\/vestidos-noiva\/wp-admin\/admin-ajax.php?action=bwg_frontend_data\">          <div id=\"bwg_container3_0\" class=\"bwg-background bwg-background-0\">                <div data-max-count=\"5\"         data-thumbnail-width=\"180\"         data-bwg=\"0\"         data-gallery-id=\"148\"         data-lightbox-url=\"https:\/\/www.ivanabeaumond.com.br\/vestidos-noiva\/wp-admin\/admin-ajax.php?action=GalleryBox&amp;current_view=0&amp;gallery_id=148&amp;tag=0&amp;theme_id=1&amp;shortcode_id=148&amp;sort_by=order&amp;order_by=desc&amp;current_url=%2Fvestidos-noiva%2Fwp-json%2Fwp%2Fv2%2Fposts%2F24907\"         id=\"bwg_thumbnails_0\"         class=\"bwg-container-0 bwg-thumbnails bwg-standard-thumbnails bwg-container bwg-border-box\">            <div class=\"bwg-item\">        <a class=\"bwg-a  bwg_lightbox\"  data-image-id=\"3648\" href=\"https:\/\/www.ivanabeaumond.com.br\/vestidos-noiva\/wp-content\/uploads\/photo-gallery\/fran%20e%20rodrigo%20vestido%20de%20noiva%20rj%20atelier%20ivana%20beaumond%20(2).png\" data-elementor-open-lightbox=\"no\">                <div class=\"bwg-item0 \">          <div class=\"bwg-item1 \">            <div class=\"bwg-item2\">              <img class=\"skip-lazy bwg_standart_thumb_img_0 \"                   data-id=\"3648\"                   data-width=\"\"                   data-height=\"\"                   data-src=\"https:\/\/www.ivanabeaumond.com.br\/vestidos-noiva\/wp-content\/uploads\/photo-gallery\/thumb\/fran%20e%20rodrigo%20vestido%20de%20noiva%20rj%20atelier%20ivana%20beaumond%20(2).png\"                   src=\"https:\/\/www.ivanabeaumond.com.br\/vestidos-noiva\/wp-content\/uploads\/photo-gallery\/thumb\/fran%20e%20rodrigo%20vestido%20de%20noiva%20rj%20atelier%20ivana%20beaumond%20(2).png\"                   alt=\"fran e rodrigo vestido de noiva rj atelier ivana beaumond (2)\"                   title=\"fran e rodrigo vestido de noiva rj atelier ivana beaumond (2)\" \/>            <\/div>            <div class=\"\">                                                      <\/div>          <\/div>        <\/div>                        <\/a>              <\/div>            <div class=\"bwg-item\">        <a class=\"bwg-a  bwg_lightbox\"  data-image-id=\"3649\" href=\"https:\/\/www.ivanabeaumond.com.br\/vestidos-noiva\/wp-content\/uploads\/photo-gallery\/fran%20e%20rodrigo%20vestido%20de%20noiva%20rj%20atelier%20ivana%20beaumond%20(3).png\" data-elementor-open-lightbox=\"no\">                <div class=\"bwg-item0 \">          <div class=\"bwg-item1 \">            <div class=\"bwg-item2\">              <img class=\"skip-lazy bwg_standart_thumb_img_0 \"                   data-id=\"3649\"                   data-width=\"\"                   data-height=\"\"                   data-src=\"https:\/\/www.ivanabeaumond.com.br\/vestidos-noiva\/wp-content\/uploads\/photo-gallery\/thumb\/fran%20e%20rodrigo%20vestido%20de%20noiva%20rj%20atelier%20ivana%20beaumond%20(3).png\"                   src=\"https:\/\/www.ivanabeaumond.com.br\/vestidos-noiva\/wp-content\/uploads\/photo-gallery\/thumb\/fran%20e%20rodrigo%20vestido%20de%20noiva%20rj%20atelier%20ivana%20beaumond%20(3).png\"                   alt=\"fran e rodrigo vestido de noiva rj atelier ivana beaumond (3)\"                   title=\"fran e rodrigo vestido de noiva rj atelier ivana beaumond (3)\" \/>            <\/div>            <div class=\"\">                                                      <\/div>          <\/div>        <\/div>                        <\/a>              <\/div>            <div class=\"bwg-item\">        <a class=\"bwg-a  bwg_lightbox\"  data-image-id=\"3650\" href=\"https:\/\/www.ivanabeaumond.com.br\/vestidos-noiva\/wp-content\/uploads\/photo-gallery\/fran%20e%20rodrigo%20vestido%20de%20noiva%20rj%20atelier%20ivana%20beaumond%20(4).png\" data-elementor-open-lightbox=\"no\">                <div class=\"bwg-item0 \">          <div class=\"bwg-item1 \">            <div class=\"bwg-item2\">              <img class=\"skip-lazy bwg_standart_thumb_img_0 \"                   data-id=\"3650\"                   data-width=\"\"                   data-height=\"\"                   data-src=\"https:\/\/www.ivanabeaumond.com.br\/vestidos-noiva\/wp-content\/uploads\/photo-gallery\/thumb\/fran%20e%20rodrigo%20vestido%20de%20noiva%20rj%20atelier%20ivana%20beaumond%20(4).png\"                   src=\"https:\/\/www.ivanabeaumond.com.br\/vestidos-noiva\/wp-content\/uploads\/photo-gallery\/thumb\/fran%20e%20rodrigo%20vestido%20de%20noiva%20rj%20atelier%20ivana%20beaumond%20(4).png\"                   alt=\"fran e rodrigo vestido de noiva rj atelier ivana beaumond (4)\"                   title=\"fran e rodrigo vestido de noiva rj atelier ivana beaumond (4)\" \/>            <\/div>            <div class=\"\">                                                      <\/div>          <\/div>        <\/div>                        <\/a>              <\/div>            <div class=\"bwg-item\">        <a class=\"bwg-a  bwg_lightbox\"  data-image-id=\"3651\" href=\"https:\/\/www.ivanabeaumond.com.br\/vestidos-noiva\/wp-content\/uploads\/photo-gallery\/fran%20e%20rodrigo%20vestido%20de%20noiva%20rj%20atelier%20ivana%20beaumond%20(5).png\" data-elementor-open-lightbox=\"no\">                <div class=\"bwg-item0 \">          <div class=\"bwg-item1 \">            <div class=\"bwg-item2\">              <img class=\"skip-lazy bwg_standart_thumb_img_0 \"                   data-id=\"3651\"                   data-width=\"\"                   data-height=\"\"                   data-src=\"https:\/\/www.ivanabeaumond.com.br\/vestidos-noiva\/wp-content\/uploads\/photo-gallery\/thumb\/fran%20e%20rodrigo%20vestido%20de%20noiva%20rj%20atelier%20ivana%20beaumond%20(5).png\"                   src=\"https:\/\/www.ivanabeaumond.com.br\/vestidos-noiva\/wp-content\/uploads\/photo-gallery\/thumb\/fran%20e%20rodrigo%20vestido%20de%20noiva%20rj%20atelier%20ivana%20beaumond%20(5).png\"                   alt=\"fran e rodrigo vestido de noiva rj atelier ivana beaumond (5)\"                   title=\"fran e rodrigo vestido de noiva rj atelier ivana beaumond (5)\" \/>            <\/div>            <div class=\"\">                                                      <\/div>          <\/div>        <\/div>                        <\/a>              <\/div>            <div class=\"bwg-item\">        <a class=\"bwg-a  bwg_lightbox\"  data-image-id=\"3652\" href=\"https:\/\/www.ivanabeaumond.com.br\/vestidos-noiva\/wp-content\/uploads\/photo-gallery\/fran%20e%20rodrigo%20vestido%20de%20noiva%20rj%20atelier%20ivana%20beaumond%20(6).png\" data-elementor-open-lightbox=\"no\">                <div class=\"bwg-item0 \">          <div class=\"bwg-item1 \">            <div class=\"bwg-item2\">              <img class=\"skip-lazy bwg_standart_thumb_img_0 \"                   data-id=\"3652\"                   data-width=\"\"                   data-height=\"\"                   data-src=\"https:\/\/www.ivanabeaumond.com.br\/vestidos-noiva\/wp-content\/uploads\/photo-gallery\/thumb\/fran%20e%20rodrigo%20vestido%20de%20noiva%20rj%20atelier%20ivana%20beaumond%20(6).png\"                   src=\"https:\/\/www.ivanabeaumond.com.br\/vestidos-noiva\/wp-content\/uploads\/photo-gallery\/thumb\/fran%20e%20rodrigo%20vestido%20de%20noiva%20rj%20atelier%20ivana%20beaumond%20(6).png\"                   alt=\"fran e rodrigo vestido de noiva rj atelier ivana beaumond (6)\"                   title=\"fran e rodrigo vestido de noiva rj atelier ivana beaumond (6)\" \/>            <\/div>            <div class=\"\">                                                      <\/div>          <\/div>        <\/div>                        <\/a>              <\/div>            <div class=\"bwg-item\">        <a class=\"bwg-a  bwg_lightbox\"  data-image-id=\"3653\" href=\"https:\/\/www.ivanabeaumond.com.br\/vestidos-noiva\/wp-content\/uploads\/photo-gallery\/fran%20e%20rodrigo%20vestido%20de%20noiva%20rj%20atelier%20ivana%20beaumond%20(7).png\" data-elementor-open-lightbox=\"no\">                <div class=\"bwg-item0 \">          <div class=\"bwg-item1 \">            <div class=\"bwg-item2\">              <img class=\"skip-lazy bwg_standart_thumb_img_0 \"                   data-id=\"3653\"                   data-width=\"\"                   data-height=\"\"                   data-src=\"https:\/\/www.ivanabeaumond.com.br\/vestidos-noiva\/wp-content\/uploads\/photo-gallery\/thumb\/fran%20e%20rodrigo%20vestido%20de%20noiva%20rj%20atelier%20ivana%20beaumond%20(7).png\"                   src=\"https:\/\/www.ivanabeaumond.com.br\/vestidos-noiva\/wp-content\/uploads\/photo-gallery\/thumb\/fran%20e%20rodrigo%20vestido%20de%20noiva%20rj%20atelier%20ivana%20beaumond%20(7).png\"                   alt=\"fran e rodrigo vestido de noiva rj atelier ivana beaumond (7)\"                   title=\"fran e rodrigo vestido de noiva rj atelier ivana beaumond (7)\" \/>            <\/div>            <div class=\"\">                                                      <\/div>          <\/div>        <\/div>                        <\/a>              <\/div>            <div class=\"bwg-item\">        <a class=\"bwg-a  bwg_lightbox\"  data-image-id=\"3654\" href=\"https:\/\/www.ivanabeaumond.com.br\/vestidos-noiva\/wp-content\/uploads\/photo-gallery\/fran%20e%20rodrigo%20vestido%20de%20noiva%20rj%20atelier%20ivana%20beaumond%20(8).png\" data-elementor-open-lightbox=\"no\">                <div class=\"bwg-item0 \">          <div class=\"bwg-item1 \">            <div class=\"bwg-item2\">              <img class=\"skip-lazy bwg_standart_thumb_img_0 \"                   data-id=\"3654\"                   data-width=\"\"                   data-height=\"\"                   data-src=\"https:\/\/www.ivanabeaumond.com.br\/vestidos-noiva\/wp-content\/uploads\/photo-gallery\/thumb\/fran%20e%20rodrigo%20vestido%20de%20noiva%20rj%20atelier%20ivana%20beaumond%20(8).png\"                   src=\"https:\/\/www.ivanabeaumond.com.br\/vestidos-noiva\/wp-content\/uploads\/photo-gallery\/thumb\/fran%20e%20rodrigo%20vestido%20de%20noiva%20rj%20atelier%20ivana%20beaumond%20(8).png\"                   alt=\"fran e rodrigo vestido de noiva rj atelier ivana beaumond (8)\"                   title=\"fran e rodrigo vestido de noiva rj atelier ivana beaumond (8)\" \/>            <\/div>            <div class=\"\">                                                      <\/div>          <\/div>        <\/div>                        <\/a>              <\/div>            <div class=\"bwg-item\">        <a class=\"bwg-a  bwg_lightbox\"  data-image-id=\"3655\" href=\"https:\/\/www.ivanabeaumond.com.br\/vestidos-noiva\/wp-content\/uploads\/photo-gallery\/fran%20e%20rodrigo%20vestido%20de%20noiva%20rj%20atelier%20ivana%20beaumond%20(9).png\" data-elementor-open-lightbox=\"no\">                <div class=\"bwg-item0 \">          <div class=\"bwg-item1 \">            <div class=\"bwg-item2\">              <img class=\"skip-lazy bwg_standart_thumb_img_0 \"                   data-id=\"3655\"                   data-width=\"\"                   data-height=\"\"                   data-src=\"https:\/\/www.ivanabeaumond.com.br\/vestidos-noiva\/wp-content\/uploads\/photo-gallery\/thumb\/fran%20e%20rodrigo%20vestido%20de%20noiva%20rj%20atelier%20ivana%20beaumond%20(9).png\"                   src=\"https:\/\/www.ivanabeaumond.com.br\/vestidos-noiva\/wp-content\/uploads\/photo-gallery\/thumb\/fran%20e%20rodrigo%20vestido%20de%20noiva%20rj%20atelier%20ivana%20beaumond%20(9).png\"                   alt=\"fran e rodrigo vestido de noiva rj atelier ivana beaumond (9)\"                   title=\"fran e rodrigo vestido de noiva rj atelier ivana beaumond (9)\" \/>            <\/div>            <div class=\"\">                                                      <\/div>          <\/div>        <\/div>                        <\/a>              <\/div>            <div class=\"bwg-item\">        <a class=\"bwg-a  bwg_lightbox\"  data-image-id=\"3656\" href=\"https:\/\/www.ivanabeaumond.com.br\/vestidos-noiva\/wp-content\/uploads\/photo-gallery\/fran%20e%20rodrigo%20vestido%20de%20noiva%20rj%20atelier%20ivana%20beaumond%20(10).png\" data-elementor-open-lightbox=\"no\">                <div class=\"bwg-item0 \">          <div class=\"bwg-item1 \">            <div class=\"bwg-item2\">              <img class=\"skip-lazy bwg_standart_thumb_img_0 \"                   data-id=\"3656\"                   data-width=\"\"                   data-height=\"\"                   data-src=\"https:\/\/www.ivanabeaumond.com.br\/vestidos-noiva\/wp-content\/uploads\/photo-gallery\/thumb\/fran%20e%20rodrigo%20vestido%20de%20noiva%20rj%20atelier%20ivana%20beaumond%20(10).png\"                   src=\"https:\/\/www.ivanabeaumond.com.br\/vestidos-noiva\/wp-content\/uploads\/photo-gallery\/thumb\/fran%20e%20rodrigo%20vestido%20de%20noiva%20rj%20atelier%20ivana%20beaumond%20(10).png\"                   alt=\"fran e rodrigo vestido de noiva rj atelier ivana beaumond (10)\"                   title=\"fran e rodrigo vestido de noiva rj atelier ivana beaumond (10)\" \/>            <\/div>            <div class=\"\">                                                      <\/div>          <\/div>        <\/div>                        <\/a>              <\/div>            <div class=\"bwg-item\">        <a class=\"bwg-a  bwg_lightbox\"  data-image-id=\"3657\" href=\"https:\/\/www.ivanabeaumond.com.br\/vestidos-noiva\/wp-content\/uploads\/photo-gallery\/fran%20e%20rodrigo%20vestido%20de%20noiva%20rj%20atelier%20ivana%20beaumond%20(11).png\" data-elementor-open-lightbox=\"no\">                <div class=\"bwg-item0 \">          <div class=\"bwg-item1 \">            <div class=\"bwg-item2\">              <img class=\"skip-lazy bwg_standart_thumb_img_0 \"                   data-id=\"3657\"                   data-width=\"\"                   data-height=\"\"                   data-src=\"https:\/\/www.ivanabeaumond.com.br\/vestidos-noiva\/wp-content\/uploads\/photo-gallery\/thumb\/fran%20e%20rodrigo%20vestido%20de%20noiva%20rj%20atelier%20ivana%20beaumond%20(11).png\"                   src=\"https:\/\/www.ivanabeaumond.com.br\/vestidos-noiva\/wp-content\/uploads\/photo-gallery\/thumb\/fran%20e%20rodrigo%20vestido%20de%20noiva%20rj%20atelier%20ivana%20beaumond%20(11).png\"                   alt=\"fran e rodrigo vestido de noiva rj atelier ivana beaumond (11)\"                   title=\"fran e rodrigo vestido de noiva rj atelier ivana beaumond (11)\" \/>            <\/div>            <div class=\"\">                                                      <\/div>          <\/div>        <\/div>                        <\/a>              <\/div>            <div class=\"bwg-item\">        <a class=\"bwg-a  bwg_lightbox\"  data-image-id=\"3658\" href=\"https:\/\/www.ivanabeaumond.com.br\/vestidos-noiva\/wp-content\/uploads\/photo-gallery\/fran%20e%20rodrigo%20vestido%20de%20noiva%20rj%20atelier%20ivana%20beaumond%20(12).png\" data-elementor-open-lightbox=\"no\">                <div class=\"bwg-item0 \">          <div class=\"bwg-item1 \">            <div class=\"bwg-item2\">              <img class=\"skip-lazy bwg_standart_thumb_img_0 \"                   data-id=\"3658\"                   data-width=\"\"                   data-height=\"\"                   data-src=\"https:\/\/www.ivanabeaumond.com.br\/vestidos-noiva\/wp-content\/uploads\/photo-gallery\/thumb\/fran%20e%20rodrigo%20vestido%20de%20noiva%20rj%20atelier%20ivana%20beaumond%20(12).png\"                   src=\"https:\/\/www.ivanabeaumond.com.br\/vestidos-noiva\/wp-content\/uploads\/photo-gallery\/thumb\/fran%20e%20rodrigo%20vestido%20de%20noiva%20rj%20atelier%20ivana%20beaumond%20(12).png\"                   alt=\"fran e rodrigo vestido de noiva rj atelier ivana beaumond (12)\"                   title=\"fran e rodrigo vestido de noiva rj atelier ivana beaumond (12)\" \/>            <\/div>            <div class=\"\">                                                      <\/div>          <\/div>        <\/div>                        <\/a>              <\/div>            <div class=\"bwg-item\">        <a class=\"bwg-a  bwg_lightbox\"  data-image-id=\"3659\" href=\"https:\/\/www.ivanabeaumond.com.br\/vestidos-noiva\/wp-content\/uploads\/photo-gallery\/fran%20e%20rodrigo%20vestido%20de%20noiva%20rj%20atelier%20ivana%20beaumond%20(13).png\" data-elementor-open-lightbox=\"no\">                <div class=\"bwg-item0 \">          <div class=\"bwg-item1 \">            <div class=\"bwg-item2\">              <img class=\"skip-lazy bwg_standart_thumb_img_0 \"                   data-id=\"3659\"                   data-width=\"\"                   data-height=\"\"                   data-src=\"https:\/\/www.ivanabeaumond.com.br\/vestidos-noiva\/wp-content\/uploads\/photo-gallery\/thumb\/fran%20e%20rodrigo%20vestido%20de%20noiva%20rj%20atelier%20ivana%20beaumond%20(13).png\"                   src=\"https:\/\/www.ivanabeaumond.com.br\/vestidos-noiva\/wp-content\/uploads\/photo-gallery\/thumb\/fran%20e%20rodrigo%20vestido%20de%20noiva%20rj%20atelier%20ivana%20beaumond%20(13).png\"                   alt=\"fran e rodrigo vestido de noiva rj atelier ivana beaumond (13)\"                   title=\"fran e rodrigo vestido de noiva rj atelier ivana beaumond (13)\" \/>            <\/div>            <div class=\"\">                                                      <\/div>          <\/div>        <\/div>                        <\/a>              <\/div>            <div class=\"bwg-item\">        <a class=\"bwg-a  bwg_lightbox\"  data-image-id=\"3660\" href=\"https:\/\/www.ivanabeaumond.com.br\/vestidos-noiva\/wp-content\/uploads\/photo-gallery\/fran%20e%20rodrigo%20vestido%20de%20noiva%20rj%20atelier%20ivana%20beaumond%20(14).png\" data-elementor-open-lightbox=\"no\">                <div class=\"bwg-item0 \">          <div class=\"bwg-item1 \">            <div class=\"bwg-item2\">              <img class=\"skip-lazy bwg_standart_thumb_img_0 \"                   data-id=\"3660\"                   data-width=\"\"                   data-height=\"\"                   data-src=\"https:\/\/www.ivanabeaumond.com.br\/vestidos-noiva\/wp-content\/uploads\/photo-gallery\/thumb\/fran%20e%20rodrigo%20vestido%20de%20noiva%20rj%20atelier%20ivana%20beaumond%20(14).png\"                   src=\"https:\/\/www.ivanabeaumond.com.br\/vestidos-noiva\/wp-content\/uploads\/photo-gallery\/thumb\/fran%20e%20rodrigo%20vestido%20de%20noiva%20rj%20atelier%20ivana%20beaumond%20(14).png\"                   alt=\"fran e rodrigo vestido de noiva rj atelier ivana beaumond (14)\"                   title=\"fran e rodrigo vestido de noiva rj atelier ivana beaumond (14)\" \/>            <\/div>            <div class=\"\">                                                      <\/div>          <\/div>        <\/div>                        <\/a>              <\/div>            <div class=\"bwg-item\">        <a class=\"bwg-a  bwg_lightbox\"  data-image-id=\"3661\" href=\"https:\/\/www.ivanabeaumond.com.br\/vestidos-noiva\/wp-content\/uploads\/photo-gallery\/fran%20e%20rodrigo%20vestido%20de%20noiva%20rj%20atelier%20ivana%20beaumond%20(15).png\" data-elementor-open-lightbox=\"no\">                <div class=\"bwg-item0 \">          <div class=\"bwg-item1 \">            <div class=\"bwg-item2\">              <img class=\"skip-lazy bwg_standart_thumb_img_0 \"                   data-id=\"3661\"                   data-width=\"\"                   data-height=\"\"                   data-src=\"https:\/\/www.ivanabeaumond.com.br\/vestidos-noiva\/wp-content\/uploads\/photo-gallery\/thumb\/fran%20e%20rodrigo%20vestido%20de%20noiva%20rj%20atelier%20ivana%20beaumond%20(15).png\"                   src=\"https:\/\/www.ivanabeaumond.com.br\/vestidos-noiva\/wp-content\/uploads\/photo-gallery\/thumb\/fran%20e%20rodrigo%20vestido%20de%20noiva%20rj%20atelier%20ivana%20beaumond%20(15).png\"                   alt=\"fran e rodrigo vestido de noiva rj atelier ivana beaumond (15)\"                   title=\"fran e rodrigo vestido de noiva rj atelier ivana beaumond (15)\" \/>            <\/div>            <div class=\"\">                                                      <\/div>          <\/div>        <\/div>                        <\/a>              <\/div>            <div class=\"bwg-item\">        <a class=\"bwg-a  bwg_lightbox\"  data-image-id=\"3662\" href=\"https:\/\/www.ivanabeaumond.com.br\/vestidos-noiva\/wp-content\/uploads\/photo-gallery\/fran%20e%20rodrigo%20vestido%20de%20noiva%20rj%20atelier%20ivana%20beaumond%20(17).png\" data-elementor-open-lightbox=\"no\">                <div class=\"bwg-item0 \">          <div class=\"bwg-item1 \">            <div class=\"bwg-item2\">              <img class=\"skip-lazy bwg_standart_thumb_img_0 \"                   data-id=\"3662\"                   data-width=\"\"                   data-height=\"\"                   data-src=\"https:\/\/www.ivanabeaumond.com.br\/vestidos-noiva\/wp-content\/uploads\/photo-gallery\/thumb\/fran%20e%20rodrigo%20vestido%20de%20noiva%20rj%20atelier%20ivana%20beaumond%20(17).png\"                   src=\"https:\/\/www.ivanabeaumond.com.br\/vestidos-noiva\/wp-content\/uploads\/photo-gallery\/thumb\/fran%20e%20rodrigo%20vestido%20de%20noiva%20rj%20atelier%20ivana%20beaumond%20(17).png\"                   alt=\"fran e rodrigo vestido de noiva rj atelier ivana beaumond (17)\"                   title=\"fran e rodrigo vestido de noiva rj atelier ivana beaumond (17)\" \/>            <\/div>            <div class=\"\">                                                      <\/div>          <\/div>        <\/div>                        <\/a>              <\/div>            <div class=\"bwg-item\">        <a class=\"bwg-a  bwg_lightbox\"  data-image-id=\"3663\" href=\"https:\/\/www.ivanabeaumond.com.br\/vestidos-noiva\/wp-content\/uploads\/photo-gallery\/fran%20e%20rodrigo%20vestido%20de%20noiva%20rj%20atelier%20ivana%20beaumond%20(18).png\" data-elementor-open-lightbox=\"no\">                <div class=\"bwg-item0 \">          <div class=\"bwg-item1 \">            <div class=\"bwg-item2\">              <img class=\"skip-lazy bwg_standart_thumb_img_0 \"                   data-id=\"3663\"                   data-width=\"\"                   data-height=\"\"                   data-src=\"https:\/\/www.ivanabeaumond.com.br\/vestidos-noiva\/wp-content\/uploads\/photo-gallery\/thumb\/fran%20e%20rodrigo%20vestido%20de%20noiva%20rj%20atelier%20ivana%20beaumond%20(18).png\"                   src=\"https:\/\/www.ivanabeaumond.com.br\/vestidos-noiva\/wp-content\/uploads\/photo-gallery\/thumb\/fran%20e%20rodrigo%20vestido%20de%20noiva%20rj%20atelier%20ivana%20beaumond%20(18).png\"                   alt=\"fran e rodrigo vestido de noiva rj atelier ivana beaumond (18)\"                   title=\"fran e rodrigo vestido de noiva rj atelier ivana beaumond (18)\" \/>            <\/div>            <div class=\"\">                                                      <\/div>          <\/div>        <\/div>                        <\/a>              <\/div>            <div class=\"bwg-item\">        <a class=\"bwg-a  bwg_lightbox\"  data-image-id=\"3664\" href=\"https:\/\/www.ivanabeaumond.com.br\/vestidos-noiva\/wp-content\/uploads\/photo-gallery\/fran%20e%20rodrigo%20vestido%20de%20noiva%20rj%20atelier%20ivana%20beaumond%20(19).png\" data-elementor-open-lightbox=\"no\">                <div class=\"bwg-item0 \">          <div class=\"bwg-item1 \">            <div class=\"bwg-item2\">              <img class=\"skip-lazy bwg_standart_thumb_img_0 \"                   data-id=\"3664\"                   data-width=\"\"                   data-height=\"\"                   data-src=\"https:\/\/www.ivanabeaumond.com.br\/vestidos-noiva\/wp-content\/uploads\/photo-gallery\/thumb\/fran%20e%20rodrigo%20vestido%20de%20noiva%20rj%20atelier%20ivana%20beaumond%20(19).png\"                   src=\"https:\/\/www.ivanabeaumond.com.br\/vestidos-noiva\/wp-content\/uploads\/photo-gallery\/thumb\/fran%20e%20rodrigo%20vestido%20de%20noiva%20rj%20atelier%20ivana%20beaumond%20(19).png\"                   alt=\"fran e rodrigo vestido de noiva rj atelier ivana beaumond (19)\"                   title=\"fran e rodrigo vestido de noiva rj atelier ivana beaumond (19)\" \/>            <\/div>            <div class=\"\">                                                      <\/div>          <\/div>        <\/div>                        <\/a>              <\/div>            <div class=\"bwg-item\">        <a class=\"bwg-a  bwg_lightbox\"  data-image-id=\"3665\" href=\"https:\/\/www.ivanabeaumond.com.br\/vestidos-noiva\/wp-content\/uploads\/photo-gallery\/fran%20e%20rodrigo%20vestido%20de%20noiva%20rj%20atelier%20ivana%20beaumond%20(20).png\" data-elementor-open-lightbox=\"no\">                <div class=\"bwg-item0 \">          <div class=\"bwg-item1 \">            <div class=\"bwg-item2\">              <img class=\"skip-lazy bwg_standart_thumb_img_0 \"                   data-id=\"3665\"                   data-width=\"\"                   data-height=\"\"                   data-src=\"https:\/\/www.ivanabeaumond.com.br\/vestidos-noiva\/wp-content\/uploads\/photo-gallery\/thumb\/fran%20e%20rodrigo%20vestido%20de%20noiva%20rj%20atelier%20ivana%20beaumond%20(20).png\"                   src=\"https:\/\/www.ivanabeaumond.com.br\/vestidos-noiva\/wp-content\/uploads\/photo-gallery\/thumb\/fran%20e%20rodrigo%20vestido%20de%20noiva%20rj%20atelier%20ivana%20beaumond%20(20).png\"                   alt=\"fran e rodrigo vestido de noiva rj atelier ivana beaumond (20)\"                   title=\"fran e rodrigo vestido de noiva rj atelier ivana beaumond (20)\" \/>            <\/div>            <div class=\"\">                                                      <\/div>          <\/div>        <\/div>                        <\/a>              <\/div>          <\/div>    <style>      \/*pagination styles*\/      #bwg_container1_0 #bwg_container2_0 .tablenav-pages_0 {\t\t\t\ttext-align: center;\t\t\t\tfont-size: 12px;\t\t\t\tfont-family: segoe ui;\t\t\t\tfont-weight: bold;\t\t\t\tcolor: #666666;\t\t\t\tmargin: 6px 0 4px;\t\t\t\tdisplay: block;      }      @media only screen and (max-width : 320px) {      #bwg_container1_0 #bwg_container2_0 .displaying-num_0 {     \t display: none;      }      }      #bwg_container1_0 #bwg_container2_0 .displaying-num_0 {\t\t\t\tfont-size: 12px;\t\t\t\tfont-family: segoe ui;\t\t\t\tfont-weight: bold;\t\t\t\tcolor: #666666;\t\t\t\tmargin-right: 10px;\t\t\t\tvertical-align: middle;      }      #bwg_container1_0 #bwg_container2_0 .paging-input_0 {\t\t\t\tfont-size: 12px;\t\t\t\tfont-family: segoe ui;\t\t\t\tfont-weight: bold;\t\t\t\tcolor: #666666;\t\t\t\tvertical-align: middle;      }      #bwg_container1_0 #bwg_container2_0 .tablenav-pages_0 a.disabled,      #bwg_container1_0 #bwg_container2_0 .tablenav-pages_0 a.disabled:hover,      #bwg_container1_0 #bwg_container2_0 .tablenav-pages_0 a.disabled:focus,\t\t\t#bwg_container1_0 #bwg_container2_0 .tablenav-pages_0 input.bwg_current_page {\t\t\t\tcursor: default;\t\t\t\tcolor: rgba(102, 102, 102, 0.5);      }      #bwg_container1_0 #bwg_container2_0 .tablenav-pages_0 a,      #bwg_container1_0 #bwg_container2_0 .tablenav-pages_0 input.bwg_current_page {\t\t\t\tcursor: pointer;\t\t\t\ttext-align: center;\t\t\t\tfont-size: 12px;\t\t\t\tfont-family: segoe ui;\t\t\t\tfont-weight: bold;\t\t\t\tcolor: #666666;\t\t\t\ttext-decoration: none;\t\t\t\tpadding: 3px 6px;\t\t\t\tmargin: 0;\t\t\t\tborder-radius: 0;\t\t\t\tborder-style: solid;\t\t\t\tborder-width: 1px;\t\t\t\tborder-color: #E3E3E3;\t\t\t\t\t\t\t\tbackground-color: rgba(255, 255, 255, 1.00);\t\t\t\tbox-shadow: 0;\t\t\t\ttransition: all 0.3s ease 0s;-webkit-transition: all 0.3s ease 0s;      }      <\/style>      <span class=\"bwg_nav_cont_0\">              <div class=\"tablenav-pages_0\">                  <\/div>                <input type=\"hidden\" id=\"page_number_0\" name=\"page_number_0\" value=\"1\" \/>      <script type=\"text\/javascript\">        if( jQuery('.bwg_nav_cont_0').length > 1 ) {          jQuery('.bwg_nav_cont_0').first().remove()        }        function spider_page_0(cur, x, y, load_more) {          if (typeof load_more == \"undefined\") {            var load_more = false;          }          if (jQuery(cur).hasClass('disabled')) {            return false;          }          var items_county_0 = 1;          switch (y) {            case 1:              if (x >= items_county_0) {                document.getElementById('page_number_0').value = items_county_0;              }              else {                document.getElementById('page_number_0').value = x + 1;              }              break;            case 2:              document.getElementById('page_number_0').value = items_county_0;              break;            case -1:              if (x == 1) {                document.getElementById('page_number_0').value = 1;              }              else {                document.getElementById('page_number_0').value = x - 1;              }              break;            case -2:              document.getElementById('page_number_0').value = 1;              break;\t\t\t\t\t\tcase 0:              document.getElementById('page_number_0').value = x;              break;            default:              document.getElementById('page_number_0').value = 1;          }          bwg_ajax('gal_front_form_0', '0', 'bwg_thumbnails_0', '0', '', 'gallery', 0, '', '', load_more, '', 1);        }                    jQuery('.first-page-0').on('click', function () {              spider_page_0(this, 1, -2, 'numeric');              return false;            });            jQuery('.prev-page-0').on('click', function () {              spider_page_0(this, 1, -1, 'numeric');              return false;            });            jQuery('.next-page-0').on('click', function () {              spider_page_0(this, 1, 1, 'numeric');              return false;            });            jQuery('.last-page-0').on('click', function () {              spider_page_0(this, 1, 2, 'numeric');              return false;            });        \t\t\t\t\/* Change page on input enter. *\/        function bwg_change_page_0( e, that ) {          if (  e.key == 'Enter' ) {            var to_page = parseInt(jQuery(that).val());            var pages_count = jQuery(that).parents(\".pagination-links\").data(\"pages-count\");            var current_url_param = jQuery(that).attr('data-url-info');            if (to_page > pages_count) {              to_page = 1;            }\t \t\t\t\t\t\t\t\t\t\t\t\tspider_page_0(this, to_page, 0, 'numeric');\t\t\t\t\t\t\treturn false;\t\t\t\t\t\t          }          return true;        }        jQuery('.bwg_load_btn_0').on('click', function () {            spider_page_0(this, 1, 1, true);            return false;        });      <\/script>      <\/span>                <\/div>        <\/form>        <style>          #bwg_container1_0 #bwg_container2_0 #spider_popup_overlay_0 {          background-color: #000000;          opacity: 0.70;          }          <\/style>        <div id=\"bwg_spider_popup_loading_0\" class=\"bwg_spider_popup_loading\"><\/div>        <div id=\"spider_popup_overlay_0\" class=\"spider_popup_overlay\" onclick=\"spider_destroypopup(1000)\"><\/div>        <input type=\"hidden\" id=\"bwg_random_seed_0\" value=\"547998689\">                <\/div>    <\/div>    <script>      if (document.readyState === 'complete') {        if( typeof bwg_main_ready == 'function' ) {          if ( jQuery(\"#bwg_container1_0\").height() ) {            bwg_main_ready(jQuery(\"#bwg_container1_0\"));          }        }      } else {        document.addEventListener('DOMContentLoaded', function() {          if( typeof bwg_main_ready == 'function' ) {            if ( jQuery(\"#bwg_container1_0\").height() ) {             bwg_main_ready(jQuery(\"#bwg_container1_0\"));            }          }        });      }    <\/script>    \n<h4><span style=\"color: #000000;\">Ficha T\u00e9cnica:<\/span><\/h4>\n<h4><span style=\"color: #000000;\">Vestidos da Noiva: Atelier Ivana Beaumond Paris. Cerimonial: Euler Mello. Dia da noiva: Studio Carol Soares. Filmagem: Edvideo Filmes. Fotografia: Ailton Pimenta. Decora\u00e7\u00e3o: Dutra D&#8217; Mello.<\/span><\/h4>\n<h4><span style=\"color: #999999;\">Gostou? Siga nosso instagram<\/span>\u00a0<a href=\"https:\/\/www.instagram.com\/ivanabeaumond\/\">@ivanabeaumond<\/a>\u00a0e curta nossa\u00a0<a href=\"https:\/\/www.facebook.com\/IvanaBeaumond\/\" target=\"_blank\" rel=\"noopener noreferrer\">fanpage<\/a>\u00a0<span style=\"color: #999999;\">\u00a0no Facebook para ficar por dentro de tudo o que rola no mundo das noivas, e conhe\u00e7a nossos Melhores Modelos de Vestidos de Noivas Nacionais, Importados e Sob Medida.<\/span><\/h4>\n","protected":false},"excerpt":{"rendered":"<p>\u00a0A escolha do vestido de noiva \u00e9 a parte principal&#8230;<\/p>\n","protected":false},"author":4,"featured_media":24921,"comment_status":"closed","ping_status":"closed","sticky":false,"template":"","format":"standard","meta":[],"categories":[60,130],"tags":[650,695,584,1224,96,297,1225,958,102,286,1226,98,164,115],"yoast_head":"<!-- This site is optimized with the Yoast SEO plugin v20.3 - https:\/\/yoast.com\/wordpress\/plugins\/seo\/ -->\n<title>Casamento Boho Chic, com Fran e Rodrigo - Vestido de Noiva RJ<\/title>\n<meta name=\"robots\" content=\"index, follow, max-snippet:-1, max-image-preview:large, max-video-preview:-1\" \/>\n<link rel=\"canonical\" href=\"https:\/\/www.ivanabeaumond.com.br\/vestidos-noiva\/casamento-na-igreja-com-fran-e-rodrigo\/\" \/>\n<meta property=\"og:locale\" content=\"pt_BR\" \/>\n<meta property=\"og:type\" content=\"article\" \/>\n<meta property=\"og:title\" content=\"Casamento Boho Chic, com Fran e Rodrigo - Vestido de Noiva RJ\" \/>\n<meta property=\"og:description\" content=\"\u00a0A escolha do vestido de noiva \u00e9 a parte principal...\" \/>\n<meta property=\"og:url\" content=\"https:\/\/www.ivanabeaumond.com.br\/vestidos-noiva\/casamento-na-igreja-com-fran-e-rodrigo\/\" \/>\n<meta property=\"og:site_name\" content=\"Vestido de Noiva RJ\" \/>\n<meta property=\"article:publisher\" content=\"https:\/\/www.facebook.com\/ivana.beaumondnoivas\" \/>\n<meta property=\"article:published_time\" content=\"2020-07-02T01:09:55+00:00\" \/>\n<meta property=\"article:modified_time\" content=\"2020-08-10T18:28:29+00:00\" \/>\n<meta property=\"og:image\" content=\"https:\/\/www.ivanabeaumond.com.br\/vestidos-noiva\/wp-content\/uploads\/2020\/07\/fran-e-rodrigo-vestido-de-noiva-rj-atelier-ivana-beaumond-1-e1593646359510.png\" \/>\n\t<meta property=\"og:image:width\" content=\"600\" \/>\n\t<meta property=\"og:image:height\" content=\"401\" \/>\n\t<meta property=\"og:image:type\" content=\"image\/png\" \/>\n<meta name=\"author\" content=\"Ivana Beaumond Paris\" \/>\n<meta name=\"twitter:card\" content=\"summary_large_image\" \/>\n<meta name=\"twitter:label1\" content=\"Escrito por\" \/>\n\t<meta name=\"twitter:data1\" content=\"Ivana Beaumond Paris\" \/>\n\t<meta name=\"twitter:label2\" content=\"Est. tempo de leitura\" \/>\n\t<meta name=\"twitter:data2\" content=\"2 minutos\" \/>\n<script type=\"application\/ld+json\" class=\"yoast-schema-graph\">{\"@context\":\"https:\/\/schema.org\",\"@graph\":[{\"@type\":\"Article\",\"@id\":\"https:\/\/www.ivanabeaumond.com.br\/vestidos-noiva\/casamento-na-igreja-com-fran-e-rodrigo\/#article\",\"isPartOf\":{\"@id\":\"https:\/\/www.ivanabeaumond.com.br\/vestidos-noiva\/casamento-na-igreja-com-fran-e-rodrigo\/\"},\"author\":{\"name\":\"Ivana Beaumond Paris\",\"@id\":\"https:\/\/www.ivanabeaumond.com.br\/vestidos-noiva\/#\/schema\/person\/1a360c4cffa3b806d29a456389dcff26\"},\"headline\":\"Casamento Boho Chic, com Fran e Rodrigo\",\"datePublished\":\"2020-07-02T01:09:55+00:00\",\"dateModified\":\"2020-08-10T18:28:29+00:00\",\"mainEntityOfPage\":{\"@id\":\"https:\/\/www.ivanabeaumond.com.br\/vestidos-noiva\/casamento-na-igreja-com-fran-e-rodrigo\/\"},\"wordCount\":416,\"publisher\":{\"@id\":\"https:\/\/www.ivanabeaumond.com.br\/vestidos-noiva\/#organization\"},\"keywords\":[\"atelier ivana beaumond\",\"atelier ivana beaumond paris\",\"boho chic\",\"casal\",\"casamento\",\"casamento na igreja\",\"cerim\u00f4nia\",\"estilo boho\",\"festa de casamento\",\"ivana beaumond\",\"modelo princesa\",\"noiva\",\"noivas\",\"vestido de noiva\"],\"articleSection\":[\"Blog\",\"Nossas Noivas\"],\"inLanguage\":\"pt-BR\"},{\"@type\":\"WebPage\",\"@id\":\"https:\/\/www.ivanabeaumond.com.br\/vestidos-noiva\/casamento-na-igreja-com-fran-e-rodrigo\/\",\"url\":\"https:\/\/www.ivanabeaumond.com.br\/vestidos-noiva\/casamento-na-igreja-com-fran-e-rodrigo\/\",\"name\":\"Casamento Boho Chic, com Fran e Rodrigo - Vestido de Noiva RJ\",\"isPartOf\":{\"@id\":\"https:\/\/www.ivanabeaumond.com.br\/vestidos-noiva\/#website\"},\"datePublished\":\"2020-07-02T01:09:55+00:00\",\"dateModified\":\"2020-08-10T18:28:29+00:00\",\"breadcrumb\":{\"@id\":\"https:\/\/www.ivanabeaumond.com.br\/vestidos-noiva\/casamento-na-igreja-com-fran-e-rodrigo\/#breadcrumb\"},\"inLanguage\":\"pt-BR\",\"potentialAction\":[{\"@type\":\"ReadAction\",\"target\":[\"https:\/\/www.ivanabeaumond.com.br\/vestidos-noiva\/casamento-na-igreja-com-fran-e-rodrigo\/\"]}]},{\"@type\":\"BreadcrumbList\",\"@id\":\"https:\/\/www.ivanabeaumond.com.br\/vestidos-noiva\/casamento-na-igreja-com-fran-e-rodrigo\/#breadcrumb\",\"itemListElement\":[{\"@type\":\"ListItem\",\"position\":1,\"name\":\"In\u00edcio\",\"item\":\"https:\/\/www.ivanabeaumond.com.br\/vestidos-noiva\/\"},{\"@type\":\"ListItem\",\"position\":2,\"name\":\"Casamento Boho Chic, com Fran e Rodrigo\"}]},{\"@type\":\"WebSite\",\"@id\":\"https:\/\/www.ivanabeaumond.com.br\/vestidos-noiva\/#website\",\"url\":\"https:\/\/www.ivanabeaumond.com.br\/vestidos-noiva\/\",\"name\":\"Vestido de Noiva RJ\",\"description\":\"Moda Noiva\",\"publisher\":{\"@id\":\"https:\/\/www.ivanabeaumond.com.br\/vestidos-noiva\/#organization\"},\"potentialAction\":[{\"@type\":\"SearchAction\",\"target\":{\"@type\":\"EntryPoint\",\"urlTemplate\":\"https:\/\/www.ivanabeaumond.com.br\/vestidos-noiva\/?s={search_term_string}\"},\"query-input\":\"required name=search_term_string\"}],\"inLanguage\":\"pt-BR\"},{\"@type\":\"Organization\",\"@id\":\"https:\/\/www.ivanabeaumond.com.br\/vestidos-noiva\/#organization\",\"name\":\"Vestido de Noiva RJ\",\"url\":\"https:\/\/www.ivanabeaumond.com.br\/vestidos-noiva\/\",\"logo\":{\"@type\":\"ImageObject\",\"inLanguage\":\"pt-BR\",\"@id\":\"https:\/\/www.ivanabeaumond.com.br\/vestidos-noiva\/#\/schema\/logo\/image\/\",\"url\":\"https:\/\/www.ivanabeaumond.com.br\/vestidos-noiva\/wp-content\/uploads\/2018\/02\/logo_ivana_beaumond-2.png\",\"contentUrl\":\"https:\/\/www.ivanabeaumond.com.br\/vestidos-noiva\/wp-content\/uploads\/2018\/02\/logo_ivana_beaumond-2.png\",\"width\":230,\"height\":112,\"caption\":\"Vestido de Noiva RJ\"},\"image\":{\"@id\":\"https:\/\/www.ivanabeaumond.com.br\/vestidos-noiva\/#\/schema\/logo\/image\/\"},\"sameAs\":[\"https:\/\/www.facebook.com\/ivana.beaumondnoivas\",\"https:\/\/www.instagram.com\/ivanabeaumond\/\",\"https:\/\/www.tiktok.com\/@ivanabeaumond\"]},{\"@type\":\"Person\",\"@id\":\"https:\/\/www.ivanabeaumond.com.br\/vestidos-noiva\/#\/schema\/person\/1a360c4cffa3b806d29a456389dcff26\",\"name\":\"Ivana Beaumond Paris\",\"image\":{\"@type\":\"ImageObject\",\"inLanguage\":\"pt-BR\",\"@id\":\"https:\/\/www.ivanabeaumond.com.br\/vestidos-noiva\/#\/schema\/person\/image\/\",\"url\":\"https:\/\/secure.gravatar.com\/avatar\/641f98db20b53ec937ceb641db4270b9?s=96&d=mm&r=g\",\"contentUrl\":\"https:\/\/secure.gravatar.com\/avatar\/641f98db20b53ec937ceb641db4270b9?s=96&d=mm&r=g\",\"caption\":\"Ivana Beaumond Paris\"},\"url\":\"https:\/\/www.ivanabeaumond.com.br\/vestidos-noiva\/author\/ivana\/\"}]}<\/script>\n<!-- \/ Yoast SEO plugin. -->","yoast_head_json":{"title":"Casamento Boho Chic, com Fran e Rodrigo - Vestido de Noiva RJ","robots":{"index":"index","follow":"follow","max-snippet":"max-snippet:-1","max-image-preview":"max-image-preview:large","max-video-preview":"max-video-preview:-1"},"canonical":"https:\/\/www.ivanabeaumond.com.br\/vestidos-noiva\/casamento-na-igreja-com-fran-e-rodrigo\/","og_locale":"pt_BR","og_type":"article","og_title":"Casamento Boho Chic, com Fran e Rodrigo - Vestido de Noiva RJ","og_description":"\u00a0A escolha do vestido de noiva \u00e9 a parte principal...","og_url":"https:\/\/www.ivanabeaumond.com.br\/vestidos-noiva\/casamento-na-igreja-com-fran-e-rodrigo\/","og_site_name":"Vestido de Noiva RJ","article_publisher":"https:\/\/www.facebook.com\/ivana.beaumondnoivas","article_published_time":"2020-07-02T01:09:55+00:00","article_modified_time":"2020-08-10T18:28:29+00:00","og_image":[{"width":600,"height":401,"url":"https:\/\/www.ivanabeaumond.com.br\/vestidos-noiva\/wp-content\/uploads\/2020\/07\/fran-e-rodrigo-vestido-de-noiva-rj-atelier-ivana-beaumond-1-e1593646359510.png","type":"image\/png"}],"author":"Ivana Beaumond Paris","twitter_card":"summary_large_image","twitter_misc":{"Escrito por":"Ivana Beaumond Paris","Est. tempo de leitura":"2 minutos"},"schema":{"@context":"https:\/\/schema.org","@graph":[{"@type":"Article","@id":"https:\/\/www.ivanabeaumond.com.br\/vestidos-noiva\/casamento-na-igreja-com-fran-e-rodrigo\/#article","isPartOf":{"@id":"https:\/\/www.ivanabeaumond.com.br\/vestidos-noiva\/casamento-na-igreja-com-fran-e-rodrigo\/"},"author":{"name":"Ivana Beaumond Paris","@id":"https:\/\/www.ivanabeaumond.com.br\/vestidos-noiva\/#\/schema\/person\/1a360c4cffa3b806d29a456389dcff26"},"headline":"Casamento Boho Chic, com Fran e Rodrigo","datePublished":"2020-07-02T01:09:55+00:00","dateModified":"2020-08-10T18:28:29+00:00","mainEntityOfPage":{"@id":"https:\/\/www.ivanabeaumond.com.br\/vestidos-noiva\/casamento-na-igreja-com-fran-e-rodrigo\/"},"wordCount":416,"publisher":{"@id":"https:\/\/www.ivanabeaumond.com.br\/vestidos-noiva\/#organization"},"keywords":["atelier ivana beaumond","atelier ivana beaumond paris","boho chic","casal","casamento","casamento na igreja","cerim\u00f4nia","estilo boho","festa de casamento","ivana beaumond","modelo princesa","noiva","noivas","vestido de noiva"],"articleSection":["Blog","Nossas Noivas"],"inLanguage":"pt-BR"},{"@type":"WebPage","@id":"https:\/\/www.ivanabeaumond.com.br\/vestidos-noiva\/casamento-na-igreja-com-fran-e-rodrigo\/","url":"https:\/\/www.ivanabeaumond.com.br\/vestidos-noiva\/casamento-na-igreja-com-fran-e-rodrigo\/","name":"Casamento Boho Chic, com Fran e Rodrigo - Vestido de Noiva RJ","isPartOf":{"@id":"https:\/\/www.ivanabeaumond.com.br\/vestidos-noiva\/#website"},"datePublished":"2020-07-02T01:09:55+00:00","dateModified":"2020-08-10T18:28:29+00:00","breadcrumb":{"@id":"https:\/\/www.ivanabeaumond.com.br\/vestidos-noiva\/casamento-na-igreja-com-fran-e-rodrigo\/#breadcrumb"},"inLanguage":"pt-BR","potentialAction":[{"@type":"ReadAction","target":["https:\/\/www.ivanabeaumond.com.br\/vestidos-noiva\/casamento-na-igreja-com-fran-e-rodrigo\/"]}]},{"@type":"BreadcrumbList","@id":"https:\/\/www.ivanabeaumond.com.br\/vestidos-noiva\/casamento-na-igreja-com-fran-e-rodrigo\/#breadcrumb","itemListElement":[{"@type":"ListItem","position":1,"name":"In\u00edcio","item":"https:\/\/www.ivanabeaumond.com.br\/vestidos-noiva\/"},{"@type":"ListItem","position":2,"name":"Casamento Boho Chic, com Fran e Rodrigo"}]},{"@type":"WebSite","@id":"https:\/\/www.ivanabeaumond.com.br\/vestidos-noiva\/#website","url":"https:\/\/www.ivanabeaumond.com.br\/vestidos-noiva\/","name":"Vestido de Noiva RJ","description":"Moda Noiva","publisher":{"@id":"https:\/\/www.ivanabeaumond.com.br\/vestidos-noiva\/#organization"},"potentialAction":[{"@type":"SearchAction","target":{"@type":"EntryPoint","urlTemplate":"https:\/\/www.ivanabeaumond.com.br\/vestidos-noiva\/?s={search_term_string}"},"query-input":"required name=search_term_string"}],"inLanguage":"pt-BR"},{"@type":"Organization","@id":"https:\/\/www.ivanabeaumond.com.br\/vestidos-noiva\/#organization","name":"Vestido de Noiva RJ","url":"https:\/\/www.ivanabeaumond.com.br\/vestidos-noiva\/","logo":{"@type":"ImageObject","inLanguage":"pt-BR","@id":"https:\/\/www.ivanabeaumond.com.br\/vestidos-noiva\/#\/schema\/logo\/image\/","url":"https:\/\/www.ivanabeaumond.com.br\/vestidos-noiva\/wp-content\/uploads\/2018\/02\/logo_ivana_beaumond-2.png","contentUrl":"https:\/\/www.ivanabeaumond.com.br\/vestidos-noiva\/wp-content\/uploads\/2018\/02\/logo_ivana_beaumond-2.png","width":230,"height":112,"caption":"Vestido de Noiva RJ"},"image":{"@id":"https:\/\/www.ivanabeaumond.com.br\/vestidos-noiva\/#\/schema\/logo\/image\/"},"sameAs":["https:\/\/www.facebook.com\/ivana.beaumondnoivas","https:\/\/www.instagram.com\/ivanabeaumond\/","https:\/\/www.tiktok.com\/@ivanabeaumond"]},{"@type":"Person","@id":"https:\/\/www.ivanabeaumond.com.br\/vestidos-noiva\/#\/schema\/person\/1a360c4cffa3b806d29a456389dcff26","name":"Ivana Beaumond Paris","image":{"@type":"ImageObject","inLanguage":"pt-BR","@id":"https:\/\/www.ivanabeaumond.com.br\/vestidos-noiva\/#\/schema\/person\/image\/","url":"https:\/\/secure.gravatar.com\/avatar\/641f98db20b53ec937ceb641db4270b9?s=96&d=mm&r=g","contentUrl":"https:\/\/secure.gravatar.com\/avatar\/641f98db20b53ec937ceb641db4270b9?s=96&d=mm&r=g","caption":"Ivana Beaumond Paris"},"url":"https:\/\/www.ivanabeaumond.com.br\/vestidos-noiva\/author\/ivana\/"}]}},"_links":{"self":[{"href":"https:\/\/www.ivanabeaumond.com.br\/vestidos-noiva\/wp-json\/wp\/v2\/posts\/24907"}],"collection":[{"href":"https:\/\/www.ivanabeaumond.com.br\/vestidos-noiva\/wp-json\/wp\/v2\/posts"}],"about":[{"href":"https:\/\/www.ivanabeaumond.com.br\/vestidos-noiva\/wp-json\/wp\/v2\/types\/post"}],"author":[{"embeddable":true,"href":"https:\/\/www.ivanabeaumond.com.br\/vestidos-noiva\/wp-json\/wp\/v2\/users\/4"}],"replies":[{"embeddable":true,"href":"https:\/\/www.ivanabeaumond.com.br\/vestidos-noiva\/wp-json\/wp\/v2\/comments?post=24907"}],"version-history":[{"count":6,"href":"https:\/\/www.ivanabeaumond.com.br\/vestidos-noiva\/wp-json\/wp\/v2\/posts\/24907\/revisions"}],"predecessor-version":[{"id":25606,"href":"https:\/\/www.ivanabeaumond.com.br\/vestidos-noiva\/wp-json\/wp\/v2\/posts\/24907\/revisions\/25606"}],"wp:featuredmedia":[{"embeddable":true,"href":"https:\/\/www.ivanabeaumond.com.br\/vestidos-noiva\/wp-json\/wp\/v2\/media\/24921"}],"wp:attachment":[{"href":"https:\/\/www.ivanabeaumond.com.br\/vestidos-noiva\/wp-json\/wp\/v2\/media?parent=24907"}],"wp:term":[{"taxonomy":"category","embeddable":true,"href":"https:\/\/www.ivanabeaumond.com.br\/vestidos-noiva\/wp-json\/wp\/v2\/categories?post=24907"},{"taxonomy":"post_tag","embeddable":true,"href":"https:\/\/www.ivanabeaumond.com.br\/vestidos-noiva\/wp-json\/wp\/v2\/tags?post=24907"}],"curies":[{"name":"wp","href":"https:\/\/api.w.org\/{rel}","templated":true}]}}