{"id":25190,"date":"2020-07-20T12:05:04","date_gmt":"2020-07-20T15:05:04","guid":{"rendered":"https:\/\/www.ivanabeaumond.com.br\/vestidos-noiva\/?p=25190"},"modified":"2020-07-20T12:05:07","modified_gmt":"2020-07-20T15:05:07","slug":"casamento-ao-ar-livre-com-carol-e-hugo","status":"publish","type":"post","link":"https:\/\/www.ivanabeaumond.com.br\/vestidos-noiva\/casamento-ao-ar-livre-com-carol-e-hugo\/","title":{"rendered":"Casamento ao Ar Livre, com Carol e Hugo"},"content":{"rendered":"<h4>O que te vem \u00e0 cabe\u00e7a quando pensa em Casamento ao Ar Livre? Minimalismo? Silhueta justa? Nosso conselho \u00e9 que voc\u00ea n\u00e3o precisa se prender a padr\u00f5es se souber usar os tecidos e a renda a seu favor. Ser uma noiva ousada e criativa pode tamb\u00e9m significar ser moderna e, ao mesmo tempo, cl\u00e1ssica e atemporal.<\/h4>\n\n\n<div style=\"height:35px\" aria-hidden=\"true\" class=\"wp-block-spacer\"><\/div>\n\n\n\n<div class=\"wp-block-image\"><figure class=\"aligncenter size-large is-resized\"><img decoding=\"async\" loading=\"lazy\" src=\"https:\/\/www.ivanabeaumond.com.br\/vestidos-noiva\/wp-content\/uploads\/2020\/07\/Casamento-ao-Ar-Livre-Vestido-de-Noiva-Rj-Atelier-Ivana-Beaumond-1024x683.jpg\" alt=\"Casamento ao Ar Livre Vestido de Noiva Rj Atelier Ivana Beaumond\" class=\"wp-image-25189\" width=\"600\" height=\"400\"\/><\/figure><\/div>\n\n\n\n<div style=\"height:29px\" aria-hidden=\"true\" class=\"wp-block-spacer\"><\/div>\n\n\n\n<h4 class=\"has-cyan-bluish-gray-color has-text-color wp-block-heading\">O Casamento ao Entardecer da nossa noiva Carol pedia um vestido que fosse bonito e funcional para a cerim\u00f4nia e para a festa. Para tal, ela optou por um look rom\u00e2ntico, com mangas longas e renda delicada. O charme ficou com o decote profundo nas costas e a transpar\u00eancia, que deram um toque ousado e transformaram o visual em um look que vai muito al\u00e9m de somente um vestido de noiva de mangas longas. Quer ver como ela ficou deslumbrante? As fotos falam por si s\u00f3&#8230;<\/h4>\n\n\n\n<div style=\"height:42px\" aria-hidden=\"true\" class=\"wp-block-spacer\"><\/div>\n\n\n\n<div class=\"wp-block-image\"><figure class=\"aligncenter size-large is-resized\"><img decoding=\"async\" src=\"https:\/\/www.ivanabeaumond.com.br\/vestidos-noiva\/wp-content\/uploads\/2020\/07\/Casamento-ao-Ar-Livre-Vestido-de-Noiva-Rj-Atelier-Ivana-Beaumond-13-1024x851.jpg\" alt=\"Casamento ao Ar Livre Vestido de Noiva Rj Atelier Ivana Beaumond (13)\" class=\"wp-image-25188\" width=\"600\" srcset=\"https:\/\/www.ivanabeaumond.com.br\/vestidos-noiva\/wp-content\/uploads\/2020\/07\/Casamento-ao-Ar-Livre-Vestido-de-Noiva-Rj-Atelier-Ivana-Beaumond-13-1024x851.jpg 1024w, https:\/\/www.ivanabeaumond.com.br\/vestidos-noiva\/wp-content\/uploads\/2020\/07\/Casamento-ao-Ar-Livre-Vestido-de-Noiva-Rj-Atelier-Ivana-Beaumond-13-300x249.jpg 300w, https:\/\/www.ivanabeaumond.com.br\/vestidos-noiva\/wp-content\/uploads\/2020\/07\/Casamento-ao-Ar-Livre-Vestido-de-Noiva-Rj-Atelier-Ivana-Beaumond-13-768x639.jpg 768w, https:\/\/www.ivanabeaumond.com.br\/vestidos-noiva\/wp-content\/uploads\/2020\/07\/Casamento-ao-Ar-Livre-Vestido-de-Noiva-Rj-Atelier-Ivana-Beaumond-13.jpg 1080w\" sizes=\"(max-width: 1024px) 100vw, 1024px\" \/><\/figure><\/div>\n\n\n\n<div class=\"wp-block-image\"><figure class=\"aligncenter size-large is-resized\"><img decoding=\"async\" src=\"https:\/\/www.ivanabeaumond.com.br\/vestidos-noiva\/wp-content\/uploads\/2020\/07\/Casamento-ao-Ar-Livre-Vestido-de-Noiva-Rj-Atelier-Ivana-Beaumond-3-1.jpg\" alt=\"\" class=\"wp-image-25208\" width=\"600\" srcset=\"https:\/\/www.ivanabeaumond.com.br\/vestidos-noiva\/wp-content\/uploads\/2020\/07\/Casamento-ao-Ar-Livre-Vestido-de-Noiva-Rj-Atelier-Ivana-Beaumond-3-1.jpg 854w, https:\/\/www.ivanabeaumond.com.br\/vestidos-noiva\/wp-content\/uploads\/2020\/07\/Casamento-ao-Ar-Livre-Vestido-de-Noiva-Rj-Atelier-Ivana-Beaumond-3-1-300x300.jpg 300w, https:\/\/www.ivanabeaumond.com.br\/vestidos-noiva\/wp-content\/uploads\/2020\/07\/Casamento-ao-Ar-Livre-Vestido-de-Noiva-Rj-Atelier-Ivana-Beaumond-3-1-150x150.jpg 150w, https:\/\/www.ivanabeaumond.com.br\/vestidos-noiva\/wp-content\/uploads\/2020\/07\/Casamento-ao-Ar-Livre-Vestido-de-Noiva-Rj-Atelier-Ivana-Beaumond-3-1-768x768.jpg 768w, https:\/\/www.ivanabeaumond.com.br\/vestidos-noiva\/wp-content\/uploads\/2020\/07\/Casamento-ao-Ar-Livre-Vestido-de-Noiva-Rj-Atelier-Ivana-Beaumond-3-1-520x520.jpg 520w\" sizes=\"(max-width: 854px) 100vw, 854px\" \/><\/figure><\/div>\n\n\n\n<div class=\"wp-block-image\"><figure class=\"aligncenter size-large is-resized\"><img decoding=\"async\" src=\"https:\/\/www.ivanabeaumond.com.br\/vestidos-noiva\/wp-content\/uploads\/2020\/07\/Casamento-ao-Ar-Livre-Vestido-de-Noiva-Rj-Atelier-Ivana-Beaumond-2-1024x683.jpg\" alt=\"Casamento ao Ar Livre Vestido de Noiva Rj Atelier Ivana Beaumond (2)\" class=\"wp-image-25177\" width=\"600\" srcset=\"https:\/\/www.ivanabeaumond.com.br\/vestidos-noiva\/wp-content\/uploads\/2020\/07\/Casamento-ao-Ar-Livre-Vestido-de-Noiva-Rj-Atelier-Ivana-Beaumond-2-1024x683.jpg 1024w, https:\/\/www.ivanabeaumond.com.br\/vestidos-noiva\/wp-content\/uploads\/2020\/07\/Casamento-ao-Ar-Livre-Vestido-de-Noiva-Rj-Atelier-Ivana-Beaumond-2-300x200.jpg 300w, https:\/\/www.ivanabeaumond.com.br\/vestidos-noiva\/wp-content\/uploads\/2020\/07\/Casamento-ao-Ar-Livre-Vestido-de-Noiva-Rj-Atelier-Ivana-Beaumond-2-768x512.jpg 768w, https:\/\/www.ivanabeaumond.com.br\/vestidos-noiva\/wp-content\/uploads\/2020\/07\/Casamento-ao-Ar-Livre-Vestido-de-Noiva-Rj-Atelier-Ivana-Beaumond-2-480x320.jpg 480w, https:\/\/www.ivanabeaumond.com.br\/vestidos-noiva\/wp-content\/uploads\/2020\/07\/Casamento-ao-Ar-Livre-Vestido-de-Noiva-Rj-Atelier-Ivana-Beaumond-2.jpg 1080w\" sizes=\"(max-width: 1024px) 100vw, 1024px\" \/><\/figure><\/div>\n\n\n\n<div style=\"height:50px\" aria-hidden=\"true\" class=\"wp-block-spacer\"><\/div>\n\n\n\n<h4 class=\"has-cyan-bluish-gray-color has-text-color wp-block-heading\">Detalhes que amamos: bordado de renda aplicado ao tule com transpar\u00eancia que imprimem textura e leveza, provando que a manga comprida pode ser fresca e aberta, e pode ser usada \u00e0 luz do dia e em climas n\u00e3o t\u00e3o frios.<\/h4>\n\n\n\n<div style=\"height:46px\" aria-hidden=\"true\" class=\"wp-block-spacer\"><\/div>\n\n\n\n<div class=\"wp-block-image\"><figure class=\"aligncenter size-large is-resized\"><img decoding=\"async\" src=\"https:\/\/www.ivanabeaumond.com.br\/vestidos-noiva\/wp-content\/uploads\/2020\/07\/Casamento-ao-Ar-Livre-Vestido-de-Noiva-Rj-Atelier-Ivana-Beaumond-11-2.jpg\" alt=\"\" class=\"wp-image-25217\" width=\"600\" srcset=\"https:\/\/www.ivanabeaumond.com.br\/vestidos-noiva\/wp-content\/uploads\/2020\/07\/Casamento-ao-Ar-Livre-Vestido-de-Noiva-Rj-Atelier-Ivana-Beaumond-11-2.jpg 851w, https:\/\/www.ivanabeaumond.com.br\/vestidos-noiva\/wp-content\/uploads\/2020\/07\/Casamento-ao-Ar-Livre-Vestido-de-Noiva-Rj-Atelier-Ivana-Beaumond-11-2-300x300.jpg 300w, https:\/\/www.ivanabeaumond.com.br\/vestidos-noiva\/wp-content\/uploads\/2020\/07\/Casamento-ao-Ar-Livre-Vestido-de-Noiva-Rj-Atelier-Ivana-Beaumond-11-2-150x150.jpg 150w, https:\/\/www.ivanabeaumond.com.br\/vestidos-noiva\/wp-content\/uploads\/2020\/07\/Casamento-ao-Ar-Livre-Vestido-de-Noiva-Rj-Atelier-Ivana-Beaumond-11-2-768x768.jpg 768w, https:\/\/www.ivanabeaumond.com.br\/vestidos-noiva\/wp-content\/uploads\/2020\/07\/Casamento-ao-Ar-Livre-Vestido-de-Noiva-Rj-Atelier-Ivana-Beaumond-11-2-520x520.jpg 520w\" sizes=\"(max-width: 851px) 100vw, 851px\" \/><\/figure><\/div>\n\n\n\n<div class=\"wp-block-image\"><figure class=\"aligncenter size-large is-resized\"><img decoding=\"async\" src=\"https:\/\/www.ivanabeaumond.com.br\/vestidos-noiva\/wp-content\/uploads\/2020\/07\/Casamento-ao-Ar-Livre-Vestido-de-Noiva-Rj-Atelier-Ivana-Beaumond-4-1.jpg\" alt=\"\" class=\"wp-image-25220\" width=\"600\" srcset=\"https:\/\/www.ivanabeaumond.com.br\/vestidos-noiva\/wp-content\/uploads\/2020\/07\/Casamento-ao-Ar-Livre-Vestido-de-Noiva-Rj-Atelier-Ivana-Beaumond-4-1.jpg 851w, https:\/\/www.ivanabeaumond.com.br\/vestidos-noiva\/wp-content\/uploads\/2020\/07\/Casamento-ao-Ar-Livre-Vestido-de-Noiva-Rj-Atelier-Ivana-Beaumond-4-1-300x300.jpg 300w, https:\/\/www.ivanabeaumond.com.br\/vestidos-noiva\/wp-content\/uploads\/2020\/07\/Casamento-ao-Ar-Livre-Vestido-de-Noiva-Rj-Atelier-Ivana-Beaumond-4-1-150x150.jpg 150w, https:\/\/www.ivanabeaumond.com.br\/vestidos-noiva\/wp-content\/uploads\/2020\/07\/Casamento-ao-Ar-Livre-Vestido-de-Noiva-Rj-Atelier-Ivana-Beaumond-4-1-768x768.jpg 768w, https:\/\/www.ivanabeaumond.com.br\/vestidos-noiva\/wp-content\/uploads\/2020\/07\/Casamento-ao-Ar-Livre-Vestido-de-Noiva-Rj-Atelier-Ivana-Beaumond-4-1-520x520.jpg 520w\" sizes=\"(max-width: 851px) 100vw, 851px\" \/><\/figure><\/div>\n\n\n\n<div class=\"wp-block-image\"><figure class=\"aligncenter size-large is-resized\"><img decoding=\"async\" src=\"https:\/\/www.ivanabeaumond.com.br\/vestidos-noiva\/wp-content\/uploads\/2020\/07\/Casamento-ao-Ar-Livre-Vestido-de-Noiva-Rj-Atelier-Ivana-Beaumond-8-1.jpg\" alt=\"\" class=\"wp-image-25223\" width=\"600\" srcset=\"https:\/\/www.ivanabeaumond.com.br\/vestidos-noiva\/wp-content\/uploads\/2020\/07\/Casamento-ao-Ar-Livre-Vestido-de-Noiva-Rj-Atelier-Ivana-Beaumond-8-1.jpg 750w, https:\/\/www.ivanabeaumond.com.br\/vestidos-noiva\/wp-content\/uploads\/2020\/07\/Casamento-ao-Ar-Livre-Vestido-de-Noiva-Rj-Atelier-Ivana-Beaumond-8-1-300x223.jpg 300w\" sizes=\"(max-width: 750px) 100vw, 750px\" \/><\/figure><\/div>\n\n\n\n<div class=\"wp-block-image\"><figure class=\"aligncenter size-large is-resized\"><img decoding=\"async\" src=\"https:\/\/www.ivanabeaumond.com.br\/vestidos-noiva\/wp-content\/uploads\/2020\/07\/Casamento-ao-Ar-Livre-Vestido-de-Noiva-Rj-Atelier-Ivana-Beaumond-10-2-1024x766.jpg\" alt=\"\" class=\"wp-image-25228\" width=\"600\" srcset=\"https:\/\/www.ivanabeaumond.com.br\/vestidos-noiva\/wp-content\/uploads\/2020\/07\/Casamento-ao-Ar-Livre-Vestido-de-Noiva-Rj-Atelier-Ivana-Beaumond-10-2-1024x766.jpg 1024w, https:\/\/www.ivanabeaumond.com.br\/vestidos-noiva\/wp-content\/uploads\/2020\/07\/Casamento-ao-Ar-Livre-Vestido-de-Noiva-Rj-Atelier-Ivana-Beaumond-10-2-300x224.jpg 300w, https:\/\/www.ivanabeaumond.com.br\/vestidos-noiva\/wp-content\/uploads\/2020\/07\/Casamento-ao-Ar-Livre-Vestido-de-Noiva-Rj-Atelier-Ivana-Beaumond-10-2-768x575.jpg 768w, https:\/\/www.ivanabeaumond.com.br\/vestidos-noiva\/wp-content\/uploads\/2020\/07\/Casamento-ao-Ar-Livre-Vestido-de-Noiva-Rj-Atelier-Ivana-Beaumond-10-2.jpg 1080w\" sizes=\"(max-width: 1024px) 100vw, 1024px\" \/><\/figure><\/div>\n\n\n\n<div style=\"height:42px\" aria-hidden=\"true\" class=\"wp-block-spacer\"><\/div>\n\n\n\n<h4 class=\"has-cyan-bluish-gray-color has-text-color wp-block-heading\">Falando em funcionalidade, o vestido de noiva sereia \u00e9 ideal para quem deseja ter mais liberdade para dan\u00e7ar e curtir a festa. Portanto, se voc\u00ea \u00e9 como a Carol e pretende cantar todos os seus hits favoritos com as suas madrinhas e ir at\u00e9 o ch\u00e3o com os seus convidados, essa pode ser uma boa op\u00e7\u00e3o de silhueta.<\/h4>\n\n\n\n<div style=\"height:48px\" aria-hidden=\"true\" class=\"wp-block-spacer\"><\/div>\n\n\n\n<div class=\"wp-block-image\"><figure class=\"aligncenter size-large is-resized\"><img decoding=\"async\" src=\"https:\/\/www.ivanabeaumond.com.br\/vestidos-noiva\/wp-content\/uploads\/2020\/07\/Casamento-ao-Ar-Livre-Vestido-de-Noiva-Rj-Atelier-Ivana-Beaumond-9-2-1024x766.jpg\" alt=\"\" class=\"wp-image-25230\" width=\"600\" srcset=\"https:\/\/www.ivanabeaumond.com.br\/vestidos-noiva\/wp-content\/uploads\/2020\/07\/Casamento-ao-Ar-Livre-Vestido-de-Noiva-Rj-Atelier-Ivana-Beaumond-9-2-1024x766.jpg 1024w, https:\/\/www.ivanabeaumond.com.br\/vestidos-noiva\/wp-content\/uploads\/2020\/07\/Casamento-ao-Ar-Livre-Vestido-de-Noiva-Rj-Atelier-Ivana-Beaumond-9-2-300x224.jpg 300w, https:\/\/www.ivanabeaumond.com.br\/vestidos-noiva\/wp-content\/uploads\/2020\/07\/Casamento-ao-Ar-Livre-Vestido-de-Noiva-Rj-Atelier-Ivana-Beaumond-9-2-768x575.jpg 768w, https:\/\/www.ivanabeaumond.com.br\/vestidos-noiva\/wp-content\/uploads\/2020\/07\/Casamento-ao-Ar-Livre-Vestido-de-Noiva-Rj-Atelier-Ivana-Beaumond-9-2.jpg 1080w\" sizes=\"(max-width: 1024px) 100vw, 1024px\" \/><\/figure><\/div>\n\n\n\n<div class=\"wp-block-image\"><figure class=\"aligncenter size-large is-resized\"><img decoding=\"async\" src=\"https:\/\/www.ivanabeaumond.com.br\/vestidos-noiva\/wp-content\/uploads\/2020\/07\/Casamento-ao-Ar-Livre-Vestido-de-Noiva-Rj-Atelier-Ivana-Beaumond-5-1.jpg\" alt=\"\" class=\"wp-image-25234\" width=\"600\" srcset=\"https:\/\/www.ivanabeaumond.com.br\/vestidos-noiva\/wp-content\/uploads\/2020\/07\/Casamento-ao-Ar-Livre-Vestido-de-Noiva-Rj-Atelier-Ivana-Beaumond-5-1.jpg 750w, https:\/\/www.ivanabeaumond.com.br\/vestidos-noiva\/wp-content\/uploads\/2020\/07\/Casamento-ao-Ar-Livre-Vestido-de-Noiva-Rj-Atelier-Ivana-Beaumond-5-1-300x223.jpg 300w\" sizes=\"(max-width: 750px) 100vw, 750px\" \/><\/figure><\/div>\n\n\n\n<div style=\"height:45px\" aria-hidden=\"true\" class=\"wp-block-spacer\"><\/div>\n\n\n\n<h4 class=\"has-cyan-bluish-gray-color has-text-color wp-block-heading\">Gostar\u00edamos de desejar aos noivos Carol e Hugo toda a felicidade do mundo e tamb\u00e9m parabeniza-los por esse dia inesquec\u00edvel. Um parab\u00e9ns especial para a nossa noiva Carol, que estava deslumbrante e nos emocionou com essas fotos! Obrigado por ter escolhido o Atelier Ivana Beaumond Paris para fazer parte desse sonho!<\/h4>\n\n\n\n<div style=\"height:56px\" aria-hidden=\"true\" class=\"wp-block-spacer\"><\/div>\n\n\n\n<div class=\"wp-block-image\"><figure class=\"aligncenter size-large is-resized\"><a href=\"https:\/\/www.instagram.com\/brunalouzadafotografia\/\"><img decoding=\"async\" src=\"https:\/\/www.ivanabeaumond.com.br\/vestidos-noiva\/wp-content\/uploads\/2020\/07\/Casamento-ao-Ar-Livre-Vestido-de-Noiva-Rj-Atelier-Ivana-Beaumond-6-1-1024x763.jpg\" alt=\"\" class=\"wp-image-25224\" width=\"600\" srcset=\"https:\/\/www.ivanabeaumond.com.br\/vestidos-noiva\/wp-content\/uploads\/2020\/07\/Casamento-ao-Ar-Livre-Vestido-de-Noiva-Rj-Atelier-Ivana-Beaumond-6-1-1024x763.jpg 1024w, https:\/\/www.ivanabeaumond.com.br\/vestidos-noiva\/wp-content\/uploads\/2020\/07\/Casamento-ao-Ar-Livre-Vestido-de-Noiva-Rj-Atelier-Ivana-Beaumond-6-1-300x224.jpg 300w, https:\/\/www.ivanabeaumond.com.br\/vestidos-noiva\/wp-content\/uploads\/2020\/07\/Casamento-ao-Ar-Livre-Vestido-de-Noiva-Rj-Atelier-Ivana-Beaumond-6-1-768x572.jpg 768w, https:\/\/www.ivanabeaumond.com.br\/vestidos-noiva\/wp-content\/uploads\/2020\/07\/Casamento-ao-Ar-Livre-Vestido-de-Noiva-Rj-Atelier-Ivana-Beaumond-6-1.jpg 1080w\" sizes=\"(max-width: 1024px) 100vw, 1024px\" \/><\/a><\/figure><\/div>\n\n\n\n<p>Ficha T\u00e9cnica:<br>Vestido da Noiva: Atelier Ivana Beaumond Paris. Casa de Festas: Mans\u00e3o Colina. Fotografia: Bruna Louzada.<\/p>\n\n\n\n<div style=\"height:59px\" aria-hidden=\"true\" class=\"wp-block-spacer\"><\/div>\n\n\n\n<h4 class=\"has-very-dark-gray-color has-text-color wp-block-heading\">No Atelier Ivana Beaumond Paris, cuidamos para que as nossas noivas recebam a aten\u00e7\u00e3o e os cuidados necess\u00e1rios durante todo o nosso atendimento: desde a primeira visita, at\u00e9 a escolha do modelo ideal e durante todas as provas. Tudo \u00e9 feito com muito carinho e com o objetivo de proporcionar a melhor experi\u00eancia para as nossas clientes &#8211; afinal, estamos falando do seu grande dia! N\u00e3o deixe de conferir<a rel=\"noreferrer noopener\" href=\"https:\/\/www.ivanabeaumond.com.br\/vestidos-noiva\/\" target=\"_blank\"> <span class=\"has-inline-color has-vivid-cyan-blue-color\">o nosso site <\/span><\/a>para conhecer as nossas cole\u00e7\u00f5es de <a rel=\"noreferrer noopener\" href=\"https:\/\/www.ivanabeaumond.com.br\/vestidos-noiva\/vestidos-de-noiva-rj\/\" target=\"_blank\"><span class=\"has-inline-color has-vivid-cyan-blue-color\">Vestidos de Noiva<\/span><\/a> e Trajes de Festa femininos e Masculinos.<\/h4>\n\n\n\n<p><\/p>\n","protected":false},"excerpt":{"rendered":"<p>O que te vem \u00e0 cabe\u00e7a quando pensa em Casamento&#8230;<\/p>\n","protected":false},"author":4,"featured_media":25189,"comment_status":"closed","ping_status":"closed","sticky":false,"template":"","format":"standard","meta":[],"categories":[60,130],"tags":[650,695,96,528,864,1225,1230,1235,103,1236,1231,98,1234,1233,1187,1239,1237,115,1232,690,1238,754],"yoast_head":"<!-- This site is optimized with the Yoast SEO plugin v20.3 - https:\/\/yoast.com\/wordpress\/plugins\/seo\/ -->\n<title>Casamento ao Ar Livre, com Carol e Hugo - Vestido de Noiva RJ<\/title>\n<meta name=\"robots\" content=\"index, follow, max-snippet:-1, max-image-preview:large, max-video-preview:-1\" \/>\n<link rel=\"canonical\" href=\"https:\/\/www.ivanabeaumond.com.br\/vestidos-noiva\/casamento-ao-ar-livre-com-carol-e-hugo\/\" \/>\n<meta property=\"og:locale\" content=\"pt_BR\" \/>\n<meta property=\"og:type\" content=\"article\" \/>\n<meta property=\"og:title\" content=\"Casamento ao Ar Livre, com Carol e Hugo - Vestido de Noiva RJ\" \/>\n<meta property=\"og:description\" content=\"O que te vem \u00e0 cabe\u00e7a quando pensa em Casamento...\" \/>\n<meta property=\"og:url\" content=\"https:\/\/www.ivanabeaumond.com.br\/vestidos-noiva\/casamento-ao-ar-livre-com-carol-e-hugo\/\" \/>\n<meta property=\"og:site_name\" content=\"Vestido de Noiva RJ\" \/>\n<meta property=\"article:publisher\" content=\"https:\/\/www.facebook.com\/ivana.beaumondnoivas\" \/>\n<meta property=\"article:published_time\" content=\"2020-07-20T15:05:04+00:00\" \/>\n<meta property=\"article:modified_time\" content=\"2020-07-20T15:05:07+00:00\" \/>\n<meta property=\"og:image\" content=\"https:\/\/www.ivanabeaumond.com.br\/vestidos-noiva\/wp-content\/uploads\/2020\/07\/Casamento-ao-Ar-Livre-Vestido-de-Noiva-Rj-Atelier-Ivana-Beaumond-e1595244972502.jpg\" \/>\n\t<meta property=\"og:image:width\" content=\"600\" \/>\n\t<meta property=\"og:image:height\" content=\"400\" \/>\n\t<meta property=\"og:image:type\" content=\"image\/jpeg\" \/>\n<meta name=\"author\" content=\"Ivana Beaumond Paris\" \/>\n<meta name=\"twitter:card\" content=\"summary_large_image\" \/>\n<meta name=\"twitter:label1\" content=\"Escrito por\" \/>\n\t<meta name=\"twitter:data1\" content=\"Ivana Beaumond Paris\" \/>\n\t<meta name=\"twitter:label2\" content=\"Est. tempo de leitura\" \/>\n\t<meta name=\"twitter:data2\" content=\"2 minutos\" \/>\n<script type=\"application\/ld+json\" class=\"yoast-schema-graph\">{\"@context\":\"https:\/\/schema.org\",\"@graph\":[{\"@type\":\"Article\",\"@id\":\"https:\/\/www.ivanabeaumond.com.br\/vestidos-noiva\/casamento-ao-ar-livre-com-carol-e-hugo\/#article\",\"isPartOf\":{\"@id\":\"https:\/\/www.ivanabeaumond.com.br\/vestidos-noiva\/casamento-ao-ar-livre-com-carol-e-hugo\/\"},\"author\":{\"name\":\"Ivana Beaumond Paris\",\"@id\":\"https:\/\/www.ivanabeaumond.com.br\/vestidos-noiva\/#\/schema\/person\/1a360c4cffa3b806d29a456389dcff26\"},\"headline\":\"Casamento ao Ar Livre, com Carol e Hugo\",\"datePublished\":\"2020-07-20T15:05:04+00:00\",\"dateModified\":\"2020-07-20T15:05:07+00:00\",\"mainEntityOfPage\":{\"@id\":\"https:\/\/www.ivanabeaumond.com.br\/vestidos-noiva\/casamento-ao-ar-livre-com-carol-e-hugo\/\"},\"wordCount\":424,\"publisher\":{\"@id\":\"https:\/\/www.ivanabeaumond.com.br\/vestidos-noiva\/#organization\"},\"keywords\":[\"atelier ivana beaumond\",\"atelier ivana beaumond paris\",\"casamento\",\"casamento ao ar livre\",\"casamento ao entardecer\",\"cerim\u00f4nia\",\"cl\u00e1ssica e atemporal\",\"decote profunto\",\"madrinhas\",\"mangas longas\",\"moderna\",\"noiva\",\"noiva criativa\",\"noiva ousada\",\"Nossa noiva\",\"trajes de festa\",\"transpar\u00eancia\",\"vestido de noiva\",\"vestido de noiva de mangas longas\",\"vestido de noiva rj\",\"vestido de noiva sereia\",\"vestidos de noiva\"],\"articleSection\":[\"Blog\",\"Nossas Noivas\"],\"inLanguage\":\"pt-BR\"},{\"@type\":\"WebPage\",\"@id\":\"https:\/\/www.ivanabeaumond.com.br\/vestidos-noiva\/casamento-ao-ar-livre-com-carol-e-hugo\/\",\"url\":\"https:\/\/www.ivanabeaumond.com.br\/vestidos-noiva\/casamento-ao-ar-livre-com-carol-e-hugo\/\",\"name\":\"Casamento ao Ar Livre, com Carol e Hugo - Vestido de Noiva RJ\",\"isPartOf\":{\"@id\":\"https:\/\/www.ivanabeaumond.com.br\/vestidos-noiva\/#website\"},\"datePublished\":\"2020-07-20T15:05:04+00:00\",\"dateModified\":\"2020-07-20T15:05:07+00:00\",\"breadcrumb\":{\"@id\":\"https:\/\/www.ivanabeaumond.com.br\/vestidos-noiva\/casamento-ao-ar-livre-com-carol-e-hugo\/#breadcrumb\"},\"inLanguage\":\"pt-BR\",\"potentialAction\":[{\"@type\":\"ReadAction\",\"target\":[\"https:\/\/www.ivanabeaumond.com.br\/vestidos-noiva\/casamento-ao-ar-livre-com-carol-e-hugo\/\"]}]},{\"@type\":\"BreadcrumbList\",\"@id\":\"https:\/\/www.ivanabeaumond.com.br\/vestidos-noiva\/casamento-ao-ar-livre-com-carol-e-hugo\/#breadcrumb\",\"itemListElement\":[{\"@type\":\"ListItem\",\"position\":1,\"name\":\"In\u00edcio\",\"item\":\"https:\/\/www.ivanabeaumond.com.br\/vestidos-noiva\/\"},{\"@type\":\"ListItem\",\"position\":2,\"name\":\"Casamento ao Ar Livre, com Carol e Hugo\"}]},{\"@type\":\"WebSite\",\"@id\":\"https:\/\/www.ivanabeaumond.com.br\/vestidos-noiva\/#website\",\"url\":\"https:\/\/www.ivanabeaumond.com.br\/vestidos-noiva\/\",\"name\":\"Vestido de Noiva RJ\",\"description\":\"Moda Noiva\",\"publisher\":{\"@id\":\"https:\/\/www.ivanabeaumond.com.br\/vestidos-noiva\/#organization\"},\"potentialAction\":[{\"@type\":\"SearchAction\",\"target\":{\"@type\":\"EntryPoint\",\"urlTemplate\":\"https:\/\/www.ivanabeaumond.com.br\/vestidos-noiva\/?s={search_term_string}\"},\"query-input\":\"required name=search_term_string\"}],\"inLanguage\":\"pt-BR\"},{\"@type\":\"Organization\",\"@id\":\"https:\/\/www.ivanabeaumond.com.br\/vestidos-noiva\/#organization\",\"name\":\"Vestido de Noiva RJ\",\"url\":\"https:\/\/www.ivanabeaumond.com.br\/vestidos-noiva\/\",\"logo\":{\"@type\":\"ImageObject\",\"inLanguage\":\"pt-BR\",\"@id\":\"https:\/\/www.ivanabeaumond.com.br\/vestidos-noiva\/#\/schema\/logo\/image\/\",\"url\":\"https:\/\/www.ivanabeaumond.com.br\/vestidos-noiva\/wp-content\/uploads\/2018\/02\/logo_ivana_beaumond-2.png\",\"contentUrl\":\"https:\/\/www.ivanabeaumond.com.br\/vestidos-noiva\/wp-content\/uploads\/2018\/02\/logo_ivana_beaumond-2.png\",\"width\":230,\"height\":112,\"caption\":\"Vestido de Noiva RJ\"},\"image\":{\"@id\":\"https:\/\/www.ivanabeaumond.com.br\/vestidos-noiva\/#\/schema\/logo\/image\/\"},\"sameAs\":[\"https:\/\/www.facebook.com\/ivana.beaumondnoivas\",\"https:\/\/www.instagram.com\/ivanabeaumond\/\",\"https:\/\/www.tiktok.com\/@ivanabeaumond\"]},{\"@type\":\"Person\",\"@id\":\"https:\/\/www.ivanabeaumond.com.br\/vestidos-noiva\/#\/schema\/person\/1a360c4cffa3b806d29a456389dcff26\",\"name\":\"Ivana Beaumond Paris\",\"image\":{\"@type\":\"ImageObject\",\"inLanguage\":\"pt-BR\",\"@id\":\"https:\/\/www.ivanabeaumond.com.br\/vestidos-noiva\/#\/schema\/person\/image\/\",\"url\":\"https:\/\/secure.gravatar.com\/avatar\/641f98db20b53ec937ceb641db4270b9?s=96&d=mm&r=g\",\"contentUrl\":\"https:\/\/secure.gravatar.com\/avatar\/641f98db20b53ec937ceb641db4270b9?s=96&d=mm&r=g\",\"caption\":\"Ivana Beaumond Paris\"},\"url\":\"https:\/\/www.ivanabeaumond.com.br\/vestidos-noiva\/author\/ivana\/\"}]}<\/script>\n<!-- \/ Yoast SEO plugin. -->","yoast_head_json":{"title":"Casamento ao Ar Livre, com Carol e Hugo - Vestido de Noiva RJ","robots":{"index":"index","follow":"follow","max-snippet":"max-snippet:-1","max-image-preview":"max-image-preview:large","max-video-preview":"max-video-preview:-1"},"canonical":"https:\/\/www.ivanabeaumond.com.br\/vestidos-noiva\/casamento-ao-ar-livre-com-carol-e-hugo\/","og_locale":"pt_BR","og_type":"article","og_title":"Casamento ao Ar Livre, com Carol e Hugo - Vestido de Noiva RJ","og_description":"O que te vem \u00e0 cabe\u00e7a quando pensa em Casamento...","og_url":"https:\/\/www.ivanabeaumond.com.br\/vestidos-noiva\/casamento-ao-ar-livre-com-carol-e-hugo\/","og_site_name":"Vestido de Noiva RJ","article_publisher":"https:\/\/www.facebook.com\/ivana.beaumondnoivas","article_published_time":"2020-07-20T15:05:04+00:00","article_modified_time":"2020-07-20T15:05:07+00:00","og_image":[{"width":600,"height":400,"url":"https:\/\/www.ivanabeaumond.com.br\/vestidos-noiva\/wp-content\/uploads\/2020\/07\/Casamento-ao-Ar-Livre-Vestido-de-Noiva-Rj-Atelier-Ivana-Beaumond-e1595244972502.jpg","type":"image\/jpeg"}],"author":"Ivana Beaumond Paris","twitter_card":"summary_large_image","twitter_misc":{"Escrito por":"Ivana Beaumond Paris","Est. tempo de leitura":"2 minutos"},"schema":{"@context":"https:\/\/schema.org","@graph":[{"@type":"Article","@id":"https:\/\/www.ivanabeaumond.com.br\/vestidos-noiva\/casamento-ao-ar-livre-com-carol-e-hugo\/#article","isPartOf":{"@id":"https:\/\/www.ivanabeaumond.com.br\/vestidos-noiva\/casamento-ao-ar-livre-com-carol-e-hugo\/"},"author":{"name":"Ivana Beaumond Paris","@id":"https:\/\/www.ivanabeaumond.com.br\/vestidos-noiva\/#\/schema\/person\/1a360c4cffa3b806d29a456389dcff26"},"headline":"Casamento ao Ar Livre, com Carol e Hugo","datePublished":"2020-07-20T15:05:04+00:00","dateModified":"2020-07-20T15:05:07+00:00","mainEntityOfPage":{"@id":"https:\/\/www.ivanabeaumond.com.br\/vestidos-noiva\/casamento-ao-ar-livre-com-carol-e-hugo\/"},"wordCount":424,"publisher":{"@id":"https:\/\/www.ivanabeaumond.com.br\/vestidos-noiva\/#organization"},"keywords":["atelier ivana beaumond","atelier ivana beaumond paris","casamento","casamento ao ar livre","casamento ao entardecer","cerim\u00f4nia","cl\u00e1ssica e atemporal","decote profunto","madrinhas","mangas longas","moderna","noiva","noiva criativa","noiva ousada","Nossa noiva","trajes de festa","transpar\u00eancia","vestido de noiva","vestido de noiva de mangas longas","vestido de noiva rj","vestido de noiva sereia","vestidos de noiva"],"articleSection":["Blog","Nossas Noivas"],"inLanguage":"pt-BR"},{"@type":"WebPage","@id":"https:\/\/www.ivanabeaumond.com.br\/vestidos-noiva\/casamento-ao-ar-livre-com-carol-e-hugo\/","url":"https:\/\/www.ivanabeaumond.com.br\/vestidos-noiva\/casamento-ao-ar-livre-com-carol-e-hugo\/","name":"Casamento ao Ar Livre, com Carol e Hugo - Vestido de Noiva RJ","isPartOf":{"@id":"https:\/\/www.ivanabeaumond.com.br\/vestidos-noiva\/#website"},"datePublished":"2020-07-20T15:05:04+00:00","dateModified":"2020-07-20T15:05:07+00:00","breadcrumb":{"@id":"https:\/\/www.ivanabeaumond.com.br\/vestidos-noiva\/casamento-ao-ar-livre-com-carol-e-hugo\/#breadcrumb"},"inLanguage":"pt-BR","potentialAction":[{"@type":"ReadAction","target":["https:\/\/www.ivanabeaumond.com.br\/vestidos-noiva\/casamento-ao-ar-livre-com-carol-e-hugo\/"]}]},{"@type":"BreadcrumbList","@id":"https:\/\/www.ivanabeaumond.com.br\/vestidos-noiva\/casamento-ao-ar-livre-com-carol-e-hugo\/#breadcrumb","itemListElement":[{"@type":"ListItem","position":1,"name":"In\u00edcio","item":"https:\/\/www.ivanabeaumond.com.br\/vestidos-noiva\/"},{"@type":"ListItem","position":2,"name":"Casamento ao Ar Livre, com Carol e Hugo"}]},{"@type":"WebSite","@id":"https:\/\/www.ivanabeaumond.com.br\/vestidos-noiva\/#website","url":"https:\/\/www.ivanabeaumond.com.br\/vestidos-noiva\/","name":"Vestido de Noiva RJ","description":"Moda Noiva","publisher":{"@id":"https:\/\/www.ivanabeaumond.com.br\/vestidos-noiva\/#organization"},"potentialAction":[{"@type":"SearchAction","target":{"@type":"EntryPoint","urlTemplate":"https:\/\/www.ivanabeaumond.com.br\/vestidos-noiva\/?s={search_term_string}"},"query-input":"required name=search_term_string"}],"inLanguage":"pt-BR"},{"@type":"Organization","@id":"https:\/\/www.ivanabeaumond.com.br\/vestidos-noiva\/#organization","name":"Vestido de Noiva RJ","url":"https:\/\/www.ivanabeaumond.com.br\/vestidos-noiva\/","logo":{"@type":"ImageObject","inLanguage":"pt-BR","@id":"https:\/\/www.ivanabeaumond.com.br\/vestidos-noiva\/#\/schema\/logo\/image\/","url":"https:\/\/www.ivanabeaumond.com.br\/vestidos-noiva\/wp-content\/uploads\/2018\/02\/logo_ivana_beaumond-2.png","contentUrl":"https:\/\/www.ivanabeaumond.com.br\/vestidos-noiva\/wp-content\/uploads\/2018\/02\/logo_ivana_beaumond-2.png","width":230,"height":112,"caption":"Vestido de Noiva RJ"},"image":{"@id":"https:\/\/www.ivanabeaumond.com.br\/vestidos-noiva\/#\/schema\/logo\/image\/"},"sameAs":["https:\/\/www.facebook.com\/ivana.beaumondnoivas","https:\/\/www.instagram.com\/ivanabeaumond\/","https:\/\/www.tiktok.com\/@ivanabeaumond"]},{"@type":"Person","@id":"https:\/\/www.ivanabeaumond.com.br\/vestidos-noiva\/#\/schema\/person\/1a360c4cffa3b806d29a456389dcff26","name":"Ivana Beaumond Paris","image":{"@type":"ImageObject","inLanguage":"pt-BR","@id":"https:\/\/www.ivanabeaumond.com.br\/vestidos-noiva\/#\/schema\/person\/image\/","url":"https:\/\/secure.gravatar.com\/avatar\/641f98db20b53ec937ceb641db4270b9?s=96&d=mm&r=g","contentUrl":"https:\/\/secure.gravatar.com\/avatar\/641f98db20b53ec937ceb641db4270b9?s=96&d=mm&r=g","caption":"Ivana Beaumond Paris"},"url":"https:\/\/www.ivanabeaumond.com.br\/vestidos-noiva\/author\/ivana\/"}]}},"_links":{"self":[{"href":"https:\/\/www.ivanabeaumond.com.br\/vestidos-noiva\/wp-json\/wp\/v2\/posts\/25190"}],"collection":[{"href":"https:\/\/www.ivanabeaumond.com.br\/vestidos-noiva\/wp-json\/wp\/v2\/posts"}],"about":[{"href":"https:\/\/www.ivanabeaumond.com.br\/vestidos-noiva\/wp-json\/wp\/v2\/types\/post"}],"author":[{"embeddable":true,"href":"https:\/\/www.ivanabeaumond.com.br\/vestidos-noiva\/wp-json\/wp\/v2\/users\/4"}],"replies":[{"embeddable":true,"href":"https:\/\/www.ivanabeaumond.com.br\/vestidos-noiva\/wp-json\/wp\/v2\/comments?post=25190"}],"version-history":[{"count":41,"href":"https:\/\/www.ivanabeaumond.com.br\/vestidos-noiva\/wp-json\/wp\/v2\/posts\/25190\/revisions"}],"predecessor-version":[{"id":25249,"href":"https:\/\/www.ivanabeaumond.com.br\/vestidos-noiva\/wp-json\/wp\/v2\/posts\/25190\/revisions\/25249"}],"wp:featuredmedia":[{"embeddable":true,"href":"https:\/\/www.ivanabeaumond.com.br\/vestidos-noiva\/wp-json\/wp\/v2\/media\/25189"}],"wp:attachment":[{"href":"https:\/\/www.ivanabeaumond.com.br\/vestidos-noiva\/wp-json\/wp\/v2\/media?parent=25190"}],"wp:term":[{"taxonomy":"category","embeddable":true,"href":"https:\/\/www.ivanabeaumond.com.br\/vestidos-noiva\/wp-json\/wp\/v2\/categories?post=25190"},{"taxonomy":"post_tag","embeddable":true,"href":"https:\/\/www.ivanabeaumond.com.br\/vestidos-noiva\/wp-json\/wp\/v2\/tags?post=25190"}],"curies":[{"name":"wp","href":"https:\/\/api.w.org\/{rel}","templated":true}]}}