{"id":25259,"date":"2020-07-22T13:57:35","date_gmt":"2020-07-22T16:57:35","guid":{"rendered":"https:\/\/www.ivanabeaumond.com.br\/vestidos-noiva\/?p=25259"},"modified":"2020-07-22T14:03:47","modified_gmt":"2020-07-22T17:03:47","slug":"festa-top-com-maria-julia","status":"publish","type":"post","link":"https:\/\/www.ivanabeaumond.com.br\/vestidos-noiva\/festa-top-com-maria-julia\/","title":{"rendered":"Festa Top, com Maria Julia"},"content":{"rendered":"\n<h4 class=\"wp-block-heading\">O que um anivers\u00e1rio precisa para ser uma festa de 15 anos top? Decora\u00e7\u00e3o estilosa, Dj bombando a pista, anima\u00e7\u00e3o e atra\u00e7\u00f5es divertidas &#8211; pergunte \u00e0 Maria Julia, nossa debutante que \u00e9 a estrela desse post. O Baile da Maju aconteceu na casa de festas Versatilly, com uma superprodu\u00e7\u00e3o de respeito, pista comandada pelo DJ Braga e vestidos de debutante do Atelier Ivana Beaumond. Veja mais detalhes dessa noite incr\u00edvel:<\/h4>\n\n\n\n<div style=\"height:37px\" aria-hidden=\"true\" class=\"wp-block-spacer\"><\/div>\n\n\n\n<div class=\"wp-block-image\"><figure class=\"aligncenter size-large is-resized\"><img decoding=\"async\" src=\"https:\/\/www.ivanabeaumond.com.br\/vestidos-noiva\/wp-content\/uploads\/2020\/07\/Festa-de-15-anos-Vestido-de-Debutante-Rj-Atelier-Ivana-Beaumond-Maria-J\u00falia-16-1024x684.jpg\" alt=\"\" class=\"wp-image-25272\" width=\"600\" srcset=\"https:\/\/www.ivanabeaumond.com.br\/vestidos-noiva\/wp-content\/uploads\/2020\/07\/Festa-de-15-anos-Vestido-de-Debutante-Rj-Atelier-Ivana-Beaumond-Maria-J\u00falia-16-1024x684.jpg 1024w, https:\/\/www.ivanabeaumond.com.br\/vestidos-noiva\/wp-content\/uploads\/2020\/07\/Festa-de-15-anos-Vestido-de-Debutante-Rj-Atelier-Ivana-Beaumond-Maria-J\u00falia-16-300x200.jpg 300w, https:\/\/www.ivanabeaumond.com.br\/vestidos-noiva\/wp-content\/uploads\/2020\/07\/Festa-de-15-anos-Vestido-de-Debutante-Rj-Atelier-Ivana-Beaumond-Maria-J\u00falia-16-768x513.jpg 768w, https:\/\/www.ivanabeaumond.com.br\/vestidos-noiva\/wp-content\/uploads\/2020\/07\/Festa-de-15-anos-Vestido-de-Debutante-Rj-Atelier-Ivana-Beaumond-Maria-J\u00falia-16-480x320.jpg 480w, https:\/\/www.ivanabeaumond.com.br\/vestidos-noiva\/wp-content\/uploads\/2020\/07\/Festa-de-15-anos-Vestido-de-Debutante-Rj-Atelier-Ivana-Beaumond-Maria-J\u00falia-16.jpg 1060w\" sizes=\"(max-width: 1024px) 100vw, 1024px\" \/><figcaption>Fotos: Conceptor Filmes e Fotos.<\/figcaption><\/figure><\/div>\n\n\n\n<div style=\"height:47px\" aria-hidden=\"true\" class=\"wp-block-spacer\"><\/div>\n\n\n\n<h4 class=\"has-cyan-bluish-gray-color has-text-color wp-block-heading\">A Maria Julia \u00e9 uma debutante linda e cheia de energia, que nos cativou desde o primeiro momento. Ela estava super envolvida com o planejamento de sua festa e foi muito legal acompanhar todos os momentos de expectativa com ela. Como uma boa e tradicional festa de debutante, o XV da Maju contou com uma troca de figurino para a recep\u00e7\u00e3o, valsa e abertura da pista. Sendo assim, ela usou tr\u00eas vestidos diferentes.<\/h4>\n\n\n\n<div style=\"height:49px\" aria-hidden=\"true\" class=\"wp-block-spacer\"><\/div>\n\n\n\n<div class=\"wp-block-image\"><figure class=\"aligncenter size-large is-resized\"><img decoding=\"async\" src=\"https:\/\/www.ivanabeaumond.com.br\/vestidos-noiva\/wp-content\/uploads\/2020\/07\/Festa-de-15-anos-Vestido-de-Debutante-Rj-Atelier-Ivana-Beaumond-1024x882.jpg\" alt=\"\" class=\"wp-image-25266\" width=\"600\" srcset=\"https:\/\/www.ivanabeaumond.com.br\/vestidos-noiva\/wp-content\/uploads\/2020\/07\/Festa-de-15-anos-Vestido-de-Debutante-Rj-Atelier-Ivana-Beaumond-1024x882.jpg 1024w, https:\/\/www.ivanabeaumond.com.br\/vestidos-noiva\/wp-content\/uploads\/2020\/07\/Festa-de-15-anos-Vestido-de-Debutante-Rj-Atelier-Ivana-Beaumond-300x258.jpg 300w, https:\/\/www.ivanabeaumond.com.br\/vestidos-noiva\/wp-content\/uploads\/2020\/07\/Festa-de-15-anos-Vestido-de-Debutante-Rj-Atelier-Ivana-Beaumond-768x661.jpg 768w, https:\/\/www.ivanabeaumond.com.br\/vestidos-noiva\/wp-content\/uploads\/2020\/07\/Festa-de-15-anos-Vestido-de-Debutante-Rj-Atelier-Ivana-Beaumond.jpg 1080w\" sizes=\"(max-width: 1024px) 100vw, 1024px\" \/><\/figure><\/div>\n\n\n\n<div style=\"height:45px\" aria-hidden=\"true\" class=\"wp-block-spacer\"><\/div>\n\n\n\n<h4 class=\"has-cyan-bluish-gray-color has-text-color wp-block-heading\">Para a valsa, Maju vestiu esse belo modelo princesa com decote tomara-que-caia, todo bordado com paet\u00eas. Esse tom de prateado com lil\u00e1s \u00e9 um luxo e com o brilho deixa o visual bem moderno.<\/h4>\n\n\n\n<div style=\"height:45px\" aria-hidden=\"true\" class=\"wp-block-spacer\"><\/div>\n\n\n\n<div class=\"wp-block-image\"><figure class=\"aligncenter size-large is-resized\"><img decoding=\"async\" src=\"https:\/\/www.ivanabeaumond.com.br\/vestidos-noiva\/wp-content\/uploads\/2020\/07\/Festa-de-15-anos-Vestido-de-Debutante-RJ-Atelier-Ivana-Beaumond-11-1024x880.jpg\" alt=\"\" class=\"wp-image-25267\" width=\"600\" srcset=\"https:\/\/www.ivanabeaumond.com.br\/vestidos-noiva\/wp-content\/uploads\/2020\/07\/Festa-de-15-anos-Vestido-de-Debutante-RJ-Atelier-Ivana-Beaumond-11-1024x880.jpg 1024w, https:\/\/www.ivanabeaumond.com.br\/vestidos-noiva\/wp-content\/uploads\/2020\/07\/Festa-de-15-anos-Vestido-de-Debutante-RJ-Atelier-Ivana-Beaumond-11-300x258.jpg 300w, https:\/\/www.ivanabeaumond.com.br\/vestidos-noiva\/wp-content\/uploads\/2020\/07\/Festa-de-15-anos-Vestido-de-Debutante-RJ-Atelier-Ivana-Beaumond-11-768x660.jpg 768w, https:\/\/www.ivanabeaumond.com.br\/vestidos-noiva\/wp-content\/uploads\/2020\/07\/Festa-de-15-anos-Vestido-de-Debutante-RJ-Atelier-Ivana-Beaumond-11.jpg 1080w\" sizes=\"(max-width: 1024px) 100vw, 1024px\" \/><\/figure><\/div>\n\n\n\n<div class=\"wp-block-image\"><figure class=\"aligncenter size-full is-resized\"><img decoding=\"async\" src=\"https:\/\/www.ivanabeaumond.com.br\/vestidos-noiva\/wp-content\/uploads\/2020\/07\/festa-de-15-anos-vestido-de-debutante-rj-atelier-ivana-beaumond-paris.jpg\" alt=\"\" class=\"wp-image-25268\" width=\"600\" srcset=\"https:\/\/www.ivanabeaumond.com.br\/vestidos-noiva\/wp-content\/uploads\/2020\/07\/festa-de-15-anos-vestido-de-debutante-rj-atelier-ivana-beaumond-paris.jpg 829w, https:\/\/www.ivanabeaumond.com.br\/vestidos-noiva\/wp-content\/uploads\/2020\/07\/festa-de-15-anos-vestido-de-debutante-rj-atelier-ivana-beaumond-paris-300x258.jpg 300w, https:\/\/www.ivanabeaumond.com.br\/vestidos-noiva\/wp-content\/uploads\/2020\/07\/festa-de-15-anos-vestido-de-debutante-rj-atelier-ivana-beaumond-paris-768x660.jpg 768w\" sizes=\"(max-width: 829px) 100vw, 829px\" \/><\/figure><\/div>\n\n\n\n<div class=\"wp-block-image\"><figure class=\"aligncenter size-large is-resized\"><img decoding=\"async\" src=\"https:\/\/www.ivanabeaumond.com.br\/vestidos-noiva\/wp-content\/uploads\/2020\/07\/festa-de-15-anos-vestido-de-debutante-atelier-ivana-beaumond-rj-1-1024x880.jpg\" alt=\"\" class=\"wp-image-25270\" width=\"600\" srcset=\"https:\/\/www.ivanabeaumond.com.br\/vestidos-noiva\/wp-content\/uploads\/2020\/07\/festa-de-15-anos-vestido-de-debutante-atelier-ivana-beaumond-rj-1-1024x880.jpg 1024w, https:\/\/www.ivanabeaumond.com.br\/vestidos-noiva\/wp-content\/uploads\/2020\/07\/festa-de-15-anos-vestido-de-debutante-atelier-ivana-beaumond-rj-1-300x258.jpg 300w, https:\/\/www.ivanabeaumond.com.br\/vestidos-noiva\/wp-content\/uploads\/2020\/07\/festa-de-15-anos-vestido-de-debutante-atelier-ivana-beaumond-rj-1-768x660.jpg 768w, https:\/\/www.ivanabeaumond.com.br\/vestidos-noiva\/wp-content\/uploads\/2020\/07\/festa-de-15-anos-vestido-de-debutante-atelier-ivana-beaumond-rj-1.jpg 1028w\" sizes=\"(max-width: 1024px) 100vw, 1024px\" \/><figcaption>Fotos: Conceptor Filmes e Fotos.<\/figcaption><\/figure><\/div>\n\n\n\n<div style=\"height:43px\" aria-hidden=\"true\" class=\"wp-block-spacer\"><\/div>\n\n\n\n<h4 class=\"has-cyan-bluish-gray-color has-text-color wp-block-heading\">Na abertura da pista, que contou com uma apresenta\u00e7\u00e3o de dan\u00e7a da debutante com a participa\u00e7\u00e3o de suas amigas, o look escolhido foi um top cropped com saia preto. O modelo \u00e9, na verdade, um 2 em 1, mas a Maju optou por usar a saia mais curta.<\/h4>\n\n\n\n<div style=\"height:47px\" aria-hidden=\"true\" class=\"wp-block-spacer\"><\/div>\n\n\n\n<div class=\"wp-block-image\"><figure class=\"aligncenter size-large is-resized\"><img decoding=\"async\" src=\"https:\/\/www.ivanabeaumond.com.br\/vestidos-noiva\/wp-content\/uploads\/2020\/07\/festa-de-15-anos-debutante-vestido-ivana-beaumond-atelier-rj-1024x684.jpg\" alt=\"\" class=\"wp-image-25271\" width=\"600\" srcset=\"https:\/\/www.ivanabeaumond.com.br\/vestidos-noiva\/wp-content\/uploads\/2020\/07\/festa-de-15-anos-debutante-vestido-ivana-beaumond-atelier-rj-1024x684.jpg 1024w, https:\/\/www.ivanabeaumond.com.br\/vestidos-noiva\/wp-content\/uploads\/2020\/07\/festa-de-15-anos-debutante-vestido-ivana-beaumond-atelier-rj-300x200.jpg 300w, https:\/\/www.ivanabeaumond.com.br\/vestidos-noiva\/wp-content\/uploads\/2020\/07\/festa-de-15-anos-debutante-vestido-ivana-beaumond-atelier-rj-768x513.jpg 768w, https:\/\/www.ivanabeaumond.com.br\/vestidos-noiva\/wp-content\/uploads\/2020\/07\/festa-de-15-anos-debutante-vestido-ivana-beaumond-atelier-rj-480x320.jpg 480w, https:\/\/www.ivanabeaumond.com.br\/vestidos-noiva\/wp-content\/uploads\/2020\/07\/festa-de-15-anos-debutante-vestido-ivana-beaumond-atelier-rj.jpg 1080w\" sizes=\"(max-width: 1024px) 100vw, 1024px\" \/><\/figure><\/div>\n\n\n\n<div class=\"wp-block-image\"><figure class=\"aligncenter size-large is-resized\"><img decoding=\"async\" src=\"https:\/\/www.ivanabeaumond.com.br\/vestidos-noiva\/wp-content\/uploads\/2020\/07\/Festa-de-15-anos-Vestido-de-Debutante-Rj-Atelier-Ivana-Beaumond-Maria-J\u00falia-17.jpg\" alt=\"\" class=\"wp-image-25273\" width=\"600\" srcset=\"https:\/\/www.ivanabeaumond.com.br\/vestidos-noiva\/wp-content\/uploads\/2020\/07\/Festa-de-15-anos-Vestido-de-Debutante-Rj-Atelier-Ivana-Beaumond-Maria-J\u00falia-17.jpg 750w, https:\/\/www.ivanabeaumond.com.br\/vestidos-noiva\/wp-content\/uploads\/2020\/07\/Festa-de-15-anos-Vestido-de-Debutante-Rj-Atelier-Ivana-Beaumond-Maria-J\u00falia-17-300x202.jpg 300w\" sizes=\"(max-width: 750px) 100vw, 750px\" \/><\/figure><\/div>\n\n\n\n<div class=\"wp-block-image\"><figure class=\"aligncenter size-large is-resized\"><img decoding=\"async\" src=\"https:\/\/www.ivanabeaumond.com.br\/vestidos-noiva\/wp-content\/uploads\/2020\/07\/Festa-de-15-anos-Vestido-de-Debutante-Rj-Atelier-Ivana-Beaumond-Maria-J\u00falia-14.jpg\" alt=\"\" class=\"wp-image-25276\" width=\"600\" srcset=\"https:\/\/www.ivanabeaumond.com.br\/vestidos-noiva\/wp-content\/uploads\/2020\/07\/Festa-de-15-anos-Vestido-de-Debutante-Rj-Atelier-Ivana-Beaumond-Maria-J\u00falia-14.jpg 974w, https:\/\/www.ivanabeaumond.com.br\/vestidos-noiva\/wp-content\/uploads\/2020\/07\/Festa-de-15-anos-Vestido-de-Debutante-Rj-Atelier-Ivana-Beaumond-Maria-J\u00falia-14-300x201.jpg 300w, https:\/\/www.ivanabeaumond.com.br\/vestidos-noiva\/wp-content\/uploads\/2020\/07\/Festa-de-15-anos-Vestido-de-Debutante-Rj-Atelier-Ivana-Beaumond-Maria-J\u00falia-14-768x513.jpg 768w, https:\/\/www.ivanabeaumond.com.br\/vestidos-noiva\/wp-content\/uploads\/2020\/07\/Festa-de-15-anos-Vestido-de-Debutante-Rj-Atelier-Ivana-Beaumond-Maria-J\u00falia-14-480x320.jpg 480w\" sizes=\"(max-width: 974px) 100vw, 974px\" \/><\/figure><\/div>\n\n\n\n<div class=\"wp-block-image\"><figure class=\"aligncenter size-large is-resized\"><img decoding=\"async\" src=\"https:\/\/www.ivanabeaumond.com.br\/vestidos-noiva\/wp-content\/uploads\/2020\/07\/Festa-de-15-anos-Vestido-de-Debutante-Rj-Atelier-Ivana-Beaumond-Maria-J\u00falia-13-1-1024x684.jpg\" alt=\"\" class=\"wp-image-25279\" width=\"600\" srcset=\"https:\/\/www.ivanabeaumond.com.br\/vestidos-noiva\/wp-content\/uploads\/2020\/07\/Festa-de-15-anos-Vestido-de-Debutante-Rj-Atelier-Ivana-Beaumond-Maria-J\u00falia-13-1-1024x684.jpg 1024w, https:\/\/www.ivanabeaumond.com.br\/vestidos-noiva\/wp-content\/uploads\/2020\/07\/Festa-de-15-anos-Vestido-de-Debutante-Rj-Atelier-Ivana-Beaumond-Maria-J\u00falia-13-1-300x200.jpg 300w, https:\/\/www.ivanabeaumond.com.br\/vestidos-noiva\/wp-content\/uploads\/2020\/07\/Festa-de-15-anos-Vestido-de-Debutante-Rj-Atelier-Ivana-Beaumond-Maria-J\u00falia-13-1-768x513.jpg 768w, https:\/\/www.ivanabeaumond.com.br\/vestidos-noiva\/wp-content\/uploads\/2020\/07\/Festa-de-15-anos-Vestido-de-Debutante-Rj-Atelier-Ivana-Beaumond-Maria-J\u00falia-13-1-480x320.jpg 480w, https:\/\/www.ivanabeaumond.com.br\/vestidos-noiva\/wp-content\/uploads\/2020\/07\/Festa-de-15-anos-Vestido-de-Debutante-Rj-Atelier-Ivana-Beaumond-Maria-J\u00falia-13-1.jpg 1037w\" sizes=\"(max-width: 1024px) 100vw, 1024px\" \/><figcaption>Fotos: Conceptor Filmes e Fotos.<\/figcaption><\/figure><\/div>\n\n\n\n<div style=\"height:45px\" aria-hidden=\"true\" class=\"wp-block-spacer\"><\/div>\n\n\n\n<h4 class=\"has-cyan-bluish-gray-color has-text-color wp-block-heading\">Para a recep\u00e7\u00e3o, Maju usou um tubinho com aplica\u00e7\u00f5es de cristais e transpar\u00eancia. Esse vestido \u00e9 um charme, veste super bem e ficou perfeito para a ocasi\u00e3o!<\/h4>\n\n\n\n<div style=\"height:46px\" aria-hidden=\"true\" class=\"wp-block-spacer\"><\/div>\n\n\n\n<div class=\"wp-block-image\"><figure class=\"aligncenter size-large is-resized\"><img decoding=\"async\" src=\"https:\/\/www.ivanabeaumond.com.br\/vestidos-noiva\/wp-content\/uploads\/2020\/07\/Festa-de-15-anos-Vestido-de-Debutante-Rj-Atelier-Ivana-Beaumond-Maria-J\u00falia-10.jpg\" alt=\"\" class=\"wp-image-25282\" width=\"600\" srcset=\"https:\/\/www.ivanabeaumond.com.br\/vestidos-noiva\/wp-content\/uploads\/2020\/07\/Festa-de-15-anos-Vestido-de-Debutante-Rj-Atelier-Ivana-Beaumond-Maria-J\u00falia-10.jpg 873w, https:\/\/www.ivanabeaumond.com.br\/vestidos-noiva\/wp-content\/uploads\/2020\/07\/Festa-de-15-anos-Vestido-de-Debutante-Rj-Atelier-Ivana-Beaumond-Maria-J\u00falia-10-300x200.jpg 300w, https:\/\/www.ivanabeaumond.com.br\/vestidos-noiva\/wp-content\/uploads\/2020\/07\/Festa-de-15-anos-Vestido-de-Debutante-Rj-Atelier-Ivana-Beaumond-Maria-J\u00falia-10-768x512.jpg 768w, https:\/\/www.ivanabeaumond.com.br\/vestidos-noiva\/wp-content\/uploads\/2020\/07\/Festa-de-15-anos-Vestido-de-Debutante-Rj-Atelier-Ivana-Beaumond-Maria-J\u00falia-10-480x320.jpg 480w\" sizes=\"(max-width: 873px) 100vw, 873px\" \/><\/figure><\/div>\n\n\n\n<div class=\"wp-block-image\"><figure class=\"aligncenter size-large is-resized\"><img decoding=\"async\" src=\"https:\/\/www.ivanabeaumond.com.br\/vestidos-noiva\/wp-content\/uploads\/2020\/07\/Festa-de-15-anos-Vestido-de-Debutante-Rj-Atelier-Ivana-Beaumond-Maria-J\u00falia-11-1024x681.jpg\" alt=\"\" class=\"wp-image-25283\" width=\"600\" srcset=\"https:\/\/www.ivanabeaumond.com.br\/vestidos-noiva\/wp-content\/uploads\/2020\/07\/Festa-de-15-anos-Vestido-de-Debutante-Rj-Atelier-Ivana-Beaumond-Maria-J\u00falia-11-1024x681.jpg 1024w, https:\/\/www.ivanabeaumond.com.br\/vestidos-noiva\/wp-content\/uploads\/2020\/07\/Festa-de-15-anos-Vestido-de-Debutante-Rj-Atelier-Ivana-Beaumond-Maria-J\u00falia-11-300x199.jpg 300w, https:\/\/www.ivanabeaumond.com.br\/vestidos-noiva\/wp-content\/uploads\/2020\/07\/Festa-de-15-anos-Vestido-de-Debutante-Rj-Atelier-Ivana-Beaumond-Maria-J\u00falia-11-768x511.jpg 768w, https:\/\/www.ivanabeaumond.com.br\/vestidos-noiva\/wp-content\/uploads\/2020\/07\/Festa-de-15-anos-Vestido-de-Debutante-Rj-Atelier-Ivana-Beaumond-Maria-J\u00falia-11-480x320.jpg 480w, https:\/\/www.ivanabeaumond.com.br\/vestidos-noiva\/wp-content\/uploads\/2020\/07\/Festa-de-15-anos-Vestido-de-Debutante-Rj-Atelier-Ivana-Beaumond-Maria-J\u00falia-11.jpg 1047w\" sizes=\"(max-width: 1024px) 100vw, 1024px\" \/><\/figure><\/div>\n\n\n\n<div class=\"wp-block-image\"><figure class=\"aligncenter size-large is-resized\"><img decoding=\"async\" src=\"https:\/\/www.ivanabeaumond.com.br\/vestidos-noiva\/wp-content\/uploads\/2020\/07\/Festa-de-15-anos-Vestido-de-Debutante-Rj-Atelier-Ivana-Beaumond-Maria-J\u00falia-9-1-1024x681.jpg\" alt=\"\" class=\"wp-image-25286\" width=\"600\" srcset=\"https:\/\/www.ivanabeaumond.com.br\/vestidos-noiva\/wp-content\/uploads\/2020\/07\/Festa-de-15-anos-Vestido-de-Debutante-Rj-Atelier-Ivana-Beaumond-Maria-J\u00falia-9-1-1024x681.jpg 1024w, https:\/\/www.ivanabeaumond.com.br\/vestidos-noiva\/wp-content\/uploads\/2020\/07\/Festa-de-15-anos-Vestido-de-Debutante-Rj-Atelier-Ivana-Beaumond-Maria-J\u00falia-9-1-300x199.jpg 300w, https:\/\/www.ivanabeaumond.com.br\/vestidos-noiva\/wp-content\/uploads\/2020\/07\/Festa-de-15-anos-Vestido-de-Debutante-Rj-Atelier-Ivana-Beaumond-Maria-J\u00falia-9-1-768x511.jpg 768w, https:\/\/www.ivanabeaumond.com.br\/vestidos-noiva\/wp-content\/uploads\/2020\/07\/Festa-de-15-anos-Vestido-de-Debutante-Rj-Atelier-Ivana-Beaumond-Maria-J\u00falia-9-1-480x320.jpg 480w, https:\/\/www.ivanabeaumond.com.br\/vestidos-noiva\/wp-content\/uploads\/2020\/07\/Festa-de-15-anos-Vestido-de-Debutante-Rj-Atelier-Ivana-Beaumond-Maria-J\u00falia-9-1.jpg 1080w\" sizes=\"(max-width: 1024px) 100vw, 1024px\" \/><\/figure><\/div>\n\n\n\n<div class=\"wp-block-image\"><figure class=\"aligncenter size-large is-resized\"><img decoding=\"async\" src=\"https:\/\/www.ivanabeaumond.com.br\/vestidos-noiva\/wp-content\/uploads\/2020\/07\/Festa-de-15-anos-Vestido-de-Debutante-Rj-Atelier-Ivana-Beaumond-Maria-J\u00falia-8.jpg\" alt=\"\" class=\"wp-image-25288\" width=\"600\" srcset=\"https:\/\/www.ivanabeaumond.com.br\/vestidos-noiva\/wp-content\/uploads\/2020\/07\/Festa-de-15-anos-Vestido-de-Debutante-Rj-Atelier-Ivana-Beaumond-Maria-J\u00falia-8.jpg 996w, https:\/\/www.ivanabeaumond.com.br\/vestidos-noiva\/wp-content\/uploads\/2020\/07\/Festa-de-15-anos-Vestido-de-Debutante-Rj-Atelier-Ivana-Beaumond-Maria-J\u00falia-8-300x199.jpg 300w, https:\/\/www.ivanabeaumond.com.br\/vestidos-noiva\/wp-content\/uploads\/2020\/07\/Festa-de-15-anos-Vestido-de-Debutante-Rj-Atelier-Ivana-Beaumond-Maria-J\u00falia-8-768x510.jpg 768w, https:\/\/www.ivanabeaumond.com.br\/vestidos-noiva\/wp-content\/uploads\/2020\/07\/Festa-de-15-anos-Vestido-de-Debutante-Rj-Atelier-Ivana-Beaumond-Maria-J\u00falia-8-480x320.jpg 480w\" sizes=\"(max-width: 996px) 100vw, 996px\" \/><\/figure><\/div>\n\n\n\n<div class=\"wp-block-image\"><figure class=\"aligncenter size-large is-resized\"><img decoding=\"async\" src=\"https:\/\/www.ivanabeaumond.com.br\/vestidos-noiva\/wp-content\/uploads\/2020\/07\/Festa-de-15-anos-Vestido-de-Debutante-Rj-Atelier-Ivana-Beaumond-Maria-J\u00falia-5-1024x757.jpg\" alt=\"\" class=\"wp-image-25289\" width=\"600\" srcset=\"https:\/\/www.ivanabeaumond.com.br\/vestidos-noiva\/wp-content\/uploads\/2020\/07\/Festa-de-15-anos-Vestido-de-Debutante-Rj-Atelier-Ivana-Beaumond-Maria-J\u00falia-5-1024x757.jpg 1024w, https:\/\/www.ivanabeaumond.com.br\/vestidos-noiva\/wp-content\/uploads\/2020\/07\/Festa-de-15-anos-Vestido-de-Debutante-Rj-Atelier-Ivana-Beaumond-Maria-J\u00falia-5-300x222.jpg 300w, https:\/\/www.ivanabeaumond.com.br\/vestidos-noiva\/wp-content\/uploads\/2020\/07\/Festa-de-15-anos-Vestido-de-Debutante-Rj-Atelier-Ivana-Beaumond-Maria-J\u00falia-5-768x567.jpg 768w, https:\/\/www.ivanabeaumond.com.br\/vestidos-noiva\/wp-content\/uploads\/2020\/07\/Festa-de-15-anos-Vestido-de-Debutante-Rj-Atelier-Ivana-Beaumond-Maria-J\u00falia-5.jpg 1080w\" sizes=\"(max-width: 1024px) 100vw, 1024px\" \/><figcaption>Fotos: Conceptor Filmes e Fotos.<\/figcaption><\/figure><\/div>\n\n\n\n<div style=\"height:49px\" aria-hidden=\"true\" class=\"wp-block-spacer\"><\/div>\n\n\n\n<h4 class=\"has-cyan-bluish-gray-color has-text-color wp-block-heading\">Escolher mais de um modelo \u00e9 a parte mais desafiadora e prazerosa para uma debutante, afinal temos que lidar com a d\u00favida e a ansiedade mais de uma vez! No Atelier Ivana Beaumond Paris, garantimos que voc\u00ea vai tirar isso de letra, com a ajuda dos melhores consultores e a nossa vasta cole\u00e7\u00e3o de vestidos para os mais diferentes estilos. Veja mais algumas fotos da festa de 15 anos da Maria Julia:<\/h4>\n\n\n\n<div style=\"height:51px\" aria-hidden=\"true\" class=\"wp-block-spacer\"><\/div>\n\n\n\n<div class=\"wp-block-image\"><figure class=\"aligncenter size-large is-resized\"><img decoding=\"async\" src=\"https:\/\/www.ivanabeaumond.com.br\/vestidos-noiva\/wp-content\/uploads\/2020\/07\/Festa-de-15-anos-Vestido-de-Debutante-Rj-Atelier-Ivana-Beaumond-Maria-J\u00falia-15.jpg\" alt=\"\" class=\"wp-image-25292\" width=\"600\" srcset=\"https:\/\/www.ivanabeaumond.com.br\/vestidos-noiva\/wp-content\/uploads\/2020\/07\/Festa-de-15-anos-Vestido-de-Debutante-Rj-Atelier-Ivana-Beaumond-Maria-J\u00falia-15.jpg 750w, https:\/\/www.ivanabeaumond.com.br\/vestidos-noiva\/wp-content\/uploads\/2020\/07\/Festa-de-15-anos-Vestido-de-Debutante-Rj-Atelier-Ivana-Beaumond-Maria-J\u00falia-15-300x240.jpg 300w\" sizes=\"(max-width: 750px) 100vw, 750px\" \/><\/figure><\/div>\n\n\n\n<div class=\"wp-block-image\"><figure class=\"aligncenter size-large is-resized\"><img decoding=\"async\" src=\"https:\/\/www.ivanabeaumond.com.br\/vestidos-noiva\/wp-content\/uploads\/2020\/07\/Festa-de-15-anos-Vestido-de-Debutante-Rj-Atelier-Ivana-Beaumond-Maria-J\u00falia-12-1024x685.jpg\" alt=\"\" class=\"wp-image-25293\" width=\"600\" srcset=\"https:\/\/www.ivanabeaumond.com.br\/vestidos-noiva\/wp-content\/uploads\/2020\/07\/Festa-de-15-anos-Vestido-de-Debutante-Rj-Atelier-Ivana-Beaumond-Maria-J\u00falia-12-1024x685.jpg 1024w, https:\/\/www.ivanabeaumond.com.br\/vestidos-noiva\/wp-content\/uploads\/2020\/07\/Festa-de-15-anos-Vestido-de-Debutante-Rj-Atelier-Ivana-Beaumond-Maria-J\u00falia-12-300x201.jpg 300w, https:\/\/www.ivanabeaumond.com.br\/vestidos-noiva\/wp-content\/uploads\/2020\/07\/Festa-de-15-anos-Vestido-de-Debutante-Rj-Atelier-Ivana-Beaumond-Maria-J\u00falia-12-768x513.jpg 768w, https:\/\/www.ivanabeaumond.com.br\/vestidos-noiva\/wp-content\/uploads\/2020\/07\/Festa-de-15-anos-Vestido-de-Debutante-Rj-Atelier-Ivana-Beaumond-Maria-J\u00falia-12-480x320.jpg 480w, https:\/\/www.ivanabeaumond.com.br\/vestidos-noiva\/wp-content\/uploads\/2020\/07\/Festa-de-15-anos-Vestido-de-Debutante-Rj-Atelier-Ivana-Beaumond-Maria-J\u00falia-12.jpg 1056w\" sizes=\"(max-width: 1024px) 100vw, 1024px\" \/><\/figure><\/div>\n\n\n\n<div class=\"wp-block-image\"><figure class=\"aligncenter size-large is-resized\"><img decoding=\"async\" src=\"https:\/\/www.ivanabeaumond.com.br\/vestidos-noiva\/wp-content\/uploads\/2020\/07\/Festa-de-15-anos-Vestido-de-Debutante-Rj-Atelier-Ivana-Beaumond-Maria-J\u00falia-1-1024x686.jpg\" alt=\"\" class=\"wp-image-25294\" width=\"600\" srcset=\"https:\/\/www.ivanabeaumond.com.br\/vestidos-noiva\/wp-content\/uploads\/2020\/07\/Festa-de-15-anos-Vestido-de-Debutante-Rj-Atelier-Ivana-Beaumond-Maria-J\u00falia-1-1024x686.jpg 1024w, https:\/\/www.ivanabeaumond.com.br\/vestidos-noiva\/wp-content\/uploads\/2020\/07\/Festa-de-15-anos-Vestido-de-Debutante-Rj-Atelier-Ivana-Beaumond-Maria-J\u00falia-1-300x201.jpg 300w, https:\/\/www.ivanabeaumond.com.br\/vestidos-noiva\/wp-content\/uploads\/2020\/07\/Festa-de-15-anos-Vestido-de-Debutante-Rj-Atelier-Ivana-Beaumond-Maria-J\u00falia-1-768x514.jpg 768w, https:\/\/www.ivanabeaumond.com.br\/vestidos-noiva\/wp-content\/uploads\/2020\/07\/Festa-de-15-anos-Vestido-de-Debutante-Rj-Atelier-Ivana-Beaumond-Maria-J\u00falia-1.jpg 1080w\" sizes=\"(max-width: 1024px) 100vw, 1024px\" \/><\/figure><\/div>\n\n\n\n<div class=\"wp-block-image\"><figure class=\"aligncenter size-large is-resized\"><img decoding=\"async\" src=\"https:\/\/www.ivanabeaumond.com.br\/vestidos-noiva\/wp-content\/uploads\/2020\/07\/Festa-de-15-anos-Vestido-de-Debutante-Rj-Atelier-Ivana-Beaumond-Maria-J\u00falia-2-1.jpg\" alt=\"\" class=\"wp-image-25295\" width=\"600\" srcset=\"https:\/\/www.ivanabeaumond.com.br\/vestidos-noiva\/wp-content\/uploads\/2020\/07\/Festa-de-15-anos-Vestido-de-Debutante-Rj-Atelier-Ivana-Beaumond-Maria-J\u00falia-2-1.jpg 683w, https:\/\/www.ivanabeaumond.com.br\/vestidos-noiva\/wp-content\/uploads\/2020\/07\/Festa-de-15-anos-Vestido-de-Debutante-Rj-Atelier-Ivana-Beaumond-Maria-J\u00falia-2-1-240x300.jpg 240w\" sizes=\"(max-width: 683px) 100vw, 683px\" \/><\/figure><\/div>\n\n\n\n<div class=\"wp-block-image\"><figure class=\"aligncenter size-large is-resized\"><img decoding=\"async\" src=\"https:\/\/www.ivanabeaumond.com.br\/vestidos-noiva\/wp-content\/uploads\/2020\/07\/Festa-de-15-anos-Vestido-de-Debutante-Rj-Atelier-Ivana-Beaumond-Maria-J\u00falia-6-1024x680.jpg\" alt=\"\" class=\"wp-image-25296\" width=\"600\" srcset=\"https:\/\/www.ivanabeaumond.com.br\/vestidos-noiva\/wp-content\/uploads\/2020\/07\/Festa-de-15-anos-Vestido-de-Debutante-Rj-Atelier-Ivana-Beaumond-Maria-J\u00falia-6-1024x680.jpg 1024w, https:\/\/www.ivanabeaumond.com.br\/vestidos-noiva\/wp-content\/uploads\/2020\/07\/Festa-de-15-anos-Vestido-de-Debutante-Rj-Atelier-Ivana-Beaumond-Maria-J\u00falia-6-300x199.jpg 300w, https:\/\/www.ivanabeaumond.com.br\/vestidos-noiva\/wp-content\/uploads\/2020\/07\/Festa-de-15-anos-Vestido-de-Debutante-Rj-Atelier-Ivana-Beaumond-Maria-J\u00falia-6-768x510.jpg 768w, https:\/\/www.ivanabeaumond.com.br\/vestidos-noiva\/wp-content\/uploads\/2020\/07\/Festa-de-15-anos-Vestido-de-Debutante-Rj-Atelier-Ivana-Beaumond-Maria-J\u00falia-6-480x320.jpg 480w, https:\/\/www.ivanabeaumond.com.br\/vestidos-noiva\/wp-content\/uploads\/2020\/07\/Festa-de-15-anos-Vestido-de-Debutante-Rj-Atelier-Ivana-Beaumond-Maria-J\u00falia-6.jpg 1080w\" sizes=\"(max-width: 1024px) 100vw, 1024px\" \/><\/figure><\/div>\n\n\n\n<div style=\"height:45px\" aria-hidden=\"true\" class=\"wp-block-spacer\"><\/div>\n\n\n\n<h4 class=\"has-cyan-bluish-gray-color has-text-color wp-block-heading\">Gostar\u00edamos de agradecer \u00e0 nossa debutante Maria Julia por ter nos escolhido para fazer parte dessa grande produ\u00e7\u00e3o! Obrigado por ter confiado nosso trabalho desde o in\u00edcio e parab\u00e9ns pela festa maravilhosa! Desejamos a voc\u00ea todo o sucesso do mundo!<\/h4>\n\n\n\n<div style=\"height:45px\" aria-hidden=\"true\" class=\"wp-block-spacer\"><\/div>\n\n\n\n<div class=\"wp-block-image\"><figure class=\"aligncenter size-large is-resized\"><img decoding=\"async\" src=\"https:\/\/www.ivanabeaumond.com.br\/vestidos-noiva\/wp-content\/uploads\/2020\/07\/Festa-de-15-anos-Vestido-de-Debutante-Rj-Atelier-Ivana-Beaumond-Maria-J\u00falia-4.jpg\" alt=\"\" class=\"wp-image-25297\" width=\"600\" srcset=\"https:\/\/www.ivanabeaumond.com.br\/vestidos-noiva\/wp-content\/uploads\/2020\/07\/Festa-de-15-anos-Vestido-de-Debutante-Rj-Atelier-Ivana-Beaumond-Maria-J\u00falia-4.jpg 750w, https:\/\/www.ivanabeaumond.com.br\/vestidos-noiva\/wp-content\/uploads\/2020\/07\/Festa-de-15-anos-Vestido-de-Debutante-Rj-Atelier-Ivana-Beaumond-Maria-J\u00falia-4-300x250.jpg 300w\" sizes=\"(max-width: 750px) 100vw, 750px\" \/><figcaption>Ficha T\u00e9cnica:<br>Vestidos da Debutante: Atelier Ivana Beaumond Paris. Casa de Festas: Versatilly Festas e Eventos. Fotografia: Concepto Filmes e Fotos. Cabelo e Maquiagem: Fl\u00e1via Marujo. Coreografia: WC Eventos. Atra\u00e7\u00e3o: Dj Braga.<\/figcaption><\/figure><\/div>\n\n\n\n<div style=\"height:58px\" aria-hidden=\"true\" class=\"wp-block-spacer\"><\/div>\n\n\n\n<h4 class=\"wp-block-heading\">Gostou? Siga nosso instagram&nbsp;<a rel=\"noreferrer noopener\" href=\"https:\/\/www.instagram.com\/ivanaparisdebutantes\" target=\"_blank\"><span class=\"has-inline-color has-vivid-cyan-blue-color\">@ivanaparisdebutantes<\/span>&nbsp;<\/a>e curta nossa fanpage<span class=\"has-inline-color has-vivid-cyan-blue-color\">&nbsp;<a rel=\"noreferrer noopener\" href=\"https:\/\/www.facebook.com\/IvanaBeaumondDebutantes\/\" target=\"_blank\">Ivana Beaumond<\/a>&nbsp;<\/span>para ficar por dentro de tudo o que rola no mundo das&nbsp;debutantes. N\u00e3o deixe de conferir tamb\u00e9m as nossas cole\u00e7\u00f5es de&nbsp;<span class=\"has-inline-color has-vivid-cyan-blue-color\"><a rel=\"noreferrer noopener\" href=\"http:\/\/www.ivanabeaumond.com.br\/vestidos-noiva\/vestidos-debutantes\/\" target=\"_blank\">Vestidos de Debutante<\/a>&nbsp;<\/span>e&nbsp;<a rel=\"noreferrer noopener\" href=\"http:\/\/www.ivanabeaumond.com.br\/vestidos-noiva\/vestidos-casamento-madrinha-festa-formatura\/\" target=\"_blank\"><span class=\"has-inline-color has-vivid-cyan-blue-color\">Moda Festa<\/span><\/a>,&nbsp;trazendo as maiores novidades da alta costura com os mais belos modelos!<\/h4>\n","protected":false},"excerpt":{"rendered":"<p>O que um anivers\u00e1rio precisa para ser uma festa de&#8230;<\/p>\n","protected":false},"author":4,"featured_media":25303,"comment_status":"closed","ping_status":"closed","sticky":false,"template":"","format":"standard","meta":[],"categories":[60,129],"tags":[172,1241,650,695,229,173,142,1240,286,531,445,143,726],"yoast_head":"<!-- This site is optimized with the Yoast SEO plugin v20.3 - https:\/\/yoast.com\/wordpress\/plugins\/seo\/ -->\n<title>Festa Top, com Maria Julia - Vestido de Noiva RJ<\/title>\n<meta name=\"robots\" content=\"index, follow, max-snippet:-1, max-image-preview:large, max-video-preview:-1\" \/>\n<link rel=\"canonical\" href=\"https:\/\/www.ivanabeaumond.com.br\/vestidos-noiva\/festa-top-com-maria-julia\/\" \/>\n<meta property=\"og:locale\" content=\"pt_BR\" \/>\n<meta property=\"og:type\" content=\"article\" \/>\n<meta property=\"og:title\" content=\"Festa Top, com Maria Julia - Vestido de Noiva RJ\" \/>\n<meta property=\"og:description\" content=\"O que um anivers\u00e1rio precisa para ser uma festa de...\" \/>\n<meta property=\"og:url\" content=\"https:\/\/www.ivanabeaumond.com.br\/vestidos-noiva\/festa-top-com-maria-julia\/\" \/>\n<meta property=\"og:site_name\" content=\"Vestido de Noiva RJ\" \/>\n<meta property=\"article:publisher\" content=\"https:\/\/www.facebook.com\/ivana.beaumondnoivas\" \/>\n<meta property=\"article:published_time\" content=\"2020-07-22T16:57:35+00:00\" \/>\n<meta property=\"article:modified_time\" content=\"2020-07-22T17:03:47+00:00\" \/>\n<meta property=\"og:image\" content=\"https:\/\/www.ivanabeaumond.com.br\/vestidos-noiva\/wp-content\/uploads\/2020\/07\/miniatura-e1595437306639.jpg\" \/>\n\t<meta property=\"og:image:width\" content=\"600\" \/>\n\t<meta property=\"og:image:height\" content=\"360\" \/>\n\t<meta property=\"og:image:type\" content=\"image\/jpeg\" \/>\n<meta name=\"author\" content=\"Ivana Beaumond Paris\" \/>\n<meta name=\"twitter:card\" content=\"summary_large_image\" \/>\n<meta name=\"twitter:label1\" content=\"Escrito por\" \/>\n\t<meta name=\"twitter:data1\" content=\"Ivana Beaumond Paris\" \/>\n\t<meta name=\"twitter:label2\" content=\"Est. tempo de leitura\" \/>\n\t<meta name=\"twitter:data2\" content=\"2 minutos\" \/>\n<script type=\"application\/ld+json\" class=\"yoast-schema-graph\">{\"@context\":\"https:\/\/schema.org\",\"@graph\":[{\"@type\":\"Article\",\"@id\":\"https:\/\/www.ivanabeaumond.com.br\/vestidos-noiva\/festa-top-com-maria-julia\/#article\",\"isPartOf\":{\"@id\":\"https:\/\/www.ivanabeaumond.com.br\/vestidos-noiva\/festa-top-com-maria-julia\/\"},\"author\":{\"name\":\"Ivana Beaumond Paris\",\"@id\":\"https:\/\/www.ivanabeaumond.com.br\/vestidos-noiva\/#\/schema\/person\/1a360c4cffa3b806d29a456389dcff26\"},\"headline\":\"Festa Top, com Maria Julia\",\"datePublished\":\"2020-07-22T16:57:35+00:00\",\"dateModified\":\"2020-07-22T17:03:47+00:00\",\"mainEntityOfPage\":{\"@id\":\"https:\/\/www.ivanabeaumond.com.br\/vestidos-noiva\/festa-top-com-maria-julia\/\"},\"wordCount\":498,\"publisher\":{\"@id\":\"https:\/\/www.ivanabeaumond.com.br\/vestidos-noiva\/#organization\"},\"keywords\":[\"15 anos\",\"abertura da pista\",\"atelier ivana beaumond\",\"atelier ivana beaumond paris\",\"debutante\",\"debutantes\",\"festa de 15 anos\",\"festa top\",\"ivana beaumond\",\"valsa\",\"vestido\",\"vestido de debutante\",\"vestido de debutante rj\"],\"articleSection\":[\"Blog\",\"Espa\u00e7o Debutantes\"],\"inLanguage\":\"pt-BR\"},{\"@type\":\"WebPage\",\"@id\":\"https:\/\/www.ivanabeaumond.com.br\/vestidos-noiva\/festa-top-com-maria-julia\/\",\"url\":\"https:\/\/www.ivanabeaumond.com.br\/vestidos-noiva\/festa-top-com-maria-julia\/\",\"name\":\"Festa Top, com Maria Julia - Vestido de Noiva RJ\",\"isPartOf\":{\"@id\":\"https:\/\/www.ivanabeaumond.com.br\/vestidos-noiva\/#website\"},\"datePublished\":\"2020-07-22T16:57:35+00:00\",\"dateModified\":\"2020-07-22T17:03:47+00:00\",\"breadcrumb\":{\"@id\":\"https:\/\/www.ivanabeaumond.com.br\/vestidos-noiva\/festa-top-com-maria-julia\/#breadcrumb\"},\"inLanguage\":\"pt-BR\",\"potentialAction\":[{\"@type\":\"ReadAction\",\"target\":[\"https:\/\/www.ivanabeaumond.com.br\/vestidos-noiva\/festa-top-com-maria-julia\/\"]}]},{\"@type\":\"BreadcrumbList\",\"@id\":\"https:\/\/www.ivanabeaumond.com.br\/vestidos-noiva\/festa-top-com-maria-julia\/#breadcrumb\",\"itemListElement\":[{\"@type\":\"ListItem\",\"position\":1,\"name\":\"In\u00edcio\",\"item\":\"https:\/\/www.ivanabeaumond.com.br\/vestidos-noiva\/\"},{\"@type\":\"ListItem\",\"position\":2,\"name\":\"Festa Top, com Maria Julia\"}]},{\"@type\":\"WebSite\",\"@id\":\"https:\/\/www.ivanabeaumond.com.br\/vestidos-noiva\/#website\",\"url\":\"https:\/\/www.ivanabeaumond.com.br\/vestidos-noiva\/\",\"name\":\"Vestido de Noiva RJ\",\"description\":\"Moda Noiva\",\"publisher\":{\"@id\":\"https:\/\/www.ivanabeaumond.com.br\/vestidos-noiva\/#organization\"},\"potentialAction\":[{\"@type\":\"SearchAction\",\"target\":{\"@type\":\"EntryPoint\",\"urlTemplate\":\"https:\/\/www.ivanabeaumond.com.br\/vestidos-noiva\/?s={search_term_string}\"},\"query-input\":\"required name=search_term_string\"}],\"inLanguage\":\"pt-BR\"},{\"@type\":\"Organization\",\"@id\":\"https:\/\/www.ivanabeaumond.com.br\/vestidos-noiva\/#organization\",\"name\":\"Vestido de Noiva RJ\",\"url\":\"https:\/\/www.ivanabeaumond.com.br\/vestidos-noiva\/\",\"logo\":{\"@type\":\"ImageObject\",\"inLanguage\":\"pt-BR\",\"@id\":\"https:\/\/www.ivanabeaumond.com.br\/vestidos-noiva\/#\/schema\/logo\/image\/\",\"url\":\"https:\/\/www.ivanabeaumond.com.br\/vestidos-noiva\/wp-content\/uploads\/2018\/02\/logo_ivana_beaumond-2.png\",\"contentUrl\":\"https:\/\/www.ivanabeaumond.com.br\/vestidos-noiva\/wp-content\/uploads\/2018\/02\/logo_ivana_beaumond-2.png\",\"width\":230,\"height\":112,\"caption\":\"Vestido de Noiva RJ\"},\"image\":{\"@id\":\"https:\/\/www.ivanabeaumond.com.br\/vestidos-noiva\/#\/schema\/logo\/image\/\"},\"sameAs\":[\"https:\/\/www.facebook.com\/ivana.beaumondnoivas\",\"https:\/\/www.instagram.com\/ivanabeaumond\/\",\"https:\/\/www.tiktok.com\/@ivanabeaumond\"]},{\"@type\":\"Person\",\"@id\":\"https:\/\/www.ivanabeaumond.com.br\/vestidos-noiva\/#\/schema\/person\/1a360c4cffa3b806d29a456389dcff26\",\"name\":\"Ivana Beaumond Paris\",\"image\":{\"@type\":\"ImageObject\",\"inLanguage\":\"pt-BR\",\"@id\":\"https:\/\/www.ivanabeaumond.com.br\/vestidos-noiva\/#\/schema\/person\/image\/\",\"url\":\"https:\/\/secure.gravatar.com\/avatar\/641f98db20b53ec937ceb641db4270b9?s=96&d=mm&r=g\",\"contentUrl\":\"https:\/\/secure.gravatar.com\/avatar\/641f98db20b53ec937ceb641db4270b9?s=96&d=mm&r=g\",\"caption\":\"Ivana Beaumond Paris\"},\"url\":\"https:\/\/www.ivanabeaumond.com.br\/vestidos-noiva\/author\/ivana\/\"}]}<\/script>\n<!-- \/ Yoast SEO plugin. -->","yoast_head_json":{"title":"Festa Top, com Maria Julia - Vestido de Noiva RJ","robots":{"index":"index","follow":"follow","max-snippet":"max-snippet:-1","max-image-preview":"max-image-preview:large","max-video-preview":"max-video-preview:-1"},"canonical":"https:\/\/www.ivanabeaumond.com.br\/vestidos-noiva\/festa-top-com-maria-julia\/","og_locale":"pt_BR","og_type":"article","og_title":"Festa Top, com Maria Julia - Vestido de Noiva RJ","og_description":"O que um anivers\u00e1rio precisa para ser uma festa de...","og_url":"https:\/\/www.ivanabeaumond.com.br\/vestidos-noiva\/festa-top-com-maria-julia\/","og_site_name":"Vestido de Noiva RJ","article_publisher":"https:\/\/www.facebook.com\/ivana.beaumondnoivas","article_published_time":"2020-07-22T16:57:35+00:00","article_modified_time":"2020-07-22T17:03:47+00:00","og_image":[{"width":600,"height":360,"url":"https:\/\/www.ivanabeaumond.com.br\/vestidos-noiva\/wp-content\/uploads\/2020\/07\/miniatura-e1595437306639.jpg","type":"image\/jpeg"}],"author":"Ivana Beaumond Paris","twitter_card":"summary_large_image","twitter_misc":{"Escrito por":"Ivana Beaumond Paris","Est. tempo de leitura":"2 minutos"},"schema":{"@context":"https:\/\/schema.org","@graph":[{"@type":"Article","@id":"https:\/\/www.ivanabeaumond.com.br\/vestidos-noiva\/festa-top-com-maria-julia\/#article","isPartOf":{"@id":"https:\/\/www.ivanabeaumond.com.br\/vestidos-noiva\/festa-top-com-maria-julia\/"},"author":{"name":"Ivana Beaumond Paris","@id":"https:\/\/www.ivanabeaumond.com.br\/vestidos-noiva\/#\/schema\/person\/1a360c4cffa3b806d29a456389dcff26"},"headline":"Festa Top, com Maria Julia","datePublished":"2020-07-22T16:57:35+00:00","dateModified":"2020-07-22T17:03:47+00:00","mainEntityOfPage":{"@id":"https:\/\/www.ivanabeaumond.com.br\/vestidos-noiva\/festa-top-com-maria-julia\/"},"wordCount":498,"publisher":{"@id":"https:\/\/www.ivanabeaumond.com.br\/vestidos-noiva\/#organization"},"keywords":["15 anos","abertura da pista","atelier ivana beaumond","atelier ivana beaumond paris","debutante","debutantes","festa de 15 anos","festa top","ivana beaumond","valsa","vestido","vestido de debutante","vestido de debutante rj"],"articleSection":["Blog","Espa\u00e7o Debutantes"],"inLanguage":"pt-BR"},{"@type":"WebPage","@id":"https:\/\/www.ivanabeaumond.com.br\/vestidos-noiva\/festa-top-com-maria-julia\/","url":"https:\/\/www.ivanabeaumond.com.br\/vestidos-noiva\/festa-top-com-maria-julia\/","name":"Festa Top, com Maria Julia - Vestido de Noiva RJ","isPartOf":{"@id":"https:\/\/www.ivanabeaumond.com.br\/vestidos-noiva\/#website"},"datePublished":"2020-07-22T16:57:35+00:00","dateModified":"2020-07-22T17:03:47+00:00","breadcrumb":{"@id":"https:\/\/www.ivanabeaumond.com.br\/vestidos-noiva\/festa-top-com-maria-julia\/#breadcrumb"},"inLanguage":"pt-BR","potentialAction":[{"@type":"ReadAction","target":["https:\/\/www.ivanabeaumond.com.br\/vestidos-noiva\/festa-top-com-maria-julia\/"]}]},{"@type":"BreadcrumbList","@id":"https:\/\/www.ivanabeaumond.com.br\/vestidos-noiva\/festa-top-com-maria-julia\/#breadcrumb","itemListElement":[{"@type":"ListItem","position":1,"name":"In\u00edcio","item":"https:\/\/www.ivanabeaumond.com.br\/vestidos-noiva\/"},{"@type":"ListItem","position":2,"name":"Festa Top, com Maria Julia"}]},{"@type":"WebSite","@id":"https:\/\/www.ivanabeaumond.com.br\/vestidos-noiva\/#website","url":"https:\/\/www.ivanabeaumond.com.br\/vestidos-noiva\/","name":"Vestido de Noiva RJ","description":"Moda Noiva","publisher":{"@id":"https:\/\/www.ivanabeaumond.com.br\/vestidos-noiva\/#organization"},"potentialAction":[{"@type":"SearchAction","target":{"@type":"EntryPoint","urlTemplate":"https:\/\/www.ivanabeaumond.com.br\/vestidos-noiva\/?s={search_term_string}"},"query-input":"required name=search_term_string"}],"inLanguage":"pt-BR"},{"@type":"Organization","@id":"https:\/\/www.ivanabeaumond.com.br\/vestidos-noiva\/#organization","name":"Vestido de Noiva RJ","url":"https:\/\/www.ivanabeaumond.com.br\/vestidos-noiva\/","logo":{"@type":"ImageObject","inLanguage":"pt-BR","@id":"https:\/\/www.ivanabeaumond.com.br\/vestidos-noiva\/#\/schema\/logo\/image\/","url":"https:\/\/www.ivanabeaumond.com.br\/vestidos-noiva\/wp-content\/uploads\/2018\/02\/logo_ivana_beaumond-2.png","contentUrl":"https:\/\/www.ivanabeaumond.com.br\/vestidos-noiva\/wp-content\/uploads\/2018\/02\/logo_ivana_beaumond-2.png","width":230,"height":112,"caption":"Vestido de Noiva RJ"},"image":{"@id":"https:\/\/www.ivanabeaumond.com.br\/vestidos-noiva\/#\/schema\/logo\/image\/"},"sameAs":["https:\/\/www.facebook.com\/ivana.beaumondnoivas","https:\/\/www.instagram.com\/ivanabeaumond\/","https:\/\/www.tiktok.com\/@ivanabeaumond"]},{"@type":"Person","@id":"https:\/\/www.ivanabeaumond.com.br\/vestidos-noiva\/#\/schema\/person\/1a360c4cffa3b806d29a456389dcff26","name":"Ivana Beaumond Paris","image":{"@type":"ImageObject","inLanguage":"pt-BR","@id":"https:\/\/www.ivanabeaumond.com.br\/vestidos-noiva\/#\/schema\/person\/image\/","url":"https:\/\/secure.gravatar.com\/avatar\/641f98db20b53ec937ceb641db4270b9?s=96&d=mm&r=g","contentUrl":"https:\/\/secure.gravatar.com\/avatar\/641f98db20b53ec937ceb641db4270b9?s=96&d=mm&r=g","caption":"Ivana Beaumond Paris"},"url":"https:\/\/www.ivanabeaumond.com.br\/vestidos-noiva\/author\/ivana\/"}]}},"_links":{"self":[{"href":"https:\/\/www.ivanabeaumond.com.br\/vestidos-noiva\/wp-json\/wp\/v2\/posts\/25259"}],"collection":[{"href":"https:\/\/www.ivanabeaumond.com.br\/vestidos-noiva\/wp-json\/wp\/v2\/posts"}],"about":[{"href":"https:\/\/www.ivanabeaumond.com.br\/vestidos-noiva\/wp-json\/wp\/v2\/types\/post"}],"author":[{"embeddable":true,"href":"https:\/\/www.ivanabeaumond.com.br\/vestidos-noiva\/wp-json\/wp\/v2\/users\/4"}],"replies":[{"embeddable":true,"href":"https:\/\/www.ivanabeaumond.com.br\/vestidos-noiva\/wp-json\/wp\/v2\/comments?post=25259"}],"version-history":[{"count":15,"href":"https:\/\/www.ivanabeaumond.com.br\/vestidos-noiva\/wp-json\/wp\/v2\/posts\/25259\/revisions"}],"predecessor-version":[{"id":25304,"href":"https:\/\/www.ivanabeaumond.com.br\/vestidos-noiva\/wp-json\/wp\/v2\/posts\/25259\/revisions\/25304"}],"wp:featuredmedia":[{"embeddable":true,"href":"https:\/\/www.ivanabeaumond.com.br\/vestidos-noiva\/wp-json\/wp\/v2\/media\/25303"}],"wp:attachment":[{"href":"https:\/\/www.ivanabeaumond.com.br\/vestidos-noiva\/wp-json\/wp\/v2\/media?parent=25259"}],"wp:term":[{"taxonomy":"category","embeddable":true,"href":"https:\/\/www.ivanabeaumond.com.br\/vestidos-noiva\/wp-json\/wp\/v2\/categories?post=25259"},{"taxonomy":"post_tag","embeddable":true,"href":"https:\/\/www.ivanabeaumond.com.br\/vestidos-noiva\/wp-json\/wp\/v2\/tags?post=25259"}],"curies":[{"name":"wp","href":"https:\/\/api.w.org\/{rel}","templated":true}]}}