{"id":25352,"date":"2020-07-30T15:03:02","date_gmt":"2020-07-30T18:03:02","guid":{"rendered":"https:\/\/www.ivanabeaumond.com.br\/vestidos-noiva\/?p=25352"},"modified":"2020-08-17T16:45:18","modified_gmt":"2020-08-17T19:45:18","slug":"casamento-rustico-com-karoline-e-victor","status":"publish","type":"post","link":"https:\/\/www.ivanabeaumond.com.br\/vestidos-noiva\/casamento-rustico-com-karoline-e-victor\/","title":{"rendered":"Casamento R\u00fastico, com Karoline e Victor"},"content":{"rendered":"\n<h4 class=\"wp-block-heading\">Nada mais charmoso do que um casamento ao ar livre, no campo, \u00e0 luz do dia e com uma paisagem linda fazendo parte da decora\u00e7\u00e3o. Tente n\u00e3o se apaixonar pela cerim\u00f4nia da Karoline, nossa noiva boho chic.<\/h4>\n\n\n\n<div style=\"height:46px\" aria-hidden=\"true\" class=\"wp-block-spacer\"><\/div>\n\n\n\n<div class=\"wp-block-image\"><figure class=\"aligncenter size-large is-resized\"><img decoding=\"async\" src=\"https:\/\/www.ivanabeaumond.com.br\/vestidos-noiva\/wp-content\/uploads\/2020\/07\/Casamento-R\u00fastico-Vestido-de-Noiva-Rj-Atelier-Ivana-Beaumond-Paris-2-2.jpg\" alt=\"\" class=\"wp-image-25367\" width=\"600\" srcset=\"https:\/\/www.ivanabeaumond.com.br\/vestidos-noiva\/wp-content\/uploads\/2020\/07\/Casamento-R\u00fastico-Vestido-de-Noiva-Rj-Atelier-Ivana-Beaumond-Paris-2-2.jpg 639w, https:\/\/www.ivanabeaumond.com.br\/vestidos-noiva\/wp-content\/uploads\/2020\/07\/Casamento-R\u00fastico-Vestido-de-Noiva-Rj-Atelier-Ivana-Beaumond-Paris-2-2-300x200.jpg 300w, https:\/\/www.ivanabeaumond.com.br\/vestidos-noiva\/wp-content\/uploads\/2020\/07\/Casamento-R\u00fastico-Vestido-de-Noiva-Rj-Atelier-Ivana-Beaumond-Paris-2-2-480x320.jpg 480w\" sizes=\"(max-width: 639px) 100vw, 639px\" \/><\/figure><\/div>\n\n\n\n<div style=\"height:48px\" aria-hidden=\"true\" class=\"wp-block-spacer\"><\/div>\n\n\n\n<h4 class=\"has-cyan-bluish-gray-color has-text-color wp-block-heading\">Casamentos no Rio de Janeiro j\u00e1 t\u00eam sua pr\u00f3pria magia, mas s\u00e3o ainda mais encantadores quando acontecem no Vale dos Sonhos. Situada em uma \u00e1rea de mata atl\u00e2ntica, a casa de festas \u00e9 uma das melhores op\u00e7\u00f5es para quem deseja realizar um Casamento Boho, e foi a escolha da nossa noiva Karoline. Uma cerim\u00f4nia emocionante que obviamente pedia um Vestido de Noiva perfeito. Continue lendo nosso post para conferir mais detalhes da cerim\u00f4nia da Karol e conhecer o modelo que ela usou:<\/h4>\n\n\n\n<div style=\"height:50px\" aria-hidden=\"true\" class=\"wp-block-spacer\"><\/div>\n\n\n\n<div class=\"wp-block-image\"><figure class=\"aligncenter size-large is-resized\"><img decoding=\"async\" src=\"https:\/\/www.ivanabeaumond.com.br\/vestidos-noiva\/wp-content\/uploads\/2020\/07\/Casamento-r\u00fastico-ao-ar-livre-no-campo-Vestido-de-Noiva-Rj-Atelier-Ivana-Beaumond-Paris-6-1024x1024.jpg\" alt=\"\" class=\"wp-image-25358\" width=\"600\" srcset=\"https:\/\/www.ivanabeaumond.com.br\/vestidos-noiva\/wp-content\/uploads\/2020\/07\/Casamento-r\u00fastico-ao-ar-livre-no-campo-Vestido-de-Noiva-Rj-Atelier-Ivana-Beaumond-Paris-6-1024x1024.jpg 1024w, https:\/\/www.ivanabeaumond.com.br\/vestidos-noiva\/wp-content\/uploads\/2020\/07\/Casamento-r\u00fastico-ao-ar-livre-no-campo-Vestido-de-Noiva-Rj-Atelier-Ivana-Beaumond-Paris-6-300x300.jpg 300w, https:\/\/www.ivanabeaumond.com.br\/vestidos-noiva\/wp-content\/uploads\/2020\/07\/Casamento-r\u00fastico-ao-ar-livre-no-campo-Vestido-de-Noiva-Rj-Atelier-Ivana-Beaumond-Paris-6-150x150.jpg 150w, https:\/\/www.ivanabeaumond.com.br\/vestidos-noiva\/wp-content\/uploads\/2020\/07\/Casamento-r\u00fastico-ao-ar-livre-no-campo-Vestido-de-Noiva-Rj-Atelier-Ivana-Beaumond-Paris-6-768x767.jpg 768w, https:\/\/www.ivanabeaumond.com.br\/vestidos-noiva\/wp-content\/uploads\/2020\/07\/Casamento-r\u00fastico-ao-ar-livre-no-campo-Vestido-de-Noiva-Rj-Atelier-Ivana-Beaumond-Paris-6-520x520.jpg 520w, https:\/\/www.ivanabeaumond.com.br\/vestidos-noiva\/wp-content\/uploads\/2020\/07\/Casamento-r\u00fastico-ao-ar-livre-no-campo-Vestido-de-Noiva-Rj-Atelier-Ivana-Beaumond-Paris-6.jpg 1080w\" sizes=\"(max-width: 1024px) 100vw, 1024px\" \/><\/figure><\/div>\n\n\n\n<div class=\"wp-block-image\"><figure class=\"aligncenter size-large is-resized\"><img decoding=\"async\" src=\"https:\/\/www.ivanabeaumond.com.br\/vestidos-noiva\/wp-content\/uploads\/2020\/07\/Casamento-R\u00fastico-Vestido-de-Noiva-Rj-Atelier-Ivana-Beaumond-Paris-7-2-819x1024.jpg\" alt=\"\" class=\"wp-image-25381\" width=\"600\" srcset=\"https:\/\/www.ivanabeaumond.com.br\/vestidos-noiva\/wp-content\/uploads\/2020\/07\/Casamento-R\u00fastico-Vestido-de-Noiva-Rj-Atelier-Ivana-Beaumond-Paris-7-2-819x1024.jpg 819w, https:\/\/www.ivanabeaumond.com.br\/vestidos-noiva\/wp-content\/uploads\/2020\/07\/Casamento-R\u00fastico-Vestido-de-Noiva-Rj-Atelier-Ivana-Beaumond-Paris-7-2-240x300.jpg 240w, https:\/\/www.ivanabeaumond.com.br\/vestidos-noiva\/wp-content\/uploads\/2020\/07\/Casamento-R\u00fastico-Vestido-de-Noiva-Rj-Atelier-Ivana-Beaumond-Paris-7-2-768x960.jpg 768w, https:\/\/www.ivanabeaumond.com.br\/vestidos-noiva\/wp-content\/uploads\/2020\/07\/Casamento-R\u00fastico-Vestido-de-Noiva-Rj-Atelier-Ivana-Beaumond-Paris-7-2.jpg 1080w\" sizes=\"(max-width: 819px) 100vw, 819px\" \/><\/figure><\/div>\n\n\n\n<div class=\"wp-block-image\"><figure class=\"aligncenter size-full is-resized\"><img decoding=\"async\" src=\"https:\/\/www.ivanabeaumond.com.br\/vestidos-noiva\/wp-content\/uploads\/2020\/07\/Casamento-r\u00fastico-ao-ar-livre-no-campo-Vestido-de-Noiva-Rj-Atelier-Ivana-Beaumond-Paris-9.jpg\" alt=\"\" class=\"wp-image-25368\" width=\"600\" srcset=\"https:\/\/www.ivanabeaumond.com.br\/vestidos-noiva\/wp-content\/uploads\/2020\/07\/Casamento-r\u00fastico-ao-ar-livre-no-campo-Vestido-de-Noiva-Rj-Atelier-Ivana-Beaumond-Paris-9.jpg 750w, https:\/\/www.ivanabeaumond.com.br\/vestidos-noiva\/wp-content\/uploads\/2020\/07\/Casamento-r\u00fastico-ao-ar-livre-no-campo-Vestido-de-Noiva-Rj-Atelier-Ivana-Beaumond-Paris-9-300x300.jpg 300w, https:\/\/www.ivanabeaumond.com.br\/vestidos-noiva\/wp-content\/uploads\/2020\/07\/Casamento-r\u00fastico-ao-ar-livre-no-campo-Vestido-de-Noiva-Rj-Atelier-Ivana-Beaumond-Paris-9-150x150.jpg 150w, https:\/\/www.ivanabeaumond.com.br\/vestidos-noiva\/wp-content\/uploads\/2020\/07\/Casamento-r\u00fastico-ao-ar-livre-no-campo-Vestido-de-Noiva-Rj-Atelier-Ivana-Beaumond-Paris-9-520x520.jpg 520w\" sizes=\"(max-width: 750px) 100vw, 750px\" \/><figcaption>Fotos: Vanessa Rios.<\/figcaption><\/figure><\/div>\n\n\n\n<div style=\"height:38px\" aria-hidden=\"true\" class=\"wp-block-spacer\"><\/div>\n\n\n\n<h4 class=\"has-cyan-bluish-gray-color has-text-color wp-block-heading\">Com elementos do vintage, do hippie e do romantismo, o estilo boho mistura sofistica\u00e7\u00e3o com descontra\u00e7\u00e3o e continua fazendo sucesso no universo dos casamentos. Ideal para cerim\u00f4nias diurnas em ambientes externos, o estilo pede vestidos com tecidos leves, com cortes retos ou evas\u00ea e que misturam renda com elementos naturais (como pedras e p\u00e9rolas) &#8211; se quiser saber mais sobre o assunto, <span class=\"has-inline-color has-vivid-cyan-blue-color\">v<\/span><a rel=\"noreferrer noopener\" href=\"https:\/\/www.zankyou.com.br\/p\/elementos-que-nao-podem-faltar-em-um-casamento-boho-chic-anote\" target=\"_blank\"><span class=\"has-inline-color has-vivid-cyan-blue-color\">eja esse post do Zankyou listando alguns elementos que n\u00e3o podem faltar em um Casamento Boho<\/span><\/a>. No caso da Karol, o destaque ficou para os detalhes de p\u00e9rolas no bordado, que al\u00e9m de adicionarem textura \u00e0 renda deram um efeito de brilho discreto ao modelo. Ficou lindo, n\u00e3o acham?<\/h4>\n\n\n\n<div style=\"height:42px\" aria-hidden=\"true\" class=\"wp-block-spacer\"><\/div>\n\n\n\n<div class=\"wp-block-image\"><figure class=\"aligncenter size-large is-resized\"><img decoding=\"async\" src=\"https:\/\/www.ivanabeaumond.com.br\/vestidos-noiva\/wp-content\/uploads\/2020\/07\/Casamento-R\u00fastico-Vestido-de-Noiva-Rj-Atelier-Ivana-Beaumond-Paris-1-1-1024x683.jpg\" alt=\"\" class=\"wp-image-25396\" width=\"600\" srcset=\"https:\/\/www.ivanabeaumond.com.br\/vestidos-noiva\/wp-content\/uploads\/2020\/07\/Casamento-R\u00fastico-Vestido-de-Noiva-Rj-Atelier-Ivana-Beaumond-Paris-1-1-1024x683.jpg 1024w, https:\/\/www.ivanabeaumond.com.br\/vestidos-noiva\/wp-content\/uploads\/2020\/07\/Casamento-R\u00fastico-Vestido-de-Noiva-Rj-Atelier-Ivana-Beaumond-Paris-1-1-300x200.jpg 300w, https:\/\/www.ivanabeaumond.com.br\/vestidos-noiva\/wp-content\/uploads\/2020\/07\/Casamento-R\u00fastico-Vestido-de-Noiva-Rj-Atelier-Ivana-Beaumond-Paris-1-1-768x512.jpg 768w, https:\/\/www.ivanabeaumond.com.br\/vestidos-noiva\/wp-content\/uploads\/2020\/07\/Casamento-R\u00fastico-Vestido-de-Noiva-Rj-Atelier-Ivana-Beaumond-Paris-1-1-480x320.jpg 480w, https:\/\/www.ivanabeaumond.com.br\/vestidos-noiva\/wp-content\/uploads\/2020\/07\/Casamento-R\u00fastico-Vestido-de-Noiva-Rj-Atelier-Ivana-Beaumond-Paris-1-1.jpg 1080w\" sizes=\"(max-width: 1024px) 100vw, 1024px\" \/><\/figure><\/div>\n\n\n\n<div class=\"wp-block-image\"><figure class=\"aligncenter size-large is-resized\"><img decoding=\"async\" src=\"https:\/\/www.ivanabeaumond.com.br\/vestidos-noiva\/wp-content\/uploads\/2020\/07\/Casamento-R\u00fastico-Vestido-de-Noiva-Rj-Atelier-Ivana-Beaumond-Paris-5-1-1024x683.jpg\" alt=\"\" class=\"wp-image-25394\" width=\"600\" srcset=\"https:\/\/www.ivanabeaumond.com.br\/vestidos-noiva\/wp-content\/uploads\/2020\/07\/Casamento-R\u00fastico-Vestido-de-Noiva-Rj-Atelier-Ivana-Beaumond-Paris-5-1-1024x683.jpg 1024w, https:\/\/www.ivanabeaumond.com.br\/vestidos-noiva\/wp-content\/uploads\/2020\/07\/Casamento-R\u00fastico-Vestido-de-Noiva-Rj-Atelier-Ivana-Beaumond-Paris-5-1-300x200.jpg 300w, https:\/\/www.ivanabeaumond.com.br\/vestidos-noiva\/wp-content\/uploads\/2020\/07\/Casamento-R\u00fastico-Vestido-de-Noiva-Rj-Atelier-Ivana-Beaumond-Paris-5-1-768x512.jpg 768w, https:\/\/www.ivanabeaumond.com.br\/vestidos-noiva\/wp-content\/uploads\/2020\/07\/Casamento-R\u00fastico-Vestido-de-Noiva-Rj-Atelier-Ivana-Beaumond-Paris-5-1-480x320.jpg 480w, https:\/\/www.ivanabeaumond.com.br\/vestidos-noiva\/wp-content\/uploads\/2020\/07\/Casamento-R\u00fastico-Vestido-de-Noiva-Rj-Atelier-Ivana-Beaumond-Paris-5-1.jpg 1080w\" sizes=\"(max-width: 1024px) 100vw, 1024px\" \/><\/figure><\/div>\n\n\n\n<div class=\"wp-block-image\"><figure class=\"aligncenter size-large is-resized\"><img decoding=\"async\" src=\"https:\/\/www.ivanabeaumond.com.br\/vestidos-noiva\/wp-content\/uploads\/2020\/07\/Casamento-R\u00fastico-Vestido-de-Noiva-Rj-Atelier-Ivana-Beaumond-Paris-8-1024x683.jpg\" alt=\"\" class=\"wp-image-25397\" width=\"600\" srcset=\"https:\/\/www.ivanabeaumond.com.br\/vestidos-noiva\/wp-content\/uploads\/2020\/07\/Casamento-R\u00fastico-Vestido-de-Noiva-Rj-Atelier-Ivana-Beaumond-Paris-8-1024x683.jpg 1024w, https:\/\/www.ivanabeaumond.com.br\/vestidos-noiva\/wp-content\/uploads\/2020\/07\/Casamento-R\u00fastico-Vestido-de-Noiva-Rj-Atelier-Ivana-Beaumond-Paris-8-300x200.jpg 300w, https:\/\/www.ivanabeaumond.com.br\/vestidos-noiva\/wp-content\/uploads\/2020\/07\/Casamento-R\u00fastico-Vestido-de-Noiva-Rj-Atelier-Ivana-Beaumond-Paris-8-768x512.jpg 768w, https:\/\/www.ivanabeaumond.com.br\/vestidos-noiva\/wp-content\/uploads\/2020\/07\/Casamento-R\u00fastico-Vestido-de-Noiva-Rj-Atelier-Ivana-Beaumond-Paris-8-480x320.jpg 480w, https:\/\/www.ivanabeaumond.com.br\/vestidos-noiva\/wp-content\/uploads\/2020\/07\/Casamento-R\u00fastico-Vestido-de-Noiva-Rj-Atelier-Ivana-Beaumond-Paris-8.jpg 1080w\" sizes=\"(max-width: 1024px) 100vw, 1024px\" \/><\/figure><\/div>\n\n\n\n<div class=\"wp-block-image\"><figure class=\"aligncenter size-large is-resized\"><img decoding=\"async\" src=\"https:\/\/www.ivanabeaumond.com.br\/vestidos-noiva\/wp-content\/uploads\/2020\/07\/Casamento-R\u00fastico-Vestido-de-Noiva-Rj-Atelier-Ivana-Beaumond-Paris-3-1024x683.jpg\" alt=\"\" class=\"wp-image-25398\" width=\"600\" srcset=\"https:\/\/www.ivanabeaumond.com.br\/vestidos-noiva\/wp-content\/uploads\/2020\/07\/Casamento-R\u00fastico-Vestido-de-Noiva-Rj-Atelier-Ivana-Beaumond-Paris-3-1024x683.jpg 1024w, https:\/\/www.ivanabeaumond.com.br\/vestidos-noiva\/wp-content\/uploads\/2020\/07\/Casamento-R\u00fastico-Vestido-de-Noiva-Rj-Atelier-Ivana-Beaumond-Paris-3-300x200.jpg 300w, https:\/\/www.ivanabeaumond.com.br\/vestidos-noiva\/wp-content\/uploads\/2020\/07\/Casamento-R\u00fastico-Vestido-de-Noiva-Rj-Atelier-Ivana-Beaumond-Paris-3-768x512.jpg 768w, https:\/\/www.ivanabeaumond.com.br\/vestidos-noiva\/wp-content\/uploads\/2020\/07\/Casamento-R\u00fastico-Vestido-de-Noiva-Rj-Atelier-Ivana-Beaumond-Paris-3-480x320.jpg 480w, https:\/\/www.ivanabeaumond.com.br\/vestidos-noiva\/wp-content\/uploads\/2020\/07\/Casamento-R\u00fastico-Vestido-de-Noiva-Rj-Atelier-Ivana-Beaumond-Paris-3.jpg 1080w\" sizes=\"(max-width: 1024px) 100vw, 1024px\" \/><figcaption>Fotos: Vanessa Rios.<\/figcaption><\/figure><\/div>\n\n\n\n<div style=\"height:21px\" aria-hidden=\"true\" class=\"wp-block-spacer\"><\/div>\n\n\n\n<h4 class=\"wp-block-heading\"><span class=\"has-inline-color has-cyan-bluish-gray-color\">H\u00e1 quem prefira modelos sem cauda e at\u00e9 curtos para casamentos de dia, mas n\u00f3s afirmamos que n\u00e3o existem regras. A Karol, por exemplo, optou pela cauda &#8211; como o vestido tem um corte mais solto, ela n\u00e3o atrapalhou em nada a mobilidade da nossa noiva.<\/span><\/h4>\n\n\n\n<div style=\"height:44px\" aria-hidden=\"true\" class=\"wp-block-spacer\"><\/div>\n\n\n\n<div class=\"wp-block-image\"><figure class=\"aligncenter size-large is-resized\"><img decoding=\"async\" src=\"https:\/\/www.ivanabeaumond.com.br\/vestidos-noiva\/wp-content\/uploads\/2020\/07\/Casamento-R\u00fastico-Vestido-de-Noiva-Rj-Atelier-Ivana-Beaumond-Paris-4-1024x683.jpg\" alt=\"\" class=\"wp-image-25400\" width=\"600\" srcset=\"https:\/\/www.ivanabeaumond.com.br\/vestidos-noiva\/wp-content\/uploads\/2020\/07\/Casamento-R\u00fastico-Vestido-de-Noiva-Rj-Atelier-Ivana-Beaumond-Paris-4-1024x683.jpg 1024w, https:\/\/www.ivanabeaumond.com.br\/vestidos-noiva\/wp-content\/uploads\/2020\/07\/Casamento-R\u00fastico-Vestido-de-Noiva-Rj-Atelier-Ivana-Beaumond-Paris-4-300x200.jpg 300w, https:\/\/www.ivanabeaumond.com.br\/vestidos-noiva\/wp-content\/uploads\/2020\/07\/Casamento-R\u00fastico-Vestido-de-Noiva-Rj-Atelier-Ivana-Beaumond-Paris-4-768x512.jpg 768w, https:\/\/www.ivanabeaumond.com.br\/vestidos-noiva\/wp-content\/uploads\/2020\/07\/Casamento-R\u00fastico-Vestido-de-Noiva-Rj-Atelier-Ivana-Beaumond-Paris-4-480x320.jpg 480w, https:\/\/www.ivanabeaumond.com.br\/vestidos-noiva\/wp-content\/uploads\/2020\/07\/Casamento-R\u00fastico-Vestido-de-Noiva-Rj-Atelier-Ivana-Beaumond-Paris-4.jpg 1080w\" sizes=\"(max-width: 1024px) 100vw, 1024px\" \/><\/figure><\/div>\n\n\n\n<div class=\"wp-block-image\"><figure class=\"aligncenter size-large is-resized\"><img decoding=\"async\" src=\"https:\/\/www.ivanabeaumond.com.br\/vestidos-noiva\/wp-content\/uploads\/2020\/07\/Casamento-R\u00fastico-Vestido-de-Noiva-Rj-Atelier-Ivana-Beaumond-Paris-9-1024x683.jpg\" alt=\"\" class=\"wp-image-25401\" width=\"600\" srcset=\"https:\/\/www.ivanabeaumond.com.br\/vestidos-noiva\/wp-content\/uploads\/2020\/07\/Casamento-R\u00fastico-Vestido-de-Noiva-Rj-Atelier-Ivana-Beaumond-Paris-9-1024x683.jpg 1024w, https:\/\/www.ivanabeaumond.com.br\/vestidos-noiva\/wp-content\/uploads\/2020\/07\/Casamento-R\u00fastico-Vestido-de-Noiva-Rj-Atelier-Ivana-Beaumond-Paris-9-300x200.jpg 300w, https:\/\/www.ivanabeaumond.com.br\/vestidos-noiva\/wp-content\/uploads\/2020\/07\/Casamento-R\u00fastico-Vestido-de-Noiva-Rj-Atelier-Ivana-Beaumond-Paris-9-768x512.jpg 768w, https:\/\/www.ivanabeaumond.com.br\/vestidos-noiva\/wp-content\/uploads\/2020\/07\/Casamento-R\u00fastico-Vestido-de-Noiva-Rj-Atelier-Ivana-Beaumond-Paris-9-480x320.jpg 480w, https:\/\/www.ivanabeaumond.com.br\/vestidos-noiva\/wp-content\/uploads\/2020\/07\/Casamento-R\u00fastico-Vestido-de-Noiva-Rj-Atelier-Ivana-Beaumond-Paris-9.jpg 1080w\" sizes=\"(max-width: 1024px) 100vw, 1024px\" \/><\/figure><\/div>\n\n\n\n<div class=\"wp-block-image\"><figure class=\"aligncenter size-large is-resized\"><img decoding=\"async\" src=\"https:\/\/www.ivanabeaumond.com.br\/vestidos-noiva\/wp-content\/uploads\/2020\/07\/Casamento-r\u00fastico-ao-ar-livre-no-campo-Vestido-de-Noiva-Rj-Atelier-Ivana-Beaumond-Paris-7-1.jpg\" alt=\"\" class=\"wp-image-25406\" width=\"600\" srcset=\"https:\/\/www.ivanabeaumond.com.br\/vestidos-noiva\/wp-content\/uploads\/2020\/07\/Casamento-r\u00fastico-ao-ar-livre-no-campo-Vestido-de-Noiva-Rj-Atelier-Ivana-Beaumond-Paris-7-1.jpg 1024w, https:\/\/www.ivanabeaumond.com.br\/vestidos-noiva\/wp-content\/uploads\/2020\/07\/Casamento-r\u00fastico-ao-ar-livre-no-campo-Vestido-de-Noiva-Rj-Atelier-Ivana-Beaumond-Paris-7-1-300x300.jpg 300w, https:\/\/www.ivanabeaumond.com.br\/vestidos-noiva\/wp-content\/uploads\/2020\/07\/Casamento-r\u00fastico-ao-ar-livre-no-campo-Vestido-de-Noiva-Rj-Atelier-Ivana-Beaumond-Paris-7-1-150x150.jpg 150w, https:\/\/www.ivanabeaumond.com.br\/vestidos-noiva\/wp-content\/uploads\/2020\/07\/Casamento-r\u00fastico-ao-ar-livre-no-campo-Vestido-de-Noiva-Rj-Atelier-Ivana-Beaumond-Paris-7-1-768x768.jpg 768w, https:\/\/www.ivanabeaumond.com.br\/vestidos-noiva\/wp-content\/uploads\/2020\/07\/Casamento-r\u00fastico-ao-ar-livre-no-campo-Vestido-de-Noiva-Rj-Atelier-Ivana-Beaumond-Paris-7-1-520x520.jpg 520w\" sizes=\"(max-width: 1024px) 100vw, 1024px\" \/><\/figure><\/div>\n\n\n\n<div class=\"wp-block-image\"><figure class=\"aligncenter size-large is-resized\"><img decoding=\"async\" src=\"https:\/\/www.ivanabeaumond.com.br\/vestidos-noiva\/wp-content\/uploads\/2020\/07\/Casamento-R\u00fastico-Vestido-de-Noiva-Rj-Atelier-Ivana-Beaumond-Paris-6-1-1024x1024.jpg\" alt=\"\" class=\"wp-image-25408\" width=\"600\" srcset=\"https:\/\/www.ivanabeaumond.com.br\/vestidos-noiva\/wp-content\/uploads\/2020\/07\/Casamento-R\u00fastico-Vestido-de-Noiva-Rj-Atelier-Ivana-Beaumond-Paris-6-1-1024x1024.jpg 1024w, https:\/\/www.ivanabeaumond.com.br\/vestidos-noiva\/wp-content\/uploads\/2020\/07\/Casamento-R\u00fastico-Vestido-de-Noiva-Rj-Atelier-Ivana-Beaumond-Paris-6-1-300x300.jpg 300w, https:\/\/www.ivanabeaumond.com.br\/vestidos-noiva\/wp-content\/uploads\/2020\/07\/Casamento-R\u00fastico-Vestido-de-Noiva-Rj-Atelier-Ivana-Beaumond-Paris-6-1-150x150.jpg 150w, https:\/\/www.ivanabeaumond.com.br\/vestidos-noiva\/wp-content\/uploads\/2020\/07\/Casamento-R\u00fastico-Vestido-de-Noiva-Rj-Atelier-Ivana-Beaumond-Paris-6-1-768x768.jpg 768w, https:\/\/www.ivanabeaumond.com.br\/vestidos-noiva\/wp-content\/uploads\/2020\/07\/Casamento-R\u00fastico-Vestido-de-Noiva-Rj-Atelier-Ivana-Beaumond-Paris-6-1-520x520.jpg 520w, https:\/\/www.ivanabeaumond.com.br\/vestidos-noiva\/wp-content\/uploads\/2020\/07\/Casamento-R\u00fastico-Vestido-de-Noiva-Rj-Atelier-Ivana-Beaumond-Paris-6-1.jpg 1080w\" sizes=\"(max-width: 1024px) 100vw, 1024px\" \/><\/figure><\/div>\n\n\n\n<div style=\"height:44px\" aria-hidden=\"true\" class=\"wp-block-spacer\"><\/div>\n\n\n\n<h4 class=\"wp-block-heading\"><span class=\"has-inline-color has-cyan-bluish-gray-color\">E qualquer coisa, \u00e9 s\u00f3 prend\u00ea-la e est\u00e1 tudo resolvido&#8230;<\/span><\/h4>\n\n\n\n<div style=\"height:48px\" aria-hidden=\"true\" class=\"wp-block-spacer\"><\/div>\n\n\n\n<div class=\"wp-block-image\"><figure class=\"aligncenter size-large is-resized\"><img decoding=\"async\" src=\"https:\/\/www.ivanabeaumond.com.br\/vestidos-noiva\/wp-content\/uploads\/2020\/07\/Casamento-r\u00fastico-ao-ar-livre-no-campo-Vestido-de-Noiva-Rj-Atelier-Ivana-Beaumond-Paris-8-1.jpg\" alt=\"\" class=\"wp-image-25411\" width=\"600\" srcset=\"https:\/\/www.ivanabeaumond.com.br\/vestidos-noiva\/wp-content\/uploads\/2020\/07\/Casamento-r\u00fastico-ao-ar-livre-no-campo-Vestido-de-Noiva-Rj-Atelier-Ivana-Beaumond-Paris-8-1.jpg 750w, https:\/\/www.ivanabeaumond.com.br\/vestidos-noiva\/wp-content\/uploads\/2020\/07\/Casamento-r\u00fastico-ao-ar-livre-no-campo-Vestido-de-Noiva-Rj-Atelier-Ivana-Beaumond-Paris-8-1-300x300.jpg 300w, https:\/\/www.ivanabeaumond.com.br\/vestidos-noiva\/wp-content\/uploads\/2020\/07\/Casamento-r\u00fastico-ao-ar-livre-no-campo-Vestido-de-Noiva-Rj-Atelier-Ivana-Beaumond-Paris-8-1-150x150.jpg 150w, https:\/\/www.ivanabeaumond.com.br\/vestidos-noiva\/wp-content\/uploads\/2020\/07\/Casamento-r\u00fastico-ao-ar-livre-no-campo-Vestido-de-Noiva-Rj-Atelier-Ivana-Beaumond-Paris-8-1-520x520.jpg 520w\" sizes=\"(max-width: 750px) 100vw, 750px\" \/><figcaption>Fotos: Vanessa Rios.<\/figcaption><\/figure><\/div>\n\n\n\n<div style=\"height:31px\" aria-hidden=\"true\" class=\"wp-block-spacer\"><\/div>\n\n\n\n<h4 class=\"has-cyan-bluish-gray-color has-text-color wp-block-heading\">Estamos muito emocionados com essas fotos e ver como a Karol ficou incr\u00edvel s\u00f3 nos confirma que a nossa miss\u00e3o foi cumprida! Gostar\u00edamos de agradecer a essa noiva linda e mais do que especial por ter nos escolhido para fazer parte desse dia inesquec\u00edvel! Parab\u00e9ns pelo sucesso e que voc\u00ea e o Victor sejam felizes para sempre!<\/h4>\n\n\n\n<div style=\"height:44px\" aria-hidden=\"true\" class=\"wp-block-spacer\"><\/div>\n\n\n\n<div class=\"wp-block-image\"><figure class=\"aligncenter size-large is-resized\"><img decoding=\"async\" src=\"https:\/\/www.ivanabeaumond.com.br\/vestidos-noiva\/wp-content\/uploads\/2020\/07\/Casamento-r\u00fastico-ao-ar-livre-no-campo-Vestido-de-Noiva-Rj-Atelier-Ivana-Beaumond-Paris-10.jpg\" alt=\"\" class=\"wp-image-25412\" width=\"600\" srcset=\"https:\/\/www.ivanabeaumond.com.br\/vestidos-noiva\/wp-content\/uploads\/2020\/07\/Casamento-r\u00fastico-ao-ar-livre-no-campo-Vestido-de-Noiva-Rj-Atelier-Ivana-Beaumond-Paris-10.jpg 1024w, https:\/\/www.ivanabeaumond.com.br\/vestidos-noiva\/wp-content\/uploads\/2020\/07\/Casamento-r\u00fastico-ao-ar-livre-no-campo-Vestido-de-Noiva-Rj-Atelier-Ivana-Beaumond-Paris-10-300x300.jpg 300w, https:\/\/www.ivanabeaumond.com.br\/vestidos-noiva\/wp-content\/uploads\/2020\/07\/Casamento-r\u00fastico-ao-ar-livre-no-campo-Vestido-de-Noiva-Rj-Atelier-Ivana-Beaumond-Paris-10-150x150.jpg 150w, https:\/\/www.ivanabeaumond.com.br\/vestidos-noiva\/wp-content\/uploads\/2020\/07\/Casamento-r\u00fastico-ao-ar-livre-no-campo-Vestido-de-Noiva-Rj-Atelier-Ivana-Beaumond-Paris-10-768x768.jpg 768w, https:\/\/www.ivanabeaumond.com.br\/vestidos-noiva\/wp-content\/uploads\/2020\/07\/Casamento-r\u00fastico-ao-ar-livre-no-campo-Vestido-de-Noiva-Rj-Atelier-Ivana-Beaumond-Paris-10-520x520.jpg 520w\" sizes=\"(max-width: 1024px) 100vw, 1024px\" \/><figcaption>Ficha T\u00e9cnica:<br>Vestido de Noiva: Atelier Ivana Beaumond Paris. Casa de Festas: Vale dos Sonhos &#8211; RJ. Cerimonial: Nat\u00e1lia Esteves. Decora\u00e7\u00e3o: Debora Lins. Fotografia: Vanessa Rios.<\/figcaption><\/figure><\/div>\n\n\n\n<div style=\"height:45px\" aria-hidden=\"true\" class=\"wp-block-spacer\"><\/div>\n\n\n\n<h4 class=\"wp-block-heading\">Se voc\u00ea tamb\u00e9m \u00e9 noiva e ficou apaixonada pelo vestido da Karoline, que tal ser nossa cliente? N\u00e3o deixe de conferir o nosso site para ver todas as nossas cole\u00e7\u00f5es de <a rel=\"noreferrer noopener\" href=\"https:\/\/www.ivanabeaumond.com.br\/vestidos-noiva\/vestidos-de-noiva-rj\/\" target=\"_blank\"><span class=\"has-inline-color has-vivid-cyan-blue-color\">Vestidos de Noiva<\/span><\/a>, <a rel=\"noreferrer noopener\" href=\"https:\/\/www.ivanabeaumond.com.br\/vestidos-noiva\/vestidos-casamento-madrinha-festa-formatura\/\" target=\"_blank\"><span class=\"has-inline-color has-vivid-cyan-blue-color\">Madrinhas<\/span><\/a>, <a rel=\"noreferrer noopener\" href=\"https:\/\/www.ivanabeaumond.com.br\/vestidos-noiva\/vestidos-casamento-madrinha-festa-formatura\/\" target=\"_blank\"><span class=\"has-inline-color has-vivid-cyan-blue-color\">Moda Festa<\/span><\/a>, <a rel=\"noreferrer noopener\" href=\"https:\/\/www.ivanabeaumond.com.br\/vestidos-noiva\/damas\/\" target=\"_blank\"><span class=\"has-inline-color has-vivid-cyan-blue-color\">Dama de Honra<\/span><\/a> e <a rel=\"noreferrer noopener\" href=\"https:\/\/www.ivanabeaumond.com.br\/vestidos-noiva\/noivos-roupa-terno\/\" target=\"_blank\"><span class=\"has-inline-color has-vivid-cyan-blue-color\">Trajes Masculinos<\/span><\/a>. Temos tudo o que o seu casamento precisa em termos de Trajes a Rigor, com o melhor atendimento e consultores especializados para te ajudar a construir o seu sonho! Agende sua visita pelo telefone ou <a href=\"https:\/\/www.ivanabeaumond.com.br\/vestidos-noiva\/moda-noiva-barra-da-tijuca\/\" target=\"_blank\" rel=\"noreferrer noopener\"><span class=\"has-inline-color has-vivid-cyan-blue-color\">pelo site<\/span><\/a>.<\/h4>\n","protected":false},"excerpt":{"rendered":"<p>Nada mais charmoso do que um casamento ao ar livre,&#8230;<\/p>\n","protected":false},"author":4,"featured_media":25366,"comment_status":"closed","ping_status":"closed","sticky":false,"template":"","format":"standard","meta":[],"categories":[60,130],"tags":[660,650,695,585,350,594,1083,958,286,1129,1242,1243,1244,115,1245,690],"yoast_head":"<!-- This site is optimized with the Yoast SEO plugin v20.3 - https:\/\/yoast.com\/wordpress\/plugins\/seo\/ -->\n<title>Casamento R\u00fastico, com Karoline e Victor - Vestido de Noiva RJ<\/title>\n<meta name=\"robots\" content=\"index, follow, max-snippet:-1, max-image-preview:large, max-video-preview:-1\" \/>\n<link rel=\"canonical\" href=\"https:\/\/www.ivanabeaumond.com.br\/vestidos-noiva\/casamento-rustico-com-karoline-e-victor\/\" \/>\n<meta property=\"og:locale\" content=\"pt_BR\" \/>\n<meta property=\"og:type\" content=\"article\" \/>\n<meta property=\"og:title\" content=\"Casamento R\u00fastico, com Karoline e Victor - Vestido de Noiva RJ\" \/>\n<meta property=\"og:description\" content=\"Nada mais charmoso do que um casamento ao ar livre,...\" \/>\n<meta property=\"og:url\" content=\"https:\/\/www.ivanabeaumond.com.br\/vestidos-noiva\/casamento-rustico-com-karoline-e-victor\/\" \/>\n<meta property=\"og:site_name\" content=\"Vestido de Noiva RJ\" \/>\n<meta property=\"article:publisher\" content=\"https:\/\/www.facebook.com\/ivana.beaumondnoivas\" \/>\n<meta property=\"article:published_time\" content=\"2020-07-30T18:03:02+00:00\" \/>\n<meta property=\"article:modified_time\" content=\"2020-08-17T19:45:18+00:00\" \/>\n<meta property=\"og:image\" content=\"https:\/\/www.ivanabeaumond.com.br\/vestidos-noiva\/wp-content\/uploads\/2020\/07\/Casamento-R\u00fastico-Vestido-de-Noiva-Rj-Atelier-Ivana-Beaumond-Paris-2-1-e1596055261735.jpg\" \/>\n\t<meta property=\"og:image:width\" content=\"600\" \/>\n\t<meta property=\"og:image:height\" content=\"400\" \/>\n\t<meta property=\"og:image:type\" content=\"image\/jpeg\" \/>\n<meta name=\"author\" content=\"Ivana Beaumond Paris\" \/>\n<meta name=\"twitter:card\" content=\"summary_large_image\" \/>\n<meta name=\"twitter:label1\" content=\"Escrito por\" \/>\n\t<meta name=\"twitter:data1\" content=\"Ivana Beaumond Paris\" \/>\n\t<meta name=\"twitter:label2\" content=\"Est. tempo de leitura\" \/>\n\t<meta name=\"twitter:data2\" content=\"2 minutos\" \/>\n<script type=\"application\/ld+json\" class=\"yoast-schema-graph\">{\"@context\":\"https:\/\/schema.org\",\"@graph\":[{\"@type\":\"Article\",\"@id\":\"https:\/\/www.ivanabeaumond.com.br\/vestidos-noiva\/casamento-rustico-com-karoline-e-victor\/#article\",\"isPartOf\":{\"@id\":\"https:\/\/www.ivanabeaumond.com.br\/vestidos-noiva\/casamento-rustico-com-karoline-e-victor\/\"},\"author\":{\"name\":\"Ivana Beaumond Paris\",\"@id\":\"https:\/\/www.ivanabeaumond.com.br\/vestidos-noiva\/#\/schema\/person\/1a360c4cffa3b806d29a456389dcff26\"},\"headline\":\"Casamento R\u00fastico, com Karoline e Victor\",\"datePublished\":\"2020-07-30T18:03:02+00:00\",\"dateModified\":\"2020-08-17T19:45:18+00:00\",\"mainEntityOfPage\":{\"@id\":\"https:\/\/www.ivanabeaumond.com.br\/vestidos-noiva\/casamento-rustico-com-karoline-e-victor\/\"},\"wordCount\":494,\"publisher\":{\"@id\":\"https:\/\/www.ivanabeaumond.com.br\/vestidos-noiva\/#organization\"},\"keywords\":[\"atelier de noivas\",\"atelier ivana beaumond\",\"atelier ivana beaumond paris\",\"casamento boho\",\"casamento no campo\",\"casamento r\u00fastico\",\"casamentos rio de janeiro\",\"estilo boho\",\"ivana beaumond\",\"noiva boho\",\"noiva boho chic\",\"vale dos sonhos\",\"vanessa rios fotografia\",\"vestido de noiva\",\"vestido de noiva evas\u00ea\",\"vestido de noiva rj\"],\"articleSection\":[\"Blog\",\"Nossas Noivas\"],\"inLanguage\":\"pt-BR\"},{\"@type\":\"WebPage\",\"@id\":\"https:\/\/www.ivanabeaumond.com.br\/vestidos-noiva\/casamento-rustico-com-karoline-e-victor\/\",\"url\":\"https:\/\/www.ivanabeaumond.com.br\/vestidos-noiva\/casamento-rustico-com-karoline-e-victor\/\",\"name\":\"Casamento R\u00fastico, com Karoline e Victor - Vestido de Noiva RJ\",\"isPartOf\":{\"@id\":\"https:\/\/www.ivanabeaumond.com.br\/vestidos-noiva\/#website\"},\"datePublished\":\"2020-07-30T18:03:02+00:00\",\"dateModified\":\"2020-08-17T19:45:18+00:00\",\"breadcrumb\":{\"@id\":\"https:\/\/www.ivanabeaumond.com.br\/vestidos-noiva\/casamento-rustico-com-karoline-e-victor\/#breadcrumb\"},\"inLanguage\":\"pt-BR\",\"potentialAction\":[{\"@type\":\"ReadAction\",\"target\":[\"https:\/\/www.ivanabeaumond.com.br\/vestidos-noiva\/casamento-rustico-com-karoline-e-victor\/\"]}]},{\"@type\":\"BreadcrumbList\",\"@id\":\"https:\/\/www.ivanabeaumond.com.br\/vestidos-noiva\/casamento-rustico-com-karoline-e-victor\/#breadcrumb\",\"itemListElement\":[{\"@type\":\"ListItem\",\"position\":1,\"name\":\"In\u00edcio\",\"item\":\"https:\/\/www.ivanabeaumond.com.br\/vestidos-noiva\/\"},{\"@type\":\"ListItem\",\"position\":2,\"name\":\"Casamento R\u00fastico, com Karoline e Victor\"}]},{\"@type\":\"WebSite\",\"@id\":\"https:\/\/www.ivanabeaumond.com.br\/vestidos-noiva\/#website\",\"url\":\"https:\/\/www.ivanabeaumond.com.br\/vestidos-noiva\/\",\"name\":\"Vestido de Noiva RJ\",\"description\":\"Moda Noiva\",\"publisher\":{\"@id\":\"https:\/\/www.ivanabeaumond.com.br\/vestidos-noiva\/#organization\"},\"potentialAction\":[{\"@type\":\"SearchAction\",\"target\":{\"@type\":\"EntryPoint\",\"urlTemplate\":\"https:\/\/www.ivanabeaumond.com.br\/vestidos-noiva\/?s={search_term_string}\"},\"query-input\":\"required name=search_term_string\"}],\"inLanguage\":\"pt-BR\"},{\"@type\":\"Organization\",\"@id\":\"https:\/\/www.ivanabeaumond.com.br\/vestidos-noiva\/#organization\",\"name\":\"Vestido de Noiva RJ\",\"url\":\"https:\/\/www.ivanabeaumond.com.br\/vestidos-noiva\/\",\"logo\":{\"@type\":\"ImageObject\",\"inLanguage\":\"pt-BR\",\"@id\":\"https:\/\/www.ivanabeaumond.com.br\/vestidos-noiva\/#\/schema\/logo\/image\/\",\"url\":\"https:\/\/www.ivanabeaumond.com.br\/vestidos-noiva\/wp-content\/uploads\/2018\/02\/logo_ivana_beaumond-2.png\",\"contentUrl\":\"https:\/\/www.ivanabeaumond.com.br\/vestidos-noiva\/wp-content\/uploads\/2018\/02\/logo_ivana_beaumond-2.png\",\"width\":230,\"height\":112,\"caption\":\"Vestido de Noiva RJ\"},\"image\":{\"@id\":\"https:\/\/www.ivanabeaumond.com.br\/vestidos-noiva\/#\/schema\/logo\/image\/\"},\"sameAs\":[\"https:\/\/www.facebook.com\/ivana.beaumondnoivas\",\"https:\/\/www.instagram.com\/ivanabeaumond\/\",\"https:\/\/www.tiktok.com\/@ivanabeaumond\"]},{\"@type\":\"Person\",\"@id\":\"https:\/\/www.ivanabeaumond.com.br\/vestidos-noiva\/#\/schema\/person\/1a360c4cffa3b806d29a456389dcff26\",\"name\":\"Ivana Beaumond Paris\",\"image\":{\"@type\":\"ImageObject\",\"inLanguage\":\"pt-BR\",\"@id\":\"https:\/\/www.ivanabeaumond.com.br\/vestidos-noiva\/#\/schema\/person\/image\/\",\"url\":\"https:\/\/secure.gravatar.com\/avatar\/641f98db20b53ec937ceb641db4270b9?s=96&d=mm&r=g\",\"contentUrl\":\"https:\/\/secure.gravatar.com\/avatar\/641f98db20b53ec937ceb641db4270b9?s=96&d=mm&r=g\",\"caption\":\"Ivana Beaumond Paris\"},\"url\":\"https:\/\/www.ivanabeaumond.com.br\/vestidos-noiva\/author\/ivana\/\"}]}<\/script>\n<!-- \/ Yoast SEO plugin. -->","yoast_head_json":{"title":"Casamento R\u00fastico, com Karoline e Victor - Vestido de Noiva RJ","robots":{"index":"index","follow":"follow","max-snippet":"max-snippet:-1","max-image-preview":"max-image-preview:large","max-video-preview":"max-video-preview:-1"},"canonical":"https:\/\/www.ivanabeaumond.com.br\/vestidos-noiva\/casamento-rustico-com-karoline-e-victor\/","og_locale":"pt_BR","og_type":"article","og_title":"Casamento R\u00fastico, com Karoline e Victor - Vestido de Noiva RJ","og_description":"Nada mais charmoso do que um casamento ao ar livre,...","og_url":"https:\/\/www.ivanabeaumond.com.br\/vestidos-noiva\/casamento-rustico-com-karoline-e-victor\/","og_site_name":"Vestido de Noiva RJ","article_publisher":"https:\/\/www.facebook.com\/ivana.beaumondnoivas","article_published_time":"2020-07-30T18:03:02+00:00","article_modified_time":"2020-08-17T19:45:18+00:00","og_image":[{"width":600,"height":400,"url":"https:\/\/www.ivanabeaumond.com.br\/vestidos-noiva\/wp-content\/uploads\/2020\/07\/Casamento-R\u00fastico-Vestido-de-Noiva-Rj-Atelier-Ivana-Beaumond-Paris-2-1-e1596055261735.jpg","type":"image\/jpeg"}],"author":"Ivana Beaumond Paris","twitter_card":"summary_large_image","twitter_misc":{"Escrito por":"Ivana Beaumond Paris","Est. tempo de leitura":"2 minutos"},"schema":{"@context":"https:\/\/schema.org","@graph":[{"@type":"Article","@id":"https:\/\/www.ivanabeaumond.com.br\/vestidos-noiva\/casamento-rustico-com-karoline-e-victor\/#article","isPartOf":{"@id":"https:\/\/www.ivanabeaumond.com.br\/vestidos-noiva\/casamento-rustico-com-karoline-e-victor\/"},"author":{"name":"Ivana Beaumond Paris","@id":"https:\/\/www.ivanabeaumond.com.br\/vestidos-noiva\/#\/schema\/person\/1a360c4cffa3b806d29a456389dcff26"},"headline":"Casamento R\u00fastico, com Karoline e Victor","datePublished":"2020-07-30T18:03:02+00:00","dateModified":"2020-08-17T19:45:18+00:00","mainEntityOfPage":{"@id":"https:\/\/www.ivanabeaumond.com.br\/vestidos-noiva\/casamento-rustico-com-karoline-e-victor\/"},"wordCount":494,"publisher":{"@id":"https:\/\/www.ivanabeaumond.com.br\/vestidos-noiva\/#organization"},"keywords":["atelier de noivas","atelier ivana beaumond","atelier ivana beaumond paris","casamento boho","casamento no campo","casamento r\u00fastico","casamentos rio de janeiro","estilo boho","ivana beaumond","noiva boho","noiva boho chic","vale dos sonhos","vanessa rios fotografia","vestido de noiva","vestido de noiva evas\u00ea","vestido de noiva rj"],"articleSection":["Blog","Nossas Noivas"],"inLanguage":"pt-BR"},{"@type":"WebPage","@id":"https:\/\/www.ivanabeaumond.com.br\/vestidos-noiva\/casamento-rustico-com-karoline-e-victor\/","url":"https:\/\/www.ivanabeaumond.com.br\/vestidos-noiva\/casamento-rustico-com-karoline-e-victor\/","name":"Casamento R\u00fastico, com Karoline e Victor - Vestido de Noiva RJ","isPartOf":{"@id":"https:\/\/www.ivanabeaumond.com.br\/vestidos-noiva\/#website"},"datePublished":"2020-07-30T18:03:02+00:00","dateModified":"2020-08-17T19:45:18+00:00","breadcrumb":{"@id":"https:\/\/www.ivanabeaumond.com.br\/vestidos-noiva\/casamento-rustico-com-karoline-e-victor\/#breadcrumb"},"inLanguage":"pt-BR","potentialAction":[{"@type":"ReadAction","target":["https:\/\/www.ivanabeaumond.com.br\/vestidos-noiva\/casamento-rustico-com-karoline-e-victor\/"]}]},{"@type":"BreadcrumbList","@id":"https:\/\/www.ivanabeaumond.com.br\/vestidos-noiva\/casamento-rustico-com-karoline-e-victor\/#breadcrumb","itemListElement":[{"@type":"ListItem","position":1,"name":"In\u00edcio","item":"https:\/\/www.ivanabeaumond.com.br\/vestidos-noiva\/"},{"@type":"ListItem","position":2,"name":"Casamento R\u00fastico, com Karoline e Victor"}]},{"@type":"WebSite","@id":"https:\/\/www.ivanabeaumond.com.br\/vestidos-noiva\/#website","url":"https:\/\/www.ivanabeaumond.com.br\/vestidos-noiva\/","name":"Vestido de Noiva RJ","description":"Moda Noiva","publisher":{"@id":"https:\/\/www.ivanabeaumond.com.br\/vestidos-noiva\/#organization"},"potentialAction":[{"@type":"SearchAction","target":{"@type":"EntryPoint","urlTemplate":"https:\/\/www.ivanabeaumond.com.br\/vestidos-noiva\/?s={search_term_string}"},"query-input":"required name=search_term_string"}],"inLanguage":"pt-BR"},{"@type":"Organization","@id":"https:\/\/www.ivanabeaumond.com.br\/vestidos-noiva\/#organization","name":"Vestido de Noiva RJ","url":"https:\/\/www.ivanabeaumond.com.br\/vestidos-noiva\/","logo":{"@type":"ImageObject","inLanguage":"pt-BR","@id":"https:\/\/www.ivanabeaumond.com.br\/vestidos-noiva\/#\/schema\/logo\/image\/","url":"https:\/\/www.ivanabeaumond.com.br\/vestidos-noiva\/wp-content\/uploads\/2018\/02\/logo_ivana_beaumond-2.png","contentUrl":"https:\/\/www.ivanabeaumond.com.br\/vestidos-noiva\/wp-content\/uploads\/2018\/02\/logo_ivana_beaumond-2.png","width":230,"height":112,"caption":"Vestido de Noiva RJ"},"image":{"@id":"https:\/\/www.ivanabeaumond.com.br\/vestidos-noiva\/#\/schema\/logo\/image\/"},"sameAs":["https:\/\/www.facebook.com\/ivana.beaumondnoivas","https:\/\/www.instagram.com\/ivanabeaumond\/","https:\/\/www.tiktok.com\/@ivanabeaumond"]},{"@type":"Person","@id":"https:\/\/www.ivanabeaumond.com.br\/vestidos-noiva\/#\/schema\/person\/1a360c4cffa3b806d29a456389dcff26","name":"Ivana Beaumond Paris","image":{"@type":"ImageObject","inLanguage":"pt-BR","@id":"https:\/\/www.ivanabeaumond.com.br\/vestidos-noiva\/#\/schema\/person\/image\/","url":"https:\/\/secure.gravatar.com\/avatar\/641f98db20b53ec937ceb641db4270b9?s=96&d=mm&r=g","contentUrl":"https:\/\/secure.gravatar.com\/avatar\/641f98db20b53ec937ceb641db4270b9?s=96&d=mm&r=g","caption":"Ivana Beaumond Paris"},"url":"https:\/\/www.ivanabeaumond.com.br\/vestidos-noiva\/author\/ivana\/"}]}},"_links":{"self":[{"href":"https:\/\/www.ivanabeaumond.com.br\/vestidos-noiva\/wp-json\/wp\/v2\/posts\/25352"}],"collection":[{"href":"https:\/\/www.ivanabeaumond.com.br\/vestidos-noiva\/wp-json\/wp\/v2\/posts"}],"about":[{"href":"https:\/\/www.ivanabeaumond.com.br\/vestidos-noiva\/wp-json\/wp\/v2\/types\/post"}],"author":[{"embeddable":true,"href":"https:\/\/www.ivanabeaumond.com.br\/vestidos-noiva\/wp-json\/wp\/v2\/users\/4"}],"replies":[{"embeddable":true,"href":"https:\/\/www.ivanabeaumond.com.br\/vestidos-noiva\/wp-json\/wp\/v2\/comments?post=25352"}],"version-history":[{"count":21,"href":"https:\/\/www.ivanabeaumond.com.br\/vestidos-noiva\/wp-json\/wp\/v2\/posts\/25352\/revisions"}],"predecessor-version":[{"id":25418,"href":"https:\/\/www.ivanabeaumond.com.br\/vestidos-noiva\/wp-json\/wp\/v2\/posts\/25352\/revisions\/25418"}],"wp:featuredmedia":[{"embeddable":true,"href":"https:\/\/www.ivanabeaumond.com.br\/vestidos-noiva\/wp-json\/wp\/v2\/media\/25366"}],"wp:attachment":[{"href":"https:\/\/www.ivanabeaumond.com.br\/vestidos-noiva\/wp-json\/wp\/v2\/media?parent=25352"}],"wp:term":[{"taxonomy":"category","embeddable":true,"href":"https:\/\/www.ivanabeaumond.com.br\/vestidos-noiva\/wp-json\/wp\/v2\/categories?post=25352"},{"taxonomy":"post_tag","embeddable":true,"href":"https:\/\/www.ivanabeaumond.com.br\/vestidos-noiva\/wp-json\/wp\/v2\/tags?post=25352"}],"curies":[{"name":"wp","href":"https:\/\/api.w.org\/{rel}","templated":true}]}}