{"id":25786,"date":"2020-08-24T12:20:11","date_gmt":"2020-08-24T15:20:11","guid":{"rendered":"https:\/\/www.ivanabeaumond.com.br\/vestidos-noiva\/?p=25786"},"modified":"2020-08-24T12:21:34","modified_gmt":"2020-08-24T15:21:34","slug":"qual-cor-suas-madrinhas-vao-usar-confira-as-tendencias-de-2020","status":"publish","type":"post","link":"https:\/\/www.ivanabeaumond.com.br\/vestidos-noiva\/qual-cor-suas-madrinhas-vao-usar-confira-as-tendencias-de-2020\/","title":{"rendered":"Qual cor suas madrinhas v\u00e3o usar? Confira as tend\u00eancias de 2020!"},"content":{"rendered":"\n<div style=\"height:29px\" aria-hidden=\"true\" class=\"wp-block-spacer\"><\/div>\n\n\n\n<h5 class=\"has-text-align-center wp-block-heading\"><span style=\"color:#6b6c6d\" class=\"has-inline-color\">Escolher as cores que v\u00e3o ornamentar seu casamento \u00e9 uma tarefa complicada. Afinal, elas precisam combinar com uma s\u00e9rie de detalhes, inclusive com os vestidos utilizados pelas madrinhas \u2013 e \u00e9 justamente por isso que se torna t\u00e3o complexo e desafiador.<\/span><\/h5>\n\n\n\n<div style=\"height:20px\" aria-hidden=\"true\" class=\"wp-block-spacer\"><\/div>\n\n\n\n<h5 class=\"has-text-align-center wp-block-heading\"><span style=\"color:#6b6c6d\" class=\"has-inline-color\">Existem noivas que preferem que suas amigas optem pelas tonalidades que gostam, dando essa liberdade e tornando o altar um verdadeiro arco \u00edris. Ainda assim, tamb\u00e9m h\u00e1 aquelas que preferem padronizar o cortejo e isso tamb\u00e9m \u00e9 completamente aceit\u00e1vel.<\/span><\/h5>\n\n\n\n<div style=\"height:20px\" aria-hidden=\"true\" class=\"wp-block-spacer\"><\/div>\n\n\n\n<h5 class=\"has-text-align-center wp-block-heading\"><span style=\"color:#6b6c6d\" class=\"has-inline-color\">O problema, no entanto, \u00e9 que algumas das participantes n\u00e3o se sentem confort\u00e1veis, por exemplo, para utilizar uma cor muito clara, que marque demais o corpo e deixe em evid\u00eancia algumas das partes que mais se sentem desconfort\u00e1veis. Outras, por sua vez, acreditam que algumas tonalidades n\u00e3o valorizam sua pele e ficam insatisfeitas com a ideia.<\/span><\/h5>\n\n\n\n<div style=\"height:20px\" aria-hidden=\"true\" class=\"wp-block-spacer\"><\/div>\n\n\n\n<h5 class=\"has-text-align-center wp-block-heading\"><span style=\"color:#6b6c6d\" class=\"has-inline-color\">Logo, entre a diversidade e a subjetividade das madrinhas, optar pelo tom certo pode se tornar um verdadeiro desafio, daqueles dignos de perder horas pensando e uns bons dias pesquisando.<\/span><\/h5>\n\n\n\n<div style=\"height:20px\" aria-hidden=\"true\" class=\"wp-block-spacer\"><\/div>\n\n\n\n<h5 class=\"has-text-align-center wp-block-heading\"><span style=\"color:#6b6c6d\" class=\"has-inline-color\">Por isso, para facilitar a sua vida, aqui est\u00e3o as cores que viraram tend\u00eancia em 2020. Tudo para voc\u00ea sanar essa d\u00favida de uma vez por todas e deixar que suas parceiras neste dia especial fiquem fabulosas. Confira:<\/span><\/h5>\n\n\n\n<div style=\"height:29px\" aria-hidden=\"true\" class=\"wp-block-spacer\"><\/div>\n\n\n\n<h3 class=\"wp-block-heading\"><strong><em>Ros\u00e9 Gold e tons similares<\/em><\/strong><\/h3>\n\n\n\n<div style=\"height:20px\" aria-hidden=\"true\" class=\"wp-block-spacer\"><\/div>\n\n\n\n<div class=\"wp-block-image\"><figure class=\"aligncenter size-large is-resized\"><img decoding=\"async\" loading=\"lazy\" src=\"https:\/\/www.ivanabeaumond.com.br\/vestidos-noiva\/wp-content\/uploads\/2020\/08\/MADRINHAS-ROS\u00c9-GOLD-1024x679.jpg\" alt=\"\" class=\"wp-image-25787\" width=\"551\" height=\"365\" srcset=\"https:\/\/www.ivanabeaumond.com.br\/vestidos-noiva\/wp-content\/uploads\/2020\/08\/MADRINHAS-ROS\u00c9-GOLD-1024x679.jpg 1024w, https:\/\/www.ivanabeaumond.com.br\/vestidos-noiva\/wp-content\/uploads\/2020\/08\/MADRINHAS-ROS\u00c9-GOLD-300x199.jpg 300w, https:\/\/www.ivanabeaumond.com.br\/vestidos-noiva\/wp-content\/uploads\/2020\/08\/MADRINHAS-ROS\u00c9-GOLD-768x509.jpg 768w, https:\/\/www.ivanabeaumond.com.br\/vestidos-noiva\/wp-content\/uploads\/2020\/08\/MADRINHAS-ROS\u00c9-GOLD.jpg 1300w\" sizes=\"(max-width: 551px) 100vw, 551px\" \/><\/figure><\/div>\n\n\n\n<div style=\"height:20px\" aria-hidden=\"true\" class=\"wp-block-spacer\"><\/div>\n\n\n\n<h5 class=\"has-text-align-center wp-block-heading\"><span style=\"color:#6b6c6d\" class=\"has-inline-color\">O Ros\u00e9 Gold est\u00e1 se tornando uma op\u00e7\u00e3o de cor cada vez mais popular para casamentos e \u00e9 f\u00e1cil perceber o porqu\u00ea dessa escolha. Combinando o glamour e a eleg\u00e2ncia do ouro com uma delicada tonalidade rosa, essa colora\u00e7\u00e3o \u00e9 inquestionavelmente rom\u00e2ntica e sofisticada \u2013 o que a consagra entre as noivas que possuem uma personalidade mais meiga e doce.<\/span><\/h5>\n\n\n\n<div style=\"height:22px\" aria-hidden=\"true\" class=\"wp-block-spacer\"><\/div>\n\n\n\n<h3 class=\"wp-block-heading\"><strong><em>Terracota<\/em><\/strong><\/h3>\n\n\n\n<div style=\"height:20px\" aria-hidden=\"true\" class=\"wp-block-spacer\"><\/div>\n\n\n\n<div class=\"wp-block-image\"><figure class=\"aligncenter size-large is-resized\"><img decoding=\"async\" loading=\"lazy\" src=\"https:\/\/www.ivanabeaumond.com.br\/vestidos-noiva\/wp-content\/uploads\/2020\/08\/MADRINHAS-TERRACOTA-1024x679.jpg\" alt=\"\" class=\"wp-image-25788\" width=\"558\" height=\"370\" srcset=\"https:\/\/www.ivanabeaumond.com.br\/vestidos-noiva\/wp-content\/uploads\/2020\/08\/MADRINHAS-TERRACOTA-1024x679.jpg 1024w, https:\/\/www.ivanabeaumond.com.br\/vestidos-noiva\/wp-content\/uploads\/2020\/08\/MADRINHAS-TERRACOTA-300x199.jpg 300w, https:\/\/www.ivanabeaumond.com.br\/vestidos-noiva\/wp-content\/uploads\/2020\/08\/MADRINHAS-TERRACOTA-768x509.jpg 768w, https:\/\/www.ivanabeaumond.com.br\/vestidos-noiva\/wp-content\/uploads\/2020\/08\/MADRINHAS-TERRACOTA.jpg 1300w\" sizes=\"(max-width: 558px) 100vw, 558px\" \/><\/figure><\/div>\n\n\n\n<div style=\"height:20px\" aria-hidden=\"true\" class=\"wp-block-spacer\"><\/div>\n\n\n\n<h5 class=\"has-text-align-center wp-block-heading\"><span style=\"color:#6b6c6d\" class=\"has-inline-color\">Uma paleta de cores rica e com uma vibra\u00e7\u00e3o moderna e contempor\u00e2nea, esta \u00e9 a Terracota. Apesar de n\u00e3o ser uma das principais op\u00e7\u00f5es das noivas, esta \u00e9 uma escolha surpreendente e que se tornou uma verdadeira tend\u00eancia internacionalmente, gra\u00e7as aos seus tons fortes que podem trazer um ar avassalador quando mesclados com cores neutras. Vale a pena investir!<\/span><\/h5>\n\n\n\n<div style=\"height:20px\" aria-hidden=\"true\" class=\"wp-block-spacer\"><\/div>\n\n\n\n<h3 class=\"wp-block-heading\"><em><strong>Cinza<\/strong><\/em><\/h3>\n\n\n\n<div style=\"height:20px\" aria-hidden=\"true\" class=\"wp-block-spacer\"><\/div>\n\n\n\n<div class=\"wp-block-image\"><figure class=\"aligncenter size-large is-resized\"><img decoding=\"async\" loading=\"lazy\" src=\"https:\/\/www.ivanabeaumond.com.br\/vestidos-noiva\/wp-content\/uploads\/2020\/08\/MADRINHAS-CINZA-1024x679.jpg\" alt=\"\" class=\"wp-image-25789\" width=\"549\" height=\"363\" srcset=\"https:\/\/www.ivanabeaumond.com.br\/vestidos-noiva\/wp-content\/uploads\/2020\/08\/MADRINHAS-CINZA-1024x679.jpg 1024w, https:\/\/www.ivanabeaumond.com.br\/vestidos-noiva\/wp-content\/uploads\/2020\/08\/MADRINHAS-CINZA-300x199.jpg 300w, https:\/\/www.ivanabeaumond.com.br\/vestidos-noiva\/wp-content\/uploads\/2020\/08\/MADRINHAS-CINZA-768x509.jpg 768w, https:\/\/www.ivanabeaumond.com.br\/vestidos-noiva\/wp-content\/uploads\/2020\/08\/MADRINHAS-CINZA.jpg 1300w\" sizes=\"(max-width: 549px) 100vw, 549px\" \/><\/figure><\/div>\n\n\n\n<div style=\"height:20px\" aria-hidden=\"true\" class=\"wp-block-spacer\"><\/div>\n\n\n\n<h5 class=\"has-text-align-center wp-block-heading\"><span style=\"color:#6b6c6d\" class=\"has-inline-color\">Embora voc\u00ea n\u00e3o goste da ideia de ter uma decora\u00e7\u00e3o predominantemente cinza, \u00e9 interessante consider\u00e1-la como uma cor de destaque para se unir a outras. O objetivo, ao utilizar este tom, \u00e9 mescl\u00e1-lo com outros mais vivos e surpreendentes, como o amarelo ou o salm\u00e3o. Tudo para construir um esquema de cores vibrante, ador\u00e1vel e a cara do ver\u00e3o brasileiro.<\/span><\/h5>\n\n\n\n<div style=\"height:28px\" aria-hidden=\"true\" class=\"wp-block-spacer\"><\/div>\n\n\n\n<h3 class=\"wp-block-heading\"><strong><em>Dusty Blue<\/em><\/strong><\/h3>\n\n\n\n<div style=\"height:20px\" aria-hidden=\"true\" class=\"wp-block-spacer\"><\/div>\n\n\n\n<div class=\"wp-block-image\"><figure class=\"aligncenter size-large is-resized\"><img decoding=\"async\" loading=\"lazy\" src=\"https:\/\/www.ivanabeaumond.com.br\/vestidos-noiva\/wp-content\/uploads\/2020\/08\/MADRINHAS-DUSTY-BLUE-1024x679.jpg\" alt=\"\" class=\"wp-image-25790\" width=\"560\" height=\"371\" srcset=\"https:\/\/www.ivanabeaumond.com.br\/vestidos-noiva\/wp-content\/uploads\/2020\/08\/MADRINHAS-DUSTY-BLUE-1024x679.jpg 1024w, https:\/\/www.ivanabeaumond.com.br\/vestidos-noiva\/wp-content\/uploads\/2020\/08\/MADRINHAS-DUSTY-BLUE-300x199.jpg 300w, https:\/\/www.ivanabeaumond.com.br\/vestidos-noiva\/wp-content\/uploads\/2020\/08\/MADRINHAS-DUSTY-BLUE-768x509.jpg 768w, https:\/\/www.ivanabeaumond.com.br\/vestidos-noiva\/wp-content\/uploads\/2020\/08\/MADRINHAS-DUSTY-BLUE.jpg 1300w\" sizes=\"(max-width: 560px) 100vw, 560px\" \/><\/figure><\/div>\n\n\n\n<div style=\"height:20px\" aria-hidden=\"true\" class=\"wp-block-spacer\"><\/div>\n\n\n\n<h5 class=\"has-text-align-center wp-block-heading\"><span style=\"color:#6b6c6d\" class=\"has-inline-color\">Esse tom de azul tem se tornado uma cor muito popular para casamentos, gra\u00e7as ao seu apelo rom\u00e2ntico e elegante. Sua tonalidade suave combina com qualquer esta\u00e7\u00e3o do ano e varia em uma paleta de nove cores que se adequam perfeitamente do buqu\u00ea aos vestidos das daminhas. Inclusive, o Dusty Blue \u00e9 ideal para quem quer casar em um ambiente de natureza, uma vez que ele \u00e9 combina bem com a vegeta\u00e7\u00e3o e cria um belo design.<\/span><\/h5>\n\n\n\n<div style=\"height:79px\" aria-hidden=\"true\" class=\"wp-block-spacer\"><\/div>\n\n\n\n<h5 class=\"has-text-align-center wp-block-heading\"><strong>E, ent\u00e3o, qual destas cores foi a sua favorita? N\u00e3o deixe de <a href=\"https:\/\/www.instagram.com\/ivanabeaumond\/\" target=\"_blank\" rel=\"noreferrer noopener\">nos dar o feedback<\/a> e, claro, aproveite tamb\u00e9m para conferir estas e outras tonalidades no nosso ateli\u00ea. Estamos te esperando aqui na Ivana Beaumond.<\/strong><\/h5>\n","protected":false},"excerpt":{"rendered":"<p>Escolher as cores que v\u00e3o ornamentar seu casamento \u00e9 uma&#8230;<\/p>\n","protected":false},"author":4,"featured_media":25787,"comment_status":"closed","ping_status":"closed","sticky":false,"template":"","format":"standard","meta":[],"categories":[60,127],"tags":[660,650,695,133,96,651,1259,286,278,103,164,1260,578,1157,649,839,754,198],"yoast_head":"<!-- This site is optimized with the Yoast SEO plugin v20.3 - https:\/\/yoast.com\/wordpress\/plugins\/seo\/ -->\n<title>Qual cor suas madrinhas v\u00e3o usar? Confira as tend\u00eancias de 2020! - Vestido de Noiva RJ<\/title>\n<meta name=\"robots\" content=\"index, follow, max-snippet:-1, max-image-preview:large, max-video-preview:-1\" \/>\n<link rel=\"canonical\" href=\"https:\/\/www.ivanabeaumond.com.br\/vestidos-noiva\/qual-cor-suas-madrinhas-vao-usar-confira-as-tendencias-de-2020\/\" \/>\n<meta property=\"og:locale\" content=\"pt_BR\" \/>\n<meta property=\"og:type\" content=\"article\" \/>\n<meta property=\"og:title\" content=\"Qual cor suas madrinhas v\u00e3o usar? Confira as tend\u00eancias de 2020! - Vestido de Noiva RJ\" \/>\n<meta property=\"og:description\" content=\"Escolher as cores que v\u00e3o ornamentar seu casamento \u00e9 uma...\" \/>\n<meta property=\"og:url\" content=\"https:\/\/www.ivanabeaumond.com.br\/vestidos-noiva\/qual-cor-suas-madrinhas-vao-usar-confira-as-tendencias-de-2020\/\" \/>\n<meta property=\"og:site_name\" content=\"Vestido de Noiva RJ\" \/>\n<meta property=\"article:publisher\" content=\"https:\/\/www.facebook.com\/ivana.beaumondnoivas\" \/>\n<meta property=\"article:published_time\" content=\"2020-08-24T15:20:11+00:00\" \/>\n<meta property=\"article:modified_time\" content=\"2020-08-24T15:21:34+00:00\" \/>\n<meta property=\"og:image\" content=\"https:\/\/www.ivanabeaumond.com.br\/vestidos-noiva\/wp-content\/uploads\/2020\/08\/MADRINHAS-ROS\u00c9-GOLD.jpg\" \/>\n\t<meta property=\"og:image:width\" content=\"1300\" \/>\n\t<meta property=\"og:image:height\" content=\"862\" \/>\n\t<meta property=\"og:image:type\" content=\"image\/jpeg\" \/>\n<meta name=\"author\" content=\"Ivana Beaumond Paris\" \/>\n<meta name=\"twitter:card\" content=\"summary_large_image\" \/>\n<meta name=\"twitter:label1\" content=\"Escrito por\" \/>\n\t<meta name=\"twitter:data1\" content=\"Ivana Beaumond Paris\" \/>\n\t<meta name=\"twitter:label2\" content=\"Est. tempo de leitura\" \/>\n\t<meta name=\"twitter:data2\" content=\"3 minutos\" \/>\n<script type=\"application\/ld+json\" class=\"yoast-schema-graph\">{\"@context\":\"https:\/\/schema.org\",\"@graph\":[{\"@type\":\"Article\",\"@id\":\"https:\/\/www.ivanabeaumond.com.br\/vestidos-noiva\/qual-cor-suas-madrinhas-vao-usar-confira-as-tendencias-de-2020\/#article\",\"isPartOf\":{\"@id\":\"https:\/\/www.ivanabeaumond.com.br\/vestidos-noiva\/qual-cor-suas-madrinhas-vao-usar-confira-as-tendencias-de-2020\/\"},\"author\":{\"name\":\"Ivana Beaumond Paris\",\"@id\":\"https:\/\/www.ivanabeaumond.com.br\/vestidos-noiva\/#\/schema\/person\/1a360c4cffa3b806d29a456389dcff26\"},\"headline\":\"Qual cor suas madrinhas v\u00e3o usar? Confira as tend\u00eancias de 2020!\",\"datePublished\":\"2020-08-24T15:20:11+00:00\",\"dateModified\":\"2020-08-24T15:21:34+00:00\",\"mainEntityOfPage\":{\"@id\":\"https:\/\/www.ivanabeaumond.com.br\/vestidos-noiva\/qual-cor-suas-madrinhas-vao-usar-confira-as-tendencias-de-2020\/\"},\"wordCount\":541,\"publisher\":{\"@id\":\"https:\/\/www.ivanabeaumond.com.br\/vestidos-noiva\/#organization\"},\"keywords\":[\"atelier de noivas\",\"atelier ivana beaumond\",\"atelier ivana beaumond paris\",\"atelierivanabeaumond\",\"casamento\",\"casamentos\",\"cores\",\"ivana beaumond\",\"ivana beaumond paris\",\"madrinhas\",\"noivas\",\"paleta de cores\",\"rose\",\"vestido de madrinha\",\"vestidos\",\"vestidos de gala\",\"vestidos de noiva\",\"vestidosdenoivas\"],\"articleSection\":[\"Blog\",\"Dicas e Truques\"],\"inLanguage\":\"pt-BR\"},{\"@type\":\"WebPage\",\"@id\":\"https:\/\/www.ivanabeaumond.com.br\/vestidos-noiva\/qual-cor-suas-madrinhas-vao-usar-confira-as-tendencias-de-2020\/\",\"url\":\"https:\/\/www.ivanabeaumond.com.br\/vestidos-noiva\/qual-cor-suas-madrinhas-vao-usar-confira-as-tendencias-de-2020\/\",\"name\":\"Qual cor suas madrinhas v\u00e3o usar? Confira as tend\u00eancias de 2020! - Vestido de Noiva RJ\",\"isPartOf\":{\"@id\":\"https:\/\/www.ivanabeaumond.com.br\/vestidos-noiva\/#website\"},\"datePublished\":\"2020-08-24T15:20:11+00:00\",\"dateModified\":\"2020-08-24T15:21:34+00:00\",\"breadcrumb\":{\"@id\":\"https:\/\/www.ivanabeaumond.com.br\/vestidos-noiva\/qual-cor-suas-madrinhas-vao-usar-confira-as-tendencias-de-2020\/#breadcrumb\"},\"inLanguage\":\"pt-BR\",\"potentialAction\":[{\"@type\":\"ReadAction\",\"target\":[\"https:\/\/www.ivanabeaumond.com.br\/vestidos-noiva\/qual-cor-suas-madrinhas-vao-usar-confira-as-tendencias-de-2020\/\"]}]},{\"@type\":\"BreadcrumbList\",\"@id\":\"https:\/\/www.ivanabeaumond.com.br\/vestidos-noiva\/qual-cor-suas-madrinhas-vao-usar-confira-as-tendencias-de-2020\/#breadcrumb\",\"itemListElement\":[{\"@type\":\"ListItem\",\"position\":1,\"name\":\"In\u00edcio\",\"item\":\"https:\/\/www.ivanabeaumond.com.br\/vestidos-noiva\/\"},{\"@type\":\"ListItem\",\"position\":2,\"name\":\"Qual cor suas madrinhas v\u00e3o usar? Confira as tend\u00eancias de 2020!\"}]},{\"@type\":\"WebSite\",\"@id\":\"https:\/\/www.ivanabeaumond.com.br\/vestidos-noiva\/#website\",\"url\":\"https:\/\/www.ivanabeaumond.com.br\/vestidos-noiva\/\",\"name\":\"Vestido de Noiva RJ\",\"description\":\"Moda Noiva\",\"publisher\":{\"@id\":\"https:\/\/www.ivanabeaumond.com.br\/vestidos-noiva\/#organization\"},\"potentialAction\":[{\"@type\":\"SearchAction\",\"target\":{\"@type\":\"EntryPoint\",\"urlTemplate\":\"https:\/\/www.ivanabeaumond.com.br\/vestidos-noiva\/?s={search_term_string}\"},\"query-input\":\"required name=search_term_string\"}],\"inLanguage\":\"pt-BR\"},{\"@type\":\"Organization\",\"@id\":\"https:\/\/www.ivanabeaumond.com.br\/vestidos-noiva\/#organization\",\"name\":\"Vestido de Noiva RJ\",\"url\":\"https:\/\/www.ivanabeaumond.com.br\/vestidos-noiva\/\",\"logo\":{\"@type\":\"ImageObject\",\"inLanguage\":\"pt-BR\",\"@id\":\"https:\/\/www.ivanabeaumond.com.br\/vestidos-noiva\/#\/schema\/logo\/image\/\",\"url\":\"https:\/\/www.ivanabeaumond.com.br\/vestidos-noiva\/wp-content\/uploads\/2018\/02\/logo_ivana_beaumond-2.png\",\"contentUrl\":\"https:\/\/www.ivanabeaumond.com.br\/vestidos-noiva\/wp-content\/uploads\/2018\/02\/logo_ivana_beaumond-2.png\",\"width\":230,\"height\":112,\"caption\":\"Vestido de Noiva RJ\"},\"image\":{\"@id\":\"https:\/\/www.ivanabeaumond.com.br\/vestidos-noiva\/#\/schema\/logo\/image\/\"},\"sameAs\":[\"https:\/\/www.facebook.com\/ivana.beaumondnoivas\",\"https:\/\/www.instagram.com\/ivanabeaumond\/\",\"https:\/\/www.tiktok.com\/@ivanabeaumond\"]},{\"@type\":\"Person\",\"@id\":\"https:\/\/www.ivanabeaumond.com.br\/vestidos-noiva\/#\/schema\/person\/1a360c4cffa3b806d29a456389dcff26\",\"name\":\"Ivana Beaumond Paris\",\"image\":{\"@type\":\"ImageObject\",\"inLanguage\":\"pt-BR\",\"@id\":\"https:\/\/www.ivanabeaumond.com.br\/vestidos-noiva\/#\/schema\/person\/image\/\",\"url\":\"https:\/\/secure.gravatar.com\/avatar\/641f98db20b53ec937ceb641db4270b9?s=96&d=mm&r=g\",\"contentUrl\":\"https:\/\/secure.gravatar.com\/avatar\/641f98db20b53ec937ceb641db4270b9?s=96&d=mm&r=g\",\"caption\":\"Ivana Beaumond Paris\"},\"url\":\"https:\/\/www.ivanabeaumond.com.br\/vestidos-noiva\/author\/ivana\/\"}]}<\/script>\n<!-- \/ Yoast SEO plugin. -->","yoast_head_json":{"title":"Qual cor suas madrinhas v\u00e3o usar? Confira as tend\u00eancias de 2020! - Vestido de Noiva RJ","robots":{"index":"index","follow":"follow","max-snippet":"max-snippet:-1","max-image-preview":"max-image-preview:large","max-video-preview":"max-video-preview:-1"},"canonical":"https:\/\/www.ivanabeaumond.com.br\/vestidos-noiva\/qual-cor-suas-madrinhas-vao-usar-confira-as-tendencias-de-2020\/","og_locale":"pt_BR","og_type":"article","og_title":"Qual cor suas madrinhas v\u00e3o usar? Confira as tend\u00eancias de 2020! - Vestido de Noiva RJ","og_description":"Escolher as cores que v\u00e3o ornamentar seu casamento \u00e9 uma...","og_url":"https:\/\/www.ivanabeaumond.com.br\/vestidos-noiva\/qual-cor-suas-madrinhas-vao-usar-confira-as-tendencias-de-2020\/","og_site_name":"Vestido de Noiva RJ","article_publisher":"https:\/\/www.facebook.com\/ivana.beaumondnoivas","article_published_time":"2020-08-24T15:20:11+00:00","article_modified_time":"2020-08-24T15:21:34+00:00","og_image":[{"width":1300,"height":862,"url":"https:\/\/www.ivanabeaumond.com.br\/vestidos-noiva\/wp-content\/uploads\/2020\/08\/MADRINHAS-ROS\u00c9-GOLD.jpg","type":"image\/jpeg"}],"author":"Ivana Beaumond Paris","twitter_card":"summary_large_image","twitter_misc":{"Escrito por":"Ivana Beaumond Paris","Est. tempo de leitura":"3 minutos"},"schema":{"@context":"https:\/\/schema.org","@graph":[{"@type":"Article","@id":"https:\/\/www.ivanabeaumond.com.br\/vestidos-noiva\/qual-cor-suas-madrinhas-vao-usar-confira-as-tendencias-de-2020\/#article","isPartOf":{"@id":"https:\/\/www.ivanabeaumond.com.br\/vestidos-noiva\/qual-cor-suas-madrinhas-vao-usar-confira-as-tendencias-de-2020\/"},"author":{"name":"Ivana Beaumond Paris","@id":"https:\/\/www.ivanabeaumond.com.br\/vestidos-noiva\/#\/schema\/person\/1a360c4cffa3b806d29a456389dcff26"},"headline":"Qual cor suas madrinhas v\u00e3o usar? Confira as tend\u00eancias de 2020!","datePublished":"2020-08-24T15:20:11+00:00","dateModified":"2020-08-24T15:21:34+00:00","mainEntityOfPage":{"@id":"https:\/\/www.ivanabeaumond.com.br\/vestidos-noiva\/qual-cor-suas-madrinhas-vao-usar-confira-as-tendencias-de-2020\/"},"wordCount":541,"publisher":{"@id":"https:\/\/www.ivanabeaumond.com.br\/vestidos-noiva\/#organization"},"keywords":["atelier de noivas","atelier ivana beaumond","atelier ivana beaumond paris","atelierivanabeaumond","casamento","casamentos","cores","ivana beaumond","ivana beaumond paris","madrinhas","noivas","paleta de cores","rose","vestido de madrinha","vestidos","vestidos de gala","vestidos de noiva","vestidosdenoivas"],"articleSection":["Blog","Dicas e Truques"],"inLanguage":"pt-BR"},{"@type":"WebPage","@id":"https:\/\/www.ivanabeaumond.com.br\/vestidos-noiva\/qual-cor-suas-madrinhas-vao-usar-confira-as-tendencias-de-2020\/","url":"https:\/\/www.ivanabeaumond.com.br\/vestidos-noiva\/qual-cor-suas-madrinhas-vao-usar-confira-as-tendencias-de-2020\/","name":"Qual cor suas madrinhas v\u00e3o usar? Confira as tend\u00eancias de 2020! - Vestido de Noiva RJ","isPartOf":{"@id":"https:\/\/www.ivanabeaumond.com.br\/vestidos-noiva\/#website"},"datePublished":"2020-08-24T15:20:11+00:00","dateModified":"2020-08-24T15:21:34+00:00","breadcrumb":{"@id":"https:\/\/www.ivanabeaumond.com.br\/vestidos-noiva\/qual-cor-suas-madrinhas-vao-usar-confira-as-tendencias-de-2020\/#breadcrumb"},"inLanguage":"pt-BR","potentialAction":[{"@type":"ReadAction","target":["https:\/\/www.ivanabeaumond.com.br\/vestidos-noiva\/qual-cor-suas-madrinhas-vao-usar-confira-as-tendencias-de-2020\/"]}]},{"@type":"BreadcrumbList","@id":"https:\/\/www.ivanabeaumond.com.br\/vestidos-noiva\/qual-cor-suas-madrinhas-vao-usar-confira-as-tendencias-de-2020\/#breadcrumb","itemListElement":[{"@type":"ListItem","position":1,"name":"In\u00edcio","item":"https:\/\/www.ivanabeaumond.com.br\/vestidos-noiva\/"},{"@type":"ListItem","position":2,"name":"Qual cor suas madrinhas v\u00e3o usar? Confira as tend\u00eancias de 2020!"}]},{"@type":"WebSite","@id":"https:\/\/www.ivanabeaumond.com.br\/vestidos-noiva\/#website","url":"https:\/\/www.ivanabeaumond.com.br\/vestidos-noiva\/","name":"Vestido de Noiva RJ","description":"Moda Noiva","publisher":{"@id":"https:\/\/www.ivanabeaumond.com.br\/vestidos-noiva\/#organization"},"potentialAction":[{"@type":"SearchAction","target":{"@type":"EntryPoint","urlTemplate":"https:\/\/www.ivanabeaumond.com.br\/vestidos-noiva\/?s={search_term_string}"},"query-input":"required name=search_term_string"}],"inLanguage":"pt-BR"},{"@type":"Organization","@id":"https:\/\/www.ivanabeaumond.com.br\/vestidos-noiva\/#organization","name":"Vestido de Noiva RJ","url":"https:\/\/www.ivanabeaumond.com.br\/vestidos-noiva\/","logo":{"@type":"ImageObject","inLanguage":"pt-BR","@id":"https:\/\/www.ivanabeaumond.com.br\/vestidos-noiva\/#\/schema\/logo\/image\/","url":"https:\/\/www.ivanabeaumond.com.br\/vestidos-noiva\/wp-content\/uploads\/2018\/02\/logo_ivana_beaumond-2.png","contentUrl":"https:\/\/www.ivanabeaumond.com.br\/vestidos-noiva\/wp-content\/uploads\/2018\/02\/logo_ivana_beaumond-2.png","width":230,"height":112,"caption":"Vestido de Noiva RJ"},"image":{"@id":"https:\/\/www.ivanabeaumond.com.br\/vestidos-noiva\/#\/schema\/logo\/image\/"},"sameAs":["https:\/\/www.facebook.com\/ivana.beaumondnoivas","https:\/\/www.instagram.com\/ivanabeaumond\/","https:\/\/www.tiktok.com\/@ivanabeaumond"]},{"@type":"Person","@id":"https:\/\/www.ivanabeaumond.com.br\/vestidos-noiva\/#\/schema\/person\/1a360c4cffa3b806d29a456389dcff26","name":"Ivana Beaumond Paris","image":{"@type":"ImageObject","inLanguage":"pt-BR","@id":"https:\/\/www.ivanabeaumond.com.br\/vestidos-noiva\/#\/schema\/person\/image\/","url":"https:\/\/secure.gravatar.com\/avatar\/641f98db20b53ec937ceb641db4270b9?s=96&d=mm&r=g","contentUrl":"https:\/\/secure.gravatar.com\/avatar\/641f98db20b53ec937ceb641db4270b9?s=96&d=mm&r=g","caption":"Ivana Beaumond Paris"},"url":"https:\/\/www.ivanabeaumond.com.br\/vestidos-noiva\/author\/ivana\/"}]}},"_links":{"self":[{"href":"https:\/\/www.ivanabeaumond.com.br\/vestidos-noiva\/wp-json\/wp\/v2\/posts\/25786"}],"collection":[{"href":"https:\/\/www.ivanabeaumond.com.br\/vestidos-noiva\/wp-json\/wp\/v2\/posts"}],"about":[{"href":"https:\/\/www.ivanabeaumond.com.br\/vestidos-noiva\/wp-json\/wp\/v2\/types\/post"}],"author":[{"embeddable":true,"href":"https:\/\/www.ivanabeaumond.com.br\/vestidos-noiva\/wp-json\/wp\/v2\/users\/4"}],"replies":[{"embeddable":true,"href":"https:\/\/www.ivanabeaumond.com.br\/vestidos-noiva\/wp-json\/wp\/v2\/comments?post=25786"}],"version-history":[{"count":8,"href":"https:\/\/www.ivanabeaumond.com.br\/vestidos-noiva\/wp-json\/wp\/v2\/posts\/25786\/revisions"}],"predecessor-version":[{"id":26022,"href":"https:\/\/www.ivanabeaumond.com.br\/vestidos-noiva\/wp-json\/wp\/v2\/posts\/25786\/revisions\/26022"}],"wp:featuredmedia":[{"embeddable":true,"href":"https:\/\/www.ivanabeaumond.com.br\/vestidos-noiva\/wp-json\/wp\/v2\/media\/25787"}],"wp:attachment":[{"href":"https:\/\/www.ivanabeaumond.com.br\/vestidos-noiva\/wp-json\/wp\/v2\/media?parent=25786"}],"wp:term":[{"taxonomy":"category","embeddable":true,"href":"https:\/\/www.ivanabeaumond.com.br\/vestidos-noiva\/wp-json\/wp\/v2\/categories?post=25786"},{"taxonomy":"post_tag","embeddable":true,"href":"https:\/\/www.ivanabeaumond.com.br\/vestidos-noiva\/wp-json\/wp\/v2\/tags?post=25786"}],"curies":[{"name":"wp","href":"https:\/\/api.w.org\/{rel}","templated":true}]}}