{"id":25807,"date":"2020-08-19T11:53:32","date_gmt":"2020-08-19T14:53:32","guid":{"rendered":"https:\/\/www.ivanabeaumond.com.br\/vestidos-noiva\/?p=25807"},"modified":"2020-08-21T12:15:11","modified_gmt":"2020-08-21T15:15:11","slug":"contemporanea-e-classica-a-moda-dos-musicos-no-casamento","status":"publish","type":"post","link":"https:\/\/www.ivanabeaumond.com.br\/vestidos-noiva\/contemporanea-e-classica-a-moda-dos-musicos-no-casamento\/","title":{"rendered":"Contempor\u00e2nea e Cl\u00e1ssica: A moda dos M\u00fasicos no Casamento"},"content":{"rendered":"\n<h5 class=\"wp-block-heading\">CONTEMPOR\u00c2NEA E CL\u00c1SSICA: A MODA DOS M\u00daSICOS NO CASAMENTO<\/h5>\n\n\n\n<div style=\"height:20px\" aria-hidden=\"true\" class=\"wp-block-spacer\"><\/div>\n\n\n\n<h5 class=\"has-text-align-center wp-block-heading\">       <\/h5>\n\n\n\n<h5 class=\"has-text-align-center wp-block-heading\">              <span style=\"color:#6b6c6d\" class=\"has-inline-color\">J\u00e1 pensou em entrar na Igreja com m\u00fasicos de verdade tocando algumas de suas can\u00e7\u00f5es favoritas? As pequenas orquestras para casamentos est\u00e3o se transformando em um verdadeiro sucesso, uma vez que mesclam o tradicionalismo da m\u00fasica cl\u00e1ssica com as principais refer\u00eancias da m\u00fasica contempor\u00e2nea.<\/span><\/h5>\n\n\n\n<div style=\"height:20px\" aria-hidden=\"true\" class=\"wp-block-spacer\"><\/div>\n\n\n\n<h5 class=\"has-text-align-center wp-block-heading\"><span style=\"color:#6b6c6d\" class=\"has-inline-color\">Conhe\u00e7a alguns exemplos surpreendentes, que encantam os convidados, d\u00e3o vida \u00e0 sua cerim\u00f4nia e, certamente, ir\u00e3o tornar o seu Grande Dia marcante para todos. Confira e apaixone-se por esta ideia:<\/span><\/h5>\n\n\n\n<p> <\/p>\n\n\n\n<div style=\"height:22px\" aria-hidden=\"true\" class=\"wp-block-spacer\"><\/div>\n\n\n\n<h4 class=\"wp-block-heading\"><strong><em>Adicione um coral<\/em><\/strong><\/h4>\n\n\n\n<p> <\/p>\n\n\n\n<figure class=\"wp-block-image size-large\"><img decoding=\"async\" loading=\"lazy\" width=\"1024\" height=\"576\" src=\"https:\/\/www.ivanabeaumond.com.br\/vestidos-noiva\/wp-content\/uploads\/2020\/08\/M\u00daSICOS-CORAL-1024x576.jpg\" alt=\"\" class=\"wp-image-25814\" srcset=\"https:\/\/www.ivanabeaumond.com.br\/vestidos-noiva\/wp-content\/uploads\/2020\/08\/M\u00daSICOS-CORAL-1024x576.jpg 1024w, https:\/\/www.ivanabeaumond.com.br\/vestidos-noiva\/wp-content\/uploads\/2020\/08\/M\u00daSICOS-CORAL-300x169.jpg 300w, https:\/\/www.ivanabeaumond.com.br\/vestidos-noiva\/wp-content\/uploads\/2020\/08\/M\u00daSICOS-CORAL-768x432.jpg 768w, https:\/\/www.ivanabeaumond.com.br\/vestidos-noiva\/wp-content\/uploads\/2020\/08\/M\u00daSICOS-CORAL.jpg 1366w\" sizes=\"(max-width: 1024px) 100vw, 1024px\" \/><\/figure>\n\n\n\n<h5 class=\"has-text-align-center wp-block-heading\"><span style=\"color:#6b6c6d\" class=\"has-inline-color\">Quem n\u00e3o se lembra de quando Harry e Meghan, ex membros da Fam\u00edlia Real Brit\u00e2nica, encantaram a todos trazendo ao casamento um coral para cantar<\/span> <a href=\"https:\/\/www.youtube.com\/watch?v=AyFlLjdNqk8\">Stand By Me, de Ben E. King?<\/a><\/h5>\n\n\n\n<div style=\"height:20px\" aria-hidden=\"true\" class=\"wp-block-spacer\"><\/div>\n\n\n\n<h5 class=\"has-text-align-center wp-block-heading\"><span style=\"color:#6b6c6d\" class=\"has-inline-color\">A m\u00fasica, que se tornou popular nos casamentos logo ap\u00f3s o evento, foi um sucesso e reacendeu o ideal de levar os m\u00fasicos para a cerim\u00f4nia, quebrando o ritual de usar os pr\u00f3prios cantores da Igreja.<\/span><\/h5>\n\n\n\n<div style=\"height:26px\" aria-hidden=\"true\" class=\"wp-block-spacer\"><\/div>\n\n\n\n<h4 class=\"wp-block-heading\"><em>Escolha uma Marcha Nupcial personalizada<\/em><\/h4>\n\n\n\n<div style=\"height:20px\" aria-hidden=\"true\" class=\"wp-block-spacer\"><\/div>\n\n\n\n<figure class=\"wp-block-image size-large\"><img decoding=\"async\" loading=\"lazy\" width=\"1024\" height=\"576\" src=\"https:\/\/www.ivanabeaumond.com.br\/vestidos-noiva\/wp-content\/uploads\/2020\/08\/M\u00daSICOS-MARCHA-NUPCIAL-1024x576.jpg\" alt=\"\" class=\"wp-image-25826\" srcset=\"https:\/\/www.ivanabeaumond.com.br\/vestidos-noiva\/wp-content\/uploads\/2020\/08\/M\u00daSICOS-MARCHA-NUPCIAL-1024x576.jpg 1024w, https:\/\/www.ivanabeaumond.com.br\/vestidos-noiva\/wp-content\/uploads\/2020\/08\/M\u00daSICOS-MARCHA-NUPCIAL-300x169.jpg 300w, https:\/\/www.ivanabeaumond.com.br\/vestidos-noiva\/wp-content\/uploads\/2020\/08\/M\u00daSICOS-MARCHA-NUPCIAL-768x432.jpg 768w, https:\/\/www.ivanabeaumond.com.br\/vestidos-noiva\/wp-content\/uploads\/2020\/08\/M\u00daSICOS-MARCHA-NUPCIAL.jpg 1366w\" sizes=\"(max-width: 1024px) 100vw, 1024px\" \/><\/figure>\n\n\n\n<h5 class=\"has-text-align-center wp-block-heading\"><span style=\"color:#6b6c6d\" class=\"has-inline-color\">Come\u00e7ar a Marcha Nupcial e mescl\u00e1-la com uma de suas m\u00fasicas preferidas sobre o amor \u00e9 algo incr\u00edvel. Esta \u00e9 uma forma de repaginar o tema cl\u00e1ssico dos casamentos, fazendo da sua entrada um momento marcante e, acima de tudo, emocionante para todos os que est\u00e3o presentes.<\/span><\/h5>\n\n\n\n<div style=\"height:20px\" aria-hidden=\"true\" class=\"wp-block-spacer\"><\/div>\n\n\n\n<h5 class=\"has-text-align-center wp-block-heading\">E, ent\u00e3o, <a href=\"https:\/\/www.youtube.com\/watch?v=VsGgIhwY5YY\">qual can\u00e7\u00e3o voc\u00ea colocaria junto \u00e0 original<\/a>? Conte para gente nas nossas redes sociais.<\/h5>\n\n\n\n<div style=\"height:30px\" aria-hidden=\"true\" class=\"wp-block-spacer\"><\/div>\n\n\n\n<h4 class=\"wp-block-heading\"><em>Que tal um tema cinematogr\u00e1fico?<\/em><\/h4>\n\n\n\n<figure class=\"wp-block-image size-large\"><img decoding=\"async\" loading=\"lazy\" width=\"1024\" height=\"576\" src=\"https:\/\/www.ivanabeaumond.com.br\/vestidos-noiva\/wp-content\/uploads\/2020\/08\/M\u00daSICOS-TEMA-CINEMATOGR\u00c1FICO-1024x576.jpg\" alt=\"\" class=\"wp-image-25828\" srcset=\"https:\/\/www.ivanabeaumond.com.br\/vestidos-noiva\/wp-content\/uploads\/2020\/08\/M\u00daSICOS-TEMA-CINEMATOGR\u00c1FICO-1024x576.jpg 1024w, https:\/\/www.ivanabeaumond.com.br\/vestidos-noiva\/wp-content\/uploads\/2020\/08\/M\u00daSICOS-TEMA-CINEMATOGR\u00c1FICO-300x169.jpg 300w, https:\/\/www.ivanabeaumond.com.br\/vestidos-noiva\/wp-content\/uploads\/2020\/08\/M\u00daSICOS-TEMA-CINEMATOGR\u00c1FICO-768x432.jpg 768w, https:\/\/www.ivanabeaumond.com.br\/vestidos-noiva\/wp-content\/uploads\/2020\/08\/M\u00daSICOS-TEMA-CINEMATOGR\u00c1FICO.jpg 1366w\" sizes=\"(max-width: 1024px) 100vw, 1024px\" \/><\/figure>\n\n\n\n<h5 class=\"has-text-align-center wp-block-heading\"><span style=\"color:#6b6c6d\" class=\"has-inline-color\">Existe um seriado ou filme cuja trilha sonora marcou a vida do casal? Ent\u00e3o, que tal pedir para a orquestra tocar esta can\u00e7\u00e3o em um momento espec\u00edfico do casamento?<\/span><\/h5>\n\n\n\n<div style=\"height:20px\" aria-hidden=\"true\" class=\"wp-block-spacer\"><\/div>\n\n\n\n<h5 class=\"has-text-align-center wp-block-heading\"><a href=\"https:\/\/www.youtube.com\/watch?v=UNicS-0BT3A\">A tem\u00e1tica de Game Of Thrones<\/a><span style=\"color:#6b6c6d\" class=\"has-inline-color\">, ganhadora do Emmy Awards de 2019, foi uma das mais exploradas desde que a s\u00e9rie estreou e, inclusive, se tornou uma refer\u00eancia entre os noivos mais geeks. Vale a tentativa!<\/span><\/h5>\n\n\n\n<div style=\"height:31px\" aria-hidden=\"true\" class=\"wp-block-spacer\"><\/div>\n\n\n\n<h4 class=\"wp-block-heading\"><em>Noivos jovens? Inove com a m\u00fasica pop!<\/em><\/h4>\n\n\n\n<figure class=\"wp-block-image size-large\"><img decoding=\"async\" loading=\"lazy\" width=\"1024\" height=\"576\" src=\"https:\/\/www.ivanabeaumond.com.br\/vestidos-noiva\/wp-content\/uploads\/2020\/08\/M\u00daSICOS-POP-1-1024x576.jpg\" alt=\"\" class=\"wp-image-25829\" srcset=\"https:\/\/www.ivanabeaumond.com.br\/vestidos-noiva\/wp-content\/uploads\/2020\/08\/M\u00daSICOS-POP-1-1024x576.jpg 1024w, https:\/\/www.ivanabeaumond.com.br\/vestidos-noiva\/wp-content\/uploads\/2020\/08\/M\u00daSICOS-POP-1-300x169.jpg 300w, https:\/\/www.ivanabeaumond.com.br\/vestidos-noiva\/wp-content\/uploads\/2020\/08\/M\u00daSICOS-POP-1-768x432.jpg 768w, https:\/\/www.ivanabeaumond.com.br\/vestidos-noiva\/wp-content\/uploads\/2020\/08\/M\u00daSICOS-POP-1.jpg 1366w\" sizes=\"(max-width: 1024px) 100vw, 1024px\" \/><\/figure>\n\n\n\n<h5 class=\"has-text-align-center wp-block-heading\"><span style=\"color:#6b6c6d\" class=\"has-inline-color\">As m\u00fasicas pop s\u00e3o uma refer\u00eancia, especialmente para os noivos mais jovens. Por este motivo,<\/span> <a href=\"https:\/\/www.youtube.com\/watch?v=9YcrMk_cZyI\">can\u00e7\u00f5es rom\u00e2nticas de cantores como Beyonc\u00e9, Ed Sheeran<\/a> <span style=\"color:#6b6c6d\" class=\"has-inline-color\">e muitos outros s\u00e3o presen\u00e7a certa nas cerim\u00f4nias, trazendo uma jovialidade para um evento, por vezes, t\u00e3o formal.<\/span><\/h5>\n\n\n\n<div style=\"height:20px\" aria-hidden=\"true\" class=\"wp-block-spacer\"><\/div>\n\n\n\n<h5 class=\"has-text-align-center wp-block-heading\"><span style=\"color:#6b6c6d\" class=\"has-inline-color\">Essa, ali\u00e1s, \u00e9 uma forma de imprimir a personalidade dos noivos \u00e0 festividade, trazendo um pouco de seus cantores prediletos para um momento t\u00e3o \u00fanico.<\/span><\/h5>\n\n\n\n<div style=\"height:20px\" aria-hidden=\"true\" class=\"wp-block-spacer\"><\/div>\n\n\n\n<h5 class=\"has-text-align-center wp-block-heading\"><span style=\"color:#6b6c6d\" class=\"has-inline-color\">O fato \u00e9 que, independentemente da sua escolha musical, n\u00e3o h\u00e1 nada mais bonito do que fazer do seu casamento um momento \u00fanico e especial. E isso, cara leitora, se adequa \u00e0 uma s\u00e9rie de detalhes e pormenores, como a sonoridade, a decora\u00e7\u00e3o, o conforto dos convidados e, claro, a sua vestimenta.<\/span><\/h5>\n\n\n\n<div style=\"height:44px\" aria-hidden=\"true\" class=\"wp-block-spacer\"><\/div>\n\n\n\n<h5 class=\"has-text-align-center wp-block-heading\"><span style=\"color:#6b6c6d\" class=\"has-inline-color\">Por isso, n\u00f3s, do Ateli\u00ea Ivana Beaumond, nos esfor\u00e7amos para apresentar as melhores op\u00e7\u00f5es em trajes para os noivos, madrinhas, daminhas e familiares. Tudo para que voc\u00ea encontre qualidade, sofistica\u00e7\u00e3o e estilo em um s\u00f3 lugar.<\/span><\/h5>\n\n\n\n<div style=\"height:70px\" aria-hidden=\"true\" class=\"wp-block-spacer\"><\/div>\n\n\n\n<h5 class=\"has-text-align-center wp-block-heading\"><span style=\"color:#6b6c6d\" class=\"has-inline-color\"><strong>Entre em contato com a nossa equipe para <a href=\"https:\/\/www.ivanabeaumond.com.br\/vestidos-noiva\/moda-noiva-rj\/\">agendar uma visita\u00e7\u00e3o<\/a> e saiba como os nossos especialistas podem fazer a diferen\u00e7a no seu dia especial. Estamos te esperando!<\/strong><\/span><\/h5>\n\n\n\n<p><\/p>\n","protected":false},"excerpt":{"rendered":"<p>CONTEMPOR\u00c2NEA E CL\u00c1SSICA: A MODA DOS M\u00daSICOS NO CASAMENTO J\u00e1&#8230;<\/p>\n","protected":false},"author":4,"featured_media":25836,"comment_status":"closed","ping_status":"closed","sticky":false,"template":"","format":"standard","meta":[],"categories":[60,127],"tags":[650,695,133,96,651,1267,102,407,286,278,107,1210,1266,1265,1264,1263,1268],"yoast_head":"<!-- This site is optimized with the Yoast SEO plugin v20.3 - https:\/\/yoast.com\/wordpress\/plugins\/seo\/ -->\n<title>Contempor\u00e2nea e Cl\u00e1ssica: A moda dos M\u00fasicos no Casamento - Vestido de Noiva RJ<\/title>\n<meta name=\"robots\" content=\"index, follow, max-snippet:-1, max-image-preview:large, max-video-preview:-1\" \/>\n<link rel=\"canonical\" href=\"https:\/\/www.ivanabeaumond.com.br\/vestidos-noiva\/contemporanea-e-classica-a-moda-dos-musicos-no-casamento\/\" \/>\n<meta property=\"og:locale\" content=\"pt_BR\" \/>\n<meta property=\"og:type\" content=\"article\" \/>\n<meta property=\"og:title\" content=\"Contempor\u00e2nea e Cl\u00e1ssica: A moda dos M\u00fasicos no Casamento - Vestido de Noiva RJ\" \/>\n<meta property=\"og:description\" content=\"CONTEMPOR\u00c2NEA E CL\u00c1SSICA: A MODA DOS M\u00daSICOS NO CASAMENTO J\u00e1...\" \/>\n<meta property=\"og:url\" content=\"https:\/\/www.ivanabeaumond.com.br\/vestidos-noiva\/contemporanea-e-classica-a-moda-dos-musicos-no-casamento\/\" \/>\n<meta property=\"og:site_name\" content=\"Vestido de Noiva RJ\" \/>\n<meta property=\"article:publisher\" content=\"https:\/\/www.facebook.com\/ivana.beaumondnoivas\" \/>\n<meta property=\"article:published_time\" content=\"2020-08-19T14:53:32+00:00\" \/>\n<meta property=\"article:modified_time\" content=\"2020-08-21T15:15:11+00:00\" \/>\n<meta property=\"og:image\" content=\"https:\/\/www.ivanabeaumond.com.br\/vestidos-noiva\/wp-content\/uploads\/2020\/08\/M\u00daSICOS-CORAL-1.jpg\" \/>\n\t<meta property=\"og:image:width\" content=\"1366\" \/>\n\t<meta property=\"og:image:height\" content=\"768\" \/>\n\t<meta property=\"og:image:type\" content=\"image\/jpeg\" \/>\n<meta name=\"author\" content=\"Ivana Beaumond Paris\" \/>\n<meta name=\"twitter:card\" content=\"summary_large_image\" \/>\n<meta name=\"twitter:label1\" content=\"Escrito por\" \/>\n\t<meta name=\"twitter:data1\" content=\"Ivana Beaumond Paris\" \/>\n\t<meta name=\"twitter:label2\" content=\"Est. tempo de leitura\" \/>\n\t<meta name=\"twitter:data2\" content=\"3 minutos\" \/>\n<script type=\"application\/ld+json\" class=\"yoast-schema-graph\">{\"@context\":\"https:\/\/schema.org\",\"@graph\":[{\"@type\":\"Article\",\"@id\":\"https:\/\/www.ivanabeaumond.com.br\/vestidos-noiva\/contemporanea-e-classica-a-moda-dos-musicos-no-casamento\/#article\",\"isPartOf\":{\"@id\":\"https:\/\/www.ivanabeaumond.com.br\/vestidos-noiva\/contemporanea-e-classica-a-moda-dos-musicos-no-casamento\/\"},\"author\":{\"name\":\"Ivana Beaumond Paris\",\"@id\":\"https:\/\/www.ivanabeaumond.com.br\/vestidos-noiva\/#\/schema\/person\/1a360c4cffa3b806d29a456389dcff26\"},\"headline\":\"Contempor\u00e2nea e Cl\u00e1ssica: A moda dos M\u00fasicos no Casamento\",\"datePublished\":\"2020-08-19T14:53:32+00:00\",\"dateModified\":\"2020-08-21T15:15:11+00:00\",\"mainEntityOfPage\":{\"@id\":\"https:\/\/www.ivanabeaumond.com.br\/vestidos-noiva\/contemporanea-e-classica-a-moda-dos-musicos-no-casamento\/\"},\"wordCount\":543,\"publisher\":{\"@id\":\"https:\/\/www.ivanabeaumond.com.br\/vestidos-noiva\/#organization\"},\"keywords\":[\"atelier ivana beaumond\",\"atelier ivana beaumond paris\",\"atelierivanabeaumond\",\"casamento\",\"casamentos\",\"contemporaneo\",\"festa de casamento\",\"festa tem\u00e1tica\",\"ivana beaumond\",\"ivana beaumond paris\",\"ivanabeaumond\",\"musica\",\"musica de casamento\",\"musica romantica\",\"musicista\",\"musicos\",\"temas\"],\"articleSection\":[\"Blog\",\"Dicas e Truques\"],\"inLanguage\":\"pt-BR\"},{\"@type\":\"WebPage\",\"@id\":\"https:\/\/www.ivanabeaumond.com.br\/vestidos-noiva\/contemporanea-e-classica-a-moda-dos-musicos-no-casamento\/\",\"url\":\"https:\/\/www.ivanabeaumond.com.br\/vestidos-noiva\/contemporanea-e-classica-a-moda-dos-musicos-no-casamento\/\",\"name\":\"Contempor\u00e2nea e Cl\u00e1ssica: A moda dos M\u00fasicos no Casamento - Vestido de Noiva RJ\",\"isPartOf\":{\"@id\":\"https:\/\/www.ivanabeaumond.com.br\/vestidos-noiva\/#website\"},\"datePublished\":\"2020-08-19T14:53:32+00:00\",\"dateModified\":\"2020-08-21T15:15:11+00:00\",\"breadcrumb\":{\"@id\":\"https:\/\/www.ivanabeaumond.com.br\/vestidos-noiva\/contemporanea-e-classica-a-moda-dos-musicos-no-casamento\/#breadcrumb\"},\"inLanguage\":\"pt-BR\",\"potentialAction\":[{\"@type\":\"ReadAction\",\"target\":[\"https:\/\/www.ivanabeaumond.com.br\/vestidos-noiva\/contemporanea-e-classica-a-moda-dos-musicos-no-casamento\/\"]}]},{\"@type\":\"BreadcrumbList\",\"@id\":\"https:\/\/www.ivanabeaumond.com.br\/vestidos-noiva\/contemporanea-e-classica-a-moda-dos-musicos-no-casamento\/#breadcrumb\",\"itemListElement\":[{\"@type\":\"ListItem\",\"position\":1,\"name\":\"In\u00edcio\",\"item\":\"https:\/\/www.ivanabeaumond.com.br\/vestidos-noiva\/\"},{\"@type\":\"ListItem\",\"position\":2,\"name\":\"Contempor\u00e2nea e Cl\u00e1ssica: A moda dos M\u00fasicos no Casamento\"}]},{\"@type\":\"WebSite\",\"@id\":\"https:\/\/www.ivanabeaumond.com.br\/vestidos-noiva\/#website\",\"url\":\"https:\/\/www.ivanabeaumond.com.br\/vestidos-noiva\/\",\"name\":\"Vestido de Noiva RJ\",\"description\":\"Moda Noiva\",\"publisher\":{\"@id\":\"https:\/\/www.ivanabeaumond.com.br\/vestidos-noiva\/#organization\"},\"potentialAction\":[{\"@type\":\"SearchAction\",\"target\":{\"@type\":\"EntryPoint\",\"urlTemplate\":\"https:\/\/www.ivanabeaumond.com.br\/vestidos-noiva\/?s={search_term_string}\"},\"query-input\":\"required name=search_term_string\"}],\"inLanguage\":\"pt-BR\"},{\"@type\":\"Organization\",\"@id\":\"https:\/\/www.ivanabeaumond.com.br\/vestidos-noiva\/#organization\",\"name\":\"Vestido de Noiva RJ\",\"url\":\"https:\/\/www.ivanabeaumond.com.br\/vestidos-noiva\/\",\"logo\":{\"@type\":\"ImageObject\",\"inLanguage\":\"pt-BR\",\"@id\":\"https:\/\/www.ivanabeaumond.com.br\/vestidos-noiva\/#\/schema\/logo\/image\/\",\"url\":\"https:\/\/www.ivanabeaumond.com.br\/vestidos-noiva\/wp-content\/uploads\/2018\/02\/logo_ivana_beaumond-2.png\",\"contentUrl\":\"https:\/\/www.ivanabeaumond.com.br\/vestidos-noiva\/wp-content\/uploads\/2018\/02\/logo_ivana_beaumond-2.png\",\"width\":230,\"height\":112,\"caption\":\"Vestido de Noiva RJ\"},\"image\":{\"@id\":\"https:\/\/www.ivanabeaumond.com.br\/vestidos-noiva\/#\/schema\/logo\/image\/\"},\"sameAs\":[\"https:\/\/www.facebook.com\/ivana.beaumondnoivas\",\"https:\/\/www.instagram.com\/ivanabeaumond\/\",\"https:\/\/www.tiktok.com\/@ivanabeaumond\"]},{\"@type\":\"Person\",\"@id\":\"https:\/\/www.ivanabeaumond.com.br\/vestidos-noiva\/#\/schema\/person\/1a360c4cffa3b806d29a456389dcff26\",\"name\":\"Ivana Beaumond Paris\",\"image\":{\"@type\":\"ImageObject\",\"inLanguage\":\"pt-BR\",\"@id\":\"https:\/\/www.ivanabeaumond.com.br\/vestidos-noiva\/#\/schema\/person\/image\/\",\"url\":\"https:\/\/secure.gravatar.com\/avatar\/641f98db20b53ec937ceb641db4270b9?s=96&d=mm&r=g\",\"contentUrl\":\"https:\/\/secure.gravatar.com\/avatar\/641f98db20b53ec937ceb641db4270b9?s=96&d=mm&r=g\",\"caption\":\"Ivana Beaumond Paris\"},\"url\":\"https:\/\/www.ivanabeaumond.com.br\/vestidos-noiva\/author\/ivana\/\"}]}<\/script>\n<!-- \/ Yoast SEO plugin. -->","yoast_head_json":{"title":"Contempor\u00e2nea e Cl\u00e1ssica: A moda dos M\u00fasicos no Casamento - Vestido de Noiva RJ","robots":{"index":"index","follow":"follow","max-snippet":"max-snippet:-1","max-image-preview":"max-image-preview:large","max-video-preview":"max-video-preview:-1"},"canonical":"https:\/\/www.ivanabeaumond.com.br\/vestidos-noiva\/contemporanea-e-classica-a-moda-dos-musicos-no-casamento\/","og_locale":"pt_BR","og_type":"article","og_title":"Contempor\u00e2nea e Cl\u00e1ssica: A moda dos M\u00fasicos no Casamento - Vestido de Noiva RJ","og_description":"CONTEMPOR\u00c2NEA E CL\u00c1SSICA: A MODA DOS M\u00daSICOS NO CASAMENTO J\u00e1...","og_url":"https:\/\/www.ivanabeaumond.com.br\/vestidos-noiva\/contemporanea-e-classica-a-moda-dos-musicos-no-casamento\/","og_site_name":"Vestido de Noiva RJ","article_publisher":"https:\/\/www.facebook.com\/ivana.beaumondnoivas","article_published_time":"2020-08-19T14:53:32+00:00","article_modified_time":"2020-08-21T15:15:11+00:00","og_image":[{"width":1366,"height":768,"url":"https:\/\/www.ivanabeaumond.com.br\/vestidos-noiva\/wp-content\/uploads\/2020\/08\/M\u00daSICOS-CORAL-1.jpg","type":"image\/jpeg"}],"author":"Ivana Beaumond Paris","twitter_card":"summary_large_image","twitter_misc":{"Escrito por":"Ivana Beaumond Paris","Est. tempo de leitura":"3 minutos"},"schema":{"@context":"https:\/\/schema.org","@graph":[{"@type":"Article","@id":"https:\/\/www.ivanabeaumond.com.br\/vestidos-noiva\/contemporanea-e-classica-a-moda-dos-musicos-no-casamento\/#article","isPartOf":{"@id":"https:\/\/www.ivanabeaumond.com.br\/vestidos-noiva\/contemporanea-e-classica-a-moda-dos-musicos-no-casamento\/"},"author":{"name":"Ivana Beaumond Paris","@id":"https:\/\/www.ivanabeaumond.com.br\/vestidos-noiva\/#\/schema\/person\/1a360c4cffa3b806d29a456389dcff26"},"headline":"Contempor\u00e2nea e Cl\u00e1ssica: A moda dos M\u00fasicos no Casamento","datePublished":"2020-08-19T14:53:32+00:00","dateModified":"2020-08-21T15:15:11+00:00","mainEntityOfPage":{"@id":"https:\/\/www.ivanabeaumond.com.br\/vestidos-noiva\/contemporanea-e-classica-a-moda-dos-musicos-no-casamento\/"},"wordCount":543,"publisher":{"@id":"https:\/\/www.ivanabeaumond.com.br\/vestidos-noiva\/#organization"},"keywords":["atelier ivana beaumond","atelier ivana beaumond paris","atelierivanabeaumond","casamento","casamentos","contemporaneo","festa de casamento","festa tem\u00e1tica","ivana beaumond","ivana beaumond paris","ivanabeaumond","musica","musica de casamento","musica romantica","musicista","musicos","temas"],"articleSection":["Blog","Dicas e Truques"],"inLanguage":"pt-BR"},{"@type":"WebPage","@id":"https:\/\/www.ivanabeaumond.com.br\/vestidos-noiva\/contemporanea-e-classica-a-moda-dos-musicos-no-casamento\/","url":"https:\/\/www.ivanabeaumond.com.br\/vestidos-noiva\/contemporanea-e-classica-a-moda-dos-musicos-no-casamento\/","name":"Contempor\u00e2nea e Cl\u00e1ssica: A moda dos M\u00fasicos no Casamento - Vestido de Noiva RJ","isPartOf":{"@id":"https:\/\/www.ivanabeaumond.com.br\/vestidos-noiva\/#website"},"datePublished":"2020-08-19T14:53:32+00:00","dateModified":"2020-08-21T15:15:11+00:00","breadcrumb":{"@id":"https:\/\/www.ivanabeaumond.com.br\/vestidos-noiva\/contemporanea-e-classica-a-moda-dos-musicos-no-casamento\/#breadcrumb"},"inLanguage":"pt-BR","potentialAction":[{"@type":"ReadAction","target":["https:\/\/www.ivanabeaumond.com.br\/vestidos-noiva\/contemporanea-e-classica-a-moda-dos-musicos-no-casamento\/"]}]},{"@type":"BreadcrumbList","@id":"https:\/\/www.ivanabeaumond.com.br\/vestidos-noiva\/contemporanea-e-classica-a-moda-dos-musicos-no-casamento\/#breadcrumb","itemListElement":[{"@type":"ListItem","position":1,"name":"In\u00edcio","item":"https:\/\/www.ivanabeaumond.com.br\/vestidos-noiva\/"},{"@type":"ListItem","position":2,"name":"Contempor\u00e2nea e Cl\u00e1ssica: A moda dos M\u00fasicos no Casamento"}]},{"@type":"WebSite","@id":"https:\/\/www.ivanabeaumond.com.br\/vestidos-noiva\/#website","url":"https:\/\/www.ivanabeaumond.com.br\/vestidos-noiva\/","name":"Vestido de Noiva RJ","description":"Moda Noiva","publisher":{"@id":"https:\/\/www.ivanabeaumond.com.br\/vestidos-noiva\/#organization"},"potentialAction":[{"@type":"SearchAction","target":{"@type":"EntryPoint","urlTemplate":"https:\/\/www.ivanabeaumond.com.br\/vestidos-noiva\/?s={search_term_string}"},"query-input":"required name=search_term_string"}],"inLanguage":"pt-BR"},{"@type":"Organization","@id":"https:\/\/www.ivanabeaumond.com.br\/vestidos-noiva\/#organization","name":"Vestido de Noiva RJ","url":"https:\/\/www.ivanabeaumond.com.br\/vestidos-noiva\/","logo":{"@type":"ImageObject","inLanguage":"pt-BR","@id":"https:\/\/www.ivanabeaumond.com.br\/vestidos-noiva\/#\/schema\/logo\/image\/","url":"https:\/\/www.ivanabeaumond.com.br\/vestidos-noiva\/wp-content\/uploads\/2018\/02\/logo_ivana_beaumond-2.png","contentUrl":"https:\/\/www.ivanabeaumond.com.br\/vestidos-noiva\/wp-content\/uploads\/2018\/02\/logo_ivana_beaumond-2.png","width":230,"height":112,"caption":"Vestido de Noiva RJ"},"image":{"@id":"https:\/\/www.ivanabeaumond.com.br\/vestidos-noiva\/#\/schema\/logo\/image\/"},"sameAs":["https:\/\/www.facebook.com\/ivana.beaumondnoivas","https:\/\/www.instagram.com\/ivanabeaumond\/","https:\/\/www.tiktok.com\/@ivanabeaumond"]},{"@type":"Person","@id":"https:\/\/www.ivanabeaumond.com.br\/vestidos-noiva\/#\/schema\/person\/1a360c4cffa3b806d29a456389dcff26","name":"Ivana Beaumond Paris","image":{"@type":"ImageObject","inLanguage":"pt-BR","@id":"https:\/\/www.ivanabeaumond.com.br\/vestidos-noiva\/#\/schema\/person\/image\/","url":"https:\/\/secure.gravatar.com\/avatar\/641f98db20b53ec937ceb641db4270b9?s=96&d=mm&r=g","contentUrl":"https:\/\/secure.gravatar.com\/avatar\/641f98db20b53ec937ceb641db4270b9?s=96&d=mm&r=g","caption":"Ivana Beaumond Paris"},"url":"https:\/\/www.ivanabeaumond.com.br\/vestidos-noiva\/author\/ivana\/"}]}},"_links":{"self":[{"href":"https:\/\/www.ivanabeaumond.com.br\/vestidos-noiva\/wp-json\/wp\/v2\/posts\/25807"}],"collection":[{"href":"https:\/\/www.ivanabeaumond.com.br\/vestidos-noiva\/wp-json\/wp\/v2\/posts"}],"about":[{"href":"https:\/\/www.ivanabeaumond.com.br\/vestidos-noiva\/wp-json\/wp\/v2\/types\/post"}],"author":[{"embeddable":true,"href":"https:\/\/www.ivanabeaumond.com.br\/vestidos-noiva\/wp-json\/wp\/v2\/users\/4"}],"replies":[{"embeddable":true,"href":"https:\/\/www.ivanabeaumond.com.br\/vestidos-noiva\/wp-json\/wp\/v2\/comments?post=25807"}],"version-history":[{"count":26,"href":"https:\/\/www.ivanabeaumond.com.br\/vestidos-noiva\/wp-json\/wp\/v2\/posts\/25807\/revisions"}],"predecessor-version":[{"id":25949,"href":"https:\/\/www.ivanabeaumond.com.br\/vestidos-noiva\/wp-json\/wp\/v2\/posts\/25807\/revisions\/25949"}],"wp:featuredmedia":[{"embeddable":true,"href":"https:\/\/www.ivanabeaumond.com.br\/vestidos-noiva\/wp-json\/wp\/v2\/media\/25836"}],"wp:attachment":[{"href":"https:\/\/www.ivanabeaumond.com.br\/vestidos-noiva\/wp-json\/wp\/v2\/media?parent=25807"}],"wp:term":[{"taxonomy":"category","embeddable":true,"href":"https:\/\/www.ivanabeaumond.com.br\/vestidos-noiva\/wp-json\/wp\/v2\/categories?post=25807"},{"taxonomy":"post_tag","embeddable":true,"href":"https:\/\/www.ivanabeaumond.com.br\/vestidos-noiva\/wp-json\/wp\/v2\/tags?post=25807"}],"curies":[{"name":"wp","href":"https:\/\/api.w.org\/{rel}","templated":true}]}}