{"id":25851,"date":"2020-08-21T16:43:16","date_gmt":"2020-08-21T19:43:16","guid":{"rendered":"https:\/\/www.ivanabeaumond.com.br\/vestidos-noiva\/?p=25851"},"modified":"2020-08-21T16:46:25","modified_gmt":"2020-08-21T19:46:25","slug":"saiba-a-melhor-epoca-do-ano-para-casar","status":"publish","type":"post","link":"https:\/\/www.ivanabeaumond.com.br\/vestidos-noiva\/saiba-a-melhor-epoca-do-ano-para-casar\/","title":{"rendered":"Saiba a Melhor \u00c9poca do ano para Casar"},"content":{"rendered":"\n<div style=\"height:20px\" aria-hidden=\"true\" class=\"wp-block-spacer\"><\/div>\n\n\n\n<div class=\"wp-block-image\"><figure class=\"aligncenter size-large is-resized\"><img decoding=\"async\" loading=\"lazy\" src=\"https:\/\/www.ivanabeaumond.com.br\/vestidos-noiva\/wp-content\/uploads\/2020\/08\/Imagem-Corpo-1.jpg\" alt=\"\" class=\"wp-image-25852\" width=\"563\" height=\"375\" srcset=\"https:\/\/www.ivanabeaumond.com.br\/vestidos-noiva\/wp-content\/uploads\/2020\/08\/Imagem-Corpo-1.jpg 704w, https:\/\/www.ivanabeaumond.com.br\/vestidos-noiva\/wp-content\/uploads\/2020\/08\/Imagem-Corpo-1-300x200.jpg 300w, https:\/\/www.ivanabeaumond.com.br\/vestidos-noiva\/wp-content\/uploads\/2020\/08\/Imagem-Corpo-1-480x320.jpg 480w\" sizes=\"(max-width: 563px) 100vw, 563px\" \/><\/figure><\/div>\n\n\n\n<div style=\"height:20px\" aria-hidden=\"true\" class=\"wp-block-spacer\"><\/div>\n\n\n\n<h5 class=\"has-text-align-center wp-block-heading\"><span style=\"color:#6b6c6d\" class=\"has-inline-color\">Quem pensa em se casar, certamente j\u00e1 est\u00e1 considerando uma data para o momento em que dir\u00e1 \u201csim\u201d. No entanto, apesar de existir uma variedade de dias dispon\u00edveis, \u00e9 importante levar em considera\u00e7\u00e3o alguns fatores primordiais para que tudo aconte\u00e7a da maneira que sempre sonhou. Preparada (o) para conferir as dicas? Separe o calend\u00e1rio!<\/span><\/h5>\n\n\n\n<div style=\"height:20px\" aria-hidden=\"true\" class=\"wp-block-spacer\"><\/div>\n\n\n\n<h3 class=\"wp-block-heading\"><em><strong>Atente-se \u00e0s temporadas de chuvas<\/strong><\/em><\/h3>\n\n\n\n<div style=\"height:20px\" aria-hidden=\"true\" class=\"wp-block-spacer\"><\/div>\n\n\n\n<h5 class=\"has-text-align-center wp-block-heading\"><span style=\"color:#6b6c6d\" class=\"has-inline-color\">Nem sempre a chuva \u00e9 um impedimento para o sucesso da festa. Afinal, muitos sal\u00f5es s\u00e3o preparados para esta adversidade e os convidados, inclusive, n\u00e3o deixam de ir ao evento apenas por um mal tempo.<\/span><\/h5>\n\n\n\n<div style=\"height:20px\" aria-hidden=\"true\" class=\"wp-block-spacer\"><\/div>\n\n\n\n<h5 class=\"has-text-align-center wp-block-heading\"><span style=\"color:#6b6c6d\" class=\"has-inline-color\">Ainda assim, h\u00e1 quem se incomode e acredite que essa situa\u00e7\u00e3o pode trazer desconforto, molhar as vestimentas e at\u00e9 destruir penteados. Por isso, muitos casais preferem um dia de sol ou nublado para a festividade.<\/span><\/h5>\n\n\n\n<div style=\"height:20px\" aria-hidden=\"true\" class=\"wp-block-spacer\"><\/div>\n\n\n\n<div class=\"wp-block-image\"><figure class=\"aligncenter size-large is-resized\"><img decoding=\"async\" loading=\"lazy\" src=\"https:\/\/www.ivanabeaumond.com.br\/vestidos-noiva\/wp-content\/uploads\/2020\/08\/\u00c9POCA-CHUVA-1-1024x679.jpg\" alt=\"\" class=\"wp-image-25853\" width=\"566\" height=\"375\" srcset=\"https:\/\/www.ivanabeaumond.com.br\/vestidos-noiva\/wp-content\/uploads\/2020\/08\/\u00c9POCA-CHUVA-1-1024x679.jpg 1024w, https:\/\/www.ivanabeaumond.com.br\/vestidos-noiva\/wp-content\/uploads\/2020\/08\/\u00c9POCA-CHUVA-1-300x199.jpg 300w, https:\/\/www.ivanabeaumond.com.br\/vestidos-noiva\/wp-content\/uploads\/2020\/08\/\u00c9POCA-CHUVA-1-768x509.jpg 768w, https:\/\/www.ivanabeaumond.com.br\/vestidos-noiva\/wp-content\/uploads\/2020\/08\/\u00c9POCA-CHUVA-1.jpg 1300w\" sizes=\"(max-width: 566px) 100vw, 566px\" \/><\/figure><\/div>\n\n\n\n<div style=\"height:20px\" aria-hidden=\"true\" class=\"wp-block-spacer\"><\/div>\n\n\n\n<h5 class=\"has-text-align-center wp-block-heading\"><span style=\"color:#6b6c6d\" class=\"has-inline-color\">Se voc\u00ea se encaixa entre esses indiv\u00edduos, o interessante \u00e9 observar as temporadas de chuvas brasileiras. Ao contr\u00e1rio do que muitos pensam, os meses com mais calor s\u00e3o os que mais tendem a chover, ent\u00e3o n\u00e3o se engane pelo sol de 40\u00b0C caracter\u00edstico.<\/span><\/h5>\n\n\n\n<div style=\"height:20px\" aria-hidden=\"true\" class=\"wp-block-spacer\"><\/div>\n\n\n\n<h5 class=\"has-text-align-center wp-block-heading\"><span style=\"color:#6b6c6d\" class=\"has-inline-color\">No Rio de Janeiro, por exemplo, o per\u00edodo chuvoso corresponde aos meses entre dezembro e abril, gra\u00e7as ao aumento da umidade. Logo, se voc\u00ea quer fugir dos temporais t\u00edpicos do in\u00edcio do ano, prefira os meses de outono e inverno, cujo tempo \u00e9 mais seco e com mais garantias de que nenhum pingo cair\u00e1 no grande dia.<\/span><\/h5>\n\n\n\n<div style=\"height:20px\" aria-hidden=\"true\" class=\"wp-block-spacer\"><\/div>\n\n\n\n<h3 class=\"wp-block-heading\"><em><strong>Orne com outras datas especiais<\/strong><\/em><\/h3>\n\n\n\n<div style=\"height:20px\" aria-hidden=\"true\" class=\"wp-block-spacer\"><\/div>\n\n\n\n<h5 class=\"has-text-align-center wp-block-heading\"><span style=\"color:#6b6c6d\" class=\"has-inline-color\">Qual o dia do anivers\u00e1rio de namoro de voc\u00eas? E o anivers\u00e1rio dos noivos, individualmente? Se estas datas s\u00e3o especiais e voc\u00eas querem mant\u00ea-las desassociadas de outros eventos, o interessante \u00e9 fugir destes meses.<\/span><\/h5>\n\n\n\n<div style=\"height:20px\" aria-hidden=\"true\" class=\"wp-block-spacer\"><\/div>\n\n\n\n<h5 class=\"has-text-align-center wp-block-heading\"><span style=\"color:#6b6c6d\" class=\"has-inline-color\">Por exemplo, digamos que o noivo faz anivers\u00e1rio em setembro e a noiva em novembro. Pensando mais a frente, estas ser\u00e3o datas que voc\u00eas gastar\u00e3o um pouco mais de dinheiro com comemora\u00e7\u00f5es e presentes, ent\u00e3o n\u00e3o seria vantajoso ter outra data importante no meio para demandar mais dinheiro.<\/span><\/h5>\n\n\n\n<div style=\"height:20px\" aria-hidden=\"true\" class=\"wp-block-spacer\"><\/div>\n\n\n\n<h5 class=\"has-text-align-center wp-block-heading\"><span style=\"color:#6b6c6d\" class=\"has-inline-color\">Voc\u00ea consegue se visualizar, no ano seguinte, pagando uma festa de anivers\u00e1rio em setembro, uma viagem para comemorar um ano de casados em outro e uma nova festa de anivers\u00e1rio em novembro? O or\u00e7amento ficaria apertado, n\u00e3o \u00e9 mesmo? Por essa raz\u00e3o, \u00e9 interessante dar um espa\u00e7amento de datas assim.<\/span><\/h5>\n\n\n\n<div style=\"height:20px\" aria-hidden=\"true\" class=\"wp-block-spacer\"><\/div>\n\n\n\n<h5 class=\"has-text-align-center wp-block-heading\"><span style=\"color:#6b6c6d\" class=\"has-inline-color\">No entanto, se esses dias forem significativos e voc\u00eas quiserem aproveit\u00e1-los justamente como uma homenagem, a ideia \u00e9 bem-vinda.<\/span><\/h5>\n\n\n\n<div style=\"height:20px\" aria-hidden=\"true\" class=\"wp-block-spacer\"><\/div>\n\n\n\n<h3 class=\"wp-block-heading\"><strong><em>Alinhe com a Lua de Mel<\/em><\/strong><\/h3>\n\n\n\n<div style=\"height:20px\" aria-hidden=\"true\" class=\"wp-block-spacer\"><\/div>\n\n\n\n<div class=\"wp-block-image\"><figure class=\"aligncenter size-large is-resized\"><img decoding=\"async\" loading=\"lazy\" src=\"https:\/\/www.ivanabeaumond.com.br\/vestidos-noiva\/wp-content\/uploads\/2020\/08\/\u00c9POCA-LUA-DE-MEL-1-1024x682.jpg\" alt=\"\" class=\"wp-image-25854\" width=\"564\" height=\"375\" srcset=\"https:\/\/www.ivanabeaumond.com.br\/vestidos-noiva\/wp-content\/uploads\/2020\/08\/\u00c9POCA-LUA-DE-MEL-1-1024x682.jpg 1024w, https:\/\/www.ivanabeaumond.com.br\/vestidos-noiva\/wp-content\/uploads\/2020\/08\/\u00c9POCA-LUA-DE-MEL-1-300x200.jpg 300w, https:\/\/www.ivanabeaumond.com.br\/vestidos-noiva\/wp-content\/uploads\/2020\/08\/\u00c9POCA-LUA-DE-MEL-1-768x512.jpg 768w, https:\/\/www.ivanabeaumond.com.br\/vestidos-noiva\/wp-content\/uploads\/2020\/08\/\u00c9POCA-LUA-DE-MEL-1-1536x1024.jpg 1536w, https:\/\/www.ivanabeaumond.com.br\/vestidos-noiva\/wp-content\/uploads\/2020\/08\/\u00c9POCA-LUA-DE-MEL-1-480x320.jpg 480w, https:\/\/www.ivanabeaumond.com.br\/vestidos-noiva\/wp-content\/uploads\/2020\/08\/\u00c9POCA-LUA-DE-MEL-1.jpg 1688w\" sizes=\"(max-width: 564px) 100vw, 564px\" \/><\/figure><\/div>\n\n\n\n<div style=\"height:20px\" aria-hidden=\"true\" class=\"wp-block-spacer\"><\/div>\n\n\n\n<h5 class=\"has-text-align-center wp-block-heading\"><span style=\"color:#6b6c6d\" class=\"has-inline-color\">Se voc\u00eas j\u00e1 sabem para onde ir\u00e3o na Lua de Mel, fica muito mais f\u00e1cil alinhar este per\u00edodo com a data do casamento. Isso porque, geralmente, o casal viaja logo ap\u00f3s a comemora\u00e7\u00e3o e, assim, isso precisa estar bem definido.<\/span><\/h5>\n\n\n\n<div style=\"height:20px\" aria-hidden=\"true\" class=\"wp-block-spacer\"><\/div>\n\n\n\n<h5 class=\"has-text-align-center wp-block-heading\"><span style=\"color:#6b6c6d\" class=\"has-inline-color\">Digamos que os dois ir\u00e3o para a Europa. \u00c9 importante determinar se querem enfrentar o frio rigoroso de alguns pa\u00edses ou ir em um per\u00edodo mais ameno. A It\u00e1lia, inclusive, tem seus meses mais frios entre novembro e mar\u00e7o, com chuvas e baixas temperaturas.<\/span><\/h5>\n\n\n\n<div style=\"height:20px\" aria-hidden=\"true\" class=\"wp-block-spacer\"><\/div>\n\n\n\n<h5 class=\"has-text-align-center wp-block-heading\"><span style=\"color:#6b6c6d\" class=\"has-inline-color\">Logo, se voc\u00eas estiverem tentando fugir isso, n\u00e3o adiantaria se casar em uma data dentro desta janela temporal ou, ent\u00e3o, a Lua de Mel teria que acontecer bem depois \u2013 o que muitos condenam.<\/span><\/h5>\n\n\n\n<div style=\"height:20px\" aria-hidden=\"true\" class=\"wp-block-spacer\"><\/div>\n\n\n\n<h5 class=\"has-text-align-center wp-block-heading\"><span style=\"color:#6b6c6d\" class=\"has-inline-color\">Sendo assim, deixe tudo bem programado e cronometrado para n\u00e3o acabar, por exemplo, se casando em julho e viajando para Fernando de Noronha em pleno inverno brasileiro. N\u00e3o d\u00e1, n\u00e9?<\/span><\/h5>\n\n\n\n<div style=\"height:51px\" aria-hidden=\"true\" class=\"wp-block-spacer\"><\/div>\n\n\n\n<h4 class=\"wp-block-heading\"><strong>Gostou das dicas?<\/strong><\/h4>\n\n\n\n<div style=\"height:20px\" aria-hidden=\"true\" class=\"wp-block-spacer\"><\/div>\n\n\n\n<h5 class=\"has-text-align-center wp-block-heading\"><span style=\"color:#6b6c6d\" class=\"has-inline-color\">Se sim, compartilhe com suas amigas noivas e, claro, n\u00e3o deixe de <a href=\"https:\/\/www.ivanabeaumond.com.br\/vestidos-noiva\/moda-noiva-rj\/\" target=\"_blank\" rel=\"noreferrer noopener\">agendar a sua visita<\/a> ao nosso ateli\u00ea para conferir os principais modelos em moda noiva no Rio de Janeiro. Estamos te esperando aqui na Ivana Beaumond.<\/span><\/h5>\n","protected":false},"excerpt":{"rendered":"<p>Quem pensa em se casar, certamente j\u00e1 est\u00e1 considerando uma&#8230;<\/p>\n","protected":false},"author":4,"featured_media":25852,"comment_status":"closed","ping_status":"closed","sticky":false,"template":"","format":"standard","meta":[],"categories":[60,127],"tags":[695,133,96,651,1256,1258,595,132,102,1251,286,1257,164,780],"yoast_head":"<!-- This site is optimized with the Yoast SEO plugin v20.3 - https:\/\/yoast.com\/wordpress\/plugins\/seo\/ -->\n<title>Saiba a Melhor \u00c9poca do ano para Casar - Vestido de Noiva RJ<\/title>\n<meta name=\"robots\" content=\"index, follow, max-snippet:-1, max-image-preview:large, max-video-preview:-1\" \/>\n<link rel=\"canonical\" href=\"https:\/\/www.ivanabeaumond.com.br\/vestidos-noiva\/saiba-a-melhor-epoca-do-ano-para-casar\/\" \/>\n<meta property=\"og:locale\" content=\"pt_BR\" \/>\n<meta property=\"og:type\" content=\"article\" \/>\n<meta property=\"og:title\" content=\"Saiba a Melhor \u00c9poca do ano para Casar - Vestido de Noiva RJ\" \/>\n<meta property=\"og:description\" content=\"Quem pensa em se casar, certamente j\u00e1 est\u00e1 considerando uma...\" \/>\n<meta property=\"og:url\" content=\"https:\/\/www.ivanabeaumond.com.br\/vestidos-noiva\/saiba-a-melhor-epoca-do-ano-para-casar\/\" \/>\n<meta property=\"og:site_name\" content=\"Vestido de Noiva RJ\" \/>\n<meta property=\"article:publisher\" content=\"https:\/\/www.facebook.com\/ivana.beaumondnoivas\" \/>\n<meta property=\"article:published_time\" content=\"2020-08-21T19:43:16+00:00\" \/>\n<meta property=\"article:modified_time\" content=\"2020-08-21T19:46:25+00:00\" \/>\n<meta property=\"og:image\" content=\"https:\/\/www.ivanabeaumond.com.br\/vestidos-noiva\/wp-content\/uploads\/2020\/08\/Imagem-Corpo-1.jpg\" \/>\n\t<meta property=\"og:image:width\" content=\"704\" \/>\n\t<meta property=\"og:image:height\" content=\"469\" \/>\n\t<meta property=\"og:image:type\" content=\"image\/jpeg\" \/>\n<meta name=\"author\" content=\"Ivana Beaumond Paris\" \/>\n<meta name=\"twitter:card\" content=\"summary_large_image\" \/>\n<meta name=\"twitter:label1\" content=\"Escrito por\" \/>\n\t<meta name=\"twitter:data1\" content=\"Ivana Beaumond Paris\" \/>\n\t<meta name=\"twitter:label2\" content=\"Est. tempo de leitura\" \/>\n\t<meta name=\"twitter:data2\" content=\"3 minutos\" \/>\n<script type=\"application\/ld+json\" class=\"yoast-schema-graph\">{\"@context\":\"https:\/\/schema.org\",\"@graph\":[{\"@type\":\"Article\",\"@id\":\"https:\/\/www.ivanabeaumond.com.br\/vestidos-noiva\/saiba-a-melhor-epoca-do-ano-para-casar\/#article\",\"isPartOf\":{\"@id\":\"https:\/\/www.ivanabeaumond.com.br\/vestidos-noiva\/saiba-a-melhor-epoca-do-ano-para-casar\/\"},\"author\":{\"name\":\"Ivana Beaumond Paris\",\"@id\":\"https:\/\/www.ivanabeaumond.com.br\/vestidos-noiva\/#\/schema\/person\/1a360c4cffa3b806d29a456389dcff26\"},\"headline\":\"Saiba a Melhor \u00c9poca do ano para Casar\",\"datePublished\":\"2020-08-21T19:43:16+00:00\",\"dateModified\":\"2020-08-21T19:46:25+00:00\",\"mainEntityOfPage\":{\"@id\":\"https:\/\/www.ivanabeaumond.com.br\/vestidos-noiva\/saiba-a-melhor-epoca-do-ano-para-casar\/\"},\"wordCount\":634,\"publisher\":{\"@id\":\"https:\/\/www.ivanabeaumond.com.br\/vestidos-noiva\/#organization\"},\"keywords\":[\"atelier ivana beaumond paris\",\"atelierivanabeaumond\",\"casamento\",\"casamentos\",\"datas\",\"dia especial\",\"dicas de casamento\",\"dicas ivana\",\"festa de casamento\",\"fotos criativas\",\"ivana beaumond\",\"Lua de mel\",\"noivas\",\"temporada\"],\"articleSection\":[\"Blog\",\"Dicas e Truques\"],\"inLanguage\":\"pt-BR\"},{\"@type\":\"WebPage\",\"@id\":\"https:\/\/www.ivanabeaumond.com.br\/vestidos-noiva\/saiba-a-melhor-epoca-do-ano-para-casar\/\",\"url\":\"https:\/\/www.ivanabeaumond.com.br\/vestidos-noiva\/saiba-a-melhor-epoca-do-ano-para-casar\/\",\"name\":\"Saiba a Melhor \u00c9poca do ano para Casar - Vestido de Noiva RJ\",\"isPartOf\":{\"@id\":\"https:\/\/www.ivanabeaumond.com.br\/vestidos-noiva\/#website\"},\"datePublished\":\"2020-08-21T19:43:16+00:00\",\"dateModified\":\"2020-08-21T19:46:25+00:00\",\"breadcrumb\":{\"@id\":\"https:\/\/www.ivanabeaumond.com.br\/vestidos-noiva\/saiba-a-melhor-epoca-do-ano-para-casar\/#breadcrumb\"},\"inLanguage\":\"pt-BR\",\"potentialAction\":[{\"@type\":\"ReadAction\",\"target\":[\"https:\/\/www.ivanabeaumond.com.br\/vestidos-noiva\/saiba-a-melhor-epoca-do-ano-para-casar\/\"]}]},{\"@type\":\"BreadcrumbList\",\"@id\":\"https:\/\/www.ivanabeaumond.com.br\/vestidos-noiva\/saiba-a-melhor-epoca-do-ano-para-casar\/#breadcrumb\",\"itemListElement\":[{\"@type\":\"ListItem\",\"position\":1,\"name\":\"In\u00edcio\",\"item\":\"https:\/\/www.ivanabeaumond.com.br\/vestidos-noiva\/\"},{\"@type\":\"ListItem\",\"position\":2,\"name\":\"Saiba a Melhor \u00c9poca do ano para Casar\"}]},{\"@type\":\"WebSite\",\"@id\":\"https:\/\/www.ivanabeaumond.com.br\/vestidos-noiva\/#website\",\"url\":\"https:\/\/www.ivanabeaumond.com.br\/vestidos-noiva\/\",\"name\":\"Vestido de Noiva RJ\",\"description\":\"Moda Noiva\",\"publisher\":{\"@id\":\"https:\/\/www.ivanabeaumond.com.br\/vestidos-noiva\/#organization\"},\"potentialAction\":[{\"@type\":\"SearchAction\",\"target\":{\"@type\":\"EntryPoint\",\"urlTemplate\":\"https:\/\/www.ivanabeaumond.com.br\/vestidos-noiva\/?s={search_term_string}\"},\"query-input\":\"required name=search_term_string\"}],\"inLanguage\":\"pt-BR\"},{\"@type\":\"Organization\",\"@id\":\"https:\/\/www.ivanabeaumond.com.br\/vestidos-noiva\/#organization\",\"name\":\"Vestido de Noiva RJ\",\"url\":\"https:\/\/www.ivanabeaumond.com.br\/vestidos-noiva\/\",\"logo\":{\"@type\":\"ImageObject\",\"inLanguage\":\"pt-BR\",\"@id\":\"https:\/\/www.ivanabeaumond.com.br\/vestidos-noiva\/#\/schema\/logo\/image\/\",\"url\":\"https:\/\/www.ivanabeaumond.com.br\/vestidos-noiva\/wp-content\/uploads\/2018\/02\/logo_ivana_beaumond-2.png\",\"contentUrl\":\"https:\/\/www.ivanabeaumond.com.br\/vestidos-noiva\/wp-content\/uploads\/2018\/02\/logo_ivana_beaumond-2.png\",\"width\":230,\"height\":112,\"caption\":\"Vestido de Noiva RJ\"},\"image\":{\"@id\":\"https:\/\/www.ivanabeaumond.com.br\/vestidos-noiva\/#\/schema\/logo\/image\/\"},\"sameAs\":[\"https:\/\/www.facebook.com\/ivana.beaumondnoivas\",\"https:\/\/www.instagram.com\/ivanabeaumond\/\",\"https:\/\/www.tiktok.com\/@ivanabeaumond\"]},{\"@type\":\"Person\",\"@id\":\"https:\/\/www.ivanabeaumond.com.br\/vestidos-noiva\/#\/schema\/person\/1a360c4cffa3b806d29a456389dcff26\",\"name\":\"Ivana Beaumond Paris\",\"image\":{\"@type\":\"ImageObject\",\"inLanguage\":\"pt-BR\",\"@id\":\"https:\/\/www.ivanabeaumond.com.br\/vestidos-noiva\/#\/schema\/person\/image\/\",\"url\":\"https:\/\/secure.gravatar.com\/avatar\/641f98db20b53ec937ceb641db4270b9?s=96&d=mm&r=g\",\"contentUrl\":\"https:\/\/secure.gravatar.com\/avatar\/641f98db20b53ec937ceb641db4270b9?s=96&d=mm&r=g\",\"caption\":\"Ivana Beaumond Paris\"},\"url\":\"https:\/\/www.ivanabeaumond.com.br\/vestidos-noiva\/author\/ivana\/\"}]}<\/script>\n<!-- \/ Yoast SEO plugin. -->","yoast_head_json":{"title":"Saiba a Melhor \u00c9poca do ano para Casar - Vestido de Noiva RJ","robots":{"index":"index","follow":"follow","max-snippet":"max-snippet:-1","max-image-preview":"max-image-preview:large","max-video-preview":"max-video-preview:-1"},"canonical":"https:\/\/www.ivanabeaumond.com.br\/vestidos-noiva\/saiba-a-melhor-epoca-do-ano-para-casar\/","og_locale":"pt_BR","og_type":"article","og_title":"Saiba a Melhor \u00c9poca do ano para Casar - Vestido de Noiva RJ","og_description":"Quem pensa em se casar, certamente j\u00e1 est\u00e1 considerando uma...","og_url":"https:\/\/www.ivanabeaumond.com.br\/vestidos-noiva\/saiba-a-melhor-epoca-do-ano-para-casar\/","og_site_name":"Vestido de Noiva RJ","article_publisher":"https:\/\/www.facebook.com\/ivana.beaumondnoivas","article_published_time":"2020-08-21T19:43:16+00:00","article_modified_time":"2020-08-21T19:46:25+00:00","og_image":[{"width":704,"height":469,"url":"https:\/\/www.ivanabeaumond.com.br\/vestidos-noiva\/wp-content\/uploads\/2020\/08\/Imagem-Corpo-1.jpg","type":"image\/jpeg"}],"author":"Ivana Beaumond Paris","twitter_card":"summary_large_image","twitter_misc":{"Escrito por":"Ivana Beaumond Paris","Est. tempo de leitura":"3 minutos"},"schema":{"@context":"https:\/\/schema.org","@graph":[{"@type":"Article","@id":"https:\/\/www.ivanabeaumond.com.br\/vestidos-noiva\/saiba-a-melhor-epoca-do-ano-para-casar\/#article","isPartOf":{"@id":"https:\/\/www.ivanabeaumond.com.br\/vestidos-noiva\/saiba-a-melhor-epoca-do-ano-para-casar\/"},"author":{"name":"Ivana Beaumond Paris","@id":"https:\/\/www.ivanabeaumond.com.br\/vestidos-noiva\/#\/schema\/person\/1a360c4cffa3b806d29a456389dcff26"},"headline":"Saiba a Melhor \u00c9poca do ano para Casar","datePublished":"2020-08-21T19:43:16+00:00","dateModified":"2020-08-21T19:46:25+00:00","mainEntityOfPage":{"@id":"https:\/\/www.ivanabeaumond.com.br\/vestidos-noiva\/saiba-a-melhor-epoca-do-ano-para-casar\/"},"wordCount":634,"publisher":{"@id":"https:\/\/www.ivanabeaumond.com.br\/vestidos-noiva\/#organization"},"keywords":["atelier ivana beaumond paris","atelierivanabeaumond","casamento","casamentos","datas","dia especial","dicas de casamento","dicas ivana","festa de casamento","fotos criativas","ivana beaumond","Lua de mel","noivas","temporada"],"articleSection":["Blog","Dicas e Truques"],"inLanguage":"pt-BR"},{"@type":"WebPage","@id":"https:\/\/www.ivanabeaumond.com.br\/vestidos-noiva\/saiba-a-melhor-epoca-do-ano-para-casar\/","url":"https:\/\/www.ivanabeaumond.com.br\/vestidos-noiva\/saiba-a-melhor-epoca-do-ano-para-casar\/","name":"Saiba a Melhor \u00c9poca do ano para Casar - Vestido de Noiva RJ","isPartOf":{"@id":"https:\/\/www.ivanabeaumond.com.br\/vestidos-noiva\/#website"},"datePublished":"2020-08-21T19:43:16+00:00","dateModified":"2020-08-21T19:46:25+00:00","breadcrumb":{"@id":"https:\/\/www.ivanabeaumond.com.br\/vestidos-noiva\/saiba-a-melhor-epoca-do-ano-para-casar\/#breadcrumb"},"inLanguage":"pt-BR","potentialAction":[{"@type":"ReadAction","target":["https:\/\/www.ivanabeaumond.com.br\/vestidos-noiva\/saiba-a-melhor-epoca-do-ano-para-casar\/"]}]},{"@type":"BreadcrumbList","@id":"https:\/\/www.ivanabeaumond.com.br\/vestidos-noiva\/saiba-a-melhor-epoca-do-ano-para-casar\/#breadcrumb","itemListElement":[{"@type":"ListItem","position":1,"name":"In\u00edcio","item":"https:\/\/www.ivanabeaumond.com.br\/vestidos-noiva\/"},{"@type":"ListItem","position":2,"name":"Saiba a Melhor \u00c9poca do ano para Casar"}]},{"@type":"WebSite","@id":"https:\/\/www.ivanabeaumond.com.br\/vestidos-noiva\/#website","url":"https:\/\/www.ivanabeaumond.com.br\/vestidos-noiva\/","name":"Vestido de Noiva RJ","description":"Moda Noiva","publisher":{"@id":"https:\/\/www.ivanabeaumond.com.br\/vestidos-noiva\/#organization"},"potentialAction":[{"@type":"SearchAction","target":{"@type":"EntryPoint","urlTemplate":"https:\/\/www.ivanabeaumond.com.br\/vestidos-noiva\/?s={search_term_string}"},"query-input":"required name=search_term_string"}],"inLanguage":"pt-BR"},{"@type":"Organization","@id":"https:\/\/www.ivanabeaumond.com.br\/vestidos-noiva\/#organization","name":"Vestido de Noiva RJ","url":"https:\/\/www.ivanabeaumond.com.br\/vestidos-noiva\/","logo":{"@type":"ImageObject","inLanguage":"pt-BR","@id":"https:\/\/www.ivanabeaumond.com.br\/vestidos-noiva\/#\/schema\/logo\/image\/","url":"https:\/\/www.ivanabeaumond.com.br\/vestidos-noiva\/wp-content\/uploads\/2018\/02\/logo_ivana_beaumond-2.png","contentUrl":"https:\/\/www.ivanabeaumond.com.br\/vestidos-noiva\/wp-content\/uploads\/2018\/02\/logo_ivana_beaumond-2.png","width":230,"height":112,"caption":"Vestido de Noiva RJ"},"image":{"@id":"https:\/\/www.ivanabeaumond.com.br\/vestidos-noiva\/#\/schema\/logo\/image\/"},"sameAs":["https:\/\/www.facebook.com\/ivana.beaumondnoivas","https:\/\/www.instagram.com\/ivanabeaumond\/","https:\/\/www.tiktok.com\/@ivanabeaumond"]},{"@type":"Person","@id":"https:\/\/www.ivanabeaumond.com.br\/vestidos-noiva\/#\/schema\/person\/1a360c4cffa3b806d29a456389dcff26","name":"Ivana Beaumond Paris","image":{"@type":"ImageObject","inLanguage":"pt-BR","@id":"https:\/\/www.ivanabeaumond.com.br\/vestidos-noiva\/#\/schema\/person\/image\/","url":"https:\/\/secure.gravatar.com\/avatar\/641f98db20b53ec937ceb641db4270b9?s=96&d=mm&r=g","contentUrl":"https:\/\/secure.gravatar.com\/avatar\/641f98db20b53ec937ceb641db4270b9?s=96&d=mm&r=g","caption":"Ivana Beaumond Paris"},"url":"https:\/\/www.ivanabeaumond.com.br\/vestidos-noiva\/author\/ivana\/"}]}},"_links":{"self":[{"href":"https:\/\/www.ivanabeaumond.com.br\/vestidos-noiva\/wp-json\/wp\/v2\/posts\/25851"}],"collection":[{"href":"https:\/\/www.ivanabeaumond.com.br\/vestidos-noiva\/wp-json\/wp\/v2\/posts"}],"about":[{"href":"https:\/\/www.ivanabeaumond.com.br\/vestidos-noiva\/wp-json\/wp\/v2\/types\/post"}],"author":[{"embeddable":true,"href":"https:\/\/www.ivanabeaumond.com.br\/vestidos-noiva\/wp-json\/wp\/v2\/users\/4"}],"replies":[{"embeddable":true,"href":"https:\/\/www.ivanabeaumond.com.br\/vestidos-noiva\/wp-json\/wp\/v2\/comments?post=25851"}],"version-history":[{"count":4,"href":"https:\/\/www.ivanabeaumond.com.br\/vestidos-noiva\/wp-json\/wp\/v2\/posts\/25851\/revisions"}],"predecessor-version":[{"id":25993,"href":"https:\/\/www.ivanabeaumond.com.br\/vestidos-noiva\/wp-json\/wp\/v2\/posts\/25851\/revisions\/25993"}],"wp:featuredmedia":[{"embeddable":true,"href":"https:\/\/www.ivanabeaumond.com.br\/vestidos-noiva\/wp-json\/wp\/v2\/media\/25852"}],"wp:attachment":[{"href":"https:\/\/www.ivanabeaumond.com.br\/vestidos-noiva\/wp-json\/wp\/v2\/media?parent=25851"}],"wp:term":[{"taxonomy":"category","embeddable":true,"href":"https:\/\/www.ivanabeaumond.com.br\/vestidos-noiva\/wp-json\/wp\/v2\/categories?post=25851"},{"taxonomy":"post_tag","embeddable":true,"href":"https:\/\/www.ivanabeaumond.com.br\/vestidos-noiva\/wp-json\/wp\/v2\/tags?post=25851"}],"curies":[{"name":"wp","href":"https:\/\/api.w.org\/{rel}","templated":true}]}}