{"id":26138,"date":"2020-08-27T17:54:01","date_gmt":"2020-08-27T20:54:01","guid":{"rendered":"https:\/\/www.ivanabeaumond.com.br\/vestidos-noiva\/?p=26138"},"modified":"2020-08-27T17:59:04","modified_gmt":"2020-08-27T20:59:04","slug":"festa-de-15-anos-descolada-com-a-debutante-larissa-castella","status":"publish","type":"post","link":"https:\/\/www.ivanabeaumond.com.br\/vestidos-noiva\/festa-de-15-anos-descolada-com-a-debutante-larissa-castella\/","title":{"rendered":"Festa Descolada, com Larissa Castella"},"content":{"rendered":"\n<div style=\"height:31px\" aria-hidden=\"true\" class=\"wp-block-spacer\"><\/div>\n\n\n\n<div style=\"height:41px\" aria-hidden=\"true\" class=\"wp-block-spacer\"><\/div>\n\n\n\n<h4 class=\"has-very-dark-gray-color has-text-color wp-block-heading\">Azul, branco e prateado foram as cores que a nossa debutante Larissa Castella escolheu para surpreender os convidados em uma festa de 15 anos inesquec\u00edvel e badalada no Espa\u00e7o Golden Palace. Nossa aniversariante contou com a ajuda do Atelier Ivana Beaumond Paris para escolher os tr\u00eas Vestidos de Debutante que a transformaram em uma princesa de v\u00e1rias vers\u00f5es. Quer  saber como ela ficou incr\u00edvel? Continue lendo o post e veja as fotos dos looks:<\/h4>\n\n\n\n<div style=\"height:46px\" aria-hidden=\"true\" class=\"wp-block-spacer\"><\/div>\n\n\n\n<div class=\"wp-block-image\"><figure class=\"aligncenter size-large is-resized\"><img decoding=\"async\" src=\"https:\/\/www.ivanabeaumond.com.br\/vestidos-noiva\/wp-content\/uploads\/2020\/08\/Festa-de-Debutante-Vestido-de-15-Anos-rj-Atelier-Ivana-Beaumond-2-1-819x1024.jpg\" alt=\"Vestido de Debutante Branco Rj Atelier Ivana Beaumond Festa de 15 anos\" class=\"wp-image-26145\" width=\"400\" srcset=\"https:\/\/www.ivanabeaumond.com.br\/vestidos-noiva\/wp-content\/uploads\/2020\/08\/Festa-de-Debutante-Vestido-de-15-Anos-rj-Atelier-Ivana-Beaumond-2-1-819x1024.jpg 819w, https:\/\/www.ivanabeaumond.com.br\/vestidos-noiva\/wp-content\/uploads\/2020\/08\/Festa-de-Debutante-Vestido-de-15-Anos-rj-Atelier-Ivana-Beaumond-2-1-240x300.jpg 240w, https:\/\/www.ivanabeaumond.com.br\/vestidos-noiva\/wp-content\/uploads\/2020\/08\/Festa-de-Debutante-Vestido-de-15-Anos-rj-Atelier-Ivana-Beaumond-2-1-768x960.jpg 768w, https:\/\/www.ivanabeaumond.com.br\/vestidos-noiva\/wp-content\/uploads\/2020\/08\/Festa-de-Debutante-Vestido-de-15-Anos-rj-Atelier-Ivana-Beaumond-2-1.jpg 1080w\" sizes=\"(max-width: 819px) 100vw, 819px\" \/><\/figure><\/div>\n\n\n\n<div style=\"height:46px\" aria-hidden=\"true\" class=\"wp-block-spacer\"><\/div>\n\n\n\n<h4 class=\"has-cyan-bluish-gray-color has-text-color wp-block-heading\">Escolher o seu vestido de debutante \u00e9 a parte mais importante de fazer uma festa de 15 anos, e deve tamb\u00e9m ser a mais prazerosa. Tendo em mente o tema do seu anivers\u00e1rio e a paleta de cor da sua decora\u00e7\u00e3o, voc\u00ea tem um leque infinito de possibilidades para construir o seu look, seja ele o de uma princesa cl\u00e1ssica dos contos de fada, um visual mais moderno e descontru\u00eddo ou at\u00e9 a mistura dos dois. Se voc\u00ea ainda est\u00e1 em d\u00favida sobre o seu modelo, n\u00e3o deixe de conferir nossos post  <a rel=\"noreferrer noopener\" href=\"https:\/\/www.ivanabeaumond.com.br\/vestidos-noiva\/7-dicas-para-voce-escolher-o-seu-vestido-de-debutante\/\" target=\"_blank\">7 dicas para te ajudar a escolher o seu vestido de debutante<\/a> e <a rel=\"noreferrer noopener\" href=\"https:\/\/www.ivanabeaumond.com.br\/vestidos-noiva\/inspiracao-princesas-da-disney\/\" target=\"_blank\">Inspira\u00e7\u00e3o: Princesas da Disney<\/a> , que contam com \u00f3timas dicas para te ajudar.<br>A festa da Larissa teve uma tem\u00e1tica balada e ela investiu em modelos mais noturnos e brilhantes para a recep\u00e7\u00e3o e abertura da pista. O primeiro &#8211; um vestido de debutante 2 em 1 &#8211; contou com um tom de azul bem vivo e muito brilho. D\u00e1 pra ver que ela investiu forte na sua entrada!<\/h4>\n\n\n\n<div style=\"height:48px\" aria-hidden=\"true\" class=\"wp-block-spacer\"><\/div>\n\n\n\n<div class=\"wp-block-image\"><figure class=\"aligncenter size-large is-resized\"><img decoding=\"async\" src=\"https:\/\/www.ivanabeaumond.com.br\/vestidos-noiva\/wp-content\/uploads\/2020\/08\/Festa-de-Debutante-Rj-Vestido-de-15-anos-Atelier-Ivana-Beaumond-1.jpg\" alt=\"Festa de Debutante Rj Vestido de 15 anos Atelier Ivana Beaumond Tijuca\" class=\"wp-image-26139\" width=\"400\" srcset=\"https:\/\/www.ivanabeaumond.com.br\/vestidos-noiva\/wp-content\/uploads\/2020\/08\/Festa-de-Debutante-Rj-Vestido-de-15-anos-Atelier-Ivana-Beaumond-1.jpg 750w, https:\/\/www.ivanabeaumond.com.br\/vestidos-noiva\/wp-content\/uploads\/2020\/08\/Festa-de-Debutante-Rj-Vestido-de-15-anos-Atelier-Ivana-Beaumond-1-240x300.jpg 240w\" sizes=\"(max-width: 750px) 100vw, 750px\" \/><figcaption>Foto: Dreams Film.<\/figcaption><\/figure><\/div>\n\n\n\n<div style=\"height:34px\" aria-hidden=\"true\" class=\"wp-block-spacer\"><\/div>\n\n\n\n<h4 class=\"has-cyan-bluish-gray-color has-text-color wp-block-heading\">Na valsa, a Larissa usou um vestido de debutante branco na cl\u00e1ssica silhueta princesa, que \u00e9 sempre uma \u00f3tima escolha por causa do seu belo efeito visual. Al\u00e9m de poder incorporar a saia aos passos da sua coreografia, o modelo princesa sempre rende fotos inusitadas e muito bonitas.<\/h4>\n\n\n\n<div style=\"height:48px\" aria-hidden=\"true\" class=\"wp-block-spacer\"><\/div>\n\n\n\n<div class=\"wp-block-image\"><figure class=\"aligncenter size-large is-resized\"><img decoding=\"async\" src=\"https:\/\/www.ivanabeaumond.com.br\/vestidos-noiva\/wp-content\/uploads\/2020\/08\/Festa-de-Debutante-Rj-Vestido-de-15-anos-Atelier-Ivana-Beaumond-2.jpg\" alt=\"Vestido de Debutante Branco Rj Atelier Ivana Beaumond Tijuca\" class=\"wp-image-26140\" width=\"400\" srcset=\"https:\/\/www.ivanabeaumond.com.br\/vestidos-noiva\/wp-content\/uploads\/2020\/08\/Festa-de-Debutante-Rj-Vestido-de-15-anos-Atelier-Ivana-Beaumond-2.jpg 749w, https:\/\/www.ivanabeaumond.com.br\/vestidos-noiva\/wp-content\/uploads\/2020\/08\/Festa-de-Debutante-Rj-Vestido-de-15-anos-Atelier-Ivana-Beaumond-2-240x300.jpg 240w\" sizes=\"(max-width: 749px) 100vw, 749px\" \/><\/figure><\/div>\n\n\n\n<div class=\"wp-block-image\"><figure class=\"aligncenter size-large is-resized\"><img decoding=\"async\" src=\"https:\/\/www.ivanabeaumond.com.br\/vestidos-noiva\/wp-content\/uploads\/2020\/08\/Festa-de-Debutante-Vestido-de-15-Anos-rj-Atelier-Ivana-Beaumond-2-3-819x1024.jpg\" alt=\"\" class=\"wp-image-26164\" width=\"400\" srcset=\"https:\/\/www.ivanabeaumond.com.br\/vestidos-noiva\/wp-content\/uploads\/2020\/08\/Festa-de-Debutante-Vestido-de-15-Anos-rj-Atelier-Ivana-Beaumond-2-3-819x1024.jpg 819w, https:\/\/www.ivanabeaumond.com.br\/vestidos-noiva\/wp-content\/uploads\/2020\/08\/Festa-de-Debutante-Vestido-de-15-Anos-rj-Atelier-Ivana-Beaumond-2-3-240x300.jpg 240w, https:\/\/www.ivanabeaumond.com.br\/vestidos-noiva\/wp-content\/uploads\/2020\/08\/Festa-de-Debutante-Vestido-de-15-Anos-rj-Atelier-Ivana-Beaumond-2-3-768x960.jpg 768w, https:\/\/www.ivanabeaumond.com.br\/vestidos-noiva\/wp-content\/uploads\/2020\/08\/Festa-de-Debutante-Vestido-de-15-Anos-rj-Atelier-Ivana-Beaumond-2-3.jpg 1080w\" sizes=\"(max-width: 819px) 100vw, 819px\" \/><\/figure><\/div>\n\n\n\n<div style=\"height:47px\" aria-hidden=\"true\" class=\"wp-block-spacer\"><\/div>\n\n\n\n<h4 class=\"has-cyan-bluish-gray-color has-text-color wp-block-heading\">O vestido da m\u00e3e da nossa debutante tamb\u00e9m \u00e9 do Atelier Ivana Beaumond! Um modelo dourado com aplica\u00e7\u00f5es de bordado, muito lindo. Vejam como as duas ficaram super elegantes:<\/h4>\n\n\n\n<div style=\"height:40px\" aria-hidden=\"true\" class=\"wp-block-spacer\"><\/div>\n\n\n\n<div class=\"wp-block-image\"><figure class=\"aligncenter size-large is-resized\"><img decoding=\"async\" src=\"https:\/\/www.ivanabeaumond.com.br\/vestidos-noiva\/wp-content\/uploads\/2020\/08\/Festa-de-Debutante-Rj-Vestido-de-15-anos-Atelier-Ivana-Beaumond-3.jpg\" alt=\"\" class=\"wp-image-26161\" width=\"400\" srcset=\"https:\/\/www.ivanabeaumond.com.br\/vestidos-noiva\/wp-content\/uploads\/2020\/08\/Festa-de-Debutante-Rj-Vestido-de-15-anos-Atelier-Ivana-Beaumond-3.jpg 750w, https:\/\/www.ivanabeaumond.com.br\/vestidos-noiva\/wp-content\/uploads\/2020\/08\/Festa-de-Debutante-Rj-Vestido-de-15-anos-Atelier-Ivana-Beaumond-3-240x300.jpg 240w\" sizes=\"(max-width: 750px) 100vw, 750px\" \/><figcaption>Foto: Dreams Film.<\/figcaption><\/figure><\/div>\n\n\n\n<div style=\"height:37px\" aria-hidden=\"true\" class=\"wp-block-spacer\"><\/div>\n\n\n\n<h4 class=\"has-cyan-bluish-gray-color has-text-color wp-block-heading\">O \u00faltimo look foi um Vestido de  Debutante curto prateado, que a Larissa usou no seu ensaio fotogr\u00e1fico. Essa fotos ficaram perfeitas, n\u00e3o acham?<\/h4>\n\n\n\n<div style=\"height:39px\" aria-hidden=\"true\" class=\"wp-block-spacer\"><\/div>\n\n\n\n<div class=\"wp-block-image\"><figure class=\"aligncenter size-large is-resized\"><img decoding=\"async\" src=\"https:\/\/www.ivanabeaumond.com.br\/vestidos-noiva\/wp-content\/uploads\/2020\/08\/Festa-de-Debutante-Vestido-de-15-Anos-rj-Atelier-Ivana-Beaumond-1-819x1024.jpg\" alt=\"Vestido de 15 anos prateado curto rj Atelier Ivana Beaumond Paris\" class=\"wp-image-26143\" width=\"400\" srcset=\"https:\/\/www.ivanabeaumond.com.br\/vestidos-noiva\/wp-content\/uploads\/2020\/08\/Festa-de-Debutante-Vestido-de-15-Anos-rj-Atelier-Ivana-Beaumond-1-819x1024.jpg 819w, https:\/\/www.ivanabeaumond.com.br\/vestidos-noiva\/wp-content\/uploads\/2020\/08\/Festa-de-Debutante-Vestido-de-15-Anos-rj-Atelier-Ivana-Beaumond-1-240x300.jpg 240w, https:\/\/www.ivanabeaumond.com.br\/vestidos-noiva\/wp-content\/uploads\/2020\/08\/Festa-de-Debutante-Vestido-de-15-Anos-rj-Atelier-Ivana-Beaumond-1-768x960.jpg 768w, https:\/\/www.ivanabeaumond.com.br\/vestidos-noiva\/wp-content\/uploads\/2020\/08\/Festa-de-Debutante-Vestido-de-15-Anos-rj-Atelier-Ivana-Beaumond-1.jpg 1080w\" sizes=\"(max-width: 819px) 100vw, 819px\" \/><\/figure><\/div>\n\n\n\n<div class=\"wp-block-image\"><figure class=\"aligncenter size-large is-resized\"><img decoding=\"async\" src=\"https:\/\/www.ivanabeaumond.com.br\/vestidos-noiva\/wp-content\/uploads\/2020\/08\/Festa-de-Debutante-Rj-Vestido-de-15-anos-Atelier-Ivana-Beaumond-4.jpg\" alt=\"Vestido de Debutante Curto Prateado Rj Atelier Ivana Beaumond Tijuca\" class=\"wp-image-26141\" width=\"400\" srcset=\"https:\/\/www.ivanabeaumond.com.br\/vestidos-noiva\/wp-content\/uploads\/2020\/08\/Festa-de-Debutante-Rj-Vestido-de-15-anos-Atelier-Ivana-Beaumond-4.jpg 750w, https:\/\/www.ivanabeaumond.com.br\/vestidos-noiva\/wp-content\/uploads\/2020\/08\/Festa-de-Debutante-Rj-Vestido-de-15-anos-Atelier-Ivana-Beaumond-4-240x300.jpg 240w\" sizes=\"(max-width: 750px) 100vw, 750px\" \/><\/figure><\/div>\n\n\n\n<div class=\"wp-block-image\"><figure class=\"aligncenter size-large is-resized\"><img decoding=\"async\" src=\"https:\/\/www.ivanabeaumond.com.br\/vestidos-noiva\/wp-content\/uploads\/2020\/08\/Festa-de-Debutante-Rj-Vestido-de-15-anos-Atelier-Ivana-Beaumond-5.jpg\" alt=\"Vestido de Debutante Prateado Curto 15 Anos Atelier Ivana Beaumond Rj\" class=\"wp-image-26142\" width=\"400\" srcset=\"https:\/\/www.ivanabeaumond.com.br\/vestidos-noiva\/wp-content\/uploads\/2020\/08\/Festa-de-Debutante-Rj-Vestido-de-15-anos-Atelier-Ivana-Beaumond-5.jpg 750w, https:\/\/www.ivanabeaumond.com.br\/vestidos-noiva\/wp-content\/uploads\/2020\/08\/Festa-de-Debutante-Rj-Vestido-de-15-anos-Atelier-Ivana-Beaumond-5-240x300.jpg 240w\" sizes=\"(max-width: 750px) 100vw, 750px\" \/><figcaption>Ficha T\u00e9cnica: <br>Vestidos da Debutante: Atelier Ivana Beaumond Paris. Vestido da M\u00e3e da Debutante: Atelier Ivana Beaumond Paris. Cabelo e Maqiuagem: Carina Tilli. Local: Espa\u00e7o Golden Palace. Cerimonial: Thain\u00e1 Lima. Decora\u00e7\u00e3o: Corintho Rodrigues. Fot\u00f3grafo: Jr. Bill. Foto e Filmagem: Dreams Film.<\/figcaption><\/figure><\/div>\n\n\n\n<div style=\"height:34px\" aria-hidden=\"true\" class=\"wp-block-spacer\"><\/div>\n\n\n\n<h4 class=\"wp-block-heading\">Gostou? Siga nosso instagram&nbsp;<a rel=\"noreferrer noopener\" href=\"https:\/\/www.instagram.com\/ivanaparisdebutantes\" target=\"_blank\"><span class=\"has-inline-color has-vivid-cyan-blue-color\">@ivanaparisdebutantes&nbsp;<\/span><\/a>e curta nossa fanpage&nbsp;<a rel=\"noreferrer noopener\" href=\"https:\/\/www.facebook.com\/IvanaBeaumondDebutantes\/\" target=\"_blank\"><span class=\"has-inline-color has-vivid-cyan-blue-color\">Ivana Beaumond<\/span><\/a>&nbsp;para ficar por dentro de tudo o que rola no mundo das&nbsp;debutantes. N\u00e3o deixe de conferir tamb\u00e9m as nossas cole\u00e7\u00f5es de&nbsp;<a rel=\"noreferrer noopener\" href=\"http:\/\/www.ivanabeaumond.com.br\/vestidos-noiva\/vestidos-debutantes\/\" target=\"_blank\"><span class=\"has-inline-color has-vivid-cyan-blue-color\">Vestidos de Debutante<\/span><\/a><span class=\"has-inline-color has-vivid-cyan-blue-color\">&nbsp;<\/span>e&nbsp;<a rel=\"noreferrer noopener\" href=\"http:\/\/www.ivanabeaumond.com.br\/vestidos-noiva\/vestidos-casamento-madrinha-festa-formatura\/\" target=\"_blank\"><span class=\"has-inline-color has-vivid-cyan-blue-color\">Moda Festa<\/span><\/a>,&nbsp;trazendo as maiores novidades da alta costura com os mais belos modelos!<\/h4>\n","protected":false},"excerpt":{"rendered":"<p>Post sobre o anivers\u00e1rio da debutante Larissa Castella, com vestidos de debutante do Atelier Ivana Beaumond Paris, no Rio de Janeiro RJ<\/p>\n","protected":false},"author":4,"featured_media":26172,"comment_status":"closed","ping_status":"closed","sticky":false,"template":"","format":"standard","meta":[],"categories":[60,129],"tags":[172,229,142,531,143,1279,856,1276,1278,1277,745],"yoast_head":"<!-- This site is optimized with the Yoast SEO plugin v20.3 - https:\/\/yoast.com\/wordpress\/plugins\/seo\/ -->\n<title>Festa Descolada, com Larissa Castella - Vestido de Noiva RJ<\/title>\n<meta name=\"robots\" content=\"index, follow, max-snippet:-1, max-image-preview:large, max-video-preview:-1\" \/>\n<link rel=\"canonical\" href=\"https:\/\/www.ivanabeaumond.com.br\/vestidos-noiva\/festa-de-15-anos-descolada-com-a-debutante-larissa-castella\/\" \/>\n<meta property=\"og:locale\" content=\"pt_BR\" \/>\n<meta property=\"og:type\" content=\"article\" \/>\n<meta property=\"og:title\" content=\"Festa Descolada, com Larissa Castella - Vestido de Noiva RJ\" \/>\n<meta property=\"og:description\" content=\"Post sobre o anivers\u00e1rio da debutante Larissa Castella, com vestidos de debutante do Atelier Ivana Beaumond Paris, no Rio de Janeiro RJ\" \/>\n<meta property=\"og:url\" content=\"https:\/\/www.ivanabeaumond.com.br\/vestidos-noiva\/festa-de-15-anos-descolada-com-a-debutante-larissa-castella\/\" \/>\n<meta property=\"og:site_name\" content=\"Vestido de Noiva RJ\" \/>\n<meta property=\"article:publisher\" content=\"https:\/\/www.facebook.com\/ivana.beaumondnoivas\" \/>\n<meta property=\"article:published_time\" content=\"2020-08-27T20:54:01+00:00\" \/>\n<meta property=\"article:modified_time\" content=\"2020-08-27T20:59:04+00:00\" \/>\n<meta property=\"og:image\" content=\"https:\/\/www.ivanabeaumond.com.br\/vestidos-noiva\/wp-content\/uploads\/2020\/08\/miniatura-1.jpg\" \/>\n\t<meta property=\"og:image:width\" content=\"734\" \/>\n\t<meta property=\"og:image:height\" content=\"457\" \/>\n\t<meta property=\"og:image:type\" content=\"image\/jpeg\" \/>\n<meta name=\"author\" content=\"Ivana Beaumond Paris\" \/>\n<meta name=\"twitter:card\" content=\"summary_large_image\" \/>\n<meta name=\"twitter:label1\" content=\"Escrito por\" \/>\n\t<meta name=\"twitter:data1\" content=\"Ivana Beaumond Paris\" \/>\n\t<meta name=\"twitter:label2\" content=\"Est. tempo de leitura\" \/>\n\t<meta name=\"twitter:data2\" content=\"2 minutos\" \/>\n<script type=\"application\/ld+json\" class=\"yoast-schema-graph\">{\"@context\":\"https:\/\/schema.org\",\"@graph\":[{\"@type\":\"Article\",\"@id\":\"https:\/\/www.ivanabeaumond.com.br\/vestidos-noiva\/festa-de-15-anos-descolada-com-a-debutante-larissa-castella\/#article\",\"isPartOf\":{\"@id\":\"https:\/\/www.ivanabeaumond.com.br\/vestidos-noiva\/festa-de-15-anos-descolada-com-a-debutante-larissa-castella\/\"},\"author\":{\"name\":\"Ivana Beaumond Paris\",\"@id\":\"https:\/\/www.ivanabeaumond.com.br\/vestidos-noiva\/#\/schema\/person\/1a360c4cffa3b806d29a456389dcff26\"},\"headline\":\"Festa Descolada, com Larissa Castella\",\"datePublished\":\"2020-08-27T20:54:01+00:00\",\"dateModified\":\"2020-08-27T20:59:04+00:00\",\"mainEntityOfPage\":{\"@id\":\"https:\/\/www.ivanabeaumond.com.br\/vestidos-noiva\/festa-de-15-anos-descolada-com-a-debutante-larissa-castella\/\"},\"wordCount\":483,\"publisher\":{\"@id\":\"https:\/\/www.ivanabeaumond.com.br\/vestidos-noiva\/#organization\"},\"keywords\":[\"15 anos\",\"debutante\",\"festa de 15 anos\",\"valsa\",\"vestido de debutante\",\"vestido de debutante 2 e 1\",\"vestido de debutante azul\",\"vestido de debutante branco\",\"vestido de debutante curto\",\"vestido de debutante prateado\",\"vestidos de debutante\"],\"articleSection\":[\"Blog\",\"Espa\u00e7o Debutantes\"],\"inLanguage\":\"pt-BR\"},{\"@type\":\"WebPage\",\"@id\":\"https:\/\/www.ivanabeaumond.com.br\/vestidos-noiva\/festa-de-15-anos-descolada-com-a-debutante-larissa-castella\/\",\"url\":\"https:\/\/www.ivanabeaumond.com.br\/vestidos-noiva\/festa-de-15-anos-descolada-com-a-debutante-larissa-castella\/\",\"name\":\"Festa Descolada, com Larissa Castella - Vestido de Noiva RJ\",\"isPartOf\":{\"@id\":\"https:\/\/www.ivanabeaumond.com.br\/vestidos-noiva\/#website\"},\"datePublished\":\"2020-08-27T20:54:01+00:00\",\"dateModified\":\"2020-08-27T20:59:04+00:00\",\"breadcrumb\":{\"@id\":\"https:\/\/www.ivanabeaumond.com.br\/vestidos-noiva\/festa-de-15-anos-descolada-com-a-debutante-larissa-castella\/#breadcrumb\"},\"inLanguage\":\"pt-BR\",\"potentialAction\":[{\"@type\":\"ReadAction\",\"target\":[\"https:\/\/www.ivanabeaumond.com.br\/vestidos-noiva\/festa-de-15-anos-descolada-com-a-debutante-larissa-castella\/\"]}]},{\"@type\":\"BreadcrumbList\",\"@id\":\"https:\/\/www.ivanabeaumond.com.br\/vestidos-noiva\/festa-de-15-anos-descolada-com-a-debutante-larissa-castella\/#breadcrumb\",\"itemListElement\":[{\"@type\":\"ListItem\",\"position\":1,\"name\":\"In\u00edcio\",\"item\":\"https:\/\/www.ivanabeaumond.com.br\/vestidos-noiva\/\"},{\"@type\":\"ListItem\",\"position\":2,\"name\":\"Festa Descolada, com Larissa Castella\"}]},{\"@type\":\"WebSite\",\"@id\":\"https:\/\/www.ivanabeaumond.com.br\/vestidos-noiva\/#website\",\"url\":\"https:\/\/www.ivanabeaumond.com.br\/vestidos-noiva\/\",\"name\":\"Vestido de Noiva RJ\",\"description\":\"Moda Noiva\",\"publisher\":{\"@id\":\"https:\/\/www.ivanabeaumond.com.br\/vestidos-noiva\/#organization\"},\"potentialAction\":[{\"@type\":\"SearchAction\",\"target\":{\"@type\":\"EntryPoint\",\"urlTemplate\":\"https:\/\/www.ivanabeaumond.com.br\/vestidos-noiva\/?s={search_term_string}\"},\"query-input\":\"required name=search_term_string\"}],\"inLanguage\":\"pt-BR\"},{\"@type\":\"Organization\",\"@id\":\"https:\/\/www.ivanabeaumond.com.br\/vestidos-noiva\/#organization\",\"name\":\"Vestido de Noiva RJ\",\"url\":\"https:\/\/www.ivanabeaumond.com.br\/vestidos-noiva\/\",\"logo\":{\"@type\":\"ImageObject\",\"inLanguage\":\"pt-BR\",\"@id\":\"https:\/\/www.ivanabeaumond.com.br\/vestidos-noiva\/#\/schema\/logo\/image\/\",\"url\":\"https:\/\/www.ivanabeaumond.com.br\/vestidos-noiva\/wp-content\/uploads\/2018\/02\/logo_ivana_beaumond-2.png\",\"contentUrl\":\"https:\/\/www.ivanabeaumond.com.br\/vestidos-noiva\/wp-content\/uploads\/2018\/02\/logo_ivana_beaumond-2.png\",\"width\":230,\"height\":112,\"caption\":\"Vestido de Noiva RJ\"},\"image\":{\"@id\":\"https:\/\/www.ivanabeaumond.com.br\/vestidos-noiva\/#\/schema\/logo\/image\/\"},\"sameAs\":[\"https:\/\/www.facebook.com\/ivana.beaumondnoivas\",\"https:\/\/www.instagram.com\/ivanabeaumond\/\",\"https:\/\/www.tiktok.com\/@ivanabeaumond\"]},{\"@type\":\"Person\",\"@id\":\"https:\/\/www.ivanabeaumond.com.br\/vestidos-noiva\/#\/schema\/person\/1a360c4cffa3b806d29a456389dcff26\",\"name\":\"Ivana Beaumond Paris\",\"image\":{\"@type\":\"ImageObject\",\"inLanguage\":\"pt-BR\",\"@id\":\"https:\/\/www.ivanabeaumond.com.br\/vestidos-noiva\/#\/schema\/person\/image\/\",\"url\":\"https:\/\/secure.gravatar.com\/avatar\/641f98db20b53ec937ceb641db4270b9?s=96&d=mm&r=g\",\"contentUrl\":\"https:\/\/secure.gravatar.com\/avatar\/641f98db20b53ec937ceb641db4270b9?s=96&d=mm&r=g\",\"caption\":\"Ivana Beaumond Paris\"},\"url\":\"https:\/\/www.ivanabeaumond.com.br\/vestidos-noiva\/author\/ivana\/\"}]}<\/script>\n<!-- \/ Yoast SEO plugin. -->","yoast_head_json":{"title":"Festa Descolada, com Larissa Castella - Vestido de Noiva RJ","robots":{"index":"index","follow":"follow","max-snippet":"max-snippet:-1","max-image-preview":"max-image-preview:large","max-video-preview":"max-video-preview:-1"},"canonical":"https:\/\/www.ivanabeaumond.com.br\/vestidos-noiva\/festa-de-15-anos-descolada-com-a-debutante-larissa-castella\/","og_locale":"pt_BR","og_type":"article","og_title":"Festa Descolada, com Larissa Castella - Vestido de Noiva RJ","og_description":"Post sobre o anivers\u00e1rio da debutante Larissa Castella, com vestidos de debutante do Atelier Ivana Beaumond Paris, no Rio de Janeiro RJ","og_url":"https:\/\/www.ivanabeaumond.com.br\/vestidos-noiva\/festa-de-15-anos-descolada-com-a-debutante-larissa-castella\/","og_site_name":"Vestido de Noiva RJ","article_publisher":"https:\/\/www.facebook.com\/ivana.beaumondnoivas","article_published_time":"2020-08-27T20:54:01+00:00","article_modified_time":"2020-08-27T20:59:04+00:00","og_image":[{"width":734,"height":457,"url":"https:\/\/www.ivanabeaumond.com.br\/vestidos-noiva\/wp-content\/uploads\/2020\/08\/miniatura-1.jpg","type":"image\/jpeg"}],"author":"Ivana Beaumond Paris","twitter_card":"summary_large_image","twitter_misc":{"Escrito por":"Ivana Beaumond Paris","Est. tempo de leitura":"2 minutos"},"schema":{"@context":"https:\/\/schema.org","@graph":[{"@type":"Article","@id":"https:\/\/www.ivanabeaumond.com.br\/vestidos-noiva\/festa-de-15-anos-descolada-com-a-debutante-larissa-castella\/#article","isPartOf":{"@id":"https:\/\/www.ivanabeaumond.com.br\/vestidos-noiva\/festa-de-15-anos-descolada-com-a-debutante-larissa-castella\/"},"author":{"name":"Ivana Beaumond Paris","@id":"https:\/\/www.ivanabeaumond.com.br\/vestidos-noiva\/#\/schema\/person\/1a360c4cffa3b806d29a456389dcff26"},"headline":"Festa Descolada, com Larissa Castella","datePublished":"2020-08-27T20:54:01+00:00","dateModified":"2020-08-27T20:59:04+00:00","mainEntityOfPage":{"@id":"https:\/\/www.ivanabeaumond.com.br\/vestidos-noiva\/festa-de-15-anos-descolada-com-a-debutante-larissa-castella\/"},"wordCount":483,"publisher":{"@id":"https:\/\/www.ivanabeaumond.com.br\/vestidos-noiva\/#organization"},"keywords":["15 anos","debutante","festa de 15 anos","valsa","vestido de debutante","vestido de debutante 2 e 1","vestido de debutante azul","vestido de debutante branco","vestido de debutante curto","vestido de debutante prateado","vestidos de debutante"],"articleSection":["Blog","Espa\u00e7o Debutantes"],"inLanguage":"pt-BR"},{"@type":"WebPage","@id":"https:\/\/www.ivanabeaumond.com.br\/vestidos-noiva\/festa-de-15-anos-descolada-com-a-debutante-larissa-castella\/","url":"https:\/\/www.ivanabeaumond.com.br\/vestidos-noiva\/festa-de-15-anos-descolada-com-a-debutante-larissa-castella\/","name":"Festa Descolada, com Larissa Castella - Vestido de Noiva RJ","isPartOf":{"@id":"https:\/\/www.ivanabeaumond.com.br\/vestidos-noiva\/#website"},"datePublished":"2020-08-27T20:54:01+00:00","dateModified":"2020-08-27T20:59:04+00:00","breadcrumb":{"@id":"https:\/\/www.ivanabeaumond.com.br\/vestidos-noiva\/festa-de-15-anos-descolada-com-a-debutante-larissa-castella\/#breadcrumb"},"inLanguage":"pt-BR","potentialAction":[{"@type":"ReadAction","target":["https:\/\/www.ivanabeaumond.com.br\/vestidos-noiva\/festa-de-15-anos-descolada-com-a-debutante-larissa-castella\/"]}]},{"@type":"BreadcrumbList","@id":"https:\/\/www.ivanabeaumond.com.br\/vestidos-noiva\/festa-de-15-anos-descolada-com-a-debutante-larissa-castella\/#breadcrumb","itemListElement":[{"@type":"ListItem","position":1,"name":"In\u00edcio","item":"https:\/\/www.ivanabeaumond.com.br\/vestidos-noiva\/"},{"@type":"ListItem","position":2,"name":"Festa Descolada, com Larissa Castella"}]},{"@type":"WebSite","@id":"https:\/\/www.ivanabeaumond.com.br\/vestidos-noiva\/#website","url":"https:\/\/www.ivanabeaumond.com.br\/vestidos-noiva\/","name":"Vestido de Noiva RJ","description":"Moda Noiva","publisher":{"@id":"https:\/\/www.ivanabeaumond.com.br\/vestidos-noiva\/#organization"},"potentialAction":[{"@type":"SearchAction","target":{"@type":"EntryPoint","urlTemplate":"https:\/\/www.ivanabeaumond.com.br\/vestidos-noiva\/?s={search_term_string}"},"query-input":"required name=search_term_string"}],"inLanguage":"pt-BR"},{"@type":"Organization","@id":"https:\/\/www.ivanabeaumond.com.br\/vestidos-noiva\/#organization","name":"Vestido de Noiva RJ","url":"https:\/\/www.ivanabeaumond.com.br\/vestidos-noiva\/","logo":{"@type":"ImageObject","inLanguage":"pt-BR","@id":"https:\/\/www.ivanabeaumond.com.br\/vestidos-noiva\/#\/schema\/logo\/image\/","url":"https:\/\/www.ivanabeaumond.com.br\/vestidos-noiva\/wp-content\/uploads\/2018\/02\/logo_ivana_beaumond-2.png","contentUrl":"https:\/\/www.ivanabeaumond.com.br\/vestidos-noiva\/wp-content\/uploads\/2018\/02\/logo_ivana_beaumond-2.png","width":230,"height":112,"caption":"Vestido de Noiva RJ"},"image":{"@id":"https:\/\/www.ivanabeaumond.com.br\/vestidos-noiva\/#\/schema\/logo\/image\/"},"sameAs":["https:\/\/www.facebook.com\/ivana.beaumondnoivas","https:\/\/www.instagram.com\/ivanabeaumond\/","https:\/\/www.tiktok.com\/@ivanabeaumond"]},{"@type":"Person","@id":"https:\/\/www.ivanabeaumond.com.br\/vestidos-noiva\/#\/schema\/person\/1a360c4cffa3b806d29a456389dcff26","name":"Ivana Beaumond Paris","image":{"@type":"ImageObject","inLanguage":"pt-BR","@id":"https:\/\/www.ivanabeaumond.com.br\/vestidos-noiva\/#\/schema\/person\/image\/","url":"https:\/\/secure.gravatar.com\/avatar\/641f98db20b53ec937ceb641db4270b9?s=96&d=mm&r=g","contentUrl":"https:\/\/secure.gravatar.com\/avatar\/641f98db20b53ec937ceb641db4270b9?s=96&d=mm&r=g","caption":"Ivana Beaumond Paris"},"url":"https:\/\/www.ivanabeaumond.com.br\/vestidos-noiva\/author\/ivana\/"}]}},"_links":{"self":[{"href":"https:\/\/www.ivanabeaumond.com.br\/vestidos-noiva\/wp-json\/wp\/v2\/posts\/26138"}],"collection":[{"href":"https:\/\/www.ivanabeaumond.com.br\/vestidos-noiva\/wp-json\/wp\/v2\/posts"}],"about":[{"href":"https:\/\/www.ivanabeaumond.com.br\/vestidos-noiva\/wp-json\/wp\/v2\/types\/post"}],"author":[{"embeddable":true,"href":"https:\/\/www.ivanabeaumond.com.br\/vestidos-noiva\/wp-json\/wp\/v2\/users\/4"}],"replies":[{"embeddable":true,"href":"https:\/\/www.ivanabeaumond.com.br\/vestidos-noiva\/wp-json\/wp\/v2\/comments?post=26138"}],"version-history":[{"count":12,"href":"https:\/\/www.ivanabeaumond.com.br\/vestidos-noiva\/wp-json\/wp\/v2\/posts\/26138\/revisions"}],"predecessor-version":[{"id":26170,"href":"https:\/\/www.ivanabeaumond.com.br\/vestidos-noiva\/wp-json\/wp\/v2\/posts\/26138\/revisions\/26170"}],"wp:featuredmedia":[{"embeddable":true,"href":"https:\/\/www.ivanabeaumond.com.br\/vestidos-noiva\/wp-json\/wp\/v2\/media\/26172"}],"wp:attachment":[{"href":"https:\/\/www.ivanabeaumond.com.br\/vestidos-noiva\/wp-json\/wp\/v2\/media?parent=26138"}],"wp:term":[{"taxonomy":"category","embeddable":true,"href":"https:\/\/www.ivanabeaumond.com.br\/vestidos-noiva\/wp-json\/wp\/v2\/categories?post=26138"},{"taxonomy":"post_tag","embeddable":true,"href":"https:\/\/www.ivanabeaumond.com.br\/vestidos-noiva\/wp-json\/wp\/v2\/tags?post=26138"}],"curies":[{"name":"wp","href":"https:\/\/api.w.org\/{rel}","templated":true}]}}