{"id":26230,"date":"2020-09-02T18:42:17","date_gmt":"2020-09-02T21:42:17","guid":{"rendered":"https:\/\/www.ivanabeaumond.com.br\/vestidos-noiva\/?p=26230"},"modified":"2020-09-02T18:42:26","modified_gmt":"2020-09-02T21:42:26","slug":"vestido-de-noiva-rj-casamento-na-praia-com-priscila-e-gabriel","status":"publish","type":"post","link":"https:\/\/www.ivanabeaumond.com.br\/vestidos-noiva\/vestido-de-noiva-rj-casamento-na-praia-com-priscila-e-gabriel\/","title":{"rendered":"Casamento na Praia com Priscila e Gabriel"},"content":{"rendered":"\n<div style=\"height:28px\" aria-hidden=\"true\" class=\"wp-block-spacer\"><\/div>\n\n\n\n<h4 class=\"wp-block-heading\">P\u00e9s na areia, brisa do mar, brilho do sol&#8230; Essa conex\u00e3o com a natureza \u00e9 o sonho de muitos casais. Casamentos ao ar livre j\u00e1 s\u00e3o \u00fanicos por oferecerem essa experi\u00eancia que foge ao tradicional, mas quando acontecem na praia s\u00e3o ainda mais especiais! A Pri e o Gabriel decidiram realizar esse sonho e o lugar escolhido para esse Casamento na Praia foi a nossa paradis\u00edaca B\u00fazios, no litoral do Rio de Janeiro. Veja mais detalhes dessa cerim\u00f4nia inesquec\u00edvel&#8230;<\/h4>\n\n\n\n<div style=\"height:33px\" aria-hidden=\"true\" class=\"wp-block-spacer\"><\/div>\n\n\n\n<div class=\"wp-block-image\"><figure class=\"aligncenter size-large is-resized\"><img decoding=\"async\" src=\"https:\/\/www.ivanabeaumond.com.br\/vestidos-noiva\/wp-content\/uploads\/2020\/09\/casamento-na-praia-vestido-de-noiva-boho-chic-aluguel-de-vestidos-de-noiva-rj-atelier-ivana-beaumond-paris-3-1024x683.jpg\" alt=\"\" class=\"wp-image-26236\" width=\"400\"\/><\/figure><\/div>\n\n\n\n<div style=\"height:38px\" aria-hidden=\"true\" class=\"wp-block-spacer\"><\/div>\n\n\n\n<h4 class=\"has-cyan-bluish-gray-color has-text-color wp-block-heading\">Quem quer se casar na praia deve ter em mente que o grande diferencial desse estilo de casamento \u00e9 poder usar a paisagem a seu favor. Um Casamento em B\u00fazios de verdade precisa ter um ensaio na praia &#8211; e a nossa noiva Priscila, claro, teve o seu momento! Vamos combinar que essas fotos est\u00e3o t\u00e3o lindas que fazem a gente ficar com vontade de se casar numa praia s\u00f3 para termos esse ensaio no nosso \u00e1lbum&#8230;<\/h4>\n\n\n\n<div style=\"height:34px\" aria-hidden=\"true\" class=\"wp-block-spacer\"><\/div>\n\n\n\n<div class=\"wp-block-image\"><figure class=\"aligncenter size-large is-resized\"><img decoding=\"async\" src=\"https:\/\/www.ivanabeaumond.com.br\/vestidos-noiva\/wp-content\/uploads\/2020\/09\/casamento-na-praia-vestido-de-noiva-boho-chic-aluguel-de-vestidos-de-noiva-rj-atelier-ivana-beaumond-paris-8.jpg\" alt=\"\" class=\"wp-image-26232\" width=\"400\" srcset=\"https:\/\/www.ivanabeaumond.com.br\/vestidos-noiva\/wp-content\/uploads\/2020\/09\/casamento-na-praia-vestido-de-noiva-boho-chic-aluguel-de-vestidos-de-noiva-rj-atelier-ivana-beaumond-paris-8.jpg 640w, https:\/\/www.ivanabeaumond.com.br\/vestidos-noiva\/wp-content\/uploads\/2020\/09\/casamento-na-praia-vestido-de-noiva-boho-chic-aluguel-de-vestidos-de-noiva-rj-atelier-ivana-beaumond-paris-8-240x300.jpg 240w\" sizes=\"(max-width: 640px) 100vw, 640px\" \/><\/figure><\/div>\n\n\n\n<div class=\"wp-block-image\"><figure class=\"aligncenter size-large is-resized\"><img decoding=\"async\" src=\"https:\/\/www.ivanabeaumond.com.br\/vestidos-noiva\/wp-content\/uploads\/2020\/09\/casamento-na-praia-vestido-de-noiva-boho-chic-aluguel-de-vestidos-de-noiva-rj-atelier-ivana-beaumond-paris-6.jpg\" alt=\"\" class=\"wp-image-26233\" width=\"400\" srcset=\"https:\/\/www.ivanabeaumond.com.br\/vestidos-noiva\/wp-content\/uploads\/2020\/09\/casamento-na-praia-vestido-de-noiva-boho-chic-aluguel-de-vestidos-de-noiva-rj-atelier-ivana-beaumond-paris-6.jpg 640w, https:\/\/www.ivanabeaumond.com.br\/vestidos-noiva\/wp-content\/uploads\/2020\/09\/casamento-na-praia-vestido-de-noiva-boho-chic-aluguel-de-vestidos-de-noiva-rj-atelier-ivana-beaumond-paris-6-240x300.jpg 240w\" sizes=\"(max-width: 640px) 100vw, 640px\" \/><\/figure><\/div>\n\n\n\n<div class=\"wp-block-image\"><figure class=\"aligncenter size-large is-resized\"><img decoding=\"async\" src=\"https:\/\/www.ivanabeaumond.com.br\/vestidos-noiva\/wp-content\/uploads\/2020\/09\/casamento-na-praia-vestido-de-noiva-boho-chic-aluguel-de-vestidos-de-noiva-rj-atelier-ivana-beaumond-paris-7.jpg\" alt=\"\" class=\"wp-image-26234\" width=\"400\" srcset=\"https:\/\/www.ivanabeaumond.com.br\/vestidos-noiva\/wp-content\/uploads\/2020\/09\/casamento-na-praia-vestido-de-noiva-boho-chic-aluguel-de-vestidos-de-noiva-rj-atelier-ivana-beaumond-paris-7.jpg 640w, https:\/\/www.ivanabeaumond.com.br\/vestidos-noiva\/wp-content\/uploads\/2020\/09\/casamento-na-praia-vestido-de-noiva-boho-chic-aluguel-de-vestidos-de-noiva-rj-atelier-ivana-beaumond-paris-7-240x300.jpg 240w\" sizes=\"(max-width: 640px) 100vw, 640px\" \/><\/figure><\/div>\n\n\n\n<div style=\"height:34px\" aria-hidden=\"true\" class=\"wp-block-spacer\"><\/div>\n\n\n\n<h4 class=\"has-cyan-bluish-gray-color has-text-color wp-block-heading\">O vestido da nossa noiva foi escolhido com muito carinho aqui, no Atelier Ivana Beaumond Paris. A ideia foi seguir o conceito de casamento na praia, por isso a Priscila optou por um modelo no estilo boho chic, com um fundo no tom ivory e renda branca.<\/h4>\n\n\n\n<div style=\"height:37px\" aria-hidden=\"true\" class=\"wp-block-spacer\"><\/div>\n\n\n\n<div class=\"wp-block-image\"><figure class=\"aligncenter size-large is-resized\"><img decoding=\"async\" src=\"https:\/\/www.ivanabeaumond.com.br\/vestidos-noiva\/wp-content\/uploads\/2020\/09\/casamento-na-praia-vestido-de-noiva-boho-chic-aluguel-de-vestidos-de-noiva-rj-atelier-ivana-beaumond-paris-2-819x1024.jpg\" alt=\"\" class=\"wp-image-26231\" width=\"400\" srcset=\"https:\/\/www.ivanabeaumond.com.br\/vestidos-noiva\/wp-content\/uploads\/2020\/09\/casamento-na-praia-vestido-de-noiva-boho-chic-aluguel-de-vestidos-de-noiva-rj-atelier-ivana-beaumond-paris-2-819x1024.jpg 819w, https:\/\/www.ivanabeaumond.com.br\/vestidos-noiva\/wp-content\/uploads\/2020\/09\/casamento-na-praia-vestido-de-noiva-boho-chic-aluguel-de-vestidos-de-noiva-rj-atelier-ivana-beaumond-paris-2-240x300.jpg 240w, https:\/\/www.ivanabeaumond.com.br\/vestidos-noiva\/wp-content\/uploads\/2020\/09\/casamento-na-praia-vestido-de-noiva-boho-chic-aluguel-de-vestidos-de-noiva-rj-atelier-ivana-beaumond-paris-2-768x960.jpg 768w, https:\/\/www.ivanabeaumond.com.br\/vestidos-noiva\/wp-content\/uploads\/2020\/09\/casamento-na-praia-vestido-de-noiva-boho-chic-aluguel-de-vestidos-de-noiva-rj-atelier-ivana-beaumond-paris-2.jpg 1080w\" sizes=\"(max-width: 819px) 100vw, 819px\" \/><\/figure><\/div>\n\n\n\n<div class=\"wp-block-image\"><figure class=\"aligncenter size-large is-resized\"><img decoding=\"async\" src=\"https:\/\/www.ivanabeaumond.com.br\/vestidos-noiva\/wp-content\/uploads\/2020\/09\/casamento-na-praia-vestido-de-noiva-boho-chic-aluguel-de-vestidos-de-noiva-rj-atelier-ivana-beaumond-paris-5.jpg\" alt=\"\" class=\"wp-image-26237\" width=\"400\" srcset=\"https:\/\/www.ivanabeaumond.com.br\/vestidos-noiva\/wp-content\/uploads\/2020\/09\/casamento-na-praia-vestido-de-noiva-boho-chic-aluguel-de-vestidos-de-noiva-rj-atelier-ivana-beaumond-paris-5.jpg 683w, https:\/\/www.ivanabeaumond.com.br\/vestidos-noiva\/wp-content\/uploads\/2020\/09\/casamento-na-praia-vestido-de-noiva-boho-chic-aluguel-de-vestidos-de-noiva-rj-atelier-ivana-beaumond-paris-5-200x300.jpg 200w\" sizes=\"(max-width: 683px) 100vw, 683px\" \/><\/figure><\/div>\n\n\n\n<div style=\"height:38px\" aria-hidden=\"true\" class=\"wp-block-spacer\"><\/div>\n\n\n\n<h4 class=\"has-cyan-bluish-gray-color has-text-color wp-block-heading\">S\u00f3 temos a agradecer \u00e0 nossa noiva pela confian\u00e7a no nosso trabalho e por ter nos escolhido com tanto carinho para fazer parte dessa produ\u00e7\u00e3o! Parab\u00e9ns, Pri e Gabriel, pelo grande dia, e sejam felizes para sempre!<\/h4>\n\n\n\n<div style=\"height:44px\" aria-hidden=\"true\" class=\"wp-block-spacer\"><\/div>\n\n\n\n<div class=\"wp-block-image\"><figure class=\"aligncenter size-large is-resized\"><img decoding=\"async\" src=\"https:\/\/www.ivanabeaumond.com.br\/vestidos-noiva\/wp-content\/uploads\/2020\/09\/casamento-na-praia-vestido-de-noiva-boho-chic-aluguel-de-vestidos-de-noiva-rj-atelier-ivana-beaumond-paris-1.jpg\" alt=\"\" class=\"wp-image-26235\" width=\"400\" srcset=\"https:\/\/www.ivanabeaumond.com.br\/vestidos-noiva\/wp-content\/uploads\/2020\/09\/casamento-na-praia-vestido-de-noiva-boho-chic-aluguel-de-vestidos-de-noiva-rj-atelier-ivana-beaumond-paris-1.jpg 683w, https:\/\/www.ivanabeaumond.com.br\/vestidos-noiva\/wp-content\/uploads\/2020\/09\/casamento-na-praia-vestido-de-noiva-boho-chic-aluguel-de-vestidos-de-noiva-rj-atelier-ivana-beaumond-paris-1-200x300.jpg 200w\" sizes=\"(max-width: 683px) 100vw, 683px\" \/><figcaption>Ficha T\u00e9cnica: <br>Vestido da Noiva, V\u00e9u e Grinalda: Atelier Ivana Beaumond Paris. Local da Cerim\u00f4nia: Pousada Praia da Tartaruga, B\u00fazios &#8211; RJ. Cerimonial: Raquel Abdu. Decora\u00e7\u00e3o: Savio Cardoso Design. Fotografia: Fabr\u00edcia Soares. Filmagem: AG2 Digital. Beleza: Lucas Vieira.<\/figcaption><\/figure><\/div>\n\n\n\n<div style=\"height:57px\" aria-hidden=\"true\" class=\"wp-block-spacer\"><\/div>\n\n\n\n<h4 class=\"wp-block-heading\">Se voc\u00ea est\u00e1 em busca do seu vestido ideal mas ainda n\u00e3o sabe onde alugar um vestido de noiva no Rio de Janeiro, venha realizar o seu sonho com a gente! N\u00e3o deixe de conferir o nosso site para ver todas as nossas cole\u00e7\u00f5es de\u00a0<a href=\"https:\/\/www.ivanabeaumond.com.br\/vestidos-noiva\/vestidos-de-noiva-rj\/\" target=\"_blank\" rel=\"noreferrer noopener\"><span class=\"has-inline-color has-pale-cyan-blue-color\">Vestidos de Noiva<\/span><\/a>,\u00a0<a href=\"https:\/\/www.ivanabeaumond.com.br\/vestidos-noiva\/vestidos-de-noiva-rj\/\" target=\"_blank\" rel=\"noreferrer noopener\"><span class=\"has-inline-color has-pale-cyan-blue-color\">Madrinhas<\/span><\/a>,\u00a0<a href=\"https:\/\/www.ivanabeaumond.com.br\/vestidos-noiva\/vestidos-de-noiva-rj\/\" target=\"_blank\" rel=\"noreferrer noopener\"><span class=\"has-inline-color has-pale-cyan-blue-color\">Moda Festa<\/span><\/a>,\u00a0<a href=\"https:\/\/www.ivanabeaumond.com.br\/vestidos-noiva\/vestidos-de-noiva-rj\/\" target=\"_blank\" rel=\"noreferrer noopener\"><span class=\"has-inline-color has-pale-cyan-blue-color\">Dama de Honra<\/span><\/a><span class=\"has-inline-color has-pale-cyan-blue-color\"><a href=\"https:\/\/www.ivanabeaumond.com.br\/vestidos-noiva\/vestidos-de-noiva-rj\/\" target=\"_blank\" rel=\"noreferrer noopener\">\u00a0<\/a><\/span>e\u00a0<a rel=\"noreferrer noopener\" href=\"https:\/\/www.ivanabeaumond.com.br\/vestidos-noiva\/noivos-roupa-terno\/\" target=\"_blank\"><span class=\"has-inline-color has-pale-cyan-blue-color\">Trajes Masculinos<\/span><\/a>. Temos tudo o que o seu casamento precisa em termos de Trajes a Rigor, com o melhor atendimento e consultores especializados para te ajudar a construir o seu sonho! Agende sua visita pelo telefone ou\u00a0<a href=\"https:\/\/www.ivanabeaumond.com.br\/vestidos-noiva\/moda-noiva-barra-da-tijuca\/\" target=\"_blank\" rel=\"noreferrer noopener\"><span class=\"has-inline-color has-pale-cyan-blue-color\">pelo site<\/span><\/a>.<\/h4>\n","protected":false},"excerpt":{"rendered":"<p>Fotos do Casamento na Praia dos noivos Priscila e Gabriel. Vestido de Noiva do Atelier Ivana Beaumond Paris, Rio de Janeiro, RJ.<\/p>\n","protected":false},"author":4,"featured_media":26236,"comment_status":"closed","ping_status":"closed","sticky":false,"template":"","format":"standard","meta":[],"categories":[60,130],"tags":[1086,650,695,528,1284,442,1282,1281,1285,952,1252,286,1283,115,802,1280,690],"yoast_head":"<!-- This site is optimized with the Yoast SEO plugin v20.3 - https:\/\/yoast.com\/wordpress\/plugins\/seo\/ -->\n<title>Casamento na Praia com Priscila e Gabriel - Vestido de Noiva RJ<\/title>\n<meta name=\"robots\" content=\"index, follow, max-snippet:-1, max-image-preview:large, max-video-preview:-1\" \/>\n<link rel=\"canonical\" href=\"https:\/\/www.ivanabeaumond.com.br\/vestidos-noiva\/vestido-de-noiva-rj-casamento-na-praia-com-priscila-e-gabriel\/\" \/>\n<meta property=\"og:locale\" content=\"pt_BR\" \/>\n<meta property=\"og:type\" content=\"article\" \/>\n<meta property=\"og:title\" content=\"Casamento na Praia com Priscila e Gabriel - Vestido de Noiva RJ\" \/>\n<meta property=\"og:description\" content=\"Fotos do Casamento na Praia dos noivos Priscila e Gabriel. Vestido de Noiva do Atelier Ivana Beaumond Paris, Rio de Janeiro, RJ.\" \/>\n<meta property=\"og:url\" content=\"https:\/\/www.ivanabeaumond.com.br\/vestidos-noiva\/vestido-de-noiva-rj-casamento-na-praia-com-priscila-e-gabriel\/\" \/>\n<meta property=\"og:site_name\" content=\"Vestido de Noiva RJ\" \/>\n<meta property=\"article:publisher\" content=\"https:\/\/www.facebook.com\/ivana.beaumondnoivas\" \/>\n<meta property=\"article:published_time\" content=\"2020-09-02T21:42:17+00:00\" \/>\n<meta property=\"article:modified_time\" content=\"2020-09-02T21:42:26+00:00\" \/>\n<meta property=\"og:image\" content=\"https:\/\/www.ivanabeaumond.com.br\/vestidos-noiva\/wp-content\/uploads\/2020\/09\/casamento-na-praia-vestido-de-noiva-boho-chic-aluguel-de-vestidos-de-noiva-rj-atelier-ivana-beaumond-paris-3-e1599081807208.jpg\" \/>\n\t<meta property=\"og:image:width\" content=\"600\" \/>\n\t<meta property=\"og:image:height\" content=\"400\" \/>\n\t<meta property=\"og:image:type\" content=\"image\/jpeg\" \/>\n<meta name=\"author\" content=\"Ivana Beaumond Paris\" \/>\n<meta name=\"twitter:card\" content=\"summary_large_image\" \/>\n<meta name=\"twitter:label1\" content=\"Escrito por\" \/>\n\t<meta name=\"twitter:data1\" content=\"Ivana Beaumond Paris\" \/>\n\t<meta name=\"twitter:label2\" content=\"Est. tempo de leitura\" \/>\n\t<meta name=\"twitter:data2\" content=\"2 minutos\" \/>\n<script type=\"application\/ld+json\" class=\"yoast-schema-graph\">{\"@context\":\"https:\/\/schema.org\",\"@graph\":[{\"@type\":\"Article\",\"@id\":\"https:\/\/www.ivanabeaumond.com.br\/vestidos-noiva\/vestido-de-noiva-rj-casamento-na-praia-com-priscila-e-gabriel\/#article\",\"isPartOf\":{\"@id\":\"https:\/\/www.ivanabeaumond.com.br\/vestidos-noiva\/vestido-de-noiva-rj-casamento-na-praia-com-priscila-e-gabriel\/\"},\"author\":{\"name\":\"Ivana Beaumond Paris\",\"@id\":\"https:\/\/www.ivanabeaumond.com.br\/vestidos-noiva\/#\/schema\/person\/1a360c4cffa3b806d29a456389dcff26\"},\"headline\":\"Casamento na Praia com Priscila e Gabriel\",\"datePublished\":\"2020-09-02T21:42:17+00:00\",\"dateModified\":\"2020-09-02T21:42:26+00:00\",\"mainEntityOfPage\":{\"@id\":\"https:\/\/www.ivanabeaumond.com.br\/vestidos-noiva\/vestido-de-noiva-rj-casamento-na-praia-com-priscila-e-gabriel\/\"},\"wordCount\":400,\"publisher\":{\"@id\":\"https:\/\/www.ivanabeaumond.com.br\/vestidos-noiva\/#organization\"},\"keywords\":[\"aluguel de vestido de noiva rj\",\"atelier ivana beaumond\",\"atelier ivana beaumond paris\",\"casamento ao ar livre\",\"casamento em b\u00fazios\",\"casamento na praia\",\"casamento na praia rj\",\"casamento na praia vestido\",\"casar na praia\",\"ensaio pr\u00e9-wedding\",\"fotos de casamento\",\"ivana beaumond\",\"noivas reais\",\"vestido de noiva\",\"vestido de noiva boho\",\"vestido de noiva boho chic\",\"vestido de noiva rj\"],\"articleSection\":[\"Blog\",\"Nossas Noivas\"],\"inLanguage\":\"pt-BR\"},{\"@type\":\"WebPage\",\"@id\":\"https:\/\/www.ivanabeaumond.com.br\/vestidos-noiva\/vestido-de-noiva-rj-casamento-na-praia-com-priscila-e-gabriel\/\",\"url\":\"https:\/\/www.ivanabeaumond.com.br\/vestidos-noiva\/vestido-de-noiva-rj-casamento-na-praia-com-priscila-e-gabriel\/\",\"name\":\"Casamento na Praia com Priscila e Gabriel - Vestido de Noiva RJ\",\"isPartOf\":{\"@id\":\"https:\/\/www.ivanabeaumond.com.br\/vestidos-noiva\/#website\"},\"datePublished\":\"2020-09-02T21:42:17+00:00\",\"dateModified\":\"2020-09-02T21:42:26+00:00\",\"breadcrumb\":{\"@id\":\"https:\/\/www.ivanabeaumond.com.br\/vestidos-noiva\/vestido-de-noiva-rj-casamento-na-praia-com-priscila-e-gabriel\/#breadcrumb\"},\"inLanguage\":\"pt-BR\",\"potentialAction\":[{\"@type\":\"ReadAction\",\"target\":[\"https:\/\/www.ivanabeaumond.com.br\/vestidos-noiva\/vestido-de-noiva-rj-casamento-na-praia-com-priscila-e-gabriel\/\"]}]},{\"@type\":\"BreadcrumbList\",\"@id\":\"https:\/\/www.ivanabeaumond.com.br\/vestidos-noiva\/vestido-de-noiva-rj-casamento-na-praia-com-priscila-e-gabriel\/#breadcrumb\",\"itemListElement\":[{\"@type\":\"ListItem\",\"position\":1,\"name\":\"In\u00edcio\",\"item\":\"https:\/\/www.ivanabeaumond.com.br\/vestidos-noiva\/\"},{\"@type\":\"ListItem\",\"position\":2,\"name\":\"Casamento na Praia com Priscila e Gabriel\"}]},{\"@type\":\"WebSite\",\"@id\":\"https:\/\/www.ivanabeaumond.com.br\/vestidos-noiva\/#website\",\"url\":\"https:\/\/www.ivanabeaumond.com.br\/vestidos-noiva\/\",\"name\":\"Vestido de Noiva RJ\",\"description\":\"Moda Noiva\",\"publisher\":{\"@id\":\"https:\/\/www.ivanabeaumond.com.br\/vestidos-noiva\/#organization\"},\"potentialAction\":[{\"@type\":\"SearchAction\",\"target\":{\"@type\":\"EntryPoint\",\"urlTemplate\":\"https:\/\/www.ivanabeaumond.com.br\/vestidos-noiva\/?s={search_term_string}\"},\"query-input\":\"required name=search_term_string\"}],\"inLanguage\":\"pt-BR\"},{\"@type\":\"Organization\",\"@id\":\"https:\/\/www.ivanabeaumond.com.br\/vestidos-noiva\/#organization\",\"name\":\"Vestido de Noiva RJ\",\"url\":\"https:\/\/www.ivanabeaumond.com.br\/vestidos-noiva\/\",\"logo\":{\"@type\":\"ImageObject\",\"inLanguage\":\"pt-BR\",\"@id\":\"https:\/\/www.ivanabeaumond.com.br\/vestidos-noiva\/#\/schema\/logo\/image\/\",\"url\":\"https:\/\/www.ivanabeaumond.com.br\/vestidos-noiva\/wp-content\/uploads\/2018\/02\/logo_ivana_beaumond-2.png\",\"contentUrl\":\"https:\/\/www.ivanabeaumond.com.br\/vestidos-noiva\/wp-content\/uploads\/2018\/02\/logo_ivana_beaumond-2.png\",\"width\":230,\"height\":112,\"caption\":\"Vestido de Noiva RJ\"},\"image\":{\"@id\":\"https:\/\/www.ivanabeaumond.com.br\/vestidos-noiva\/#\/schema\/logo\/image\/\"},\"sameAs\":[\"https:\/\/www.facebook.com\/ivana.beaumondnoivas\",\"https:\/\/www.instagram.com\/ivanabeaumond\/\",\"https:\/\/www.tiktok.com\/@ivanabeaumond\"]},{\"@type\":\"Person\",\"@id\":\"https:\/\/www.ivanabeaumond.com.br\/vestidos-noiva\/#\/schema\/person\/1a360c4cffa3b806d29a456389dcff26\",\"name\":\"Ivana Beaumond Paris\",\"image\":{\"@type\":\"ImageObject\",\"inLanguage\":\"pt-BR\",\"@id\":\"https:\/\/www.ivanabeaumond.com.br\/vestidos-noiva\/#\/schema\/person\/image\/\",\"url\":\"https:\/\/secure.gravatar.com\/avatar\/641f98db20b53ec937ceb641db4270b9?s=96&d=mm&r=g\",\"contentUrl\":\"https:\/\/secure.gravatar.com\/avatar\/641f98db20b53ec937ceb641db4270b9?s=96&d=mm&r=g\",\"caption\":\"Ivana Beaumond Paris\"},\"url\":\"https:\/\/www.ivanabeaumond.com.br\/vestidos-noiva\/author\/ivana\/\"}]}<\/script>\n<!-- \/ Yoast SEO plugin. -->","yoast_head_json":{"title":"Casamento na Praia com Priscila e Gabriel - Vestido de Noiva RJ","robots":{"index":"index","follow":"follow","max-snippet":"max-snippet:-1","max-image-preview":"max-image-preview:large","max-video-preview":"max-video-preview:-1"},"canonical":"https:\/\/www.ivanabeaumond.com.br\/vestidos-noiva\/vestido-de-noiva-rj-casamento-na-praia-com-priscila-e-gabriel\/","og_locale":"pt_BR","og_type":"article","og_title":"Casamento na Praia com Priscila e Gabriel - Vestido de Noiva RJ","og_description":"Fotos do Casamento na Praia dos noivos Priscila e Gabriel. Vestido de Noiva do Atelier Ivana Beaumond Paris, Rio de Janeiro, RJ.","og_url":"https:\/\/www.ivanabeaumond.com.br\/vestidos-noiva\/vestido-de-noiva-rj-casamento-na-praia-com-priscila-e-gabriel\/","og_site_name":"Vestido de Noiva RJ","article_publisher":"https:\/\/www.facebook.com\/ivana.beaumondnoivas","article_published_time":"2020-09-02T21:42:17+00:00","article_modified_time":"2020-09-02T21:42:26+00:00","og_image":[{"width":600,"height":400,"url":"https:\/\/www.ivanabeaumond.com.br\/vestidos-noiva\/wp-content\/uploads\/2020\/09\/casamento-na-praia-vestido-de-noiva-boho-chic-aluguel-de-vestidos-de-noiva-rj-atelier-ivana-beaumond-paris-3-e1599081807208.jpg","type":"image\/jpeg"}],"author":"Ivana Beaumond Paris","twitter_card":"summary_large_image","twitter_misc":{"Escrito por":"Ivana Beaumond Paris","Est. tempo de leitura":"2 minutos"},"schema":{"@context":"https:\/\/schema.org","@graph":[{"@type":"Article","@id":"https:\/\/www.ivanabeaumond.com.br\/vestidos-noiva\/vestido-de-noiva-rj-casamento-na-praia-com-priscila-e-gabriel\/#article","isPartOf":{"@id":"https:\/\/www.ivanabeaumond.com.br\/vestidos-noiva\/vestido-de-noiva-rj-casamento-na-praia-com-priscila-e-gabriel\/"},"author":{"name":"Ivana Beaumond Paris","@id":"https:\/\/www.ivanabeaumond.com.br\/vestidos-noiva\/#\/schema\/person\/1a360c4cffa3b806d29a456389dcff26"},"headline":"Casamento na Praia com Priscila e Gabriel","datePublished":"2020-09-02T21:42:17+00:00","dateModified":"2020-09-02T21:42:26+00:00","mainEntityOfPage":{"@id":"https:\/\/www.ivanabeaumond.com.br\/vestidos-noiva\/vestido-de-noiva-rj-casamento-na-praia-com-priscila-e-gabriel\/"},"wordCount":400,"publisher":{"@id":"https:\/\/www.ivanabeaumond.com.br\/vestidos-noiva\/#organization"},"keywords":["aluguel de vestido de noiva rj","atelier ivana beaumond","atelier ivana beaumond paris","casamento ao ar livre","casamento em b\u00fazios","casamento na praia","casamento na praia rj","casamento na praia vestido","casar na praia","ensaio pr\u00e9-wedding","fotos de casamento","ivana beaumond","noivas reais","vestido de noiva","vestido de noiva boho","vestido de noiva boho chic","vestido de noiva rj"],"articleSection":["Blog","Nossas Noivas"],"inLanguage":"pt-BR"},{"@type":"WebPage","@id":"https:\/\/www.ivanabeaumond.com.br\/vestidos-noiva\/vestido-de-noiva-rj-casamento-na-praia-com-priscila-e-gabriel\/","url":"https:\/\/www.ivanabeaumond.com.br\/vestidos-noiva\/vestido-de-noiva-rj-casamento-na-praia-com-priscila-e-gabriel\/","name":"Casamento na Praia com Priscila e Gabriel - Vestido de Noiva RJ","isPartOf":{"@id":"https:\/\/www.ivanabeaumond.com.br\/vestidos-noiva\/#website"},"datePublished":"2020-09-02T21:42:17+00:00","dateModified":"2020-09-02T21:42:26+00:00","breadcrumb":{"@id":"https:\/\/www.ivanabeaumond.com.br\/vestidos-noiva\/vestido-de-noiva-rj-casamento-na-praia-com-priscila-e-gabriel\/#breadcrumb"},"inLanguage":"pt-BR","potentialAction":[{"@type":"ReadAction","target":["https:\/\/www.ivanabeaumond.com.br\/vestidos-noiva\/vestido-de-noiva-rj-casamento-na-praia-com-priscila-e-gabriel\/"]}]},{"@type":"BreadcrumbList","@id":"https:\/\/www.ivanabeaumond.com.br\/vestidos-noiva\/vestido-de-noiva-rj-casamento-na-praia-com-priscila-e-gabriel\/#breadcrumb","itemListElement":[{"@type":"ListItem","position":1,"name":"In\u00edcio","item":"https:\/\/www.ivanabeaumond.com.br\/vestidos-noiva\/"},{"@type":"ListItem","position":2,"name":"Casamento na Praia com Priscila e Gabriel"}]},{"@type":"WebSite","@id":"https:\/\/www.ivanabeaumond.com.br\/vestidos-noiva\/#website","url":"https:\/\/www.ivanabeaumond.com.br\/vestidos-noiva\/","name":"Vestido de Noiva RJ","description":"Moda Noiva","publisher":{"@id":"https:\/\/www.ivanabeaumond.com.br\/vestidos-noiva\/#organization"},"potentialAction":[{"@type":"SearchAction","target":{"@type":"EntryPoint","urlTemplate":"https:\/\/www.ivanabeaumond.com.br\/vestidos-noiva\/?s={search_term_string}"},"query-input":"required name=search_term_string"}],"inLanguage":"pt-BR"},{"@type":"Organization","@id":"https:\/\/www.ivanabeaumond.com.br\/vestidos-noiva\/#organization","name":"Vestido de Noiva RJ","url":"https:\/\/www.ivanabeaumond.com.br\/vestidos-noiva\/","logo":{"@type":"ImageObject","inLanguage":"pt-BR","@id":"https:\/\/www.ivanabeaumond.com.br\/vestidos-noiva\/#\/schema\/logo\/image\/","url":"https:\/\/www.ivanabeaumond.com.br\/vestidos-noiva\/wp-content\/uploads\/2018\/02\/logo_ivana_beaumond-2.png","contentUrl":"https:\/\/www.ivanabeaumond.com.br\/vestidos-noiva\/wp-content\/uploads\/2018\/02\/logo_ivana_beaumond-2.png","width":230,"height":112,"caption":"Vestido de Noiva RJ"},"image":{"@id":"https:\/\/www.ivanabeaumond.com.br\/vestidos-noiva\/#\/schema\/logo\/image\/"},"sameAs":["https:\/\/www.facebook.com\/ivana.beaumondnoivas","https:\/\/www.instagram.com\/ivanabeaumond\/","https:\/\/www.tiktok.com\/@ivanabeaumond"]},{"@type":"Person","@id":"https:\/\/www.ivanabeaumond.com.br\/vestidos-noiva\/#\/schema\/person\/1a360c4cffa3b806d29a456389dcff26","name":"Ivana Beaumond Paris","image":{"@type":"ImageObject","inLanguage":"pt-BR","@id":"https:\/\/www.ivanabeaumond.com.br\/vestidos-noiva\/#\/schema\/person\/image\/","url":"https:\/\/secure.gravatar.com\/avatar\/641f98db20b53ec937ceb641db4270b9?s=96&d=mm&r=g","contentUrl":"https:\/\/secure.gravatar.com\/avatar\/641f98db20b53ec937ceb641db4270b9?s=96&d=mm&r=g","caption":"Ivana Beaumond Paris"},"url":"https:\/\/www.ivanabeaumond.com.br\/vestidos-noiva\/author\/ivana\/"}]}},"_links":{"self":[{"href":"https:\/\/www.ivanabeaumond.com.br\/vestidos-noiva\/wp-json\/wp\/v2\/posts\/26230"}],"collection":[{"href":"https:\/\/www.ivanabeaumond.com.br\/vestidos-noiva\/wp-json\/wp\/v2\/posts"}],"about":[{"href":"https:\/\/www.ivanabeaumond.com.br\/vestidos-noiva\/wp-json\/wp\/v2\/types\/post"}],"author":[{"embeddable":true,"href":"https:\/\/www.ivanabeaumond.com.br\/vestidos-noiva\/wp-json\/wp\/v2\/users\/4"}],"replies":[{"embeddable":true,"href":"https:\/\/www.ivanabeaumond.com.br\/vestidos-noiva\/wp-json\/wp\/v2\/comments?post=26230"}],"version-history":[{"count":10,"href":"https:\/\/www.ivanabeaumond.com.br\/vestidos-noiva\/wp-json\/wp\/v2\/posts\/26230\/revisions"}],"predecessor-version":[{"id":26250,"href":"https:\/\/www.ivanabeaumond.com.br\/vestidos-noiva\/wp-json\/wp\/v2\/posts\/26230\/revisions\/26250"}],"wp:featuredmedia":[{"embeddable":true,"href":"https:\/\/www.ivanabeaumond.com.br\/vestidos-noiva\/wp-json\/wp\/v2\/media\/26236"}],"wp:attachment":[{"href":"https:\/\/www.ivanabeaumond.com.br\/vestidos-noiva\/wp-json\/wp\/v2\/media?parent=26230"}],"wp:term":[{"taxonomy":"category","embeddable":true,"href":"https:\/\/www.ivanabeaumond.com.br\/vestidos-noiva\/wp-json\/wp\/v2\/categories?post=26230"},{"taxonomy":"post_tag","embeddable":true,"href":"https:\/\/www.ivanabeaumond.com.br\/vestidos-noiva\/wp-json\/wp\/v2\/tags?post=26230"}],"curies":[{"name":"wp","href":"https:\/\/api.w.org\/{rel}","templated":true}]}}