{"id":26277,"date":"2021-01-08T12:07:37","date_gmt":"2021-01-08T15:07:37","guid":{"rendered":"https:\/\/www.ivanabeaumond.com.br\/vestidos-noiva\/?p=26277"},"modified":"2021-01-08T12:13:18","modified_gmt":"2021-01-08T15:13:18","slug":"playlist-de-casamento-deixe-o-amor-no-ar-no-dia-da-cerimonia","status":"publish","type":"post","link":"https:\/\/www.ivanabeaumond.com.br\/vestidos-noiva\/playlist-de-casamento-deixe-o-amor-no-ar-no-dia-da-cerimonia\/","title":{"rendered":"Playlist de Casamento: Deixe o amor no Ar no dia da Cerim\u00f4nia"},"content":{"rendered":"\n<div style=\"height:20px\" aria-hidden=\"true\" class=\"wp-block-spacer\"><\/div>\n\n\n\n<div class=\"wp-block-image\"><figure class=\"aligncenter size-large\"><img decoding=\"async\" loading=\"lazy\" width=\"564\" height=\"376\" src=\"https:\/\/www.ivanabeaumond.com.br\/vestidos-noiva\/wp-content\/uploads\/2020\/09\/NOIVA-HEADER.jpg\" alt=\"\" class=\"wp-image-26278\" srcset=\"https:\/\/www.ivanabeaumond.com.br\/vestidos-noiva\/wp-content\/uploads\/2020\/09\/NOIVA-HEADER.jpg 564w, https:\/\/www.ivanabeaumond.com.br\/vestidos-noiva\/wp-content\/uploads\/2020\/09\/NOIVA-HEADER-300x200.jpg 300w, https:\/\/www.ivanabeaumond.com.br\/vestidos-noiva\/wp-content\/uploads\/2020\/09\/NOIVA-HEADER-480x320.jpg 480w\" sizes=\"(max-width: 564px) 100vw, 564px\" \/><\/figure><\/div>\n\n\n\n<div style=\"height:20px\" aria-hidden=\"true\" class=\"wp-block-spacer\"><\/div>\n\n\n\n<h5 class=\"has-text-align-center wp-block-heading\"><span style=\"color:#6b6c6d\" class=\"has-inline-color\">A m\u00fasica \u00e9 essencial na vida de todos. E hoje em dia, temos uma infinidade de g\u00eaneros musicais, artistas e tudo mais o que essa arte pode oferecer.<\/span><\/h5>\n\n\n\n<div style=\"height:20px\" aria-hidden=\"true\" class=\"wp-block-spacer\"><\/div>\n\n\n\n<h5 class=\"has-text-align-center wp-block-heading\"><span style=\"color:#6b6c6d\" class=\"has-inline-color\">\u00c9 reconhecida por muitos pesquisadores como uma modalidade que desenvolve a mente humana, promove o equil\u00edbrio, proporcionando um estado agrad\u00e1vel de bem-estar.<\/span><\/h5>\n\n\n\n<div style=\"height:20px\" aria-hidden=\"true\" class=\"wp-block-spacer\"><\/div>\n\n\n\n<h5 class=\"has-text-align-center wp-block-heading\"><span style=\"color:#6b6c6d\" class=\"has-inline-color\">As noivas que s\u00e3o apaixonadas por m\u00fasicas, assim como n\u00f3s do Atelier Ivana Beaumond, n\u00e3o podem deixar de adicionar essas lindas can\u00e7\u00f5es \u00e0 playlist da cerim\u00f4nia de casamento. Vamos Conferir?<\/span><\/h5>\n\n\n\n<div style=\"height:20px\" aria-hidden=\"true\" class=\"wp-block-spacer\"><\/div>\n\n\n\n<h3 class=\"wp-block-heading\"><strong><em><a href=\"https:\/\/www.youtube.com\/watch?v=y0wzDTutlmE\" target=\"_blank\" rel=\"noreferrer noopener\">Dia Especial \u2013 Tiago Iorc<\/a><\/em><\/strong><\/h3>\n\n\n\n<div style=\"height:20px\" aria-hidden=\"true\" class=\"wp-block-spacer\"><\/div>\n\n\n\n<div class=\"wp-block-image\"><figure class=\"aligncenter size-large is-resized\"><img decoding=\"async\" loading=\"lazy\" src=\"https:\/\/www.ivanabeaumond.com.br\/vestidos-noiva\/wp-content\/uploads\/2020\/09\/TIAGO-IORC.jpg\" alt=\"\" class=\"wp-image-26279\" width=\"576\" height=\"306\" srcset=\"https:\/\/www.ivanabeaumond.com.br\/vestidos-noiva\/wp-content\/uploads\/2020\/09\/TIAGO-IORC.jpg 640w, https:\/\/www.ivanabeaumond.com.br\/vestidos-noiva\/wp-content\/uploads\/2020\/09\/TIAGO-IORC-300x159.jpg 300w\" sizes=\"(max-width: 576px) 100vw, 576px\" \/><figcaption><strong>LINK: (<a href=\"https:\/\/www.youtube.com\/watch?v=y0wzDTutlmE\" target=\"_blank\" rel=\"noreferrer noopener\">https:\/\/www.youtube.com\/watch?v=y0wzDTutlmE<\/a>)<\/strong><\/figcaption><\/figure><\/div>\n\n\n\n<div style=\"height:20px\" aria-hidden=\"true\" class=\"wp-block-spacer\"><\/div>\n\n\n\n<h5 class=\"has-text-align-center wp-block-heading\"><span style=\"color:#6b6c6d\" class=\"has-inline-color\">Contendo uma letra lind\u00edssima, Dia Especial do Tiago Iorc, fala sobre voc\u00ea encontrar uma pessoa que vale \u00e0 pena. Por mais que \u00e0s vezes passemos por momentos complicados, aquela pessoa estar\u00e1 ali para topar melhorar nossos dias, iluminar nossos caminhos e construir um mundo de amor conosco.<\/span><\/h5>\n\n\n\n<div style=\"height:20px\" aria-hidden=\"true\" class=\"wp-block-spacer\"><\/div>\n\n\n\n<h3 class=\"wp-block-heading\"><strong><em><a href=\"https:\/\/www.youtube.com\/watch?v=bnVUHWCynig\" target=\"_blank\" rel=\"noreferrer noopener\">Halo \u2013 Beyonc\u00e9<\/a><\/em><\/strong><\/h3>\n\n\n\n<div style=\"height:20px\" aria-hidden=\"true\" class=\"wp-block-spacer\"><\/div>\n\n\n\n<div class=\"wp-block-image\"><figure class=\"aligncenter size-large is-resized\"><img decoding=\"async\" loading=\"lazy\" src=\"https:\/\/www.ivanabeaumond.com.br\/vestidos-noiva\/wp-content\/uploads\/2020\/09\/BEYONCE.jpg\" alt=\"\" class=\"wp-image-26280\" width=\"553\" height=\"357\" srcset=\"https:\/\/www.ivanabeaumond.com.br\/vestidos-noiva\/wp-content\/uploads\/2020\/09\/BEYONCE.jpg 620w, https:\/\/www.ivanabeaumond.com.br\/vestidos-noiva\/wp-content\/uploads\/2020\/09\/BEYONCE-300x194.jpg 300w\" sizes=\"(max-width: 553px) 100vw, 553px\" \/><figcaption><br><strong>LINK: (<a href=\"https:\/\/www.youtube.com\/watch?v=bnVUHWCynig\" target=\"_blank\" rel=\"noreferrer noopener\">https:\/\/www.youtube.com\/watch?v=bnVUHWCynig<\/a>)<\/strong><\/figcaption><\/figure><\/div>\n\n\n\n<div style=\"height:20px\" aria-hidden=\"true\" class=\"wp-block-spacer\"><\/div>\n\n\n\n<h5 class=\"has-text-align-center wp-block-heading\"><span style=\"color:#6b6c6d\" class=\"has-inline-color\">Essa m\u00fasica fala sobre \u201cderrubar muros\u201d que \u00e0s vezes constru\u00edmos por termos passado por relacionamentos que n\u00e3o deram certo. Acabamos nos privando de sentir o amor verdadeiro e sermos n\u00f3s mesmos. Beyonc\u00e9 se orgulha, na letra da m\u00fasica, de conseguir deixar a pessoa amada entrar em sua vida e assim, poder viver os melhores momentos ao lado dela.<\/span><\/h5>\n\n\n\n<div style=\"height:20px\" aria-hidden=\"true\" class=\"wp-block-spacer\"><\/div>\n\n\n\n<h3 class=\"wp-block-heading\"><strong><em><a href=\"https:\/\/www.youtube.com\/watch?v=8lNz3x6K1uA\" target=\"_blank\" rel=\"noreferrer noopener\">Dia Clarear \u2013 Banda do Mar<\/a><\/em><\/strong><\/h3>\n\n\n\n<div style=\"height:20px\" aria-hidden=\"true\" class=\"wp-block-spacer\"><\/div>\n\n\n\n<div class=\"wp-block-image\"><figure class=\"aligncenter size-large is-resized\"><img decoding=\"async\" loading=\"lazy\" src=\"https:\/\/www.ivanabeaumond.com.br\/vestidos-noiva\/wp-content\/uploads\/2020\/09\/BANDA-DO-MAR.jpg\" alt=\"\" class=\"wp-image-26281\" width=\"556\" height=\"369\" srcset=\"https:\/\/www.ivanabeaumond.com.br\/vestidos-noiva\/wp-content\/uploads\/2020\/09\/BANDA-DO-MAR.jpg 647w, https:\/\/www.ivanabeaumond.com.br\/vestidos-noiva\/wp-content\/uploads\/2020\/09\/BANDA-DO-MAR-300x199.jpg 300w, https:\/\/www.ivanabeaumond.com.br\/vestidos-noiva\/wp-content\/uploads\/2020\/09\/BANDA-DO-MAR-480x320.jpg 480w\" sizes=\"(max-width: 556px) 100vw, 556px\" \/><figcaption><br><strong>LINK: (<a href=\"https:\/\/www.youtube.com\/watch?v=8lNz3x6K1uA\" target=\"_blank\" rel=\"noreferrer noopener\">https:\/\/www.youtube.com\/watch?v=8lNz3x6K1uA<\/a>)<\/strong><\/figcaption><\/figure><\/div>\n\n\n\n<div style=\"height:20px\" aria-hidden=\"true\" class=\"wp-block-spacer\"><\/div>\n\n\n\n<h5 class=\"has-text-align-center wp-block-heading\"><span style=\"color:#6b6c6d\" class=\"has-inline-color\">M\u00fasica perfeita para quem deseja realizar seu casamento na praia. Com frases como \u201cOnda da manh\u00e3, eu vi voc\u00ea sair do mar e todo sentimento que rodeia. Foi a luz do sol ou foi o vento que soprou o macio dessa areia.\u201d A m\u00fasica \u00e9 claramente uma poesia cantada. Rebuscada das melhores letras de m\u00fasica que exprime tudo o que voc\u00ea pode querer dizer para o seu amor.<\/span><\/h5>\n\n\n\n<div style=\"height:20px\" aria-hidden=\"true\" class=\"wp-block-spacer\"><\/div>\n\n\n\n<h3 class=\"wp-block-heading\"><strong><em><a href=\"https:\/\/www.youtube.com\/watch?v=LjhCEhWiKXk\" target=\"_blank\" rel=\"noreferrer noopener\">Just the Way You Are \u2013 Bruno Mars<\/a><\/em><\/strong><\/h3>\n\n\n\n<div style=\"height:20px\" aria-hidden=\"true\" class=\"wp-block-spacer\"><\/div>\n\n\n\n<div class=\"wp-block-image\"><figure class=\"aligncenter size-medium is-resized\"><img decoding=\"async\" loading=\"lazy\" src=\"https:\/\/www.ivanabeaumond.com.br\/vestidos-noiva\/wp-content\/uploads\/2020\/09\/BRUNO-MARS-300x169.jpg\" alt=\"\" class=\"wp-image-26282\" width=\"519\" height=\"292\" srcset=\"https:\/\/www.ivanabeaumond.com.br\/vestidos-noiva\/wp-content\/uploads\/2020\/09\/BRUNO-MARS-300x169.jpg 300w, https:\/\/www.ivanabeaumond.com.br\/vestidos-noiva\/wp-content\/uploads\/2020\/09\/BRUNO-MARS-1024x576.jpg 1024w, https:\/\/www.ivanabeaumond.com.br\/vestidos-noiva\/wp-content\/uploads\/2020\/09\/BRUNO-MARS-768x432.jpg 768w, https:\/\/www.ivanabeaumond.com.br\/vestidos-noiva\/wp-content\/uploads\/2020\/09\/BRUNO-MARS.jpg 1200w\" sizes=\"(max-width: 519px) 100vw, 519px\" \/><figcaption>LINK: (<a href=\"https:\/\/www.youtube.com\/watch?v=LjhCEhWiKXk\" target=\"_blank\" rel=\"noreferrer noopener\">https:\/\/www.youtube.com\/watch?v=LjhCEhWiKXk<\/a>)<\/figcaption><\/figure><\/div>\n\n\n\n<div style=\"height:20px\" aria-hidden=\"true\" class=\"wp-block-spacer\"><\/div>\n\n\n\n<h5 class=\"has-text-align-center wp-block-heading\"><span style=\"color:#6b6c6d\" class=\"has-inline-color\">Nessa linda melodia, Bruno descreve sua amada como sendo uma pessoa perfeita apenas sendo do jeito que ela \u00e9. Por mais que a mesma n\u00e3o acredite e ache que o mesmo est\u00e1 exagerando. A letra dessa m\u00fasica \u00e9 muito bonita e descreve entrelinhas como deve ser o amor: percebendo cada detalhe do seu parceiro(a) e amando cada um deles.<\/span><\/h5>\n\n\n\n<div style=\"height:20px\" aria-hidden=\"true\" class=\"wp-block-spacer\"><\/div>\n\n\n\n<h3 class=\"wp-block-heading\"><a href=\"https:\/\/www.youtube.com\/watch?v=v3SQTOZO36E\" target=\"_blank\" rel=\"noreferrer noopener\"><strong style=\"\"><i>Sutilmente \u2013 Ska<\/i><\/strong>n<em><strong>k<\/strong><\/em><\/a><\/h3>\n\n\n\n<div style=\"height:20px\" aria-hidden=\"true\" class=\"wp-block-spacer\"><\/div>\n\n\n\n<div class=\"wp-block-image\"><figure class=\"aligncenter size-medium is-resized\"><img decoding=\"async\" loading=\"lazy\" src=\"https:\/\/www.ivanabeaumond.com.br\/vestidos-noiva\/wp-content\/uploads\/2020\/09\/SKANK-300x169.jpg\" alt=\"\" class=\"wp-image-26283\" width=\"507\" height=\"285\" srcset=\"https:\/\/www.ivanabeaumond.com.br\/vestidos-noiva\/wp-content\/uploads\/2020\/09\/SKANK-300x169.jpg 300w, https:\/\/www.ivanabeaumond.com.br\/vestidos-noiva\/wp-content\/uploads\/2020\/09\/SKANK-1024x576.jpg 1024w, https:\/\/www.ivanabeaumond.com.br\/vestidos-noiva\/wp-content\/uploads\/2020\/09\/SKANK-768x432.jpg 768w, https:\/\/www.ivanabeaumond.com.br\/vestidos-noiva\/wp-content\/uploads\/2020\/09\/SKANK.jpg 1280w\" sizes=\"(max-width: 507px) 100vw, 507px\" \/><figcaption><br><strong>LINK: <a href=\"\/\/www.youtube.com\/watch?v=v3SQTOZO36E)\" target=\"_blank\" rel=\"noreferrer noopener\">(https:\/\/www.youtube.com\/watch?v=v3SQTOZO36E)<\/a><\/strong><\/figcaption><\/figure><\/div>\n\n\n\n<div style=\"height:20px\" aria-hidden=\"true\" class=\"wp-block-spacer\"><\/div>\n\n\n\n<h5 class=\"has-text-align-center wp-block-heading\"><span style=\"color:#6b6c6d\" class=\"has-inline-color\">A letra de Sutilmente fala sobre o dia a dia de um casal que vive junto. Com discuss\u00f5es que podem acontecer, mas o que importa \u00e9 que no fim do dia o amor \u00e9 que vale.<\/span><\/h5>\n\n\n\n<div style=\"height:20px\" aria-hidden=\"true\" class=\"wp-block-spacer\"><\/div>\n\n\n\n<h3 class=\"has-text-align-left wp-block-heading\"><em><strong><a href=\"https:\/\/www.youtube.com\/watch?v=2Vv-BfVoq4g\" target=\"_blank\" rel=\"noreferrer noopener\">Perfect \u2013 Ed Sheeran<\/a><\/strong><\/em><\/h3>\n\n\n\n<div style=\"height:20px\" aria-hidden=\"true\" class=\"wp-block-spacer\"><\/div>\n\n\n\n<div class=\"wp-block-image\"><figure class=\"aligncenter size-full is-resized\"><img decoding=\"async\" loading=\"lazy\" src=\"https:\/\/www.ivanabeaumond.com.br\/vestidos-noiva\/wp-content\/uploads\/2020\/09\/ED-SHEERAN.jpg\" alt=\"\" class=\"wp-image-26284\" width=\"510\" height=\"287\" srcset=\"https:\/\/www.ivanabeaumond.com.br\/vestidos-noiva\/wp-content\/uploads\/2020\/09\/ED-SHEERAN.jpg 1600w, https:\/\/www.ivanabeaumond.com.br\/vestidos-noiva\/wp-content\/uploads\/2020\/09\/ED-SHEERAN-300x169.jpg 300w, https:\/\/www.ivanabeaumond.com.br\/vestidos-noiva\/wp-content\/uploads\/2020\/09\/ED-SHEERAN-1024x576.jpg 1024w, https:\/\/www.ivanabeaumond.com.br\/vestidos-noiva\/wp-content\/uploads\/2020\/09\/ED-SHEERAN-768x432.jpg 768w, https:\/\/www.ivanabeaumond.com.br\/vestidos-noiva\/wp-content\/uploads\/2020\/09\/ED-SHEERAN-1536x864.jpg 1536w\" sizes=\"(max-width: 510px) 100vw, 510px\" \/><figcaption><br><strong>LINK: (<a href=\"https:\/\/www.youtube.com\/watch?v=2Vv-BfVoq4g\" target=\"_blank\" rel=\"noreferrer noopener\">https:\/\/www.youtube.com\/watch?v=2Vv-BfVoq4g<\/a>)<\/strong><\/figcaption><\/figure><\/div>\n\n\n\n<div style=\"height:20px\" aria-hidden=\"true\" class=\"wp-block-spacer\"><\/div>\n\n\n\n<h5 class=\"has-text-align-center wp-block-heading\"><span style=\"color:#6b6c6d\" class=\"has-inline-color\">Sabe aquela paix\u00e3o que transcende d\u00e9cadas? Perfect fala sobre algu\u00e9m que Ed conhecia desde crian\u00e7a e acabou se apaixonando. A amizade de muitos anos tornou-se amor rom\u00e2ntico e rendeu uma linda letra que vale \u00e0 pena adicionar a sua playlist de casamento.<\/span><\/h5>\n\n\n\n<div style=\"height:20px\" aria-hidden=\"true\" class=\"wp-block-spacer\"><\/div>\n\n\n\n<h3 class=\"wp-block-heading\"><strong><em><a href=\"https:\/\/www.youtube.com\/watch?v=aUzW9io-Om0\" target=\"_blank\" rel=\"noreferrer noopener\">Pra Voc\u00ea Guardei o Amor \u2013 Ana Ca\u00f1as e Nando Reis<\/a><\/em><\/strong><\/h3>\n\n\n\n<div style=\"height:20px\" aria-hidden=\"true\" class=\"wp-block-spacer\"><\/div>\n\n\n\n<div class=\"wp-block-image\"><figure class=\"aligncenter size-large is-resized\"><img decoding=\"async\" loading=\"lazy\" src=\"https:\/\/www.ivanabeaumond.com.br\/vestidos-noiva\/wp-content\/uploads\/2020\/09\/NANDO-REIS.jpg\" alt=\"\" class=\"wp-image-26285\" width=\"567\" height=\"333\" srcset=\"https:\/\/www.ivanabeaumond.com.br\/vestidos-noiva\/wp-content\/uploads\/2020\/09\/NANDO-REIS.jpg 680w, https:\/\/www.ivanabeaumond.com.br\/vestidos-noiva\/wp-content\/uploads\/2020\/09\/NANDO-REIS-300x176.jpg 300w\" sizes=\"(max-width: 567px) 100vw, 567px\" \/><figcaption><br><strong>LINK: (<a href=\"https:\/\/www.youtube.com\/watch?v=aUzW9io-Om0\" target=\"_blank\" rel=\"noreferrer noopener\">https:\/\/www.youtube.com\/watch?v=aUzW9io-Om0<\/a>)<\/strong><\/figcaption><\/figure><\/div>\n\n\n\n<div style=\"height:20px\" aria-hidden=\"true\" class=\"wp-block-spacer\"><\/div>\n\n\n\n<h5 class=\"has-text-align-center wp-block-heading\"><span style=\"color:#6b6c6d\" class=\"has-inline-color\">Nando Reis fala sobre o amor avassalador que algumas pessoas afirmam sentir apenas uma vez na vida. Quando ele fala sobre \u201cguardar o amor\u201d quer dizer que a pessoa escolhida se encaixou perfeitamente nas defini\u00e7\u00f5es do que \u00e9 amar para ele. \u00c9 muito bom encontrar a pessoa certa que se encaixa em nosso cora\u00e7\u00e3o.<\/span><\/h5>\n\n\n\n<div style=\"height:20px\" aria-hidden=\"true\" class=\"wp-block-spacer\"><\/div>\n\n\n\n<h3 class=\"wp-block-heading\"><strong><em><a href=\"https:\/\/www.youtube.com\/watch?v=E0oyglKjbFQ\" target=\"_blank\" rel=\"noreferrer noopener\">I Do \u2013 Colbie Caillat<\/a><\/em><\/strong><\/h3>\n\n\n\n<div style=\"height:20px\" aria-hidden=\"true\" class=\"wp-block-spacer\"><\/div>\n\n\n\n<div class=\"wp-block-image\"><figure class=\"aligncenter size-medium is-resized\"><img decoding=\"async\" loading=\"lazy\" src=\"https:\/\/www.ivanabeaumond.com.br\/vestidos-noiva\/wp-content\/uploads\/2020\/09\/COLBIE-CAILLAT-300x169.jpg\" alt=\"\" class=\"wp-image-26286\" width=\"528\" height=\"297\" srcset=\"https:\/\/www.ivanabeaumond.com.br\/vestidos-noiva\/wp-content\/uploads\/2020\/09\/COLBIE-CAILLAT-300x169.jpg 300w, https:\/\/www.ivanabeaumond.com.br\/vestidos-noiva\/wp-content\/uploads\/2020\/09\/COLBIE-CAILLAT-1024x576.jpg 1024w, https:\/\/www.ivanabeaumond.com.br\/vestidos-noiva\/wp-content\/uploads\/2020\/09\/COLBIE-CAILLAT-768x432.jpg 768w, https:\/\/www.ivanabeaumond.com.br\/vestidos-noiva\/wp-content\/uploads\/2020\/09\/COLBIE-CAILLAT-1536x864.jpg 1536w, https:\/\/www.ivanabeaumond.com.br\/vestidos-noiva\/wp-content\/uploads\/2020\/09\/COLBIE-CAILLAT-2048x1152.jpg 2048w\" sizes=\"(max-width: 528px) 100vw, 528px\" \/><figcaption><br><strong>LINK: (<a href=\"https:\/\/www.youtube.com\/watch?v=E0oyglKjbFQ\" target=\"_blank\" rel=\"noreferrer noopener\">https:\/\/www.youtube.com\/watch?v=E0oyglKjbFQ<\/a>)<\/strong><\/figcaption><\/figure><\/div>\n\n\n\n<div style=\"height:20px\" aria-hidden=\"true\" class=\"wp-block-spacer\"><\/div>\n\n\n\n<h5 class=\"has-text-align-center wp-block-heading\"><span style=\"color:#6b6c6d\" class=\"has-inline-color\">\u00c0s vezes, durante anos, achamos que nunca iremos encontrar uma pessoa que nos fa\u00e7a querer casar! \u00c0s vezes at\u00e9 achamos que estamos melhores sozinhas do que em um relacionamento. E isso pode ser verdade, mas tamb\u00e9m nunca podemos deixar os sentimentos nos levar quando encontramos aquela pessoa que nos faz sentir diferentes. Quando paramos de esconder como nos sentimos, vemos at\u00e9 que ponto o relacionamento com aquela pessoa pode ir e quem sabe o relacionamento vai parar em um altar de cerim\u00f4nia?<\/span><\/h5>\n\n\n\n<div style=\"height:20px\" aria-hidden=\"true\" class=\"wp-block-spacer\"><\/div>\n\n\n\n<h3 class=\"wp-block-heading\"><strong><em><a href=\"https:\/\/www.youtube.com\/watch?v=atQmgtnmr18\" target=\"_blank\" rel=\"noreferrer noopener\">Fica \u2013 Anavit\u00f3ria<\/a><\/em><\/strong><\/h3>\n\n\n\n<div style=\"height:20px\" aria-hidden=\"true\" class=\"wp-block-spacer\"><\/div>\n\n\n\n<div class=\"wp-block-image\"><figure class=\"aligncenter size-large is-resized\"><img decoding=\"async\" loading=\"lazy\" src=\"https:\/\/www.ivanabeaumond.com.br\/vestidos-noiva\/wp-content\/uploads\/2020\/09\/ANAVITORIA.jpg\" alt=\"\" class=\"wp-image-26287\" width=\"541\" height=\"354\" srcset=\"https:\/\/www.ivanabeaumond.com.br\/vestidos-noiva\/wp-content\/uploads\/2020\/09\/ANAVITORIA.jpg 741w, https:\/\/www.ivanabeaumond.com.br\/vestidos-noiva\/wp-content\/uploads\/2020\/09\/ANAVITORIA-300x197.jpg 300w\" sizes=\"(max-width: 541px) 100vw, 541px\" \/><figcaption><br><strong>LINK: (<a href=\"https:\/\/www.youtube.com\/watch?v=atQmgtnmr18\" target=\"_blank\" rel=\"noreferrer noopener\">https:\/\/www.youtube.com\/watch?v=atQmgtnmr18<\/a>)<\/strong><\/figcaption><\/figure><\/div>\n\n\n\n<div style=\"height:20px\" aria-hidden=\"true\" class=\"wp-block-spacer\"><\/div>\n\n\n\n<h5 class=\"has-text-align-center wp-block-heading\"><span style=\"color:#6b6c6d\" class=\"has-inline-color\">Momentos em que a gente olha para aquela pessoa, pros detalhes do seu rosto e de sua pele e percebemos que ela \u00e9 tudo o que sempre quisemos. Sabe aquele sentimento de nunca querer que a pessoa v\u00e1 embora da sua vida? Que se voc\u00ea pudesse ficaria ao lado dela para sempre? Fica de Anavit\u00f3ria fala exatamente sobre isso.<\/span><\/h5>\n\n\n\n<div style=\"height:20px\" aria-hidden=\"true\" class=\"wp-block-spacer\"><\/div>\n\n\n\n<h3 class=\"wp-block-heading\"><strong><em><a href=\"https:\/\/www.youtube.com\/watch?v=an4ySOlsUMY\" target=\"_blank\" rel=\"noreferrer noopener\">How Long Will I Love You \u2013 Ellie Goulding<\/a><\/em><\/strong><\/h3>\n\n\n\n<div style=\"height:20px\" aria-hidden=\"true\" class=\"wp-block-spacer\"><\/div>\n\n\n\n<div class=\"wp-block-image\"><figure class=\"aligncenter size-large is-resized\"><img decoding=\"async\" loading=\"lazy\" src=\"https:\/\/www.ivanabeaumond.com.br\/vestidos-noiva\/wp-content\/uploads\/2020\/09\/ELLIE-GOULDING.jpg\" alt=\"\" class=\"wp-image-26288\" width=\"551\" height=\"272\" srcset=\"https:\/\/www.ivanabeaumond.com.br\/vestidos-noiva\/wp-content\/uploads\/2020\/09\/ELLIE-GOULDING.jpg 760w, https:\/\/www.ivanabeaumond.com.br\/vestidos-noiva\/wp-content\/uploads\/2020\/09\/ELLIE-GOULDING-300x148.jpg 300w\" sizes=\"(max-width: 551px) 100vw, 551px\" \/><figcaption><br><strong>LINK: (<a href=\"https:\/\/www.youtube.com\/watch?v=an4ySOlsUMY\" target=\"_blank\" rel=\"noreferrer noopener\">https:\/\/www.youtube.com\/watch?v=an4ySOlsUMY<\/a>)<\/strong><\/figcaption><\/figure><\/div>\n\n\n\n<div style=\"height:20px\" aria-hidden=\"true\" class=\"wp-block-spacer\"><\/div>\n\n\n\n<h5 class=\"has-text-align-center wp-block-heading\"><span style=\"color:#6b6c6d\" class=\"has-inline-color\">Essa m\u00fasica tem uma letra perfeita e melodia muito emocionante. Prepare o lencinho e aposte na make \u00e0 prova d\u2019\u00e1gua se escolher essa m\u00fasica para entrar pelo corredor da noiva ou escolh\u00ea-la para a valsa dos noivos. Com trechos que afirmam que o amor pela pessoa vai durar enquanto as estrelas estiverem no c\u00e9u e o mar estiver limpando as areias da praia, essa m\u00fasica com certeza n\u00e3o pode ficar de fora da sua playlist.<\/span><\/h5>\n\n\n\n<div style=\"height:23px\" aria-hidden=\"true\" class=\"wp-block-spacer\"><\/div>\n\n\n\n<h5 class=\"has-text-align-center wp-block-heading\"><strong><span style=\"color:#6b6c6d\" class=\"has-inline-color\">Conta para a gente, quais m\u00fasicas voc\u00ea com certeza vai pedir pro DJ tocar no seu casamento? N\u00e3o esque\u00e7a de visitar<\/span> <a href=\"https:\/\/www.instagram.com\/ivanabeaumond\/\" target=\"_blank\" rel=\"noreferrer noopener\">nossas redes sociais<\/a> <span style=\"color:#6b6c6d\" class=\"has-inline-color\">para ficar sempre por dentro de conte\u00fados como esse!<\/span> <a href=\"https:\/\/www.ivanabeaumond.com.br\/vestidos-noiva\/moda-noiva-rj\/\" target=\"_blank\" rel=\"noreferrer noopener\">Marque sua visita<\/a><span style=\"color:#6b6c6d\" class=\"has-inline-color\"> e venha conhecer o vestido que vai deixar toda a sua jornada de amor ainda mais especial.<\/span><\/strong><\/h5>\n","protected":false},"excerpt":{"rendered":"<p>A m\u00fasica \u00e9 essencial na vida de todos. E hoje&#8230;<\/p>\n","protected":false},"author":4,"featured_media":27032,"comment_status":"closed","ping_status":"closed","sticky":false,"template":"","format":"standard","meta":[],"categories":[60,127],"tags":[1085,1121,660,1019,215,512,559,842,1118,132,671,638,286,959,278,107,903,455,155,98,296,157,164,858,857,885,108,212,213,258,199,115,762,690,200,754,813],"yoast_head":"<!-- This site is optimized with the Yoast SEO plugin v20.3 - https:\/\/yoast.com\/wordpress\/plugins\/seo\/ -->\n<title>Playlist de Casamento: Deixe o amor no Ar no dia da Cerim\u00f4nia - Vestido de Noiva RJ<\/title>\n<meta name=\"robots\" content=\"index, follow, max-snippet:-1, max-image-preview:large, max-video-preview:-1\" \/>\n<link rel=\"canonical\" href=\"https:\/\/www.ivanabeaumond.com.br\/vestidos-noiva\/playlist-de-casamento-deixe-o-amor-no-ar-no-dia-da-cerimonia\/\" \/>\n<meta property=\"og:locale\" content=\"pt_BR\" \/>\n<meta property=\"og:type\" content=\"article\" \/>\n<meta property=\"og:title\" content=\"Playlist de Casamento: Deixe o amor no Ar no dia da Cerim\u00f4nia - Vestido de Noiva RJ\" \/>\n<meta property=\"og:description\" content=\"A m\u00fasica \u00e9 essencial na vida de todos. E hoje...\" \/>\n<meta property=\"og:url\" content=\"https:\/\/www.ivanabeaumond.com.br\/vestidos-noiva\/playlist-de-casamento-deixe-o-amor-no-ar-no-dia-da-cerimonia\/\" \/>\n<meta property=\"og:site_name\" content=\"Vestido de Noiva RJ\" \/>\n<meta property=\"article:publisher\" content=\"https:\/\/www.facebook.com\/ivana.beaumondnoivas\" \/>\n<meta property=\"article:published_time\" content=\"2021-01-08T15:07:37+00:00\" \/>\n<meta property=\"article:modified_time\" content=\"2021-01-08T15:13:18+00:00\" \/>\n<meta property=\"og:image\" content=\"https:\/\/www.ivanabeaumond.com.br\/vestidos-noiva\/wp-content\/uploads\/2021\/01\/NOIVA-HEADER.jpg\" \/>\n\t<meta property=\"og:image:width\" content=\"564\" \/>\n\t<meta property=\"og:image:height\" content=\"376\" \/>\n\t<meta property=\"og:image:type\" content=\"image\/jpeg\" \/>\n<meta name=\"author\" content=\"Ivana Beaumond Paris\" \/>\n<meta name=\"twitter:card\" content=\"summary_large_image\" \/>\n<meta name=\"twitter:label1\" content=\"Escrito por\" \/>\n\t<meta name=\"twitter:data1\" content=\"Ivana Beaumond Paris\" \/>\n\t<meta name=\"twitter:label2\" content=\"Est. tempo de leitura\" \/>\n\t<meta name=\"twitter:data2\" content=\"4 minutos\" \/>\n<script type=\"application\/ld+json\" class=\"yoast-schema-graph\">{\"@context\":\"https:\/\/schema.org\",\"@graph\":[{\"@type\":\"Article\",\"@id\":\"https:\/\/www.ivanabeaumond.com.br\/vestidos-noiva\/playlist-de-casamento-deixe-o-amor-no-ar-no-dia-da-cerimonia\/#article\",\"isPartOf\":{\"@id\":\"https:\/\/www.ivanabeaumond.com.br\/vestidos-noiva\/playlist-de-casamento-deixe-o-amor-no-ar-no-dia-da-cerimonia\/\"},\"author\":{\"name\":\"Ivana Beaumond Paris\",\"@id\":\"https:\/\/www.ivanabeaumond.com.br\/vestidos-noiva\/#\/schema\/person\/1a360c4cffa3b806d29a456389dcff26\"},\"headline\":\"Playlist de Casamento: Deixe o amor no Ar no dia da Cerim\u00f4nia\",\"datePublished\":\"2021-01-08T15:07:37+00:00\",\"dateModified\":\"2021-01-08T15:13:18+00:00\",\"mainEntityOfPage\":{\"@id\":\"https:\/\/www.ivanabeaumond.com.br\/vestidos-noiva\/playlist-de-casamento-deixe-o-amor-no-ar-no-dia-da-cerimonia\/\"},\"wordCount\":898,\"publisher\":{\"@id\":\"https:\/\/www.ivanabeaumond.com.br\/vestidos-noiva\/#organization\"},\"keywords\":[\"alugar vestido de noiva rj\",\"ateli\u00ea de noivas\",\"atelier de noivas\",\"atelier de noivas rj\",\"Atelierdenoiva\",\"blog de noiva\",\"blog de noivas\",\"dicas de noiva\",\"dicas de vestido de noiva\",\"dicas ivana\",\"estilista de noiva\",\"estilista de noivas\",\"ivana beaumond\",\"ivana beaumond itanhang\u00e1\",\"ivana beaumond paris\",\"ivanabeaumond\",\"loja de noivas\",\"moda noiva\",\"modanoiva\",\"noiva\",\"noiva cl\u00e1ssica\",\"noiva e noivo\",\"noivas\",\"noivas rio de janeiro\",\"noivas rj\",\"noivas rom\u00e2nticas\",\"noivasivanabeaumond\",\"noivasriodejaneiro\",\"noivasrj\",\"noivinha\",\"sobmedidanoiva\",\"vestido de noiva\",\"vestido de noiva branco\",\"vestido de noiva rj\",\"VestidoDeNoivaRJ\",\"vestidos de noiva\",\"vestidos de noiva rj\"],\"articleSection\":[\"Blog\",\"Dicas e Truques\"],\"inLanguage\":\"pt-BR\"},{\"@type\":\"WebPage\",\"@id\":\"https:\/\/www.ivanabeaumond.com.br\/vestidos-noiva\/playlist-de-casamento-deixe-o-amor-no-ar-no-dia-da-cerimonia\/\",\"url\":\"https:\/\/www.ivanabeaumond.com.br\/vestidos-noiva\/playlist-de-casamento-deixe-o-amor-no-ar-no-dia-da-cerimonia\/\",\"name\":\"Playlist de Casamento: Deixe o amor no Ar no dia da Cerim\u00f4nia - Vestido de Noiva RJ\",\"isPartOf\":{\"@id\":\"https:\/\/www.ivanabeaumond.com.br\/vestidos-noiva\/#website\"},\"datePublished\":\"2021-01-08T15:07:37+00:00\",\"dateModified\":\"2021-01-08T15:13:18+00:00\",\"breadcrumb\":{\"@id\":\"https:\/\/www.ivanabeaumond.com.br\/vestidos-noiva\/playlist-de-casamento-deixe-o-amor-no-ar-no-dia-da-cerimonia\/#breadcrumb\"},\"inLanguage\":\"pt-BR\",\"potentialAction\":[{\"@type\":\"ReadAction\",\"target\":[\"https:\/\/www.ivanabeaumond.com.br\/vestidos-noiva\/playlist-de-casamento-deixe-o-amor-no-ar-no-dia-da-cerimonia\/\"]}]},{\"@type\":\"BreadcrumbList\",\"@id\":\"https:\/\/www.ivanabeaumond.com.br\/vestidos-noiva\/playlist-de-casamento-deixe-o-amor-no-ar-no-dia-da-cerimonia\/#breadcrumb\",\"itemListElement\":[{\"@type\":\"ListItem\",\"position\":1,\"name\":\"In\u00edcio\",\"item\":\"https:\/\/www.ivanabeaumond.com.br\/vestidos-noiva\/\"},{\"@type\":\"ListItem\",\"position\":2,\"name\":\"Playlist de Casamento: Deixe o amor no Ar no dia da Cerim\u00f4nia\"}]},{\"@type\":\"WebSite\",\"@id\":\"https:\/\/www.ivanabeaumond.com.br\/vestidos-noiva\/#website\",\"url\":\"https:\/\/www.ivanabeaumond.com.br\/vestidos-noiva\/\",\"name\":\"Vestido de Noiva RJ\",\"description\":\"Moda Noiva\",\"publisher\":{\"@id\":\"https:\/\/www.ivanabeaumond.com.br\/vestidos-noiva\/#organization\"},\"potentialAction\":[{\"@type\":\"SearchAction\",\"target\":{\"@type\":\"EntryPoint\",\"urlTemplate\":\"https:\/\/www.ivanabeaumond.com.br\/vestidos-noiva\/?s={search_term_string}\"},\"query-input\":\"required name=search_term_string\"}],\"inLanguage\":\"pt-BR\"},{\"@type\":\"Organization\",\"@id\":\"https:\/\/www.ivanabeaumond.com.br\/vestidos-noiva\/#organization\",\"name\":\"Vestido de Noiva RJ\",\"url\":\"https:\/\/www.ivanabeaumond.com.br\/vestidos-noiva\/\",\"logo\":{\"@type\":\"ImageObject\",\"inLanguage\":\"pt-BR\",\"@id\":\"https:\/\/www.ivanabeaumond.com.br\/vestidos-noiva\/#\/schema\/logo\/image\/\",\"url\":\"https:\/\/www.ivanabeaumond.com.br\/vestidos-noiva\/wp-content\/uploads\/2018\/02\/logo_ivana_beaumond-2.png\",\"contentUrl\":\"https:\/\/www.ivanabeaumond.com.br\/vestidos-noiva\/wp-content\/uploads\/2018\/02\/logo_ivana_beaumond-2.png\",\"width\":230,\"height\":112,\"caption\":\"Vestido de Noiva RJ\"},\"image\":{\"@id\":\"https:\/\/www.ivanabeaumond.com.br\/vestidos-noiva\/#\/schema\/logo\/image\/\"},\"sameAs\":[\"https:\/\/www.facebook.com\/ivana.beaumondnoivas\",\"https:\/\/www.instagram.com\/ivanabeaumond\/\",\"https:\/\/www.tiktok.com\/@ivanabeaumond\"]},{\"@type\":\"Person\",\"@id\":\"https:\/\/www.ivanabeaumond.com.br\/vestidos-noiva\/#\/schema\/person\/1a360c4cffa3b806d29a456389dcff26\",\"name\":\"Ivana Beaumond Paris\",\"image\":{\"@type\":\"ImageObject\",\"inLanguage\":\"pt-BR\",\"@id\":\"https:\/\/www.ivanabeaumond.com.br\/vestidos-noiva\/#\/schema\/person\/image\/\",\"url\":\"https:\/\/secure.gravatar.com\/avatar\/641f98db20b53ec937ceb641db4270b9?s=96&d=mm&r=g\",\"contentUrl\":\"https:\/\/secure.gravatar.com\/avatar\/641f98db20b53ec937ceb641db4270b9?s=96&d=mm&r=g\",\"caption\":\"Ivana Beaumond Paris\"},\"url\":\"https:\/\/www.ivanabeaumond.com.br\/vestidos-noiva\/author\/ivana\/\"}]}<\/script>\n<!-- \/ Yoast SEO plugin. -->","yoast_head_json":{"title":"Playlist de Casamento: Deixe o amor no Ar no dia da Cerim\u00f4nia - Vestido de Noiva RJ","robots":{"index":"index","follow":"follow","max-snippet":"max-snippet:-1","max-image-preview":"max-image-preview:large","max-video-preview":"max-video-preview:-1"},"canonical":"https:\/\/www.ivanabeaumond.com.br\/vestidos-noiva\/playlist-de-casamento-deixe-o-amor-no-ar-no-dia-da-cerimonia\/","og_locale":"pt_BR","og_type":"article","og_title":"Playlist de Casamento: Deixe o amor no Ar no dia da Cerim\u00f4nia - Vestido de Noiva RJ","og_description":"A m\u00fasica \u00e9 essencial na vida de todos. E hoje...","og_url":"https:\/\/www.ivanabeaumond.com.br\/vestidos-noiva\/playlist-de-casamento-deixe-o-amor-no-ar-no-dia-da-cerimonia\/","og_site_name":"Vestido de Noiva RJ","article_publisher":"https:\/\/www.facebook.com\/ivana.beaumondnoivas","article_published_time":"2021-01-08T15:07:37+00:00","article_modified_time":"2021-01-08T15:13:18+00:00","og_image":[{"width":564,"height":376,"url":"https:\/\/www.ivanabeaumond.com.br\/vestidos-noiva\/wp-content\/uploads\/2021\/01\/NOIVA-HEADER.jpg","type":"image\/jpeg"}],"author":"Ivana Beaumond Paris","twitter_card":"summary_large_image","twitter_misc":{"Escrito por":"Ivana Beaumond Paris","Est. tempo de leitura":"4 minutos"},"schema":{"@context":"https:\/\/schema.org","@graph":[{"@type":"Article","@id":"https:\/\/www.ivanabeaumond.com.br\/vestidos-noiva\/playlist-de-casamento-deixe-o-amor-no-ar-no-dia-da-cerimonia\/#article","isPartOf":{"@id":"https:\/\/www.ivanabeaumond.com.br\/vestidos-noiva\/playlist-de-casamento-deixe-o-amor-no-ar-no-dia-da-cerimonia\/"},"author":{"name":"Ivana Beaumond Paris","@id":"https:\/\/www.ivanabeaumond.com.br\/vestidos-noiva\/#\/schema\/person\/1a360c4cffa3b806d29a456389dcff26"},"headline":"Playlist de Casamento: Deixe o amor no Ar no dia da Cerim\u00f4nia","datePublished":"2021-01-08T15:07:37+00:00","dateModified":"2021-01-08T15:13:18+00:00","mainEntityOfPage":{"@id":"https:\/\/www.ivanabeaumond.com.br\/vestidos-noiva\/playlist-de-casamento-deixe-o-amor-no-ar-no-dia-da-cerimonia\/"},"wordCount":898,"publisher":{"@id":"https:\/\/www.ivanabeaumond.com.br\/vestidos-noiva\/#organization"},"keywords":["alugar vestido de noiva rj","ateli\u00ea de noivas","atelier de noivas","atelier de noivas rj","Atelierdenoiva","blog de noiva","blog de noivas","dicas de noiva","dicas de vestido de noiva","dicas ivana","estilista de noiva","estilista de noivas","ivana beaumond","ivana beaumond itanhang\u00e1","ivana beaumond paris","ivanabeaumond","loja de noivas","moda noiva","modanoiva","noiva","noiva cl\u00e1ssica","noiva e noivo","noivas","noivas rio de janeiro","noivas rj","noivas rom\u00e2nticas","noivasivanabeaumond","noivasriodejaneiro","noivasrj","noivinha","sobmedidanoiva","vestido de noiva","vestido de noiva branco","vestido de noiva rj","VestidoDeNoivaRJ","vestidos de noiva","vestidos de noiva rj"],"articleSection":["Blog","Dicas e Truques"],"inLanguage":"pt-BR"},{"@type":"WebPage","@id":"https:\/\/www.ivanabeaumond.com.br\/vestidos-noiva\/playlist-de-casamento-deixe-o-amor-no-ar-no-dia-da-cerimonia\/","url":"https:\/\/www.ivanabeaumond.com.br\/vestidos-noiva\/playlist-de-casamento-deixe-o-amor-no-ar-no-dia-da-cerimonia\/","name":"Playlist de Casamento: Deixe o amor no Ar no dia da Cerim\u00f4nia - Vestido de Noiva RJ","isPartOf":{"@id":"https:\/\/www.ivanabeaumond.com.br\/vestidos-noiva\/#website"},"datePublished":"2021-01-08T15:07:37+00:00","dateModified":"2021-01-08T15:13:18+00:00","breadcrumb":{"@id":"https:\/\/www.ivanabeaumond.com.br\/vestidos-noiva\/playlist-de-casamento-deixe-o-amor-no-ar-no-dia-da-cerimonia\/#breadcrumb"},"inLanguage":"pt-BR","potentialAction":[{"@type":"ReadAction","target":["https:\/\/www.ivanabeaumond.com.br\/vestidos-noiva\/playlist-de-casamento-deixe-o-amor-no-ar-no-dia-da-cerimonia\/"]}]},{"@type":"BreadcrumbList","@id":"https:\/\/www.ivanabeaumond.com.br\/vestidos-noiva\/playlist-de-casamento-deixe-o-amor-no-ar-no-dia-da-cerimonia\/#breadcrumb","itemListElement":[{"@type":"ListItem","position":1,"name":"In\u00edcio","item":"https:\/\/www.ivanabeaumond.com.br\/vestidos-noiva\/"},{"@type":"ListItem","position":2,"name":"Playlist de Casamento: Deixe o amor no Ar no dia da Cerim\u00f4nia"}]},{"@type":"WebSite","@id":"https:\/\/www.ivanabeaumond.com.br\/vestidos-noiva\/#website","url":"https:\/\/www.ivanabeaumond.com.br\/vestidos-noiva\/","name":"Vestido de Noiva RJ","description":"Moda Noiva","publisher":{"@id":"https:\/\/www.ivanabeaumond.com.br\/vestidos-noiva\/#organization"},"potentialAction":[{"@type":"SearchAction","target":{"@type":"EntryPoint","urlTemplate":"https:\/\/www.ivanabeaumond.com.br\/vestidos-noiva\/?s={search_term_string}"},"query-input":"required name=search_term_string"}],"inLanguage":"pt-BR"},{"@type":"Organization","@id":"https:\/\/www.ivanabeaumond.com.br\/vestidos-noiva\/#organization","name":"Vestido de Noiva RJ","url":"https:\/\/www.ivanabeaumond.com.br\/vestidos-noiva\/","logo":{"@type":"ImageObject","inLanguage":"pt-BR","@id":"https:\/\/www.ivanabeaumond.com.br\/vestidos-noiva\/#\/schema\/logo\/image\/","url":"https:\/\/www.ivanabeaumond.com.br\/vestidos-noiva\/wp-content\/uploads\/2018\/02\/logo_ivana_beaumond-2.png","contentUrl":"https:\/\/www.ivanabeaumond.com.br\/vestidos-noiva\/wp-content\/uploads\/2018\/02\/logo_ivana_beaumond-2.png","width":230,"height":112,"caption":"Vestido de Noiva RJ"},"image":{"@id":"https:\/\/www.ivanabeaumond.com.br\/vestidos-noiva\/#\/schema\/logo\/image\/"},"sameAs":["https:\/\/www.facebook.com\/ivana.beaumondnoivas","https:\/\/www.instagram.com\/ivanabeaumond\/","https:\/\/www.tiktok.com\/@ivanabeaumond"]},{"@type":"Person","@id":"https:\/\/www.ivanabeaumond.com.br\/vestidos-noiva\/#\/schema\/person\/1a360c4cffa3b806d29a456389dcff26","name":"Ivana Beaumond Paris","image":{"@type":"ImageObject","inLanguage":"pt-BR","@id":"https:\/\/www.ivanabeaumond.com.br\/vestidos-noiva\/#\/schema\/person\/image\/","url":"https:\/\/secure.gravatar.com\/avatar\/641f98db20b53ec937ceb641db4270b9?s=96&d=mm&r=g","contentUrl":"https:\/\/secure.gravatar.com\/avatar\/641f98db20b53ec937ceb641db4270b9?s=96&d=mm&r=g","caption":"Ivana Beaumond Paris"},"url":"https:\/\/www.ivanabeaumond.com.br\/vestidos-noiva\/author\/ivana\/"}]}},"_links":{"self":[{"href":"https:\/\/www.ivanabeaumond.com.br\/vestidos-noiva\/wp-json\/wp\/v2\/posts\/26277"}],"collection":[{"href":"https:\/\/www.ivanabeaumond.com.br\/vestidos-noiva\/wp-json\/wp\/v2\/posts"}],"about":[{"href":"https:\/\/www.ivanabeaumond.com.br\/vestidos-noiva\/wp-json\/wp\/v2\/types\/post"}],"author":[{"embeddable":true,"href":"https:\/\/www.ivanabeaumond.com.br\/vestidos-noiva\/wp-json\/wp\/v2\/users\/4"}],"replies":[{"embeddable":true,"href":"https:\/\/www.ivanabeaumond.com.br\/vestidos-noiva\/wp-json\/wp\/v2\/comments?post=26277"}],"version-history":[{"count":3,"href":"https:\/\/www.ivanabeaumond.com.br\/vestidos-noiva\/wp-json\/wp\/v2\/posts\/26277\/revisions"}],"predecessor-version":[{"id":27033,"href":"https:\/\/www.ivanabeaumond.com.br\/vestidos-noiva\/wp-json\/wp\/v2\/posts\/26277\/revisions\/27033"}],"wp:featuredmedia":[{"embeddable":true,"href":"https:\/\/www.ivanabeaumond.com.br\/vestidos-noiva\/wp-json\/wp\/v2\/media\/27032"}],"wp:attachment":[{"href":"https:\/\/www.ivanabeaumond.com.br\/vestidos-noiva\/wp-json\/wp\/v2\/media?parent=26277"}],"wp:term":[{"taxonomy":"category","embeddable":true,"href":"https:\/\/www.ivanabeaumond.com.br\/vestidos-noiva\/wp-json\/wp\/v2\/categories?post=26277"},{"taxonomy":"post_tag","embeddable":true,"href":"https:\/\/www.ivanabeaumond.com.br\/vestidos-noiva\/wp-json\/wp\/v2\/tags?post=26277"}],"curies":[{"name":"wp","href":"https:\/\/api.w.org\/{rel}","templated":true}]}}