{"id":26351,"date":"2020-10-30T14:00:00","date_gmt":"2020-10-30T17:00:00","guid":{"rendered":"https:\/\/www.ivanabeaumond.com.br\/vestidos-noiva\/?p=26351"},"modified":"2020-10-30T14:04:45","modified_gmt":"2020-10-30T17:04:45","slug":"confira-as-indicacoes-de-musicas-para-a-sua-cerimonia-de-casamento","status":"publish","type":"post","link":"https:\/\/www.ivanabeaumond.com.br\/vestidos-noiva\/confira-as-indicacoes-de-musicas-para-a-sua-cerimonia-de-casamento\/","title":{"rendered":"Confira as Indica\u00e7\u00f5es de M\u00fasicas para a sua Cerim\u00f4nia de Casamento"},"content":{"rendered":"\n<div style=\"height:20px\" aria-hidden=\"true\" class=\"wp-block-spacer\"><\/div>\n\n\n\n<h5 class=\"has-text-align-center wp-block-heading\"><span style=\"color:#6b6c6d\" class=\"has-inline-color\">Est\u00e1 organizando a sua cerim\u00f4nia de casamento e ainda n\u00e3o sabe quais can\u00e7\u00f5es acrescentar a este momento t\u00e3o marcante da sua vida? Entre m\u00fasicas cl\u00e1ssicas e \u00edcones da cultura pop, esta \u00e9, sem d\u00favidas, uma escolha que varia de acordo com a personalidade de cada casal.<\/span><\/h5>\n\n\n\n<div style=\"height:20px\" aria-hidden=\"true\" class=\"wp-block-spacer\"><\/div>\n\n\n\n<h5 class=\"has-text-align-center wp-block-heading\"><span style=\"color:#6b6c6d\" class=\"has-inline-color\">Contudo, a nossa equipe decidiu dar aquela ajudinha para que voc\u00ea fique ainda mais inspirada e escolha as melhores op\u00e7\u00f5es para serem a trilha sonora do seu matrim\u00f4nio. Confira a listagem abaixo e encontre algumas das letras mais rom\u00e2nticas que ser\u00e3o levadas para sempre por voc\u00ea e pelo seu par.<\/span><\/h5>\n\n\n\n<div style=\"height:20px\" aria-hidden=\"true\" class=\"wp-block-spacer\"><\/div>\n\n\n\n<h3 class=\"wp-block-heading\"><strong><em>Entrada dos Padrinhos e Madrinhas<\/em><\/strong><\/h3>\n\n\n\n<div style=\"height:20px\" aria-hidden=\"true\" class=\"wp-block-spacer\"><\/div>\n\n\n\n<div class=\"wp-block-image\"><figure class=\"aligncenter size-large is-resized\"><img decoding=\"async\" loading=\"lazy\" src=\"https:\/\/www.ivanabeaumond.com.br\/vestidos-noiva\/wp-content\/uploads\/2020\/09\/m\u00fasica-padrinhos.jpg\" alt=\"\" class=\"wp-image-26352\" width=\"559\" height=\"418\" srcset=\"https:\/\/www.ivanabeaumond.com.br\/vestidos-noiva\/wp-content\/uploads\/2020\/09\/m\u00fasica-padrinhos.jpg 564w, https:\/\/www.ivanabeaumond.com.br\/vestidos-noiva\/wp-content\/uploads\/2020\/09\/m\u00fasica-padrinhos-300x224.jpg 300w\" sizes=\"(max-width: 559px) 100vw, 559px\" \/><\/figure><\/div>\n\n\n\n<div style=\"height:20px\" aria-hidden=\"true\" class=\"wp-block-spacer\"><\/div>\n\n\n\n<h5 class=\"has-text-align-center wp-block-heading\"><span style=\"color:#6b6c6d\" class=\"has-inline-color\">A entrada dos padrinhos n\u00e3o pede, especificamente, uma m\u00fasica melosa e extremamente rom\u00e2ntica. Ainda assim, h\u00e1 quem goste de trazer esta refer\u00eancia desde o in\u00edcio para marcar o tom da cerim\u00f4nia.<\/span><\/h5>\n\n\n\n<div style=\"height:20px\" aria-hidden=\"true\" class=\"wp-block-spacer\"><\/div>\n\n\n\n<h5 class=\"has-text-align-center wp-block-heading\"><span style=\"color:#6b6c6d\" class=\"has-inline-color\">Para isso,<\/span><a rel=\"noreferrer noopener\" href=\"https:\/\/www.youtube.com\/watch?v=a-Lp2uC_1lg\" target=\"_blank\"> From This Moment<\/a>, <span style=\"color:#6b6c6d\" class=\"has-inline-color\">de Shania Twain, pode ser uma escolha bem assertiva. Confira um trecho da letra:<\/span><\/h5>\n\n\n\n<div style=\"height:20px\" aria-hidden=\"true\" class=\"wp-block-spacer\"><\/div>\n\n\n\n<h5 class=\"has-text-align-center wp-block-heading\"><em><span style=\"color:#6b6c6d\" class=\"has-inline-color\">\u201cA partir deste momento, a vida come\u00e7ou. A partir deste momento, voc\u00ea \u00e9 o \u00fanico. Bem ao seu lado \u00e9 o meu lugar, deste momento em diante. (&#8230;) Te dou minha m\u00e3o com todo o meu cora\u00e7\u00e3o, mal posso esperar para viver minha vida com voc\u00ea\u201d.<\/span><\/em><\/h5>\n\n\n\n<div style=\"height:20px\" aria-hidden=\"true\" class=\"wp-block-spacer\"><\/div>\n\n\n\n<h3 class=\"wp-block-heading\"><strong>Entrada do Noivo<\/strong><\/h3>\n\n\n\n<div style=\"height:20px\" aria-hidden=\"true\" class=\"wp-block-spacer\"><\/div>\n\n\n\n<div class=\"wp-block-image\"><figure class=\"aligncenter size-large is-resized\"><img decoding=\"async\" loading=\"lazy\" src=\"https:\/\/www.ivanabeaumond.com.br\/vestidos-noiva\/wp-content\/uploads\/2020\/09\/m\u00fasica-entrada-noivo.jpg\" alt=\"\" class=\"wp-image-26353\" width=\"555\" height=\"369\" srcset=\"https:\/\/www.ivanabeaumond.com.br\/vestidos-noiva\/wp-content\/uploads\/2020\/09\/m\u00fasica-entrada-noivo.jpg 1024w, https:\/\/www.ivanabeaumond.com.br\/vestidos-noiva\/wp-content\/uploads\/2020\/09\/m\u00fasica-entrada-noivo-300x200.jpg 300w, https:\/\/www.ivanabeaumond.com.br\/vestidos-noiva\/wp-content\/uploads\/2020\/09\/m\u00fasica-entrada-noivo-768x512.jpg 768w, https:\/\/www.ivanabeaumond.com.br\/vestidos-noiva\/wp-content\/uploads\/2020\/09\/m\u00fasica-entrada-noivo-480x320.jpg 480w\" sizes=\"(max-width: 555px) 100vw, 555px\" \/><\/figure><\/div>\n\n\n\n<div style=\"height:20px\" aria-hidden=\"true\" class=\"wp-block-spacer\"><\/div>\n\n\n\n<h5 class=\"has-text-align-center wp-block-heading\"><span style=\"color:#6b6c6d\" class=\"has-inline-color\">A entrada do noivo pode ser marcada por uma m\u00fasica que seja representativa para ele. Algumas mulheres, inclusive, optam por homenage\u00e1-lo com sua can\u00e7\u00e3o favorita ou at\u00e9 mesmo o hino do seu time de futebol de cora\u00e7\u00e3o. Apesar disso, se voc\u00ea quiser algo mais tradicional, esta pode ser uma oportunidade de trazer uma letra como se ele estivesse falando diretamente para voc\u00ea.<\/span><\/h5>\n\n\n\n<div style=\"height:20px\" aria-hidden=\"true\" class=\"wp-block-spacer\"><\/div>\n\n\n\n<h5 class=\"has-text-align-center wp-block-heading\"><span style=\"color:#6b6c6d\" class=\"has-inline-color\">Assim, dependendo de qu\u00e3o jovens voc\u00eas forem, trazer<\/span> &#8216;<a rel=\"noreferrer noopener\" href=\"https:\/\/www.youtube.com\/watch?v=J7b7In5H2gU\" target=\"_blank\">Yes I Will<\/a>&#8216;<span style=\"color:#6b6c6d\" class=\"has-inline-color\">, dos Backstreet Boys, pode ser uma pegada interessante. Leia um trecho:<\/span><\/h5>\n\n\n\n<div style=\"height:20px\" aria-hidden=\"true\" class=\"wp-block-spacer\"><\/div>\n\n\n\n<h5 class=\"has-text-align-center wp-block-heading\"><em><span style=\"color:#6b6c6d\" class=\"has-inline-color\">\u201cSim, eu irei pegar sua m\u00e3o e andar com voc\u00ea. Sim, eu irei lhe dar tudo o que voc\u00ea precisa e algum dia come\u00e7ar uma fam\u00edlia com voc\u00ea. (&#8230;) Estarei ao seu lado em tudo o que voc\u00ea fizer, onde quer que voc\u00ea v\u00e1. Deus \u00e9 minha testemunha de que continuarei assim at\u00e9 que a morte nos separe\u201d.<\/span><\/em><\/h5>\n\n\n\n<div style=\"height:20px\" aria-hidden=\"true\" class=\"wp-block-spacer\"><\/div>\n\n\n\n<h3 class=\"wp-block-heading\"><strong><em>Entrada das daminhas e pajens<\/em><\/strong><\/h3>\n\n\n\n<div style=\"height:20px\" aria-hidden=\"true\" class=\"wp-block-spacer\"><\/div>\n\n\n\n<div class=\"wp-block-image\"><figure class=\"aligncenter size-large is-resized\"><img decoding=\"async\" loading=\"lazy\" src=\"https:\/\/www.ivanabeaumond.com.br\/vestidos-noiva\/wp-content\/uploads\/2020\/09\/m\u00fasica-entrada-crian\u00e7as.jpg\" alt=\"\" class=\"wp-image-26354\" width=\"557\" height=\"411\" srcset=\"https:\/\/www.ivanabeaumond.com.br\/vestidos-noiva\/wp-content\/uploads\/2020\/09\/m\u00fasica-entrada-crian\u00e7as.jpg 800w, https:\/\/www.ivanabeaumond.com.br\/vestidos-noiva\/wp-content\/uploads\/2020\/09\/m\u00fasica-entrada-crian\u00e7as-300x222.jpg 300w, https:\/\/www.ivanabeaumond.com.br\/vestidos-noiva\/wp-content\/uploads\/2020\/09\/m\u00fasica-entrada-crian\u00e7as-768x567.jpg 768w\" sizes=\"(max-width: 557px) 100vw, 557px\" \/><\/figure><\/div>\n\n\n\n<div style=\"height:20px\" aria-hidden=\"true\" class=\"wp-block-spacer\"><\/div>\n\n\n\n<h5 class=\"has-text-align-center wp-block-heading\"><span style=\"color:#6b6c6d\" class=\"has-inline-color\">Este \u00e9 um momento que precisa ser bem alegre e meigo. Afinal, \u00e9 composto por crian\u00e7as. Por isso, invista em m\u00fasicas mais suaves ou at\u00e9 mesmo temas infantis, como os dos contos de fadas da Disney.<\/span><\/h5>\n\n\n\n<div style=\"height:20px\" aria-hidden=\"true\" class=\"wp-block-spacer\"><\/div>\n\n\n\n<h5 class=\"has-text-align-center wp-block-heading\"><span style=\"color:#6b6c6d\" class=\"has-inline-color\">H\u00e1 noivas, inclusive, que fazem deste instante uma oportunidade para relembrar sua hist\u00f3ria preferida e trazer, por exemplo, a trilha sonora de Bela e a Fera, Aladdin ou de quem mais preferir.<\/span><\/h5>\n\n\n\n<div style=\"height:20px\" aria-hidden=\"true\" class=\"wp-block-spacer\"><\/div>\n\n\n\n<h5 class=\"has-text-align-center wp-block-heading\"><span style=\"color:#6b6c6d\" class=\"has-inline-color\">Nesta pegada, sugerimos<\/span> <a rel=\"noreferrer noopener\" href=\"https:\/\/www.youtube.com\/watch?v=eitDnP0_83k\" target=\"_blank\">A Whole New World<\/a> <span style=\"color:#6b6c6d\" class=\"has-inline-color\">ou<\/span> <a rel=\"noreferrer noopener\" href=\"https:\/\/www.youtube.com\/watch?v=axySrE0Kg6k\" target=\"_blank\">Beauty And The Beast<\/a>, <span style=\"color:#6b6c6d\" class=\"has-inline-color\">dois cl\u00e1ssicos que foram regravados recentemente e est\u00e3o emocionantes. Inclusive, a vers\u00e3o brasileira da primeira m\u00fasica est\u00e1 a coisa mais fofa,<\/span> <a href=\"https:\/\/www.youtube.com\/watch?v=U38iGQeoX8g\" target=\"_blank\" rel=\"noreferrer noopener\">confira aqui<\/a>.<\/h5>\n\n\n\n<div style=\"height:20px\" aria-hidden=\"true\" class=\"wp-block-spacer\"><\/div>\n\n\n\n<h3 class=\"wp-block-heading\"><strong><em>Entrada da Noiva<\/em><\/strong><\/h3>\n\n\n\n<div style=\"height:20px\" aria-hidden=\"true\" class=\"wp-block-spacer\"><\/div>\n\n\n\n<div class=\"wp-block-image\"><figure class=\"aligncenter size-large is-resized\"><img decoding=\"async\" loading=\"lazy\" src=\"https:\/\/www.ivanabeaumond.com.br\/vestidos-noiva\/wp-content\/uploads\/2020\/09\/m\u00fasica-noiva.jpg\" alt=\"\" class=\"wp-image-26355\" width=\"561\" height=\"373\" srcset=\"https:\/\/www.ivanabeaumond.com.br\/vestidos-noiva\/wp-content\/uploads\/2020\/09\/m\u00fasica-noiva.jpg 900w, https:\/\/www.ivanabeaumond.com.br\/vestidos-noiva\/wp-content\/uploads\/2020\/09\/m\u00fasica-noiva-300x200.jpg 300w, https:\/\/www.ivanabeaumond.com.br\/vestidos-noiva\/wp-content\/uploads\/2020\/09\/m\u00fasica-noiva-768x512.jpg 768w, https:\/\/www.ivanabeaumond.com.br\/vestidos-noiva\/wp-content\/uploads\/2020\/09\/m\u00fasica-noiva-480x320.jpg 480w\" sizes=\"(max-width: 561px) 100vw, 561px\" \/><\/figure><\/div>\n\n\n\n<div style=\"height:20px\" aria-hidden=\"true\" class=\"wp-block-spacer\"><\/div>\n\n\n\n<h5 class=\"has-text-align-center wp-block-heading\"><span style=\"color:#6b6c6d\" class=\"has-inline-color\">A entrada da noiva \u00e9 um dos momentos mais significativos e muitas preferem seguir com a marcha nupcial j\u00e1 extremamente conhecida. Contudo, h\u00e1 aquelas que gostam de inovar e trazer uma mensagem especial para o noivo por meio da melodia.<\/span><\/h5>\n\n\n\n<div style=\"height:20px\" aria-hidden=\"true\" class=\"wp-block-spacer\"><\/div>\n\n\n\n<h5 class=\"has-text-align-center wp-block-heading\"><span style=\"color:#6b6c6d\" class=\"has-inline-color\">Uma sugest\u00e3o bem especial \u00e9<\/span> <a rel=\"noreferrer noopener\" href=\"https:\/\/www.youtube.com\/watch?v=PdSaSQstP-M\" target=\"_blank\">Palavras ao Vento<\/a>, <span style=\"color:#6b6c6d\" class=\"has-inline-color\">de C\u00e1ssia Eller. J\u00e1 percebeu como a letra pode ser linda e cheia de s\u00edmbolos importantes para o casal? Leia um trecho: <\/span><\/h5>\n\n\n\n<div style=\"height:20px\" aria-hidden=\"true\" class=\"wp-block-spacer\"><\/div>\n\n\n\n<h5 class=\"has-text-align-center wp-block-heading\"><em><span style=\"color:#6b6c6d\" class=\"has-inline-color\">\u201cAndo por a\u00ed querendo te encontrar, em cada esquina paro em cada olhar. Deixo a tristeza e trago a esperan\u00e7a em seu lugar. Que o nosso amor pra sempre viva, minha d\u00e1diva. Quero poder jurar que essa paix\u00e3o jamais ser\u00e1 palavras apenas\u201d.<\/span><\/em><\/h5>\n\n\n\n<div style=\"height:20px\" aria-hidden=\"true\" class=\"wp-block-spacer\"><\/div>\n\n\n\n<h3 class=\"wp-block-heading\"><strong><em>Ben\u00e7\u00e3o das Alian\u00e7as<\/em><\/strong><\/h3>\n\n\n\n<div style=\"height:20px\" aria-hidden=\"true\" class=\"wp-block-spacer\"><\/div>\n\n\n\n<div class=\"wp-block-image\"><figure class=\"aligncenter size-large is-resized\"><img decoding=\"async\" loading=\"lazy\" src=\"https:\/\/www.ivanabeaumond.com.br\/vestidos-noiva\/wp-content\/uploads\/2020\/09\/m\u00fasica-alian\u00e7a-1024x684.jpg\" alt=\"\" class=\"wp-image-26356\" width=\"558\" height=\"372\" srcset=\"https:\/\/www.ivanabeaumond.com.br\/vestidos-noiva\/wp-content\/uploads\/2020\/09\/m\u00fasica-alian\u00e7a-1024x684.jpg 1024w, https:\/\/www.ivanabeaumond.com.br\/vestidos-noiva\/wp-content\/uploads\/2020\/09\/m\u00fasica-alian\u00e7a-300x200.jpg 300w, https:\/\/www.ivanabeaumond.com.br\/vestidos-noiva\/wp-content\/uploads\/2020\/09\/m\u00fasica-alian\u00e7a-768x513.jpg 768w, https:\/\/www.ivanabeaumond.com.br\/vestidos-noiva\/wp-content\/uploads\/2020\/09\/m\u00fasica-alian\u00e7a-1536x1025.jpg 1536w, https:\/\/www.ivanabeaumond.com.br\/vestidos-noiva\/wp-content\/uploads\/2020\/09\/m\u00fasica-alian\u00e7a-480x320.jpg 480w, https:\/\/www.ivanabeaumond.com.br\/vestidos-noiva\/wp-content\/uploads\/2020\/09\/m\u00fasica-alian\u00e7a.jpg 1600w\" sizes=\"(max-width: 558px) 100vw, 558px\" \/><\/figure><\/div>\n\n\n\n<div style=\"height:20px\" aria-hidden=\"true\" class=\"wp-block-spacer\"><\/div>\n\n\n\n<h5 class=\"has-text-align-center wp-block-heading\"><span style=\"color:#6b6c6d\" class=\"has-inline-color\">Para a Ben\u00e7\u00e3o das Alian\u00e7as, a Ave Maria \u00e9 uma das m\u00fasicas mais pedidas e, naturalmente, existem in\u00fameras vers\u00f5es desta can\u00e7\u00e3o dispon\u00edveis online. No entanto, uma das mais bonitas e que chama muita aten\u00e7\u00e3o, especialmente de um p\u00fablico entre os vinte e trinta anos \u00e9 a regravada por<\/span> <a href=\"https:\/\/www.youtube.com\/watch?v=npvVQ0SHPyM\" target=\"_blank\" rel=\"noreferrer noopener\">Beyonc\u00e9<\/a>.<\/h5>\n\n\n\n<div style=\"height:20px\" aria-hidden=\"true\" class=\"wp-block-spacer\"><\/div>\n\n\n\n<h3 class=\"wp-block-heading\"><strong><em>Sa\u00edda dos Noivos<\/em><\/strong><\/h3>\n\n\n\n<div style=\"height:20px\" aria-hidden=\"true\" class=\"wp-block-spacer\"><\/div>\n\n\n\n<div class=\"wp-block-image\"><figure class=\"aligncenter size-medium is-resized\"><img decoding=\"async\" loading=\"lazy\" src=\"https:\/\/www.ivanabeaumond.com.br\/vestidos-noiva\/wp-content\/uploads\/2020\/09\/m\u00fasica-saida-noivos-300x200.jpg\" alt=\"\" class=\"wp-image-26357\" width=\"510\" height=\"340\" srcset=\"https:\/\/www.ivanabeaumond.com.br\/vestidos-noiva\/wp-content\/uploads\/2020\/09\/m\u00fasica-saida-noivos-300x200.jpg 300w, https:\/\/www.ivanabeaumond.com.br\/vestidos-noiva\/wp-content\/uploads\/2020\/09\/m\u00fasica-saida-noivos-1024x683.jpg 1024w, https:\/\/www.ivanabeaumond.com.br\/vestidos-noiva\/wp-content\/uploads\/2020\/09\/m\u00fasica-saida-noivos-768x512.jpg 768w, https:\/\/www.ivanabeaumond.com.br\/vestidos-noiva\/wp-content\/uploads\/2020\/09\/m\u00fasica-saida-noivos-1536x1024.jpg 1536w, https:\/\/www.ivanabeaumond.com.br\/vestidos-noiva\/wp-content\/uploads\/2020\/09\/m\u00fasica-saida-noivos-2048x1365.jpg 2048w, https:\/\/www.ivanabeaumond.com.br\/vestidos-noiva\/wp-content\/uploads\/2020\/09\/m\u00fasica-saida-noivos-480x320.jpg 480w\" sizes=\"(max-width: 510px) 100vw, 510px\" \/><\/figure><\/div>\n\n\n\n<div style=\"height:20px\" aria-hidden=\"true\" class=\"wp-block-spacer\"><\/div>\n\n\n\n<h5 class=\"has-text-align-center wp-block-heading\"><span style=\"color:#6b6c6d\" class=\"has-inline-color\">A sa\u00edda dos noivos pode ser bem descontra\u00edda e, para isso, vale acrescentar m\u00fasicas bem divertidas e que j\u00e1 animem os convidados que seguir\u00e3o para a cerim\u00f4nia. Neste contexto,<\/span><a rel=\"noreferrer noopener\" href=\"https:\/\/www.youtube.com\/watch?v=E0oyglKjbFQ\" target=\"_blank\"> I Do<\/a><span style=\"color:#6b6c6d\" class=\"has-inline-color\">, de Colbie Caillat, tamb\u00e9m aborda a tem\u00e1tica do casamento, mas \u00e9 leve e traz uma batida suave que combina bem com o momento.<\/span><\/h5>\n\n\n\n<div style=\"height:20px\" aria-hidden=\"true\" class=\"wp-block-spacer\"><\/div>\n\n\n\n<h5 class=\"has-text-align-center wp-block-heading\"><em><span style=\"color:#6b6c6d\" class=\"has-inline-color\">\u201cPodemos ser uma fam\u00edlia? Quando eu for velhinha, vou estar sentada ao seu lado e vamos nos lembrar de quando dissemos sim\u201d.<\/span><\/em><\/h5>\n\n\n\n<div style=\"height:20px\" aria-hidden=\"true\" class=\"wp-block-spacer\"><\/div>\n\n\n\n<h5 class=\"has-text-align-center wp-block-heading\"><span style=\"color:#6b6c6d\" class=\"has-inline-color\">E, ent\u00e3o, qual dessas m\u00fasicas mais chamou a sua aten\u00e7\u00e3o? Conte para a gente nas nossas redes sociais e n\u00e3o deixe de<\/span> <a href=\"https:\/\/www.ivanabeaumond.com.br\/vestidos-noiva\/moda-noiva-rj\/\" target=\"_blank\" rel=\"noreferrer noopener\">marcar o seu hor\u00e1rio<\/a><span style=\"color:#6b6c6d\" class=\"has-inline-color\"> na Ivana Beaumond para dar o pr\u00f3ximo passo nos preparativos do seu casamento: a escolha do vestido.<\/span><\/h5>\n\n\n\n<p><\/p>\n","protected":false},"excerpt":{"rendered":"<p>Est\u00e1 organizando a sua cerim\u00f4nia de casamento e ainda n\u00e3o&#8230;<\/p>\n","protected":false},"author":4,"featured_media":26352,"comment_status":"closed","ping_status":"closed","sticky":false,"template":"","format":"standard","meta":[],"categories":[60,127],"tags":[1084,1085,1121,660,1019,215,512,559,842,1118,132,671,638,286,959,278,107,903,455,155,98,296,157,164,858,857,885,108,212,213,258,199,115,762,690,200,754,813],"yoast_head":"<!-- This site is optimized with the Yoast SEO plugin v20.3 - https:\/\/yoast.com\/wordpress\/plugins\/seo\/ -->\n<title>Confira as Indica\u00e7\u00f5es de M\u00fasicas para a sua Cerim\u00f4nia de Casamento - Vestido de Noiva RJ<\/title>\n<meta name=\"robots\" content=\"index, follow, max-snippet:-1, max-image-preview:large, max-video-preview:-1\" \/>\n<link rel=\"canonical\" href=\"https:\/\/www.ivanabeaumond.com.br\/vestidos-noiva\/confira-as-indicacoes-de-musicas-para-a-sua-cerimonia-de-casamento\/\" \/>\n<meta property=\"og:locale\" content=\"pt_BR\" \/>\n<meta property=\"og:type\" content=\"article\" \/>\n<meta property=\"og:title\" content=\"Confira as Indica\u00e7\u00f5es de M\u00fasicas para a sua Cerim\u00f4nia de Casamento - Vestido de Noiva RJ\" \/>\n<meta property=\"og:description\" content=\"Est\u00e1 organizando a sua cerim\u00f4nia de casamento e ainda n\u00e3o...\" \/>\n<meta property=\"og:url\" content=\"https:\/\/www.ivanabeaumond.com.br\/vestidos-noiva\/confira-as-indicacoes-de-musicas-para-a-sua-cerimonia-de-casamento\/\" \/>\n<meta property=\"og:site_name\" content=\"Vestido de Noiva RJ\" \/>\n<meta property=\"article:publisher\" content=\"https:\/\/www.facebook.com\/ivana.beaumondnoivas\" \/>\n<meta property=\"article:published_time\" content=\"2020-10-30T17:00:00+00:00\" \/>\n<meta property=\"article:modified_time\" content=\"2020-10-30T17:04:45+00:00\" \/>\n<meta property=\"og:image\" content=\"https:\/\/www.ivanabeaumond.com.br\/vestidos-noiva\/wp-content\/uploads\/2020\/09\/m\u00fasica-padrinhos.jpg\" \/>\n\t<meta property=\"og:image:width\" content=\"564\" \/>\n\t<meta property=\"og:image:height\" content=\"422\" \/>\n\t<meta property=\"og:image:type\" content=\"image\/jpeg\" \/>\n<meta name=\"author\" content=\"Ivana Beaumond Paris\" \/>\n<meta name=\"twitter:card\" content=\"summary_large_image\" \/>\n<meta name=\"twitter:label1\" content=\"Escrito por\" \/>\n\t<meta name=\"twitter:data1\" content=\"Ivana Beaumond Paris\" \/>\n\t<meta name=\"twitter:label2\" content=\"Est. tempo de leitura\" \/>\n\t<meta name=\"twitter:data2\" content=\"4 minutos\" \/>\n<script type=\"application\/ld+json\" class=\"yoast-schema-graph\">{\"@context\":\"https:\/\/schema.org\",\"@graph\":[{\"@type\":\"Article\",\"@id\":\"https:\/\/www.ivanabeaumond.com.br\/vestidos-noiva\/confira-as-indicacoes-de-musicas-para-a-sua-cerimonia-de-casamento\/#article\",\"isPartOf\":{\"@id\":\"https:\/\/www.ivanabeaumond.com.br\/vestidos-noiva\/confira-as-indicacoes-de-musicas-para-a-sua-cerimonia-de-casamento\/\"},\"author\":{\"name\":\"Ivana Beaumond Paris\",\"@id\":\"https:\/\/www.ivanabeaumond.com.br\/vestidos-noiva\/#\/schema\/person\/1a360c4cffa3b806d29a456389dcff26\"},\"headline\":\"Confira as Indica\u00e7\u00f5es de M\u00fasicas para a sua Cerim\u00f4nia de Casamento\",\"datePublished\":\"2020-10-30T17:00:00+00:00\",\"dateModified\":\"2020-10-30T17:04:45+00:00\",\"mainEntityOfPage\":{\"@id\":\"https:\/\/www.ivanabeaumond.com.br\/vestidos-noiva\/confira-as-indicacoes-de-musicas-para-a-sua-cerimonia-de-casamento\/\"},\"wordCount\":808,\"publisher\":{\"@id\":\"https:\/\/www.ivanabeaumond.com.br\/vestidos-noiva\/#organization\"},\"keywords\":[\"alugar vestido de noiva\",\"alugar vestido de noiva rj\",\"ateli\u00ea de noivas\",\"atelier de noivas\",\"atelier de noivas rj\",\"Atelierdenoiva\",\"blog de noiva\",\"blog de noivas\",\"dicas de noiva\",\"dicas de vestido de noiva\",\"dicas ivana\",\"estilista de noiva\",\"estilista de noivas\",\"ivana beaumond\",\"ivana beaumond itanhang\u00e1\",\"ivana beaumond paris\",\"ivanabeaumond\",\"loja de noivas\",\"moda noiva\",\"modanoiva\",\"noiva\",\"noiva cl\u00e1ssica\",\"noiva e noivo\",\"noivas\",\"noivas rio de janeiro\",\"noivas rj\",\"noivas rom\u00e2nticas\",\"noivasivanabeaumond\",\"noivasriodejaneiro\",\"noivasrj\",\"noivinha\",\"sobmedidanoiva\",\"vestido de noiva\",\"vestido de noiva branco\",\"vestido de noiva rj\",\"VestidoDeNoivaRJ\",\"vestidos de noiva\",\"vestidos de noiva rj\"],\"articleSection\":[\"Blog\",\"Dicas e Truques\"],\"inLanguage\":\"pt-BR\"},{\"@type\":\"WebPage\",\"@id\":\"https:\/\/www.ivanabeaumond.com.br\/vestidos-noiva\/confira-as-indicacoes-de-musicas-para-a-sua-cerimonia-de-casamento\/\",\"url\":\"https:\/\/www.ivanabeaumond.com.br\/vestidos-noiva\/confira-as-indicacoes-de-musicas-para-a-sua-cerimonia-de-casamento\/\",\"name\":\"Confira as Indica\u00e7\u00f5es de M\u00fasicas para a sua Cerim\u00f4nia de Casamento - Vestido de Noiva RJ\",\"isPartOf\":{\"@id\":\"https:\/\/www.ivanabeaumond.com.br\/vestidos-noiva\/#website\"},\"datePublished\":\"2020-10-30T17:00:00+00:00\",\"dateModified\":\"2020-10-30T17:04:45+00:00\",\"breadcrumb\":{\"@id\":\"https:\/\/www.ivanabeaumond.com.br\/vestidos-noiva\/confira-as-indicacoes-de-musicas-para-a-sua-cerimonia-de-casamento\/#breadcrumb\"},\"inLanguage\":\"pt-BR\",\"potentialAction\":[{\"@type\":\"ReadAction\",\"target\":[\"https:\/\/www.ivanabeaumond.com.br\/vestidos-noiva\/confira-as-indicacoes-de-musicas-para-a-sua-cerimonia-de-casamento\/\"]}]},{\"@type\":\"BreadcrumbList\",\"@id\":\"https:\/\/www.ivanabeaumond.com.br\/vestidos-noiva\/confira-as-indicacoes-de-musicas-para-a-sua-cerimonia-de-casamento\/#breadcrumb\",\"itemListElement\":[{\"@type\":\"ListItem\",\"position\":1,\"name\":\"In\u00edcio\",\"item\":\"https:\/\/www.ivanabeaumond.com.br\/vestidos-noiva\/\"},{\"@type\":\"ListItem\",\"position\":2,\"name\":\"Confira as Indica\u00e7\u00f5es de M\u00fasicas para a sua Cerim\u00f4nia de Casamento\"}]},{\"@type\":\"WebSite\",\"@id\":\"https:\/\/www.ivanabeaumond.com.br\/vestidos-noiva\/#website\",\"url\":\"https:\/\/www.ivanabeaumond.com.br\/vestidos-noiva\/\",\"name\":\"Vestido de Noiva RJ\",\"description\":\"Moda Noiva\",\"publisher\":{\"@id\":\"https:\/\/www.ivanabeaumond.com.br\/vestidos-noiva\/#organization\"},\"potentialAction\":[{\"@type\":\"SearchAction\",\"target\":{\"@type\":\"EntryPoint\",\"urlTemplate\":\"https:\/\/www.ivanabeaumond.com.br\/vestidos-noiva\/?s={search_term_string}\"},\"query-input\":\"required name=search_term_string\"}],\"inLanguage\":\"pt-BR\"},{\"@type\":\"Organization\",\"@id\":\"https:\/\/www.ivanabeaumond.com.br\/vestidos-noiva\/#organization\",\"name\":\"Vestido de Noiva RJ\",\"url\":\"https:\/\/www.ivanabeaumond.com.br\/vestidos-noiva\/\",\"logo\":{\"@type\":\"ImageObject\",\"inLanguage\":\"pt-BR\",\"@id\":\"https:\/\/www.ivanabeaumond.com.br\/vestidos-noiva\/#\/schema\/logo\/image\/\",\"url\":\"https:\/\/www.ivanabeaumond.com.br\/vestidos-noiva\/wp-content\/uploads\/2018\/02\/logo_ivana_beaumond-2.png\",\"contentUrl\":\"https:\/\/www.ivanabeaumond.com.br\/vestidos-noiva\/wp-content\/uploads\/2018\/02\/logo_ivana_beaumond-2.png\",\"width\":230,\"height\":112,\"caption\":\"Vestido de Noiva RJ\"},\"image\":{\"@id\":\"https:\/\/www.ivanabeaumond.com.br\/vestidos-noiva\/#\/schema\/logo\/image\/\"},\"sameAs\":[\"https:\/\/www.facebook.com\/ivana.beaumondnoivas\",\"https:\/\/www.instagram.com\/ivanabeaumond\/\",\"https:\/\/www.tiktok.com\/@ivanabeaumond\"]},{\"@type\":\"Person\",\"@id\":\"https:\/\/www.ivanabeaumond.com.br\/vestidos-noiva\/#\/schema\/person\/1a360c4cffa3b806d29a456389dcff26\",\"name\":\"Ivana Beaumond Paris\",\"image\":{\"@type\":\"ImageObject\",\"inLanguage\":\"pt-BR\",\"@id\":\"https:\/\/www.ivanabeaumond.com.br\/vestidos-noiva\/#\/schema\/person\/image\/\",\"url\":\"https:\/\/secure.gravatar.com\/avatar\/641f98db20b53ec937ceb641db4270b9?s=96&d=mm&r=g\",\"contentUrl\":\"https:\/\/secure.gravatar.com\/avatar\/641f98db20b53ec937ceb641db4270b9?s=96&d=mm&r=g\",\"caption\":\"Ivana Beaumond Paris\"},\"url\":\"https:\/\/www.ivanabeaumond.com.br\/vestidos-noiva\/author\/ivana\/\"}]}<\/script>\n<!-- \/ Yoast SEO plugin. -->","yoast_head_json":{"title":"Confira as Indica\u00e7\u00f5es de M\u00fasicas para a sua Cerim\u00f4nia de Casamento - Vestido de Noiva RJ","robots":{"index":"index","follow":"follow","max-snippet":"max-snippet:-1","max-image-preview":"max-image-preview:large","max-video-preview":"max-video-preview:-1"},"canonical":"https:\/\/www.ivanabeaumond.com.br\/vestidos-noiva\/confira-as-indicacoes-de-musicas-para-a-sua-cerimonia-de-casamento\/","og_locale":"pt_BR","og_type":"article","og_title":"Confira as Indica\u00e7\u00f5es de M\u00fasicas para a sua Cerim\u00f4nia de Casamento - Vestido de Noiva RJ","og_description":"Est\u00e1 organizando a sua cerim\u00f4nia de casamento e ainda n\u00e3o...","og_url":"https:\/\/www.ivanabeaumond.com.br\/vestidos-noiva\/confira-as-indicacoes-de-musicas-para-a-sua-cerimonia-de-casamento\/","og_site_name":"Vestido de Noiva RJ","article_publisher":"https:\/\/www.facebook.com\/ivana.beaumondnoivas","article_published_time":"2020-10-30T17:00:00+00:00","article_modified_time":"2020-10-30T17:04:45+00:00","og_image":[{"width":564,"height":422,"url":"https:\/\/www.ivanabeaumond.com.br\/vestidos-noiva\/wp-content\/uploads\/2020\/09\/m\u00fasica-padrinhos.jpg","type":"image\/jpeg"}],"author":"Ivana Beaumond Paris","twitter_card":"summary_large_image","twitter_misc":{"Escrito por":"Ivana Beaumond Paris","Est. tempo de leitura":"4 minutos"},"schema":{"@context":"https:\/\/schema.org","@graph":[{"@type":"Article","@id":"https:\/\/www.ivanabeaumond.com.br\/vestidos-noiva\/confira-as-indicacoes-de-musicas-para-a-sua-cerimonia-de-casamento\/#article","isPartOf":{"@id":"https:\/\/www.ivanabeaumond.com.br\/vestidos-noiva\/confira-as-indicacoes-de-musicas-para-a-sua-cerimonia-de-casamento\/"},"author":{"name":"Ivana Beaumond Paris","@id":"https:\/\/www.ivanabeaumond.com.br\/vestidos-noiva\/#\/schema\/person\/1a360c4cffa3b806d29a456389dcff26"},"headline":"Confira as Indica\u00e7\u00f5es de M\u00fasicas para a sua Cerim\u00f4nia de Casamento","datePublished":"2020-10-30T17:00:00+00:00","dateModified":"2020-10-30T17:04:45+00:00","mainEntityOfPage":{"@id":"https:\/\/www.ivanabeaumond.com.br\/vestidos-noiva\/confira-as-indicacoes-de-musicas-para-a-sua-cerimonia-de-casamento\/"},"wordCount":808,"publisher":{"@id":"https:\/\/www.ivanabeaumond.com.br\/vestidos-noiva\/#organization"},"keywords":["alugar vestido de noiva","alugar vestido de noiva rj","ateli\u00ea de noivas","atelier de noivas","atelier de noivas rj","Atelierdenoiva","blog de noiva","blog de noivas","dicas de noiva","dicas de vestido de noiva","dicas ivana","estilista de noiva","estilista de noivas","ivana beaumond","ivana beaumond itanhang\u00e1","ivana beaumond paris","ivanabeaumond","loja de noivas","moda noiva","modanoiva","noiva","noiva cl\u00e1ssica","noiva e noivo","noivas","noivas rio de janeiro","noivas rj","noivas rom\u00e2nticas","noivasivanabeaumond","noivasriodejaneiro","noivasrj","noivinha","sobmedidanoiva","vestido de noiva","vestido de noiva branco","vestido de noiva rj","VestidoDeNoivaRJ","vestidos de noiva","vestidos de noiva rj"],"articleSection":["Blog","Dicas e Truques"],"inLanguage":"pt-BR"},{"@type":"WebPage","@id":"https:\/\/www.ivanabeaumond.com.br\/vestidos-noiva\/confira-as-indicacoes-de-musicas-para-a-sua-cerimonia-de-casamento\/","url":"https:\/\/www.ivanabeaumond.com.br\/vestidos-noiva\/confira-as-indicacoes-de-musicas-para-a-sua-cerimonia-de-casamento\/","name":"Confira as Indica\u00e7\u00f5es de M\u00fasicas para a sua Cerim\u00f4nia de Casamento - Vestido de Noiva RJ","isPartOf":{"@id":"https:\/\/www.ivanabeaumond.com.br\/vestidos-noiva\/#website"},"datePublished":"2020-10-30T17:00:00+00:00","dateModified":"2020-10-30T17:04:45+00:00","breadcrumb":{"@id":"https:\/\/www.ivanabeaumond.com.br\/vestidos-noiva\/confira-as-indicacoes-de-musicas-para-a-sua-cerimonia-de-casamento\/#breadcrumb"},"inLanguage":"pt-BR","potentialAction":[{"@type":"ReadAction","target":["https:\/\/www.ivanabeaumond.com.br\/vestidos-noiva\/confira-as-indicacoes-de-musicas-para-a-sua-cerimonia-de-casamento\/"]}]},{"@type":"BreadcrumbList","@id":"https:\/\/www.ivanabeaumond.com.br\/vestidos-noiva\/confira-as-indicacoes-de-musicas-para-a-sua-cerimonia-de-casamento\/#breadcrumb","itemListElement":[{"@type":"ListItem","position":1,"name":"In\u00edcio","item":"https:\/\/www.ivanabeaumond.com.br\/vestidos-noiva\/"},{"@type":"ListItem","position":2,"name":"Confira as Indica\u00e7\u00f5es de M\u00fasicas para a sua Cerim\u00f4nia de Casamento"}]},{"@type":"WebSite","@id":"https:\/\/www.ivanabeaumond.com.br\/vestidos-noiva\/#website","url":"https:\/\/www.ivanabeaumond.com.br\/vestidos-noiva\/","name":"Vestido de Noiva RJ","description":"Moda Noiva","publisher":{"@id":"https:\/\/www.ivanabeaumond.com.br\/vestidos-noiva\/#organization"},"potentialAction":[{"@type":"SearchAction","target":{"@type":"EntryPoint","urlTemplate":"https:\/\/www.ivanabeaumond.com.br\/vestidos-noiva\/?s={search_term_string}"},"query-input":"required name=search_term_string"}],"inLanguage":"pt-BR"},{"@type":"Organization","@id":"https:\/\/www.ivanabeaumond.com.br\/vestidos-noiva\/#organization","name":"Vestido de Noiva RJ","url":"https:\/\/www.ivanabeaumond.com.br\/vestidos-noiva\/","logo":{"@type":"ImageObject","inLanguage":"pt-BR","@id":"https:\/\/www.ivanabeaumond.com.br\/vestidos-noiva\/#\/schema\/logo\/image\/","url":"https:\/\/www.ivanabeaumond.com.br\/vestidos-noiva\/wp-content\/uploads\/2018\/02\/logo_ivana_beaumond-2.png","contentUrl":"https:\/\/www.ivanabeaumond.com.br\/vestidos-noiva\/wp-content\/uploads\/2018\/02\/logo_ivana_beaumond-2.png","width":230,"height":112,"caption":"Vestido de Noiva RJ"},"image":{"@id":"https:\/\/www.ivanabeaumond.com.br\/vestidos-noiva\/#\/schema\/logo\/image\/"},"sameAs":["https:\/\/www.facebook.com\/ivana.beaumondnoivas","https:\/\/www.instagram.com\/ivanabeaumond\/","https:\/\/www.tiktok.com\/@ivanabeaumond"]},{"@type":"Person","@id":"https:\/\/www.ivanabeaumond.com.br\/vestidos-noiva\/#\/schema\/person\/1a360c4cffa3b806d29a456389dcff26","name":"Ivana Beaumond Paris","image":{"@type":"ImageObject","inLanguage":"pt-BR","@id":"https:\/\/www.ivanabeaumond.com.br\/vestidos-noiva\/#\/schema\/person\/image\/","url":"https:\/\/secure.gravatar.com\/avatar\/641f98db20b53ec937ceb641db4270b9?s=96&d=mm&r=g","contentUrl":"https:\/\/secure.gravatar.com\/avatar\/641f98db20b53ec937ceb641db4270b9?s=96&d=mm&r=g","caption":"Ivana Beaumond Paris"},"url":"https:\/\/www.ivanabeaumond.com.br\/vestidos-noiva\/author\/ivana\/"}]}},"_links":{"self":[{"href":"https:\/\/www.ivanabeaumond.com.br\/vestidos-noiva\/wp-json\/wp\/v2\/posts\/26351"}],"collection":[{"href":"https:\/\/www.ivanabeaumond.com.br\/vestidos-noiva\/wp-json\/wp\/v2\/posts"}],"about":[{"href":"https:\/\/www.ivanabeaumond.com.br\/vestidos-noiva\/wp-json\/wp\/v2\/types\/post"}],"author":[{"embeddable":true,"href":"https:\/\/www.ivanabeaumond.com.br\/vestidos-noiva\/wp-json\/wp\/v2\/users\/4"}],"replies":[{"embeddable":true,"href":"https:\/\/www.ivanabeaumond.com.br\/vestidos-noiva\/wp-json\/wp\/v2\/comments?post=26351"}],"version-history":[{"count":2,"href":"https:\/\/www.ivanabeaumond.com.br\/vestidos-noiva\/wp-json\/wp\/v2\/posts\/26351\/revisions"}],"predecessor-version":[{"id":26359,"href":"https:\/\/www.ivanabeaumond.com.br\/vestidos-noiva\/wp-json\/wp\/v2\/posts\/26351\/revisions\/26359"}],"wp:featuredmedia":[{"embeddable":true,"href":"https:\/\/www.ivanabeaumond.com.br\/vestidos-noiva\/wp-json\/wp\/v2\/media\/26352"}],"wp:attachment":[{"href":"https:\/\/www.ivanabeaumond.com.br\/vestidos-noiva\/wp-json\/wp\/v2\/media?parent=26351"}],"wp:term":[{"taxonomy":"category","embeddable":true,"href":"https:\/\/www.ivanabeaumond.com.br\/vestidos-noiva\/wp-json\/wp\/v2\/categories?post=26351"},{"taxonomy":"post_tag","embeddable":true,"href":"https:\/\/www.ivanabeaumond.com.br\/vestidos-noiva\/wp-json\/wp\/v2\/tags?post=26351"}],"curies":[{"name":"wp","href":"https:\/\/api.w.org\/{rel}","templated":true}]}}