{"id":26360,"date":"2020-09-23T12:48:43","date_gmt":"2020-09-23T15:48:43","guid":{"rendered":"https:\/\/www.ivanabeaumond.com.br\/vestidos-noiva\/?p=26360"},"modified":"2020-09-23T12:51:50","modified_gmt":"2020-09-23T15:51:50","slug":"descubra-a-importancia-dos-pajens-e-daminhas-na-cerimonia","status":"publish","type":"post","link":"https:\/\/www.ivanabeaumond.com.br\/vestidos-noiva\/descubra-a-importancia-dos-pajens-e-daminhas-na-cerimonia\/","title":{"rendered":"Descubra a Import\u00e2ncia dos Pajens e Daminhas na Cerim\u00f4nia"},"content":{"rendered":"\n<div style=\"height:20px\" aria-hidden=\"true\" class=\"wp-block-spacer\"><\/div>\n\n\n\n<div class=\"wp-block-image\"><figure class=\"aligncenter size-medium is-resized\"><img decoding=\"async\" loading=\"lazy\" src=\"https:\/\/www.ivanabeaumond.com.br\/vestidos-noiva\/wp-content\/uploads\/2020\/09\/pajens-e-daminhas-inicio-300x225.jpg\" alt=\"\" class=\"wp-image-26361\" width=\"516\" height=\"388\" srcset=\"https:\/\/www.ivanabeaumond.com.br\/vestidos-noiva\/wp-content\/uploads\/2020\/09\/pajens-e-daminhas-inicio-300x225.jpg 300w, https:\/\/www.ivanabeaumond.com.br\/vestidos-noiva\/wp-content\/uploads\/2020\/09\/pajens-e-daminhas-inicio-1024x769.jpg 1024w, https:\/\/www.ivanabeaumond.com.br\/vestidos-noiva\/wp-content\/uploads\/2020\/09\/pajens-e-daminhas-inicio-768x577.jpg 768w, https:\/\/www.ivanabeaumond.com.br\/vestidos-noiva\/wp-content\/uploads\/2020\/09\/pajens-e-daminhas-inicio-1536x1153.jpg 1536w, https:\/\/www.ivanabeaumond.com.br\/vestidos-noiva\/wp-content\/uploads\/2020\/09\/pajens-e-daminhas-inicio-2048x1537.jpg 2048w\" sizes=\"(max-width: 516px) 100vw, 516px\" \/><\/figure><\/div>\n\n\n\n<div style=\"height:20px\" aria-hidden=\"true\" class=\"wp-block-spacer\"><\/div>\n\n\n\n<h5 class=\"has-text-align-center wp-block-heading\"><span style=\"color:#6b6c6d\" class=\"has-inline-color\">Eles t\u00eam a fun\u00e7\u00e3o de abrir passagem para a entrada da noiva, levar flores, segurar o buqu\u00ea e at\u00e9 mesmo carregar as alian\u00e7as. Presen\u00e7a certa em todos os matrim\u00f4nios, os pajens e daminhas conseguem acrescentar uma pitada de fofura \u00e0 uma cerim\u00f4nia s\u00e9ria, adicionando um pouco de meiguice e, claro, representando os noivos em suas vers\u00f5es mirins.<\/span><\/h5>\n\n\n\n<div style=\"height:20px\" aria-hidden=\"true\" class=\"wp-block-spacer\"><\/div>\n\n\n\n<h5 class=\"has-text-align-center wp-block-heading\"><span style=\"color:#6b6c6d\" class=\"has-inline-color\">Quer saber qual a import\u00e2ncia destes pequenos em um momento t\u00e3o especial? Confira agora e, claro, envie este artigo para as mam\u00e3es e papais dos seus escolhidos. Temos certeza que eles ir\u00e3o adorar!<\/span><\/h5>\n\n\n\n<div style=\"height:20px\" aria-hidden=\"true\" class=\"wp-block-spacer\"><\/div>\n\n\n\n<h3 class=\"wp-block-heading\"><strong><em>A Tradi\u00e7\u00e3o<\/em><\/strong><\/h3>\n\n\n\n<div style=\"height:20px\" aria-hidden=\"true\" class=\"wp-block-spacer\"><\/div>\n\n\n\n<h5 class=\"has-text-align-center wp-block-heading\"><span style=\"color:#6b6c6d\" class=\"has-inline-color\">Capazes de arrancar suspiros, os pajens e daminhas s\u00e3o um charme \u00e0 parte em todo casamento. No entanto, o que hoje \u00e9 visto com frequ\u00eancia em diferentes igrejas foi, anteriormente, uma tradi\u00e7\u00e3o originada na Idade M\u00e9dia e que se espalhou pelo mundo.<\/span><\/h5>\n\n\n\n<div style=\"height:20px\" aria-hidden=\"true\" class=\"wp-block-spacer\"><\/div>\n\n\n\n<h5 class=\"has-text-align-center wp-block-heading\"><span style=\"color:#6b6c6d\" class=\"has-inline-color\">Naquela \u00e9poca, acreditava-se que os maus esp\u00edritos estariam presentes na cerim\u00f4nia para trazer agouros e azar para o casal. Por isso, a ideia seria confundi-los colocando crian\u00e7as com roupas similares \u00e0s dos noivos, fazendo com que estas entidades maldosas debru\u00e7assem seus esfor\u00e7os nas pessoas erradas e, assim, os pombinhos ficassem livres.<\/span><\/h5>\n\n\n\n<div style=\"height:20px\" aria-hidden=\"true\" class=\"wp-block-spacer\"><\/div>\n\n\n\n<div class=\"wp-block-image\"><figure class=\"aligncenter size-large is-resized\"><img decoding=\"async\" loading=\"lazy\" src=\"https:\/\/www.ivanabeaumond.com.br\/vestidos-noiva\/wp-content\/uploads\/2020\/09\/pajens-e-daminhas-3.jpg\" alt=\"\" class=\"wp-image-26362\" width=\"557\" height=\"371\" srcset=\"https:\/\/www.ivanabeaumond.com.br\/vestidos-noiva\/wp-content\/uploads\/2020\/09\/pajens-e-daminhas-3.jpg 720w, https:\/\/www.ivanabeaumond.com.br\/vestidos-noiva\/wp-content\/uploads\/2020\/09\/pajens-e-daminhas-3-300x200.jpg 300w, https:\/\/www.ivanabeaumond.com.br\/vestidos-noiva\/wp-content\/uploads\/2020\/09\/pajens-e-daminhas-3-480x320.jpg 480w\" sizes=\"(max-width: 557px) 100vw, 557px\" \/><\/figure><\/div>\n\n\n\n<div style=\"height:20px\" aria-hidden=\"true\" class=\"wp-block-spacer\"><\/div>\n\n\n\n<h5 class=\"has-text-align-center wp-block-heading\"><span style=\"color:#6b6c6d\" class=\"has-inline-color\">Apesar de, atualmente, as pessoas desconsiderarem a presen\u00e7a destes esp\u00edritos ruins querendo estragar a felicidade alheia, a ideia ainda se manteve. E mais do que isso: passou a ser um momento chave que deixa todos ansiosos e apreensivos, na expectativa dos pequenos fazerem bonito e encantarem os convidados.<\/span><\/h5>\n\n\n\n<div style=\"height:20px\" aria-hidden=\"true\" class=\"wp-block-spacer\"><\/div>\n\n\n\n<h3 class=\"wp-block-heading\"><strong><em>Os Detalhes<\/em><\/strong><\/h3>\n\n\n\n<div style=\"height:20px\" aria-hidden=\"true\" class=\"wp-block-spacer\"><\/div>\n\n\n\n<h5 class=\"has-text-align-center wp-block-heading\"><span style=\"color:#6b6c6d\" class=\"has-inline-color\">Em geral, n\u00e3o existe uma regra para quantos pajens e daminhas um casal deve ter na cerim\u00f4nia. Contudo, \u00e9 interessante ter bom senso e reduzir esta quantidade para a menor poss\u00edvel, mantendo uma m\u00e9dia de duas a quatro crian\u00e7as neste momento.<\/span><\/h5>\n\n\n\n<div style=\"height:20px\" aria-hidden=\"true\" class=\"wp-block-spacer\"><\/div>\n\n\n\n<h5 class=\"has-text-align-center wp-block-heading\"><span style=\"color:#6b6c6d\" class=\"has-inline-color\">Ainda assim, se voc\u00ea tiver muitos pequenos na fam\u00edlia e n\u00e3o quiser deixar ningu\u00e9m de fora, vale a pena considerar o espa\u00e7o da igreja para garantir que os integrantes do cortejo n\u00e3o ficar\u00e3o apertados e que o n\u00famero de pajens e damas n\u00e3o ser\u00e1 excessivo.<\/span><\/h5>\n\n\n\n<div style=\"height:20px\" aria-hidden=\"true\" class=\"wp-block-spacer\"><\/div>\n\n\n\n<div class=\"wp-block-image\"><figure class=\"aligncenter size-large is-resized\"><img decoding=\"async\" loading=\"lazy\" src=\"https:\/\/www.ivanabeaumond.com.br\/vestidos-noiva\/wp-content\/uploads\/2020\/09\/pajens-e-daminhas-2.jpg\" alt=\"\" class=\"wp-image-26363\" width=\"536\" height=\"357\" srcset=\"https:\/\/www.ivanabeaumond.com.br\/vestidos-noiva\/wp-content\/uploads\/2020\/09\/pajens-e-daminhas-2.jpg 1024w, https:\/\/www.ivanabeaumond.com.br\/vestidos-noiva\/wp-content\/uploads\/2020\/09\/pajens-e-daminhas-2-300x200.jpg 300w, https:\/\/www.ivanabeaumond.com.br\/vestidos-noiva\/wp-content\/uploads\/2020\/09\/pajens-e-daminhas-2-768x512.jpg 768w, https:\/\/www.ivanabeaumond.com.br\/vestidos-noiva\/wp-content\/uploads\/2020\/09\/pajens-e-daminhas-2-480x320.jpg 480w\" sizes=\"(max-width: 536px) 100vw, 536px\" \/><\/figure><\/div>\n\n\n\n<div style=\"height:20px\" aria-hidden=\"true\" class=\"wp-block-spacer\"><\/div>\n\n\n\n<h5 class=\"has-text-align-center wp-block-heading\"><span style=\"color:#6b6c6d\" class=\"has-inline-color\">J\u00e1 em rela\u00e7\u00e3o \u00e0 idade, \u00e9 importante ter em mente que as crian\u00e7as muito novinhas podem se distrair ao longo do processo, trope\u00e7ar, chorar e at\u00e9 mesmo desistirem de entrar na igreja. Quanto menores, mais imprevis\u00edveis e, se voc\u00ea for uma noiva muito detalhista, isso pode n\u00e3o ser o ideal para que seu matrim\u00f4nio corra com perfei\u00e7\u00e3o.<\/span><\/h5>\n\n\n\n<div style=\"height:20px\" aria-hidden=\"true\" class=\"wp-block-spacer\"><\/div>\n\n\n\n<h5 class=\"has-text-align-center wp-block-heading\"><span style=\"color:#6b6c6d\" class=\"has-inline-color\">Por este motivo, o ideal \u00e9 que elas tenham uma m\u00e9dia de quatro a doze anos, n\u00e3o ultrapassando esta faixa et\u00e1ria para que, tamb\u00e9m, n\u00e3o fiquem muito mais velhas do que o recomendado.<\/span><\/h5>\n\n\n\n<div style=\"height:20px\" aria-hidden=\"true\" class=\"wp-block-spacer\"><\/div>\n\n\n\n<h5 class=\"has-text-align-center wp-block-heading\"><span style=\"color:#6b6c6d\" class=\"has-inline-color\">Por este motivo, o ideal \u00e9 que elas tenham uma m\u00e9dia de quatro a doze anos, n\u00e3o ultrapassando esta faixa et\u00e1ria para que, tamb\u00e9m, n\u00e3o fiquem muito mais velhas do que o recomendado.<\/span><\/h5>\n\n\n\n<div style=\"height:20px\" aria-hidden=\"true\" class=\"wp-block-spacer\"><\/div>\n\n\n\n<h3 class=\"wp-block-heading\"><strong><em>O Traje<\/em><\/strong><\/h3>\n\n\n\n<div style=\"height:20px\" aria-hidden=\"true\" class=\"wp-block-spacer\"><\/div>\n\n\n\n<h5 class=\"has-text-align-center wp-block-heading\"><span style=\"color:#6b6c6d\" class=\"has-inline-color\">Se a sua daminha precisa de um vestido especial para este momento, venha conhecer a<\/span> <a rel=\"noreferrer noopener\" href=\"https:\/\/www.ivanabeaumond.com.br\/vestidos-noiva\/damas\/\u201d>Cole\u00e7\u00e3o&#8221; target=&#8221;_blank&#8221;>Ivana Beaumond<\/a> <span style=\"color:#6b6c6d\" class=\"has-inline-color\">e aproveite tamb\u00e9m para agendar uma visita\u00e7\u00e3o ao nosso ateli\u00ea.<\/span><\/h5>\n\n\n\n<div style=\"height:79px\" aria-hidden=\"true\" class=\"wp-block-spacer\"><\/div>\n\n\n\n<h5 class=\"has-text-align-center wp-block-heading\"><span style=\"color:#6b6c6d\" class=\"has-inline-color\">Aqui, temos as melhores op\u00e7\u00f5es para deixar a sua pequena como uma verdadeira princesa e, assim, fazer deste instante um per\u00edodo memor\u00e1vel para voc\u00ea e para ela. Entre em contato conosco e saiba mais!<\/span><\/h5>\n","protected":false},"excerpt":{"rendered":"<p>Eles t\u00eam a fun\u00e7\u00e3o de abrir passagem para a entrada&#8230;<\/p>\n","protected":false},"author":4,"featured_media":26361,"comment_status":"closed","ping_status":"closed","sticky":false,"template":"","format":"standard","meta":[],"categories":[60,127],"tags":[],"yoast_head":"<!-- This site is optimized with the Yoast SEO plugin v20.3 - https:\/\/yoast.com\/wordpress\/plugins\/seo\/ -->\n<title>Descubra a Import\u00e2ncia dos Pajens e Daminhas na Cerim\u00f4nia - Vestido de Noiva RJ<\/title>\n<meta name=\"robots\" content=\"index, follow, max-snippet:-1, max-image-preview:large, max-video-preview:-1\" \/>\n<link rel=\"canonical\" href=\"https:\/\/www.ivanabeaumond.com.br\/vestidos-noiva\/descubra-a-importancia-dos-pajens-e-daminhas-na-cerimonia\/\" \/>\n<meta property=\"og:locale\" content=\"pt_BR\" \/>\n<meta property=\"og:type\" content=\"article\" \/>\n<meta property=\"og:title\" content=\"Descubra a Import\u00e2ncia dos Pajens e Daminhas na Cerim\u00f4nia - Vestido de Noiva RJ\" \/>\n<meta property=\"og:description\" content=\"Eles t\u00eam a fun\u00e7\u00e3o de abrir passagem para a entrada...\" \/>\n<meta property=\"og:url\" content=\"https:\/\/www.ivanabeaumond.com.br\/vestidos-noiva\/descubra-a-importancia-dos-pajens-e-daminhas-na-cerimonia\/\" \/>\n<meta property=\"og:site_name\" content=\"Vestido de Noiva RJ\" \/>\n<meta property=\"article:publisher\" content=\"https:\/\/www.facebook.com\/ivana.beaumondnoivas\" \/>\n<meta property=\"article:published_time\" content=\"2020-09-23T15:48:43+00:00\" \/>\n<meta property=\"article:modified_time\" content=\"2020-09-23T15:51:50+00:00\" \/>\n<meta property=\"og:image\" content=\"https:\/\/www.ivanabeaumond.com.br\/vestidos-noiva\/wp-content\/uploads\/2020\/09\/pajens-e-daminhas-inicio-scaled.jpg\" \/>\n\t<meta property=\"og:image:width\" content=\"2560\" \/>\n\t<meta property=\"og:image:height\" content=\"1922\" \/>\n\t<meta property=\"og:image:type\" content=\"image\/jpeg\" \/>\n<meta name=\"author\" content=\"Ivana Beaumond Paris\" \/>\n<meta name=\"twitter:card\" content=\"summary_large_image\" \/>\n<meta name=\"twitter:label1\" content=\"Escrito por\" \/>\n\t<meta name=\"twitter:data1\" content=\"Ivana Beaumond Paris\" \/>\n\t<meta name=\"twitter:label2\" content=\"Est. tempo de leitura\" \/>\n\t<meta name=\"twitter:data2\" content=\"3 minutos\" \/>\n<script type=\"application\/ld+json\" class=\"yoast-schema-graph\">{\"@context\":\"https:\/\/schema.org\",\"@graph\":[{\"@type\":\"Article\",\"@id\":\"https:\/\/www.ivanabeaumond.com.br\/vestidos-noiva\/descubra-a-importancia-dos-pajens-e-daminhas-na-cerimonia\/#article\",\"isPartOf\":{\"@id\":\"https:\/\/www.ivanabeaumond.com.br\/vestidos-noiva\/descubra-a-importancia-dos-pajens-e-daminhas-na-cerimonia\/\"},\"author\":{\"name\":\"Ivana Beaumond Paris\",\"@id\":\"https:\/\/www.ivanabeaumond.com.br\/vestidos-noiva\/#\/schema\/person\/1a360c4cffa3b806d29a456389dcff26\"},\"headline\":\"Descubra a Import\u00e2ncia dos Pajens e Daminhas na Cerim\u00f4nia\",\"datePublished\":\"2020-09-23T15:48:43+00:00\",\"dateModified\":\"2020-09-23T15:51:50+00:00\",\"mainEntityOfPage\":{\"@id\":\"https:\/\/www.ivanabeaumond.com.br\/vestidos-noiva\/descubra-a-importancia-dos-pajens-e-daminhas-na-cerimonia\/\"},\"wordCount\":569,\"publisher\":{\"@id\":\"https:\/\/www.ivanabeaumond.com.br\/vestidos-noiva\/#organization\"},\"articleSection\":[\"Blog\",\"Dicas e Truques\"],\"inLanguage\":\"pt-BR\"},{\"@type\":\"WebPage\",\"@id\":\"https:\/\/www.ivanabeaumond.com.br\/vestidos-noiva\/descubra-a-importancia-dos-pajens-e-daminhas-na-cerimonia\/\",\"url\":\"https:\/\/www.ivanabeaumond.com.br\/vestidos-noiva\/descubra-a-importancia-dos-pajens-e-daminhas-na-cerimonia\/\",\"name\":\"Descubra a Import\u00e2ncia dos Pajens e Daminhas na Cerim\u00f4nia - Vestido de Noiva RJ\",\"isPartOf\":{\"@id\":\"https:\/\/www.ivanabeaumond.com.br\/vestidos-noiva\/#website\"},\"datePublished\":\"2020-09-23T15:48:43+00:00\",\"dateModified\":\"2020-09-23T15:51:50+00:00\",\"breadcrumb\":{\"@id\":\"https:\/\/www.ivanabeaumond.com.br\/vestidos-noiva\/descubra-a-importancia-dos-pajens-e-daminhas-na-cerimonia\/#breadcrumb\"},\"inLanguage\":\"pt-BR\",\"potentialAction\":[{\"@type\":\"ReadAction\",\"target\":[\"https:\/\/www.ivanabeaumond.com.br\/vestidos-noiva\/descubra-a-importancia-dos-pajens-e-daminhas-na-cerimonia\/\"]}]},{\"@type\":\"BreadcrumbList\",\"@id\":\"https:\/\/www.ivanabeaumond.com.br\/vestidos-noiva\/descubra-a-importancia-dos-pajens-e-daminhas-na-cerimonia\/#breadcrumb\",\"itemListElement\":[{\"@type\":\"ListItem\",\"position\":1,\"name\":\"In\u00edcio\",\"item\":\"https:\/\/www.ivanabeaumond.com.br\/vestidos-noiva\/\"},{\"@type\":\"ListItem\",\"position\":2,\"name\":\"Descubra a Import\u00e2ncia dos Pajens e Daminhas na Cerim\u00f4nia\"}]},{\"@type\":\"WebSite\",\"@id\":\"https:\/\/www.ivanabeaumond.com.br\/vestidos-noiva\/#website\",\"url\":\"https:\/\/www.ivanabeaumond.com.br\/vestidos-noiva\/\",\"name\":\"Vestido de Noiva RJ\",\"description\":\"Moda Noiva\",\"publisher\":{\"@id\":\"https:\/\/www.ivanabeaumond.com.br\/vestidos-noiva\/#organization\"},\"potentialAction\":[{\"@type\":\"SearchAction\",\"target\":{\"@type\":\"EntryPoint\",\"urlTemplate\":\"https:\/\/www.ivanabeaumond.com.br\/vestidos-noiva\/?s={search_term_string}\"},\"query-input\":\"required name=search_term_string\"}],\"inLanguage\":\"pt-BR\"},{\"@type\":\"Organization\",\"@id\":\"https:\/\/www.ivanabeaumond.com.br\/vestidos-noiva\/#organization\",\"name\":\"Vestido de Noiva RJ\",\"url\":\"https:\/\/www.ivanabeaumond.com.br\/vestidos-noiva\/\",\"logo\":{\"@type\":\"ImageObject\",\"inLanguage\":\"pt-BR\",\"@id\":\"https:\/\/www.ivanabeaumond.com.br\/vestidos-noiva\/#\/schema\/logo\/image\/\",\"url\":\"https:\/\/www.ivanabeaumond.com.br\/vestidos-noiva\/wp-content\/uploads\/2018\/02\/logo_ivana_beaumond-2.png\",\"contentUrl\":\"https:\/\/www.ivanabeaumond.com.br\/vestidos-noiva\/wp-content\/uploads\/2018\/02\/logo_ivana_beaumond-2.png\",\"width\":230,\"height\":112,\"caption\":\"Vestido de Noiva RJ\"},\"image\":{\"@id\":\"https:\/\/www.ivanabeaumond.com.br\/vestidos-noiva\/#\/schema\/logo\/image\/\"},\"sameAs\":[\"https:\/\/www.facebook.com\/ivana.beaumondnoivas\",\"https:\/\/www.instagram.com\/ivanabeaumond\/\",\"https:\/\/www.tiktok.com\/@ivanabeaumond\"]},{\"@type\":\"Person\",\"@id\":\"https:\/\/www.ivanabeaumond.com.br\/vestidos-noiva\/#\/schema\/person\/1a360c4cffa3b806d29a456389dcff26\",\"name\":\"Ivana Beaumond Paris\",\"image\":{\"@type\":\"ImageObject\",\"inLanguage\":\"pt-BR\",\"@id\":\"https:\/\/www.ivanabeaumond.com.br\/vestidos-noiva\/#\/schema\/person\/image\/\",\"url\":\"https:\/\/secure.gravatar.com\/avatar\/641f98db20b53ec937ceb641db4270b9?s=96&d=mm&r=g\",\"contentUrl\":\"https:\/\/secure.gravatar.com\/avatar\/641f98db20b53ec937ceb641db4270b9?s=96&d=mm&r=g\",\"caption\":\"Ivana Beaumond Paris\"},\"url\":\"https:\/\/www.ivanabeaumond.com.br\/vestidos-noiva\/author\/ivana\/\"}]}<\/script>\n<!-- \/ Yoast SEO plugin. -->","yoast_head_json":{"title":"Descubra a Import\u00e2ncia dos Pajens e Daminhas na Cerim\u00f4nia - Vestido de Noiva RJ","robots":{"index":"index","follow":"follow","max-snippet":"max-snippet:-1","max-image-preview":"max-image-preview:large","max-video-preview":"max-video-preview:-1"},"canonical":"https:\/\/www.ivanabeaumond.com.br\/vestidos-noiva\/descubra-a-importancia-dos-pajens-e-daminhas-na-cerimonia\/","og_locale":"pt_BR","og_type":"article","og_title":"Descubra a Import\u00e2ncia dos Pajens e Daminhas na Cerim\u00f4nia - Vestido de Noiva RJ","og_description":"Eles t\u00eam a fun\u00e7\u00e3o de abrir passagem para a entrada...","og_url":"https:\/\/www.ivanabeaumond.com.br\/vestidos-noiva\/descubra-a-importancia-dos-pajens-e-daminhas-na-cerimonia\/","og_site_name":"Vestido de Noiva RJ","article_publisher":"https:\/\/www.facebook.com\/ivana.beaumondnoivas","article_published_time":"2020-09-23T15:48:43+00:00","article_modified_time":"2020-09-23T15:51:50+00:00","og_image":[{"width":2560,"height":1922,"url":"https:\/\/www.ivanabeaumond.com.br\/vestidos-noiva\/wp-content\/uploads\/2020\/09\/pajens-e-daminhas-inicio-scaled.jpg","type":"image\/jpeg"}],"author":"Ivana Beaumond Paris","twitter_card":"summary_large_image","twitter_misc":{"Escrito por":"Ivana Beaumond Paris","Est. tempo de leitura":"3 minutos"},"schema":{"@context":"https:\/\/schema.org","@graph":[{"@type":"Article","@id":"https:\/\/www.ivanabeaumond.com.br\/vestidos-noiva\/descubra-a-importancia-dos-pajens-e-daminhas-na-cerimonia\/#article","isPartOf":{"@id":"https:\/\/www.ivanabeaumond.com.br\/vestidos-noiva\/descubra-a-importancia-dos-pajens-e-daminhas-na-cerimonia\/"},"author":{"name":"Ivana Beaumond Paris","@id":"https:\/\/www.ivanabeaumond.com.br\/vestidos-noiva\/#\/schema\/person\/1a360c4cffa3b806d29a456389dcff26"},"headline":"Descubra a Import\u00e2ncia dos Pajens e Daminhas na Cerim\u00f4nia","datePublished":"2020-09-23T15:48:43+00:00","dateModified":"2020-09-23T15:51:50+00:00","mainEntityOfPage":{"@id":"https:\/\/www.ivanabeaumond.com.br\/vestidos-noiva\/descubra-a-importancia-dos-pajens-e-daminhas-na-cerimonia\/"},"wordCount":569,"publisher":{"@id":"https:\/\/www.ivanabeaumond.com.br\/vestidos-noiva\/#organization"},"articleSection":["Blog","Dicas e Truques"],"inLanguage":"pt-BR"},{"@type":"WebPage","@id":"https:\/\/www.ivanabeaumond.com.br\/vestidos-noiva\/descubra-a-importancia-dos-pajens-e-daminhas-na-cerimonia\/","url":"https:\/\/www.ivanabeaumond.com.br\/vestidos-noiva\/descubra-a-importancia-dos-pajens-e-daminhas-na-cerimonia\/","name":"Descubra a Import\u00e2ncia dos Pajens e Daminhas na Cerim\u00f4nia - Vestido de Noiva RJ","isPartOf":{"@id":"https:\/\/www.ivanabeaumond.com.br\/vestidos-noiva\/#website"},"datePublished":"2020-09-23T15:48:43+00:00","dateModified":"2020-09-23T15:51:50+00:00","breadcrumb":{"@id":"https:\/\/www.ivanabeaumond.com.br\/vestidos-noiva\/descubra-a-importancia-dos-pajens-e-daminhas-na-cerimonia\/#breadcrumb"},"inLanguage":"pt-BR","potentialAction":[{"@type":"ReadAction","target":["https:\/\/www.ivanabeaumond.com.br\/vestidos-noiva\/descubra-a-importancia-dos-pajens-e-daminhas-na-cerimonia\/"]}]},{"@type":"BreadcrumbList","@id":"https:\/\/www.ivanabeaumond.com.br\/vestidos-noiva\/descubra-a-importancia-dos-pajens-e-daminhas-na-cerimonia\/#breadcrumb","itemListElement":[{"@type":"ListItem","position":1,"name":"In\u00edcio","item":"https:\/\/www.ivanabeaumond.com.br\/vestidos-noiva\/"},{"@type":"ListItem","position":2,"name":"Descubra a Import\u00e2ncia dos Pajens e Daminhas na Cerim\u00f4nia"}]},{"@type":"WebSite","@id":"https:\/\/www.ivanabeaumond.com.br\/vestidos-noiva\/#website","url":"https:\/\/www.ivanabeaumond.com.br\/vestidos-noiva\/","name":"Vestido de Noiva RJ","description":"Moda Noiva","publisher":{"@id":"https:\/\/www.ivanabeaumond.com.br\/vestidos-noiva\/#organization"},"potentialAction":[{"@type":"SearchAction","target":{"@type":"EntryPoint","urlTemplate":"https:\/\/www.ivanabeaumond.com.br\/vestidos-noiva\/?s={search_term_string}"},"query-input":"required name=search_term_string"}],"inLanguage":"pt-BR"},{"@type":"Organization","@id":"https:\/\/www.ivanabeaumond.com.br\/vestidos-noiva\/#organization","name":"Vestido de Noiva RJ","url":"https:\/\/www.ivanabeaumond.com.br\/vestidos-noiva\/","logo":{"@type":"ImageObject","inLanguage":"pt-BR","@id":"https:\/\/www.ivanabeaumond.com.br\/vestidos-noiva\/#\/schema\/logo\/image\/","url":"https:\/\/www.ivanabeaumond.com.br\/vestidos-noiva\/wp-content\/uploads\/2018\/02\/logo_ivana_beaumond-2.png","contentUrl":"https:\/\/www.ivanabeaumond.com.br\/vestidos-noiva\/wp-content\/uploads\/2018\/02\/logo_ivana_beaumond-2.png","width":230,"height":112,"caption":"Vestido de Noiva RJ"},"image":{"@id":"https:\/\/www.ivanabeaumond.com.br\/vestidos-noiva\/#\/schema\/logo\/image\/"},"sameAs":["https:\/\/www.facebook.com\/ivana.beaumondnoivas","https:\/\/www.instagram.com\/ivanabeaumond\/","https:\/\/www.tiktok.com\/@ivanabeaumond"]},{"@type":"Person","@id":"https:\/\/www.ivanabeaumond.com.br\/vestidos-noiva\/#\/schema\/person\/1a360c4cffa3b806d29a456389dcff26","name":"Ivana Beaumond Paris","image":{"@type":"ImageObject","inLanguage":"pt-BR","@id":"https:\/\/www.ivanabeaumond.com.br\/vestidos-noiva\/#\/schema\/person\/image\/","url":"https:\/\/secure.gravatar.com\/avatar\/641f98db20b53ec937ceb641db4270b9?s=96&d=mm&r=g","contentUrl":"https:\/\/secure.gravatar.com\/avatar\/641f98db20b53ec937ceb641db4270b9?s=96&d=mm&r=g","caption":"Ivana Beaumond Paris"},"url":"https:\/\/www.ivanabeaumond.com.br\/vestidos-noiva\/author\/ivana\/"}]}},"_links":{"self":[{"href":"https:\/\/www.ivanabeaumond.com.br\/vestidos-noiva\/wp-json\/wp\/v2\/posts\/26360"}],"collection":[{"href":"https:\/\/www.ivanabeaumond.com.br\/vestidos-noiva\/wp-json\/wp\/v2\/posts"}],"about":[{"href":"https:\/\/www.ivanabeaumond.com.br\/vestidos-noiva\/wp-json\/wp\/v2\/types\/post"}],"author":[{"embeddable":true,"href":"https:\/\/www.ivanabeaumond.com.br\/vestidos-noiva\/wp-json\/wp\/v2\/users\/4"}],"replies":[{"embeddable":true,"href":"https:\/\/www.ivanabeaumond.com.br\/vestidos-noiva\/wp-json\/wp\/v2\/comments?post=26360"}],"version-history":[{"count":3,"href":"https:\/\/www.ivanabeaumond.com.br\/vestidos-noiva\/wp-json\/wp\/v2\/posts\/26360\/revisions"}],"predecessor-version":[{"id":26467,"href":"https:\/\/www.ivanabeaumond.com.br\/vestidos-noiva\/wp-json\/wp\/v2\/posts\/26360\/revisions\/26467"}],"wp:featuredmedia":[{"embeddable":true,"href":"https:\/\/www.ivanabeaumond.com.br\/vestidos-noiva\/wp-json\/wp\/v2\/media\/26361"}],"wp:attachment":[{"href":"https:\/\/www.ivanabeaumond.com.br\/vestidos-noiva\/wp-json\/wp\/v2\/media?parent=26360"}],"wp:term":[{"taxonomy":"category","embeddable":true,"href":"https:\/\/www.ivanabeaumond.com.br\/vestidos-noiva\/wp-json\/wp\/v2\/categories?post=26360"},{"taxonomy":"post_tag","embeddable":true,"href":"https:\/\/www.ivanabeaumond.com.br\/vestidos-noiva\/wp-json\/wp\/v2\/tags?post=26360"}],"curies":[{"name":"wp","href":"https:\/\/api.w.org\/{rel}","templated":true}]}}