{"id":26365,"date":"2020-09-25T13:42:18","date_gmt":"2020-09-25T16:42:18","guid":{"rendered":"https:\/\/www.ivanabeaumond.com.br\/vestidos-noiva\/?p=26365"},"modified":"2020-09-25T13:42:21","modified_gmt":"2020-09-25T16:42:21","slug":"quinceanera-conheca-a-festa-de-15-anos-tradicional-da-america-latina","status":"publish","type":"post","link":"https:\/\/www.ivanabeaumond.com.br\/vestidos-noiva\/quinceanera-conheca-a-festa-de-15-anos-tradicional-da-america-latina\/","title":{"rendered":"Quincea\u00f1era: Conhe\u00e7a a Festa de 15 Anos Tradicional da Am\u00e9rica Latina"},"content":{"rendered":"\n<div style=\"height:20px\" aria-hidden=\"true\" class=\"wp-block-spacer\"><\/div>\n\n\n\n<figure class=\"wp-block-image size-large\"><img decoding=\"async\" loading=\"lazy\" width=\"1024\" height=\"768\" src=\"https:\/\/www.ivanabeaumond.com.br\/vestidos-noiva\/wp-content\/uploads\/2020\/09\/quinceanera-inicio-1024x768.jpeg\" alt=\"\" class=\"wp-image-26366\" srcset=\"https:\/\/www.ivanabeaumond.com.br\/vestidos-noiva\/wp-content\/uploads\/2020\/09\/quinceanera-inicio-1024x768.jpeg 1024w, https:\/\/www.ivanabeaumond.com.br\/vestidos-noiva\/wp-content\/uploads\/2020\/09\/quinceanera-inicio-300x225.jpeg 300w, https:\/\/www.ivanabeaumond.com.br\/vestidos-noiva\/wp-content\/uploads\/2020\/09\/quinceanera-inicio-768x576.jpeg 768w, https:\/\/www.ivanabeaumond.com.br\/vestidos-noiva\/wp-content\/uploads\/2020\/09\/quinceanera-inicio-1536x1152.jpeg 1536w, https:\/\/www.ivanabeaumond.com.br\/vestidos-noiva\/wp-content\/uploads\/2020\/09\/quinceanera-inicio-2048x1536.jpeg 2048w\" sizes=\"(max-width: 1024px) 100vw, 1024px\" \/><\/figure>\n\n\n\n<div style=\"height:20px\" aria-hidden=\"true\" class=\"wp-block-spacer\"><\/div>\n\n\n\n<h5 class=\"has-text-align-center wp-block-heading\"><span style=\"color:#6b6c6d\" class=\"has-inline-color\">Se voc\u00ea \u00e9 uma adolescente, certamente j\u00e1 ouviu falar nas festas de quinze anos e pode, at\u00e9 mesmo, estar planejando a sua pr\u00f3pria. Ainda assim, este costume t\u00e3o tradicional em toda a Am\u00e9rica Latina tem suas particularidades quando muda de um pa\u00eds para outro e \u00e9 isso que, hoje, iremos desvendar juntas.<\/span><\/h5>\n\n\n\n<div style=\"height:20px\" aria-hidden=\"true\" class=\"wp-block-spacer\"><\/div>\n\n\n\n<h5 class=\"has-text-align-center wp-block-heading\"><span style=\"color:#6b6c6d\" class=\"has-inline-color\">Preparada para conhecer as principais caracter\u00edsticas das festas de debutantes nas na\u00e7\u00f5es vizinhas? Surpreenda-se agora mesmo com a Quincea\u00f1era e traga alguns destes elementos para o seu evento:<\/span><\/h5>\n\n\n\n<div style=\"height:20px\" aria-hidden=\"true\" class=\"wp-block-spacer\"><\/div>\n\n\n\n<h3 class=\"wp-block-heading\"><strong><em>O Conceito<\/em><\/strong><\/h3>\n\n\n\n<div style=\"height:20px\" aria-hidden=\"true\" class=\"wp-block-spacer\"><\/div>\n\n\n\n<h5 class=\"has-text-align-center wp-block-heading\"><span style=\"color:#6b6c6d\" class=\"has-inline-color\">O termo \u201cquincea\u00f1era\u201d corresponde a uma menina que est\u00e1 completando quinze anos e, consequentemente, tamb\u00e9m est\u00e1 relacionado \u00e0 comemora\u00e7\u00e3o deste momento t\u00e3o importante em sua vida. Em especial porque, para os habitantes dos pa\u00edses latinos, esta festa marca tradicionalmente o seu amadurecimento, tornando-a pronta para assumir responsabilidades e representando esta transi\u00e7\u00e3o.<\/span><\/h5>\n\n\n\n<div style=\"height:20px\" aria-hidden=\"true\" class=\"wp-block-spacer\"><\/div>\n\n\n\n<h5 class=\"has-text-align-center wp-block-heading\"><span style=\"color:#6b6c6d\" class=\"has-inline-color\">Em geral, a <em>fiesta de quince a\u00f1os<\/em> equivale a um baile de debutante e pode ser celebrada por pessoas de todas as camadas sociais \u2013 ao contr\u00e1rio dos costumes antigos, que reservavam este tipo de evento apenas para as fam\u00edlias mais abastadas.<\/span><\/h5>\n\n\n\n<div style=\"height:20px\" aria-hidden=\"true\" class=\"wp-block-spacer\"><\/div>\n\n\n\n<h5 class=\"has-text-align-center wp-block-heading\"><span style=\"color:#6b6c6d\" class=\"has-inline-color\">Assim, diante deste cen\u00e1rio, in\u00fameros costumes s\u00e3o estabelecidos. Tudo para tornar a festa ainda mais tradicional e fazer com que este momento seja marcado tanto pela personalidade da aniversariante quanto pelas normas institucionalizadas socialmente.<\/span><\/h5>\n\n\n\n<div style=\"height:20px\" aria-hidden=\"true\" class=\"wp-block-spacer\"><\/div>\n\n\n\n<h3 class=\"wp-block-heading\"><strong><em>Os Costumes<\/em><\/strong><\/h3>\n\n\n\n<div style=\"height:20px\" aria-hidden=\"true\" class=\"wp-block-spacer\"><\/div>\n\n\n\n<h5 class=\"has-text-align-center wp-block-heading\"><span style=\"color:#6b6c6d\" class=\"has-inline-color\">Uma quince\u00f1era geralmente come\u00e7a com uma missa na igreja para agradecer pela vida da menina, que est\u00e1 fazendo a transi\u00e7\u00e3o e se tornando uma jovem. Ap\u00f3s este momento, os convidados dirigem-se a um sal\u00e3o onde ser\u00e1 realizada a festa, tal qual \u00e9 costume nos casamentos.<\/span><\/h5>\n\n\n\n<div style=\"height:20px\" aria-hidden=\"true\" class=\"wp-block-spacer\"><\/div>\n\n\n\n<h5 class=\"has-text-align-center wp-block-heading\"><span style=\"color:#6b6c6d\" class=\"has-inline-color\">Neste evento, \u00e9 comum que um grupo de rapazes acompanhem a debutante, executando uma dan\u00e7a coreografada com ela. Al\u00e9m disso, a aniversariante tamb\u00e9m \u00e9 presenteada com uma boneca que representar\u00e1 sua \u00faltima e ela passar\u00e1 este item para uma irm\u00e3 ou outro membro mais jovem da fam\u00edlia \u2013 um comportamento que tamb\u00e9m era realizado no Brasil, d\u00e9cadas atr\u00e1s.<\/span><\/h5>\n\n\n\n<div style=\"height:20px\" aria-hidden=\"true\" class=\"wp-block-spacer\"><\/div>\n\n\n\n<h3 class=\"wp-block-heading\"><strong><em>Na Col\u00f4mbia<\/em><\/strong><\/h3>\n\n\n\n<div style=\"height:20px\" aria-hidden=\"true\" class=\"wp-block-spacer\"><\/div>\n\n\n\n<div class=\"wp-block-image\"><figure class=\"aligncenter size-large is-resized\"><img decoding=\"async\" loading=\"lazy\" src=\"https:\/\/www.ivanabeaumond.com.br\/vestidos-noiva\/wp-content\/uploads\/2020\/09\/quinceanera-colombia.jpg\" alt=\"\" class=\"wp-image-26367\" width=\"567\" height=\"377\" srcset=\"https:\/\/www.ivanabeaumond.com.br\/vestidos-noiva\/wp-content\/uploads\/2020\/09\/quinceanera-colombia.jpg 600w, https:\/\/www.ivanabeaumond.com.br\/vestidos-noiva\/wp-content\/uploads\/2020\/09\/quinceanera-colombia-300x200.jpg 300w, https:\/\/www.ivanabeaumond.com.br\/vestidos-noiva\/wp-content\/uploads\/2020\/09\/quinceanera-colombia-480x320.jpg 480w\" sizes=\"(max-width: 567px) 100vw, 567px\" \/><\/figure><\/div>\n\n\n\n<div style=\"height:20px\" aria-hidden=\"true\" class=\"wp-block-spacer\"><\/div>\n\n\n\n<h5 class=\"has-text-align-center wp-block-heading\"><span style=\"color:#6b6c6d\" class=\"has-inline-color\">Em um determinado momento da festa, acontece a <em>la hora loca<\/em>, em que os convidados usam m\u00e1scaras ou perucas engra\u00e7adas enquanto uma m\u00fasica r\u00e1pida \u00e9 tocada. Aqui, este per\u00edodo \u00e9 de pura descontra\u00e7\u00e3o!<\/span><\/h5>\n\n\n\n<div style=\"height:20px\" aria-hidden=\"true\" class=\"wp-block-spacer\"><\/div>\n\n\n\n<h3 class=\"wp-block-heading\"><strong><em>Na Argentina<\/em><\/strong><\/h3>\n\n\n\n<div style=\"height:20px\" aria-hidden=\"true\" class=\"wp-block-spacer\"><\/div>\n\n\n\n<h5 class=\"has-text-align-center wp-block-heading\"><span style=\"color:#6b6c6d\" class=\"has-inline-color\">A aniversariante entrega uma vela para cada uma das quinze pessoas que considera mais influentes em sua vida. Ela costuma fazer um discurso, geralmente dedicado a cada um destes indiv\u00edduos.<\/span><\/h5>\n\n\n\n<div style=\"height:20px\" aria-hidden=\"true\" class=\"wp-block-spacer\"><\/div>\n\n\n\n<h3 class=\"wp-block-heading\"><strong><em>No M\u00e9xico<\/em><\/strong><\/h3>\n\n\n\n<div style=\"height:20px\" aria-hidden=\"true\" class=\"wp-block-spacer\"><\/div>\n\n\n\n<div class=\"wp-block-image\"><figure class=\"aligncenter size-large is-resized\"><img decoding=\"async\" loading=\"lazy\" src=\"https:\/\/www.ivanabeaumond.com.br\/vestidos-noiva\/wp-content\/uploads\/2020\/09\/quinceanera-mexico.jpg\" alt=\"\" class=\"wp-image-26368\" width=\"557\" height=\"371\" srcset=\"https:\/\/www.ivanabeaumond.com.br\/vestidos-noiva\/wp-content\/uploads\/2020\/09\/quinceanera-mexico.jpg 900w, https:\/\/www.ivanabeaumond.com.br\/vestidos-noiva\/wp-content\/uploads\/2020\/09\/quinceanera-mexico-300x200.jpg 300w, https:\/\/www.ivanabeaumond.com.br\/vestidos-noiva\/wp-content\/uploads\/2020\/09\/quinceanera-mexico-768x511.jpg 768w, https:\/\/www.ivanabeaumond.com.br\/vestidos-noiva\/wp-content\/uploads\/2020\/09\/quinceanera-mexico-480x320.jpg 480w\" sizes=\"(max-width: 557px) 100vw, 557px\" \/><\/figure><\/div>\n\n\n\n<div style=\"height:20px\" aria-hidden=\"true\" class=\"wp-block-spacer\"><\/div>\n\n\n\n<h5 class=\"has-text-align-center wp-block-heading\"><span style=\"color:#6b6c6d\" class=\"has-inline-color\">A debutante precisa quebrar quinze pequenas pi\u00f1atas, uma para cada ano de sua vida, significando tudo o que deixou para tr\u00e1s. J\u00e1 imaginou a bagun\u00e7a que isso pode trazer no fim?<\/span><\/h5>\n\n\n\n<div style=\"height:20px\" aria-hidden=\"true\" class=\"wp-block-spacer\"><\/div>\n\n\n\n<h3 class=\"wp-block-heading\"><strong><em>Rep\u00fablica Dominicana<\/em><\/strong><\/h3>\n\n\n\n<div style=\"height:20px\" aria-hidden=\"true\" class=\"wp-block-spacer\"><\/div>\n\n\n\n<h5 class=\"has-text-align-center wp-block-heading\"><span style=\"color:#6b6c6d\" class=\"has-inline-color\">Na festa de anivers\u00e1rio, a menina faz sua entrada no local da festa acompanhada por quatorze pares de convidados que, juntamente com o acompanhante da adolescente, somam quinze casais. Assim, eles apresentam uma coreografia para os presentes \u2013 outro costume que tamb\u00e9m se popularizou no Brasil.<\/span><\/h5>\n\n\n\n<div style=\"height:20px\" aria-hidden=\"true\" class=\"wp-block-spacer\"><\/div>\n\n\n\n<h3 class=\"wp-block-heading\"><strong><em>Qual o seu Favorito?<\/em><\/strong><\/h3>\n\n\n\n<div style=\"height:20px\" aria-hidden=\"true\" class=\"wp-block-spacer\"><\/div>\n\n\n\n<h5 class=\"has-text-align-center wp-block-heading\"><span style=\"color:#6b6c6d\" class=\"has-inline-color\">E, ent\u00e3o, qual costume mais chamou a sua aten\u00e7\u00e3o? Independentemente do seu preferido, o importante \u00e9 tornar o seu <em>debut<\/em> especial e fazer isso sentindo-se bonita e poderosa.<\/span><\/h5>\n\n\n\n<div style=\"height:81px\" aria-hidden=\"true\" class=\"wp-block-spacer\"><\/div>\n\n\n\n<h5 class=\"has-text-align-center wp-block-heading\"><span style=\"color:#6b6c6d\" class=\"has-inline-color\">Para isso, entre em contato com o Ateli\u00ea Ivana Beaumond e confira os modelos de vestidos dispon\u00edveis para um momento t\u00e3o importante quanto esse. Nossos especialistas est\u00e3o prontos para atend\u00ea-la e encontrar o design perfeito para voc\u00ea.<\/span> <a href=\"https:\/\/www.ivanabeaumond.com.br\/vestidos-noiva\/moda-noiva-barra-da-tijuca\/\" target=\"_blank\" rel=\"noreferrer noopener\">Agende uma visita<\/a> <span style=\"color:#6b6c6d\" class=\"has-inline-color\">e saiba mais.<\/span><\/h5>\n","protected":false},"excerpt":{"rendered":"<p>Se voc\u00ea \u00e9 uma adolescente, certamente j\u00e1 ouviu falar nas&#8230;<\/p>\n","protected":false},"author":4,"featured_media":26366,"comment_status":"closed","ping_status":"closed","sticky":false,"template":"","format":"standard","meta":[],"categories":[60,127],"tags":[1084,1085,1121,660,1019,215,512,559,842,1118,132,671,638,286,959,278,107,903,455,155,98,296,157,164,858,857,885,108,212,213,258,199,115,762,690,200,754,813,198],"yoast_head":"<!-- This site is optimized with the Yoast SEO plugin v20.3 - https:\/\/yoast.com\/wordpress\/plugins\/seo\/ -->\n<title>Quincea\u00f1era: Conhe\u00e7a a Festa de 15 Anos Tradicional da Am\u00e9rica Latina - Vestido de Noiva RJ<\/title>\n<meta name=\"robots\" content=\"index, follow, max-snippet:-1, max-image-preview:large, max-video-preview:-1\" \/>\n<link rel=\"canonical\" href=\"https:\/\/www.ivanabeaumond.com.br\/vestidos-noiva\/quinceanera-conheca-a-festa-de-15-anos-tradicional-da-america-latina\/\" \/>\n<meta property=\"og:locale\" content=\"pt_BR\" \/>\n<meta property=\"og:type\" content=\"article\" \/>\n<meta property=\"og:title\" content=\"Quincea\u00f1era: Conhe\u00e7a a Festa de 15 Anos Tradicional da Am\u00e9rica Latina - Vestido de Noiva RJ\" \/>\n<meta property=\"og:description\" content=\"Se voc\u00ea \u00e9 uma adolescente, certamente j\u00e1 ouviu falar nas...\" \/>\n<meta property=\"og:url\" content=\"https:\/\/www.ivanabeaumond.com.br\/vestidos-noiva\/quinceanera-conheca-a-festa-de-15-anos-tradicional-da-america-latina\/\" \/>\n<meta property=\"og:site_name\" content=\"Vestido de Noiva RJ\" \/>\n<meta property=\"article:publisher\" content=\"https:\/\/www.facebook.com\/ivana.beaumondnoivas\" \/>\n<meta property=\"article:published_time\" content=\"2020-09-25T16:42:18+00:00\" \/>\n<meta property=\"article:modified_time\" content=\"2020-09-25T16:42:21+00:00\" \/>\n<meta property=\"og:image\" content=\"https:\/\/www.ivanabeaumond.com.br\/vestidos-noiva\/wp-content\/uploads\/2020\/09\/quinceanera-inicio-scaled.jpeg\" \/>\n\t<meta property=\"og:image:width\" content=\"2560\" \/>\n\t<meta property=\"og:image:height\" content=\"1920\" \/>\n\t<meta property=\"og:image:type\" content=\"image\/jpeg\" \/>\n<meta name=\"author\" content=\"Ivana Beaumond Paris\" \/>\n<meta name=\"twitter:card\" content=\"summary_large_image\" \/>\n<meta name=\"twitter:label1\" content=\"Escrito por\" \/>\n\t<meta name=\"twitter:data1\" content=\"Ivana Beaumond Paris\" \/>\n\t<meta name=\"twitter:label2\" content=\"Est. tempo de leitura\" \/>\n\t<meta name=\"twitter:data2\" content=\"3 minutos\" \/>\n<script type=\"application\/ld+json\" class=\"yoast-schema-graph\">{\"@context\":\"https:\/\/schema.org\",\"@graph\":[{\"@type\":\"Article\",\"@id\":\"https:\/\/www.ivanabeaumond.com.br\/vestidos-noiva\/quinceanera-conheca-a-festa-de-15-anos-tradicional-da-america-latina\/#article\",\"isPartOf\":{\"@id\":\"https:\/\/www.ivanabeaumond.com.br\/vestidos-noiva\/quinceanera-conheca-a-festa-de-15-anos-tradicional-da-america-latina\/\"},\"author\":{\"name\":\"Ivana Beaumond Paris\",\"@id\":\"https:\/\/www.ivanabeaumond.com.br\/vestidos-noiva\/#\/schema\/person\/1a360c4cffa3b806d29a456389dcff26\"},\"headline\":\"Quincea\u00f1era: Conhe\u00e7a a Festa de 15 Anos Tradicional da Am\u00e9rica Latina\",\"datePublished\":\"2020-09-25T16:42:18+00:00\",\"dateModified\":\"2020-09-25T16:42:21+00:00\",\"mainEntityOfPage\":{\"@id\":\"https:\/\/www.ivanabeaumond.com.br\/vestidos-noiva\/quinceanera-conheca-a-festa-de-15-anos-tradicional-da-america-latina\/\"},\"wordCount\":590,\"publisher\":{\"@id\":\"https:\/\/www.ivanabeaumond.com.br\/vestidos-noiva\/#organization\"},\"keywords\":[\"alugar vestido de noiva\",\"alugar vestido de noiva rj\",\"ateli\u00ea de noivas\",\"atelier de noivas\",\"atelier de noivas rj\",\"Atelierdenoiva\",\"blog de noiva\",\"blog de noivas\",\"dicas de noiva\",\"dicas de vestido de noiva\",\"dicas ivana\",\"estilista de noiva\",\"estilista de noivas\",\"ivana beaumond\",\"ivana beaumond itanhang\u00e1\",\"ivana beaumond paris\",\"ivanabeaumond\",\"loja de noivas\",\"moda noiva\",\"modanoiva\",\"noiva\",\"noiva cl\u00e1ssica\",\"noiva e noivo\",\"noivas\",\"noivas rio de janeiro\",\"noivas rj\",\"noivas rom\u00e2nticas\",\"noivasivanabeaumond\",\"noivasriodejaneiro\",\"noivasrj\",\"noivinha\",\"sobmedidanoiva\",\"vestido de noiva\",\"vestido de noiva branco\",\"vestido de noiva rj\",\"VestidoDeNoivaRJ\",\"vestidos de noiva\",\"vestidos de noiva rj\",\"vestidosdenoivas\"],\"articleSection\":[\"Blog\",\"Dicas e Truques\"],\"inLanguage\":\"pt-BR\"},{\"@type\":\"WebPage\",\"@id\":\"https:\/\/www.ivanabeaumond.com.br\/vestidos-noiva\/quinceanera-conheca-a-festa-de-15-anos-tradicional-da-america-latina\/\",\"url\":\"https:\/\/www.ivanabeaumond.com.br\/vestidos-noiva\/quinceanera-conheca-a-festa-de-15-anos-tradicional-da-america-latina\/\",\"name\":\"Quincea\u00f1era: Conhe\u00e7a a Festa de 15 Anos Tradicional da Am\u00e9rica Latina - Vestido de Noiva RJ\",\"isPartOf\":{\"@id\":\"https:\/\/www.ivanabeaumond.com.br\/vestidos-noiva\/#website\"},\"datePublished\":\"2020-09-25T16:42:18+00:00\",\"dateModified\":\"2020-09-25T16:42:21+00:00\",\"breadcrumb\":{\"@id\":\"https:\/\/www.ivanabeaumond.com.br\/vestidos-noiva\/quinceanera-conheca-a-festa-de-15-anos-tradicional-da-america-latina\/#breadcrumb\"},\"inLanguage\":\"pt-BR\",\"potentialAction\":[{\"@type\":\"ReadAction\",\"target\":[\"https:\/\/www.ivanabeaumond.com.br\/vestidos-noiva\/quinceanera-conheca-a-festa-de-15-anos-tradicional-da-america-latina\/\"]}]},{\"@type\":\"BreadcrumbList\",\"@id\":\"https:\/\/www.ivanabeaumond.com.br\/vestidos-noiva\/quinceanera-conheca-a-festa-de-15-anos-tradicional-da-america-latina\/#breadcrumb\",\"itemListElement\":[{\"@type\":\"ListItem\",\"position\":1,\"name\":\"In\u00edcio\",\"item\":\"https:\/\/www.ivanabeaumond.com.br\/vestidos-noiva\/\"},{\"@type\":\"ListItem\",\"position\":2,\"name\":\"Quincea\u00f1era: Conhe\u00e7a a Festa de 15 Anos Tradicional da Am\u00e9rica Latina\"}]},{\"@type\":\"WebSite\",\"@id\":\"https:\/\/www.ivanabeaumond.com.br\/vestidos-noiva\/#website\",\"url\":\"https:\/\/www.ivanabeaumond.com.br\/vestidos-noiva\/\",\"name\":\"Vestido de Noiva RJ\",\"description\":\"Moda Noiva\",\"publisher\":{\"@id\":\"https:\/\/www.ivanabeaumond.com.br\/vestidos-noiva\/#organization\"},\"potentialAction\":[{\"@type\":\"SearchAction\",\"target\":{\"@type\":\"EntryPoint\",\"urlTemplate\":\"https:\/\/www.ivanabeaumond.com.br\/vestidos-noiva\/?s={search_term_string}\"},\"query-input\":\"required name=search_term_string\"}],\"inLanguage\":\"pt-BR\"},{\"@type\":\"Organization\",\"@id\":\"https:\/\/www.ivanabeaumond.com.br\/vestidos-noiva\/#organization\",\"name\":\"Vestido de Noiva RJ\",\"url\":\"https:\/\/www.ivanabeaumond.com.br\/vestidos-noiva\/\",\"logo\":{\"@type\":\"ImageObject\",\"inLanguage\":\"pt-BR\",\"@id\":\"https:\/\/www.ivanabeaumond.com.br\/vestidos-noiva\/#\/schema\/logo\/image\/\",\"url\":\"https:\/\/www.ivanabeaumond.com.br\/vestidos-noiva\/wp-content\/uploads\/2018\/02\/logo_ivana_beaumond-2.png\",\"contentUrl\":\"https:\/\/www.ivanabeaumond.com.br\/vestidos-noiva\/wp-content\/uploads\/2018\/02\/logo_ivana_beaumond-2.png\",\"width\":230,\"height\":112,\"caption\":\"Vestido de Noiva RJ\"},\"image\":{\"@id\":\"https:\/\/www.ivanabeaumond.com.br\/vestidos-noiva\/#\/schema\/logo\/image\/\"},\"sameAs\":[\"https:\/\/www.facebook.com\/ivana.beaumondnoivas\",\"https:\/\/www.instagram.com\/ivanabeaumond\/\",\"https:\/\/www.tiktok.com\/@ivanabeaumond\"]},{\"@type\":\"Person\",\"@id\":\"https:\/\/www.ivanabeaumond.com.br\/vestidos-noiva\/#\/schema\/person\/1a360c4cffa3b806d29a456389dcff26\",\"name\":\"Ivana Beaumond Paris\",\"image\":{\"@type\":\"ImageObject\",\"inLanguage\":\"pt-BR\",\"@id\":\"https:\/\/www.ivanabeaumond.com.br\/vestidos-noiva\/#\/schema\/person\/image\/\",\"url\":\"https:\/\/secure.gravatar.com\/avatar\/641f98db20b53ec937ceb641db4270b9?s=96&d=mm&r=g\",\"contentUrl\":\"https:\/\/secure.gravatar.com\/avatar\/641f98db20b53ec937ceb641db4270b9?s=96&d=mm&r=g\",\"caption\":\"Ivana Beaumond Paris\"},\"url\":\"https:\/\/www.ivanabeaumond.com.br\/vestidos-noiva\/author\/ivana\/\"}]}<\/script>\n<!-- \/ Yoast SEO plugin. -->","yoast_head_json":{"title":"Quincea\u00f1era: Conhe\u00e7a a Festa de 15 Anos Tradicional da Am\u00e9rica Latina - Vestido de Noiva RJ","robots":{"index":"index","follow":"follow","max-snippet":"max-snippet:-1","max-image-preview":"max-image-preview:large","max-video-preview":"max-video-preview:-1"},"canonical":"https:\/\/www.ivanabeaumond.com.br\/vestidos-noiva\/quinceanera-conheca-a-festa-de-15-anos-tradicional-da-america-latina\/","og_locale":"pt_BR","og_type":"article","og_title":"Quincea\u00f1era: Conhe\u00e7a a Festa de 15 Anos Tradicional da Am\u00e9rica Latina - Vestido de Noiva RJ","og_description":"Se voc\u00ea \u00e9 uma adolescente, certamente j\u00e1 ouviu falar nas...","og_url":"https:\/\/www.ivanabeaumond.com.br\/vestidos-noiva\/quinceanera-conheca-a-festa-de-15-anos-tradicional-da-america-latina\/","og_site_name":"Vestido de Noiva RJ","article_publisher":"https:\/\/www.facebook.com\/ivana.beaumondnoivas","article_published_time":"2020-09-25T16:42:18+00:00","article_modified_time":"2020-09-25T16:42:21+00:00","og_image":[{"width":2560,"height":1920,"url":"https:\/\/www.ivanabeaumond.com.br\/vestidos-noiva\/wp-content\/uploads\/2020\/09\/quinceanera-inicio-scaled.jpeg","type":"image\/jpeg"}],"author":"Ivana Beaumond Paris","twitter_card":"summary_large_image","twitter_misc":{"Escrito por":"Ivana Beaumond Paris","Est. tempo de leitura":"3 minutos"},"schema":{"@context":"https:\/\/schema.org","@graph":[{"@type":"Article","@id":"https:\/\/www.ivanabeaumond.com.br\/vestidos-noiva\/quinceanera-conheca-a-festa-de-15-anos-tradicional-da-america-latina\/#article","isPartOf":{"@id":"https:\/\/www.ivanabeaumond.com.br\/vestidos-noiva\/quinceanera-conheca-a-festa-de-15-anos-tradicional-da-america-latina\/"},"author":{"name":"Ivana Beaumond Paris","@id":"https:\/\/www.ivanabeaumond.com.br\/vestidos-noiva\/#\/schema\/person\/1a360c4cffa3b806d29a456389dcff26"},"headline":"Quincea\u00f1era: Conhe\u00e7a a Festa de 15 Anos Tradicional da Am\u00e9rica Latina","datePublished":"2020-09-25T16:42:18+00:00","dateModified":"2020-09-25T16:42:21+00:00","mainEntityOfPage":{"@id":"https:\/\/www.ivanabeaumond.com.br\/vestidos-noiva\/quinceanera-conheca-a-festa-de-15-anos-tradicional-da-america-latina\/"},"wordCount":590,"publisher":{"@id":"https:\/\/www.ivanabeaumond.com.br\/vestidos-noiva\/#organization"},"keywords":["alugar vestido de noiva","alugar vestido de noiva rj","ateli\u00ea de noivas","atelier de noivas","atelier de noivas rj","Atelierdenoiva","blog de noiva","blog de noivas","dicas de noiva","dicas de vestido de noiva","dicas ivana","estilista de noiva","estilista de noivas","ivana beaumond","ivana beaumond itanhang\u00e1","ivana beaumond paris","ivanabeaumond","loja de noivas","moda noiva","modanoiva","noiva","noiva cl\u00e1ssica","noiva e noivo","noivas","noivas rio de janeiro","noivas rj","noivas rom\u00e2nticas","noivasivanabeaumond","noivasriodejaneiro","noivasrj","noivinha","sobmedidanoiva","vestido de noiva","vestido de noiva branco","vestido de noiva rj","VestidoDeNoivaRJ","vestidos de noiva","vestidos de noiva rj","vestidosdenoivas"],"articleSection":["Blog","Dicas e Truques"],"inLanguage":"pt-BR"},{"@type":"WebPage","@id":"https:\/\/www.ivanabeaumond.com.br\/vestidos-noiva\/quinceanera-conheca-a-festa-de-15-anos-tradicional-da-america-latina\/","url":"https:\/\/www.ivanabeaumond.com.br\/vestidos-noiva\/quinceanera-conheca-a-festa-de-15-anos-tradicional-da-america-latina\/","name":"Quincea\u00f1era: Conhe\u00e7a a Festa de 15 Anos Tradicional da Am\u00e9rica Latina - Vestido de Noiva RJ","isPartOf":{"@id":"https:\/\/www.ivanabeaumond.com.br\/vestidos-noiva\/#website"},"datePublished":"2020-09-25T16:42:18+00:00","dateModified":"2020-09-25T16:42:21+00:00","breadcrumb":{"@id":"https:\/\/www.ivanabeaumond.com.br\/vestidos-noiva\/quinceanera-conheca-a-festa-de-15-anos-tradicional-da-america-latina\/#breadcrumb"},"inLanguage":"pt-BR","potentialAction":[{"@type":"ReadAction","target":["https:\/\/www.ivanabeaumond.com.br\/vestidos-noiva\/quinceanera-conheca-a-festa-de-15-anos-tradicional-da-america-latina\/"]}]},{"@type":"BreadcrumbList","@id":"https:\/\/www.ivanabeaumond.com.br\/vestidos-noiva\/quinceanera-conheca-a-festa-de-15-anos-tradicional-da-america-latina\/#breadcrumb","itemListElement":[{"@type":"ListItem","position":1,"name":"In\u00edcio","item":"https:\/\/www.ivanabeaumond.com.br\/vestidos-noiva\/"},{"@type":"ListItem","position":2,"name":"Quincea\u00f1era: Conhe\u00e7a a Festa de 15 Anos Tradicional da Am\u00e9rica Latina"}]},{"@type":"WebSite","@id":"https:\/\/www.ivanabeaumond.com.br\/vestidos-noiva\/#website","url":"https:\/\/www.ivanabeaumond.com.br\/vestidos-noiva\/","name":"Vestido de Noiva RJ","description":"Moda Noiva","publisher":{"@id":"https:\/\/www.ivanabeaumond.com.br\/vestidos-noiva\/#organization"},"potentialAction":[{"@type":"SearchAction","target":{"@type":"EntryPoint","urlTemplate":"https:\/\/www.ivanabeaumond.com.br\/vestidos-noiva\/?s={search_term_string}"},"query-input":"required name=search_term_string"}],"inLanguage":"pt-BR"},{"@type":"Organization","@id":"https:\/\/www.ivanabeaumond.com.br\/vestidos-noiva\/#organization","name":"Vestido de Noiva RJ","url":"https:\/\/www.ivanabeaumond.com.br\/vestidos-noiva\/","logo":{"@type":"ImageObject","inLanguage":"pt-BR","@id":"https:\/\/www.ivanabeaumond.com.br\/vestidos-noiva\/#\/schema\/logo\/image\/","url":"https:\/\/www.ivanabeaumond.com.br\/vestidos-noiva\/wp-content\/uploads\/2018\/02\/logo_ivana_beaumond-2.png","contentUrl":"https:\/\/www.ivanabeaumond.com.br\/vestidos-noiva\/wp-content\/uploads\/2018\/02\/logo_ivana_beaumond-2.png","width":230,"height":112,"caption":"Vestido de Noiva RJ"},"image":{"@id":"https:\/\/www.ivanabeaumond.com.br\/vestidos-noiva\/#\/schema\/logo\/image\/"},"sameAs":["https:\/\/www.facebook.com\/ivana.beaumondnoivas","https:\/\/www.instagram.com\/ivanabeaumond\/","https:\/\/www.tiktok.com\/@ivanabeaumond"]},{"@type":"Person","@id":"https:\/\/www.ivanabeaumond.com.br\/vestidos-noiva\/#\/schema\/person\/1a360c4cffa3b806d29a456389dcff26","name":"Ivana Beaumond Paris","image":{"@type":"ImageObject","inLanguage":"pt-BR","@id":"https:\/\/www.ivanabeaumond.com.br\/vestidos-noiva\/#\/schema\/person\/image\/","url":"https:\/\/secure.gravatar.com\/avatar\/641f98db20b53ec937ceb641db4270b9?s=96&d=mm&r=g","contentUrl":"https:\/\/secure.gravatar.com\/avatar\/641f98db20b53ec937ceb641db4270b9?s=96&d=mm&r=g","caption":"Ivana Beaumond Paris"},"url":"https:\/\/www.ivanabeaumond.com.br\/vestidos-noiva\/author\/ivana\/"}]}},"_links":{"self":[{"href":"https:\/\/www.ivanabeaumond.com.br\/vestidos-noiva\/wp-json\/wp\/v2\/posts\/26365"}],"collection":[{"href":"https:\/\/www.ivanabeaumond.com.br\/vestidos-noiva\/wp-json\/wp\/v2\/posts"}],"about":[{"href":"https:\/\/www.ivanabeaumond.com.br\/vestidos-noiva\/wp-json\/wp\/v2\/types\/post"}],"author":[{"embeddable":true,"href":"https:\/\/www.ivanabeaumond.com.br\/vestidos-noiva\/wp-json\/wp\/v2\/users\/4"}],"replies":[{"embeddable":true,"href":"https:\/\/www.ivanabeaumond.com.br\/vestidos-noiva\/wp-json\/wp\/v2\/comments?post=26365"}],"version-history":[{"count":4,"href":"https:\/\/www.ivanabeaumond.com.br\/vestidos-noiva\/wp-json\/wp\/v2\/posts\/26365\/revisions"}],"predecessor-version":[{"id":26372,"href":"https:\/\/www.ivanabeaumond.com.br\/vestidos-noiva\/wp-json\/wp\/v2\/posts\/26365\/revisions\/26372"}],"wp:featuredmedia":[{"embeddable":true,"href":"https:\/\/www.ivanabeaumond.com.br\/vestidos-noiva\/wp-json\/wp\/v2\/media\/26366"}],"wp:attachment":[{"href":"https:\/\/www.ivanabeaumond.com.br\/vestidos-noiva\/wp-json\/wp\/v2\/media?parent=26365"}],"wp:term":[{"taxonomy":"category","embeddable":true,"href":"https:\/\/www.ivanabeaumond.com.br\/vestidos-noiva\/wp-json\/wp\/v2\/categories?post=26365"},{"taxonomy":"post_tag","embeddable":true,"href":"https:\/\/www.ivanabeaumond.com.br\/vestidos-noiva\/wp-json\/wp\/v2\/tags?post=26365"}],"curies":[{"name":"wp","href":"https:\/\/api.w.org\/{rel}","templated":true}]}}