{"id":26569,"date":"2020-10-28T16:03:16","date_gmt":"2020-10-28T19:03:16","guid":{"rendered":"https:\/\/www.ivanabeaumond.com.br\/vestidos-noiva\/?p=26569"},"modified":"2020-10-28T16:04:29","modified_gmt":"2020-10-28T19:04:29","slug":"beyonce-como-atracao-da-festa-conheca-os-detalhes-de-um-dos-casamentos-mais-caros-do-mundo","status":"publish","type":"post","link":"https:\/\/www.ivanabeaumond.com.br\/vestidos-noiva\/beyonce-como-atracao-da-festa-conheca-os-detalhes-de-um-dos-casamentos-mais-caros-do-mundo\/","title":{"rendered":"Beyonc\u00e9 como Atra\u00e7\u00e3o da Festa? Conhe\u00e7a os Detalhes de um dos Casamentos mais Caros do Mundo"},"content":{"rendered":"\n<div style=\"height:20px\" aria-hidden=\"true\" class=\"wp-block-spacer\"><\/div>\n\n\n\n<h4 class=\"has-text-align-center wp-block-heading\"><span style=\"color:#6b6c6d\" class=\"has-inline-color\">Voc\u00ea est\u00e1 planejando o seu casamento e j\u00e1 est\u00e1 se perguntando o que fazer para entreter seus convidados e surpreend\u00ea-los? Foi com este tipo de pensamento que Isha Ambani deu um verdadeiro show para seus convidados, deixando muita gente de boca aberta.<\/span><\/h4>\n\n\n\n<div style=\"height:20px\" aria-hidden=\"true\" class=\"wp-block-spacer\"><\/div>\n\n\n\n<div class=\"wp-block-image\"><figure class=\"aligncenter size-medium is-resized\"><img decoding=\"async\" loading=\"lazy\" src=\"https:\/\/www.ivanabeaumond.com.br\/vestidos-noiva\/wp-content\/uploads\/2020\/10\/CASAMENTOS-MAIS-CAROS-DO-MUNDO-1-300x169.jpg\" alt=\"\" class=\"wp-image-26570\" width=\"587\" height=\"331\" srcset=\"https:\/\/www.ivanabeaumond.com.br\/vestidos-noiva\/wp-content\/uploads\/2020\/10\/CASAMENTOS-MAIS-CAROS-DO-MUNDO-1-300x169.jpg 300w, https:\/\/www.ivanabeaumond.com.br\/vestidos-noiva\/wp-content\/uploads\/2020\/10\/CASAMENTOS-MAIS-CAROS-DO-MUNDO-1-1024x576.jpg 1024w, https:\/\/www.ivanabeaumond.com.br\/vestidos-noiva\/wp-content\/uploads\/2020\/10\/CASAMENTOS-MAIS-CAROS-DO-MUNDO-1-768x432.jpg 768w, https:\/\/www.ivanabeaumond.com.br\/vestidos-noiva\/wp-content\/uploads\/2020\/10\/CASAMENTOS-MAIS-CAROS-DO-MUNDO-1.jpg 1280w\" sizes=\"(max-width: 587px) 100vw, 587px\" \/><\/figure><\/div>\n\n\n\n<div style=\"height:20px\" aria-hidden=\"true\" class=\"wp-block-spacer\"><\/div>\n\n\n\n<h4 class=\"has-text-align-center wp-block-heading\"><span style=\"color:#6b6c6d\" class=\"has-inline-color\">Filha de Mukesh D. Ambani, um magnata com um patrim\u00f4nio l\u00edquido estimado em US $ 42 bilh\u00f5es, a jovem de 27 anos se casou com seu melhor amigo de inf\u00e2ncia, Anand Piramal, um incorporador imobili\u00e1rio extremamente requisitado na \u00cdndia.<\/span><\/h4>\n\n\n\n<div style=\"height:20px\" aria-hidden=\"true\" class=\"wp-block-spacer\"><\/div>\n\n\n\n<h4 class=\"has-text-align-center wp-block-heading\"><span style=\"color:#6b6c6d\" class=\"has-inline-color\">Dando origem ao matrim\u00f4nio entre duas das fam\u00edlias mais abastadas da regi\u00e3o (uma delas, com o homem mais rico da \u00c1sia como patriarca), a festa de Isha foi estimada pela Bloomberg em um valor de US$ 100 milh\u00f5es de d\u00f3lares \u2013 mais do que o dobro do or\u00e7amento do enlace de Principe Harry e Meghan Markle.<\/span><\/h4>\n\n\n\n<div style=\"height:20px\" aria-hidden=\"true\" class=\"wp-block-spacer\"><\/div>\n\n\n\n<h4 class=\"has-text-align-center wp-block-heading\"><span style=\"color:#6b6c6d\" class=\"has-inline-color\">Quer saber todos os pormenores? A equipe Ivana Beaumond te conta os detalhes desse evento um foi um verdadeiro luxo. Vai que alguma das caracter\u00edsticas te inspira!<\/span><\/h4>\n\n\n\n<div style=\"height:20px\" aria-hidden=\"true\" class=\"wp-block-spacer\"><\/div>\n\n\n\n<h3 class=\"wp-block-heading\"><strong><em>Os Cinco Eventos<\/em><\/strong><\/h3>\n\n\n\n<div style=\"height:20px\" aria-hidden=\"true\" class=\"wp-block-spacer\"><\/div>\n\n\n\n<h4 class=\"has-text-align-center wp-block-heading\"><span style=\"color:#6b6c6d\" class=\"has-inline-color\">Os casamentos indianos s\u00e3o conhecidos por serem longos e elaborados. No entanto, as celebra\u00e7\u00f5es de Isha Ambani duraram uma semana, incluindo, pelo menos, cinco eventos. As comemora\u00e7\u00f5es de pr\u00e9-wedding, fazendo um esquenta para os convidados, ocorreram nos pal\u00e1cios Oberoi Udaivilas e Manek Chowk, ambos na regi\u00e3o de Udaipur.<\/span><\/h4>\n\n\n\n<div style=\"height:20px\" aria-hidden=\"true\" class=\"wp-block-spacer\"><\/div>\n\n\n\n<div class=\"wp-block-image\"><figure class=\"aligncenter size-medium is-resized\"><img decoding=\"async\" loading=\"lazy\" src=\"https:\/\/www.ivanabeaumond.com.br\/vestidos-noiva\/wp-content\/uploads\/2020\/10\/CASAMENTOS-MAIS-CAROS-DO-MUNDO-2-300x150.jpg\" alt=\"\" class=\"wp-image-26571\" width=\"572\" height=\"287\" srcset=\"https:\/\/www.ivanabeaumond.com.br\/vestidos-noiva\/wp-content\/uploads\/2020\/10\/CASAMENTOS-MAIS-CAROS-DO-MUNDO-2-300x150.jpg 300w, https:\/\/www.ivanabeaumond.com.br\/vestidos-noiva\/wp-content\/uploads\/2020\/10\/CASAMENTOS-MAIS-CAROS-DO-MUNDO-2-1024x512.jpg 1024w, https:\/\/www.ivanabeaumond.com.br\/vestidos-noiva\/wp-content\/uploads\/2020\/10\/CASAMENTOS-MAIS-CAROS-DO-MUNDO-2-768x384.jpg 768w, https:\/\/www.ivanabeaumond.com.br\/vestidos-noiva\/wp-content\/uploads\/2020\/10\/CASAMENTOS-MAIS-CAROS-DO-MUNDO-2.jpg 1440w\" sizes=\"(max-width: 572px) 100vw, 572px\" \/><\/figure><\/div>\n\n\n\n<div style=\"height:20px\" aria-hidden=\"true\" class=\"wp-block-spacer\"><\/div>\n\n\n\n<h4 class=\"has-text-align-center wp-block-heading\"><span style=\"color:#6b6c6d\" class=\"has-inline-color\">O casamento, em si, foi realizado em Antilia, a casa particular da fam\u00edlia, que \u00e9 localizada em Bombaim e conta com vinte e sete andares (seis deles apenas de estacionamento).<\/span><\/h4>\n\n\n\n<div style=\"height:20px\" aria-hidden=\"true\" class=\"wp-block-spacer\"><\/div>\n\n\n\n<div class=\"wp-block-image\"><figure class=\"aligncenter size-medium is-resized\"><img decoding=\"async\" loading=\"lazy\" src=\"https:\/\/www.ivanabeaumond.com.br\/vestidos-noiva\/wp-content\/uploads\/2020\/10\/CASAMENTOS-MAIS-CAROS-DO-MUNDO-3-300x158.png\" alt=\"\" class=\"wp-image-26572\" width=\"570\" height=\"300\" srcset=\"https:\/\/www.ivanabeaumond.com.br\/vestidos-noiva\/wp-content\/uploads\/2020\/10\/CASAMENTOS-MAIS-CAROS-DO-MUNDO-3-300x158.png 300w, https:\/\/www.ivanabeaumond.com.br\/vestidos-noiva\/wp-content\/uploads\/2020\/10\/CASAMENTOS-MAIS-CAROS-DO-MUNDO-3-1024x538.png 1024w, https:\/\/www.ivanabeaumond.com.br\/vestidos-noiva\/wp-content\/uploads\/2020\/10\/CASAMENTOS-MAIS-CAROS-DO-MUNDO-3-768x404.png 768w, https:\/\/www.ivanabeaumond.com.br\/vestidos-noiva\/wp-content\/uploads\/2020\/10\/CASAMENTOS-MAIS-CAROS-DO-MUNDO-3.png 1299w\" sizes=\"(max-width: 570px) 100vw, 570px\" \/><\/figure><\/div>\n\n\n\n<div style=\"height:20px\" aria-hidden=\"true\" class=\"wp-block-spacer\"><\/div>\n\n\n\n<h4 class=\"has-text-align-center wp-block-heading\"><span style=\"color:#6b6c6d\" class=\"has-inline-color\">A recep\u00e7\u00e3o foi no Jio Gardens Mumbai, famoso por receber diferentes eventos na regi\u00e3o.<\/span><\/h4>\n\n\n\n<div style=\"height:20px\" aria-hidden=\"true\" class=\"wp-block-spacer\"><\/div>\n\n\n\n<div class=\"wp-block-image\"><figure class=\"aligncenter size-large is-resized\"><img decoding=\"async\" loading=\"lazy\" src=\"https:\/\/www.ivanabeaumond.com.br\/vestidos-noiva\/wp-content\/uploads\/2020\/10\/CASAMENTOS-MAIS-CAROS-DO-MUNDO-4.jpg\" alt=\"\" class=\"wp-image-26573\" width=\"559\" height=\"351\" srcset=\"https:\/\/www.ivanabeaumond.com.br\/vestidos-noiva\/wp-content\/uploads\/2020\/10\/CASAMENTOS-MAIS-CAROS-DO-MUNDO-4.jpg 512w, https:\/\/www.ivanabeaumond.com.br\/vestidos-noiva\/wp-content\/uploads\/2020\/10\/CASAMENTOS-MAIS-CAROS-DO-MUNDO-4-300x189.jpg 300w\" sizes=\"(max-width: 559px) 100vw, 559px\" \/><\/figure><\/div>\n\n\n\n<div style=\"height:20px\" aria-hidden=\"true\" class=\"wp-block-spacer\"><\/div>\n\n\n\n<h3 class=\"wp-block-heading\"><strong><em>A Festa Principal<\/em><\/strong><\/h3>\n\n\n\n<div style=\"height:20px\" aria-hidden=\"true\" class=\"wp-block-spacer\"><\/div>\n\n\n\n<h4 class=\"has-text-align-center wp-block-heading\"><span style=\"color:#6b6c6d\" class=\"has-inline-color\">Apesar do casamento e suas recep\u00e7\u00f5es seguintes serem extremamente luxuosas, essas comemora\u00e7\u00f5es foram mais reservadas \u00e0 fam\u00edlia e os festejos de pr\u00e9-wedding em si foram os respons\u00e1veis por agitar o ambiente.<\/span><\/h4>\n\n\n\n<div style=\"height:20px\" aria-hidden=\"true\" class=\"wp-block-spacer\"><\/div>\n\n\n\n<h4 class=\"has-text-align-center wp-block-heading\"><span style=\"color:#6b6c6d\" class=\"has-inline-color\">Com mais de dois mil convidados e atraindo celebridades de todo o mundo, os amigos e familiares dos Ambanis tomaram conta dos hot\u00e9is da cidade e congestionaram o aeroporto, em uma pequena demonstra\u00e7\u00e3o de como o matrim\u00f4nio de dois gigantes pode fazer a diferen\u00e7a no turismo de um pa\u00eds.<\/span><\/h4>\n\n\n\n<div style=\"height:20px\" aria-hidden=\"true\" class=\"wp-block-spacer\"><\/div>\n\n\n\n<h4 class=\"has-text-align-center wp-block-heading\"><span style=\"color:#6b6c6d\" class=\"has-inline-color\">Para colocar ordem em tudo isso, os noivos contrataram a empresa E Factor para garantir a hospitalidade de seus entes-queridos e ainda garantiram tr\u00eas planejadores para os eventos: Seven Steps para o Sangeet (pr\u00e9-wedding); WedGurus, para o matrim\u00f4nio; e ainda a DNA Entertainment Networks para o todo.<\/span><\/h4>\n\n\n\n<div style=\"height:20px\" aria-hidden=\"true\" class=\"wp-block-spacer\"><\/div>\n\n\n\n<h3 class=\"wp-block-heading\">Os Convidados<\/h3>\n\n\n\n<div style=\"height:20px\" aria-hidden=\"true\" class=\"wp-block-spacer\"><\/div>\n\n\n\n<h4 class=\"has-text-align-center wp-block-heading\"><span style=\"color:#6b6c6d\" class=\"has-inline-color\">Os convites foram entregues em uma caixa Dolce &amp; Gabbana, adornada com renda rosa e dourada e correntes destac\u00e1veis \u200b\u200bque poderiam ser usadas como joias. Nela, haviam as iniciais dos noivos impressas e muitos foram os not\u00e1veis nomes que receberam esta honra, viu?<\/span><\/h4>\n\n\n\n<div style=\"height:20px\" aria-hidden=\"true\" class=\"wp-block-spacer\"><\/div>\n\n\n\n<div class=\"wp-block-image\"><figure class=\"aligncenter size-medium is-resized\"><img decoding=\"async\" loading=\"lazy\" src=\"https:\/\/www.ivanabeaumond.com.br\/vestidos-noiva\/wp-content\/uploads\/2020\/10\/CASAMENTOS-MAIS-CAROS-DO-MUNDO-6-300x169.jpg\" alt=\"\" class=\"wp-image-26574\" width=\"589\" height=\"332\" srcset=\"https:\/\/www.ivanabeaumond.com.br\/vestidos-noiva\/wp-content\/uploads\/2020\/10\/CASAMENTOS-MAIS-CAROS-DO-MUNDO-6-300x169.jpg 300w, https:\/\/www.ivanabeaumond.com.br\/vestidos-noiva\/wp-content\/uploads\/2020\/10\/CASAMENTOS-MAIS-CAROS-DO-MUNDO-6-1024x576.jpg 1024w, https:\/\/www.ivanabeaumond.com.br\/vestidos-noiva\/wp-content\/uploads\/2020\/10\/CASAMENTOS-MAIS-CAROS-DO-MUNDO-6-768x432.jpg 768w, https:\/\/www.ivanabeaumond.com.br\/vestidos-noiva\/wp-content\/uploads\/2020\/10\/CASAMENTOS-MAIS-CAROS-DO-MUNDO-6.jpg 1280w\" sizes=\"(max-width: 589px) 100vw, 589px\" \/><\/figure><\/div>\n\n\n\n<div style=\"height:20px\" aria-hidden=\"true\" class=\"wp-block-spacer\"><\/div>\n\n\n\n<h4 class=\"has-text-align-center wp-block-heading\"><span style=\"color:#6b6c6d\" class=\"has-inline-color\">Dentre a lista de convidados, estavam os ex-secret\u00e1rios de estado Hillary Clinton e John Kerry, a atriz Priyanka Chopra, o cantor Nick Jonas e muitas celebridades do universo de Bollywood.<\/span><\/h4>\n\n\n\n<div style=\"height:20px\" aria-hidden=\"true\" class=\"wp-block-spacer\"><\/div>\n\n\n\n<h3 class=\"wp-block-heading\"><strong><em>O Entretenimento<\/em><\/strong><\/h3>\n\n\n\n<div style=\"height:20px\" aria-hidden=\"true\" class=\"wp-block-spacer\"><\/div>\n\n\n\n<h4 class=\"has-text-align-center wp-block-heading\"><span style=\"color:#6b6c6d\" class=\"has-inline-color\">O entretenimento da festa ficou por conta de quatorze artistas nacionais, como A.R. Rehman e Niladri Kumar. Tudo isso organizado por uma diretora criativa, Vaibhavi Merchant, que j\u00e1 trabalhou, inclusive, na cria\u00e7\u00e3o dos jogos Just Dance.<\/span><\/h4>\n\n\n\n<div style=\"height:20px\" aria-hidden=\"true\" class=\"wp-block-spacer\"><\/div>\n\n\n\n<h4 class=\"has-text-align-center wp-block-heading\"><span style=\"color:#6b6c6d\" class=\"has-inline-color\">Dessa forma, Merchant colaborou com mais tr\u00eas core\u00f3grafos (Shiamak Davar, Rajendra Masterji e Punit Pathak) e ainda teve que gerenciar a On Cue Productions que foi a respons\u00e1vel por todo o palco e estrutura do evento.<\/span><\/h4>\n\n\n\n<div style=\"height:20px\" aria-hidden=\"true\" class=\"wp-block-spacer\"><\/div>\n\n\n\n<div class=\"wp-block-image\"><figure class=\"aligncenter size-large is-resized\"><img decoding=\"async\" loading=\"lazy\" src=\"https:\/\/www.ivanabeaumond.com.br\/vestidos-noiva\/wp-content\/uploads\/2020\/10\/CASAMENTOS-MAIS-CAROS-DO-MUNDO-5.jpg\" alt=\"\" class=\"wp-image-26575\" width=\"560\" height=\"315\" srcset=\"https:\/\/www.ivanabeaumond.com.br\/vestidos-noiva\/wp-content\/uploads\/2020\/10\/CASAMENTOS-MAIS-CAROS-DO-MUNDO-5.jpg 976w, https:\/\/www.ivanabeaumond.com.br\/vestidos-noiva\/wp-content\/uploads\/2020\/10\/CASAMENTOS-MAIS-CAROS-DO-MUNDO-5-300x169.jpg 300w, https:\/\/www.ivanabeaumond.com.br\/vestidos-noiva\/wp-content\/uploads\/2020\/10\/CASAMENTOS-MAIS-CAROS-DO-MUNDO-5-768x432.jpg 768w\" sizes=\"(max-width: 560px) 100vw, 560px\" \/><\/figure><\/div>\n\n\n\n<div style=\"height:20px\" aria-hidden=\"true\" class=\"wp-block-spacer\"><\/div>\n\n\n\n<h4 class=\"has-text-align-center wp-block-heading\"><span style=\"color:#6b6c6d\" class=\"has-inline-color\">Trazendo a cereja do bolo, a Sky Productions fez a diferen\u00e7a levando Beyonc\u00e9 para um dia que ficou conhecido como Black Tie Night. A cantora realizou um show privado de 45 minutos, com v\u00e1rias trocas de figurino e ainda registrou o momento em seu Instagram \u2013 deixando muitas noivas desejando que esse sonho acontecesse no casamento delas!<\/span><\/h4>\n\n\n\n<div style=\"height:20px\" aria-hidden=\"true\" class=\"wp-block-spacer\"><\/div>\n\n\n\n<h3 class=\"wp-block-heading\">E Voc\u00ea, o que achou de Todo esse Luxo?<\/h3>\n\n\n\n<div style=\"height:20px\" aria-hidden=\"true\" class=\"wp-block-spacer\"><\/div>\n\n\n\n<h4 class=\"has-text-align-center wp-block-heading\"><span style=\"color:#6b6c6d\" class=\"has-inline-color\">Ser\u00e1 que d\u00e1 para se inspirar em algum detalhe? <\/span><a href=\"https:\/\/www.instagram.com\/ivanabeaumond\/\" target=\"_blank\" rel=\"noreferrer noopener\">Conte para a gente nas nossas redes sociais<\/a> <span style=\"color:#6b6c6d\" class=\"has-inline-color\">sobre qual caracter\u00edstica mais chamou sua aten\u00e7\u00e3o e, claro, fa\u00e7a a sua parte para ter o seu dia de rainha no seu casamento.<\/span><\/h4>\n\n\n\n<div style=\"height:67px\" aria-hidden=\"true\" class=\"wp-block-spacer\"><\/div>\n\n\n\n<h4 class=\"has-text-align-center wp-block-heading\"><a href=\"https:\/\/www.ivanabeaumond.com.br\/vestidos-noiva\/moda-noiva-rj\/\" target=\"_blank\" rel=\"noreferrer noopener\">Venha para a Ivana Beaumond <\/a><span style=\"color:#6b6c6d\" class=\"has-inline-color\">e encontre o vestido que vai te transformar em uma verdadeira diva! Estamos te esperando!<\/span><\/h4>\n\n\n\n<p><\/p>\n","protected":false},"excerpt":{"rendered":"<p>Voc\u00ea est\u00e1 planejando o seu casamento e j\u00e1 est\u00e1 se&#8230;<\/p>\n","protected":false},"author":4,"featured_media":26570,"comment_status":"closed","ping_status":"closed","sticky":false,"template":"","format":"standard","meta":[],"categories":[60,127],"tags":[1084,1085,1121,660,1019,215,512,559,842,1118,132,671,638,286,959,278,107,903,455,155,98,296,157,164,858,857,885,108,212,213,258,199,115,762,690,200,754,813],"yoast_head":"<!-- This site is optimized with the Yoast SEO plugin v20.3 - https:\/\/yoast.com\/wordpress\/plugins\/seo\/ -->\n<title>Beyonc\u00e9 como Atra\u00e7\u00e3o da Festa? Conhe\u00e7a os Detalhes de um dos Casamentos mais Caros do Mundo - Vestido de Noiva RJ<\/title>\n<meta name=\"robots\" content=\"index, follow, max-snippet:-1, max-image-preview:large, max-video-preview:-1\" \/>\n<link rel=\"canonical\" href=\"https:\/\/www.ivanabeaumond.com.br\/vestidos-noiva\/beyonce-como-atracao-da-festa-conheca-os-detalhes-de-um-dos-casamentos-mais-caros-do-mundo\/\" \/>\n<meta property=\"og:locale\" content=\"pt_BR\" \/>\n<meta property=\"og:type\" content=\"article\" \/>\n<meta property=\"og:title\" content=\"Beyonc\u00e9 como Atra\u00e7\u00e3o da Festa? Conhe\u00e7a os Detalhes de um dos Casamentos mais Caros do Mundo - Vestido de Noiva RJ\" \/>\n<meta property=\"og:description\" content=\"Voc\u00ea est\u00e1 planejando o seu casamento e j\u00e1 est\u00e1 se...\" \/>\n<meta property=\"og:url\" content=\"https:\/\/www.ivanabeaumond.com.br\/vestidos-noiva\/beyonce-como-atracao-da-festa-conheca-os-detalhes-de-um-dos-casamentos-mais-caros-do-mundo\/\" \/>\n<meta property=\"og:site_name\" content=\"Vestido de Noiva RJ\" \/>\n<meta property=\"article:publisher\" content=\"https:\/\/www.facebook.com\/ivana.beaumondnoivas\" \/>\n<meta property=\"article:published_time\" content=\"2020-10-28T19:03:16+00:00\" \/>\n<meta property=\"article:modified_time\" content=\"2020-10-28T19:04:29+00:00\" \/>\n<meta property=\"og:image\" content=\"https:\/\/www.ivanabeaumond.com.br\/vestidos-noiva\/wp-content\/uploads\/2020\/10\/CASAMENTOS-MAIS-CAROS-DO-MUNDO-1.jpg\" \/>\n\t<meta property=\"og:image:width\" content=\"1280\" \/>\n\t<meta property=\"og:image:height\" content=\"720\" \/>\n\t<meta property=\"og:image:type\" content=\"image\/jpeg\" \/>\n<meta name=\"author\" content=\"Ivana Beaumond Paris\" \/>\n<meta name=\"twitter:card\" content=\"summary_large_image\" \/>\n<meta name=\"twitter:label1\" content=\"Escrito por\" \/>\n\t<meta name=\"twitter:data1\" content=\"Ivana Beaumond Paris\" \/>\n\t<meta name=\"twitter:label2\" content=\"Est. tempo de leitura\" \/>\n\t<meta name=\"twitter:data2\" content=\"4 minutos\" \/>\n<script type=\"application\/ld+json\" class=\"yoast-schema-graph\">{\"@context\":\"https:\/\/schema.org\",\"@graph\":[{\"@type\":\"Article\",\"@id\":\"https:\/\/www.ivanabeaumond.com.br\/vestidos-noiva\/beyonce-como-atracao-da-festa-conheca-os-detalhes-de-um-dos-casamentos-mais-caros-do-mundo\/#article\",\"isPartOf\":{\"@id\":\"https:\/\/www.ivanabeaumond.com.br\/vestidos-noiva\/beyonce-como-atracao-da-festa-conheca-os-detalhes-de-um-dos-casamentos-mais-caros-do-mundo\/\"},\"author\":{\"name\":\"Ivana Beaumond Paris\",\"@id\":\"https:\/\/www.ivanabeaumond.com.br\/vestidos-noiva\/#\/schema\/person\/1a360c4cffa3b806d29a456389dcff26\"},\"headline\":\"Beyonc\u00e9 como Atra\u00e7\u00e3o da Festa? Conhe\u00e7a os Detalhes de um dos Casamentos mais Caros do Mundo\",\"datePublished\":\"2020-10-28T19:03:16+00:00\",\"dateModified\":\"2020-10-28T19:04:29+00:00\",\"mainEntityOfPage\":{\"@id\":\"https:\/\/www.ivanabeaumond.com.br\/vestidos-noiva\/beyonce-como-atracao-da-festa-conheca-os-detalhes-de-um-dos-casamentos-mais-caros-do-mundo\/\"},\"wordCount\":721,\"publisher\":{\"@id\":\"https:\/\/www.ivanabeaumond.com.br\/vestidos-noiva\/#organization\"},\"keywords\":[\"alugar vestido de noiva\",\"alugar vestido de noiva rj\",\"ateli\u00ea de noivas\",\"atelier de noivas\",\"atelier de noivas rj\",\"Atelierdenoiva\",\"blog de noiva\",\"blog de noivas\",\"dicas de noiva\",\"dicas de vestido de noiva\",\"dicas ivana\",\"estilista de noiva\",\"estilista de noivas\",\"ivana beaumond\",\"ivana beaumond itanhang\u00e1\",\"ivana beaumond paris\",\"ivanabeaumond\",\"loja de noivas\",\"moda noiva\",\"modanoiva\",\"noiva\",\"noiva cl\u00e1ssica\",\"noiva e noivo\",\"noivas\",\"noivas rio de janeiro\",\"noivas rj\",\"noivas rom\u00e2nticas\",\"noivasivanabeaumond\",\"noivasriodejaneiro\",\"noivasrj\",\"noivinha\",\"sobmedidanoiva\",\"vestido de noiva\",\"vestido de noiva branco\",\"vestido de noiva rj\",\"VestidoDeNoivaRJ\",\"vestidos de noiva\",\"vestidos de noiva rj\"],\"articleSection\":[\"Blog\",\"Dicas e Truques\"],\"inLanguage\":\"pt-BR\"},{\"@type\":\"WebPage\",\"@id\":\"https:\/\/www.ivanabeaumond.com.br\/vestidos-noiva\/beyonce-como-atracao-da-festa-conheca-os-detalhes-de-um-dos-casamentos-mais-caros-do-mundo\/\",\"url\":\"https:\/\/www.ivanabeaumond.com.br\/vestidos-noiva\/beyonce-como-atracao-da-festa-conheca-os-detalhes-de-um-dos-casamentos-mais-caros-do-mundo\/\",\"name\":\"Beyonc\u00e9 como Atra\u00e7\u00e3o da Festa? Conhe\u00e7a os Detalhes de um dos Casamentos mais Caros do Mundo - Vestido de Noiva RJ\",\"isPartOf\":{\"@id\":\"https:\/\/www.ivanabeaumond.com.br\/vestidos-noiva\/#website\"},\"datePublished\":\"2020-10-28T19:03:16+00:00\",\"dateModified\":\"2020-10-28T19:04:29+00:00\",\"breadcrumb\":{\"@id\":\"https:\/\/www.ivanabeaumond.com.br\/vestidos-noiva\/beyonce-como-atracao-da-festa-conheca-os-detalhes-de-um-dos-casamentos-mais-caros-do-mundo\/#breadcrumb\"},\"inLanguage\":\"pt-BR\",\"potentialAction\":[{\"@type\":\"ReadAction\",\"target\":[\"https:\/\/www.ivanabeaumond.com.br\/vestidos-noiva\/beyonce-como-atracao-da-festa-conheca-os-detalhes-de-um-dos-casamentos-mais-caros-do-mundo\/\"]}]},{\"@type\":\"BreadcrumbList\",\"@id\":\"https:\/\/www.ivanabeaumond.com.br\/vestidos-noiva\/beyonce-como-atracao-da-festa-conheca-os-detalhes-de-um-dos-casamentos-mais-caros-do-mundo\/#breadcrumb\",\"itemListElement\":[{\"@type\":\"ListItem\",\"position\":1,\"name\":\"In\u00edcio\",\"item\":\"https:\/\/www.ivanabeaumond.com.br\/vestidos-noiva\/\"},{\"@type\":\"ListItem\",\"position\":2,\"name\":\"Beyonc\u00e9 como Atra\u00e7\u00e3o da Festa? Conhe\u00e7a os Detalhes de um dos Casamentos mais Caros do Mundo\"}]},{\"@type\":\"WebSite\",\"@id\":\"https:\/\/www.ivanabeaumond.com.br\/vestidos-noiva\/#website\",\"url\":\"https:\/\/www.ivanabeaumond.com.br\/vestidos-noiva\/\",\"name\":\"Vestido de Noiva RJ\",\"description\":\"Moda Noiva\",\"publisher\":{\"@id\":\"https:\/\/www.ivanabeaumond.com.br\/vestidos-noiva\/#organization\"},\"potentialAction\":[{\"@type\":\"SearchAction\",\"target\":{\"@type\":\"EntryPoint\",\"urlTemplate\":\"https:\/\/www.ivanabeaumond.com.br\/vestidos-noiva\/?s={search_term_string}\"},\"query-input\":\"required name=search_term_string\"}],\"inLanguage\":\"pt-BR\"},{\"@type\":\"Organization\",\"@id\":\"https:\/\/www.ivanabeaumond.com.br\/vestidos-noiva\/#organization\",\"name\":\"Vestido de Noiva RJ\",\"url\":\"https:\/\/www.ivanabeaumond.com.br\/vestidos-noiva\/\",\"logo\":{\"@type\":\"ImageObject\",\"inLanguage\":\"pt-BR\",\"@id\":\"https:\/\/www.ivanabeaumond.com.br\/vestidos-noiva\/#\/schema\/logo\/image\/\",\"url\":\"https:\/\/www.ivanabeaumond.com.br\/vestidos-noiva\/wp-content\/uploads\/2018\/02\/logo_ivana_beaumond-2.png\",\"contentUrl\":\"https:\/\/www.ivanabeaumond.com.br\/vestidos-noiva\/wp-content\/uploads\/2018\/02\/logo_ivana_beaumond-2.png\",\"width\":230,\"height\":112,\"caption\":\"Vestido de Noiva RJ\"},\"image\":{\"@id\":\"https:\/\/www.ivanabeaumond.com.br\/vestidos-noiva\/#\/schema\/logo\/image\/\"},\"sameAs\":[\"https:\/\/www.facebook.com\/ivana.beaumondnoivas\",\"https:\/\/www.instagram.com\/ivanabeaumond\/\",\"https:\/\/www.tiktok.com\/@ivanabeaumond\"]},{\"@type\":\"Person\",\"@id\":\"https:\/\/www.ivanabeaumond.com.br\/vestidos-noiva\/#\/schema\/person\/1a360c4cffa3b806d29a456389dcff26\",\"name\":\"Ivana Beaumond Paris\",\"image\":{\"@type\":\"ImageObject\",\"inLanguage\":\"pt-BR\",\"@id\":\"https:\/\/www.ivanabeaumond.com.br\/vestidos-noiva\/#\/schema\/person\/image\/\",\"url\":\"https:\/\/secure.gravatar.com\/avatar\/641f98db20b53ec937ceb641db4270b9?s=96&d=mm&r=g\",\"contentUrl\":\"https:\/\/secure.gravatar.com\/avatar\/641f98db20b53ec937ceb641db4270b9?s=96&d=mm&r=g\",\"caption\":\"Ivana Beaumond Paris\"},\"url\":\"https:\/\/www.ivanabeaumond.com.br\/vestidos-noiva\/author\/ivana\/\"}]}<\/script>\n<!-- \/ Yoast SEO plugin. -->","yoast_head_json":{"title":"Beyonc\u00e9 como Atra\u00e7\u00e3o da Festa? Conhe\u00e7a os Detalhes de um dos Casamentos mais Caros do Mundo - Vestido de Noiva RJ","robots":{"index":"index","follow":"follow","max-snippet":"max-snippet:-1","max-image-preview":"max-image-preview:large","max-video-preview":"max-video-preview:-1"},"canonical":"https:\/\/www.ivanabeaumond.com.br\/vestidos-noiva\/beyonce-como-atracao-da-festa-conheca-os-detalhes-de-um-dos-casamentos-mais-caros-do-mundo\/","og_locale":"pt_BR","og_type":"article","og_title":"Beyonc\u00e9 como Atra\u00e7\u00e3o da Festa? Conhe\u00e7a os Detalhes de um dos Casamentos mais Caros do Mundo - Vestido de Noiva RJ","og_description":"Voc\u00ea est\u00e1 planejando o seu casamento e j\u00e1 est\u00e1 se...","og_url":"https:\/\/www.ivanabeaumond.com.br\/vestidos-noiva\/beyonce-como-atracao-da-festa-conheca-os-detalhes-de-um-dos-casamentos-mais-caros-do-mundo\/","og_site_name":"Vestido de Noiva RJ","article_publisher":"https:\/\/www.facebook.com\/ivana.beaumondnoivas","article_published_time":"2020-10-28T19:03:16+00:00","article_modified_time":"2020-10-28T19:04:29+00:00","og_image":[{"width":1280,"height":720,"url":"https:\/\/www.ivanabeaumond.com.br\/vestidos-noiva\/wp-content\/uploads\/2020\/10\/CASAMENTOS-MAIS-CAROS-DO-MUNDO-1.jpg","type":"image\/jpeg"}],"author":"Ivana Beaumond Paris","twitter_card":"summary_large_image","twitter_misc":{"Escrito por":"Ivana Beaumond Paris","Est. tempo de leitura":"4 minutos"},"schema":{"@context":"https:\/\/schema.org","@graph":[{"@type":"Article","@id":"https:\/\/www.ivanabeaumond.com.br\/vestidos-noiva\/beyonce-como-atracao-da-festa-conheca-os-detalhes-de-um-dos-casamentos-mais-caros-do-mundo\/#article","isPartOf":{"@id":"https:\/\/www.ivanabeaumond.com.br\/vestidos-noiva\/beyonce-como-atracao-da-festa-conheca-os-detalhes-de-um-dos-casamentos-mais-caros-do-mundo\/"},"author":{"name":"Ivana Beaumond Paris","@id":"https:\/\/www.ivanabeaumond.com.br\/vestidos-noiva\/#\/schema\/person\/1a360c4cffa3b806d29a456389dcff26"},"headline":"Beyonc\u00e9 como Atra\u00e7\u00e3o da Festa? Conhe\u00e7a os Detalhes de um dos Casamentos mais Caros do Mundo","datePublished":"2020-10-28T19:03:16+00:00","dateModified":"2020-10-28T19:04:29+00:00","mainEntityOfPage":{"@id":"https:\/\/www.ivanabeaumond.com.br\/vestidos-noiva\/beyonce-como-atracao-da-festa-conheca-os-detalhes-de-um-dos-casamentos-mais-caros-do-mundo\/"},"wordCount":721,"publisher":{"@id":"https:\/\/www.ivanabeaumond.com.br\/vestidos-noiva\/#organization"},"keywords":["alugar vestido de noiva","alugar vestido de noiva rj","ateli\u00ea de noivas","atelier de noivas","atelier de noivas rj","Atelierdenoiva","blog de noiva","blog de noivas","dicas de noiva","dicas de vestido de noiva","dicas ivana","estilista de noiva","estilista de noivas","ivana beaumond","ivana beaumond itanhang\u00e1","ivana beaumond paris","ivanabeaumond","loja de noivas","moda noiva","modanoiva","noiva","noiva cl\u00e1ssica","noiva e noivo","noivas","noivas rio de janeiro","noivas rj","noivas rom\u00e2nticas","noivasivanabeaumond","noivasriodejaneiro","noivasrj","noivinha","sobmedidanoiva","vestido de noiva","vestido de noiva branco","vestido de noiva rj","VestidoDeNoivaRJ","vestidos de noiva","vestidos de noiva rj"],"articleSection":["Blog","Dicas e Truques"],"inLanguage":"pt-BR"},{"@type":"WebPage","@id":"https:\/\/www.ivanabeaumond.com.br\/vestidos-noiva\/beyonce-como-atracao-da-festa-conheca-os-detalhes-de-um-dos-casamentos-mais-caros-do-mundo\/","url":"https:\/\/www.ivanabeaumond.com.br\/vestidos-noiva\/beyonce-como-atracao-da-festa-conheca-os-detalhes-de-um-dos-casamentos-mais-caros-do-mundo\/","name":"Beyonc\u00e9 como Atra\u00e7\u00e3o da Festa? Conhe\u00e7a os Detalhes de um dos Casamentos mais Caros do Mundo - Vestido de Noiva RJ","isPartOf":{"@id":"https:\/\/www.ivanabeaumond.com.br\/vestidos-noiva\/#website"},"datePublished":"2020-10-28T19:03:16+00:00","dateModified":"2020-10-28T19:04:29+00:00","breadcrumb":{"@id":"https:\/\/www.ivanabeaumond.com.br\/vestidos-noiva\/beyonce-como-atracao-da-festa-conheca-os-detalhes-de-um-dos-casamentos-mais-caros-do-mundo\/#breadcrumb"},"inLanguage":"pt-BR","potentialAction":[{"@type":"ReadAction","target":["https:\/\/www.ivanabeaumond.com.br\/vestidos-noiva\/beyonce-como-atracao-da-festa-conheca-os-detalhes-de-um-dos-casamentos-mais-caros-do-mundo\/"]}]},{"@type":"BreadcrumbList","@id":"https:\/\/www.ivanabeaumond.com.br\/vestidos-noiva\/beyonce-como-atracao-da-festa-conheca-os-detalhes-de-um-dos-casamentos-mais-caros-do-mundo\/#breadcrumb","itemListElement":[{"@type":"ListItem","position":1,"name":"In\u00edcio","item":"https:\/\/www.ivanabeaumond.com.br\/vestidos-noiva\/"},{"@type":"ListItem","position":2,"name":"Beyonc\u00e9 como Atra\u00e7\u00e3o da Festa? Conhe\u00e7a os Detalhes de um dos Casamentos mais Caros do Mundo"}]},{"@type":"WebSite","@id":"https:\/\/www.ivanabeaumond.com.br\/vestidos-noiva\/#website","url":"https:\/\/www.ivanabeaumond.com.br\/vestidos-noiva\/","name":"Vestido de Noiva RJ","description":"Moda Noiva","publisher":{"@id":"https:\/\/www.ivanabeaumond.com.br\/vestidos-noiva\/#organization"},"potentialAction":[{"@type":"SearchAction","target":{"@type":"EntryPoint","urlTemplate":"https:\/\/www.ivanabeaumond.com.br\/vestidos-noiva\/?s={search_term_string}"},"query-input":"required name=search_term_string"}],"inLanguage":"pt-BR"},{"@type":"Organization","@id":"https:\/\/www.ivanabeaumond.com.br\/vestidos-noiva\/#organization","name":"Vestido de Noiva RJ","url":"https:\/\/www.ivanabeaumond.com.br\/vestidos-noiva\/","logo":{"@type":"ImageObject","inLanguage":"pt-BR","@id":"https:\/\/www.ivanabeaumond.com.br\/vestidos-noiva\/#\/schema\/logo\/image\/","url":"https:\/\/www.ivanabeaumond.com.br\/vestidos-noiva\/wp-content\/uploads\/2018\/02\/logo_ivana_beaumond-2.png","contentUrl":"https:\/\/www.ivanabeaumond.com.br\/vestidos-noiva\/wp-content\/uploads\/2018\/02\/logo_ivana_beaumond-2.png","width":230,"height":112,"caption":"Vestido de Noiva RJ"},"image":{"@id":"https:\/\/www.ivanabeaumond.com.br\/vestidos-noiva\/#\/schema\/logo\/image\/"},"sameAs":["https:\/\/www.facebook.com\/ivana.beaumondnoivas","https:\/\/www.instagram.com\/ivanabeaumond\/","https:\/\/www.tiktok.com\/@ivanabeaumond"]},{"@type":"Person","@id":"https:\/\/www.ivanabeaumond.com.br\/vestidos-noiva\/#\/schema\/person\/1a360c4cffa3b806d29a456389dcff26","name":"Ivana Beaumond Paris","image":{"@type":"ImageObject","inLanguage":"pt-BR","@id":"https:\/\/www.ivanabeaumond.com.br\/vestidos-noiva\/#\/schema\/person\/image\/","url":"https:\/\/secure.gravatar.com\/avatar\/641f98db20b53ec937ceb641db4270b9?s=96&d=mm&r=g","contentUrl":"https:\/\/secure.gravatar.com\/avatar\/641f98db20b53ec937ceb641db4270b9?s=96&d=mm&r=g","caption":"Ivana Beaumond Paris"},"url":"https:\/\/www.ivanabeaumond.com.br\/vestidos-noiva\/author\/ivana\/"}]}},"_links":{"self":[{"href":"https:\/\/www.ivanabeaumond.com.br\/vestidos-noiva\/wp-json\/wp\/v2\/posts\/26569"}],"collection":[{"href":"https:\/\/www.ivanabeaumond.com.br\/vestidos-noiva\/wp-json\/wp\/v2\/posts"}],"about":[{"href":"https:\/\/www.ivanabeaumond.com.br\/vestidos-noiva\/wp-json\/wp\/v2\/types\/post"}],"author":[{"embeddable":true,"href":"https:\/\/www.ivanabeaumond.com.br\/vestidos-noiva\/wp-json\/wp\/v2\/users\/4"}],"replies":[{"embeddable":true,"href":"https:\/\/www.ivanabeaumond.com.br\/vestidos-noiva\/wp-json\/wp\/v2\/comments?post=26569"}],"version-history":[{"count":2,"href":"https:\/\/www.ivanabeaumond.com.br\/vestidos-noiva\/wp-json\/wp\/v2\/posts\/26569\/revisions"}],"predecessor-version":[{"id":26782,"href":"https:\/\/www.ivanabeaumond.com.br\/vestidos-noiva\/wp-json\/wp\/v2\/posts\/26569\/revisions\/26782"}],"wp:featuredmedia":[{"embeddable":true,"href":"https:\/\/www.ivanabeaumond.com.br\/vestidos-noiva\/wp-json\/wp\/v2\/media\/26570"}],"wp:attachment":[{"href":"https:\/\/www.ivanabeaumond.com.br\/vestidos-noiva\/wp-json\/wp\/v2\/media?parent=26569"}],"wp:term":[{"taxonomy":"category","embeddable":true,"href":"https:\/\/www.ivanabeaumond.com.br\/vestidos-noiva\/wp-json\/wp\/v2\/categories?post=26569"},{"taxonomy":"post_tag","embeddable":true,"href":"https:\/\/www.ivanabeaumond.com.br\/vestidos-noiva\/wp-json\/wp\/v2\/tags?post=26569"}],"curies":[{"name":"wp","href":"https:\/\/api.w.org\/{rel}","templated":true}]}}