{"id":26651,"date":"2020-10-22T14:58:03","date_gmt":"2020-10-22T17:58:03","guid":{"rendered":"https:\/\/www.ivanabeaumond.com.br\/vestidos-noiva\/?p=26651"},"modified":"2020-10-22T15:13:02","modified_gmt":"2020-10-22T18:13:02","slug":"abracando-a-natureza-estilista-ivana-beaumond-assina-novo-editorial-na-amazonia","status":"publish","type":"post","link":"https:\/\/www.ivanabeaumond.com.br\/vestidos-noiva\/abracando-a-natureza-estilista-ivana-beaumond-assina-novo-editorial-na-amazonia\/","title":{"rendered":"Abra\u00e7ando a Natureza, Estilista Ivana Beaumond assina novo Editorial na Amaz\u00f4nia"},"content":{"rendered":"\n<div style=\"height:20px\" aria-hidden=\"true\" class=\"wp-block-spacer\"><\/div>\n\n\n\n<div class=\"wp-block-image\"><figure class=\"aligncenter size-large is-resized\"><img decoding=\"async\" loading=\"lazy\" src=\"https:\/\/www.ivanabeaumond.com.br\/vestidos-noiva\/wp-content\/uploads\/2020\/10\/DSC_4844-683x1024.jpg\" alt=\"\" class=\"wp-image-26665\" width=\"570\" height=\"854\" srcset=\"https:\/\/www.ivanabeaumond.com.br\/vestidos-noiva\/wp-content\/uploads\/2020\/10\/DSC_4844-683x1024.jpg 683w, https:\/\/www.ivanabeaumond.com.br\/vestidos-noiva\/wp-content\/uploads\/2020\/10\/DSC_4844-200x300.jpg 200w, https:\/\/www.ivanabeaumond.com.br\/vestidos-noiva\/wp-content\/uploads\/2020\/10\/DSC_4844-768x1152.jpg 768w, https:\/\/www.ivanabeaumond.com.br\/vestidos-noiva\/wp-content\/uploads\/2020\/10\/DSC_4844-1024x1536.jpg 1024w, https:\/\/www.ivanabeaumond.com.br\/vestidos-noiva\/wp-content\/uploads\/2020\/10\/DSC_4844-1365x2048.jpg 1365w, https:\/\/www.ivanabeaumond.com.br\/vestidos-noiva\/wp-content\/uploads\/2020\/10\/DSC_4844-scaled.jpg 1707w\" sizes=\"(max-width: 570px) 100vw, 570px\" \/><\/figure><\/div>\n\n\n\n<div style=\"height:20px\" aria-hidden=\"true\" class=\"wp-block-spacer\"><\/div>\n\n\n\n<div class=\"wp-block-image\"><figure class=\"aligncenter size-large is-resized\"><img decoding=\"async\" loading=\"lazy\" src=\"https:\/\/www.ivanabeaumond.com.br\/vestidos-noiva\/wp-content\/uploads\/2020\/10\/DSC_4572-683x1024.jpg\" alt=\"\" class=\"wp-image-26664\" width=\"569\" height=\"853\" srcset=\"https:\/\/www.ivanabeaumond.com.br\/vestidos-noiva\/wp-content\/uploads\/2020\/10\/DSC_4572-683x1024.jpg 683w, https:\/\/www.ivanabeaumond.com.br\/vestidos-noiva\/wp-content\/uploads\/2020\/10\/DSC_4572-200x300.jpg 200w, https:\/\/www.ivanabeaumond.com.br\/vestidos-noiva\/wp-content\/uploads\/2020\/10\/DSC_4572-768x1152.jpg 768w, https:\/\/www.ivanabeaumond.com.br\/vestidos-noiva\/wp-content\/uploads\/2020\/10\/DSC_4572-1024x1536.jpg 1024w, https:\/\/www.ivanabeaumond.com.br\/vestidos-noiva\/wp-content\/uploads\/2020\/10\/DSC_4572-1365x2048.jpg 1365w, https:\/\/www.ivanabeaumond.com.br\/vestidos-noiva\/wp-content\/uploads\/2020\/10\/DSC_4572-scaled.jpg 1707w\" sizes=\"(max-width: 569px) 100vw, 569px\" \/><\/figure><\/div>\n\n\n\n<div style=\"height:20px\" aria-hidden=\"true\" class=\"wp-block-spacer\"><\/div>\n\n\n\n<h4 class=\"has-text-align-center wp-block-heading\"><span style=\"color:#6b6c6d\" class=\"has-inline-color\">Aproveitando um momento em que muito se fala a respeito da preserva\u00e7\u00e3o da natureza e do bem-estar do meio ambiente, a estilista e empres\u00e1ria Ivana Beaumond decidiu abra\u00e7ar a causa amaz\u00f4nica e realizar um editorial voltado para este per\u00edodo t\u00e3o delicado enfrentado pelas florestas nacionais.<\/span><\/h4>\n\n\n\n<div style=\"height:20px\" aria-hidden=\"true\" class=\"wp-block-spacer\"><\/div>\n\n\n\n<h4 class=\"has-text-align-center wp-block-heading\"><span style=\"color:#6b6c6d\" class=\"has-inline-color\">Com a presen\u00e7a da participante do Miss Amazonas, Sheislane Hayalla, que representou a beleza da mulher da regi\u00e3o, a ideia foi explorar os principais pontos tur\u00edsticos locais e tamb\u00e9m da cidade de Bel\u00e9m, no Par\u00e1. Tudo para enobrecer o Brasil e enaltecer todos os recantos que comp\u00f5em sua diversidade e pluralidade de ecossistemas.<\/span><\/h4>\n\n\n\n<div style=\"height:20px\" aria-hidden=\"true\" class=\"wp-block-spacer\"><\/div>\n\n\n\n<div class=\"wp-block-image\"><figure class=\"aligncenter size-large is-resized\"><img decoding=\"async\" loading=\"lazy\" src=\"https:\/\/www.ivanabeaumond.com.br\/vestidos-noiva\/wp-content\/uploads\/2020\/10\/DSC_4149-683x1024.jpg\" alt=\"\" class=\"wp-image-26660\" width=\"573\" height=\"859\" srcset=\"https:\/\/www.ivanabeaumond.com.br\/vestidos-noiva\/wp-content\/uploads\/2020\/10\/DSC_4149-683x1024.jpg 683w, https:\/\/www.ivanabeaumond.com.br\/vestidos-noiva\/wp-content\/uploads\/2020\/10\/DSC_4149-200x300.jpg 200w, https:\/\/www.ivanabeaumond.com.br\/vestidos-noiva\/wp-content\/uploads\/2020\/10\/DSC_4149-768x1152.jpg 768w, https:\/\/www.ivanabeaumond.com.br\/vestidos-noiva\/wp-content\/uploads\/2020\/10\/DSC_4149-1024x1536.jpg 1024w, https:\/\/www.ivanabeaumond.com.br\/vestidos-noiva\/wp-content\/uploads\/2020\/10\/DSC_4149-1365x2048.jpg 1365w, https:\/\/www.ivanabeaumond.com.br\/vestidos-noiva\/wp-content\/uploads\/2020\/10\/DSC_4149-scaled.jpg 1707w\" sizes=\"(max-width: 573px) 100vw, 573px\" \/><\/figure><\/div>\n\n\n\n<div style=\"height:20px\" aria-hidden=\"true\" class=\"wp-block-spacer\"><\/div>\n\n\n\n<h4 class=\"has-text-align-center wp-block-heading\"><span style=\"color:#6b6c6d\" class=\"has-inline-color\">Assim, durante cinco dias de trabalho intenso, foi poss\u00edvel demonstrar o qu\u00e3o esplendoroso \u00e9 este espa\u00e7o, al\u00e9m de respaldar que um casamento neste para\u00edso pode ser um verdadeiro sonho para muitas mulheres que valorizam a cultura das terras verde-amarelas.<\/span><\/h4>\n\n\n\n<div style=\"height:20px\" aria-hidden=\"true\" class=\"wp-block-spacer\"><\/div>\n\n\n\n<div class=\"wp-block-image\"><figure class=\"aligncenter size-large is-resized\"><img decoding=\"async\" loading=\"lazy\" src=\"https:\/\/www.ivanabeaumond.com.br\/vestidos-noiva\/wp-content\/uploads\/2020\/10\/DSC_4090-683x1024.jpg\" alt=\"\" class=\"wp-image-26658\" width=\"566\" height=\"848\" srcset=\"https:\/\/www.ivanabeaumond.com.br\/vestidos-noiva\/wp-content\/uploads\/2020\/10\/DSC_4090-683x1024.jpg 683w, https:\/\/www.ivanabeaumond.com.br\/vestidos-noiva\/wp-content\/uploads\/2020\/10\/DSC_4090-200x300.jpg 200w, https:\/\/www.ivanabeaumond.com.br\/vestidos-noiva\/wp-content\/uploads\/2020\/10\/DSC_4090-768x1152.jpg 768w, https:\/\/www.ivanabeaumond.com.br\/vestidos-noiva\/wp-content\/uploads\/2020\/10\/DSC_4090-1024x1536.jpg 1024w, https:\/\/www.ivanabeaumond.com.br\/vestidos-noiva\/wp-content\/uploads\/2020\/10\/DSC_4090-1365x2048.jpg 1365w, https:\/\/www.ivanabeaumond.com.br\/vestidos-noiva\/wp-content\/uploads\/2020\/10\/DSC_4090-scaled.jpg 1707w\" sizes=\"(max-width: 566px) 100vw, 566px\" \/><\/figure><\/div>\n\n\n\n<div style=\"height:20px\" aria-hidden=\"true\" class=\"wp-block-spacer\"><\/div>\n\n\n\n<h4 class=\"has-text-align-center wp-block-heading\"><span style=\"color:#6b6c6d\" class=\"has-inline-color\">Esta valoriza\u00e7\u00e3o, inclusive, \u00e9 um ponto fundamental para todos que elaboraram o projeto. Afinal, em um ano que muito se debateu sobre a import\u00e2ncia de levar as pautas ambientais para a sociedade, Ivana decidiu colocar os holofotes sobre esta quest\u00e3o, fazendo da moda uma oportunidade para ampliar a conversa em torno da tem\u00e1tica.<\/span><\/h4>\n\n\n\n<div style=\"height:20px\" aria-hidden=\"true\" class=\"wp-block-spacer\"><\/div>\n\n\n\n<div class=\"wp-block-image\"><figure class=\"aligncenter size-large is-resized\"><img decoding=\"async\" loading=\"lazy\" src=\"https:\/\/www.ivanabeaumond.com.br\/vestidos-noiva\/wp-content\/uploads\/2020\/10\/DSC_4485-683x1024.jpg\" alt=\"\" class=\"wp-image-26661\" width=\"570\" height=\"854\" srcset=\"https:\/\/www.ivanabeaumond.com.br\/vestidos-noiva\/wp-content\/uploads\/2020\/10\/DSC_4485-683x1024.jpg 683w, https:\/\/www.ivanabeaumond.com.br\/vestidos-noiva\/wp-content\/uploads\/2020\/10\/DSC_4485-200x300.jpg 200w, https:\/\/www.ivanabeaumond.com.br\/vestidos-noiva\/wp-content\/uploads\/2020\/10\/DSC_4485-768x1152.jpg 768w, https:\/\/www.ivanabeaumond.com.br\/vestidos-noiva\/wp-content\/uploads\/2020\/10\/DSC_4485-1024x1536.jpg 1024w, https:\/\/www.ivanabeaumond.com.br\/vestidos-noiva\/wp-content\/uploads\/2020\/10\/DSC_4485-1365x2048.jpg 1365w, https:\/\/www.ivanabeaumond.com.br\/vestidos-noiva\/wp-content\/uploads\/2020\/10\/DSC_4485-scaled.jpg 1707w\" sizes=\"(max-width: 570px) 100vw, 570px\" \/><\/figure><\/div>\n\n\n\n<div style=\"height:20px\" aria-hidden=\"true\" class=\"wp-block-spacer\"><\/div>\n\n\n\n<div class=\"wp-block-image\"><figure class=\"aligncenter size-large is-resized\"><img decoding=\"async\" loading=\"lazy\" src=\"https:\/\/www.ivanabeaumond.com.br\/vestidos-noiva\/wp-content\/uploads\/2020\/10\/DSC_4408-683x1024.jpg\" alt=\"\" class=\"wp-image-26662\" width=\"574\" height=\"859\"\/><\/figure><\/div>\n\n\n\n<div style=\"height:20px\" aria-hidden=\"true\" class=\"wp-block-spacer\"><\/div>\n\n\n\n<div class=\"wp-block-image\"><figure class=\"aligncenter size-large is-resized\"><img decoding=\"async\" loading=\"lazy\" src=\"https:\/\/www.ivanabeaumond.com.br\/vestidos-noiva\/wp-content\/uploads\/2020\/10\/DSC_4254-683x1024.jpg\" alt=\"\" class=\"wp-image-26663\" width=\"570\" height=\"854\" srcset=\"https:\/\/www.ivanabeaumond.com.br\/vestidos-noiva\/wp-content\/uploads\/2020\/10\/DSC_4254-683x1024.jpg 683w, https:\/\/www.ivanabeaumond.com.br\/vestidos-noiva\/wp-content\/uploads\/2020\/10\/DSC_4254-200x300.jpg 200w, https:\/\/www.ivanabeaumond.com.br\/vestidos-noiva\/wp-content\/uploads\/2020\/10\/DSC_4254-768x1152.jpg 768w, https:\/\/www.ivanabeaumond.com.br\/vestidos-noiva\/wp-content\/uploads\/2020\/10\/DSC_4254-1024x1536.jpg 1024w, https:\/\/www.ivanabeaumond.com.br\/vestidos-noiva\/wp-content\/uploads\/2020\/10\/DSC_4254-1365x2048.jpg 1365w, https:\/\/www.ivanabeaumond.com.br\/vestidos-noiva\/wp-content\/uploads\/2020\/10\/DSC_4254-scaled.jpg 1707w\" sizes=\"(max-width: 570px) 100vw, 570px\" \/><\/figure><\/div>\n\n\n\n<div style=\"height:20px\" aria-hidden=\"true\" class=\"wp-block-spacer\"><\/div>\n\n\n\n<h4 class=\"has-text-align-center wp-block-heading\"><span style=\"color:#6b6c6d\" class=\"has-inline-color\">E foi assim que o foco deixou de ser as grandes cidades tur\u00edsticas e as metr\u00f3poles brasileiras que muitos estilistas e entusiastas da moda escolhiam para seus projetos. Beaumond, assim como sua equipe, decidiu dar oportunidade aos locais mais remotos da geografia nacional e, por meio do universo fashion, realizar um alerta acerca das queimadas, desmatamentos e extra\u00e7\u00f5es que s\u00e3o recorrentes nestes ambientes.<\/span><\/h4>\n\n\n\n<div style=\"height:20px\" aria-hidden=\"true\" class=\"wp-block-spacer\"><\/div>\n\n\n\n<h4 class=\"has-text-align-center wp-block-heading\"><span style=\"color:#6b6c6d\" class=\"has-inline-color\">Para isso, lugares como o Forte do Castelo, o Mercado Ver-o-Peso, a Esta\u00e7\u00e3o das Docas, a Igreja de Nossa Senhora de Nazar\u00e9 e a Sama\u00fama (considerada a maior arvore da Amaz\u00f4nia) serviram como cen\u00e1rio, abrilhantando a empreitada e se tornando o pano de fundo perfeito para que os vestidos de noiva da cole\u00e7\u00e3o ganhassem vida e fossem um instrumento de representatividade.<\/span><\/h4>\n\n\n\n<div style=\"height:20px\" aria-hidden=\"true\" class=\"wp-block-spacer\"><\/div>\n\n\n\n<div class=\"wp-block-image\"><figure class=\"aligncenter size-large is-resized\"><img decoding=\"async\" loading=\"lazy\" src=\"https:\/\/www.ivanabeaumond.com.br\/vestidos-noiva\/wp-content\/uploads\/2020\/10\/DSC_5147-683x1024.jpg\" alt=\"\" class=\"wp-image-26666\" width=\"570\" height=\"856\" srcset=\"https:\/\/www.ivanabeaumond.com.br\/vestidos-noiva\/wp-content\/uploads\/2020\/10\/DSC_5147-683x1024.jpg 683w, https:\/\/www.ivanabeaumond.com.br\/vestidos-noiva\/wp-content\/uploads\/2020\/10\/DSC_5147-200x300.jpg 200w, https:\/\/www.ivanabeaumond.com.br\/vestidos-noiva\/wp-content\/uploads\/2020\/10\/DSC_5147-768x1152.jpg 768w, https:\/\/www.ivanabeaumond.com.br\/vestidos-noiva\/wp-content\/uploads\/2020\/10\/DSC_5147-1024x1536.jpg 1024w, https:\/\/www.ivanabeaumond.com.br\/vestidos-noiva\/wp-content\/uploads\/2020\/10\/DSC_5147-1365x2048.jpg 1365w, https:\/\/www.ivanabeaumond.com.br\/vestidos-noiva\/wp-content\/uploads\/2020\/10\/DSC_5147-scaled.jpg 1707w\" sizes=\"(max-width: 570px) 100vw, 570px\" \/><\/figure><\/div>\n\n\n\n<div style=\"height:20px\" aria-hidden=\"true\" class=\"wp-block-spacer\"><\/div>\n\n\n\n<div class=\"wp-block-image\"><figure class=\"aligncenter size-large is-resized\"><img decoding=\"async\" loading=\"lazy\" src=\"https:\/\/www.ivanabeaumond.com.br\/vestidos-noiva\/wp-content\/uploads\/2020\/10\/DSC_5048-683x1024.jpg\" alt=\"\" class=\"wp-image-26667\" width=\"567\" height=\"852\" srcset=\"https:\/\/www.ivanabeaumond.com.br\/vestidos-noiva\/wp-content\/uploads\/2020\/10\/DSC_5048-200x300.jpg 200w, https:\/\/www.ivanabeaumond.com.br\/vestidos-noiva\/wp-content\/uploads\/2020\/10\/DSC_5048-768x1152.jpg 768w, https:\/\/www.ivanabeaumond.com.br\/vestidos-noiva\/wp-content\/uploads\/2020\/10\/DSC_5048-1024x1536.jpg 1024w, https:\/\/www.ivanabeaumond.com.br\/vestidos-noiva\/wp-content\/uploads\/2020\/10\/DSC_5048-1365x2048.jpg 1365w\" sizes=\"(max-width: 567px) 100vw, 567px\" \/><\/figure><\/div>\n\n\n\n<div style=\"height:20px\" aria-hidden=\"true\" class=\"wp-block-spacer\"><\/div>\n\n\n\n<div class=\"wp-block-image\"><figure class=\"aligncenter size-large is-resized\"><img decoding=\"async\" loading=\"lazy\" src=\"https:\/\/www.ivanabeaumond.com.br\/vestidos-noiva\/wp-content\/uploads\/2020\/10\/DSC_5223-683x1024.jpg\" alt=\"\" class=\"wp-image-26669\" width=\"569\" height=\"853\" srcset=\"https:\/\/www.ivanabeaumond.com.br\/vestidos-noiva\/wp-content\/uploads\/2020\/10\/DSC_5223-683x1024.jpg 683w, https:\/\/www.ivanabeaumond.com.br\/vestidos-noiva\/wp-content\/uploads\/2020\/10\/DSC_5223-200x300.jpg 200w, https:\/\/www.ivanabeaumond.com.br\/vestidos-noiva\/wp-content\/uploads\/2020\/10\/DSC_5223-768x1152.jpg 768w, https:\/\/www.ivanabeaumond.com.br\/vestidos-noiva\/wp-content\/uploads\/2020\/10\/DSC_5223-1024x1536.jpg 1024w, https:\/\/www.ivanabeaumond.com.br\/vestidos-noiva\/wp-content\/uploads\/2020\/10\/DSC_5223-1365x2048.jpg 1365w, https:\/\/www.ivanabeaumond.com.br\/vestidos-noiva\/wp-content\/uploads\/2020\/10\/DSC_5223-scaled.jpg 1707w\" sizes=\"(max-width: 569px) 100vw, 569px\" \/><\/figure><\/div>\n\n\n\n<div style=\"height:20px\" aria-hidden=\"true\" class=\"wp-block-spacer\"><\/div>\n\n\n\n<div class=\"wp-block-image\"><figure class=\"aligncenter size-large is-resized\"><img decoding=\"async\" loading=\"lazy\" src=\"https:\/\/www.ivanabeaumond.com.br\/vestidos-noiva\/wp-content\/uploads\/2020\/10\/DSC_5279-683x1024.jpg\" alt=\"\" class=\"wp-image-26668\" width=\"569\" height=\"853\" srcset=\"https:\/\/www.ivanabeaumond.com.br\/vestidos-noiva\/wp-content\/uploads\/2020\/10\/DSC_5279-683x1024.jpg 683w, https:\/\/www.ivanabeaumond.com.br\/vestidos-noiva\/wp-content\/uploads\/2020\/10\/DSC_5279-200x300.jpg 200w, https:\/\/www.ivanabeaumond.com.br\/vestidos-noiva\/wp-content\/uploads\/2020\/10\/DSC_5279-768x1152.jpg 768w, https:\/\/www.ivanabeaumond.com.br\/vestidos-noiva\/wp-content\/uploads\/2020\/10\/DSC_5279-1024x1536.jpg 1024w, https:\/\/www.ivanabeaumond.com.br\/vestidos-noiva\/wp-content\/uploads\/2020\/10\/DSC_5279-1365x2048.jpg 1365w, https:\/\/www.ivanabeaumond.com.br\/vestidos-noiva\/wp-content\/uploads\/2020\/10\/DSC_5279-scaled.jpg 1707w\" sizes=\"(max-width: 569px) 100vw, 569px\" \/><\/figure><\/div>\n\n\n\n<div style=\"height:20px\" aria-hidden=\"true\" class=\"wp-block-spacer\"><\/div>\n\n\n\n<div class=\"wp-block-image\"><figure class=\"aligncenter size-large is-resized\"><img decoding=\"async\" loading=\"lazy\" src=\"https:\/\/www.ivanabeaumond.com.br\/vestidos-noiva\/wp-content\/uploads\/2020\/10\/DSC_4887-683x1024.jpg\" alt=\"\" class=\"wp-image-26673\" width=\"572\" height=\"857\" srcset=\"https:\/\/www.ivanabeaumond.com.br\/vestidos-noiva\/wp-content\/uploads\/2020\/10\/DSC_4887-683x1024.jpg 683w, https:\/\/www.ivanabeaumond.com.br\/vestidos-noiva\/wp-content\/uploads\/2020\/10\/DSC_4887-200x300.jpg 200w, https:\/\/www.ivanabeaumond.com.br\/vestidos-noiva\/wp-content\/uploads\/2020\/10\/DSC_4887-768x1152.jpg 768w, https:\/\/www.ivanabeaumond.com.br\/vestidos-noiva\/wp-content\/uploads\/2020\/10\/DSC_4887-1024x1536.jpg 1024w, https:\/\/www.ivanabeaumond.com.br\/vestidos-noiva\/wp-content\/uploads\/2020\/10\/DSC_4887-1365x2048.jpg 1365w, https:\/\/www.ivanabeaumond.com.br\/vestidos-noiva\/wp-content\/uploads\/2020\/10\/DSC_4887-scaled.jpg 1707w\" sizes=\"(max-width: 572px) 100vw, 572px\" \/><\/figure><\/div>\n\n\n\n<div style=\"height:20px\" aria-hidden=\"true\" class=\"wp-block-spacer\"><\/div>\n\n\n\n<h4 class=\"has-text-align-center wp-block-heading\"><span style=\"color:#6b6c6d\" class=\"has-inline-color\">Neste contexto e pensando em trazer elementos que simbolizassem o espa\u00e7o, o editorial contou com acess\u00f3rios de Jacque Abrunhosa e itens t\u00edpicos (como o cocar branco) da Enar\u00ea Arte Ind\u00edgena, dando um toque ainda mais cultural para toda a produ\u00e7\u00e3o.<\/span><\/h4>\n\n\n\n<div style=\"height:20px\" aria-hidden=\"true\" class=\"wp-block-spacer\"><\/div>\n\n\n\n<div class=\"wp-block-image\"><figure class=\"aligncenter size-large is-resized\"><img decoding=\"async\" loading=\"lazy\" src=\"https:\/\/www.ivanabeaumond.com.br\/vestidos-noiva\/wp-content\/uploads\/2020\/10\/DSC_4650-683x1024.jpg\" alt=\"\" class=\"wp-image-26670\" width=\"570\" height=\"854\" srcset=\"https:\/\/www.ivanabeaumond.com.br\/vestidos-noiva\/wp-content\/uploads\/2020\/10\/DSC_4650-683x1024.jpg 683w, https:\/\/www.ivanabeaumond.com.br\/vestidos-noiva\/wp-content\/uploads\/2020\/10\/DSC_4650-200x300.jpg 200w, https:\/\/www.ivanabeaumond.com.br\/vestidos-noiva\/wp-content\/uploads\/2020\/10\/DSC_4650-768x1152.jpg 768w, https:\/\/www.ivanabeaumond.com.br\/vestidos-noiva\/wp-content\/uploads\/2020\/10\/DSC_4650-1024x1536.jpg 1024w, https:\/\/www.ivanabeaumond.com.br\/vestidos-noiva\/wp-content\/uploads\/2020\/10\/DSC_4650-1365x2048.jpg 1365w, https:\/\/www.ivanabeaumond.com.br\/vestidos-noiva\/wp-content\/uploads\/2020\/10\/DSC_4650-scaled.jpg 1707w\" sizes=\"(max-width: 570px) 100vw, 570px\" \/><\/figure><\/div>\n\n\n\n<div style=\"height:20px\" aria-hidden=\"true\" class=\"wp-block-spacer\"><\/div>\n\n\n\n<div class=\"wp-block-image\"><figure class=\"aligncenter size-large is-resized\"><img decoding=\"async\" loading=\"lazy\" src=\"https:\/\/www.ivanabeaumond.com.br\/vestidos-noiva\/wp-content\/uploads\/2020\/10\/DSC_4594-683x1024.jpg\" alt=\"\" class=\"wp-image-26671\" width=\"566\" height=\"847\"\/><\/figure><\/div>\n\n\n\n<div style=\"height:20px\" aria-hidden=\"true\" class=\"wp-block-spacer\"><\/div>\n\n\n\n<div class=\"wp-block-image\"><figure class=\"aligncenter size-large is-resized\"><img decoding=\"async\" loading=\"lazy\" src=\"https:\/\/www.ivanabeaumond.com.br\/vestidos-noiva\/wp-content\/uploads\/2020\/10\/DSC_4761-683x1024.jpg\" alt=\"\" class=\"wp-image-26672\" width=\"568\" height=\"851\" srcset=\"https:\/\/www.ivanabeaumond.com.br\/vestidos-noiva\/wp-content\/uploads\/2020\/10\/DSC_4761-683x1024.jpg 683w, https:\/\/www.ivanabeaumond.com.br\/vestidos-noiva\/wp-content\/uploads\/2020\/10\/DSC_4761-200x300.jpg 200w, https:\/\/www.ivanabeaumond.com.br\/vestidos-noiva\/wp-content\/uploads\/2020\/10\/DSC_4761-768x1152.jpg 768w, https:\/\/www.ivanabeaumond.com.br\/vestidos-noiva\/wp-content\/uploads\/2020\/10\/DSC_4761-1024x1536.jpg 1024w, https:\/\/www.ivanabeaumond.com.br\/vestidos-noiva\/wp-content\/uploads\/2020\/10\/DSC_4761-1365x2048.jpg 1365w, https:\/\/www.ivanabeaumond.com.br\/vestidos-noiva\/wp-content\/uploads\/2020\/10\/DSC_4761-scaled.jpg 1707w\" sizes=\"(max-width: 568px) 100vw, 568px\" \/><\/figure><\/div>\n\n\n\n<div style=\"height:20px\" aria-hidden=\"true\" class=\"wp-block-spacer\"><\/div>\n\n\n\n<h4 class=\"has-text-align-center wp-block-heading\"><span style=\"color:#6b6c6d\" class=\"has-inline-color\">E por falar em cultura, vale lembrar, inclusive, que o \u00faltimo editorial de Ivana aconteceu em Paris, o que traz um contraste importante e necess\u00e1rio. Afinal, foi preciso consolidar-se internacionalmente para, agora, debru\u00e7ar-se sobre a atmosfera brasileira e lev\u00e1-la para o exterior.<\/span><\/h4>\n\n\n\n<div style=\"height:20px\" aria-hidden=\"true\" class=\"wp-block-spacer\"><\/div>\n\n\n\n<div class=\"wp-block-image\"><figure class=\"aligncenter size-large is-resized\"><img decoding=\"async\" loading=\"lazy\" src=\"https:\/\/www.ivanabeaumond.com.br\/vestidos-noiva\/wp-content\/uploads\/2020\/10\/MJ-683x1024.jpg\" alt=\"\" class=\"wp-image-26653\" width=\"569\" height=\"853\" srcset=\"https:\/\/www.ivanabeaumond.com.br\/vestidos-noiva\/wp-content\/uploads\/2020\/10\/MJ-683x1024.jpg 683w, https:\/\/www.ivanabeaumond.com.br\/vestidos-noiva\/wp-content\/uploads\/2020\/10\/MJ-200x300.jpg 200w, https:\/\/www.ivanabeaumond.com.br\/vestidos-noiva\/wp-content\/uploads\/2020\/10\/MJ-768x1152.jpg 768w, https:\/\/www.ivanabeaumond.com.br\/vestidos-noiva\/wp-content\/uploads\/2020\/10\/MJ-1024x1536.jpg 1024w, https:\/\/www.ivanabeaumond.com.br\/vestidos-noiva\/wp-content\/uploads\/2020\/10\/MJ-1365x2048.jpg 1365w, https:\/\/www.ivanabeaumond.com.br\/vestidos-noiva\/wp-content\/uploads\/2020\/10\/MJ-scaled.jpg 1707w\" sizes=\"(max-width: 569px) 100vw, 569px\" \/><\/figure><\/div>\n\n\n\n<div style=\"height:20px\" aria-hidden=\"true\" class=\"wp-block-spacer\"><\/div>\n\n\n\n<div class=\"wp-block-image\"><figure class=\"aligncenter size-large is-resized\"><img decoding=\"async\" loading=\"lazy\" src=\"https:\/\/www.ivanabeaumond.com.br\/vestidos-noiva\/wp-content\/uploads\/2020\/10\/DSC_3964-1-683x1024.jpg\" alt=\"\" class=\"wp-image-26655\" width=\"568\" height=\"851\" srcset=\"https:\/\/www.ivanabeaumond.com.br\/vestidos-noiva\/wp-content\/uploads\/2020\/10\/DSC_3964-1-683x1024.jpg 683w, https:\/\/www.ivanabeaumond.com.br\/vestidos-noiva\/wp-content\/uploads\/2020\/10\/DSC_3964-1-200x300.jpg 200w, https:\/\/www.ivanabeaumond.com.br\/vestidos-noiva\/wp-content\/uploads\/2020\/10\/DSC_3964-1-768x1152.jpg 768w, https:\/\/www.ivanabeaumond.com.br\/vestidos-noiva\/wp-content\/uploads\/2020\/10\/DSC_3964-1-1024x1536.jpg 1024w, https:\/\/www.ivanabeaumond.com.br\/vestidos-noiva\/wp-content\/uploads\/2020\/10\/DSC_3964-1-1365x2048.jpg 1365w, https:\/\/www.ivanabeaumond.com.br\/vestidos-noiva\/wp-content\/uploads\/2020\/10\/DSC_3964-1-scaled.jpg 1707w\" sizes=\"(max-width: 568px) 100vw, 568px\" \/><\/figure><\/div>\n\n\n\n<div style=\"height:20px\" aria-hidden=\"true\" class=\"wp-block-spacer\"><\/div>\n\n\n\n<div class=\"wp-block-image\"><figure class=\"aligncenter size-large is-resized\"><img decoding=\"async\" loading=\"lazy\" src=\"https:\/\/www.ivanabeaumond.com.br\/vestidos-noiva\/wp-content\/uploads\/2020\/10\/DSC_4034-683x1024.jpg\" alt=\"\" class=\"wp-image-26656\" width=\"572\" height=\"857\" srcset=\"https:\/\/www.ivanabeaumond.com.br\/vestidos-noiva\/wp-content\/uploads\/2020\/10\/DSC_4034-683x1024.jpg 683w, https:\/\/www.ivanabeaumond.com.br\/vestidos-noiva\/wp-content\/uploads\/2020\/10\/DSC_4034-200x300.jpg 200w, https:\/\/www.ivanabeaumond.com.br\/vestidos-noiva\/wp-content\/uploads\/2020\/10\/DSC_4034-768x1152.jpg 768w, https:\/\/www.ivanabeaumond.com.br\/vestidos-noiva\/wp-content\/uploads\/2020\/10\/DSC_4034-1024x1536.jpg 1024w, https:\/\/www.ivanabeaumond.com.br\/vestidos-noiva\/wp-content\/uploads\/2020\/10\/DSC_4034-1365x2048.jpg 1365w, https:\/\/www.ivanabeaumond.com.br\/vestidos-noiva\/wp-content\/uploads\/2020\/10\/DSC_4034-scaled.jpg 1707w\" sizes=\"(max-width: 572px) 100vw, 572px\" \/><\/figure><\/div>\n\n\n\n<div style=\"height:20px\" aria-hidden=\"true\" class=\"wp-block-spacer\"><\/div>\n\n\n\n<div class=\"wp-block-image\"><figure class=\"aligncenter size-large is-resized\"><img decoding=\"async\" loading=\"lazy\" src=\"https:\/\/www.ivanabeaumond.com.br\/vestidos-noiva\/wp-content\/uploads\/2020\/10\/DSC_4064-683x1024.jpg\" alt=\"\" class=\"wp-image-26657\" width=\"569\" height=\"853\" srcset=\"https:\/\/www.ivanabeaumond.com.br\/vestidos-noiva\/wp-content\/uploads\/2020\/10\/DSC_4064-683x1024.jpg 683w, https:\/\/www.ivanabeaumond.com.br\/vestidos-noiva\/wp-content\/uploads\/2020\/10\/DSC_4064-200x300.jpg 200w, https:\/\/www.ivanabeaumond.com.br\/vestidos-noiva\/wp-content\/uploads\/2020\/10\/DSC_4064-768x1152.jpg 768w, https:\/\/www.ivanabeaumond.com.br\/vestidos-noiva\/wp-content\/uploads\/2020\/10\/DSC_4064-1024x1536.jpg 1024w, https:\/\/www.ivanabeaumond.com.br\/vestidos-noiva\/wp-content\/uploads\/2020\/10\/DSC_4064-1365x2048.jpg 1365w, https:\/\/www.ivanabeaumond.com.br\/vestidos-noiva\/wp-content\/uploads\/2020\/10\/DSC_4064-scaled.jpg 1707w\" sizes=\"(max-width: 569px) 100vw, 569px\" \/><\/figure><\/div>\n\n\n\n<div style=\"height:20px\" aria-hidden=\"true\" class=\"wp-block-spacer\"><\/div>\n\n\n\n<h4 class=\"has-text-align-center wp-block-heading\"><span style=\"color:#6b6c6d\" class=\"has-inline-color\">Assim, o trabalho da estilista vai al\u00e9m do que apenas dar origem ao sonho de milhares de futuras esposas, mas, tamb\u00e9m, se transforma em uma clamor a ser visto por todo o mundo, fazendo do fashionismo uma oportunidade para carregar o Brasil no peito, nas veias e nas florestas que fazem parte da na\u00e7\u00e3o.<\/span><\/h4>\n\n\n\n<div style=\"height:20px\" aria-hidden=\"true\" class=\"wp-block-spacer\"><\/div>\n\n\n\n<figure class=\"wp-block-gallery columns-4 is-cropped wp-block-gallery-1 is-layout-flex\"><ul class=\"blocks-gallery-grid\"><li class=\"blocks-gallery-item\"><figure><img decoding=\"async\" loading=\"lazy\" width=\"683\" height=\"1024\" src=\"https:\/\/www.ivanabeaumond.com.br\/vestidos-noiva\/wp-content\/uploads\/2020\/10\/DSC_4196-2-683x1024.jpg\" alt=\"\" data-id=\"26686\" data-full-url=\"https:\/\/www.ivanabeaumond.com.br\/vestidos-noiva\/wp-content\/uploads\/2020\/10\/DSC_4196-2-scaled.jpg\" data-link=\"https:\/\/www.ivanabeaumond.com.br\/vestidos-noiva\/?attachment_id=26686\" class=\"wp-image-26686\" srcset=\"https:\/\/www.ivanabeaumond.com.br\/vestidos-noiva\/wp-content\/uploads\/2020\/10\/DSC_4196-2-683x1024.jpg 683w, https:\/\/www.ivanabeaumond.com.br\/vestidos-noiva\/wp-content\/uploads\/2020\/10\/DSC_4196-2-200x300.jpg 200w, https:\/\/www.ivanabeaumond.com.br\/vestidos-noiva\/wp-content\/uploads\/2020\/10\/DSC_4196-2-768x1152.jpg 768w, https:\/\/www.ivanabeaumond.com.br\/vestidos-noiva\/wp-content\/uploads\/2020\/10\/DSC_4196-2-1024x1536.jpg 1024w, https:\/\/www.ivanabeaumond.com.br\/vestidos-noiva\/wp-content\/uploads\/2020\/10\/DSC_4196-2-1365x2048.jpg 1365w, https:\/\/www.ivanabeaumond.com.br\/vestidos-noiva\/wp-content\/uploads\/2020\/10\/DSC_4196-2-scaled.jpg 1707w\" sizes=\"(max-width: 683px) 100vw, 683px\" \/><\/figure><\/li><li class=\"blocks-gallery-item\"><figure><img decoding=\"async\" loading=\"lazy\" width=\"683\" height=\"1024\" src=\"https:\/\/www.ivanabeaumond.com.br\/vestidos-noiva\/wp-content\/uploads\/2020\/10\/DSC_4254-3-683x1024.jpg\" alt=\"\" data-id=\"26689\" data-full-url=\"https:\/\/www.ivanabeaumond.com.br\/vestidos-noiva\/wp-content\/uploads\/2020\/10\/DSC_4254-3-scaled.jpg\" data-link=\"https:\/\/www.ivanabeaumond.com.br\/vestidos-noiva\/?attachment_id=26689\" class=\"wp-image-26689\" srcset=\"https:\/\/www.ivanabeaumond.com.br\/vestidos-noiva\/wp-content\/uploads\/2020\/10\/DSC_4254-3-683x1024.jpg 683w, https:\/\/www.ivanabeaumond.com.br\/vestidos-noiva\/wp-content\/uploads\/2020\/10\/DSC_4254-3-200x300.jpg 200w, https:\/\/www.ivanabeaumond.com.br\/vestidos-noiva\/wp-content\/uploads\/2020\/10\/DSC_4254-3-768x1152.jpg 768w, https:\/\/www.ivanabeaumond.com.br\/vestidos-noiva\/wp-content\/uploads\/2020\/10\/DSC_4254-3-1024x1536.jpg 1024w, https:\/\/www.ivanabeaumond.com.br\/vestidos-noiva\/wp-content\/uploads\/2020\/10\/DSC_4254-3-1365x2048.jpg 1365w, https:\/\/www.ivanabeaumond.com.br\/vestidos-noiva\/wp-content\/uploads\/2020\/10\/DSC_4254-3-scaled.jpg 1707w\" sizes=\"(max-width: 683px) 100vw, 683px\" \/><\/figure><\/li><li class=\"blocks-gallery-item\"><figure><img decoding=\"async\" loading=\"lazy\" width=\"683\" height=\"1024\" src=\"https:\/\/www.ivanabeaumond.com.br\/vestidos-noiva\/wp-content\/uploads\/2020\/10\/DSC_4289-2-683x1024.jpg\" alt=\"\" data-id=\"26692\" data-full-url=\"https:\/\/www.ivanabeaumond.com.br\/vestidos-noiva\/wp-content\/uploads\/2020\/10\/DSC_4289-2-scaled.jpg\" data-link=\"https:\/\/www.ivanabeaumond.com.br\/vestidos-noiva\/?attachment_id=26692\" class=\"wp-image-26692\" srcset=\"https:\/\/www.ivanabeaumond.com.br\/vestidos-noiva\/wp-content\/uploads\/2020\/10\/DSC_4289-2-683x1024.jpg 683w, https:\/\/www.ivanabeaumond.com.br\/vestidos-noiva\/wp-content\/uploads\/2020\/10\/DSC_4289-2-200x300.jpg 200w, https:\/\/www.ivanabeaumond.com.br\/vestidos-noiva\/wp-content\/uploads\/2020\/10\/DSC_4289-2-768x1152.jpg 768w, https:\/\/www.ivanabeaumond.com.br\/vestidos-noiva\/wp-content\/uploads\/2020\/10\/DSC_4289-2-1024x1536.jpg 1024w, https:\/\/www.ivanabeaumond.com.br\/vestidos-noiva\/wp-content\/uploads\/2020\/10\/DSC_4289-2-1365x2048.jpg 1365w, https:\/\/www.ivanabeaumond.com.br\/vestidos-noiva\/wp-content\/uploads\/2020\/10\/DSC_4289-2-scaled.jpg 1707w\" sizes=\"(max-width: 683px) 100vw, 683px\" \/><\/figure><\/li><li class=\"blocks-gallery-item\"><figure><img decoding=\"async\" loading=\"lazy\" width=\"683\" height=\"1024\" src=\"https:\/\/www.ivanabeaumond.com.br\/vestidos-noiva\/wp-content\/uploads\/2020\/10\/DSC_4499-1-683x1024.jpg\" alt=\"\" data-id=\"26694\" data-full-url=\"https:\/\/www.ivanabeaumond.com.br\/vestidos-noiva\/wp-content\/uploads\/2020\/10\/DSC_4499-1-scaled.jpg\" data-link=\"https:\/\/www.ivanabeaumond.com.br\/vestidos-noiva\/?attachment_id=26694\" class=\"wp-image-26694\" srcset=\"https:\/\/www.ivanabeaumond.com.br\/vestidos-noiva\/wp-content\/uploads\/2020\/10\/DSC_4499-1-683x1024.jpg 683w, https:\/\/www.ivanabeaumond.com.br\/vestidos-noiva\/wp-content\/uploads\/2020\/10\/DSC_4499-1-200x300.jpg 200w, https:\/\/www.ivanabeaumond.com.br\/vestidos-noiva\/wp-content\/uploads\/2020\/10\/DSC_4499-1-768x1152.jpg 768w, https:\/\/www.ivanabeaumond.com.br\/vestidos-noiva\/wp-content\/uploads\/2020\/10\/DSC_4499-1-1024x1536.jpg 1024w, https:\/\/www.ivanabeaumond.com.br\/vestidos-noiva\/wp-content\/uploads\/2020\/10\/DSC_4499-1-1365x2048.jpg 1365w, https:\/\/www.ivanabeaumond.com.br\/vestidos-noiva\/wp-content\/uploads\/2020\/10\/DSC_4499-1-scaled.jpg 1707w\" sizes=\"(max-width: 683px) 100vw, 683px\" \/><\/figure><\/li><li class=\"blocks-gallery-item\"><figure><img decoding=\"async\" loading=\"lazy\" width=\"683\" height=\"1024\" src=\"https:\/\/www.ivanabeaumond.com.br\/vestidos-noiva\/wp-content\/uploads\/2020\/10\/DSC_4535-1-683x1024.jpg\" alt=\"\" data-id=\"26696\" data-full-url=\"https:\/\/www.ivanabeaumond.com.br\/vestidos-noiva\/wp-content\/uploads\/2020\/10\/DSC_4535-1-scaled.jpg\" data-link=\"https:\/\/www.ivanabeaumond.com.br\/vestidos-noiva\/?attachment_id=26696\" class=\"wp-image-26696\" srcset=\"https:\/\/www.ivanabeaumond.com.br\/vestidos-noiva\/wp-content\/uploads\/2020\/10\/DSC_4535-1-683x1024.jpg 683w, https:\/\/www.ivanabeaumond.com.br\/vestidos-noiva\/wp-content\/uploads\/2020\/10\/DSC_4535-1-200x300.jpg 200w, https:\/\/www.ivanabeaumond.com.br\/vestidos-noiva\/wp-content\/uploads\/2020\/10\/DSC_4535-1-768x1152.jpg 768w, https:\/\/www.ivanabeaumond.com.br\/vestidos-noiva\/wp-content\/uploads\/2020\/10\/DSC_4535-1-1024x1536.jpg 1024w, https:\/\/www.ivanabeaumond.com.br\/vestidos-noiva\/wp-content\/uploads\/2020\/10\/DSC_4535-1-1365x2048.jpg 1365w, https:\/\/www.ivanabeaumond.com.br\/vestidos-noiva\/wp-content\/uploads\/2020\/10\/DSC_4535-1-scaled.jpg 1707w\" sizes=\"(max-width: 683px) 100vw, 683px\" \/><\/figure><\/li><li class=\"blocks-gallery-item\"><figure><img decoding=\"async\" loading=\"lazy\" width=\"683\" height=\"1024\" src=\"https:\/\/www.ivanabeaumond.com.br\/vestidos-noiva\/wp-content\/uploads\/2020\/10\/DSC_4607-1-683x1024.jpg\" alt=\"\" data-id=\"26698\" data-full-url=\"https:\/\/www.ivanabeaumond.com.br\/vestidos-noiva\/wp-content\/uploads\/2020\/10\/DSC_4607-1-scaled.jpg\" data-link=\"https:\/\/www.ivanabeaumond.com.br\/vestidos-noiva\/?attachment_id=26698\" class=\"wp-image-26698\" srcset=\"https:\/\/www.ivanabeaumond.com.br\/vestidos-noiva\/wp-content\/uploads\/2020\/10\/DSC_4607-1-683x1024.jpg 683w, https:\/\/www.ivanabeaumond.com.br\/vestidos-noiva\/wp-content\/uploads\/2020\/10\/DSC_4607-1-200x300.jpg 200w, https:\/\/www.ivanabeaumond.com.br\/vestidos-noiva\/wp-content\/uploads\/2020\/10\/DSC_4607-1-768x1152.jpg 768w, https:\/\/www.ivanabeaumond.com.br\/vestidos-noiva\/wp-content\/uploads\/2020\/10\/DSC_4607-1-1024x1536.jpg 1024w, https:\/\/www.ivanabeaumond.com.br\/vestidos-noiva\/wp-content\/uploads\/2020\/10\/DSC_4607-1-1365x2048.jpg 1365w, https:\/\/www.ivanabeaumond.com.br\/vestidos-noiva\/wp-content\/uploads\/2020\/10\/DSC_4607-1-scaled.jpg 1707w\" sizes=\"(max-width: 683px) 100vw, 683px\" \/><\/figure><\/li><li class=\"blocks-gallery-item\"><figure><img decoding=\"async\" loading=\"lazy\" width=\"683\" height=\"1024\" src=\"https:\/\/www.ivanabeaumond.com.br\/vestidos-noiva\/wp-content\/uploads\/2020\/10\/DSC_4639-1-683x1024.jpg\" alt=\"\" data-id=\"26700\" data-full-url=\"https:\/\/www.ivanabeaumond.com.br\/vestidos-noiva\/wp-content\/uploads\/2020\/10\/DSC_4639-1-scaled.jpg\" data-link=\"https:\/\/www.ivanabeaumond.com.br\/vestidos-noiva\/?attachment_id=26700\" class=\"wp-image-26700\" srcset=\"https:\/\/www.ivanabeaumond.com.br\/vestidos-noiva\/wp-content\/uploads\/2020\/10\/DSC_4639-1-683x1024.jpg 683w, https:\/\/www.ivanabeaumond.com.br\/vestidos-noiva\/wp-content\/uploads\/2020\/10\/DSC_4639-1-200x300.jpg 200w, https:\/\/www.ivanabeaumond.com.br\/vestidos-noiva\/wp-content\/uploads\/2020\/10\/DSC_4639-1-768x1152.jpg 768w, https:\/\/www.ivanabeaumond.com.br\/vestidos-noiva\/wp-content\/uploads\/2020\/10\/DSC_4639-1-1024x1536.jpg 1024w, https:\/\/www.ivanabeaumond.com.br\/vestidos-noiva\/wp-content\/uploads\/2020\/10\/DSC_4639-1-1365x2048.jpg 1365w, https:\/\/www.ivanabeaumond.com.br\/vestidos-noiva\/wp-content\/uploads\/2020\/10\/DSC_4639-1-scaled.jpg 1707w\" sizes=\"(max-width: 683px) 100vw, 683px\" \/><\/figure><\/li><li class=\"blocks-gallery-item\"><figure><img decoding=\"async\" loading=\"lazy\" width=\"683\" height=\"1024\" src=\"https:\/\/www.ivanabeaumond.com.br\/vestidos-noiva\/wp-content\/uploads\/2020\/10\/DSC_4664-1-683x1024.jpg\" alt=\"\" data-id=\"26702\" data-full-url=\"https:\/\/www.ivanabeaumond.com.br\/vestidos-noiva\/wp-content\/uploads\/2020\/10\/DSC_4664-1-scaled.jpg\" data-link=\"https:\/\/www.ivanabeaumond.com.br\/vestidos-noiva\/?attachment_id=26702\" class=\"wp-image-26702\" srcset=\"https:\/\/www.ivanabeaumond.com.br\/vestidos-noiva\/wp-content\/uploads\/2020\/10\/DSC_4664-1-683x1024.jpg 683w, https:\/\/www.ivanabeaumond.com.br\/vestidos-noiva\/wp-content\/uploads\/2020\/10\/DSC_4664-1-200x300.jpg 200w, https:\/\/www.ivanabeaumond.com.br\/vestidos-noiva\/wp-content\/uploads\/2020\/10\/DSC_4664-1-768x1152.jpg 768w, https:\/\/www.ivanabeaumond.com.br\/vestidos-noiva\/wp-content\/uploads\/2020\/10\/DSC_4664-1-1024x1536.jpg 1024w, https:\/\/www.ivanabeaumond.com.br\/vestidos-noiva\/wp-content\/uploads\/2020\/10\/DSC_4664-1-1365x2048.jpg 1365w, https:\/\/www.ivanabeaumond.com.br\/vestidos-noiva\/wp-content\/uploads\/2020\/10\/DSC_4664-1-scaled.jpg 1707w\" sizes=\"(max-width: 683px) 100vw, 683px\" \/><\/figure><\/li><li class=\"blocks-gallery-item\"><figure><img decoding=\"async\" loading=\"lazy\" width=\"683\" height=\"1024\" src=\"https:\/\/www.ivanabeaumond.com.br\/vestidos-noiva\/wp-content\/uploads\/2020\/10\/DSC_4721-1-683x1024.jpg\" alt=\"\" data-id=\"26704\" data-full-url=\"https:\/\/www.ivanabeaumond.com.br\/vestidos-noiva\/wp-content\/uploads\/2020\/10\/DSC_4721-1-scaled.jpg\" data-link=\"https:\/\/www.ivanabeaumond.com.br\/vestidos-noiva\/?attachment_id=26704\" class=\"wp-image-26704\" srcset=\"https:\/\/www.ivanabeaumond.com.br\/vestidos-noiva\/wp-content\/uploads\/2020\/10\/DSC_4721-1-683x1024.jpg 683w, https:\/\/www.ivanabeaumond.com.br\/vestidos-noiva\/wp-content\/uploads\/2020\/10\/DSC_4721-1-200x300.jpg 200w, https:\/\/www.ivanabeaumond.com.br\/vestidos-noiva\/wp-content\/uploads\/2020\/10\/DSC_4721-1-768x1152.jpg 768w, https:\/\/www.ivanabeaumond.com.br\/vestidos-noiva\/wp-content\/uploads\/2020\/10\/DSC_4721-1-1024x1536.jpg 1024w, https:\/\/www.ivanabeaumond.com.br\/vestidos-noiva\/wp-content\/uploads\/2020\/10\/DSC_4721-1-1366x2048.jpg 1366w, https:\/\/www.ivanabeaumond.com.br\/vestidos-noiva\/wp-content\/uploads\/2020\/10\/DSC_4721-1-scaled.jpg 1707w\" sizes=\"(max-width: 683px) 100vw, 683px\" \/><\/figure><\/li><li class=\"blocks-gallery-item\"><figure><img decoding=\"async\" loading=\"lazy\" width=\"683\" height=\"1024\" src=\"https:\/\/www.ivanabeaumond.com.br\/vestidos-noiva\/wp-content\/uploads\/2020\/10\/DSC_5208-683x1024.jpg\" alt=\"\" data-id=\"26706\" data-full-url=\"https:\/\/www.ivanabeaumond.com.br\/vestidos-noiva\/wp-content\/uploads\/2020\/10\/DSC_5208-scaled.jpg\" data-link=\"https:\/\/www.ivanabeaumond.com.br\/vestidos-noiva\/?attachment_id=26706\" class=\"wp-image-26706\" srcset=\"https:\/\/www.ivanabeaumond.com.br\/vestidos-noiva\/wp-content\/uploads\/2020\/10\/DSC_5208-683x1024.jpg 683w, https:\/\/www.ivanabeaumond.com.br\/vestidos-noiva\/wp-content\/uploads\/2020\/10\/DSC_5208-200x300.jpg 200w, https:\/\/www.ivanabeaumond.com.br\/vestidos-noiva\/wp-content\/uploads\/2020\/10\/DSC_5208-768x1152.jpg 768w, https:\/\/www.ivanabeaumond.com.br\/vestidos-noiva\/wp-content\/uploads\/2020\/10\/DSC_5208-1024x1536.jpg 1024w, https:\/\/www.ivanabeaumond.com.br\/vestidos-noiva\/wp-content\/uploads\/2020\/10\/DSC_5208-1365x2048.jpg 1365w, https:\/\/www.ivanabeaumond.com.br\/vestidos-noiva\/wp-content\/uploads\/2020\/10\/DSC_5208-scaled.jpg 1707w\" sizes=\"(max-width: 683px) 100vw, 683px\" \/><\/figure><\/li><li class=\"blocks-gallery-item\"><figure><img decoding=\"async\" loading=\"lazy\" width=\"683\" height=\"1024\" src=\"https:\/\/www.ivanabeaumond.com.br\/vestidos-noiva\/wp-content\/uploads\/2020\/10\/DSC_5252-683x1024.jpg\" alt=\"\" data-id=\"26708\" data-full-url=\"https:\/\/www.ivanabeaumond.com.br\/vestidos-noiva\/wp-content\/uploads\/2020\/10\/DSC_5252-scaled.jpg\" data-link=\"https:\/\/www.ivanabeaumond.com.br\/vestidos-noiva\/?attachment_id=26708\" class=\"wp-image-26708\" srcset=\"https:\/\/www.ivanabeaumond.com.br\/vestidos-noiva\/wp-content\/uploads\/2020\/10\/DSC_5252-683x1024.jpg 683w, https:\/\/www.ivanabeaumond.com.br\/vestidos-noiva\/wp-content\/uploads\/2020\/10\/DSC_5252-200x300.jpg 200w, https:\/\/www.ivanabeaumond.com.br\/vestidos-noiva\/wp-content\/uploads\/2020\/10\/DSC_5252-768x1152.jpg 768w, https:\/\/www.ivanabeaumond.com.br\/vestidos-noiva\/wp-content\/uploads\/2020\/10\/DSC_5252-1024x1536.jpg 1024w, https:\/\/www.ivanabeaumond.com.br\/vestidos-noiva\/wp-content\/uploads\/2020\/10\/DSC_5252-1365x2048.jpg 1365w, https:\/\/www.ivanabeaumond.com.br\/vestidos-noiva\/wp-content\/uploads\/2020\/10\/DSC_5252-scaled.jpg 1707w\" sizes=\"(max-width: 683px) 100vw, 683px\" \/><\/figure><\/li><li class=\"blocks-gallery-item\"><figure><img decoding=\"async\" loading=\"lazy\" width=\"683\" height=\"1024\" src=\"https:\/\/www.ivanabeaumond.com.br\/vestidos-noiva\/wp-content\/uploads\/2020\/10\/DSC_5306-683x1024.jpg\" alt=\"\" data-id=\"26710\" data-full-url=\"https:\/\/www.ivanabeaumond.com.br\/vestidos-noiva\/wp-content\/uploads\/2020\/10\/DSC_5306-scaled.jpg\" data-link=\"https:\/\/www.ivanabeaumond.com.br\/vestidos-noiva\/?attachment_id=26710\" class=\"wp-image-26710\" srcset=\"https:\/\/www.ivanabeaumond.com.br\/vestidos-noiva\/wp-content\/uploads\/2020\/10\/DSC_5306-683x1024.jpg 683w, https:\/\/www.ivanabeaumond.com.br\/vestidos-noiva\/wp-content\/uploads\/2020\/10\/DSC_5306-200x300.jpg 200w, https:\/\/www.ivanabeaumond.com.br\/vestidos-noiva\/wp-content\/uploads\/2020\/10\/DSC_5306-768x1152.jpg 768w, https:\/\/www.ivanabeaumond.com.br\/vestidos-noiva\/wp-content\/uploads\/2020\/10\/DSC_5306-1024x1536.jpg 1024w, https:\/\/www.ivanabeaumond.com.br\/vestidos-noiva\/wp-content\/uploads\/2020\/10\/DSC_5306-1365x2048.jpg 1365w, https:\/\/www.ivanabeaumond.com.br\/vestidos-noiva\/wp-content\/uploads\/2020\/10\/DSC_5306-scaled.jpg 1707w\" sizes=\"(max-width: 683px) 100vw, 683px\" \/><\/figure><\/li><li class=\"blocks-gallery-item\"><figure><img decoding=\"async\" loading=\"lazy\" width=\"683\" height=\"1024\" src=\"https:\/\/www.ivanabeaumond.com.br\/vestidos-noiva\/wp-content\/uploads\/2020\/10\/DSC_5356-683x1024.jpg\" alt=\"\" data-id=\"26712\" data-full-url=\"https:\/\/www.ivanabeaumond.com.br\/vestidos-noiva\/wp-content\/uploads\/2020\/10\/DSC_5356-scaled.jpg\" data-link=\"https:\/\/www.ivanabeaumond.com.br\/vestidos-noiva\/?attachment_id=26712\" class=\"wp-image-26712\" srcset=\"https:\/\/www.ivanabeaumond.com.br\/vestidos-noiva\/wp-content\/uploads\/2020\/10\/DSC_5356-683x1024.jpg 683w, https:\/\/www.ivanabeaumond.com.br\/vestidos-noiva\/wp-content\/uploads\/2020\/10\/DSC_5356-200x300.jpg 200w, https:\/\/www.ivanabeaumond.com.br\/vestidos-noiva\/wp-content\/uploads\/2020\/10\/DSC_5356-768x1152.jpg 768w, https:\/\/www.ivanabeaumond.com.br\/vestidos-noiva\/wp-content\/uploads\/2020\/10\/DSC_5356-1024x1536.jpg 1024w, https:\/\/www.ivanabeaumond.com.br\/vestidos-noiva\/wp-content\/uploads\/2020\/10\/DSC_5356-1365x2048.jpg 1365w, https:\/\/www.ivanabeaumond.com.br\/vestidos-noiva\/wp-content\/uploads\/2020\/10\/DSC_5356-scaled.jpg 1707w\" sizes=\"(max-width: 683px) 100vw, 683px\" \/><\/figure><\/li><li class=\"blocks-gallery-item\"><figure><img decoding=\"async\" loading=\"lazy\" width=\"683\" height=\"1024\" src=\"https:\/\/www.ivanabeaumond.com.br\/vestidos-noiva\/wp-content\/uploads\/2020\/10\/DSC_5400-683x1024.jpg\" alt=\"\" data-id=\"26714\" data-full-url=\"https:\/\/www.ivanabeaumond.com.br\/vestidos-noiva\/wp-content\/uploads\/2020\/10\/DSC_5400-scaled.jpg\" data-link=\"https:\/\/www.ivanabeaumond.com.br\/vestidos-noiva\/?attachment_id=26714\" class=\"wp-image-26714\" srcset=\"https:\/\/www.ivanabeaumond.com.br\/vestidos-noiva\/wp-content\/uploads\/2020\/10\/DSC_5400-683x1024.jpg 683w, https:\/\/www.ivanabeaumond.com.br\/vestidos-noiva\/wp-content\/uploads\/2020\/10\/DSC_5400-200x300.jpg 200w, https:\/\/www.ivanabeaumond.com.br\/vestidos-noiva\/wp-content\/uploads\/2020\/10\/DSC_5400-768x1152.jpg 768w, https:\/\/www.ivanabeaumond.com.br\/vestidos-noiva\/wp-content\/uploads\/2020\/10\/DSC_5400-1024x1536.jpg 1024w, https:\/\/www.ivanabeaumond.com.br\/vestidos-noiva\/wp-content\/uploads\/2020\/10\/DSC_5400-1365x2048.jpg 1365w, https:\/\/www.ivanabeaumond.com.br\/vestidos-noiva\/wp-content\/uploads\/2020\/10\/DSC_5400-scaled.jpg 1707w\" sizes=\"(max-width: 683px) 100vw, 683px\" \/><\/figure><\/li><\/ul><\/figure>\n\n\n\n<div style=\"height:20px\" aria-hidden=\"true\" class=\"wp-block-spacer\"><\/div>\n\n\n\n<figure class=\"wp-block-gallery columns-4 is-cropped wp-block-gallery-3 is-layout-flex\"><ul class=\"blocks-gallery-grid\"><li class=\"blocks-gallery-item\"><figure><img decoding=\"async\" loading=\"lazy\" width=\"1024\" height=\"576\" src=\"https:\/\/www.ivanabeaumond.com.br\/vestidos-noiva\/wp-content\/uploads\/2020\/10\/Drone-Barco-1024x576.jpg\" alt=\"\" data-id=\"26688\" data-full-url=\"https:\/\/www.ivanabeaumond.com.br\/vestidos-noiva\/wp-content\/uploads\/2020\/10\/Drone-Barco.jpg\" data-link=\"https:\/\/www.ivanabeaumond.com.br\/vestidos-noiva\/?attachment_id=26688\" class=\"wp-image-26688\" srcset=\"https:\/\/www.ivanabeaumond.com.br\/vestidos-noiva\/wp-content\/uploads\/2020\/10\/Drone-Barco-1024x576.jpg 1024w, https:\/\/www.ivanabeaumond.com.br\/vestidos-noiva\/wp-content\/uploads\/2020\/10\/Drone-Barco-300x169.jpg 300w, https:\/\/www.ivanabeaumond.com.br\/vestidos-noiva\/wp-content\/uploads\/2020\/10\/Drone-Barco-768x432.jpg 768w, https:\/\/www.ivanabeaumond.com.br\/vestidos-noiva\/wp-content\/uploads\/2020\/10\/Drone-Barco-1536x864.jpg 1536w, https:\/\/www.ivanabeaumond.com.br\/vestidos-noiva\/wp-content\/uploads\/2020\/10\/Drone-Barco.jpg 1920w\" sizes=\"(max-width: 1024px) 100vw, 1024px\" \/><\/figure><\/li><li class=\"blocks-gallery-item\"><figure><img decoding=\"async\" loading=\"lazy\" width=\"1024\" height=\"684\" src=\"https:\/\/www.ivanabeaumond.com.br\/vestidos-noiva\/wp-content\/uploads\/2020\/10\/LEO_5075-1024x684.jpg\" alt=\"\" data-id=\"26691\" data-full-url=\"https:\/\/www.ivanabeaumond.com.br\/vestidos-noiva\/wp-content\/uploads\/2020\/10\/LEO_5075-scaled.jpg\" data-link=\"https:\/\/www.ivanabeaumond.com.br\/vestidos-noiva\/?attachment_id=26691\" class=\"wp-image-26691\" srcset=\"https:\/\/www.ivanabeaumond.com.br\/vestidos-noiva\/wp-content\/uploads\/2020\/10\/LEO_5075-1024x684.jpg 1024w, https:\/\/www.ivanabeaumond.com.br\/vestidos-noiva\/wp-content\/uploads\/2020\/10\/LEO_5075-300x200.jpg 300w, https:\/\/www.ivanabeaumond.com.br\/vestidos-noiva\/wp-content\/uploads\/2020\/10\/LEO_5075-768x513.jpg 768w, https:\/\/www.ivanabeaumond.com.br\/vestidos-noiva\/wp-content\/uploads\/2020\/10\/LEO_5075-1536x1025.jpg 1536w, https:\/\/www.ivanabeaumond.com.br\/vestidos-noiva\/wp-content\/uploads\/2020\/10\/LEO_5075-2048x1367.jpg 2048w, https:\/\/www.ivanabeaumond.com.br\/vestidos-noiva\/wp-content\/uploads\/2020\/10\/LEO_5075-480x320.jpg 480w\" sizes=\"(max-width: 1024px) 100vw, 1024px\" \/><\/figure><\/li><li class=\"blocks-gallery-item\"><figure><img decoding=\"async\" loading=\"lazy\" width=\"684\" height=\"1024\" src=\"https:\/\/www.ivanabeaumond.com.br\/vestidos-noiva\/wp-content\/uploads\/2020\/10\/LEO_5224-684x1024.jpg\" alt=\"\" data-id=\"26693\" data-full-url=\"https:\/\/www.ivanabeaumond.com.br\/vestidos-noiva\/wp-content\/uploads\/2020\/10\/LEO_5224-scaled.jpg\" data-link=\"https:\/\/www.ivanabeaumond.com.br\/vestidos-noiva\/?attachment_id=26693\" class=\"wp-image-26693\" srcset=\"https:\/\/www.ivanabeaumond.com.br\/vestidos-noiva\/wp-content\/uploads\/2020\/10\/LEO_5224-684x1024.jpg 684w, https:\/\/www.ivanabeaumond.com.br\/vestidos-noiva\/wp-content\/uploads\/2020\/10\/LEO_5224-200x300.jpg 200w, https:\/\/www.ivanabeaumond.com.br\/vestidos-noiva\/wp-content\/uploads\/2020\/10\/LEO_5224-768x1150.jpg 768w, https:\/\/www.ivanabeaumond.com.br\/vestidos-noiva\/wp-content\/uploads\/2020\/10\/LEO_5224-1025x1536.jpg 1025w, https:\/\/www.ivanabeaumond.com.br\/vestidos-noiva\/wp-content\/uploads\/2020\/10\/LEO_5224-1367x2048.jpg 1367w, https:\/\/www.ivanabeaumond.com.br\/vestidos-noiva\/wp-content\/uploads\/2020\/10\/LEO_5224-scaled.jpg 1709w\" sizes=\"(max-width: 684px) 100vw, 684px\" \/><\/figure><\/li><li class=\"blocks-gallery-item\"><figure><img decoding=\"async\" loading=\"lazy\" width=\"1024\" height=\"684\" src=\"https:\/\/www.ivanabeaumond.com.br\/vestidos-noiva\/wp-content\/uploads\/2020\/10\/LEO_5238-1024x684.jpg\" alt=\"\" data-id=\"26695\" data-full-url=\"https:\/\/www.ivanabeaumond.com.br\/vestidos-noiva\/wp-content\/uploads\/2020\/10\/LEO_5238-scaled.jpg\" data-link=\"https:\/\/www.ivanabeaumond.com.br\/vestidos-noiva\/?attachment_id=26695\" class=\"wp-image-26695\" srcset=\"https:\/\/www.ivanabeaumond.com.br\/vestidos-noiva\/wp-content\/uploads\/2020\/10\/LEO_5238-1024x684.jpg 1024w, https:\/\/www.ivanabeaumond.com.br\/vestidos-noiva\/wp-content\/uploads\/2020\/10\/LEO_5238-300x200.jpg 300w, https:\/\/www.ivanabeaumond.com.br\/vestidos-noiva\/wp-content\/uploads\/2020\/10\/LEO_5238-768x513.jpg 768w, https:\/\/www.ivanabeaumond.com.br\/vestidos-noiva\/wp-content\/uploads\/2020\/10\/LEO_5238-1536x1025.jpg 1536w, https:\/\/www.ivanabeaumond.com.br\/vestidos-noiva\/wp-content\/uploads\/2020\/10\/LEO_5238-2048x1367.jpg 2048w, https:\/\/www.ivanabeaumond.com.br\/vestidos-noiva\/wp-content\/uploads\/2020\/10\/LEO_5238-480x320.jpg 480w\" sizes=\"(max-width: 1024px) 100vw, 1024px\" \/><\/figure><\/li><li class=\"blocks-gallery-item\"><figure><img decoding=\"async\" loading=\"lazy\" width=\"1024\" height=\"684\" src=\"https:\/\/www.ivanabeaumond.com.br\/vestidos-noiva\/wp-content\/uploads\/2020\/10\/LEO_5265-1024x684.jpg\" alt=\"\" data-id=\"26697\" data-full-url=\"https:\/\/www.ivanabeaumond.com.br\/vestidos-noiva\/wp-content\/uploads\/2020\/10\/LEO_5265-scaled.jpg\" data-link=\"https:\/\/www.ivanabeaumond.com.br\/vestidos-noiva\/?attachment_id=26697\" class=\"wp-image-26697\" srcset=\"https:\/\/www.ivanabeaumond.com.br\/vestidos-noiva\/wp-content\/uploads\/2020\/10\/LEO_5265-1024x684.jpg 1024w, https:\/\/www.ivanabeaumond.com.br\/vestidos-noiva\/wp-content\/uploads\/2020\/10\/LEO_5265-300x200.jpg 300w, https:\/\/www.ivanabeaumond.com.br\/vestidos-noiva\/wp-content\/uploads\/2020\/10\/LEO_5265-768x513.jpg 768w, https:\/\/www.ivanabeaumond.com.br\/vestidos-noiva\/wp-content\/uploads\/2020\/10\/LEO_5265-1536x1025.jpg 1536w, https:\/\/www.ivanabeaumond.com.br\/vestidos-noiva\/wp-content\/uploads\/2020\/10\/LEO_5265-2048x1367.jpg 2048w, https:\/\/www.ivanabeaumond.com.br\/vestidos-noiva\/wp-content\/uploads\/2020\/10\/LEO_5265-480x320.jpg 480w\" sizes=\"(max-width: 1024px) 100vw, 1024px\" \/><\/figure><\/li><li class=\"blocks-gallery-item\"><figure><img decoding=\"async\" loading=\"lazy\" width=\"1024\" height=\"684\" src=\"https:\/\/www.ivanabeaumond.com.br\/vestidos-noiva\/wp-content\/uploads\/2020\/10\/LEO_5341-1024x684.jpg\" alt=\"\" data-id=\"26699\" data-full-url=\"https:\/\/www.ivanabeaumond.com.br\/vestidos-noiva\/wp-content\/uploads\/2020\/10\/LEO_5341-scaled.jpg\" data-link=\"https:\/\/www.ivanabeaumond.com.br\/vestidos-noiva\/?attachment_id=26699\" class=\"wp-image-26699\" srcset=\"https:\/\/www.ivanabeaumond.com.br\/vestidos-noiva\/wp-content\/uploads\/2020\/10\/LEO_5341-1024x684.jpg 1024w, https:\/\/www.ivanabeaumond.com.br\/vestidos-noiva\/wp-content\/uploads\/2020\/10\/LEO_5341-300x200.jpg 300w, https:\/\/www.ivanabeaumond.com.br\/vestidos-noiva\/wp-content\/uploads\/2020\/10\/LEO_5341-768x513.jpg 768w, https:\/\/www.ivanabeaumond.com.br\/vestidos-noiva\/wp-content\/uploads\/2020\/10\/LEO_5341-1536x1025.jpg 1536w, https:\/\/www.ivanabeaumond.com.br\/vestidos-noiva\/wp-content\/uploads\/2020\/10\/LEO_5341-2048x1367.jpg 2048w, https:\/\/www.ivanabeaumond.com.br\/vestidos-noiva\/wp-content\/uploads\/2020\/10\/LEO_5341-480x320.jpg 480w\" sizes=\"(max-width: 1024px) 100vw, 1024px\" \/><\/figure><\/li><li class=\"blocks-gallery-item\"><figure><img decoding=\"async\" loading=\"lazy\" width=\"1024\" height=\"684\" src=\"https:\/\/www.ivanabeaumond.com.br\/vestidos-noiva\/wp-content\/uploads\/2020\/10\/LEO_5344-1024x684.jpg\" alt=\"\" data-id=\"26701\" data-full-url=\"https:\/\/www.ivanabeaumond.com.br\/vestidos-noiva\/wp-content\/uploads\/2020\/10\/LEO_5344-scaled.jpg\" data-link=\"https:\/\/www.ivanabeaumond.com.br\/vestidos-noiva\/?attachment_id=26701\" class=\"wp-image-26701\" srcset=\"https:\/\/www.ivanabeaumond.com.br\/vestidos-noiva\/wp-content\/uploads\/2020\/10\/LEO_5344-1024x684.jpg 1024w, https:\/\/www.ivanabeaumond.com.br\/vestidos-noiva\/wp-content\/uploads\/2020\/10\/LEO_5344-300x200.jpg 300w, https:\/\/www.ivanabeaumond.com.br\/vestidos-noiva\/wp-content\/uploads\/2020\/10\/LEO_5344-768x513.jpg 768w, https:\/\/www.ivanabeaumond.com.br\/vestidos-noiva\/wp-content\/uploads\/2020\/10\/LEO_5344-1536x1025.jpg 1536w, https:\/\/www.ivanabeaumond.com.br\/vestidos-noiva\/wp-content\/uploads\/2020\/10\/LEO_5344-2048x1367.jpg 2048w, https:\/\/www.ivanabeaumond.com.br\/vestidos-noiva\/wp-content\/uploads\/2020\/10\/LEO_5344-480x320.jpg 480w\" sizes=\"(max-width: 1024px) 100vw, 1024px\" \/><\/figure><\/li><li class=\"blocks-gallery-item\"><figure><img decoding=\"async\" loading=\"lazy\" width=\"1024\" height=\"684\" src=\"https:\/\/www.ivanabeaumond.com.br\/vestidos-noiva\/wp-content\/uploads\/2020\/10\/LEO_5357-1024x684.jpg\" alt=\"\" data-id=\"26703\" data-full-url=\"https:\/\/www.ivanabeaumond.com.br\/vestidos-noiva\/wp-content\/uploads\/2020\/10\/LEO_5357-scaled.jpg\" data-link=\"https:\/\/www.ivanabeaumond.com.br\/vestidos-noiva\/?attachment_id=26703\" class=\"wp-image-26703\" srcset=\"https:\/\/www.ivanabeaumond.com.br\/vestidos-noiva\/wp-content\/uploads\/2020\/10\/LEO_5357-1024x684.jpg 1024w, https:\/\/www.ivanabeaumond.com.br\/vestidos-noiva\/wp-content\/uploads\/2020\/10\/LEO_5357-300x200.jpg 300w, https:\/\/www.ivanabeaumond.com.br\/vestidos-noiva\/wp-content\/uploads\/2020\/10\/LEO_5357-768x513.jpg 768w, https:\/\/www.ivanabeaumond.com.br\/vestidos-noiva\/wp-content\/uploads\/2020\/10\/LEO_5357-1536x1025.jpg 1536w, https:\/\/www.ivanabeaumond.com.br\/vestidos-noiva\/wp-content\/uploads\/2020\/10\/LEO_5357-2048x1367.jpg 2048w, https:\/\/www.ivanabeaumond.com.br\/vestidos-noiva\/wp-content\/uploads\/2020\/10\/LEO_5357-480x320.jpg 480w\" sizes=\"(max-width: 1024px) 100vw, 1024px\" \/><\/figure><\/li><li class=\"blocks-gallery-item\"><figure><img decoding=\"async\" loading=\"lazy\" width=\"1024\" height=\"684\" src=\"https:\/\/www.ivanabeaumond.com.br\/vestidos-noiva\/wp-content\/uploads\/2020\/10\/LEO_5397-1024x684.jpg\" alt=\"\" data-id=\"26705\" data-full-url=\"https:\/\/www.ivanabeaumond.com.br\/vestidos-noiva\/wp-content\/uploads\/2020\/10\/LEO_5397-scaled.jpg\" data-link=\"https:\/\/www.ivanabeaumond.com.br\/vestidos-noiva\/?attachment_id=26705\" class=\"wp-image-26705\" srcset=\"https:\/\/www.ivanabeaumond.com.br\/vestidos-noiva\/wp-content\/uploads\/2020\/10\/LEO_5397-1024x684.jpg 1024w, https:\/\/www.ivanabeaumond.com.br\/vestidos-noiva\/wp-content\/uploads\/2020\/10\/LEO_5397-300x200.jpg 300w, https:\/\/www.ivanabeaumond.com.br\/vestidos-noiva\/wp-content\/uploads\/2020\/10\/LEO_5397-768x513.jpg 768w, https:\/\/www.ivanabeaumond.com.br\/vestidos-noiva\/wp-content\/uploads\/2020\/10\/LEO_5397-1536x1025.jpg 1536w, https:\/\/www.ivanabeaumond.com.br\/vestidos-noiva\/wp-content\/uploads\/2020\/10\/LEO_5397-2048x1367.jpg 2048w, https:\/\/www.ivanabeaumond.com.br\/vestidos-noiva\/wp-content\/uploads\/2020\/10\/LEO_5397-480x320.jpg 480w\" sizes=\"(max-width: 1024px) 100vw, 1024px\" \/><\/figure><\/li><li class=\"blocks-gallery-item\"><figure><img decoding=\"async\" loading=\"lazy\" width=\"684\" height=\"1024\" src=\"https:\/\/www.ivanabeaumond.com.br\/vestidos-noiva\/wp-content\/uploads\/2020\/10\/LEO_5406-684x1024.jpg\" alt=\"\" data-id=\"26707\" data-full-url=\"https:\/\/www.ivanabeaumond.com.br\/vestidos-noiva\/wp-content\/uploads\/2020\/10\/LEO_5406-scaled.jpg\" data-link=\"https:\/\/www.ivanabeaumond.com.br\/vestidos-noiva\/?attachment_id=26707\" class=\"wp-image-26707\" srcset=\"https:\/\/www.ivanabeaumond.com.br\/vestidos-noiva\/wp-content\/uploads\/2020\/10\/LEO_5406-684x1024.jpg 684w, https:\/\/www.ivanabeaumond.com.br\/vestidos-noiva\/wp-content\/uploads\/2020\/10\/LEO_5406-200x300.jpg 200w, https:\/\/www.ivanabeaumond.com.br\/vestidos-noiva\/wp-content\/uploads\/2020\/10\/LEO_5406-768x1150.jpg 768w, https:\/\/www.ivanabeaumond.com.br\/vestidos-noiva\/wp-content\/uploads\/2020\/10\/LEO_5406-1025x1536.jpg 1025w, https:\/\/www.ivanabeaumond.com.br\/vestidos-noiva\/wp-content\/uploads\/2020\/10\/LEO_5406-1367x2048.jpg 1367w, https:\/\/www.ivanabeaumond.com.br\/vestidos-noiva\/wp-content\/uploads\/2020\/10\/LEO_5406-scaled.jpg 1709w\" sizes=\"(max-width: 684px) 100vw, 684px\" \/><\/figure><\/li><li class=\"blocks-gallery-item\"><figure><img decoding=\"async\" loading=\"lazy\" width=\"1024\" height=\"684\" src=\"https:\/\/www.ivanabeaumond.com.br\/vestidos-noiva\/wp-content\/uploads\/2020\/10\/LEO_5508-1024x684.jpg\" alt=\"\" data-id=\"26709\" data-full-url=\"https:\/\/www.ivanabeaumond.com.br\/vestidos-noiva\/wp-content\/uploads\/2020\/10\/LEO_5508-scaled.jpg\" data-link=\"https:\/\/www.ivanabeaumond.com.br\/vestidos-noiva\/?attachment_id=26709\" class=\"wp-image-26709\" srcset=\"https:\/\/www.ivanabeaumond.com.br\/vestidos-noiva\/wp-content\/uploads\/2020\/10\/LEO_5508-1024x684.jpg 1024w, https:\/\/www.ivanabeaumond.com.br\/vestidos-noiva\/wp-content\/uploads\/2020\/10\/LEO_5508-300x200.jpg 300w, https:\/\/www.ivanabeaumond.com.br\/vestidos-noiva\/wp-content\/uploads\/2020\/10\/LEO_5508-768x513.jpg 768w, https:\/\/www.ivanabeaumond.com.br\/vestidos-noiva\/wp-content\/uploads\/2020\/10\/LEO_5508-1536x1025.jpg 1536w, https:\/\/www.ivanabeaumond.com.br\/vestidos-noiva\/wp-content\/uploads\/2020\/10\/LEO_5508-2048x1367.jpg 2048w, https:\/\/www.ivanabeaumond.com.br\/vestidos-noiva\/wp-content\/uploads\/2020\/10\/LEO_5508-480x320.jpg 480w\" sizes=\"(max-width: 1024px) 100vw, 1024px\" \/><\/figure><\/li><li class=\"blocks-gallery-item\"><figure><img decoding=\"async\" loading=\"lazy\" width=\"1024\" height=\"684\" src=\"https:\/\/www.ivanabeaumond.com.br\/vestidos-noiva\/wp-content\/uploads\/2020\/10\/LEO_5535-1024x684.jpg\" alt=\"\" data-id=\"26711\" data-full-url=\"https:\/\/www.ivanabeaumond.com.br\/vestidos-noiva\/wp-content\/uploads\/2020\/10\/LEO_5535-scaled.jpg\" data-link=\"https:\/\/www.ivanabeaumond.com.br\/vestidos-noiva\/?attachment_id=26711\" class=\"wp-image-26711\" srcset=\"https:\/\/www.ivanabeaumond.com.br\/vestidos-noiva\/wp-content\/uploads\/2020\/10\/LEO_5535-1024x684.jpg 1024w, https:\/\/www.ivanabeaumond.com.br\/vestidos-noiva\/wp-content\/uploads\/2020\/10\/LEO_5535-300x200.jpg 300w, https:\/\/www.ivanabeaumond.com.br\/vestidos-noiva\/wp-content\/uploads\/2020\/10\/LEO_5535-768x513.jpg 768w, https:\/\/www.ivanabeaumond.com.br\/vestidos-noiva\/wp-content\/uploads\/2020\/10\/LEO_5535-1536x1025.jpg 1536w, https:\/\/www.ivanabeaumond.com.br\/vestidos-noiva\/wp-content\/uploads\/2020\/10\/LEO_5535-2048x1367.jpg 2048w, https:\/\/www.ivanabeaumond.com.br\/vestidos-noiva\/wp-content\/uploads\/2020\/10\/LEO_5535-480x320.jpg 480w\" sizes=\"(max-width: 1024px) 100vw, 1024px\" \/><\/figure><\/li><li class=\"blocks-gallery-item\"><figure><img decoding=\"async\" loading=\"lazy\" width=\"1024\" height=\"731\" src=\"https:\/\/www.ivanabeaumond.com.br\/vestidos-noiva\/wp-content\/uploads\/2020\/10\/LEO05161-1024x731.jpg\" alt=\"\" data-id=\"26713\" data-full-url=\"https:\/\/www.ivanabeaumond.com.br\/vestidos-noiva\/wp-content\/uploads\/2020\/10\/LEO05161-scaled.jpg\" data-link=\"https:\/\/www.ivanabeaumond.com.br\/vestidos-noiva\/?attachment_id=26713\" class=\"wp-image-26713\" srcset=\"https:\/\/www.ivanabeaumond.com.br\/vestidos-noiva\/wp-content\/uploads\/2020\/10\/LEO05161-1024x731.jpg 1024w, https:\/\/www.ivanabeaumond.com.br\/vestidos-noiva\/wp-content\/uploads\/2020\/10\/LEO05161-300x214.jpg 300w, https:\/\/www.ivanabeaumond.com.br\/vestidos-noiva\/wp-content\/uploads\/2020\/10\/LEO05161-768x549.jpg 768w, https:\/\/www.ivanabeaumond.com.br\/vestidos-noiva\/wp-content\/uploads\/2020\/10\/LEO05161-1536x1097.jpg 1536w, https:\/\/www.ivanabeaumond.com.br\/vestidos-noiva\/wp-content\/uploads\/2020\/10\/LEO05161-2048x1463.jpg 2048w\" sizes=\"(max-width: 1024px) 100vw, 1024px\" \/><\/figure><\/li><li class=\"blocks-gallery-item\"><figure><img decoding=\"async\" loading=\"lazy\" width=\"683\" height=\"1024\" src=\"https:\/\/www.ivanabeaumond.com.br\/vestidos-noiva\/wp-content\/uploads\/2020\/10\/LEO05174-683x1024.jpg\" alt=\"\" data-id=\"26715\" data-full-url=\"https:\/\/www.ivanabeaumond.com.br\/vestidos-noiva\/wp-content\/uploads\/2020\/10\/LEO05174-scaled.jpg\" data-link=\"https:\/\/www.ivanabeaumond.com.br\/vestidos-noiva\/?attachment_id=26715\" class=\"wp-image-26715\" srcset=\"https:\/\/www.ivanabeaumond.com.br\/vestidos-noiva\/wp-content\/uploads\/2020\/10\/LEO05174-683x1024.jpg 683w, https:\/\/www.ivanabeaumond.com.br\/vestidos-noiva\/wp-content\/uploads\/2020\/10\/LEO05174-200x300.jpg 200w, https:\/\/www.ivanabeaumond.com.br\/vestidos-noiva\/wp-content\/uploads\/2020\/10\/LEO05174-768x1152.jpg 768w, https:\/\/www.ivanabeaumond.com.br\/vestidos-noiva\/wp-content\/uploads\/2020\/10\/LEO05174-1024x1536.jpg 1024w, https:\/\/www.ivanabeaumond.com.br\/vestidos-noiva\/wp-content\/uploads\/2020\/10\/LEO05174-1365x2048.jpg 1365w, https:\/\/www.ivanabeaumond.com.br\/vestidos-noiva\/wp-content\/uploads\/2020\/10\/LEO05174-scaled.jpg 1707w\" sizes=\"(max-width: 683px) 100vw, 683px\" \/><\/figure><\/li><li class=\"blocks-gallery-item\"><figure><img decoding=\"async\" loading=\"lazy\" width=\"1024\" height=\"778\" src=\"https:\/\/www.ivanabeaumond.com.br\/vestidos-noiva\/wp-content\/uploads\/2020\/10\/LEO05183-1024x778.jpg\" alt=\"\" data-id=\"26716\" data-full-url=\"https:\/\/www.ivanabeaumond.com.br\/vestidos-noiva\/wp-content\/uploads\/2020\/10\/LEO05183-scaled.jpg\" data-link=\"https:\/\/www.ivanabeaumond.com.br\/vestidos-noiva\/?attachment_id=26716\" class=\"wp-image-26716\" srcset=\"https:\/\/www.ivanabeaumond.com.br\/vestidos-noiva\/wp-content\/uploads\/2020\/10\/LEO05183-1024x778.jpg 1024w, https:\/\/www.ivanabeaumond.com.br\/vestidos-noiva\/wp-content\/uploads\/2020\/10\/LEO05183-300x228.jpg 300w, https:\/\/www.ivanabeaumond.com.br\/vestidos-noiva\/wp-content\/uploads\/2020\/10\/LEO05183-768x583.jpg 768w, https:\/\/www.ivanabeaumond.com.br\/vestidos-noiva\/wp-content\/uploads\/2020\/10\/LEO05183-1536x1166.jpg 1536w, https:\/\/www.ivanabeaumond.com.br\/vestidos-noiva\/wp-content\/uploads\/2020\/10\/LEO05183-2048x1555.jpg 2048w\" sizes=\"(max-width: 1024px) 100vw, 1024px\" \/><\/figure><\/li><li class=\"blocks-gallery-item\"><figure><img decoding=\"async\" loading=\"lazy\" width=\"1024\" height=\"683\" src=\"https:\/\/www.ivanabeaumond.com.br\/vestidos-noiva\/wp-content\/uploads\/2020\/10\/LEO05232-1024x683.jpg\" alt=\"\" data-id=\"26717\" data-full-url=\"https:\/\/www.ivanabeaumond.com.br\/vestidos-noiva\/wp-content\/uploads\/2020\/10\/LEO05232-scaled.jpg\" data-link=\"https:\/\/www.ivanabeaumond.com.br\/vestidos-noiva\/?attachment_id=26717\" class=\"wp-image-26717\" srcset=\"https:\/\/www.ivanabeaumond.com.br\/vestidos-noiva\/wp-content\/uploads\/2020\/10\/LEO05232-1024x683.jpg 1024w, https:\/\/www.ivanabeaumond.com.br\/vestidos-noiva\/wp-content\/uploads\/2020\/10\/LEO05232-300x200.jpg 300w, https:\/\/www.ivanabeaumond.com.br\/vestidos-noiva\/wp-content\/uploads\/2020\/10\/LEO05232-768x512.jpg 768w, https:\/\/www.ivanabeaumond.com.br\/vestidos-noiva\/wp-content\/uploads\/2020\/10\/LEO05232-1536x1024.jpg 1536w, https:\/\/www.ivanabeaumond.com.br\/vestidos-noiva\/wp-content\/uploads\/2020\/10\/LEO05232-2048x1365.jpg 2048w, https:\/\/www.ivanabeaumond.com.br\/vestidos-noiva\/wp-content\/uploads\/2020\/10\/LEO05232-480x320.jpg 480w\" sizes=\"(max-width: 1024px) 100vw, 1024px\" \/><\/figure><\/li><li class=\"blocks-gallery-item\"><figure><img decoding=\"async\" loading=\"lazy\" width=\"1024\" height=\"683\" src=\"https:\/\/www.ivanabeaumond.com.br\/vestidos-noiva\/wp-content\/uploads\/2020\/10\/LEO05329-1024x683.jpg\" alt=\"\" data-id=\"26718\" data-full-url=\"https:\/\/www.ivanabeaumond.com.br\/vestidos-noiva\/wp-content\/uploads\/2020\/10\/LEO05329-scaled.jpg\" data-link=\"https:\/\/www.ivanabeaumond.com.br\/vestidos-noiva\/?attachment_id=26718\" class=\"wp-image-26718\" srcset=\"https:\/\/www.ivanabeaumond.com.br\/vestidos-noiva\/wp-content\/uploads\/2020\/10\/LEO05329-1024x683.jpg 1024w, https:\/\/www.ivanabeaumond.com.br\/vestidos-noiva\/wp-content\/uploads\/2020\/10\/LEO05329-300x200.jpg 300w, https:\/\/www.ivanabeaumond.com.br\/vestidos-noiva\/wp-content\/uploads\/2020\/10\/LEO05329-768x512.jpg 768w, https:\/\/www.ivanabeaumond.com.br\/vestidos-noiva\/wp-content\/uploads\/2020\/10\/LEO05329-1536x1024.jpg 1536w, https:\/\/www.ivanabeaumond.com.br\/vestidos-noiva\/wp-content\/uploads\/2020\/10\/LEO05329-2048x1365.jpg 2048w, https:\/\/www.ivanabeaumond.com.br\/vestidos-noiva\/wp-content\/uploads\/2020\/10\/LEO05329-480x320.jpg 480w\" sizes=\"(max-width: 1024px) 100vw, 1024px\" \/><\/figure><\/li><\/ul><\/figure>\n\n\n\n<div style=\"height:20px\" aria-hidden=\"true\" class=\"wp-block-spacer\"><\/div>\n\n\n\n<h4 class=\"wp-block-heading\"><span style=\"color:#6b6c6d\" class=\"has-inline-color\">Ficha T\u00e9cnica:<\/span><br><span style=\"color:#6b6c6d\" class=\"has-inline-color\">Vestidos: Ivana Beaumond <\/span><\/h4>\n\n\n\n<h4 class=\"wp-block-heading\"><span style=\"color:#6b6c6d\" class=\"has-inline-color\">Modelo: Sheislane Hayalla &#8211; Miss Brasil Amazonas<\/span><\/h4>\n\n\n\n<h4 class=\"wp-block-heading\"><span style=\"color:#6b6c6d\" class=\"has-inline-color\">Video: L\u00e9o Queiroz<\/span><\/h4>\n\n\n\n<h4 class=\"wp-block-heading\"><span style=\"color:#6b6c6d\" class=\"has-inline-color\">Fot\u00f3grafo: Mauro Jorge<\/span><\/h4>\n\n\n\n<h4 class=\"wp-block-heading\"><span style=\"color:#6b6c6d\" class=\"has-inline-color\">Make-Up: Jessica Raiol<\/span><\/h4>\n\n\n\n<h4 class=\"wp-block-heading\"><span style=\"color:#6b6c6d\" class=\"has-inline-color\">Acess\u00f3rios: Jacque Abrunhosa e Enar\u00ea Arte Ind\u00edgena<\/span><\/h4>\n\n\n\n<div style=\"height:74px\" aria-hidden=\"true\" class=\"wp-block-spacer\"><\/div>\n\n\n\n<h4 class=\"has-text-align-center wp-block-heading\"><span style=\"color:#6b6c6d\" class=\"has-inline-color\">Confira mais do nosso editorial na Amaz\u00f4nia em <a href=\"https:\/\/www.youtube.com\/watch?v=TU34J3LBgtw&amp;feature=youtu.be\" target=\"_blank\" rel=\"noreferrer noopener\">nosso canal do Youtube<\/a>. N\u00e3o se esque\u00e7a de se inscrever e acompanhar todos os detalhes do nosso editorial por l\u00e1! Siga-nos tamb\u00e9m no <a href=\"https:\/\/www.instagram.com\/ivanabeaumond\/\" target=\"_blank\" rel=\"noreferrer noopener\">Instagram<\/a> e curta <a href=\"https:\/\/www.facebook.com\/IvanaBeaumond\/\" target=\"_blank\" rel=\"noreferrer noopener\">nossa p\u00e1gina no Facebook<\/a>. Conte para a gente o que achou desse editorial incr\u00edvel e t\u00e3o importante para o cen\u00e1rio atual. <\/span><\/h4>\n","protected":false},"excerpt":{"rendered":"<p>Aproveitando um momento em que muito se fala a respeito&#8230;<\/p>\n","protected":false},"author":4,"featured_media":26624,"comment_status":"closed","ping_status":"closed","sticky":false,"template":"","format":"standard","meta":[],"categories":[60,128],"tags":[1303,650,695,215,133,1299,1122,1119,390,744,671,638,914,286,959,278,107,384,105,98,164,1300,858,857,1302,1301,108,212,213],"yoast_head":"<!-- This site is optimized with the Yoast SEO plugin v20.3 - https:\/\/yoast.com\/wordpress\/plugins\/seo\/ -->\n<title>Abra\u00e7ando a Natureza, Estilista Ivana Beaumond assina novo Editorial na Amaz\u00f4nia - Vestido de Noiva RJ<\/title>\n<meta name=\"robots\" content=\"index, follow, max-snippet:-1, max-image-preview:large, max-video-preview:-1\" \/>\n<link rel=\"canonical\" href=\"https:\/\/www.ivanabeaumond.com.br\/vestidos-noiva\/abracando-a-natureza-estilista-ivana-beaumond-assina-novo-editorial-na-amazonia\/\" \/>\n<meta property=\"og:locale\" content=\"pt_BR\" \/>\n<meta property=\"og:type\" content=\"article\" \/>\n<meta property=\"og:title\" content=\"Abra\u00e7ando a Natureza, Estilista Ivana Beaumond assina novo Editorial na Amaz\u00f4nia - Vestido de Noiva RJ\" \/>\n<meta property=\"og:description\" content=\"Aproveitando um momento em que muito se fala a respeito...\" \/>\n<meta property=\"og:url\" content=\"https:\/\/www.ivanabeaumond.com.br\/vestidos-noiva\/abracando-a-natureza-estilista-ivana-beaumond-assina-novo-editorial-na-amazonia\/\" \/>\n<meta property=\"og:site_name\" content=\"Vestido de Noiva RJ\" \/>\n<meta property=\"article:publisher\" content=\"https:\/\/www.facebook.com\/ivana.beaumondnoivas\" \/>\n<meta property=\"article:published_time\" content=\"2020-10-22T17:58:03+00:00\" \/>\n<meta property=\"article:modified_time\" content=\"2020-10-22T18:13:02+00:00\" \/>\n<meta property=\"og:image\" content=\"https:\/\/www.ivanabeaumond.com.br\/vestidos-noiva\/wp-content\/uploads\/2020\/10\/DJI_0031-scaled.jpg\" \/>\n\t<meta property=\"og:image:width\" content=\"2560\" \/>\n\t<meta property=\"og:image:height\" content=\"1920\" \/>\n\t<meta property=\"og:image:type\" content=\"image\/jpeg\" \/>\n<meta name=\"author\" content=\"Ivana Beaumond Paris\" \/>\n<meta name=\"twitter:card\" content=\"summary_large_image\" \/>\n<meta name=\"twitter:label1\" content=\"Escrito por\" \/>\n\t<meta name=\"twitter:data1\" content=\"Ivana Beaumond Paris\" \/>\n\t<meta name=\"twitter:label2\" content=\"Est. tempo de leitura\" \/>\n\t<meta name=\"twitter:data2\" content=\"3 minutos\" \/>\n<script type=\"application\/ld+json\" class=\"yoast-schema-graph\">{\"@context\":\"https:\/\/schema.org\",\"@graph\":[{\"@type\":\"Article\",\"@id\":\"https:\/\/www.ivanabeaumond.com.br\/vestidos-noiva\/abracando-a-natureza-estilista-ivana-beaumond-assina-novo-editorial-na-amazonia\/#article\",\"isPartOf\":{\"@id\":\"https:\/\/www.ivanabeaumond.com.br\/vestidos-noiva\/abracando-a-natureza-estilista-ivana-beaumond-assina-novo-editorial-na-amazonia\/\"},\"author\":{\"name\":\"Ivana Beaumond Paris\",\"@id\":\"https:\/\/www.ivanabeaumond.com.br\/vestidos-noiva\/#\/schema\/person\/1a360c4cffa3b806d29a456389dcff26\"},\"headline\":\"Abra\u00e7ando a Natureza, Estilista Ivana Beaumond assina novo Editorial na Amaz\u00f4nia\",\"datePublished\":\"2020-10-22T17:58:03+00:00\",\"dateModified\":\"2020-10-22T18:13:02+00:00\",\"mainEntityOfPage\":{\"@id\":\"https:\/\/www.ivanabeaumond.com.br\/vestidos-noiva\/abracando-a-natureza-estilista-ivana-beaumond-assina-novo-editorial-na-amazonia\/\"},\"wordCount\":598,\"publisher\":{\"@id\":\"https:\/\/www.ivanabeaumond.com.br\/vestidos-noiva\/#organization\"},\"keywords\":[\"Amazonia noivas\",\"atelier ivana beaumond\",\"atelier ivana beaumond paris\",\"Atelierdenoiva\",\"atelierivanabeaumond\",\"editorial Amazonia\",\"editorial de moda\",\"editorial de noiva\",\"estilista\",\"estilista das estrelas\",\"estilista de noiva\",\"estilista de noivas\",\"estilista ivana beaumond\",\"ivana beaumond\",\"ivana beaumond itanhang\u00e1\",\"ivana beaumond paris\",\"ivanabeaumond\",\"ivananamidia\",\"modaivanabeaumond\",\"noiva\",\"noivas\",\"noivas de bel\u00e9m\",\"noivas rio de janeiro\",\"noivas rj\",\"noivasamazonia\",\"noivasbelem\",\"noivasivanabeaumond\",\"noivasriodejaneiro\",\"noivasrj\"],\"articleSection\":[\"Blog\",\"Na M\u00eddia\"],\"inLanguage\":\"pt-BR\"},{\"@type\":\"WebPage\",\"@id\":\"https:\/\/www.ivanabeaumond.com.br\/vestidos-noiva\/abracando-a-natureza-estilista-ivana-beaumond-assina-novo-editorial-na-amazonia\/\",\"url\":\"https:\/\/www.ivanabeaumond.com.br\/vestidos-noiva\/abracando-a-natureza-estilista-ivana-beaumond-assina-novo-editorial-na-amazonia\/\",\"name\":\"Abra\u00e7ando a Natureza, Estilista Ivana Beaumond assina novo Editorial na Amaz\u00f4nia - Vestido de Noiva RJ\",\"isPartOf\":{\"@id\":\"https:\/\/www.ivanabeaumond.com.br\/vestidos-noiva\/#website\"},\"datePublished\":\"2020-10-22T17:58:03+00:00\",\"dateModified\":\"2020-10-22T18:13:02+00:00\",\"breadcrumb\":{\"@id\":\"https:\/\/www.ivanabeaumond.com.br\/vestidos-noiva\/abracando-a-natureza-estilista-ivana-beaumond-assina-novo-editorial-na-amazonia\/#breadcrumb\"},\"inLanguage\":\"pt-BR\",\"potentialAction\":[{\"@type\":\"ReadAction\",\"target\":[\"https:\/\/www.ivanabeaumond.com.br\/vestidos-noiva\/abracando-a-natureza-estilista-ivana-beaumond-assina-novo-editorial-na-amazonia\/\"]}]},{\"@type\":\"BreadcrumbList\",\"@id\":\"https:\/\/www.ivanabeaumond.com.br\/vestidos-noiva\/abracando-a-natureza-estilista-ivana-beaumond-assina-novo-editorial-na-amazonia\/#breadcrumb\",\"itemListElement\":[{\"@type\":\"ListItem\",\"position\":1,\"name\":\"In\u00edcio\",\"item\":\"https:\/\/www.ivanabeaumond.com.br\/vestidos-noiva\/\"},{\"@type\":\"ListItem\",\"position\":2,\"name\":\"Abra\u00e7ando a Natureza, Estilista Ivana Beaumond assina novo Editorial na Amaz\u00f4nia\"}]},{\"@type\":\"WebSite\",\"@id\":\"https:\/\/www.ivanabeaumond.com.br\/vestidos-noiva\/#website\",\"url\":\"https:\/\/www.ivanabeaumond.com.br\/vestidos-noiva\/\",\"name\":\"Vestido de Noiva RJ\",\"description\":\"Moda Noiva\",\"publisher\":{\"@id\":\"https:\/\/www.ivanabeaumond.com.br\/vestidos-noiva\/#organization\"},\"potentialAction\":[{\"@type\":\"SearchAction\",\"target\":{\"@type\":\"EntryPoint\",\"urlTemplate\":\"https:\/\/www.ivanabeaumond.com.br\/vestidos-noiva\/?s={search_term_string}\"},\"query-input\":\"required name=search_term_string\"}],\"inLanguage\":\"pt-BR\"},{\"@type\":\"Organization\",\"@id\":\"https:\/\/www.ivanabeaumond.com.br\/vestidos-noiva\/#organization\",\"name\":\"Vestido de Noiva RJ\",\"url\":\"https:\/\/www.ivanabeaumond.com.br\/vestidos-noiva\/\",\"logo\":{\"@type\":\"ImageObject\",\"inLanguage\":\"pt-BR\",\"@id\":\"https:\/\/www.ivanabeaumond.com.br\/vestidos-noiva\/#\/schema\/logo\/image\/\",\"url\":\"https:\/\/www.ivanabeaumond.com.br\/vestidos-noiva\/wp-content\/uploads\/2018\/02\/logo_ivana_beaumond-2.png\",\"contentUrl\":\"https:\/\/www.ivanabeaumond.com.br\/vestidos-noiva\/wp-content\/uploads\/2018\/02\/logo_ivana_beaumond-2.png\",\"width\":230,\"height\":112,\"caption\":\"Vestido de Noiva RJ\"},\"image\":{\"@id\":\"https:\/\/www.ivanabeaumond.com.br\/vestidos-noiva\/#\/schema\/logo\/image\/\"},\"sameAs\":[\"https:\/\/www.facebook.com\/ivana.beaumondnoivas\",\"https:\/\/www.instagram.com\/ivanabeaumond\/\",\"https:\/\/www.tiktok.com\/@ivanabeaumond\"]},{\"@type\":\"Person\",\"@id\":\"https:\/\/www.ivanabeaumond.com.br\/vestidos-noiva\/#\/schema\/person\/1a360c4cffa3b806d29a456389dcff26\",\"name\":\"Ivana Beaumond Paris\",\"image\":{\"@type\":\"ImageObject\",\"inLanguage\":\"pt-BR\",\"@id\":\"https:\/\/www.ivanabeaumond.com.br\/vestidos-noiva\/#\/schema\/person\/image\/\",\"url\":\"https:\/\/secure.gravatar.com\/avatar\/641f98db20b53ec937ceb641db4270b9?s=96&d=mm&r=g\",\"contentUrl\":\"https:\/\/secure.gravatar.com\/avatar\/641f98db20b53ec937ceb641db4270b9?s=96&d=mm&r=g\",\"caption\":\"Ivana Beaumond Paris\"},\"url\":\"https:\/\/www.ivanabeaumond.com.br\/vestidos-noiva\/author\/ivana\/\"}]}<\/script>\n<!-- \/ Yoast SEO plugin. -->","yoast_head_json":{"title":"Abra\u00e7ando a Natureza, Estilista Ivana Beaumond assina novo Editorial na Amaz\u00f4nia - Vestido de Noiva RJ","robots":{"index":"index","follow":"follow","max-snippet":"max-snippet:-1","max-image-preview":"max-image-preview:large","max-video-preview":"max-video-preview:-1"},"canonical":"https:\/\/www.ivanabeaumond.com.br\/vestidos-noiva\/abracando-a-natureza-estilista-ivana-beaumond-assina-novo-editorial-na-amazonia\/","og_locale":"pt_BR","og_type":"article","og_title":"Abra\u00e7ando a Natureza, Estilista Ivana Beaumond assina novo Editorial na Amaz\u00f4nia - Vestido de Noiva RJ","og_description":"Aproveitando um momento em que muito se fala a respeito...","og_url":"https:\/\/www.ivanabeaumond.com.br\/vestidos-noiva\/abracando-a-natureza-estilista-ivana-beaumond-assina-novo-editorial-na-amazonia\/","og_site_name":"Vestido de Noiva RJ","article_publisher":"https:\/\/www.facebook.com\/ivana.beaumondnoivas","article_published_time":"2020-10-22T17:58:03+00:00","article_modified_time":"2020-10-22T18:13:02+00:00","og_image":[{"width":2560,"height":1920,"url":"https:\/\/www.ivanabeaumond.com.br\/vestidos-noiva\/wp-content\/uploads\/2020\/10\/DJI_0031-scaled.jpg","type":"image\/jpeg"}],"author":"Ivana Beaumond Paris","twitter_card":"summary_large_image","twitter_misc":{"Escrito por":"Ivana Beaumond Paris","Est. tempo de leitura":"3 minutos"},"schema":{"@context":"https:\/\/schema.org","@graph":[{"@type":"Article","@id":"https:\/\/www.ivanabeaumond.com.br\/vestidos-noiva\/abracando-a-natureza-estilista-ivana-beaumond-assina-novo-editorial-na-amazonia\/#article","isPartOf":{"@id":"https:\/\/www.ivanabeaumond.com.br\/vestidos-noiva\/abracando-a-natureza-estilista-ivana-beaumond-assina-novo-editorial-na-amazonia\/"},"author":{"name":"Ivana Beaumond Paris","@id":"https:\/\/www.ivanabeaumond.com.br\/vestidos-noiva\/#\/schema\/person\/1a360c4cffa3b806d29a456389dcff26"},"headline":"Abra\u00e7ando a Natureza, Estilista Ivana Beaumond assina novo Editorial na Amaz\u00f4nia","datePublished":"2020-10-22T17:58:03+00:00","dateModified":"2020-10-22T18:13:02+00:00","mainEntityOfPage":{"@id":"https:\/\/www.ivanabeaumond.com.br\/vestidos-noiva\/abracando-a-natureza-estilista-ivana-beaumond-assina-novo-editorial-na-amazonia\/"},"wordCount":598,"publisher":{"@id":"https:\/\/www.ivanabeaumond.com.br\/vestidos-noiva\/#organization"},"keywords":["Amazonia noivas","atelier ivana beaumond","atelier ivana beaumond paris","Atelierdenoiva","atelierivanabeaumond","editorial Amazonia","editorial de moda","editorial de noiva","estilista","estilista das estrelas","estilista de noiva","estilista de noivas","estilista ivana beaumond","ivana beaumond","ivana beaumond itanhang\u00e1","ivana beaumond paris","ivanabeaumond","ivananamidia","modaivanabeaumond","noiva","noivas","noivas de bel\u00e9m","noivas rio de janeiro","noivas rj","noivasamazonia","noivasbelem","noivasivanabeaumond","noivasriodejaneiro","noivasrj"],"articleSection":["Blog","Na M\u00eddia"],"inLanguage":"pt-BR"},{"@type":"WebPage","@id":"https:\/\/www.ivanabeaumond.com.br\/vestidos-noiva\/abracando-a-natureza-estilista-ivana-beaumond-assina-novo-editorial-na-amazonia\/","url":"https:\/\/www.ivanabeaumond.com.br\/vestidos-noiva\/abracando-a-natureza-estilista-ivana-beaumond-assina-novo-editorial-na-amazonia\/","name":"Abra\u00e7ando a Natureza, Estilista Ivana Beaumond assina novo Editorial na Amaz\u00f4nia - Vestido de Noiva RJ","isPartOf":{"@id":"https:\/\/www.ivanabeaumond.com.br\/vestidos-noiva\/#website"},"datePublished":"2020-10-22T17:58:03+00:00","dateModified":"2020-10-22T18:13:02+00:00","breadcrumb":{"@id":"https:\/\/www.ivanabeaumond.com.br\/vestidos-noiva\/abracando-a-natureza-estilista-ivana-beaumond-assina-novo-editorial-na-amazonia\/#breadcrumb"},"inLanguage":"pt-BR","potentialAction":[{"@type":"ReadAction","target":["https:\/\/www.ivanabeaumond.com.br\/vestidos-noiva\/abracando-a-natureza-estilista-ivana-beaumond-assina-novo-editorial-na-amazonia\/"]}]},{"@type":"BreadcrumbList","@id":"https:\/\/www.ivanabeaumond.com.br\/vestidos-noiva\/abracando-a-natureza-estilista-ivana-beaumond-assina-novo-editorial-na-amazonia\/#breadcrumb","itemListElement":[{"@type":"ListItem","position":1,"name":"In\u00edcio","item":"https:\/\/www.ivanabeaumond.com.br\/vestidos-noiva\/"},{"@type":"ListItem","position":2,"name":"Abra\u00e7ando a Natureza, Estilista Ivana Beaumond assina novo Editorial na Amaz\u00f4nia"}]},{"@type":"WebSite","@id":"https:\/\/www.ivanabeaumond.com.br\/vestidos-noiva\/#website","url":"https:\/\/www.ivanabeaumond.com.br\/vestidos-noiva\/","name":"Vestido de Noiva RJ","description":"Moda Noiva","publisher":{"@id":"https:\/\/www.ivanabeaumond.com.br\/vestidos-noiva\/#organization"},"potentialAction":[{"@type":"SearchAction","target":{"@type":"EntryPoint","urlTemplate":"https:\/\/www.ivanabeaumond.com.br\/vestidos-noiva\/?s={search_term_string}"},"query-input":"required name=search_term_string"}],"inLanguage":"pt-BR"},{"@type":"Organization","@id":"https:\/\/www.ivanabeaumond.com.br\/vestidos-noiva\/#organization","name":"Vestido de Noiva RJ","url":"https:\/\/www.ivanabeaumond.com.br\/vestidos-noiva\/","logo":{"@type":"ImageObject","inLanguage":"pt-BR","@id":"https:\/\/www.ivanabeaumond.com.br\/vestidos-noiva\/#\/schema\/logo\/image\/","url":"https:\/\/www.ivanabeaumond.com.br\/vestidos-noiva\/wp-content\/uploads\/2018\/02\/logo_ivana_beaumond-2.png","contentUrl":"https:\/\/www.ivanabeaumond.com.br\/vestidos-noiva\/wp-content\/uploads\/2018\/02\/logo_ivana_beaumond-2.png","width":230,"height":112,"caption":"Vestido de Noiva RJ"},"image":{"@id":"https:\/\/www.ivanabeaumond.com.br\/vestidos-noiva\/#\/schema\/logo\/image\/"},"sameAs":["https:\/\/www.facebook.com\/ivana.beaumondnoivas","https:\/\/www.instagram.com\/ivanabeaumond\/","https:\/\/www.tiktok.com\/@ivanabeaumond"]},{"@type":"Person","@id":"https:\/\/www.ivanabeaumond.com.br\/vestidos-noiva\/#\/schema\/person\/1a360c4cffa3b806d29a456389dcff26","name":"Ivana Beaumond Paris","image":{"@type":"ImageObject","inLanguage":"pt-BR","@id":"https:\/\/www.ivanabeaumond.com.br\/vestidos-noiva\/#\/schema\/person\/image\/","url":"https:\/\/secure.gravatar.com\/avatar\/641f98db20b53ec937ceb641db4270b9?s=96&d=mm&r=g","contentUrl":"https:\/\/secure.gravatar.com\/avatar\/641f98db20b53ec937ceb641db4270b9?s=96&d=mm&r=g","caption":"Ivana Beaumond Paris"},"url":"https:\/\/www.ivanabeaumond.com.br\/vestidos-noiva\/author\/ivana\/"}]}},"_links":{"self":[{"href":"https:\/\/www.ivanabeaumond.com.br\/vestidos-noiva\/wp-json\/wp\/v2\/posts\/26651"}],"collection":[{"href":"https:\/\/www.ivanabeaumond.com.br\/vestidos-noiva\/wp-json\/wp\/v2\/posts"}],"about":[{"href":"https:\/\/www.ivanabeaumond.com.br\/vestidos-noiva\/wp-json\/wp\/v2\/types\/post"}],"author":[{"embeddable":true,"href":"https:\/\/www.ivanabeaumond.com.br\/vestidos-noiva\/wp-json\/wp\/v2\/users\/4"}],"replies":[{"embeddable":true,"href":"https:\/\/www.ivanabeaumond.com.br\/vestidos-noiva\/wp-json\/wp\/v2\/comments?post=26651"}],"version-history":[{"count":8,"href":"https:\/\/www.ivanabeaumond.com.br\/vestidos-noiva\/wp-json\/wp\/v2\/posts\/26651\/revisions"}],"predecessor-version":[{"id":26729,"href":"https:\/\/www.ivanabeaumond.com.br\/vestidos-noiva\/wp-json\/wp\/v2\/posts\/26651\/revisions\/26729"}],"wp:featuredmedia":[{"embeddable":true,"href":"https:\/\/www.ivanabeaumond.com.br\/vestidos-noiva\/wp-json\/wp\/v2\/media\/26624"}],"wp:attachment":[{"href":"https:\/\/www.ivanabeaumond.com.br\/vestidos-noiva\/wp-json\/wp\/v2\/media?parent=26651"}],"wp:term":[{"taxonomy":"category","embeddable":true,"href":"https:\/\/www.ivanabeaumond.com.br\/vestidos-noiva\/wp-json\/wp\/v2\/categories?post=26651"},{"taxonomy":"post_tag","embeddable":true,"href":"https:\/\/www.ivanabeaumond.com.br\/vestidos-noiva\/wp-json\/wp\/v2\/tags?post=26651"}],"curies":[{"name":"wp","href":"https:\/\/api.w.org\/{rel}","templated":true}]}}