{"id":26808,"date":"2020-11-16T14:05:26","date_gmt":"2020-11-16T17:05:26","guid":{"rendered":"https:\/\/www.ivanabeaumond.com.br\/vestidos-noiva\/?p=26808"},"modified":"2020-11-16T14:09:53","modified_gmt":"2020-11-16T17:09:53","slug":"setenta-anos-de-moda-os-vestido-de-moda-desde-1950","status":"publish","type":"post","link":"https:\/\/www.ivanabeaumond.com.br\/vestidos-noiva\/setenta-anos-de-moda-os-vestido-de-moda-desde-1950\/","title":{"rendered":"Setenta Anos de Moda: Os vestido de Moda Desde 1950"},"content":{"rendered":"\n<div style=\"height:20px\" aria-hidden=\"true\" class=\"wp-block-spacer\"><\/div>\n\n\n\n<h4 class=\"has-text-align-center wp-block-heading\"><span style=\"color:#6b6c6d\" class=\"has-inline-color\">Os vestidos de noiva sempre encantaram as mulheres ao redor de todo o mundo e, durante diferentes momentos, seus modelos variaram em estilo, tamanho, corte e, acima de tudo, nas refer\u00eancias inspiradas em artistas e celebridades da \u00e9poca.<\/span><\/h4>\n\n\n\n<div style=\"height:20px\" aria-hidden=\"true\" class=\"wp-block-spacer\"><\/div>\n\n\n\n<h4 class=\"has-text-align-center wp-block-heading\"><span style=\"color:#6b6c6d\" class=\"has-inline-color\">Por este motivo, pensando em trazer todas as vers\u00f5es que se tornaram tend\u00eancias nos \u00faltimos anos, a equipe Ivana Beaumond resume setenta anos de hist\u00f3ria em um artigo interessante e repleto de informa\u00e7\u00f5es. Temos certeza que voc\u00ea vai se surpreender. Acompanhe a leitura:<\/span><\/h4>\n\n\n\n<div style=\"height:20px\" aria-hidden=\"true\" class=\"wp-block-spacer\"><\/div>\n\n\n\n<h3 class=\"wp-block-heading\"><strong><em>D\u00e9cada de 1950<\/em><\/strong><\/h3>\n\n\n\n<div style=\"height:20px\" aria-hidden=\"true\" class=\"wp-block-spacer\"><\/div>\n\n\n\n<div class=\"wp-block-image\"><figure class=\"aligncenter size-large is-resized\"><img decoding=\"async\" loading=\"lazy\" src=\"https:\/\/www.ivanabeaumond.com.br\/vestidos-noiva\/wp-content\/uploads\/2020\/10\/70-ANOS.jpg\" alt=\"\" class=\"wp-image-26809\" width=\"537\" height=\"691\" srcset=\"https:\/\/www.ivanabeaumond.com.br\/vestidos-noiva\/wp-content\/uploads\/2020\/10\/70-ANOS.jpg 700w, https:\/\/www.ivanabeaumond.com.br\/vestidos-noiva\/wp-content\/uploads\/2020\/10\/70-ANOS-233x300.jpg 233w\" sizes=\"(max-width: 537px) 100vw, 537px\" \/><\/figure><\/div>\n\n\n\n<div style=\"height:20px\" aria-hidden=\"true\" class=\"wp-block-spacer\"><\/div>\n\n\n\n<h4 class=\"has-text-align-center wp-block-heading\"><span style=\"color:#6b6c6d\" class=\"has-inline-color\">Os vestidos ao estilo de baile, com saias enormes, dominaram a moda nupcial nos anos 50 desde que Jacqueline Kennedy, esposa do presidente americano, o utilizou em seu pr\u00f3prio matrim\u00f4nio.<\/span><\/h4>\n\n\n\n<div style=\"height:20px\" aria-hidden=\"true\" class=\"wp-block-spacer\"><\/div>\n\n\n\n<h4 class=\"has-text-align-center wp-block-heading\"><span style=\"color:#6b6c6d\" class=\"has-inline-color\">Naquela \u00e9poca, um vestido de noiva era algo que as mulheres colocavam todas as suas exig\u00eancias e, por vezes, era natural seguir este modelo que lembra um abajur pelo formato. Al\u00e9m disso, o estilo sem al\u00e7as tamb\u00e9m se tornou um \u201cmust have\u201d, como uma rea\u00e7\u00e3o aos de gola alta e mangas compridas que vieram anteriormente.<\/span><\/h4>\n\n\n\n<div style=\"height:20px\" aria-hidden=\"true\" class=\"wp-block-spacer\"><\/div>\n\n\n\n<h3 class=\"has-text-align-left wp-block-heading\"><strong><em>D\u00e9cada de 1960<\/em><\/strong><\/h3>\n\n\n\n<div style=\"height:20px\" aria-hidden=\"true\" class=\"wp-block-spacer\"><\/div>\n\n\n\n<div class=\"wp-block-image\"><figure class=\"aligncenter size-large is-resized\"><img decoding=\"async\" loading=\"lazy\" src=\"https:\/\/www.ivanabeaumond.com.br\/vestidos-noiva\/wp-content\/uploads\/2020\/10\/70-ANOS-2.jpg\" alt=\"\" class=\"wp-image-26810\" width=\"541\" height=\"541\" srcset=\"https:\/\/www.ivanabeaumond.com.br\/vestidos-noiva\/wp-content\/uploads\/2020\/10\/70-ANOS-2.jpg 700w, https:\/\/www.ivanabeaumond.com.br\/vestidos-noiva\/wp-content\/uploads\/2020\/10\/70-ANOS-2-300x300.jpg 300w, https:\/\/www.ivanabeaumond.com.br\/vestidos-noiva\/wp-content\/uploads\/2020\/10\/70-ANOS-2-150x150.jpg 150w, https:\/\/www.ivanabeaumond.com.br\/vestidos-noiva\/wp-content\/uploads\/2020\/10\/70-ANOS-2-520x520.jpg 520w\" sizes=\"(max-width: 541px) 100vw, 541px\" \/><\/figure><\/div>\n\n\n\n<div style=\"height:20px\" aria-hidden=\"true\" class=\"wp-block-spacer\"><\/div>\n\n\n\n<h4 class=\"has-text-align-center wp-block-heading\"><span style=\"color:#6b6c6d\" class=\"has-inline-color\"><img decoding=\"async\" loading=\"lazy\" width=\"243\" height=\"266\" src=\"\">Ap\u00f3s os vestidos de baile volumosos dos anos 50, as noivas come\u00e7aram a usar pe\u00e7as mais justas. Algumas, at\u00e9 mesmo, optaram por modelos que ficavam entre o bufante e o sereia, mas a moda tendia ainda mais para a segunda op\u00e7\u00e3o.<\/span><\/h4>\n\n\n\n<div style=\"height:20px\" aria-hidden=\"true\" class=\"wp-block-spacer\"><\/div>\n\n\n\n<h4 class=\"has-text-align-center wp-block-heading\"><span style=\"color:#6b6c6d\" class=\"has-inline-color\">Mais finos e feitos de um tecido charmeuse pesado, alguns vestidos ficaram mais curtos, conforme a minissaia se popularizava. Ademais, as mangas tamb\u00e9m ficaram na moda e muitas pe\u00e7as apresentavam essa parte mais afofada nos cotovelos, combinando com decotes altos.<\/span><\/h4>\n\n\n\n<div style=\"height:20px\" aria-hidden=\"true\" class=\"wp-block-spacer\"><\/div>\n\n\n\n<h3 class=\"wp-block-heading\"><strong><em>D\u00e9cada de 1970<\/em><\/strong><\/h3>\n\n\n\n<div style=\"height:20px\" aria-hidden=\"true\" class=\"wp-block-spacer\"><\/div>\n\n\n\n<div class=\"wp-block-image\"><figure class=\"aligncenter size-large is-resized\"><img decoding=\"async\" loading=\"lazy\" src=\"https:\/\/www.ivanabeaumond.com.br\/vestidos-noiva\/wp-content\/uploads\/2020\/10\/70-ANOS-3.jpg\" alt=\"\" class=\"wp-image-26811\" width=\"556\" height=\"802\" srcset=\"https:\/\/www.ivanabeaumond.com.br\/vestidos-noiva\/wp-content\/uploads\/2020\/10\/70-ANOS-3.jpg 600w, https:\/\/www.ivanabeaumond.com.br\/vestidos-noiva\/wp-content\/uploads\/2020\/10\/70-ANOS-3-208x300.jpg 208w\" sizes=\"(max-width: 556px) 100vw, 556px\" \/><\/figure><\/div>\n\n\n\n<div style=\"height:20px\" aria-hidden=\"true\" class=\"wp-block-spacer\"><\/div>\n\n\n\n<h4 class=\"has-text-align-center wp-block-heading\"><span style=\"color:#6b6c6d\" class=\"has-inline-color\">Quando a Dior lan\u00e7ou um vestido de gola alta com mangas ainda mais longas do que as vistas anteriormente, as noivas foram \u00e0 loucura pela tend\u00eancia. Assim, personalidades como a Princesa Anne, Hillary Clinton e Aretha Franklin foram fotografadas com vestidos que pareciam casaquinhos de t\u00e3o extensos que eram os tecidos em seus bra\u00e7os.<\/span><\/h4>\n\n\n\n<div style=\"height:20px\" aria-hidden=\"true\" class=\"wp-block-spacer\"><\/div>\n\n\n\n<h4 class=\"has-text-align-center wp-block-heading\"><span style=\"color:#6b6c6d\" class=\"has-inline-color\">A d\u00e9cada tamb\u00e9m viu o renascimento das silhuetas dos anos trinta e quarenta, al\u00e9m de contar com elementos da moda vitoriana e eduardiana que davam um ar ainda mais elegante para os casais que pretendiam trazer requinte para suas festividades.<\/span><\/h4>\n\n\n\n<div style=\"height:20px\" aria-hidden=\"true\" class=\"wp-block-spacer\"><\/div>\n\n\n\n<h3 class=\"wp-block-heading\"><em><strong>D\u00e9cada de 1980<\/strong><\/em><\/h3>\n\n\n\n<div style=\"height:20px\" aria-hidden=\"true\" class=\"wp-block-spacer\"><\/div>\n\n\n\n<div class=\"wp-block-image\"><figure class=\"aligncenter size-large is-resized\"><img decoding=\"async\" loading=\"lazy\" src=\"https:\/\/www.ivanabeaumond.com.br\/vestidos-noiva\/wp-content\/uploads\/2020\/10\/70-ANOS-4.jpg\" alt=\"\" class=\"wp-image-26812\" width=\"439\" height=\"523\" srcset=\"https:\/\/www.ivanabeaumond.com.br\/vestidos-noiva\/wp-content\/uploads\/2020\/10\/70-ANOS-4.jpg 403w, https:\/\/www.ivanabeaumond.com.br\/vestidos-noiva\/wp-content\/uploads\/2020\/10\/70-ANOS-4-252x300.jpg 252w\" sizes=\"(max-width: 439px) 100vw, 439px\" \/><\/figure><\/div>\n\n\n\n<div style=\"height:20px\" aria-hidden=\"true\" class=\"wp-block-spacer\"><\/div>\n\n\n\n<h4 class=\"has-text-align-center wp-block-heading\"><span style=\"color:#6b6c6d\" class=\"has-inline-color\">Na d\u00e9cada de 1980, era praticamente imposs\u00edvel comprar algo com al\u00e7as, o que fez com que o colo e os ombros fossem muito real\u00e7ados durante este per\u00edodo. Ademais, os vestidos mais justos tamb\u00e9m estavam em voga, se tornando uma pe\u00e7a recorrente em lojas como a americana Kleinfeld&#8217;s.<\/span><\/h4>\n\n\n\n<div style=\"height:20px\" aria-hidden=\"true\" class=\"wp-block-spacer\"><\/div>\n\n\n\n<h4 class=\"has-text-align-center wp-block-heading\"><span style=\"color:#6b6c6d\" class=\"has-inline-color\">Vale lembrar que a prioridade era n\u00e3o ter mangas. No entanto, as que faziam quest\u00e3o deste detalhe traziam modelos bufantes, assim como era comum em muitas pe\u00e7as utilizadas pelas mulheres da \u00e9poca.<\/span><\/h4>\n\n\n\n<div style=\"height:20px\" aria-hidden=\"true\" class=\"wp-block-spacer\"><\/div>\n\n\n\n<h3 class=\"wp-block-heading\"><strong><em>D\u00e9cada de 1990<\/em><\/strong><\/h3>\n\n\n\n<div style=\"height:20px\" aria-hidden=\"true\" class=\"wp-block-spacer\"><\/div>\n\n\n\n<div class=\"wp-block-image\"><figure class=\"aligncenter size-large is-resized\"><img decoding=\"async\" loading=\"lazy\" src=\"https:\/\/www.ivanabeaumond.com.br\/vestidos-noiva\/wp-content\/uploads\/2020\/10\/70-ANOS-5-673x1024.jpg\" alt=\"\" class=\"wp-image-26815\" width=\"491\" height=\"747\" srcset=\"https:\/\/www.ivanabeaumond.com.br\/vestidos-noiva\/wp-content\/uploads\/2020\/10\/70-ANOS-5-673x1024.jpg 673w, https:\/\/www.ivanabeaumond.com.br\/vestidos-noiva\/wp-content\/uploads\/2020\/10\/70-ANOS-5-197x300.jpg 197w, https:\/\/www.ivanabeaumond.com.br\/vestidos-noiva\/wp-content\/uploads\/2020\/10\/70-ANOS-5-768x1168.jpg 768w, https:\/\/www.ivanabeaumond.com.br\/vestidos-noiva\/wp-content\/uploads\/2020\/10\/70-ANOS-5-1010x1536.jpg 1010w, https:\/\/www.ivanabeaumond.com.br\/vestidos-noiva\/wp-content\/uploads\/2020\/10\/70-ANOS-5.jpg 1315w\" sizes=\"(max-width: 491px) 100vw, 491px\" \/><\/figure><\/div>\n\n\n\n<div style=\"height:20px\" aria-hidden=\"true\" class=\"wp-block-spacer\"><\/div>\n\n\n\n<h4 class=\"has-text-align-center wp-block-heading\"><span style=\"color:#6b6c6d\" class=\"has-inline-color\">Por volta dos anos 90, as noivas come\u00e7aram a pedir por mangas novamente, dando adeus aos ombros nus que marcaram a d\u00e9cada anterior de forma intensa.<\/span><\/h4>\n\n\n\n<div style=\"height:20px\" aria-hidden=\"true\" class=\"wp-block-spacer\"><\/div>\n\n\n\n<h4 class=\"has-text-align-center wp-block-heading\"><span style=\"color:#6b6c6d\" class=\"has-inline-color\">Ademais, o per\u00edodo tamb\u00e9m viu a introdu\u00e7\u00e3o de uma silhueta mais moderna e atraente, que lembrava um vestido de tango e apresentava um babado assim\u00e9trico. J\u00e1 se imaginou utilizando algo assim?<\/span><\/h4>\n\n\n\n<div style=\"height:20px\" aria-hidden=\"true\" class=\"wp-block-spacer\"><\/div>\n\n\n\n<h3 class=\"wp-block-heading\"><strong><em>D\u00e9cada de 2000<\/em><\/strong><\/h3>\n\n\n\n<div style=\"height:20px\" aria-hidden=\"true\" class=\"wp-block-spacer\"><\/div>\n\n\n\n<div class=\"wp-block-image\"><figure class=\"aligncenter size-large is-resized\"><img decoding=\"async\" loading=\"lazy\" src=\"https:\/\/www.ivanabeaumond.com.br\/vestidos-noiva\/wp-content\/uploads\/2020\/10\/70-ANOS-8.jpg\" alt=\"\" class=\"wp-image-26816\" width=\"431\" height=\"615\" srcset=\"https:\/\/www.ivanabeaumond.com.br\/vestidos-noiva\/wp-content\/uploads\/2020\/10\/70-ANOS-8.jpg 236w, https:\/\/www.ivanabeaumond.com.br\/vestidos-noiva\/wp-content\/uploads\/2020\/10\/70-ANOS-8-210x300.jpg 210w\" sizes=\"(max-width: 431px) 100vw, 431px\" \/><\/figure><\/div>\n\n\n\n<div style=\"height:20px\" aria-hidden=\"true\" class=\"wp-block-spacer\"><\/div>\n\n\n\n<h4 class=\"has-text-align-center wp-block-heading\"><span style=\"color:#6b6c6d\" class=\"has-inline-color\">Nos anos 2000, se d\u00e1 in\u00edcio a um pouco mais de diversifica\u00e7\u00e3o nos modelos. Dessa maneira, al\u00e9m dos vestidos longos esvoa\u00e7antes, os mais justos tamb\u00e9m se tornaram uma tend\u00eancia de moda.<\/span><\/h4>\n\n\n\n<div style=\"height:20px\" aria-hidden=\"true\" class=\"wp-block-spacer\"><\/div>\n\n\n\n<h4 class=\"has-text-align-center wp-block-heading\"><span style=\"color:#6b6c6d\" class=\"has-inline-color\">E n\u00e3o apenas estes. Tamb\u00e9m foi identificado que os vestidos de corte A, muitas vezes com bordados, se consagraram como os queridinhos das famosas e celebridades, como Madonna.<\/span><\/h4>\n\n\n\n<div style=\"height:20px\" aria-hidden=\"true\" class=\"wp-block-spacer\"><\/div>\n\n\n\n<h3 class=\"wp-block-heading\"><strong><em>D\u00e9cada de 2010<\/em><\/strong><\/h3>\n\n\n\n<div style=\"height:20px\" aria-hidden=\"true\" class=\"wp-block-spacer\"><\/div>\n\n\n\n<div class=\"wp-block-image\"><figure class=\"aligncenter size-large is-resized\"><img decoding=\"async\" loading=\"lazy\" src=\"https:\/\/www.ivanabeaumond.com.br\/vestidos-noiva\/wp-content\/uploads\/2020\/10\/70-ANOS-7.jpg\" alt=\"\" class=\"wp-image-26817\" width=\"526\" height=\"732\" srcset=\"https:\/\/www.ivanabeaumond.com.br\/vestidos-noiva\/wp-content\/uploads\/2020\/10\/70-ANOS-7.jpg 700w, https:\/\/www.ivanabeaumond.com.br\/vestidos-noiva\/wp-content\/uploads\/2020\/10\/70-ANOS-7-215x300.jpg 215w\" sizes=\"(max-width: 526px) 100vw, 526px\" \/><\/figure><\/div>\n\n\n\n<div style=\"height:20px\" aria-hidden=\"true\" class=\"wp-block-spacer\"><\/div>\n\n\n\n<h4 class=\"has-text-align-center wp-block-heading\"><span style=\"color:#6b6c6d\" class=\"has-inline-color\">Na d\u00e9cada de 2010, as mangas pareciam ter sido esquecidas pela maioria das noivas. No entanto, elas fizeram um retorno real (literalmente!), gra\u00e7as ao casamento de Kate Middleton com o pr\u00edncipe William.<\/span><\/h4>\n\n\n\n<div style=\"height:20px\" aria-hidden=\"true\" class=\"wp-block-spacer\"><\/div>\n\n\n\n<h4 class=\"has-text-align-center wp-block-heading\"><span style=\"color:#6b6c6d\" class=\"has-inline-color\">A diferen\u00e7a, no entanto, \u00e9 que as noivas passaram a se sentirem confort\u00e1veis \u200b\u200bpara usar uma variedade delas, indo entre as curtas, m\u00e9dias e longas, sem uma obrigatoriedade de tamanho pr\u00e9-definida.<\/span><\/h4>\n\n\n\n<div style=\"height:20px\" aria-hidden=\"true\" class=\"wp-block-spacer\"><\/div>\n\n\n\n<h4 class=\"has-text-align-center wp-block-heading\"><span style=\"color:#6b6c6d\" class=\"has-inline-color\">Al\u00e9m disso, os vestidos com detalhes transparentes tamb\u00e9m se tornaram uma refer\u00eancia sexy e at\u00e9 mesmo picante, revelando pele ao redor da barriga e das costas.<\/span><\/h4>\n\n\n\n<div style=\"height:20px\" aria-hidden=\"true\" class=\"wp-block-spacer\"><\/div>\n\n\n\n<h3 class=\"wp-block-heading\"><em><strong>D\u00e9cada de 2020<\/strong><\/em><\/h3>\n\n\n\n<div style=\"height:20px\" aria-hidden=\"true\" class=\"wp-block-spacer\"><\/div>\n\n\n\n<div class=\"wp-block-image\"><figure class=\"aligncenter size-large is-resized\"><img decoding=\"async\" loading=\"lazy\" src=\"https:\/\/www.ivanabeaumond.com.br\/vestidos-noiva\/wp-content\/uploads\/2020\/10\/SETENTA-ANOS-9-683x1024.jpg\" alt=\"\" class=\"wp-image-26818\" width=\"551\" height=\"826\" srcset=\"https:\/\/www.ivanabeaumond.com.br\/vestidos-noiva\/wp-content\/uploads\/2020\/10\/SETENTA-ANOS-9-683x1024.jpg 683w, https:\/\/www.ivanabeaumond.com.br\/vestidos-noiva\/wp-content\/uploads\/2020\/10\/SETENTA-ANOS-9-200x300.jpg 200w, https:\/\/www.ivanabeaumond.com.br\/vestidos-noiva\/wp-content\/uploads\/2020\/10\/SETENTA-ANOS-9.jpg 700w\" sizes=\"(max-width: 551px) 100vw, 551px\" \/><\/figure><\/div>\n\n\n\n<div style=\"height:20px\" aria-hidden=\"true\" class=\"wp-block-spacer\"><\/div>\n\n\n\n<h4 class=\"has-text-align-center wp-block-heading\"><span style=\"color:#6b6c6d\" class=\"has-inline-color\">Atualmente, a lacuna entre a moda cotidiana e a moda nupcial come\u00e7ou a diminuir nos \u00faltimos anos e as mulheres come\u00e7aram a se preocupar mais em como seus vestidos refletem suas personalidades.<\/span><\/h4>\n\n\n\n<div style=\"height:20px\" aria-hidden=\"true\" class=\"wp-block-spacer\"><\/div>\n\n\n\n<h4 class=\"has-text-align-center wp-block-heading\"><span style=\"color:#6b6c6d\" class=\"has-inline-color\">Ademais, existem tantas op\u00e7\u00f5es agora que \u00e9 poss\u00edvel que cada mulher encontre uma pe\u00e7a de acordo com a sua necessidade, seja ela roqueira, mais hippie ou at\u00e9 mesmo mais cl\u00e1ssica.<\/span><\/h4>\n\n\n\n<div style=\"height:82px\" aria-hidden=\"true\" class=\"wp-block-spacer\"><\/div>\n\n\n\n<h4 class=\"has-text-align-center wp-block-heading\"><span style=\"color:#6b6c6d\" class=\"has-inline-color\">Na Ivana Beaumond, inclusive, voc\u00ea consegue encontrar diferentes modelos que ir\u00e3o te agradar e surpreender. <a href=\"https:\/\/www.ivanabeaumond.com.br\/vestidos-noiva\/moda-noiva-rj\/\" target=\"_blank\" rel=\"noreferrer noopener\">Agende um hor\u00e1rio no nosso ateli\u00ea<\/a> e venha experimentar os vestidos que sempre quis!<\/span><\/h4>\n","protected":false},"excerpt":{"rendered":"<p>Os vestidos de noiva sempre encantaram as mulheres ao redor&#8230;<\/p>\n","protected":false},"author":4,"featured_media":26860,"comment_status":"closed","ping_status":"closed","sticky":false,"template":"","format":"standard","meta":[],"categories":[60,127],"tags":[1085,1121,660,1019,215,512,559,842,1118,132,671,638,286,959,278,107,903,455,155,98,296,157,164,858,857,885,108,212,213,258,199,115,762,690,200,754,813],"yoast_head":"<!-- This site is optimized with the Yoast SEO plugin v20.3 - https:\/\/yoast.com\/wordpress\/plugins\/seo\/ -->\n<title>Setenta Anos de Moda: Os vestido de Moda Desde 1950 - Vestido de Noiva RJ<\/title>\n<meta name=\"robots\" content=\"index, follow, max-snippet:-1, max-image-preview:large, max-video-preview:-1\" \/>\n<link rel=\"canonical\" href=\"https:\/\/www.ivanabeaumond.com.br\/vestidos-noiva\/setenta-anos-de-moda-os-vestido-de-moda-desde-1950\/\" \/>\n<meta property=\"og:locale\" content=\"pt_BR\" \/>\n<meta property=\"og:type\" content=\"article\" \/>\n<meta property=\"og:title\" content=\"Setenta Anos de Moda: Os vestido de Moda Desde 1950 - Vestido de Noiva RJ\" \/>\n<meta property=\"og:description\" content=\"Os vestidos de noiva sempre encantaram as mulheres ao redor...\" \/>\n<meta property=\"og:url\" content=\"https:\/\/www.ivanabeaumond.com.br\/vestidos-noiva\/setenta-anos-de-moda-os-vestido-de-moda-desde-1950\/\" \/>\n<meta property=\"og:site_name\" content=\"Vestido de Noiva RJ\" \/>\n<meta property=\"article:publisher\" content=\"https:\/\/www.facebook.com\/ivana.beaumondnoivas\" \/>\n<meta property=\"article:published_time\" content=\"2020-11-16T17:05:26+00:00\" \/>\n<meta property=\"article:modified_time\" content=\"2020-11-16T17:09:53+00:00\" \/>\n<meta property=\"og:image\" content=\"https:\/\/www.ivanabeaumond.com.br\/vestidos-noiva\/wp-content\/uploads\/2020\/11\/header.jpg\" \/>\n\t<meta property=\"og:image:width\" content=\"645\" \/>\n\t<meta property=\"og:image:height\" content=\"443\" \/>\n\t<meta property=\"og:image:type\" content=\"image\/jpeg\" \/>\n<meta name=\"author\" content=\"Ivana Beaumond Paris\" \/>\n<meta name=\"twitter:card\" content=\"summary_large_image\" \/>\n<meta name=\"twitter:label1\" content=\"Escrito por\" \/>\n\t<meta name=\"twitter:data1\" content=\"Ivana Beaumond Paris\" \/>\n\t<meta name=\"twitter:label2\" content=\"Est. tempo de leitura\" \/>\n\t<meta name=\"twitter:data2\" content=\"4 minutos\" \/>\n<script type=\"application\/ld+json\" class=\"yoast-schema-graph\">{\"@context\":\"https:\/\/schema.org\",\"@graph\":[{\"@type\":\"Article\",\"@id\":\"https:\/\/www.ivanabeaumond.com.br\/vestidos-noiva\/setenta-anos-de-moda-os-vestido-de-moda-desde-1950\/#article\",\"isPartOf\":{\"@id\":\"https:\/\/www.ivanabeaumond.com.br\/vestidos-noiva\/setenta-anos-de-moda-os-vestido-de-moda-desde-1950\/\"},\"author\":{\"name\":\"Ivana Beaumond Paris\",\"@id\":\"https:\/\/www.ivanabeaumond.com.br\/vestidos-noiva\/#\/schema\/person\/1a360c4cffa3b806d29a456389dcff26\"},\"headline\":\"Setenta Anos de Moda: Os vestido de Moda Desde 1950\",\"datePublished\":\"2020-11-16T17:05:26+00:00\",\"dateModified\":\"2020-11-16T17:09:53+00:00\",\"mainEntityOfPage\":{\"@id\":\"https:\/\/www.ivanabeaumond.com.br\/vestidos-noiva\/setenta-anos-de-moda-os-vestido-de-moda-desde-1950\/\"},\"wordCount\":807,\"publisher\":{\"@id\":\"https:\/\/www.ivanabeaumond.com.br\/vestidos-noiva\/#organization\"},\"keywords\":[\"alugar vestido de noiva rj\",\"ateli\u00ea de noivas\",\"atelier de noivas\",\"atelier de noivas rj\",\"Atelierdenoiva\",\"blog de noiva\",\"blog de noivas\",\"dicas de noiva\",\"dicas de vestido de noiva\",\"dicas ivana\",\"estilista de noiva\",\"estilista de noivas\",\"ivana beaumond\",\"ivana beaumond itanhang\u00e1\",\"ivana beaumond paris\",\"ivanabeaumond\",\"loja de noivas\",\"moda noiva\",\"modanoiva\",\"noiva\",\"noiva cl\u00e1ssica\",\"noiva e noivo\",\"noivas\",\"noivas rio de janeiro\",\"noivas rj\",\"noivas rom\u00e2nticas\",\"noivasivanabeaumond\",\"noivasriodejaneiro\",\"noivasrj\",\"noivinha\",\"sobmedidanoiva\",\"vestido de noiva\",\"vestido de noiva branco\",\"vestido de noiva rj\",\"VestidoDeNoivaRJ\",\"vestidos de noiva\",\"vestidos de noiva rj\"],\"articleSection\":[\"Blog\",\"Dicas e Truques\"],\"inLanguage\":\"pt-BR\"},{\"@type\":\"WebPage\",\"@id\":\"https:\/\/www.ivanabeaumond.com.br\/vestidos-noiva\/setenta-anos-de-moda-os-vestido-de-moda-desde-1950\/\",\"url\":\"https:\/\/www.ivanabeaumond.com.br\/vestidos-noiva\/setenta-anos-de-moda-os-vestido-de-moda-desde-1950\/\",\"name\":\"Setenta Anos de Moda: Os vestido de Moda Desde 1950 - Vestido de Noiva RJ\",\"isPartOf\":{\"@id\":\"https:\/\/www.ivanabeaumond.com.br\/vestidos-noiva\/#website\"},\"datePublished\":\"2020-11-16T17:05:26+00:00\",\"dateModified\":\"2020-11-16T17:09:53+00:00\",\"breadcrumb\":{\"@id\":\"https:\/\/www.ivanabeaumond.com.br\/vestidos-noiva\/setenta-anos-de-moda-os-vestido-de-moda-desde-1950\/#breadcrumb\"},\"inLanguage\":\"pt-BR\",\"potentialAction\":[{\"@type\":\"ReadAction\",\"target\":[\"https:\/\/www.ivanabeaumond.com.br\/vestidos-noiva\/setenta-anos-de-moda-os-vestido-de-moda-desde-1950\/\"]}]},{\"@type\":\"BreadcrumbList\",\"@id\":\"https:\/\/www.ivanabeaumond.com.br\/vestidos-noiva\/setenta-anos-de-moda-os-vestido-de-moda-desde-1950\/#breadcrumb\",\"itemListElement\":[{\"@type\":\"ListItem\",\"position\":1,\"name\":\"In\u00edcio\",\"item\":\"https:\/\/www.ivanabeaumond.com.br\/vestidos-noiva\/\"},{\"@type\":\"ListItem\",\"position\":2,\"name\":\"Setenta Anos de Moda: Os vestido de Moda Desde 1950\"}]},{\"@type\":\"WebSite\",\"@id\":\"https:\/\/www.ivanabeaumond.com.br\/vestidos-noiva\/#website\",\"url\":\"https:\/\/www.ivanabeaumond.com.br\/vestidos-noiva\/\",\"name\":\"Vestido de Noiva RJ\",\"description\":\"Moda Noiva\",\"publisher\":{\"@id\":\"https:\/\/www.ivanabeaumond.com.br\/vestidos-noiva\/#organization\"},\"potentialAction\":[{\"@type\":\"SearchAction\",\"target\":{\"@type\":\"EntryPoint\",\"urlTemplate\":\"https:\/\/www.ivanabeaumond.com.br\/vestidos-noiva\/?s={search_term_string}\"},\"query-input\":\"required name=search_term_string\"}],\"inLanguage\":\"pt-BR\"},{\"@type\":\"Organization\",\"@id\":\"https:\/\/www.ivanabeaumond.com.br\/vestidos-noiva\/#organization\",\"name\":\"Vestido de Noiva RJ\",\"url\":\"https:\/\/www.ivanabeaumond.com.br\/vestidos-noiva\/\",\"logo\":{\"@type\":\"ImageObject\",\"inLanguage\":\"pt-BR\",\"@id\":\"https:\/\/www.ivanabeaumond.com.br\/vestidos-noiva\/#\/schema\/logo\/image\/\",\"url\":\"https:\/\/www.ivanabeaumond.com.br\/vestidos-noiva\/wp-content\/uploads\/2018\/02\/logo_ivana_beaumond-2.png\",\"contentUrl\":\"https:\/\/www.ivanabeaumond.com.br\/vestidos-noiva\/wp-content\/uploads\/2018\/02\/logo_ivana_beaumond-2.png\",\"width\":230,\"height\":112,\"caption\":\"Vestido de Noiva RJ\"},\"image\":{\"@id\":\"https:\/\/www.ivanabeaumond.com.br\/vestidos-noiva\/#\/schema\/logo\/image\/\"},\"sameAs\":[\"https:\/\/www.facebook.com\/ivana.beaumondnoivas\",\"https:\/\/www.instagram.com\/ivanabeaumond\/\",\"https:\/\/www.tiktok.com\/@ivanabeaumond\"]},{\"@type\":\"Person\",\"@id\":\"https:\/\/www.ivanabeaumond.com.br\/vestidos-noiva\/#\/schema\/person\/1a360c4cffa3b806d29a456389dcff26\",\"name\":\"Ivana Beaumond Paris\",\"image\":{\"@type\":\"ImageObject\",\"inLanguage\":\"pt-BR\",\"@id\":\"https:\/\/www.ivanabeaumond.com.br\/vestidos-noiva\/#\/schema\/person\/image\/\",\"url\":\"https:\/\/secure.gravatar.com\/avatar\/641f98db20b53ec937ceb641db4270b9?s=96&d=mm&r=g\",\"contentUrl\":\"https:\/\/secure.gravatar.com\/avatar\/641f98db20b53ec937ceb641db4270b9?s=96&d=mm&r=g\",\"caption\":\"Ivana Beaumond Paris\"},\"url\":\"https:\/\/www.ivanabeaumond.com.br\/vestidos-noiva\/author\/ivana\/\"}]}<\/script>\n<!-- \/ Yoast SEO plugin. -->","yoast_head_json":{"title":"Setenta Anos de Moda: Os vestido de Moda Desde 1950 - Vestido de Noiva RJ","robots":{"index":"index","follow":"follow","max-snippet":"max-snippet:-1","max-image-preview":"max-image-preview:large","max-video-preview":"max-video-preview:-1"},"canonical":"https:\/\/www.ivanabeaumond.com.br\/vestidos-noiva\/setenta-anos-de-moda-os-vestido-de-moda-desde-1950\/","og_locale":"pt_BR","og_type":"article","og_title":"Setenta Anos de Moda: Os vestido de Moda Desde 1950 - Vestido de Noiva RJ","og_description":"Os vestidos de noiva sempre encantaram as mulheres ao redor...","og_url":"https:\/\/www.ivanabeaumond.com.br\/vestidos-noiva\/setenta-anos-de-moda-os-vestido-de-moda-desde-1950\/","og_site_name":"Vestido de Noiva RJ","article_publisher":"https:\/\/www.facebook.com\/ivana.beaumondnoivas","article_published_time":"2020-11-16T17:05:26+00:00","article_modified_time":"2020-11-16T17:09:53+00:00","og_image":[{"width":645,"height":443,"url":"https:\/\/www.ivanabeaumond.com.br\/vestidos-noiva\/wp-content\/uploads\/2020\/11\/header.jpg","type":"image\/jpeg"}],"author":"Ivana Beaumond Paris","twitter_card":"summary_large_image","twitter_misc":{"Escrito por":"Ivana Beaumond Paris","Est. tempo de leitura":"4 minutos"},"schema":{"@context":"https:\/\/schema.org","@graph":[{"@type":"Article","@id":"https:\/\/www.ivanabeaumond.com.br\/vestidos-noiva\/setenta-anos-de-moda-os-vestido-de-moda-desde-1950\/#article","isPartOf":{"@id":"https:\/\/www.ivanabeaumond.com.br\/vestidos-noiva\/setenta-anos-de-moda-os-vestido-de-moda-desde-1950\/"},"author":{"name":"Ivana Beaumond Paris","@id":"https:\/\/www.ivanabeaumond.com.br\/vestidos-noiva\/#\/schema\/person\/1a360c4cffa3b806d29a456389dcff26"},"headline":"Setenta Anos de Moda: Os vestido de Moda Desde 1950","datePublished":"2020-11-16T17:05:26+00:00","dateModified":"2020-11-16T17:09:53+00:00","mainEntityOfPage":{"@id":"https:\/\/www.ivanabeaumond.com.br\/vestidos-noiva\/setenta-anos-de-moda-os-vestido-de-moda-desde-1950\/"},"wordCount":807,"publisher":{"@id":"https:\/\/www.ivanabeaumond.com.br\/vestidos-noiva\/#organization"},"keywords":["alugar vestido de noiva rj","ateli\u00ea de noivas","atelier de noivas","atelier de noivas rj","Atelierdenoiva","blog de noiva","blog de noivas","dicas de noiva","dicas de vestido de noiva","dicas ivana","estilista de noiva","estilista de noivas","ivana beaumond","ivana beaumond itanhang\u00e1","ivana beaumond paris","ivanabeaumond","loja de noivas","moda noiva","modanoiva","noiva","noiva cl\u00e1ssica","noiva e noivo","noivas","noivas rio de janeiro","noivas rj","noivas rom\u00e2nticas","noivasivanabeaumond","noivasriodejaneiro","noivasrj","noivinha","sobmedidanoiva","vestido de noiva","vestido de noiva branco","vestido de noiva rj","VestidoDeNoivaRJ","vestidos de noiva","vestidos de noiva rj"],"articleSection":["Blog","Dicas e Truques"],"inLanguage":"pt-BR"},{"@type":"WebPage","@id":"https:\/\/www.ivanabeaumond.com.br\/vestidos-noiva\/setenta-anos-de-moda-os-vestido-de-moda-desde-1950\/","url":"https:\/\/www.ivanabeaumond.com.br\/vestidos-noiva\/setenta-anos-de-moda-os-vestido-de-moda-desde-1950\/","name":"Setenta Anos de Moda: Os vestido de Moda Desde 1950 - Vestido de Noiva RJ","isPartOf":{"@id":"https:\/\/www.ivanabeaumond.com.br\/vestidos-noiva\/#website"},"datePublished":"2020-11-16T17:05:26+00:00","dateModified":"2020-11-16T17:09:53+00:00","breadcrumb":{"@id":"https:\/\/www.ivanabeaumond.com.br\/vestidos-noiva\/setenta-anos-de-moda-os-vestido-de-moda-desde-1950\/#breadcrumb"},"inLanguage":"pt-BR","potentialAction":[{"@type":"ReadAction","target":["https:\/\/www.ivanabeaumond.com.br\/vestidos-noiva\/setenta-anos-de-moda-os-vestido-de-moda-desde-1950\/"]}]},{"@type":"BreadcrumbList","@id":"https:\/\/www.ivanabeaumond.com.br\/vestidos-noiva\/setenta-anos-de-moda-os-vestido-de-moda-desde-1950\/#breadcrumb","itemListElement":[{"@type":"ListItem","position":1,"name":"In\u00edcio","item":"https:\/\/www.ivanabeaumond.com.br\/vestidos-noiva\/"},{"@type":"ListItem","position":2,"name":"Setenta Anos de Moda: Os vestido de Moda Desde 1950"}]},{"@type":"WebSite","@id":"https:\/\/www.ivanabeaumond.com.br\/vestidos-noiva\/#website","url":"https:\/\/www.ivanabeaumond.com.br\/vestidos-noiva\/","name":"Vestido de Noiva RJ","description":"Moda Noiva","publisher":{"@id":"https:\/\/www.ivanabeaumond.com.br\/vestidos-noiva\/#organization"},"potentialAction":[{"@type":"SearchAction","target":{"@type":"EntryPoint","urlTemplate":"https:\/\/www.ivanabeaumond.com.br\/vestidos-noiva\/?s={search_term_string}"},"query-input":"required name=search_term_string"}],"inLanguage":"pt-BR"},{"@type":"Organization","@id":"https:\/\/www.ivanabeaumond.com.br\/vestidos-noiva\/#organization","name":"Vestido de Noiva RJ","url":"https:\/\/www.ivanabeaumond.com.br\/vestidos-noiva\/","logo":{"@type":"ImageObject","inLanguage":"pt-BR","@id":"https:\/\/www.ivanabeaumond.com.br\/vestidos-noiva\/#\/schema\/logo\/image\/","url":"https:\/\/www.ivanabeaumond.com.br\/vestidos-noiva\/wp-content\/uploads\/2018\/02\/logo_ivana_beaumond-2.png","contentUrl":"https:\/\/www.ivanabeaumond.com.br\/vestidos-noiva\/wp-content\/uploads\/2018\/02\/logo_ivana_beaumond-2.png","width":230,"height":112,"caption":"Vestido de Noiva RJ"},"image":{"@id":"https:\/\/www.ivanabeaumond.com.br\/vestidos-noiva\/#\/schema\/logo\/image\/"},"sameAs":["https:\/\/www.facebook.com\/ivana.beaumondnoivas","https:\/\/www.instagram.com\/ivanabeaumond\/","https:\/\/www.tiktok.com\/@ivanabeaumond"]},{"@type":"Person","@id":"https:\/\/www.ivanabeaumond.com.br\/vestidos-noiva\/#\/schema\/person\/1a360c4cffa3b806d29a456389dcff26","name":"Ivana Beaumond Paris","image":{"@type":"ImageObject","inLanguage":"pt-BR","@id":"https:\/\/www.ivanabeaumond.com.br\/vestidos-noiva\/#\/schema\/person\/image\/","url":"https:\/\/secure.gravatar.com\/avatar\/641f98db20b53ec937ceb641db4270b9?s=96&d=mm&r=g","contentUrl":"https:\/\/secure.gravatar.com\/avatar\/641f98db20b53ec937ceb641db4270b9?s=96&d=mm&r=g","caption":"Ivana Beaumond Paris"},"url":"https:\/\/www.ivanabeaumond.com.br\/vestidos-noiva\/author\/ivana\/"}]}},"_links":{"self":[{"href":"https:\/\/www.ivanabeaumond.com.br\/vestidos-noiva\/wp-json\/wp\/v2\/posts\/26808"}],"collection":[{"href":"https:\/\/www.ivanabeaumond.com.br\/vestidos-noiva\/wp-json\/wp\/v2\/posts"}],"about":[{"href":"https:\/\/www.ivanabeaumond.com.br\/vestidos-noiva\/wp-json\/wp\/v2\/types\/post"}],"author":[{"embeddable":true,"href":"https:\/\/www.ivanabeaumond.com.br\/vestidos-noiva\/wp-json\/wp\/v2\/users\/4"}],"replies":[{"embeddable":true,"href":"https:\/\/www.ivanabeaumond.com.br\/vestidos-noiva\/wp-json\/wp\/v2\/comments?post=26808"}],"version-history":[{"count":1,"href":"https:\/\/www.ivanabeaumond.com.br\/vestidos-noiva\/wp-json\/wp\/v2\/posts\/26808\/revisions"}],"predecessor-version":[{"id":26819,"href":"https:\/\/www.ivanabeaumond.com.br\/vestidos-noiva\/wp-json\/wp\/v2\/posts\/26808\/revisions\/26819"}],"wp:featuredmedia":[{"embeddable":true,"href":"https:\/\/www.ivanabeaumond.com.br\/vestidos-noiva\/wp-json\/wp\/v2\/media\/26860"}],"wp:attachment":[{"href":"https:\/\/www.ivanabeaumond.com.br\/vestidos-noiva\/wp-json\/wp\/v2\/media?parent=26808"}],"wp:term":[{"taxonomy":"category","embeddable":true,"href":"https:\/\/www.ivanabeaumond.com.br\/vestidos-noiva\/wp-json\/wp\/v2\/categories?post=26808"},{"taxonomy":"post_tag","embeddable":true,"href":"https:\/\/www.ivanabeaumond.com.br\/vestidos-noiva\/wp-json\/wp\/v2\/tags?post=26808"}],"curies":[{"name":"wp","href":"https:\/\/api.w.org\/{rel}","templated":true}]}}