{"id":26896,"date":"2020-11-27T14:18:34","date_gmt":"2020-11-27T17:18:34","guid":{"rendered":"https:\/\/www.ivanabeaumond.com.br\/vestidos-noiva\/?p=26896"},"modified":"2020-11-27T14:18:36","modified_gmt":"2020-11-27T17:18:36","slug":"tudo-o-que-voce-precisa-saber-sobre-a-libation-ceremony","status":"publish","type":"post","link":"https:\/\/www.ivanabeaumond.com.br\/vestidos-noiva\/tudo-o-que-voce-precisa-saber-sobre-a-libation-ceremony\/","title":{"rendered":"Tudo o Que Voc\u00ea Precisa Saber Sobre a Libation Ceremony"},"content":{"rendered":"\n<div style=\"height:20px\" aria-hidden=\"true\" class=\"wp-block-spacer\"><\/div>\n\n\n\n<div class=\"wp-block-image\"><figure class=\"aligncenter size-medium is-resized\"><img decoding=\"async\" loading=\"lazy\" src=\"https:\/\/www.ivanabeaumond.com.br\/vestidos-noiva\/wp-content\/uploads\/2020\/11\/1-1-300x199.jpg\" alt=\"\" class=\"wp-image-26897\" width=\"534\" height=\"353\"\/><\/figure><\/div>\n\n\n\n<div style=\"height:20px\" aria-hidden=\"true\" class=\"wp-block-spacer\"><\/div>\n\n\n\n<h4 class=\"has-text-align-center wp-block-heading\"><span style=\"color:#6b6c6d\" class=\"has-inline-color\">Muitos casais reservam um tempo em seu matrim\u00f4nio para reconhecer e homenagear aqueles que j\u00e1 faleceram e uma maneira que alguns povos encontraram para fazer isso foi atrav\u00e9s da Libation Ceremony &#8211; ou uma Cerim\u00f4nia de Liberta\u00e7\u00e3o, em portugu\u00eas.<\/span><\/h4>\n\n\n\n<div style=\"height:20px\" aria-hidden=\"true\" class=\"wp-block-spacer\"><\/div>\n\n\n\n<h4 class=\"has-text-align-center wp-block-heading\"><span style=\"color:#6b6c6d\" class=\"has-inline-color\">Com origem africana, este ritual remonta aos tempos antigos e desempenha um grande papel nas sociedades provenientes desta regi\u00e3o, especialmente nas culturas Iorub\u00e1 e Igbo.<\/span><\/h4>\n\n\n\n<div style=\"height:20px\" aria-hidden=\"true\" class=\"wp-block-spacer\"><\/div>\n\n\n\n<h4 class=\"has-text-align-center wp-block-heading\"><span style=\"color:#6b6c6d\" class=\"has-inline-color\">Nelas, especificamente, este momento era tido como um chamado para que os deuses e ancestrais participassem dos eventos que envolvem o casamento e, assim, aben\u00e7oassem os pombinhos. No entanto, na modernidade, estas cerim\u00f4nias passaram a assumir diferentes formas e, ao inv\u00e9s de cultuar divindades e pedir por uma interven\u00e7\u00e3o, este instante se transformou em uma verdadeira rever\u00eancia aos que j\u00e1 fizeram parte daquele ciclo familiar.<\/span><\/h4>\n\n\n\n<div style=\"height:20px\" aria-hidden=\"true\" class=\"wp-block-spacer\"><\/div>\n\n\n\n<h4 class=\"has-text-align-center wp-block-heading\"><span style=\"color:#6b6c6d\" class=\"has-inline-color\">Assim, a tradi\u00e7\u00e3o passou a conter uma ora\u00e7\u00e3o ou discurso feito para celebrar o amor e o legado que a pessoa falecida deixou para os que ficaram, como uma av\u00f3, um pai, m\u00e3e ou at\u00e9 mesmo uma pessoa especial para os noivos e para os que est\u00e3o presentes.<\/span><\/h4>\n\n\n\n<div style=\"height:20px\" aria-hidden=\"true\" class=\"wp-block-spacer\"><\/div>\n\n\n\n<div class=\"wp-block-image\"><figure class=\"aligncenter size-large is-resized\"><img decoding=\"async\" loading=\"lazy\" src=\"https:\/\/www.ivanabeaumond.com.br\/vestidos-noiva\/wp-content\/uploads\/2020\/11\/2.png\" alt=\"\" class=\"wp-image-26898\" width=\"558\" height=\"486\" srcset=\"https:\/\/www.ivanabeaumond.com.br\/vestidos-noiva\/wp-content\/uploads\/2020\/11\/2.png 584w, https:\/\/www.ivanabeaumond.com.br\/vestidos-noiva\/wp-content\/uploads\/2020\/11\/2-300x261.png 300w\" sizes=\"(max-width: 558px) 100vw, 558px\" \/><\/figure><\/div>\n\n\n\n<div style=\"height:20px\" aria-hidden=\"true\" class=\"wp-block-spacer\"><\/div>\n\n\n\n<h4 class=\"has-text-align-center wp-block-heading\"><span style=\"color:#6b6c6d\" class=\"has-inline-color\">A partir da\u00ed, no in\u00edcio da cerim\u00f4nia de casamento, \u00e9 feita uma pausa para que a Libation Ceremony ocorra e, uma vez iniciada, s\u00e3o escolhidos l\u00edquidos diferentes para serem derramados na terra (se for ao ar livre) ou em uma planta viva que esteja no (ou seja levada para o) ambiente.<\/span><\/h4>\n\n\n\n<div style=\"height:20px\" aria-hidden=\"true\" class=\"wp-block-spacer\"><\/div>\n\n\n\n<h4 class=\"has-text-align-center wp-block-heading\"><span style=\"color:#6b6c6d\" class=\"has-inline-color\">Em geral, \u00e9 comum que o casal opte por \u00e1gua, para simbolizar a pureza e santidade; licor, para proteger sua caminhada e vida juntos; ou vinho, para trazer companheirismo e amizade. Tudo sempre vibrando em muitas sensa\u00e7\u00f5es positivas e desejando bons momentos para a nova fam\u00edlia que se inicia.<\/span><\/h4>\n\n\n\n<div style=\"height:20px\" aria-hidden=\"true\" class=\"wp-block-spacer\"><\/div>\n\n\n\n<h4 class=\"has-text-align-center wp-block-heading\"><span style=\"color:#6b6c6d\" class=\"has-inline-color\">Dessa maneira, \u00e9 poss\u00edvel n\u00e3o apenas celebrar o evento, como fazer uma alus\u00e3o \u00e0 cultura africana (algo extremamente representativo para muitos noivos) e ainda marcar o momento para realizar uma pequena rever\u00eancia a quem deveria estar no evento, mas n\u00e3o teve a oportunidade e agora se encontra em um lugar melhor.<\/span><\/h4>\n\n\n\n<div style=\"height:20px\" aria-hidden=\"true\" class=\"wp-block-spacer\"><\/div>\n\n\n\n<div class=\"wp-block-image\"><figure class=\"aligncenter size-medium is-resized\"><img decoding=\"async\" loading=\"lazy\" src=\"https:\/\/www.ivanabeaumond.com.br\/vestidos-noiva\/wp-content\/uploads\/2020\/11\/3-1-300x200.jpg\" alt=\"\" class=\"wp-image-26899\" width=\"531\" height=\"354\" srcset=\"https:\/\/www.ivanabeaumond.com.br\/vestidos-noiva\/wp-content\/uploads\/2020\/11\/3-1-300x200.jpg 300w, https:\/\/www.ivanabeaumond.com.br\/vestidos-noiva\/wp-content\/uploads\/2020\/11\/3-1-1024x684.jpg 1024w, https:\/\/www.ivanabeaumond.com.br\/vestidos-noiva\/wp-content\/uploads\/2020\/11\/3-1-768x513.jpg 768w, https:\/\/www.ivanabeaumond.com.br\/vestidos-noiva\/wp-content\/uploads\/2020\/11\/3-1-1536x1025.jpg 1536w, https:\/\/www.ivanabeaumond.com.br\/vestidos-noiva\/wp-content\/uploads\/2020\/11\/3-1-480x320.jpg 480w, https:\/\/www.ivanabeaumond.com.br\/vestidos-noiva\/wp-content\/uploads\/2020\/11\/3-1.jpg 2000w\" sizes=\"(max-width: 531px) 100vw, 531px\" \/><\/figure><\/div>\n\n\n\n<div style=\"height:20px\" aria-hidden=\"true\" class=\"wp-block-spacer\"><\/div>\n\n\n\n<h4 class=\"has-text-align-center wp-block-heading\"><span style=\"color:#6b6c6d\" class=\"has-inline-color\">E voc\u00ea, j\u00e1 pensou em homenagear um ente querido em seu casamento? Se sim, fez isso de que maneira? Nos conte <a href=\"https:\/\/www.instagram.com\/ivanabeaumond\/\" target=\"_blank\" rel=\"noreferrer noopener\">nas redes sociais da Ivana Beaumond <\/a>e, claro, n\u00e3o perca a chance de pensar na sua pr\u00f3pria forma de lembrar de quem ama em um dia t\u00e3o especial.<\/span><\/h4>\n\n\n\n<div style=\"height:20px\" aria-hidden=\"true\" class=\"wp-block-spacer\"><\/div>\n\n\n\n<h4 class=\"has-text-align-center wp-block-heading\"><span style=\"color:#6b6c6d\" class=\"has-inline-color\">Estamos curiosos para saber qu\u00e3o criativa voc\u00ea foi nesse momento e temos certeza que seu coment\u00e1rio pode inspirar muitas noivinhas a realizarem este gesto.<\/span><\/h4>\n\n\n\n<p><\/p>\n","protected":false},"excerpt":{"rendered":"<p>Muitos casais reservam um tempo em seu matrim\u00f4nio para reconhecer&#8230;<\/p>\n","protected":false},"author":4,"featured_media":26897,"comment_status":"closed","ping_status":"closed","sticky":false,"template":"","format":"standard","meta":[],"categories":[60,127],"tags":[1085,1121,660,1019,215,512,559,842,1118,132,671,638,286,959,278,107,903,455,155,98,296,157,164,858,857,885,108,212,213,258,199,115,762,690,200,754,813],"yoast_head":"<!-- This site is optimized with the Yoast SEO plugin v20.3 - https:\/\/yoast.com\/wordpress\/plugins\/seo\/ -->\n<title>Tudo o Que Voc\u00ea Precisa Saber Sobre a Libation Ceremony - Vestido de Noiva RJ<\/title>\n<meta name=\"robots\" content=\"index, follow, max-snippet:-1, max-image-preview:large, max-video-preview:-1\" \/>\n<link rel=\"canonical\" href=\"https:\/\/www.ivanabeaumond.com.br\/vestidos-noiva\/tudo-o-que-voce-precisa-saber-sobre-a-libation-ceremony\/\" \/>\n<meta property=\"og:locale\" content=\"pt_BR\" \/>\n<meta property=\"og:type\" content=\"article\" \/>\n<meta property=\"og:title\" content=\"Tudo o Que Voc\u00ea Precisa Saber Sobre a Libation Ceremony - Vestido de Noiva RJ\" \/>\n<meta property=\"og:description\" content=\"Muitos casais reservam um tempo em seu matrim\u00f4nio para reconhecer...\" \/>\n<meta property=\"og:url\" content=\"https:\/\/www.ivanabeaumond.com.br\/vestidos-noiva\/tudo-o-que-voce-precisa-saber-sobre-a-libation-ceremony\/\" \/>\n<meta property=\"og:site_name\" content=\"Vestido de Noiva RJ\" \/>\n<meta property=\"article:publisher\" content=\"https:\/\/www.facebook.com\/ivana.beaumondnoivas\" \/>\n<meta property=\"article:published_time\" content=\"2020-11-27T17:18:34+00:00\" \/>\n<meta property=\"article:modified_time\" content=\"2020-11-27T17:18:36+00:00\" \/>\n<meta property=\"og:image\" content=\"https:\/\/www.ivanabeaumond.com.br\/vestidos-noiva\/wp-content\/uploads\/2020\/11\/1-1.jpg\" \/>\n\t<meta property=\"og:image:width\" content=\"1301\" \/>\n\t<meta property=\"og:image:height\" content=\"865\" \/>\n\t<meta property=\"og:image:type\" content=\"image\/jpeg\" \/>\n<meta name=\"author\" content=\"Ivana Beaumond Paris\" \/>\n<meta name=\"twitter:card\" content=\"summary_large_image\" \/>\n<meta name=\"twitter:label1\" content=\"Escrito por\" \/>\n\t<meta name=\"twitter:data1\" content=\"Ivana Beaumond Paris\" \/>\n\t<meta name=\"twitter:label2\" content=\"Est. tempo de leitura\" \/>\n\t<meta name=\"twitter:data2\" content=\"2 minutos\" \/>\n<script type=\"application\/ld+json\" class=\"yoast-schema-graph\">{\"@context\":\"https:\/\/schema.org\",\"@graph\":[{\"@type\":\"Article\",\"@id\":\"https:\/\/www.ivanabeaumond.com.br\/vestidos-noiva\/tudo-o-que-voce-precisa-saber-sobre-a-libation-ceremony\/#article\",\"isPartOf\":{\"@id\":\"https:\/\/www.ivanabeaumond.com.br\/vestidos-noiva\/tudo-o-que-voce-precisa-saber-sobre-a-libation-ceremony\/\"},\"author\":{\"name\":\"Ivana Beaumond Paris\",\"@id\":\"https:\/\/www.ivanabeaumond.com.br\/vestidos-noiva\/#\/schema\/person\/1a360c4cffa3b806d29a456389dcff26\"},\"headline\":\"Tudo o Que Voc\u00ea Precisa Saber Sobre a Libation Ceremony\",\"datePublished\":\"2020-11-27T17:18:34+00:00\",\"dateModified\":\"2020-11-27T17:18:36+00:00\",\"mainEntityOfPage\":{\"@id\":\"https:\/\/www.ivanabeaumond.com.br\/vestidos-noiva\/tudo-o-que-voce-precisa-saber-sobre-a-libation-ceremony\/\"},\"wordCount\":438,\"publisher\":{\"@id\":\"https:\/\/www.ivanabeaumond.com.br\/vestidos-noiva\/#organization\"},\"keywords\":[\"alugar vestido de noiva rj\",\"ateli\u00ea de noivas\",\"atelier de noivas\",\"atelier de noivas rj\",\"Atelierdenoiva\",\"blog de noiva\",\"blog de noivas\",\"dicas de noiva\",\"dicas de vestido de noiva\",\"dicas ivana\",\"estilista de noiva\",\"estilista de noivas\",\"ivana beaumond\",\"ivana beaumond itanhang\u00e1\",\"ivana beaumond paris\",\"ivanabeaumond\",\"loja de noivas\",\"moda noiva\",\"modanoiva\",\"noiva\",\"noiva cl\u00e1ssica\",\"noiva e noivo\",\"noivas\",\"noivas rio de janeiro\",\"noivas rj\",\"noivas rom\u00e2nticas\",\"noivasivanabeaumond\",\"noivasriodejaneiro\",\"noivasrj\",\"noivinha\",\"sobmedidanoiva\",\"vestido de noiva\",\"vestido de noiva branco\",\"vestido de noiva rj\",\"VestidoDeNoivaRJ\",\"vestidos de noiva\",\"vestidos de noiva rj\"],\"articleSection\":[\"Blog\",\"Dicas e Truques\"],\"inLanguage\":\"pt-BR\"},{\"@type\":\"WebPage\",\"@id\":\"https:\/\/www.ivanabeaumond.com.br\/vestidos-noiva\/tudo-o-que-voce-precisa-saber-sobre-a-libation-ceremony\/\",\"url\":\"https:\/\/www.ivanabeaumond.com.br\/vestidos-noiva\/tudo-o-que-voce-precisa-saber-sobre-a-libation-ceremony\/\",\"name\":\"Tudo o Que Voc\u00ea Precisa Saber Sobre a Libation Ceremony - Vestido de Noiva RJ\",\"isPartOf\":{\"@id\":\"https:\/\/www.ivanabeaumond.com.br\/vestidos-noiva\/#website\"},\"datePublished\":\"2020-11-27T17:18:34+00:00\",\"dateModified\":\"2020-11-27T17:18:36+00:00\",\"breadcrumb\":{\"@id\":\"https:\/\/www.ivanabeaumond.com.br\/vestidos-noiva\/tudo-o-que-voce-precisa-saber-sobre-a-libation-ceremony\/#breadcrumb\"},\"inLanguage\":\"pt-BR\",\"potentialAction\":[{\"@type\":\"ReadAction\",\"target\":[\"https:\/\/www.ivanabeaumond.com.br\/vestidos-noiva\/tudo-o-que-voce-precisa-saber-sobre-a-libation-ceremony\/\"]}]},{\"@type\":\"BreadcrumbList\",\"@id\":\"https:\/\/www.ivanabeaumond.com.br\/vestidos-noiva\/tudo-o-que-voce-precisa-saber-sobre-a-libation-ceremony\/#breadcrumb\",\"itemListElement\":[{\"@type\":\"ListItem\",\"position\":1,\"name\":\"In\u00edcio\",\"item\":\"https:\/\/www.ivanabeaumond.com.br\/vestidos-noiva\/\"},{\"@type\":\"ListItem\",\"position\":2,\"name\":\"Tudo o Que Voc\u00ea Precisa Saber Sobre a Libation Ceremony\"}]},{\"@type\":\"WebSite\",\"@id\":\"https:\/\/www.ivanabeaumond.com.br\/vestidos-noiva\/#website\",\"url\":\"https:\/\/www.ivanabeaumond.com.br\/vestidos-noiva\/\",\"name\":\"Vestido de Noiva RJ\",\"description\":\"Moda Noiva\",\"publisher\":{\"@id\":\"https:\/\/www.ivanabeaumond.com.br\/vestidos-noiva\/#organization\"},\"potentialAction\":[{\"@type\":\"SearchAction\",\"target\":{\"@type\":\"EntryPoint\",\"urlTemplate\":\"https:\/\/www.ivanabeaumond.com.br\/vestidos-noiva\/?s={search_term_string}\"},\"query-input\":\"required name=search_term_string\"}],\"inLanguage\":\"pt-BR\"},{\"@type\":\"Organization\",\"@id\":\"https:\/\/www.ivanabeaumond.com.br\/vestidos-noiva\/#organization\",\"name\":\"Vestido de Noiva RJ\",\"url\":\"https:\/\/www.ivanabeaumond.com.br\/vestidos-noiva\/\",\"logo\":{\"@type\":\"ImageObject\",\"inLanguage\":\"pt-BR\",\"@id\":\"https:\/\/www.ivanabeaumond.com.br\/vestidos-noiva\/#\/schema\/logo\/image\/\",\"url\":\"https:\/\/www.ivanabeaumond.com.br\/vestidos-noiva\/wp-content\/uploads\/2018\/02\/logo_ivana_beaumond-2.png\",\"contentUrl\":\"https:\/\/www.ivanabeaumond.com.br\/vestidos-noiva\/wp-content\/uploads\/2018\/02\/logo_ivana_beaumond-2.png\",\"width\":230,\"height\":112,\"caption\":\"Vestido de Noiva RJ\"},\"image\":{\"@id\":\"https:\/\/www.ivanabeaumond.com.br\/vestidos-noiva\/#\/schema\/logo\/image\/\"},\"sameAs\":[\"https:\/\/www.facebook.com\/ivana.beaumondnoivas\",\"https:\/\/www.instagram.com\/ivanabeaumond\/\",\"https:\/\/www.tiktok.com\/@ivanabeaumond\"]},{\"@type\":\"Person\",\"@id\":\"https:\/\/www.ivanabeaumond.com.br\/vestidos-noiva\/#\/schema\/person\/1a360c4cffa3b806d29a456389dcff26\",\"name\":\"Ivana Beaumond Paris\",\"image\":{\"@type\":\"ImageObject\",\"inLanguage\":\"pt-BR\",\"@id\":\"https:\/\/www.ivanabeaumond.com.br\/vestidos-noiva\/#\/schema\/person\/image\/\",\"url\":\"https:\/\/secure.gravatar.com\/avatar\/641f98db20b53ec937ceb641db4270b9?s=96&d=mm&r=g\",\"contentUrl\":\"https:\/\/secure.gravatar.com\/avatar\/641f98db20b53ec937ceb641db4270b9?s=96&d=mm&r=g\",\"caption\":\"Ivana Beaumond Paris\"},\"url\":\"https:\/\/www.ivanabeaumond.com.br\/vestidos-noiva\/author\/ivana\/\"}]}<\/script>\n<!-- \/ Yoast SEO plugin. -->","yoast_head_json":{"title":"Tudo o Que Voc\u00ea Precisa Saber Sobre a Libation Ceremony - Vestido de Noiva RJ","robots":{"index":"index","follow":"follow","max-snippet":"max-snippet:-1","max-image-preview":"max-image-preview:large","max-video-preview":"max-video-preview:-1"},"canonical":"https:\/\/www.ivanabeaumond.com.br\/vestidos-noiva\/tudo-o-que-voce-precisa-saber-sobre-a-libation-ceremony\/","og_locale":"pt_BR","og_type":"article","og_title":"Tudo o Que Voc\u00ea Precisa Saber Sobre a Libation Ceremony - Vestido de Noiva RJ","og_description":"Muitos casais reservam um tempo em seu matrim\u00f4nio para reconhecer...","og_url":"https:\/\/www.ivanabeaumond.com.br\/vestidos-noiva\/tudo-o-que-voce-precisa-saber-sobre-a-libation-ceremony\/","og_site_name":"Vestido de Noiva RJ","article_publisher":"https:\/\/www.facebook.com\/ivana.beaumondnoivas","article_published_time":"2020-11-27T17:18:34+00:00","article_modified_time":"2020-11-27T17:18:36+00:00","og_image":[{"width":1301,"height":865,"url":"https:\/\/www.ivanabeaumond.com.br\/vestidos-noiva\/wp-content\/uploads\/2020\/11\/1-1.jpg","type":"image\/jpeg"}],"author":"Ivana Beaumond Paris","twitter_card":"summary_large_image","twitter_misc":{"Escrito por":"Ivana Beaumond Paris","Est. tempo de leitura":"2 minutos"},"schema":{"@context":"https:\/\/schema.org","@graph":[{"@type":"Article","@id":"https:\/\/www.ivanabeaumond.com.br\/vestidos-noiva\/tudo-o-que-voce-precisa-saber-sobre-a-libation-ceremony\/#article","isPartOf":{"@id":"https:\/\/www.ivanabeaumond.com.br\/vestidos-noiva\/tudo-o-que-voce-precisa-saber-sobre-a-libation-ceremony\/"},"author":{"name":"Ivana Beaumond Paris","@id":"https:\/\/www.ivanabeaumond.com.br\/vestidos-noiva\/#\/schema\/person\/1a360c4cffa3b806d29a456389dcff26"},"headline":"Tudo o Que Voc\u00ea Precisa Saber Sobre a Libation Ceremony","datePublished":"2020-11-27T17:18:34+00:00","dateModified":"2020-11-27T17:18:36+00:00","mainEntityOfPage":{"@id":"https:\/\/www.ivanabeaumond.com.br\/vestidos-noiva\/tudo-o-que-voce-precisa-saber-sobre-a-libation-ceremony\/"},"wordCount":438,"publisher":{"@id":"https:\/\/www.ivanabeaumond.com.br\/vestidos-noiva\/#organization"},"keywords":["alugar vestido de noiva rj","ateli\u00ea de noivas","atelier de noivas","atelier de noivas rj","Atelierdenoiva","blog de noiva","blog de noivas","dicas de noiva","dicas de vestido de noiva","dicas ivana","estilista de noiva","estilista de noivas","ivana beaumond","ivana beaumond itanhang\u00e1","ivana beaumond paris","ivanabeaumond","loja de noivas","moda noiva","modanoiva","noiva","noiva cl\u00e1ssica","noiva e noivo","noivas","noivas rio de janeiro","noivas rj","noivas rom\u00e2nticas","noivasivanabeaumond","noivasriodejaneiro","noivasrj","noivinha","sobmedidanoiva","vestido de noiva","vestido de noiva branco","vestido de noiva rj","VestidoDeNoivaRJ","vestidos de noiva","vestidos de noiva rj"],"articleSection":["Blog","Dicas e Truques"],"inLanguage":"pt-BR"},{"@type":"WebPage","@id":"https:\/\/www.ivanabeaumond.com.br\/vestidos-noiva\/tudo-o-que-voce-precisa-saber-sobre-a-libation-ceremony\/","url":"https:\/\/www.ivanabeaumond.com.br\/vestidos-noiva\/tudo-o-que-voce-precisa-saber-sobre-a-libation-ceremony\/","name":"Tudo o Que Voc\u00ea Precisa Saber Sobre a Libation Ceremony - Vestido de Noiva RJ","isPartOf":{"@id":"https:\/\/www.ivanabeaumond.com.br\/vestidos-noiva\/#website"},"datePublished":"2020-11-27T17:18:34+00:00","dateModified":"2020-11-27T17:18:36+00:00","breadcrumb":{"@id":"https:\/\/www.ivanabeaumond.com.br\/vestidos-noiva\/tudo-o-que-voce-precisa-saber-sobre-a-libation-ceremony\/#breadcrumb"},"inLanguage":"pt-BR","potentialAction":[{"@type":"ReadAction","target":["https:\/\/www.ivanabeaumond.com.br\/vestidos-noiva\/tudo-o-que-voce-precisa-saber-sobre-a-libation-ceremony\/"]}]},{"@type":"BreadcrumbList","@id":"https:\/\/www.ivanabeaumond.com.br\/vestidos-noiva\/tudo-o-que-voce-precisa-saber-sobre-a-libation-ceremony\/#breadcrumb","itemListElement":[{"@type":"ListItem","position":1,"name":"In\u00edcio","item":"https:\/\/www.ivanabeaumond.com.br\/vestidos-noiva\/"},{"@type":"ListItem","position":2,"name":"Tudo o Que Voc\u00ea Precisa Saber Sobre a Libation Ceremony"}]},{"@type":"WebSite","@id":"https:\/\/www.ivanabeaumond.com.br\/vestidos-noiva\/#website","url":"https:\/\/www.ivanabeaumond.com.br\/vestidos-noiva\/","name":"Vestido de Noiva RJ","description":"Moda Noiva","publisher":{"@id":"https:\/\/www.ivanabeaumond.com.br\/vestidos-noiva\/#organization"},"potentialAction":[{"@type":"SearchAction","target":{"@type":"EntryPoint","urlTemplate":"https:\/\/www.ivanabeaumond.com.br\/vestidos-noiva\/?s={search_term_string}"},"query-input":"required name=search_term_string"}],"inLanguage":"pt-BR"},{"@type":"Organization","@id":"https:\/\/www.ivanabeaumond.com.br\/vestidos-noiva\/#organization","name":"Vestido de Noiva RJ","url":"https:\/\/www.ivanabeaumond.com.br\/vestidos-noiva\/","logo":{"@type":"ImageObject","inLanguage":"pt-BR","@id":"https:\/\/www.ivanabeaumond.com.br\/vestidos-noiva\/#\/schema\/logo\/image\/","url":"https:\/\/www.ivanabeaumond.com.br\/vestidos-noiva\/wp-content\/uploads\/2018\/02\/logo_ivana_beaumond-2.png","contentUrl":"https:\/\/www.ivanabeaumond.com.br\/vestidos-noiva\/wp-content\/uploads\/2018\/02\/logo_ivana_beaumond-2.png","width":230,"height":112,"caption":"Vestido de Noiva RJ"},"image":{"@id":"https:\/\/www.ivanabeaumond.com.br\/vestidos-noiva\/#\/schema\/logo\/image\/"},"sameAs":["https:\/\/www.facebook.com\/ivana.beaumondnoivas","https:\/\/www.instagram.com\/ivanabeaumond\/","https:\/\/www.tiktok.com\/@ivanabeaumond"]},{"@type":"Person","@id":"https:\/\/www.ivanabeaumond.com.br\/vestidos-noiva\/#\/schema\/person\/1a360c4cffa3b806d29a456389dcff26","name":"Ivana Beaumond Paris","image":{"@type":"ImageObject","inLanguage":"pt-BR","@id":"https:\/\/www.ivanabeaumond.com.br\/vestidos-noiva\/#\/schema\/person\/image\/","url":"https:\/\/secure.gravatar.com\/avatar\/641f98db20b53ec937ceb641db4270b9?s=96&d=mm&r=g","contentUrl":"https:\/\/secure.gravatar.com\/avatar\/641f98db20b53ec937ceb641db4270b9?s=96&d=mm&r=g","caption":"Ivana Beaumond Paris"},"url":"https:\/\/www.ivanabeaumond.com.br\/vestidos-noiva\/author\/ivana\/"}]}},"_links":{"self":[{"href":"https:\/\/www.ivanabeaumond.com.br\/vestidos-noiva\/wp-json\/wp\/v2\/posts\/26896"}],"collection":[{"href":"https:\/\/www.ivanabeaumond.com.br\/vestidos-noiva\/wp-json\/wp\/v2\/posts"}],"about":[{"href":"https:\/\/www.ivanabeaumond.com.br\/vestidos-noiva\/wp-json\/wp\/v2\/types\/post"}],"author":[{"embeddable":true,"href":"https:\/\/www.ivanabeaumond.com.br\/vestidos-noiva\/wp-json\/wp\/v2\/users\/4"}],"replies":[{"embeddable":true,"href":"https:\/\/www.ivanabeaumond.com.br\/vestidos-noiva\/wp-json\/wp\/v2\/comments?post=26896"}],"version-history":[{"count":1,"href":"https:\/\/www.ivanabeaumond.com.br\/vestidos-noiva\/wp-json\/wp\/v2\/posts\/26896\/revisions"}],"predecessor-version":[{"id":26900,"href":"https:\/\/www.ivanabeaumond.com.br\/vestidos-noiva\/wp-json\/wp\/v2\/posts\/26896\/revisions\/26900"}],"wp:featuredmedia":[{"embeddable":true,"href":"https:\/\/www.ivanabeaumond.com.br\/vestidos-noiva\/wp-json\/wp\/v2\/media\/26897"}],"wp:attachment":[{"href":"https:\/\/www.ivanabeaumond.com.br\/vestidos-noiva\/wp-json\/wp\/v2\/media?parent=26896"}],"wp:term":[{"taxonomy":"category","embeddable":true,"href":"https:\/\/www.ivanabeaumond.com.br\/vestidos-noiva\/wp-json\/wp\/v2\/categories?post=26896"},{"taxonomy":"post_tag","embeddable":true,"href":"https:\/\/www.ivanabeaumond.com.br\/vestidos-noiva\/wp-json\/wp\/v2\/tags?post=26896"}],"curies":[{"name":"wp","href":"https:\/\/api.w.org\/{rel}","templated":true}]}}