{"id":27322,"date":"2021-02-23T12:23:05","date_gmt":"2021-02-23T15:23:05","guid":{"rendered":"https:\/\/www.ivanabeaumond.com.br\/vestidos-noiva\/?p=27322"},"modified":"2021-02-23T12:24:09","modified_gmt":"2021-02-23T15:24:09","slug":"novidade-para-debutantes-festa-diurna","status":"publish","type":"post","link":"https:\/\/www.ivanabeaumond.com.br\/vestidos-noiva\/novidade-para-debutantes-festa-diurna\/","title":{"rendered":"Novidade para Debutantes: Festa Diurna"},"content":{"rendered":"\n<div style=\"height:30px\" aria-hidden=\"true\" class=\"wp-block-spacer\"><\/div>\n\n\n\n<div class=\"wp-block-image\"><figure class=\"aligncenter size-large is-resized\"><a href=\"https:\/\/www.ivanabeaumond.com.br\/vestidos-noiva\/wp-content\/uploads\/2021\/02\/1-1.png\"><img decoding=\"async\" loading=\"lazy\" src=\"https:\/\/www.ivanabeaumond.com.br\/vestidos-noiva\/wp-content\/uploads\/2021\/02\/1-1.png\" alt=\"\" class=\"wp-image-27323\" width=\"521\" height=\"347\" srcset=\"https:\/\/www.ivanabeaumond.com.br\/vestidos-noiva\/wp-content\/uploads\/2021\/02\/1-1.png 1000w, https:\/\/www.ivanabeaumond.com.br\/vestidos-noiva\/wp-content\/uploads\/2021\/02\/1-1-300x200.png 300w, https:\/\/www.ivanabeaumond.com.br\/vestidos-noiva\/wp-content\/uploads\/2021\/02\/1-1-768x512.png 768w, https:\/\/www.ivanabeaumond.com.br\/vestidos-noiva\/wp-content\/uploads\/2021\/02\/1-1-480x320.png 480w\" sizes=\"(max-width: 521px) 100vw, 521px\" \/><\/a><\/figure><\/div>\n\n\n\n<div style=\"height:20px\" aria-hidden=\"true\" class=\"wp-block-spacer\"><\/div>\n\n\n\n<h4 class=\"has-text-align-center wp-block-heading\" style=\"font-size:17px\"><span style=\"color:#6b6c6d\" class=\"has-inline-color\">Existem muitas varia\u00e7\u00f5es nas festas de quinze anos, especialmente quanto ao dia de semana escolhido pela debutante. Afinal, alguns sal\u00f5es oferecem um valor mais em conta para quem opta por comemorar entre domingo e quinta-feira, mas esta n\u00e3o \u00e9 a \u00fanica escolha para quem quer economizar em seu <em>debut<\/em>.<\/span><\/h4>\n\n\n\n<div style=\"height:20px\" aria-hidden=\"true\" class=\"wp-block-spacer\"><\/div>\n\n\n\n<h4 class=\"has-text-align-center wp-block-heading\" style=\"font-size:17px\"><span style=\"color:#6b6c6d\" class=\"has-inline-color\">Isso porque, recentemente, surgiu uma novidade nas casas de festas voltadas para este p\u00fablico juvenil. Agora, a ideia \u00e9 comemorar os quinze anos durante o per\u00edodo da tarde, com o evento iniciando por volta de onze da manh\u00e3 e finalizando \u00e0s quatro horas.<\/span><\/h4>\n\n\n\n<div style=\"height:20px\" aria-hidden=\"true\" class=\"wp-block-spacer\"><\/div>\n\n\n\n<h4 class=\"has-text-align-center wp-block-heading\" style=\"font-size:17px\"><span style=\"color:#6b6c6d\" class=\"has-inline-color\">Dessa maneira, o sal\u00e3o consegue se reorganizar para as celebra\u00e7\u00f5es mais caras do per\u00edodo da noite e, como forma de te convencer a escolher o hor\u00e1rio diferenciado, ainda gera um abatimento no or\u00e7amento total. Vale a pena!<\/span><\/h4>\n\n\n\n<div style=\"height:20px\" aria-hidden=\"true\" class=\"wp-block-spacer\"><\/div>\n\n\n\n<h3 class=\"wp-block-heading\"><strong><em>Seguran\u00e7a e Tranquilidade Para os Pais<\/em><\/strong><\/h3>\n\n\n\n<div style=\"height:30px\" aria-hidden=\"true\" class=\"wp-block-spacer\"><\/div>\n\n\n\n<h4 class=\"has-text-align-center wp-block-heading\" style=\"font-size:17px\"><span style=\"color:#6b6c6d\" class=\"has-inline-color\">Para os pais dos convidados, inclusive, esta estrat\u00e9gia pode ser muito bem-vinda. Em especial porque a maioria deles pode sentir mais seguran\u00e7a para levar e pegar seus filhos em uma janela de hor\u00e1rio em que a noite ainda n\u00e3o se fez presente, deixando as ruas mais iluminadas para o transitar das pessoas.<\/span><\/h4>\n\n\n\n<div style=\"height:20px\" aria-hidden=\"true\" class=\"wp-block-spacer\"><\/div>\n\n\n\n<div class=\"wp-block-image\"><figure class=\"aligncenter size-large is-resized\"><a href=\"https:\/\/www.ivanabeaumond.com.br\/vestidos-noiva\/wp-content\/uploads\/2021\/02\/2-3.jpg\"><img decoding=\"async\" loading=\"lazy\" src=\"https:\/\/www.ivanabeaumond.com.br\/vestidos-noiva\/wp-content\/uploads\/2021\/02\/2-3.jpg\" alt=\"\" class=\"wp-image-27327\" width=\"547\" height=\"364\" srcset=\"https:\/\/www.ivanabeaumond.com.br\/vestidos-noiva\/wp-content\/uploads\/2021\/02\/2-3.jpg 751w, https:\/\/www.ivanabeaumond.com.br\/vestidos-noiva\/wp-content\/uploads\/2021\/02\/2-3-300x200.jpg 300w, https:\/\/www.ivanabeaumond.com.br\/vestidos-noiva\/wp-content\/uploads\/2021\/02\/2-3-480x320.jpg 480w\" sizes=\"(max-width: 547px) 100vw, 547px\" \/><\/a><\/figure><\/div>\n\n\n\n<div style=\"height:20px\" aria-hidden=\"true\" class=\"wp-block-spacer\"><\/div>\n\n\n\n<h4 class=\"has-text-align-center wp-block-heading\" style=\"font-size:17px\"><span style=\"color:#6b6c6d\" class=\"has-inline-color\">Al\u00e9m disso, para os adolescentes que v\u00e3o dividir um Uber, por exemplo, tamb\u00e9m \u00e9 mais indicado faz\u00ea-lo durante o dia. Assim, os familiares conseguem ficar mais tranquilizados diante desta situa\u00e7\u00e3o do que se fosse algo que ocorresse durante 1h da manh\u00e3, por exemplo.<\/span><\/h4>\n\n\n\n<div style=\"height:20px\" aria-hidden=\"true\" class=\"wp-block-spacer\"><\/div>\n\n\n\n<h3 class=\"wp-block-heading\"><strong><em>Os Jovens Adoram um After Party<\/em><\/strong><\/h3>\n\n\n\n<div style=\"height:30px\" aria-hidden=\"true\" class=\"wp-block-spacer\"><\/div>\n\n\n\n<h4 class=\"has-text-align-center wp-block-heading\" style=\"font-size:17px\"><span style=\"color:#6b6c6d\" class=\"has-inline-color\">Outro benef\u00edcio que esta novidade pode trazer \u00e9 no que diz respeito aos jovens, que se identificam ao m\u00e1ximo com esta escolha. Isso porque, dependendo do sal\u00e3o eleito para celebrar, sequer \u00e9 poss\u00edvel perceber que est\u00e1 de dia do lado de fora, mantendo a mesma atmosfera contagiante no interior das depend\u00eancias.<\/span><\/h4>\n\n\n\n<div style=\"height:20px\" aria-hidden=\"true\" class=\"wp-block-spacer\"><\/div>\n\n\n\n<div class=\"wp-block-image\"><figure class=\"aligncenter size-large is-resized\"><a href=\"https:\/\/www.ivanabeaumond.com.br\/vestidos-noiva\/wp-content\/uploads\/2021\/02\/3-3.jpg\"><img decoding=\"async\" loading=\"lazy\" src=\"https:\/\/www.ivanabeaumond.com.br\/vestidos-noiva\/wp-content\/uploads\/2021\/02\/3-3.jpg\" alt=\"\" class=\"wp-image-27328\" width=\"532\" height=\"354\" srcset=\"https:\/\/www.ivanabeaumond.com.br\/vestidos-noiva\/wp-content\/uploads\/2021\/02\/3-3.jpg 720w, https:\/\/www.ivanabeaumond.com.br\/vestidos-noiva\/wp-content\/uploads\/2021\/02\/3-3-300x200.jpg 300w, https:\/\/www.ivanabeaumond.com.br\/vestidos-noiva\/wp-content\/uploads\/2021\/02\/3-3-480x320.jpg 480w\" sizes=\"(max-width: 532px) 100vw, 532px\" \/><\/a><\/figure><\/div>\n\n\n\n<div style=\"height:20px\" aria-hidden=\"true\" class=\"wp-block-spacer\"><\/div>\n\n\n\n<h4 class=\"has-text-align-center wp-block-heading\" style=\"font-size:17px\"><span style=\"color:#6b6c6d\" class=\"has-inline-color\">E se isso ainda for pouco, os adolescentes ainda aproveitam o fim da festa para estender a comemora\u00e7\u00e3o para um <em>after party<\/em>. Assim, o que se encerraria facilmente ap\u00f3s a meia-noite em uma comemora\u00e7\u00e3o normal, agora pode se estender por toda a tarde e lev\u00e1-los a horas de divertimento, paquera e muitas selfies. J\u00e1 imaginou?<\/span><\/h4>\n\n\n\n<div style=\"height:20px\" aria-hidden=\"true\" class=\"wp-block-spacer\"><\/div>\n\n\n\n<h3 class=\"wp-block-heading\"><strong><em>Gostou dessa Ideia?<\/em><\/strong><\/h3>\n\n\n\n<div style=\"height:20px\" aria-hidden=\"true\" class=\"wp-block-spacer\"><\/div>\n\n\n\n<h4 class=\"has-text-align-center wp-block-heading\" style=\"font-size:17px\"><span style=\"color:#6b6c6d\" class=\"has-inline-color\">Quer implementar essa inova\u00e7\u00e3o na sua festa de quinze anos? Ent\u00e3o, n\u00e3o perca tempo! Fique antenado \u00e0s tend\u00eancias e entre em contato agora mesmo com a sua casa de festas preferida.<\/span><\/h4>\n\n\n\n<div style=\"height:20px\" aria-hidden=\"true\" class=\"wp-block-spacer\"><\/div>\n\n\n\n<h4 class=\"has-text-align-center wp-block-heading\" style=\"font-size:17px\"><span style=\"color:#6b6c6d\" class=\"has-inline-color\">Ah! E claro, n\u00e3o deixe de contar com a equipe Ivana Beaumound para te deixar com uma verdadeira princesa no seu grande dia. Afinal, mesmo pela manh\u00e3, voc\u00ea ainda pode estar poderosa!<\/span><\/h4>\n","protected":false},"excerpt":{"rendered":"<p>Existem muitas varia\u00e7\u00f5es nas festas de quinze anos, especialmente quanto&#8230;<\/p>\n","protected":false},"author":4,"featured_media":27323,"comment_status":"open","ping_status":"closed","sticky":false,"template":"","format":"standard","meta":[],"categories":[60,127],"tags":[1085,1121,660,1019,215,512,559,842,1118,132,671,638,286,959,278,107,903,455,155,98,296,157,164,858,857,885,108,212,213,258,199,115,762,690,200],"yoast_head":"<!-- This site is optimized with the Yoast SEO plugin v20.3 - https:\/\/yoast.com\/wordpress\/plugins\/seo\/ -->\n<title>Novidade para Debutantes: Festa Diurna - Vestido de Noiva RJ<\/title>\n<meta name=\"robots\" content=\"index, follow, max-snippet:-1, max-image-preview:large, max-video-preview:-1\" \/>\n<link rel=\"canonical\" href=\"https:\/\/www.ivanabeaumond.com.br\/vestidos-noiva\/novidade-para-debutantes-festa-diurna\/\" \/>\n<meta property=\"og:locale\" content=\"pt_BR\" \/>\n<meta property=\"og:type\" content=\"article\" \/>\n<meta property=\"og:title\" content=\"Novidade para Debutantes: Festa Diurna - Vestido de Noiva RJ\" \/>\n<meta property=\"og:description\" content=\"Existem muitas varia\u00e7\u00f5es nas festas de quinze anos, especialmente quanto...\" \/>\n<meta property=\"og:url\" content=\"https:\/\/www.ivanabeaumond.com.br\/vestidos-noiva\/novidade-para-debutantes-festa-diurna\/\" \/>\n<meta property=\"og:site_name\" content=\"Vestido de Noiva RJ\" \/>\n<meta property=\"article:publisher\" content=\"https:\/\/www.facebook.com\/ivana.beaumondnoivas\" \/>\n<meta property=\"article:published_time\" content=\"2021-02-23T15:23:05+00:00\" \/>\n<meta property=\"article:modified_time\" content=\"2021-02-23T15:24:09+00:00\" \/>\n<meta property=\"og:image\" content=\"https:\/\/www.ivanabeaumond.com.br\/vestidos-noiva\/wp-content\/uploads\/2021\/02\/1-1.png\" \/>\n\t<meta property=\"og:image:width\" content=\"1000\" \/>\n\t<meta property=\"og:image:height\" content=\"667\" \/>\n\t<meta property=\"og:image:type\" content=\"image\/png\" \/>\n<meta name=\"author\" content=\"Ivana Beaumond Paris\" \/>\n<meta name=\"twitter:card\" content=\"summary_large_image\" \/>\n<meta name=\"twitter:label1\" content=\"Escrito por\" \/>\n\t<meta name=\"twitter:data1\" content=\"Ivana Beaumond Paris\" \/>\n\t<meta name=\"twitter:label2\" content=\"Est. tempo de leitura\" \/>\n\t<meta name=\"twitter:data2\" content=\"2 minutos\" \/>\n<script type=\"application\/ld+json\" class=\"yoast-schema-graph\">{\"@context\":\"https:\/\/schema.org\",\"@graph\":[{\"@type\":\"Article\",\"@id\":\"https:\/\/www.ivanabeaumond.com.br\/vestidos-noiva\/novidade-para-debutantes-festa-diurna\/#article\",\"isPartOf\":{\"@id\":\"https:\/\/www.ivanabeaumond.com.br\/vestidos-noiva\/novidade-para-debutantes-festa-diurna\/\"},\"author\":{\"name\":\"Ivana Beaumond Paris\",\"@id\":\"https:\/\/www.ivanabeaumond.com.br\/vestidos-noiva\/#\/schema\/person\/1a360c4cffa3b806d29a456389dcff26\"},\"headline\":\"Novidade para Debutantes: Festa Diurna\",\"datePublished\":\"2021-02-23T15:23:05+00:00\",\"dateModified\":\"2021-02-23T15:24:09+00:00\",\"mainEntityOfPage\":{\"@id\":\"https:\/\/www.ivanabeaumond.com.br\/vestidos-noiva\/novidade-para-debutantes-festa-diurna\/\"},\"wordCount\":442,\"commentCount\":0,\"publisher\":{\"@id\":\"https:\/\/www.ivanabeaumond.com.br\/vestidos-noiva\/#organization\"},\"keywords\":[\"alugar vestido de noiva rj\",\"ateli\u00ea de noivas\",\"atelier de noivas\",\"atelier de noivas rj\",\"Atelierdenoiva\",\"blog de noiva\",\"blog de noivas\",\"dicas de noiva\",\"dicas de vestido de noiva\",\"dicas ivana\",\"estilista de noiva\",\"estilista de noivas\",\"ivana beaumond\",\"ivana beaumond itanhang\u00e1\",\"ivana beaumond paris\",\"ivanabeaumond\",\"loja de noivas\",\"moda noiva\",\"modanoiva\",\"noiva\",\"noiva cl\u00e1ssica\",\"noiva e noivo\",\"noivas\",\"noivas rio de janeiro\",\"noivas rj\",\"noivas rom\u00e2nticas\",\"noivasivanabeaumond\",\"noivasriodejaneiro\",\"noivasrj\",\"noivinha\",\"sobmedidanoiva\",\"vestido de noiva\",\"vestido de noiva branco\",\"vestido de noiva rj\",\"VestidoDeNoivaRJ\"],\"articleSection\":[\"Blog\",\"Dicas e Truques\"],\"inLanguage\":\"pt-BR\",\"potentialAction\":[{\"@type\":\"CommentAction\",\"name\":\"Comment\",\"target\":[\"https:\/\/www.ivanabeaumond.com.br\/vestidos-noiva\/novidade-para-debutantes-festa-diurna\/#respond\"]}]},{\"@type\":\"WebPage\",\"@id\":\"https:\/\/www.ivanabeaumond.com.br\/vestidos-noiva\/novidade-para-debutantes-festa-diurna\/\",\"url\":\"https:\/\/www.ivanabeaumond.com.br\/vestidos-noiva\/novidade-para-debutantes-festa-diurna\/\",\"name\":\"Novidade para Debutantes: Festa Diurna - Vestido de Noiva RJ\",\"isPartOf\":{\"@id\":\"https:\/\/www.ivanabeaumond.com.br\/vestidos-noiva\/#website\"},\"datePublished\":\"2021-02-23T15:23:05+00:00\",\"dateModified\":\"2021-02-23T15:24:09+00:00\",\"breadcrumb\":{\"@id\":\"https:\/\/www.ivanabeaumond.com.br\/vestidos-noiva\/novidade-para-debutantes-festa-diurna\/#breadcrumb\"},\"inLanguage\":\"pt-BR\",\"potentialAction\":[{\"@type\":\"ReadAction\",\"target\":[\"https:\/\/www.ivanabeaumond.com.br\/vestidos-noiva\/novidade-para-debutantes-festa-diurna\/\"]}]},{\"@type\":\"BreadcrumbList\",\"@id\":\"https:\/\/www.ivanabeaumond.com.br\/vestidos-noiva\/novidade-para-debutantes-festa-diurna\/#breadcrumb\",\"itemListElement\":[{\"@type\":\"ListItem\",\"position\":1,\"name\":\"In\u00edcio\",\"item\":\"https:\/\/www.ivanabeaumond.com.br\/vestidos-noiva\/\"},{\"@type\":\"ListItem\",\"position\":2,\"name\":\"Novidade para Debutantes: Festa Diurna\"}]},{\"@type\":\"WebSite\",\"@id\":\"https:\/\/www.ivanabeaumond.com.br\/vestidos-noiva\/#website\",\"url\":\"https:\/\/www.ivanabeaumond.com.br\/vestidos-noiva\/\",\"name\":\"Vestido de Noiva RJ\",\"description\":\"Moda Noiva\",\"publisher\":{\"@id\":\"https:\/\/www.ivanabeaumond.com.br\/vestidos-noiva\/#organization\"},\"potentialAction\":[{\"@type\":\"SearchAction\",\"target\":{\"@type\":\"EntryPoint\",\"urlTemplate\":\"https:\/\/www.ivanabeaumond.com.br\/vestidos-noiva\/?s={search_term_string}\"},\"query-input\":\"required name=search_term_string\"}],\"inLanguage\":\"pt-BR\"},{\"@type\":\"Organization\",\"@id\":\"https:\/\/www.ivanabeaumond.com.br\/vestidos-noiva\/#organization\",\"name\":\"Vestido de Noiva RJ\",\"url\":\"https:\/\/www.ivanabeaumond.com.br\/vestidos-noiva\/\",\"logo\":{\"@type\":\"ImageObject\",\"inLanguage\":\"pt-BR\",\"@id\":\"https:\/\/www.ivanabeaumond.com.br\/vestidos-noiva\/#\/schema\/logo\/image\/\",\"url\":\"https:\/\/www.ivanabeaumond.com.br\/vestidos-noiva\/wp-content\/uploads\/2018\/02\/logo_ivana_beaumond-2.png\",\"contentUrl\":\"https:\/\/www.ivanabeaumond.com.br\/vestidos-noiva\/wp-content\/uploads\/2018\/02\/logo_ivana_beaumond-2.png\",\"width\":230,\"height\":112,\"caption\":\"Vestido de Noiva RJ\"},\"image\":{\"@id\":\"https:\/\/www.ivanabeaumond.com.br\/vestidos-noiva\/#\/schema\/logo\/image\/\"},\"sameAs\":[\"https:\/\/www.facebook.com\/ivana.beaumondnoivas\",\"https:\/\/www.instagram.com\/ivanabeaumond\/\",\"https:\/\/www.tiktok.com\/@ivanabeaumond\"]},{\"@type\":\"Person\",\"@id\":\"https:\/\/www.ivanabeaumond.com.br\/vestidos-noiva\/#\/schema\/person\/1a360c4cffa3b806d29a456389dcff26\",\"name\":\"Ivana Beaumond Paris\",\"image\":{\"@type\":\"ImageObject\",\"inLanguage\":\"pt-BR\",\"@id\":\"https:\/\/www.ivanabeaumond.com.br\/vestidos-noiva\/#\/schema\/person\/image\/\",\"url\":\"https:\/\/secure.gravatar.com\/avatar\/641f98db20b53ec937ceb641db4270b9?s=96&d=mm&r=g\",\"contentUrl\":\"https:\/\/secure.gravatar.com\/avatar\/641f98db20b53ec937ceb641db4270b9?s=96&d=mm&r=g\",\"caption\":\"Ivana Beaumond Paris\"},\"url\":\"https:\/\/www.ivanabeaumond.com.br\/vestidos-noiva\/author\/ivana\/\"}]}<\/script>\n<!-- \/ Yoast SEO plugin. -->","yoast_head_json":{"title":"Novidade para Debutantes: Festa Diurna - Vestido de Noiva RJ","robots":{"index":"index","follow":"follow","max-snippet":"max-snippet:-1","max-image-preview":"max-image-preview:large","max-video-preview":"max-video-preview:-1"},"canonical":"https:\/\/www.ivanabeaumond.com.br\/vestidos-noiva\/novidade-para-debutantes-festa-diurna\/","og_locale":"pt_BR","og_type":"article","og_title":"Novidade para Debutantes: Festa Diurna - Vestido de Noiva RJ","og_description":"Existem muitas varia\u00e7\u00f5es nas festas de quinze anos, especialmente quanto...","og_url":"https:\/\/www.ivanabeaumond.com.br\/vestidos-noiva\/novidade-para-debutantes-festa-diurna\/","og_site_name":"Vestido de Noiva RJ","article_publisher":"https:\/\/www.facebook.com\/ivana.beaumondnoivas","article_published_time":"2021-02-23T15:23:05+00:00","article_modified_time":"2021-02-23T15:24:09+00:00","og_image":[{"width":1000,"height":667,"url":"https:\/\/www.ivanabeaumond.com.br\/vestidos-noiva\/wp-content\/uploads\/2021\/02\/1-1.png","type":"image\/png"}],"author":"Ivana Beaumond Paris","twitter_card":"summary_large_image","twitter_misc":{"Escrito por":"Ivana Beaumond Paris","Est. tempo de leitura":"2 minutos"},"schema":{"@context":"https:\/\/schema.org","@graph":[{"@type":"Article","@id":"https:\/\/www.ivanabeaumond.com.br\/vestidos-noiva\/novidade-para-debutantes-festa-diurna\/#article","isPartOf":{"@id":"https:\/\/www.ivanabeaumond.com.br\/vestidos-noiva\/novidade-para-debutantes-festa-diurna\/"},"author":{"name":"Ivana Beaumond Paris","@id":"https:\/\/www.ivanabeaumond.com.br\/vestidos-noiva\/#\/schema\/person\/1a360c4cffa3b806d29a456389dcff26"},"headline":"Novidade para Debutantes: Festa Diurna","datePublished":"2021-02-23T15:23:05+00:00","dateModified":"2021-02-23T15:24:09+00:00","mainEntityOfPage":{"@id":"https:\/\/www.ivanabeaumond.com.br\/vestidos-noiva\/novidade-para-debutantes-festa-diurna\/"},"wordCount":442,"commentCount":0,"publisher":{"@id":"https:\/\/www.ivanabeaumond.com.br\/vestidos-noiva\/#organization"},"keywords":["alugar vestido de noiva rj","ateli\u00ea de noivas","atelier de noivas","atelier de noivas rj","Atelierdenoiva","blog de noiva","blog de noivas","dicas de noiva","dicas de vestido de noiva","dicas ivana","estilista de noiva","estilista de noivas","ivana beaumond","ivana beaumond itanhang\u00e1","ivana beaumond paris","ivanabeaumond","loja de noivas","moda noiva","modanoiva","noiva","noiva cl\u00e1ssica","noiva e noivo","noivas","noivas rio de janeiro","noivas rj","noivas rom\u00e2nticas","noivasivanabeaumond","noivasriodejaneiro","noivasrj","noivinha","sobmedidanoiva","vestido de noiva","vestido de noiva branco","vestido de noiva rj","VestidoDeNoivaRJ"],"articleSection":["Blog","Dicas e Truques"],"inLanguage":"pt-BR","potentialAction":[{"@type":"CommentAction","name":"Comment","target":["https:\/\/www.ivanabeaumond.com.br\/vestidos-noiva\/novidade-para-debutantes-festa-diurna\/#respond"]}]},{"@type":"WebPage","@id":"https:\/\/www.ivanabeaumond.com.br\/vestidos-noiva\/novidade-para-debutantes-festa-diurna\/","url":"https:\/\/www.ivanabeaumond.com.br\/vestidos-noiva\/novidade-para-debutantes-festa-diurna\/","name":"Novidade para Debutantes: Festa Diurna - Vestido de Noiva RJ","isPartOf":{"@id":"https:\/\/www.ivanabeaumond.com.br\/vestidos-noiva\/#website"},"datePublished":"2021-02-23T15:23:05+00:00","dateModified":"2021-02-23T15:24:09+00:00","breadcrumb":{"@id":"https:\/\/www.ivanabeaumond.com.br\/vestidos-noiva\/novidade-para-debutantes-festa-diurna\/#breadcrumb"},"inLanguage":"pt-BR","potentialAction":[{"@type":"ReadAction","target":["https:\/\/www.ivanabeaumond.com.br\/vestidos-noiva\/novidade-para-debutantes-festa-diurna\/"]}]},{"@type":"BreadcrumbList","@id":"https:\/\/www.ivanabeaumond.com.br\/vestidos-noiva\/novidade-para-debutantes-festa-diurna\/#breadcrumb","itemListElement":[{"@type":"ListItem","position":1,"name":"In\u00edcio","item":"https:\/\/www.ivanabeaumond.com.br\/vestidos-noiva\/"},{"@type":"ListItem","position":2,"name":"Novidade para Debutantes: Festa Diurna"}]},{"@type":"WebSite","@id":"https:\/\/www.ivanabeaumond.com.br\/vestidos-noiva\/#website","url":"https:\/\/www.ivanabeaumond.com.br\/vestidos-noiva\/","name":"Vestido de Noiva RJ","description":"Moda Noiva","publisher":{"@id":"https:\/\/www.ivanabeaumond.com.br\/vestidos-noiva\/#organization"},"potentialAction":[{"@type":"SearchAction","target":{"@type":"EntryPoint","urlTemplate":"https:\/\/www.ivanabeaumond.com.br\/vestidos-noiva\/?s={search_term_string}"},"query-input":"required name=search_term_string"}],"inLanguage":"pt-BR"},{"@type":"Organization","@id":"https:\/\/www.ivanabeaumond.com.br\/vestidos-noiva\/#organization","name":"Vestido de Noiva RJ","url":"https:\/\/www.ivanabeaumond.com.br\/vestidos-noiva\/","logo":{"@type":"ImageObject","inLanguage":"pt-BR","@id":"https:\/\/www.ivanabeaumond.com.br\/vestidos-noiva\/#\/schema\/logo\/image\/","url":"https:\/\/www.ivanabeaumond.com.br\/vestidos-noiva\/wp-content\/uploads\/2018\/02\/logo_ivana_beaumond-2.png","contentUrl":"https:\/\/www.ivanabeaumond.com.br\/vestidos-noiva\/wp-content\/uploads\/2018\/02\/logo_ivana_beaumond-2.png","width":230,"height":112,"caption":"Vestido de Noiva RJ"},"image":{"@id":"https:\/\/www.ivanabeaumond.com.br\/vestidos-noiva\/#\/schema\/logo\/image\/"},"sameAs":["https:\/\/www.facebook.com\/ivana.beaumondnoivas","https:\/\/www.instagram.com\/ivanabeaumond\/","https:\/\/www.tiktok.com\/@ivanabeaumond"]},{"@type":"Person","@id":"https:\/\/www.ivanabeaumond.com.br\/vestidos-noiva\/#\/schema\/person\/1a360c4cffa3b806d29a456389dcff26","name":"Ivana Beaumond Paris","image":{"@type":"ImageObject","inLanguage":"pt-BR","@id":"https:\/\/www.ivanabeaumond.com.br\/vestidos-noiva\/#\/schema\/person\/image\/","url":"https:\/\/secure.gravatar.com\/avatar\/641f98db20b53ec937ceb641db4270b9?s=96&d=mm&r=g","contentUrl":"https:\/\/secure.gravatar.com\/avatar\/641f98db20b53ec937ceb641db4270b9?s=96&d=mm&r=g","caption":"Ivana Beaumond Paris"},"url":"https:\/\/www.ivanabeaumond.com.br\/vestidos-noiva\/author\/ivana\/"}]}},"_links":{"self":[{"href":"https:\/\/www.ivanabeaumond.com.br\/vestidos-noiva\/wp-json\/wp\/v2\/posts\/27322"}],"collection":[{"href":"https:\/\/www.ivanabeaumond.com.br\/vestidos-noiva\/wp-json\/wp\/v2\/posts"}],"about":[{"href":"https:\/\/www.ivanabeaumond.com.br\/vestidos-noiva\/wp-json\/wp\/v2\/types\/post"}],"author":[{"embeddable":true,"href":"https:\/\/www.ivanabeaumond.com.br\/vestidos-noiva\/wp-json\/wp\/v2\/users\/4"}],"replies":[{"embeddable":true,"href":"https:\/\/www.ivanabeaumond.com.br\/vestidos-noiva\/wp-json\/wp\/v2\/comments?post=27322"}],"version-history":[{"count":1,"href":"https:\/\/www.ivanabeaumond.com.br\/vestidos-noiva\/wp-json\/wp\/v2\/posts\/27322\/revisions"}],"predecessor-version":[{"id":27330,"href":"https:\/\/www.ivanabeaumond.com.br\/vestidos-noiva\/wp-json\/wp\/v2\/posts\/27322\/revisions\/27330"}],"wp:featuredmedia":[{"embeddable":true,"href":"https:\/\/www.ivanabeaumond.com.br\/vestidos-noiva\/wp-json\/wp\/v2\/media\/27323"}],"wp:attachment":[{"href":"https:\/\/www.ivanabeaumond.com.br\/vestidos-noiva\/wp-json\/wp\/v2\/media?parent=27322"}],"wp:term":[{"taxonomy":"category","embeddable":true,"href":"https:\/\/www.ivanabeaumond.com.br\/vestidos-noiva\/wp-json\/wp\/v2\/categories?post=27322"},{"taxonomy":"post_tag","embeddable":true,"href":"https:\/\/www.ivanabeaumond.com.br\/vestidos-noiva\/wp-json\/wp\/v2\/tags?post=27322"}],"curies":[{"name":"wp","href":"https:\/\/api.w.org\/{rel}","templated":true}]}}