{"id":27579,"date":"2021-03-11T13:18:53","date_gmt":"2021-03-11T16:18:53","guid":{"rendered":"https:\/\/www.ivanabeaumond.com.br\/vestidos-noiva\/?p=27579"},"modified":"2021-03-11T13:18:55","modified_gmt":"2021-03-11T16:18:55","slug":"fale-agora-ou-cale-se-para-sempre-a-historia-por-tras-da-frase","status":"publish","type":"post","link":"https:\/\/www.ivanabeaumond.com.br\/vestidos-noiva\/fale-agora-ou-cale-se-para-sempre-a-historia-por-tras-da-frase\/","title":{"rendered":"\u201cFale Agora ou Cale-se para Sempre\u201d: A Hist\u00f3ria por Tr\u00e1s da Frase"},"content":{"rendered":"\n<div style=\"height:30px\" aria-hidden=\"true\" class=\"wp-block-spacer\"><\/div>\n\n\n\n<div class=\"wp-block-image\"><figure class=\"aligncenter size-large is-resized\"><a href=\"https:\/\/www.ivanabeaumond.com.br\/vestidos-noiva\/wp-content\/uploads\/2021\/03\/1-4.jpg\"><img decoding=\"async\" loading=\"lazy\" src=\"https:\/\/www.ivanabeaumond.com.br\/vestidos-noiva\/wp-content\/uploads\/2021\/03\/1-4.jpg\" alt=\"\" class=\"wp-image-27580\" width=\"540\" height=\"359\" srcset=\"https:\/\/www.ivanabeaumond.com.br\/vestidos-noiva\/wp-content\/uploads\/2021\/03\/1-4.jpg 600w, https:\/\/www.ivanabeaumond.com.br\/vestidos-noiva\/wp-content\/uploads\/2021\/03\/1-4-300x200.jpg 300w, https:\/\/www.ivanabeaumond.com.br\/vestidos-noiva\/wp-content\/uploads\/2021\/03\/1-4-480x320.jpg 480w\" sizes=\"(max-width: 540px) 100vw, 540px\" \/><\/a><\/figure><\/div>\n\n\n\n<div style=\"height:20px\" aria-hidden=\"true\" class=\"wp-block-spacer\"><\/div>\n\n\n\n<h4 class=\"has-text-align-center wp-block-heading\" style=\"font-size:17px\"><span style=\"color:#6b6c6d\" class=\"has-inline-color\">Voc\u00ea certamente j\u00e1 viu em filmes e novelas a famigerada frase: \u201cfale agora ou cale-se para sempre\u201d. Extremamente rara nos dias atuais, ela poderia desencadear um grande alvoro\u00e7o no evento e j\u00e1 foi o gancho para muitas cenas divertidas na dramaturgia.<\/span><\/h4>\n\n\n\n<div style=\"height:20px\" aria-hidden=\"true\" class=\"wp-block-spacer\"><\/div>\n\n\n\n<h4 class=\"has-text-align-center wp-block-heading\" style=\"font-size:17px\"><span style=\"color:#6b6c6d\" class=\"has-inline-color\">Contudo, qual seria o significado por tr\u00e1s desta afirma\u00e7\u00e3o t\u00e3o pol\u00eamica? E por que ela ainda causa arrepios nos casais que est\u00e3o no altar? Acompanhe agora e surpreenda-se com esta hist\u00f3ria extremamente antiga!<\/span><\/h4>\n\n\n\n<div style=\"height:20px\" aria-hidden=\"true\" class=\"wp-block-spacer\"><\/div>\n\n\n\n<h4 class=\"has-text-align-center wp-block-heading\" style=\"font-size:17px\"><span style=\"color:#6b6c6d\" class=\"has-inline-color\">Como muitas tradi\u00e7\u00f5es dos casamentos ocidentais, esta frase est\u00e1 enraizada no cristianismo e nos costumes europeus. Seu texto completo vem da se\u00e7\u00e3o de liturgia do casamento do Livro de Ora\u00e7\u00e3o Comum, publicado em 1549 pela Igreja Anglicana. Nele, \u00e9 mencionado:<\/span><\/h4>\n\n\n\n<div style=\"height:20px\" aria-hidden=\"true\" class=\"wp-block-spacer\"><\/div>\n\n\n\n<h4 class=\"has-text-align-center wp-block-heading\" style=\"font-size:17px\"><strong><span style=\"color:#6b6c6d\" class=\"has-inline-color\">\u201cSe algum dos presentes souber de alguma raz\u00e3o para que este casal n\u00e3o deva se unir no santo matrim\u00f4nio, fale agora ou cale-se para sempre\u201d<\/span><\/strong><\/h4>\n\n\n\n<div style=\"height:20px\" aria-hidden=\"true\" class=\"wp-block-spacer\"><\/div>\n\n\n\n<h4 class=\"has-text-align-center wp-block-heading\" style=\"font-size:17px\"><span style=\"color:#6b6c6d\" class=\"has-inline-color\">Hoje, varia\u00e7\u00f5es deste trecho s\u00e3o usadas e referenciadas em diferentes igrejas, como a Cat\u00f3lica e a Ortodoxa. Ainda assim, a raz\u00e3o pela qual a frase foi inclu\u00edda na liturgia provavelmente tem menos a ver com Deus e mais a ver com quest\u00f5es jur\u00eddicas e pr\u00e1ticas da \u00e9poca.<\/span><\/h4>\n\n\n\n<div style=\"height:20px\" aria-hidden=\"true\" class=\"wp-block-spacer\"><\/div>\n\n\n\n<h4 class=\"has-text-align-center wp-block-heading\" style=\"font-size:17px\"><span style=\"color:#6b6c6d\" class=\"has-inline-color\">Na Idade M\u00e9dia, era muito dif\u00edcil espalhar a not\u00edcia de que algu\u00e9m estava se casando. N\u00e3o havia computadores, nem telefones celulares. Portanto, havia uma tradi\u00e7\u00e3o na maioria das igrejas de anunciar os matrim\u00f4nios por tr\u00eas domingos consecutivos antes do evento acontecer.<\/span><\/h4>\n\n\n\n<div style=\"height:20px\" aria-hidden=\"true\" class=\"wp-block-spacer\"><\/div>\n\n\n\n<h4 class=\"has-text-align-center wp-block-heading\" style=\"font-size:17px\"><span style=\"color:#6b6c6d\" class=\"has-inline-color\">Conhecidas como proclames, estas divulga\u00e7\u00f5es eram normalmente lidas em voz alta por um padre e publicadas no boletim paroquial, criando uma esp\u00e9cie de \u201calerta\u201d formal de que um casamento estava para acontecer. Assim, a \u00faltima chance para obje\u00e7\u00f5es seria no dia do pr\u00f3prio cas\u00f3rio, durante a parte da cerim\u00f4nia que entoa a t\u00e3o famosa frase.<\/span><\/h4>\n\n\n\n<div style=\"height:20px\" aria-hidden=\"true\" class=\"wp-block-spacer\"><\/div>\n\n\n\n<div class=\"wp-block-image\"><figure class=\"aligncenter size-large is-resized\"><a href=\"https:\/\/www.ivanabeaumond.com.br\/vestidos-noiva\/wp-content\/uploads\/2021\/03\/2-4.jpg\"><img decoding=\"async\" loading=\"lazy\" src=\"https:\/\/www.ivanabeaumond.com.br\/vestidos-noiva\/wp-content\/uploads\/2021\/03\/2-4.jpg\" alt=\"\" class=\"wp-image-27581\" width=\"552\" height=\"367\" srcset=\"https:\/\/www.ivanabeaumond.com.br\/vestidos-noiva\/wp-content\/uploads\/2021\/03\/2-4.jpg 720w, https:\/\/www.ivanabeaumond.com.br\/vestidos-noiva\/wp-content\/uploads\/2021\/03\/2-4-300x200.jpg 300w, https:\/\/www.ivanabeaumond.com.br\/vestidos-noiva\/wp-content\/uploads\/2021\/03\/2-4-480x320.jpg 480w\" sizes=\"(max-width: 552px) 100vw, 552px\" \/><\/a><\/figure><\/div>\n\n\n\n<div style=\"height:20px\" aria-hidden=\"true\" class=\"wp-block-spacer\"><\/div>\n\n\n\n<h4 class=\"has-text-align-center wp-block-heading\" style=\"font-size:17px\"><span style=\"color:#6b6c6d\" class=\"has-inline-color\">Voc\u00ea, naturalmente, deve estar se perguntando por que algu\u00e9m iria t\u00e3o longe a ponto de se opor formalmente a um matrim\u00f4nio, n\u00e3o \u00e9 mesmo? Bem, na maioria das vezes, isso ocorria se algu\u00e9m soubesse que uma das partes:<\/span><\/h4>\n\n\n\n<div style=\"height:20px\" aria-hidden=\"true\" class=\"wp-block-spacer\"><\/div>\n\n\n\n<h4 class=\"wp-block-heading\" style=\"font-size:17px\"><span style=\"color:#6b6c6d\" class=\"has-inline-color\">Era casada;<\/span><\/h4>\n\n\n\n<div style=\"height:10px\" aria-hidden=\"true\" class=\"wp-block-spacer\"><\/div>\n\n\n\n<h4 class=\"wp-block-heading\" style=\"font-size:17px\"><span style=\"color:#6b6c6d\" class=\"has-inline-color\">Menor de idade;<\/span><\/h4>\n\n\n\n<div style=\"height:10px\" aria-hidden=\"true\" class=\"wp-block-spacer\"><\/div>\n\n\n\n<h4 class=\"wp-block-heading\" style=\"font-size:17px\"><span style=\"color:#6b6c6d\" class=\"has-inline-color\">N\u00e3o era batizada;<\/span><\/h4>\n\n\n\n<div style=\"height:10px\" aria-hidden=\"true\" class=\"wp-block-spacer\"><\/div>\n\n\n\n<h4 class=\"wp-block-heading\" style=\"font-size:17px\"><span style=\"color:#6b6c6d\" class=\"has-inline-color\">Tinha consanguinidade com o outro c\u00f4njuge;<\/span><\/h4>\n\n\n\n<div style=\"height:10px\" aria-hidden=\"true\" class=\"wp-block-spacer\"><\/div>\n\n\n\n<h4 class=\"wp-block-heading\" style=\"font-size:17px\"><span style=\"color:#6b6c6d\" class=\"has-inline-color\">Estava sendo coagida \u00e0 for\u00e7a para a uni\u00e3o.<\/span><\/h4>\n\n\n\n<div style=\"height:20px\" aria-hidden=\"true\" class=\"wp-block-spacer\"><\/div>\n\n\n\n<h4 class=\"has-text-align-center wp-block-heading\" style=\"font-size:17px\"><span style=\"color:#6b6c6d\" class=\"has-inline-color\">Atualmente, essas quest\u00f5es s\u00e3o resolvidas muito antes de um casal entrar no altar, o que j\u00e1 \u00e9 um motivo para que a interfer\u00eancia n\u00e3o ocorra. Logo, para fins pr\u00e1ticos, a frase \u201cfale agora ou cale-se para sempre\u201d se tornou praticamente nula para as cerim\u00f4nias de casamento modernas.<\/span><\/h4>\n\n\n\n<div style=\"height:20px\" aria-hidden=\"true\" class=\"wp-block-spacer\"><\/div>\n\n\n\n<h4 class=\"has-text-align-center wp-block-heading\" style=\"font-size:17px\"><span style=\"color:#6b6c6d\" class=\"has-inline-color\">E, ent\u00e3o, gostou de conhecer esta curiosidade? Compartilhe com amigos que querem saber mais a respeito e n\u00e3o deixe de comentar o que achou dessa hist\u00f3ria nas nossas redes sociais. Estamos te esperando!<\/span><\/h4>\n","protected":false},"excerpt":{"rendered":"<p>Voc\u00ea certamente j\u00e1 viu em filmes e novelas a famigerada&#8230;<\/p>\n","protected":false},"author":4,"featured_media":27580,"comment_status":"open","ping_status":"closed","sticky":false,"template":"","format":"standard","meta":[],"categories":[60,127],"tags":[1085,1121,660,1019,215,512,559,842,1118,132,671,638,286,959,278,107,903,455,155,98,296,157,164,858,857,885,108,212,213,258,532,174,199,115,762,690,200],"yoast_head":"<!-- This site is optimized with the Yoast SEO plugin v20.3 - https:\/\/yoast.com\/wordpress\/plugins\/seo\/ -->\n<title>\u201cFale Agora ou Cale-se para Sempre\u201d: A Hist\u00f3ria por Tr\u00e1s da Frase - Vestido de Noiva RJ<\/title>\n<meta name=\"robots\" content=\"index, follow, max-snippet:-1, max-image-preview:large, max-video-preview:-1\" \/>\n<link rel=\"canonical\" href=\"https:\/\/www.ivanabeaumond.com.br\/vestidos-noiva\/fale-agora-ou-cale-se-para-sempre-a-historia-por-tras-da-frase\/\" \/>\n<meta property=\"og:locale\" content=\"pt_BR\" \/>\n<meta property=\"og:type\" content=\"article\" \/>\n<meta property=\"og:title\" content=\"\u201cFale Agora ou Cale-se para Sempre\u201d: A Hist\u00f3ria por Tr\u00e1s da Frase - Vestido de Noiva RJ\" \/>\n<meta property=\"og:description\" content=\"Voc\u00ea certamente j\u00e1 viu em filmes e novelas a famigerada...\" \/>\n<meta property=\"og:url\" content=\"https:\/\/www.ivanabeaumond.com.br\/vestidos-noiva\/fale-agora-ou-cale-se-para-sempre-a-historia-por-tras-da-frase\/\" \/>\n<meta property=\"og:site_name\" content=\"Vestido de Noiva RJ\" \/>\n<meta property=\"article:publisher\" content=\"https:\/\/www.facebook.com\/ivana.beaumondnoivas\" \/>\n<meta property=\"article:published_time\" content=\"2021-03-11T16:18:53+00:00\" \/>\n<meta property=\"article:modified_time\" content=\"2021-03-11T16:18:55+00:00\" \/>\n<meta property=\"og:image\" content=\"https:\/\/www.ivanabeaumond.com.br\/vestidos-noiva\/wp-content\/uploads\/2021\/03\/1-4.jpg\" \/>\n\t<meta property=\"og:image:width\" content=\"600\" \/>\n\t<meta property=\"og:image:height\" content=\"400\" \/>\n\t<meta property=\"og:image:type\" content=\"image\/jpeg\" \/>\n<meta name=\"author\" content=\"Ivana Beaumond Paris\" \/>\n<meta name=\"twitter:card\" content=\"summary_large_image\" \/>\n<meta name=\"twitter:label1\" content=\"Escrito por\" \/>\n\t<meta name=\"twitter:data1\" content=\"Ivana Beaumond Paris\" \/>\n\t<meta name=\"twitter:label2\" content=\"Est. tempo de leitura\" \/>\n\t<meta name=\"twitter:data2\" content=\"2 minutos\" \/>\n<script type=\"application\/ld+json\" class=\"yoast-schema-graph\">{\"@context\":\"https:\/\/schema.org\",\"@graph\":[{\"@type\":\"Article\",\"@id\":\"https:\/\/www.ivanabeaumond.com.br\/vestidos-noiva\/fale-agora-ou-cale-se-para-sempre-a-historia-por-tras-da-frase\/#article\",\"isPartOf\":{\"@id\":\"https:\/\/www.ivanabeaumond.com.br\/vestidos-noiva\/fale-agora-ou-cale-se-para-sempre-a-historia-por-tras-da-frase\/\"},\"author\":{\"name\":\"Ivana Beaumond Paris\",\"@id\":\"https:\/\/www.ivanabeaumond.com.br\/vestidos-noiva\/#\/schema\/person\/1a360c4cffa3b806d29a456389dcff26\"},\"headline\":\"\u201cFale Agora ou Cale-se para Sempre\u201d: A Hist\u00f3ria por Tr\u00e1s da Frase\",\"datePublished\":\"2021-03-11T16:18:53+00:00\",\"dateModified\":\"2021-03-11T16:18:55+00:00\",\"mainEntityOfPage\":{\"@id\":\"https:\/\/www.ivanabeaumond.com.br\/vestidos-noiva\/fale-agora-ou-cale-se-para-sempre-a-historia-por-tras-da-frase\/\"},\"wordCount\":485,\"commentCount\":0,\"publisher\":{\"@id\":\"https:\/\/www.ivanabeaumond.com.br\/vestidos-noiva\/#organization\"},\"keywords\":[\"alugar vestido de noiva rj\",\"ateli\u00ea de noivas\",\"atelier de noivas\",\"atelier de noivas rj\",\"Atelierdenoiva\",\"blog de noiva\",\"blog de noivas\",\"dicas de noiva\",\"dicas de vestido de noiva\",\"dicas ivana\",\"estilista de noiva\",\"estilista de noivas\",\"ivana beaumond\",\"ivana beaumond itanhang\u00e1\",\"ivana beaumond paris\",\"ivanabeaumond\",\"loja de noivas\",\"moda noiva\",\"modanoiva\",\"noiva\",\"noiva cl\u00e1ssica\",\"noiva e noivo\",\"noivas\",\"noivas rio de janeiro\",\"noivas rj\",\"noivas rom\u00e2nticas\",\"noivasivanabeaumond\",\"noivasriodejaneiro\",\"noivasrj\",\"noivinha\",\"princesa\",\"princesas\",\"sobmedidanoiva\",\"vestido de noiva\",\"vestido de noiva branco\",\"vestido de noiva rj\",\"VestidoDeNoivaRJ\"],\"articleSection\":[\"Blog\",\"Dicas e Truques\"],\"inLanguage\":\"pt-BR\",\"potentialAction\":[{\"@type\":\"CommentAction\",\"name\":\"Comment\",\"target\":[\"https:\/\/www.ivanabeaumond.com.br\/vestidos-noiva\/fale-agora-ou-cale-se-para-sempre-a-historia-por-tras-da-frase\/#respond\"]}]},{\"@type\":\"WebPage\",\"@id\":\"https:\/\/www.ivanabeaumond.com.br\/vestidos-noiva\/fale-agora-ou-cale-se-para-sempre-a-historia-por-tras-da-frase\/\",\"url\":\"https:\/\/www.ivanabeaumond.com.br\/vestidos-noiva\/fale-agora-ou-cale-se-para-sempre-a-historia-por-tras-da-frase\/\",\"name\":\"\u201cFale Agora ou Cale-se para Sempre\u201d: A Hist\u00f3ria por Tr\u00e1s da Frase - Vestido de Noiva RJ\",\"isPartOf\":{\"@id\":\"https:\/\/www.ivanabeaumond.com.br\/vestidos-noiva\/#website\"},\"datePublished\":\"2021-03-11T16:18:53+00:00\",\"dateModified\":\"2021-03-11T16:18:55+00:00\",\"breadcrumb\":{\"@id\":\"https:\/\/www.ivanabeaumond.com.br\/vestidos-noiva\/fale-agora-ou-cale-se-para-sempre-a-historia-por-tras-da-frase\/#breadcrumb\"},\"inLanguage\":\"pt-BR\",\"potentialAction\":[{\"@type\":\"ReadAction\",\"target\":[\"https:\/\/www.ivanabeaumond.com.br\/vestidos-noiva\/fale-agora-ou-cale-se-para-sempre-a-historia-por-tras-da-frase\/\"]}]},{\"@type\":\"BreadcrumbList\",\"@id\":\"https:\/\/www.ivanabeaumond.com.br\/vestidos-noiva\/fale-agora-ou-cale-se-para-sempre-a-historia-por-tras-da-frase\/#breadcrumb\",\"itemListElement\":[{\"@type\":\"ListItem\",\"position\":1,\"name\":\"In\u00edcio\",\"item\":\"https:\/\/www.ivanabeaumond.com.br\/vestidos-noiva\/\"},{\"@type\":\"ListItem\",\"position\":2,\"name\":\"\u201cFale Agora ou Cale-se para Sempre\u201d: A Hist\u00f3ria por Tr\u00e1s da Frase\"}]},{\"@type\":\"WebSite\",\"@id\":\"https:\/\/www.ivanabeaumond.com.br\/vestidos-noiva\/#website\",\"url\":\"https:\/\/www.ivanabeaumond.com.br\/vestidos-noiva\/\",\"name\":\"Vestido de Noiva RJ\",\"description\":\"Moda Noiva\",\"publisher\":{\"@id\":\"https:\/\/www.ivanabeaumond.com.br\/vestidos-noiva\/#organization\"},\"potentialAction\":[{\"@type\":\"SearchAction\",\"target\":{\"@type\":\"EntryPoint\",\"urlTemplate\":\"https:\/\/www.ivanabeaumond.com.br\/vestidos-noiva\/?s={search_term_string}\"},\"query-input\":\"required name=search_term_string\"}],\"inLanguage\":\"pt-BR\"},{\"@type\":\"Organization\",\"@id\":\"https:\/\/www.ivanabeaumond.com.br\/vestidos-noiva\/#organization\",\"name\":\"Vestido de Noiva RJ\",\"url\":\"https:\/\/www.ivanabeaumond.com.br\/vestidos-noiva\/\",\"logo\":{\"@type\":\"ImageObject\",\"inLanguage\":\"pt-BR\",\"@id\":\"https:\/\/www.ivanabeaumond.com.br\/vestidos-noiva\/#\/schema\/logo\/image\/\",\"url\":\"https:\/\/www.ivanabeaumond.com.br\/vestidos-noiva\/wp-content\/uploads\/2018\/02\/logo_ivana_beaumond-2.png\",\"contentUrl\":\"https:\/\/www.ivanabeaumond.com.br\/vestidos-noiva\/wp-content\/uploads\/2018\/02\/logo_ivana_beaumond-2.png\",\"width\":230,\"height\":112,\"caption\":\"Vestido de Noiva RJ\"},\"image\":{\"@id\":\"https:\/\/www.ivanabeaumond.com.br\/vestidos-noiva\/#\/schema\/logo\/image\/\"},\"sameAs\":[\"https:\/\/www.facebook.com\/ivana.beaumondnoivas\",\"https:\/\/www.instagram.com\/ivanabeaumond\/\",\"https:\/\/www.tiktok.com\/@ivanabeaumond\"]},{\"@type\":\"Person\",\"@id\":\"https:\/\/www.ivanabeaumond.com.br\/vestidos-noiva\/#\/schema\/person\/1a360c4cffa3b806d29a456389dcff26\",\"name\":\"Ivana Beaumond Paris\",\"image\":{\"@type\":\"ImageObject\",\"inLanguage\":\"pt-BR\",\"@id\":\"https:\/\/www.ivanabeaumond.com.br\/vestidos-noiva\/#\/schema\/person\/image\/\",\"url\":\"https:\/\/secure.gravatar.com\/avatar\/641f98db20b53ec937ceb641db4270b9?s=96&d=mm&r=g\",\"contentUrl\":\"https:\/\/secure.gravatar.com\/avatar\/641f98db20b53ec937ceb641db4270b9?s=96&d=mm&r=g\",\"caption\":\"Ivana Beaumond Paris\"},\"url\":\"https:\/\/www.ivanabeaumond.com.br\/vestidos-noiva\/author\/ivana\/\"}]}<\/script>\n<!-- \/ Yoast SEO plugin. -->","yoast_head_json":{"title":"\u201cFale Agora ou Cale-se para Sempre\u201d: A Hist\u00f3ria por Tr\u00e1s da Frase - Vestido de Noiva RJ","robots":{"index":"index","follow":"follow","max-snippet":"max-snippet:-1","max-image-preview":"max-image-preview:large","max-video-preview":"max-video-preview:-1"},"canonical":"https:\/\/www.ivanabeaumond.com.br\/vestidos-noiva\/fale-agora-ou-cale-se-para-sempre-a-historia-por-tras-da-frase\/","og_locale":"pt_BR","og_type":"article","og_title":"\u201cFale Agora ou Cale-se para Sempre\u201d: A Hist\u00f3ria por Tr\u00e1s da Frase - Vestido de Noiva RJ","og_description":"Voc\u00ea certamente j\u00e1 viu em filmes e novelas a famigerada...","og_url":"https:\/\/www.ivanabeaumond.com.br\/vestidos-noiva\/fale-agora-ou-cale-se-para-sempre-a-historia-por-tras-da-frase\/","og_site_name":"Vestido de Noiva RJ","article_publisher":"https:\/\/www.facebook.com\/ivana.beaumondnoivas","article_published_time":"2021-03-11T16:18:53+00:00","article_modified_time":"2021-03-11T16:18:55+00:00","og_image":[{"width":600,"height":400,"url":"https:\/\/www.ivanabeaumond.com.br\/vestidos-noiva\/wp-content\/uploads\/2021\/03\/1-4.jpg","type":"image\/jpeg"}],"author":"Ivana Beaumond Paris","twitter_card":"summary_large_image","twitter_misc":{"Escrito por":"Ivana Beaumond Paris","Est. tempo de leitura":"2 minutos"},"schema":{"@context":"https:\/\/schema.org","@graph":[{"@type":"Article","@id":"https:\/\/www.ivanabeaumond.com.br\/vestidos-noiva\/fale-agora-ou-cale-se-para-sempre-a-historia-por-tras-da-frase\/#article","isPartOf":{"@id":"https:\/\/www.ivanabeaumond.com.br\/vestidos-noiva\/fale-agora-ou-cale-se-para-sempre-a-historia-por-tras-da-frase\/"},"author":{"name":"Ivana Beaumond Paris","@id":"https:\/\/www.ivanabeaumond.com.br\/vestidos-noiva\/#\/schema\/person\/1a360c4cffa3b806d29a456389dcff26"},"headline":"\u201cFale Agora ou Cale-se para Sempre\u201d: A Hist\u00f3ria por Tr\u00e1s da Frase","datePublished":"2021-03-11T16:18:53+00:00","dateModified":"2021-03-11T16:18:55+00:00","mainEntityOfPage":{"@id":"https:\/\/www.ivanabeaumond.com.br\/vestidos-noiva\/fale-agora-ou-cale-se-para-sempre-a-historia-por-tras-da-frase\/"},"wordCount":485,"commentCount":0,"publisher":{"@id":"https:\/\/www.ivanabeaumond.com.br\/vestidos-noiva\/#organization"},"keywords":["alugar vestido de noiva rj","ateli\u00ea de noivas","atelier de noivas","atelier de noivas rj","Atelierdenoiva","blog de noiva","blog de noivas","dicas de noiva","dicas de vestido de noiva","dicas ivana","estilista de noiva","estilista de noivas","ivana beaumond","ivana beaumond itanhang\u00e1","ivana beaumond paris","ivanabeaumond","loja de noivas","moda noiva","modanoiva","noiva","noiva cl\u00e1ssica","noiva e noivo","noivas","noivas rio de janeiro","noivas rj","noivas rom\u00e2nticas","noivasivanabeaumond","noivasriodejaneiro","noivasrj","noivinha","princesa","princesas","sobmedidanoiva","vestido de noiva","vestido de noiva branco","vestido de noiva rj","VestidoDeNoivaRJ"],"articleSection":["Blog","Dicas e Truques"],"inLanguage":"pt-BR","potentialAction":[{"@type":"CommentAction","name":"Comment","target":["https:\/\/www.ivanabeaumond.com.br\/vestidos-noiva\/fale-agora-ou-cale-se-para-sempre-a-historia-por-tras-da-frase\/#respond"]}]},{"@type":"WebPage","@id":"https:\/\/www.ivanabeaumond.com.br\/vestidos-noiva\/fale-agora-ou-cale-se-para-sempre-a-historia-por-tras-da-frase\/","url":"https:\/\/www.ivanabeaumond.com.br\/vestidos-noiva\/fale-agora-ou-cale-se-para-sempre-a-historia-por-tras-da-frase\/","name":"\u201cFale Agora ou Cale-se para Sempre\u201d: A Hist\u00f3ria por Tr\u00e1s da Frase - Vestido de Noiva RJ","isPartOf":{"@id":"https:\/\/www.ivanabeaumond.com.br\/vestidos-noiva\/#website"},"datePublished":"2021-03-11T16:18:53+00:00","dateModified":"2021-03-11T16:18:55+00:00","breadcrumb":{"@id":"https:\/\/www.ivanabeaumond.com.br\/vestidos-noiva\/fale-agora-ou-cale-se-para-sempre-a-historia-por-tras-da-frase\/#breadcrumb"},"inLanguage":"pt-BR","potentialAction":[{"@type":"ReadAction","target":["https:\/\/www.ivanabeaumond.com.br\/vestidos-noiva\/fale-agora-ou-cale-se-para-sempre-a-historia-por-tras-da-frase\/"]}]},{"@type":"BreadcrumbList","@id":"https:\/\/www.ivanabeaumond.com.br\/vestidos-noiva\/fale-agora-ou-cale-se-para-sempre-a-historia-por-tras-da-frase\/#breadcrumb","itemListElement":[{"@type":"ListItem","position":1,"name":"In\u00edcio","item":"https:\/\/www.ivanabeaumond.com.br\/vestidos-noiva\/"},{"@type":"ListItem","position":2,"name":"\u201cFale Agora ou Cale-se para Sempre\u201d: A Hist\u00f3ria por Tr\u00e1s da Frase"}]},{"@type":"WebSite","@id":"https:\/\/www.ivanabeaumond.com.br\/vestidos-noiva\/#website","url":"https:\/\/www.ivanabeaumond.com.br\/vestidos-noiva\/","name":"Vestido de Noiva RJ","description":"Moda Noiva","publisher":{"@id":"https:\/\/www.ivanabeaumond.com.br\/vestidos-noiva\/#organization"},"potentialAction":[{"@type":"SearchAction","target":{"@type":"EntryPoint","urlTemplate":"https:\/\/www.ivanabeaumond.com.br\/vestidos-noiva\/?s={search_term_string}"},"query-input":"required name=search_term_string"}],"inLanguage":"pt-BR"},{"@type":"Organization","@id":"https:\/\/www.ivanabeaumond.com.br\/vestidos-noiva\/#organization","name":"Vestido de Noiva RJ","url":"https:\/\/www.ivanabeaumond.com.br\/vestidos-noiva\/","logo":{"@type":"ImageObject","inLanguage":"pt-BR","@id":"https:\/\/www.ivanabeaumond.com.br\/vestidos-noiva\/#\/schema\/logo\/image\/","url":"https:\/\/www.ivanabeaumond.com.br\/vestidos-noiva\/wp-content\/uploads\/2018\/02\/logo_ivana_beaumond-2.png","contentUrl":"https:\/\/www.ivanabeaumond.com.br\/vestidos-noiva\/wp-content\/uploads\/2018\/02\/logo_ivana_beaumond-2.png","width":230,"height":112,"caption":"Vestido de Noiva RJ"},"image":{"@id":"https:\/\/www.ivanabeaumond.com.br\/vestidos-noiva\/#\/schema\/logo\/image\/"},"sameAs":["https:\/\/www.facebook.com\/ivana.beaumondnoivas","https:\/\/www.instagram.com\/ivanabeaumond\/","https:\/\/www.tiktok.com\/@ivanabeaumond"]},{"@type":"Person","@id":"https:\/\/www.ivanabeaumond.com.br\/vestidos-noiva\/#\/schema\/person\/1a360c4cffa3b806d29a456389dcff26","name":"Ivana Beaumond Paris","image":{"@type":"ImageObject","inLanguage":"pt-BR","@id":"https:\/\/www.ivanabeaumond.com.br\/vestidos-noiva\/#\/schema\/person\/image\/","url":"https:\/\/secure.gravatar.com\/avatar\/641f98db20b53ec937ceb641db4270b9?s=96&d=mm&r=g","contentUrl":"https:\/\/secure.gravatar.com\/avatar\/641f98db20b53ec937ceb641db4270b9?s=96&d=mm&r=g","caption":"Ivana Beaumond Paris"},"url":"https:\/\/www.ivanabeaumond.com.br\/vestidos-noiva\/author\/ivana\/"}]}},"_links":{"self":[{"href":"https:\/\/www.ivanabeaumond.com.br\/vestidos-noiva\/wp-json\/wp\/v2\/posts\/27579"}],"collection":[{"href":"https:\/\/www.ivanabeaumond.com.br\/vestidos-noiva\/wp-json\/wp\/v2\/posts"}],"about":[{"href":"https:\/\/www.ivanabeaumond.com.br\/vestidos-noiva\/wp-json\/wp\/v2\/types\/post"}],"author":[{"embeddable":true,"href":"https:\/\/www.ivanabeaumond.com.br\/vestidos-noiva\/wp-json\/wp\/v2\/users\/4"}],"replies":[{"embeddable":true,"href":"https:\/\/www.ivanabeaumond.com.br\/vestidos-noiva\/wp-json\/wp\/v2\/comments?post=27579"}],"version-history":[{"count":3,"href":"https:\/\/www.ivanabeaumond.com.br\/vestidos-noiva\/wp-json\/wp\/v2\/posts\/27579\/revisions"}],"predecessor-version":[{"id":27584,"href":"https:\/\/www.ivanabeaumond.com.br\/vestidos-noiva\/wp-json\/wp\/v2\/posts\/27579\/revisions\/27584"}],"wp:featuredmedia":[{"embeddable":true,"href":"https:\/\/www.ivanabeaumond.com.br\/vestidos-noiva\/wp-json\/wp\/v2\/media\/27580"}],"wp:attachment":[{"href":"https:\/\/www.ivanabeaumond.com.br\/vestidos-noiva\/wp-json\/wp\/v2\/media?parent=27579"}],"wp:term":[{"taxonomy":"category","embeddable":true,"href":"https:\/\/www.ivanabeaumond.com.br\/vestidos-noiva\/wp-json\/wp\/v2\/categories?post=27579"},{"taxonomy":"post_tag","embeddable":true,"href":"https:\/\/www.ivanabeaumond.com.br\/vestidos-noiva\/wp-json\/wp\/v2\/tags?post=27579"}],"curies":[{"name":"wp","href":"https:\/\/api.w.org\/{rel}","templated":true}]}}