{"id":27836,"date":"2021-04-29T14:01:25","date_gmt":"2021-04-29T17:01:25","guid":{"rendered":"https:\/\/www.ivanabeaumond.com.br\/vestidos-noiva\/?p=27836"},"modified":"2021-04-29T14:04:24","modified_gmt":"2021-04-29T17:04:24","slug":"saiba-tudo-sobre-o-vestido-de-casamento-da-rainha-elizabeth-ii","status":"publish","type":"post","link":"https:\/\/www.ivanabeaumond.com.br\/vestidos-noiva\/saiba-tudo-sobre-o-vestido-de-casamento-da-rainha-elizabeth-ii\/","title":{"rendered":"Saiba Tudo Sobre o Vestido De Casamento Da Rainha Elizabeth II"},"content":{"rendered":"\n<div style=\"height:30px\" aria-hidden=\"true\" class=\"wp-block-spacer\"><\/div>\n\n\n\n<div class=\"wp-block-image\"><figure class=\"aligncenter size-medium is-resized\"><a href=\"https:\/\/www.ivanabeaumond.com.br\/vestidos-noiva\/wp-content\/uploads\/2021\/04\/1-3.jpg\"><img decoding=\"async\" loading=\"lazy\" src=\"https:\/\/www.ivanabeaumond.com.br\/vestidos-noiva\/wp-content\/uploads\/2021\/04\/1-3-300x169.jpg\" alt=\"\" class=\"wp-image-27837\" width=\"533\" height=\"300\" srcset=\"https:\/\/www.ivanabeaumond.com.br\/vestidos-noiva\/wp-content\/uploads\/2021\/04\/1-3-300x169.jpg 300w, https:\/\/www.ivanabeaumond.com.br\/vestidos-noiva\/wp-content\/uploads\/2021\/04\/1-3-1024x576.jpg 1024w, https:\/\/www.ivanabeaumond.com.br\/vestidos-noiva\/wp-content\/uploads\/2021\/04\/1-3-768x432.jpg 768w, https:\/\/www.ivanabeaumond.com.br\/vestidos-noiva\/wp-content\/uploads\/2021\/04\/1-3.jpg 1299w\" sizes=\"(max-width: 533px) 100vw, 533px\" \/><\/a><\/figure><\/div>\n\n\n\n<div style=\"height:20px\" aria-hidden=\"true\" class=\"wp-block-spacer\"><\/div>\n\n\n\n<h4 class=\"has-text-align-center wp-block-heading\" style=\"font-size:17px\"><span style=\"color:#6b6c6d\" class=\"has-inline-color\">Com a morte do Pr\u00edncipe Philip, muitas not\u00edcias se remeteram ao casamento da Rainha Elizabeth II, recuperando as mem\u00f3rias da d\u00e9cada de quarenta e do enlace entre a monarca e seu consorte.<\/span><\/h4>\n\n\n\n<div style=\"height:20px\" aria-hidden=\"true\" class=\"wp-block-spacer\"><\/div>\n\n\n\n<h4 class=\"has-text-align-center wp-block-heading\" style=\"font-size:17px\"><span style=\"color:#6b6c6d\" class=\"has-inline-color\">Ainda assim, o que ningu\u00e9m esperava era que este tipo de conte\u00fado reacendesse o interesse n\u00e3o apenas pela celebra\u00e7\u00e3o deste matrim\u00f4nio, como tamb\u00e9m pelos trajes e vestidos utilizados na \u00e9poca.<\/span><\/h4>\n\n\n\n<div style=\"height:20px\" aria-hidden=\"true\" class=\"wp-block-spacer\"><\/div>\n\n\n\n<h4 class=\"has-text-align-center wp-block-heading\" style=\"font-size:17px\"><span style=\"color:#6b6c6d\" class=\"has-inline-color\">Diante desse cen\u00e1rio, a equipe Ivana Beaumond decidiu trazer todos os detalhes sobre o modelo utilizado pela ent\u00e3o princesa em sua cerim\u00f4nia, desvendando os mist\u00e9rios e curiosidades sobre a pe\u00e7a. Acompanhe a leitura e surpreenda-se:<\/span><\/h4>\n\n\n\n<div style=\"height:20px\" aria-hidden=\"true\" class=\"wp-block-spacer\"><\/div>\n\n\n\n<div class=\"wp-block-image\"><figure class=\"aligncenter size-large is-resized\"><a href=\"https:\/\/www.ivanabeaumond.com.br\/vestidos-noiva\/wp-content\/uploads\/2021\/04\/2-2.jpg\"><img decoding=\"async\" loading=\"lazy\" src=\"https:\/\/www.ivanabeaumond.com.br\/vestidos-noiva\/wp-content\/uploads\/2021\/04\/2-2.jpg\" alt=\"\" class=\"wp-image-27838\" width=\"456\" height=\"615\" srcset=\"https:\/\/www.ivanabeaumond.com.br\/vestidos-noiva\/wp-content\/uploads\/2021\/04\/2-2.jpg 480w, https:\/\/www.ivanabeaumond.com.br\/vestidos-noiva\/wp-content\/uploads\/2021\/04\/2-2-223x300.jpg 223w\" sizes=\"(max-width: 456px) 100vw, 456px\" \/><\/a><\/figure><\/div>\n\n\n\n<div style=\"height:20px\" aria-hidden=\"true\" class=\"wp-block-spacer\"><\/div>\n\n\n\n<h4 class=\"has-text-align-center wp-block-heading\" style=\"font-size:17px\"><span style=\"color:#6b6c6d\" class=\"has-inline-color\">Ainda com o t\u00edtulo de princesa, Elizabeth Windsor e o pr\u00edncipe Philip Mountbatten se casaram em 20 de novembro de 1947, na Abadia de Westminster. Dada a escassez roupas na \u00e9poca, j\u00e1 que a Segunda Guerra Mundial havia chegado ao fim somente dois anos antes, a futura rainha teve que comprar o material usando cupons de racionamento.<\/span><\/h4>\n\n\n\n<div style=\"height:20px\" aria-hidden=\"true\" class=\"wp-block-spacer\"><\/div>\n\n\n\n<h4 class=\"has-text-align-center wp-block-heading\" style=\"font-size:17px\"><span style=\"color:#6b6c6d\" class=\"has-inline-color\">Contudo, isso n\u00e3o a impediu de fazer o melhor dentro das possibilidades. Com o tecido adquirido aos trancos e barrancos, o modelo foi desenhado por Norman Hartnell e o esbo\u00e7o foi aprovado cerca de tr\u00eas meses antes do enlace.<\/span><\/h4>\n\n\n\n<div style=\"height:20px\" aria-hidden=\"true\" class=\"wp-block-spacer\"><\/div>\n\n\n\n<h4 class=\"has-text-align-center wp-block-heading\" style=\"font-size:17px\"><span style=\"color:#6b6c6d\" class=\"has-inline-color\">Apesar disso, tudo foi mantido em segredo. Em especial, porque a princesa temia que, se os detalhes fossem publicados, c\u00f3pias da grife impossibilitariam que ela fizesse altera\u00e7\u00f5es de \u00faltima hora no design. Logo, o vestido foi levado ao pal\u00e1cio somente um dia antes do casamento, garantindo que tudo fosse uma verdadeira surpresa.<\/span><\/h4>\n\n\n\n<div style=\"height:20px\" aria-hidden=\"true\" class=\"wp-block-spacer\"><\/div>\n\n\n\n<div class=\"wp-block-image\"><figure class=\"aligncenter size-large is-resized\"><a href=\"https:\/\/www.ivanabeaumond.com.br\/vestidos-noiva\/wp-content\/uploads\/2021\/04\/3-4.jpg\"><img decoding=\"async\" loading=\"lazy\" src=\"https:\/\/www.ivanabeaumond.com.br\/vestidos-noiva\/wp-content\/uploads\/2021\/04\/3-4.jpg\" alt=\"\" class=\"wp-image-27839\" width=\"514\" height=\"657\" srcset=\"https:\/\/www.ivanabeaumond.com.br\/vestidos-noiva\/wp-content\/uploads\/2021\/04\/3-4.jpg 800w, https:\/\/www.ivanabeaumond.com.br\/vestidos-noiva\/wp-content\/uploads\/2021\/04\/3-4-234x300.jpg 234w, https:\/\/www.ivanabeaumond.com.br\/vestidos-noiva\/wp-content\/uploads\/2021\/04\/3-4-768x983.jpg 768w\" sizes=\"(max-width: 514px) 100vw, 514px\" \/><\/a><\/figure><\/div>\n\n\n\n<div style=\"height:20px\" aria-hidden=\"true\" class=\"wp-block-spacer\"><\/div>\n\n\n\n<h4 class=\"has-text-align-center wp-block-heading\" style=\"font-size:17px\"><span style=\"color:#6b6c6d\" class=\"has-inline-color\">No dia, os s\u00faditos puderam conferir um vestido que contava com uma manga longa, decote em formato cora\u00e7\u00e3o e um corpete feito sob medida. A pe\u00e7a era feita de seda chinesa e o pano foi escolhido por ordem espec\u00edfica de sua m\u00e3e, que desejava um material \u201cexcepcionalmente rico e lustroso\u201d.<\/span><\/h4>\n\n\n\n<div style=\"height:20px\" aria-hidden=\"true\" class=\"wp-block-spacer\"><\/div>\n\n\n\n<h4 class=\"has-text-align-center wp-block-heading\" style=\"font-size:17px\"><span style=\"color:#6b6c6d\" class=\"has-inline-color\">Al\u00e9m disso, o cetim foi escolhido para a cauda, ao passo em que tudo foi decorado com cristais e mais de dez mil p\u00e9rolas, importadas dos Estados Unidos. E, para complementar, o v\u00e9u de tule usado pela noiva contava ainda com uma tiara de diamantes para ampar\u00e1-lo. Um verdadeiro charme!<\/span><\/h4>\n\n\n\n<div style=\"height:20px\" aria-hidden=\"true\" class=\"wp-block-spacer\"><\/div>\n\n\n\n<h4 class=\"has-text-align-center wp-block-heading\" style=\"font-size:17px\"><span style=\"color:#6b6c6d\" class=\"has-inline-color\">Na \u00e9poca, Hartnell, que era designer da corte desde 1938, afirmou que era &#8220;o vestido mais lindo que eu j\u00e1 fiz&#8221; e ainda afirmou que suas maiores inspira\u00e7\u00f5es foram as obras de Botticelli, presentes nas galerias de arte de Londres.<\/span><\/h4>\n\n\n\n<div style=\"height:20px\" aria-hidden=\"true\" class=\"wp-block-spacer\"><\/div>\n\n\n\n<h4 class=\"has-text-align-center wp-block-heading\" style=\"font-size:17px\"><span style=\"color:#6b6c6d\" class=\"has-inline-color\">E voc\u00ea, o que achou deste modelo? Conte para a gente <a href=\"https:\/\/www.instagram.com\/ivanabeaumond\/\">pelas redes sociais da Ivana Beaumond<\/a> e aproveite para <a href=\"https:\/\/www.ivanabeaumond.com.br\/vestidos-noiva\/moda-noiva-rj\/\">escolher o seu vestido preferido no nosso ateli\u00ea!<\/a><\/span><\/h4>\n","protected":false},"excerpt":{"rendered":"<p>Com a morte do Pr\u00edncipe Philip, muitas not\u00edcias se remeteram&#8230;<\/p>\n","protected":false},"author":4,"featured_media":27837,"comment_status":"open","ping_status":"closed","sticky":false,"template":"","format":"standard","meta":[],"categories":[60,127],"tags":[1085,1121,660,1019,215,512,559,842,1118,132,671,638,286,959,278,107,903,455,155,98,296,157,164,858,857,885,108,212,213,258,532,174,199,115,762,690,200],"yoast_head":"<!-- This site is optimized with the Yoast SEO plugin v20.3 - https:\/\/yoast.com\/wordpress\/plugins\/seo\/ -->\n<title>Saiba Tudo Sobre o Vestido De Casamento Da Rainha Elizabeth II - Vestido de Noiva RJ<\/title>\n<meta name=\"robots\" content=\"index, follow, max-snippet:-1, max-image-preview:large, max-video-preview:-1\" \/>\n<link rel=\"canonical\" href=\"https:\/\/www.ivanabeaumond.com.br\/vestidos-noiva\/saiba-tudo-sobre-o-vestido-de-casamento-da-rainha-elizabeth-ii\/\" \/>\n<meta property=\"og:locale\" content=\"pt_BR\" \/>\n<meta property=\"og:type\" content=\"article\" \/>\n<meta property=\"og:title\" content=\"Saiba Tudo Sobre o Vestido De Casamento Da Rainha Elizabeth II - Vestido de Noiva RJ\" \/>\n<meta property=\"og:description\" content=\"Com a morte do Pr\u00edncipe Philip, muitas not\u00edcias se remeteram...\" \/>\n<meta property=\"og:url\" content=\"https:\/\/www.ivanabeaumond.com.br\/vestidos-noiva\/saiba-tudo-sobre-o-vestido-de-casamento-da-rainha-elizabeth-ii\/\" \/>\n<meta property=\"og:site_name\" content=\"Vestido de Noiva RJ\" \/>\n<meta property=\"article:publisher\" content=\"https:\/\/www.facebook.com\/ivana.beaumondnoivas\" \/>\n<meta property=\"article:published_time\" content=\"2021-04-29T17:01:25+00:00\" \/>\n<meta property=\"article:modified_time\" content=\"2021-04-29T17:04:24+00:00\" \/>\n<meta property=\"og:image\" content=\"https:\/\/www.ivanabeaumond.com.br\/vestidos-noiva\/wp-content\/uploads\/2021\/04\/1-3.jpg\" \/>\n\t<meta property=\"og:image:width\" content=\"1299\" \/>\n\t<meta property=\"og:image:height\" content=\"731\" \/>\n\t<meta property=\"og:image:type\" content=\"image\/jpeg\" \/>\n<meta name=\"author\" content=\"Ivana Beaumond Paris\" \/>\n<meta name=\"twitter:card\" content=\"summary_large_image\" \/>\n<meta name=\"twitter:label1\" content=\"Escrito por\" \/>\n\t<meta name=\"twitter:data1\" content=\"Ivana Beaumond Paris\" \/>\n\t<meta name=\"twitter:label2\" content=\"Est. tempo de leitura\" \/>\n\t<meta name=\"twitter:data2\" content=\"2 minutos\" \/>\n<script type=\"application\/ld+json\" class=\"yoast-schema-graph\">{\"@context\":\"https:\/\/schema.org\",\"@graph\":[{\"@type\":\"Article\",\"@id\":\"https:\/\/www.ivanabeaumond.com.br\/vestidos-noiva\/saiba-tudo-sobre-o-vestido-de-casamento-da-rainha-elizabeth-ii\/#article\",\"isPartOf\":{\"@id\":\"https:\/\/www.ivanabeaumond.com.br\/vestidos-noiva\/saiba-tudo-sobre-o-vestido-de-casamento-da-rainha-elizabeth-ii\/\"},\"author\":{\"name\":\"Ivana Beaumond Paris\",\"@id\":\"https:\/\/www.ivanabeaumond.com.br\/vestidos-noiva\/#\/schema\/person\/1a360c4cffa3b806d29a456389dcff26\"},\"headline\":\"Saiba Tudo Sobre o Vestido De Casamento Da Rainha Elizabeth II\",\"datePublished\":\"2021-04-29T17:01:25+00:00\",\"dateModified\":\"2021-04-29T17:04:24+00:00\",\"mainEntityOfPage\":{\"@id\":\"https:\/\/www.ivanabeaumond.com.br\/vestidos-noiva\/saiba-tudo-sobre-o-vestido-de-casamento-da-rainha-elizabeth-ii\/\"},\"wordCount\":454,\"commentCount\":0,\"publisher\":{\"@id\":\"https:\/\/www.ivanabeaumond.com.br\/vestidos-noiva\/#organization\"},\"keywords\":[\"alugar vestido de noiva rj\",\"ateli\u00ea de noivas\",\"atelier de noivas\",\"atelier de noivas rj\",\"Atelierdenoiva\",\"blog de noiva\",\"blog de noivas\",\"dicas de noiva\",\"dicas de vestido de noiva\",\"dicas ivana\",\"estilista de noiva\",\"estilista de noivas\",\"ivana beaumond\",\"ivana beaumond itanhang\u00e1\",\"ivana beaumond paris\",\"ivanabeaumond\",\"loja de noivas\",\"moda noiva\",\"modanoiva\",\"noiva\",\"noiva cl\u00e1ssica\",\"noiva e noivo\",\"noivas\",\"noivas rio de janeiro\",\"noivas rj\",\"noivas rom\u00e2nticas\",\"noivasivanabeaumond\",\"noivasriodejaneiro\",\"noivasrj\",\"noivinha\",\"princesa\",\"princesas\",\"sobmedidanoiva\",\"vestido de noiva\",\"vestido de noiva branco\",\"vestido de noiva rj\",\"VestidoDeNoivaRJ\"],\"articleSection\":[\"Blog\",\"Dicas e Truques\"],\"inLanguage\":\"pt-BR\",\"potentialAction\":[{\"@type\":\"CommentAction\",\"name\":\"Comment\",\"target\":[\"https:\/\/www.ivanabeaumond.com.br\/vestidos-noiva\/saiba-tudo-sobre-o-vestido-de-casamento-da-rainha-elizabeth-ii\/#respond\"]}]},{\"@type\":\"WebPage\",\"@id\":\"https:\/\/www.ivanabeaumond.com.br\/vestidos-noiva\/saiba-tudo-sobre-o-vestido-de-casamento-da-rainha-elizabeth-ii\/\",\"url\":\"https:\/\/www.ivanabeaumond.com.br\/vestidos-noiva\/saiba-tudo-sobre-o-vestido-de-casamento-da-rainha-elizabeth-ii\/\",\"name\":\"Saiba Tudo Sobre o Vestido De Casamento Da Rainha Elizabeth II - Vestido de Noiva RJ\",\"isPartOf\":{\"@id\":\"https:\/\/www.ivanabeaumond.com.br\/vestidos-noiva\/#website\"},\"datePublished\":\"2021-04-29T17:01:25+00:00\",\"dateModified\":\"2021-04-29T17:04:24+00:00\",\"breadcrumb\":{\"@id\":\"https:\/\/www.ivanabeaumond.com.br\/vestidos-noiva\/saiba-tudo-sobre-o-vestido-de-casamento-da-rainha-elizabeth-ii\/#breadcrumb\"},\"inLanguage\":\"pt-BR\",\"potentialAction\":[{\"@type\":\"ReadAction\",\"target\":[\"https:\/\/www.ivanabeaumond.com.br\/vestidos-noiva\/saiba-tudo-sobre-o-vestido-de-casamento-da-rainha-elizabeth-ii\/\"]}]},{\"@type\":\"BreadcrumbList\",\"@id\":\"https:\/\/www.ivanabeaumond.com.br\/vestidos-noiva\/saiba-tudo-sobre-o-vestido-de-casamento-da-rainha-elizabeth-ii\/#breadcrumb\",\"itemListElement\":[{\"@type\":\"ListItem\",\"position\":1,\"name\":\"In\u00edcio\",\"item\":\"https:\/\/www.ivanabeaumond.com.br\/vestidos-noiva\/\"},{\"@type\":\"ListItem\",\"position\":2,\"name\":\"Saiba Tudo Sobre o Vestido De Casamento Da Rainha Elizabeth II\"}]},{\"@type\":\"WebSite\",\"@id\":\"https:\/\/www.ivanabeaumond.com.br\/vestidos-noiva\/#website\",\"url\":\"https:\/\/www.ivanabeaumond.com.br\/vestidos-noiva\/\",\"name\":\"Vestido de Noiva RJ\",\"description\":\"Moda Noiva\",\"publisher\":{\"@id\":\"https:\/\/www.ivanabeaumond.com.br\/vestidos-noiva\/#organization\"},\"potentialAction\":[{\"@type\":\"SearchAction\",\"target\":{\"@type\":\"EntryPoint\",\"urlTemplate\":\"https:\/\/www.ivanabeaumond.com.br\/vestidos-noiva\/?s={search_term_string}\"},\"query-input\":\"required name=search_term_string\"}],\"inLanguage\":\"pt-BR\"},{\"@type\":\"Organization\",\"@id\":\"https:\/\/www.ivanabeaumond.com.br\/vestidos-noiva\/#organization\",\"name\":\"Vestido de Noiva RJ\",\"url\":\"https:\/\/www.ivanabeaumond.com.br\/vestidos-noiva\/\",\"logo\":{\"@type\":\"ImageObject\",\"inLanguage\":\"pt-BR\",\"@id\":\"https:\/\/www.ivanabeaumond.com.br\/vestidos-noiva\/#\/schema\/logo\/image\/\",\"url\":\"https:\/\/www.ivanabeaumond.com.br\/vestidos-noiva\/wp-content\/uploads\/2018\/02\/logo_ivana_beaumond-2.png\",\"contentUrl\":\"https:\/\/www.ivanabeaumond.com.br\/vestidos-noiva\/wp-content\/uploads\/2018\/02\/logo_ivana_beaumond-2.png\",\"width\":230,\"height\":112,\"caption\":\"Vestido de Noiva RJ\"},\"image\":{\"@id\":\"https:\/\/www.ivanabeaumond.com.br\/vestidos-noiva\/#\/schema\/logo\/image\/\"},\"sameAs\":[\"https:\/\/www.facebook.com\/ivana.beaumondnoivas\",\"https:\/\/www.instagram.com\/ivanabeaumond\/\",\"https:\/\/www.tiktok.com\/@ivanabeaumond\"]},{\"@type\":\"Person\",\"@id\":\"https:\/\/www.ivanabeaumond.com.br\/vestidos-noiva\/#\/schema\/person\/1a360c4cffa3b806d29a456389dcff26\",\"name\":\"Ivana Beaumond Paris\",\"image\":{\"@type\":\"ImageObject\",\"inLanguage\":\"pt-BR\",\"@id\":\"https:\/\/www.ivanabeaumond.com.br\/vestidos-noiva\/#\/schema\/person\/image\/\",\"url\":\"https:\/\/secure.gravatar.com\/avatar\/641f98db20b53ec937ceb641db4270b9?s=96&d=mm&r=g\",\"contentUrl\":\"https:\/\/secure.gravatar.com\/avatar\/641f98db20b53ec937ceb641db4270b9?s=96&d=mm&r=g\",\"caption\":\"Ivana Beaumond Paris\"},\"url\":\"https:\/\/www.ivanabeaumond.com.br\/vestidos-noiva\/author\/ivana\/\"}]}<\/script>\n<!-- \/ Yoast SEO plugin. -->","yoast_head_json":{"title":"Saiba Tudo Sobre o Vestido De Casamento Da Rainha Elizabeth II - Vestido de Noiva RJ","robots":{"index":"index","follow":"follow","max-snippet":"max-snippet:-1","max-image-preview":"max-image-preview:large","max-video-preview":"max-video-preview:-1"},"canonical":"https:\/\/www.ivanabeaumond.com.br\/vestidos-noiva\/saiba-tudo-sobre-o-vestido-de-casamento-da-rainha-elizabeth-ii\/","og_locale":"pt_BR","og_type":"article","og_title":"Saiba Tudo Sobre o Vestido De Casamento Da Rainha Elizabeth II - Vestido de Noiva RJ","og_description":"Com a morte do Pr\u00edncipe Philip, muitas not\u00edcias se remeteram...","og_url":"https:\/\/www.ivanabeaumond.com.br\/vestidos-noiva\/saiba-tudo-sobre-o-vestido-de-casamento-da-rainha-elizabeth-ii\/","og_site_name":"Vestido de Noiva RJ","article_publisher":"https:\/\/www.facebook.com\/ivana.beaumondnoivas","article_published_time":"2021-04-29T17:01:25+00:00","article_modified_time":"2021-04-29T17:04:24+00:00","og_image":[{"width":1299,"height":731,"url":"https:\/\/www.ivanabeaumond.com.br\/vestidos-noiva\/wp-content\/uploads\/2021\/04\/1-3.jpg","type":"image\/jpeg"}],"author":"Ivana Beaumond Paris","twitter_card":"summary_large_image","twitter_misc":{"Escrito por":"Ivana Beaumond Paris","Est. tempo de leitura":"2 minutos"},"schema":{"@context":"https:\/\/schema.org","@graph":[{"@type":"Article","@id":"https:\/\/www.ivanabeaumond.com.br\/vestidos-noiva\/saiba-tudo-sobre-o-vestido-de-casamento-da-rainha-elizabeth-ii\/#article","isPartOf":{"@id":"https:\/\/www.ivanabeaumond.com.br\/vestidos-noiva\/saiba-tudo-sobre-o-vestido-de-casamento-da-rainha-elizabeth-ii\/"},"author":{"name":"Ivana Beaumond Paris","@id":"https:\/\/www.ivanabeaumond.com.br\/vestidos-noiva\/#\/schema\/person\/1a360c4cffa3b806d29a456389dcff26"},"headline":"Saiba Tudo Sobre o Vestido De Casamento Da Rainha Elizabeth II","datePublished":"2021-04-29T17:01:25+00:00","dateModified":"2021-04-29T17:04:24+00:00","mainEntityOfPage":{"@id":"https:\/\/www.ivanabeaumond.com.br\/vestidos-noiva\/saiba-tudo-sobre-o-vestido-de-casamento-da-rainha-elizabeth-ii\/"},"wordCount":454,"commentCount":0,"publisher":{"@id":"https:\/\/www.ivanabeaumond.com.br\/vestidos-noiva\/#organization"},"keywords":["alugar vestido de noiva rj","ateli\u00ea de noivas","atelier de noivas","atelier de noivas rj","Atelierdenoiva","blog de noiva","blog de noivas","dicas de noiva","dicas de vestido de noiva","dicas ivana","estilista de noiva","estilista de noivas","ivana beaumond","ivana beaumond itanhang\u00e1","ivana beaumond paris","ivanabeaumond","loja de noivas","moda noiva","modanoiva","noiva","noiva cl\u00e1ssica","noiva e noivo","noivas","noivas rio de janeiro","noivas rj","noivas rom\u00e2nticas","noivasivanabeaumond","noivasriodejaneiro","noivasrj","noivinha","princesa","princesas","sobmedidanoiva","vestido de noiva","vestido de noiva branco","vestido de noiva rj","VestidoDeNoivaRJ"],"articleSection":["Blog","Dicas e Truques"],"inLanguage":"pt-BR","potentialAction":[{"@type":"CommentAction","name":"Comment","target":["https:\/\/www.ivanabeaumond.com.br\/vestidos-noiva\/saiba-tudo-sobre-o-vestido-de-casamento-da-rainha-elizabeth-ii\/#respond"]}]},{"@type":"WebPage","@id":"https:\/\/www.ivanabeaumond.com.br\/vestidos-noiva\/saiba-tudo-sobre-o-vestido-de-casamento-da-rainha-elizabeth-ii\/","url":"https:\/\/www.ivanabeaumond.com.br\/vestidos-noiva\/saiba-tudo-sobre-o-vestido-de-casamento-da-rainha-elizabeth-ii\/","name":"Saiba Tudo Sobre o Vestido De Casamento Da Rainha Elizabeth II - Vestido de Noiva RJ","isPartOf":{"@id":"https:\/\/www.ivanabeaumond.com.br\/vestidos-noiva\/#website"},"datePublished":"2021-04-29T17:01:25+00:00","dateModified":"2021-04-29T17:04:24+00:00","breadcrumb":{"@id":"https:\/\/www.ivanabeaumond.com.br\/vestidos-noiva\/saiba-tudo-sobre-o-vestido-de-casamento-da-rainha-elizabeth-ii\/#breadcrumb"},"inLanguage":"pt-BR","potentialAction":[{"@type":"ReadAction","target":["https:\/\/www.ivanabeaumond.com.br\/vestidos-noiva\/saiba-tudo-sobre-o-vestido-de-casamento-da-rainha-elizabeth-ii\/"]}]},{"@type":"BreadcrumbList","@id":"https:\/\/www.ivanabeaumond.com.br\/vestidos-noiva\/saiba-tudo-sobre-o-vestido-de-casamento-da-rainha-elizabeth-ii\/#breadcrumb","itemListElement":[{"@type":"ListItem","position":1,"name":"In\u00edcio","item":"https:\/\/www.ivanabeaumond.com.br\/vestidos-noiva\/"},{"@type":"ListItem","position":2,"name":"Saiba Tudo Sobre o Vestido De Casamento Da Rainha Elizabeth II"}]},{"@type":"WebSite","@id":"https:\/\/www.ivanabeaumond.com.br\/vestidos-noiva\/#website","url":"https:\/\/www.ivanabeaumond.com.br\/vestidos-noiva\/","name":"Vestido de Noiva RJ","description":"Moda Noiva","publisher":{"@id":"https:\/\/www.ivanabeaumond.com.br\/vestidos-noiva\/#organization"},"potentialAction":[{"@type":"SearchAction","target":{"@type":"EntryPoint","urlTemplate":"https:\/\/www.ivanabeaumond.com.br\/vestidos-noiva\/?s={search_term_string}"},"query-input":"required name=search_term_string"}],"inLanguage":"pt-BR"},{"@type":"Organization","@id":"https:\/\/www.ivanabeaumond.com.br\/vestidos-noiva\/#organization","name":"Vestido de Noiva RJ","url":"https:\/\/www.ivanabeaumond.com.br\/vestidos-noiva\/","logo":{"@type":"ImageObject","inLanguage":"pt-BR","@id":"https:\/\/www.ivanabeaumond.com.br\/vestidos-noiva\/#\/schema\/logo\/image\/","url":"https:\/\/www.ivanabeaumond.com.br\/vestidos-noiva\/wp-content\/uploads\/2018\/02\/logo_ivana_beaumond-2.png","contentUrl":"https:\/\/www.ivanabeaumond.com.br\/vestidos-noiva\/wp-content\/uploads\/2018\/02\/logo_ivana_beaumond-2.png","width":230,"height":112,"caption":"Vestido de Noiva RJ"},"image":{"@id":"https:\/\/www.ivanabeaumond.com.br\/vestidos-noiva\/#\/schema\/logo\/image\/"},"sameAs":["https:\/\/www.facebook.com\/ivana.beaumondnoivas","https:\/\/www.instagram.com\/ivanabeaumond\/","https:\/\/www.tiktok.com\/@ivanabeaumond"]},{"@type":"Person","@id":"https:\/\/www.ivanabeaumond.com.br\/vestidos-noiva\/#\/schema\/person\/1a360c4cffa3b806d29a456389dcff26","name":"Ivana Beaumond Paris","image":{"@type":"ImageObject","inLanguage":"pt-BR","@id":"https:\/\/www.ivanabeaumond.com.br\/vestidos-noiva\/#\/schema\/person\/image\/","url":"https:\/\/secure.gravatar.com\/avatar\/641f98db20b53ec937ceb641db4270b9?s=96&d=mm&r=g","contentUrl":"https:\/\/secure.gravatar.com\/avatar\/641f98db20b53ec937ceb641db4270b9?s=96&d=mm&r=g","caption":"Ivana Beaumond Paris"},"url":"https:\/\/www.ivanabeaumond.com.br\/vestidos-noiva\/author\/ivana\/"}]}},"_links":{"self":[{"href":"https:\/\/www.ivanabeaumond.com.br\/vestidos-noiva\/wp-json\/wp\/v2\/posts\/27836"}],"collection":[{"href":"https:\/\/www.ivanabeaumond.com.br\/vestidos-noiva\/wp-json\/wp\/v2\/posts"}],"about":[{"href":"https:\/\/www.ivanabeaumond.com.br\/vestidos-noiva\/wp-json\/wp\/v2\/types\/post"}],"author":[{"embeddable":true,"href":"https:\/\/www.ivanabeaumond.com.br\/vestidos-noiva\/wp-json\/wp\/v2\/users\/4"}],"replies":[{"embeddable":true,"href":"https:\/\/www.ivanabeaumond.com.br\/vestidos-noiva\/wp-json\/wp\/v2\/comments?post=27836"}],"version-history":[{"count":3,"href":"https:\/\/www.ivanabeaumond.com.br\/vestidos-noiva\/wp-json\/wp\/v2\/posts\/27836\/revisions"}],"predecessor-version":[{"id":27929,"href":"https:\/\/www.ivanabeaumond.com.br\/vestidos-noiva\/wp-json\/wp\/v2\/posts\/27836\/revisions\/27929"}],"wp:featuredmedia":[{"embeddable":true,"href":"https:\/\/www.ivanabeaumond.com.br\/vestidos-noiva\/wp-json\/wp\/v2\/media\/27837"}],"wp:attachment":[{"href":"https:\/\/www.ivanabeaumond.com.br\/vestidos-noiva\/wp-json\/wp\/v2\/media?parent=27836"}],"wp:term":[{"taxonomy":"category","embeddable":true,"href":"https:\/\/www.ivanabeaumond.com.br\/vestidos-noiva\/wp-json\/wp\/v2\/categories?post=27836"},{"taxonomy":"post_tag","embeddable":true,"href":"https:\/\/www.ivanabeaumond.com.br\/vestidos-noiva\/wp-json\/wp\/v2\/tags?post=27836"}],"curies":[{"name":"wp","href":"https:\/\/api.w.org\/{rel}","templated":true}]}}