{"id":28141,"date":"2021-06-11T15:08:32","date_gmt":"2021-06-11T18:08:32","guid":{"rendered":"https:\/\/www.ivanabeaumond.com.br\/vestidos-noiva\/?p=28141"},"modified":"2021-06-11T15:08:35","modified_gmt":"2021-06-11T18:08:35","slug":"dia-dos-namorados-em-casa-como-comemorar","status":"publish","type":"post","link":"https:\/\/www.ivanabeaumond.com.br\/vestidos-noiva\/dia-dos-namorados-em-casa-como-comemorar\/","title":{"rendered":"DIA DOS NAMORADOS EM CASA: COMO COMEMORAR?"},"content":{"rendered":"\n<h4 class=\"wp-block-heading\">Mais um ano o dia dos namorados ser\u00e1 comemorado de um jeito diferente, mas nem por isso precisa passar em branco ou com desanimo. Vamos estar dando dicas bem legais para que possa surpreender seu amado (a) e sem furar a quarentena.<\/h4>\n\n\n\n<div style=\"height:30px\" aria-hidden=\"true\" class=\"wp-block-spacer\"><\/div>\n\n\n\n<h4 class=\"wp-block-heading\">Alguns casais escolheram passar a quarentena juntos, fazendo um leve test drive de como ser\u00e1 viver juntos e outros j\u00e1 moravam, por\u00e9m, mesmo com a rotina do dia a dia \u00e9 sempre bom fazer uma coisinha diferente. Deixe a vergonha de lado se nunca fez e surpreenda seu amor.<\/h4>\n\n\n\n<div style=\"height:30px\" aria-hidden=\"true\" class=\"wp-block-spacer\"><\/div>\n\n\n\n<h1 class=\"wp-block-heading\"><strong>~ Jantar Rom\u00e2ntico<\/strong><\/h1>\n\n\n\n<div style=\"height:30px\" aria-hidden=\"true\" class=\"wp-block-spacer\"><\/div>\n\n\n\n<h4 class=\"wp-block-heading\">Parece clich\u00ea, mas traz um clima muito gostoso. Quem n\u00e3o gosta de um bom jantar a luz de velas e melhor, na companhia de quem amamos?!\u00a0 Caso goste de cozinhar voc\u00ea mesma pode montar um menu bem especial, massa e vinho \u00e9 uma \u00f3tima pedida.<br>Fa\u00e7a uma decora\u00e7\u00e3o, acenda um incenso, perfume o ambiente e s\u00f3 esperar seu amado chegar.<br>Caso morem em casas separadas, podem fazer uma chamada de v\u00eddeo, pedir a mesma comida pelo delivery e curtir juntinhos mesmo a dist\u00e2ncia. Esse gesto simples de matar a saudade da uma aquecida no cora\u00e7\u00e3o, al\u00e9m de ser algo totalmente diferente, com certeza ser\u00e1 uma experi\u00eancia \u00fanica.<\/h4>\n\n\n\n<div style=\"height:30px\" aria-hidden=\"true\" class=\"wp-block-spacer\"><\/div>\n\n\n\n<figure class=\"wp-block-gallery aligncenter columns-1 is-cropped wp-block-gallery-1 is-layout-flex\"><ul class=\"blocks-gallery-grid\"><li class=\"blocks-gallery-item\"><figure><a href=\"https:\/\/www.ivanabeaumond.com.br\/vestidos-noiva\/wp-content\/uploads\/2021\/06\/jantar-romantico.jpg\"><img decoding=\"async\" loading=\"lazy\" width=\"1024\" height=\"684\" src=\"https:\/\/www.ivanabeaumond.com.br\/vestidos-noiva\/wp-content\/uploads\/2021\/06\/jantar-romantico-1024x684.jpg\" alt=\"\" data-id=\"28143\" data-full-url=\"https:\/\/www.ivanabeaumond.com.br\/vestidos-noiva\/wp-content\/uploads\/2021\/06\/jantar-romantico.jpg\" data-link=\"https:\/\/www.ivanabeaumond.com.br\/vestidos-noiva\/?attachment_id=28143\" class=\"wp-image-28143\" srcset=\"https:\/\/www.ivanabeaumond.com.br\/vestidos-noiva\/wp-content\/uploads\/2021\/06\/jantar-romantico-1024x684.jpg 1024w, https:\/\/www.ivanabeaumond.com.br\/vestidos-noiva\/wp-content\/uploads\/2021\/06\/jantar-romantico-300x201.jpg 300w, https:\/\/www.ivanabeaumond.com.br\/vestidos-noiva\/wp-content\/uploads\/2021\/06\/jantar-romantico-768x513.jpg 768w, https:\/\/www.ivanabeaumond.com.br\/vestidos-noiva\/wp-content\/uploads\/2021\/06\/jantar-romantico-480x320.jpg 480w, https:\/\/www.ivanabeaumond.com.br\/vestidos-noiva\/wp-content\/uploads\/2021\/06\/jantar-romantico.jpg 1200w\" sizes=\"(max-width: 1024px) 100vw, 1024px\" \/><\/a><\/figure><\/li><\/ul><\/figure>\n\n\n\n<div style=\"height:30px\" aria-hidden=\"true\" class=\"wp-block-spacer\"><\/div>\n\n\n\n<h1 class=\"wp-block-heading\"><strong>~ Caf\u00e9 da manh\u00e3 na cama ou mesa<\/strong><\/h1>\n\n\n\n<div style=\"height:30px\" aria-hidden=\"true\" class=\"wp-block-spacer\"><\/div>\n\n\n\n<h4 class=\"wp-block-heading\">Quem n\u00e3o gosto de ter aquele caf\u00e9 de hotel quando acordamos? Pra quem tem a sorte de acordar juntinho todos os dias, levante uns minutinhos mais cedo, monta aquela mesa com p\u00e3es, sucos, bolos, umas frutas, estilo caf\u00e9 de comercial de margarina. Por mais que \u2018\u2019alguns\u2019\u2019 ainda tem o habito de tomar caf\u00e9 juntos, normalmente \u00e9 algo mais tradicional, n\u00e3o esque\u00e7a de incrementar com fotos de voc\u00eas, bilhetinhos e etc.\u00a0 Lembre-se apenas de que pode ser necess\u00e1rio ir ao mercado ou padaria um dia antes para comprar os quitutes ou, se preferirem, encomendem uma cesta de caf\u00e9 da manh\u00e3 com entrega \u00e0 domic\u00edlio. Uma playlist tamb\u00e9m \u00e9 sempre bem vinda em momentos como esses \ud83d\ude0a<\/h4>\n\n\n\n<div style=\"height:30px\" aria-hidden=\"true\" class=\"wp-block-spacer\"><\/div>\n\n\n\n<figure class=\"wp-block-gallery columns-1 is-cropped wp-block-gallery-3 is-layout-flex\"><ul class=\"blocks-gallery-grid\"><li class=\"blocks-gallery-item\"><figure><a href=\"https:\/\/www.ivanabeaumond.com.br\/vestidos-noiva\/wp-content\/uploads\/2021\/06\/595ebe4dc9d07dd7b505fa71a6cd4be1-1.jpg\"><img decoding=\"async\" loading=\"lazy\" width=\"819\" height=\"1024\" src=\"https:\/\/www.ivanabeaumond.com.br\/vestidos-noiva\/wp-content\/uploads\/2021\/06\/595ebe4dc9d07dd7b505fa71a6cd4be1-1-819x1024.jpg\" alt=\"\" data-id=\"28145\" data-full-url=\"https:\/\/www.ivanabeaumond.com.br\/vestidos-noiva\/wp-content\/uploads\/2021\/06\/595ebe4dc9d07dd7b505fa71a6cd4be1-1.jpg\" data-link=\"https:\/\/www.ivanabeaumond.com.br\/vestidos-noiva\/?attachment_id=28145\" class=\"wp-image-28145\" srcset=\"https:\/\/www.ivanabeaumond.com.br\/vestidos-noiva\/wp-content\/uploads\/2021\/06\/595ebe4dc9d07dd7b505fa71a6cd4be1-1-819x1024.jpg 819w, https:\/\/www.ivanabeaumond.com.br\/vestidos-noiva\/wp-content\/uploads\/2021\/06\/595ebe4dc9d07dd7b505fa71a6cd4be1-1-240x300.jpg 240w, https:\/\/www.ivanabeaumond.com.br\/vestidos-noiva\/wp-content\/uploads\/2021\/06\/595ebe4dc9d07dd7b505fa71a6cd4be1-1-768x960.jpg 768w, https:\/\/www.ivanabeaumond.com.br\/vestidos-noiva\/wp-content\/uploads\/2021\/06\/595ebe4dc9d07dd7b505fa71a6cd4be1-1.jpg 1080w\" sizes=\"(max-width: 819px) 100vw, 819px\" \/><\/a><\/figure><\/li><\/ul><\/figure>\n\n\n\n<div style=\"height:30px\" aria-hidden=\"true\" class=\"wp-block-spacer\"><\/div>\n\n\n\n<h1 class=\"wp-block-heading\"><strong>~ Decora\u00e7\u00e3o rom\u00e2ntica<\/strong><\/h1>\n\n\n\n<div style=\"height:23px\" aria-hidden=\"true\" class=\"wp-block-spacer\"><\/div>\n\n\n\n<h4 class=\"wp-block-heading\">Imagine chegar em casa depois de um longo dia de trabalho e encontrar a casa toda decorada com bilhetes, flores, bal\u00f5es? Um sonho para muitas pessoas.<\/h4>\n\n\n\n<div style=\"height:10px\" aria-hidden=\"true\" class=\"wp-block-spacer\"><\/div>\n\n\n\n<h4 class=\"wp-block-heading\">Espalhe mimos por todos os c\u00f4modos se for poss\u00edvel, compre velas aromatizadas para deixar um climinha bem aconchegante, uma boa dica \u00e9 um circuito com fotos e frases de toda a trajet\u00f3ria de voc\u00eas.<br>Solte a imagina\u00e7\u00e3o e surpreenda seu par.<\/h4>\n\n\n\n<div style=\"height:30px\" aria-hidden=\"true\" class=\"wp-block-spacer\"><\/div>\n\n\n\n<figure class=\"wp-block-gallery columns-1 is-cropped wp-block-gallery-5 is-layout-flex\"><ul class=\"blocks-gallery-grid\"><li class=\"blocks-gallery-item\"><figure><a href=\"https:\/\/www.ivanabeaumond.com.br\/vestidos-noiva\/wp-content\/uploads\/2021\/06\/decoracao-dia-dos-namorados-23.jpeg\"><img decoding=\"async\" loading=\"lazy\" width=\"650\" height=\"806\" src=\"https:\/\/www.ivanabeaumond.com.br\/vestidos-noiva\/wp-content\/uploads\/2021\/06\/decoracao-dia-dos-namorados-23.jpeg\" alt=\"\" data-id=\"28146\" data-full-url=\"https:\/\/www.ivanabeaumond.com.br\/vestidos-noiva\/wp-content\/uploads\/2021\/06\/decoracao-dia-dos-namorados-23.jpeg\" data-link=\"https:\/\/www.ivanabeaumond.com.br\/vestidos-noiva\/?attachment_id=28146\" class=\"wp-image-28146\" srcset=\"https:\/\/www.ivanabeaumond.com.br\/vestidos-noiva\/wp-content\/uploads\/2021\/06\/decoracao-dia-dos-namorados-23.jpeg 650w, https:\/\/www.ivanabeaumond.com.br\/vestidos-noiva\/wp-content\/uploads\/2021\/06\/decoracao-dia-dos-namorados-23-242x300.jpeg 242w\" sizes=\"(max-width: 650px) 100vw, 650px\" \/><\/a><\/figure><\/li><\/ul><\/figure>\n\n\n\n<div style=\"height:30px\" aria-hidden=\"true\" class=\"wp-block-spacer\"><\/div>\n\n\n\n<h1 class=\"wp-block-heading\"><strong>~ Sess\u00e3o cinema<\/strong><\/h1>\n\n\n\n<div style=\"height:30px\" aria-hidden=\"true\" class=\"wp-block-spacer\"><\/div>\n\n\n\n<h4 class=\"wp-block-heading\">Quem n\u00e3o gosta de assistir um filme em baixo do edredom? Hoje em dia com as plataformas digitais esta cada vez mais f\u00e1cil ficar em casa maratonando um filme ou serie, prepara a pipoca, o chocolate, escolha um filme que agrade ambos e curta a companhia. Para ficar mais legal caso tenham um projetor o direcione para parede e fa\u00e7a literalmente seu cinema em casa.<\/h4>\n\n\n\n<div style=\"height:30px\" aria-hidden=\"true\" class=\"wp-block-spacer\"><\/div>\n\n\n\n<figure class=\"wp-block-gallery columns-1 is-cropped wp-block-gallery-7 is-layout-flex\"><ul class=\"blocks-gallery-grid\"><li class=\"blocks-gallery-item\"><figure><a href=\"https:\/\/www.ivanabeaumond.com.br\/vestidos-noiva\/wp-content\/uploads\/2021\/06\/blog-2-pipoca-e-filme.jpg\"><img decoding=\"async\" loading=\"lazy\" width=\"600\" height=\"400\" src=\"https:\/\/www.ivanabeaumond.com.br\/vestidos-noiva\/wp-content\/uploads\/2021\/06\/blog-2-pipoca-e-filme.jpg\" alt=\"\" data-id=\"28147\" data-full-url=\"https:\/\/www.ivanabeaumond.com.br\/vestidos-noiva\/wp-content\/uploads\/2021\/06\/blog-2-pipoca-e-filme.jpg\" data-link=\"https:\/\/www.ivanabeaumond.com.br\/vestidos-noiva\/?attachment_id=28147\" class=\"wp-image-28147\" srcset=\"https:\/\/www.ivanabeaumond.com.br\/vestidos-noiva\/wp-content\/uploads\/2021\/06\/blog-2-pipoca-e-filme.jpg 600w, https:\/\/www.ivanabeaumond.com.br\/vestidos-noiva\/wp-content\/uploads\/2021\/06\/blog-2-pipoca-e-filme-300x200.jpg 300w, https:\/\/www.ivanabeaumond.com.br\/vestidos-noiva\/wp-content\/uploads\/2021\/06\/blog-2-pipoca-e-filme-480x320.jpg 480w\" sizes=\"(max-width: 600px) 100vw, 600px\" \/><\/a><\/figure><\/li><\/ul><\/figure>\n\n\n\n<div style=\"height:30px\" aria-hidden=\"true\" class=\"wp-block-spacer\"><\/div>\n\n\n\n<h3 class=\"wp-block-heading\">Claro que estamos um pouco saturados de ficar dentro de casa, por\u00e9m, com um pouco de criatividade driblamos o tedio e conseguimos deixar tudo com ar bem aconchegante. <\/h3>\n\n\n\n<div style=\"height:21px\" aria-hidden=\"true\" class=\"wp-block-spacer\"><\/div>\n\n\n\n<h3 class=\"wp-block-heading\"><strong><em>Agora \u00e9 s\u00f3 curtir a companhia do seu par e ser feliz juntinho dele (a).<\/em><\/strong><\/h3>\n","protected":false},"excerpt":{"rendered":"<p>Mais um ano o dia dos namorados ser\u00e1 comemorado de&#8230;<\/p>\n","protected":false},"author":4,"featured_media":28144,"comment_status":"open","ping_status":"closed","sticky":false,"template":"","format":"standard","meta":[],"categories":[60,127],"tags":[1341,1345,1337,96,1334,1339,1343,1342,286,278,384,1338,1335,1340,1336,1344],"yoast_head":"<!-- This site is optimized with the Yoast SEO plugin v20.3 - https:\/\/yoast.com\/wordpress\/plugins\/seo\/ -->\n<title>DIA DOS NAMORADOS EM CASA: COMO COMEMORAR? - Vestido de Noiva RJ<\/title>\n<meta name=\"robots\" content=\"index, follow, max-snippet:-1, max-image-preview:large, max-video-preview:-1\" \/>\n<link rel=\"canonical\" href=\"https:\/\/www.ivanabeaumond.com.br\/vestidos-noiva\/dia-dos-namorados-em-casa-como-comemorar\/\" \/>\n<meta property=\"og:locale\" content=\"pt_BR\" \/>\n<meta property=\"og:type\" content=\"article\" \/>\n<meta property=\"og:title\" content=\"DIA DOS NAMORADOS EM CASA: COMO COMEMORAR? - Vestido de Noiva RJ\" \/>\n<meta property=\"og:description\" content=\"Mais um ano o dia dos namorados ser\u00e1 comemorado de...\" \/>\n<meta property=\"og:url\" content=\"https:\/\/www.ivanabeaumond.com.br\/vestidos-noiva\/dia-dos-namorados-em-casa-como-comemorar\/\" \/>\n<meta property=\"og:site_name\" content=\"Vestido de Noiva RJ\" \/>\n<meta property=\"article:publisher\" content=\"https:\/\/www.facebook.com\/ivana.beaumondnoivas\" \/>\n<meta property=\"article:published_time\" content=\"2021-06-11T18:08:32+00:00\" \/>\n<meta property=\"article:modified_time\" content=\"2021-06-11T18:08:35+00:00\" \/>\n<meta property=\"og:image\" content=\"https:\/\/www.ivanabeaumond.com.br\/vestidos-noiva\/wp-content\/uploads\/2021\/06\/595ebe4dc9d07dd7b505fa71a6cd4be1.jpg\" \/>\n\t<meta property=\"og:image:width\" content=\"1080\" \/>\n\t<meta property=\"og:image:height\" content=\"1350\" \/>\n\t<meta property=\"og:image:type\" content=\"image\/jpeg\" \/>\n<meta name=\"author\" content=\"Ivana Beaumond Paris\" \/>\n<meta name=\"twitter:card\" content=\"summary_large_image\" \/>\n<meta name=\"twitter:label1\" content=\"Escrito por\" \/>\n\t<meta name=\"twitter:data1\" content=\"Ivana Beaumond Paris\" \/>\n\t<meta name=\"twitter:label2\" content=\"Est. tempo de leitura\" \/>\n\t<meta name=\"twitter:data2\" content=\"3 minutos\" \/>\n<script type=\"application\/ld+json\" class=\"yoast-schema-graph\">{\"@context\":\"https:\/\/schema.org\",\"@graph\":[{\"@type\":\"Article\",\"@id\":\"https:\/\/www.ivanabeaumond.com.br\/vestidos-noiva\/dia-dos-namorados-em-casa-como-comemorar\/#article\",\"isPartOf\":{\"@id\":\"https:\/\/www.ivanabeaumond.com.br\/vestidos-noiva\/dia-dos-namorados-em-casa-como-comemorar\/\"},\"author\":{\"name\":\"Ivana Beaumond Paris\",\"@id\":\"https:\/\/www.ivanabeaumond.com.br\/vestidos-noiva\/#\/schema\/person\/1a360c4cffa3b806d29a456389dcff26\"},\"headline\":\"DIA DOS NAMORADOS EM CASA: COMO COMEMORAR?\",\"datePublished\":\"2021-06-11T18:08:32+00:00\",\"dateModified\":\"2021-06-11T18:08:35+00:00\",\"mainEntityOfPage\":{\"@id\":\"https:\/\/www.ivanabeaumond.com.br\/vestidos-noiva\/dia-dos-namorados-em-casa-como-comemorar\/\"},\"wordCount\":531,\"commentCount\":0,\"publisher\":{\"@id\":\"https:\/\/www.ivanabeaumond.com.br\/vestidos-noiva\/#organization\"},\"keywords\":[\"12dejunho\",\"anodenamoro\",\"cafedamanha\",\"casamento\",\"diadosnamorados\",\"filme\",\"filminho\",\"ivana\",\"ivana beaumond\",\"ivana beaumond paris\",\"ivananamidia\",\"jantar\",\"namoro\",\"quarentena\",\"surpresa\",\"valentinesday\"],\"articleSection\":[\"Blog\",\"Dicas e Truques\"],\"inLanguage\":\"pt-BR\",\"potentialAction\":[{\"@type\":\"CommentAction\",\"name\":\"Comment\",\"target\":[\"https:\/\/www.ivanabeaumond.com.br\/vestidos-noiva\/dia-dos-namorados-em-casa-como-comemorar\/#respond\"]}]},{\"@type\":\"WebPage\",\"@id\":\"https:\/\/www.ivanabeaumond.com.br\/vestidos-noiva\/dia-dos-namorados-em-casa-como-comemorar\/\",\"url\":\"https:\/\/www.ivanabeaumond.com.br\/vestidos-noiva\/dia-dos-namorados-em-casa-como-comemorar\/\",\"name\":\"DIA DOS NAMORADOS EM CASA: COMO COMEMORAR? - Vestido de Noiva RJ\",\"isPartOf\":{\"@id\":\"https:\/\/www.ivanabeaumond.com.br\/vestidos-noiva\/#website\"},\"datePublished\":\"2021-06-11T18:08:32+00:00\",\"dateModified\":\"2021-06-11T18:08:35+00:00\",\"breadcrumb\":{\"@id\":\"https:\/\/www.ivanabeaumond.com.br\/vestidos-noiva\/dia-dos-namorados-em-casa-como-comemorar\/#breadcrumb\"},\"inLanguage\":\"pt-BR\",\"potentialAction\":[{\"@type\":\"ReadAction\",\"target\":[\"https:\/\/www.ivanabeaumond.com.br\/vestidos-noiva\/dia-dos-namorados-em-casa-como-comemorar\/\"]}]},{\"@type\":\"BreadcrumbList\",\"@id\":\"https:\/\/www.ivanabeaumond.com.br\/vestidos-noiva\/dia-dos-namorados-em-casa-como-comemorar\/#breadcrumb\",\"itemListElement\":[{\"@type\":\"ListItem\",\"position\":1,\"name\":\"In\u00edcio\",\"item\":\"https:\/\/www.ivanabeaumond.com.br\/vestidos-noiva\/\"},{\"@type\":\"ListItem\",\"position\":2,\"name\":\"DIA DOS NAMORADOS EM CASA: COMO COMEMORAR?\"}]},{\"@type\":\"WebSite\",\"@id\":\"https:\/\/www.ivanabeaumond.com.br\/vestidos-noiva\/#website\",\"url\":\"https:\/\/www.ivanabeaumond.com.br\/vestidos-noiva\/\",\"name\":\"Vestido de Noiva RJ\",\"description\":\"Moda Noiva\",\"publisher\":{\"@id\":\"https:\/\/www.ivanabeaumond.com.br\/vestidos-noiva\/#organization\"},\"potentialAction\":[{\"@type\":\"SearchAction\",\"target\":{\"@type\":\"EntryPoint\",\"urlTemplate\":\"https:\/\/www.ivanabeaumond.com.br\/vestidos-noiva\/?s={search_term_string}\"},\"query-input\":\"required name=search_term_string\"}],\"inLanguage\":\"pt-BR\"},{\"@type\":\"Organization\",\"@id\":\"https:\/\/www.ivanabeaumond.com.br\/vestidos-noiva\/#organization\",\"name\":\"Vestido de Noiva RJ\",\"url\":\"https:\/\/www.ivanabeaumond.com.br\/vestidos-noiva\/\",\"logo\":{\"@type\":\"ImageObject\",\"inLanguage\":\"pt-BR\",\"@id\":\"https:\/\/www.ivanabeaumond.com.br\/vestidos-noiva\/#\/schema\/logo\/image\/\",\"url\":\"https:\/\/www.ivanabeaumond.com.br\/vestidos-noiva\/wp-content\/uploads\/2018\/02\/logo_ivana_beaumond-2.png\",\"contentUrl\":\"https:\/\/www.ivanabeaumond.com.br\/vestidos-noiva\/wp-content\/uploads\/2018\/02\/logo_ivana_beaumond-2.png\",\"width\":230,\"height\":112,\"caption\":\"Vestido de Noiva RJ\"},\"image\":{\"@id\":\"https:\/\/www.ivanabeaumond.com.br\/vestidos-noiva\/#\/schema\/logo\/image\/\"},\"sameAs\":[\"https:\/\/www.facebook.com\/ivana.beaumondnoivas\",\"https:\/\/www.instagram.com\/ivanabeaumond\/\",\"https:\/\/www.tiktok.com\/@ivanabeaumond\"]},{\"@type\":\"Person\",\"@id\":\"https:\/\/www.ivanabeaumond.com.br\/vestidos-noiva\/#\/schema\/person\/1a360c4cffa3b806d29a456389dcff26\",\"name\":\"Ivana Beaumond Paris\",\"image\":{\"@type\":\"ImageObject\",\"inLanguage\":\"pt-BR\",\"@id\":\"https:\/\/www.ivanabeaumond.com.br\/vestidos-noiva\/#\/schema\/person\/image\/\",\"url\":\"https:\/\/secure.gravatar.com\/avatar\/641f98db20b53ec937ceb641db4270b9?s=96&d=mm&r=g\",\"contentUrl\":\"https:\/\/secure.gravatar.com\/avatar\/641f98db20b53ec937ceb641db4270b9?s=96&d=mm&r=g\",\"caption\":\"Ivana Beaumond Paris\"},\"url\":\"https:\/\/www.ivanabeaumond.com.br\/vestidos-noiva\/author\/ivana\/\"}]}<\/script>\n<!-- \/ Yoast SEO plugin. -->","yoast_head_json":{"title":"DIA DOS NAMORADOS EM CASA: COMO COMEMORAR? - Vestido de Noiva RJ","robots":{"index":"index","follow":"follow","max-snippet":"max-snippet:-1","max-image-preview":"max-image-preview:large","max-video-preview":"max-video-preview:-1"},"canonical":"https:\/\/www.ivanabeaumond.com.br\/vestidos-noiva\/dia-dos-namorados-em-casa-como-comemorar\/","og_locale":"pt_BR","og_type":"article","og_title":"DIA DOS NAMORADOS EM CASA: COMO COMEMORAR? - Vestido de Noiva RJ","og_description":"Mais um ano o dia dos namorados ser\u00e1 comemorado de...","og_url":"https:\/\/www.ivanabeaumond.com.br\/vestidos-noiva\/dia-dos-namorados-em-casa-como-comemorar\/","og_site_name":"Vestido de Noiva RJ","article_publisher":"https:\/\/www.facebook.com\/ivana.beaumondnoivas","article_published_time":"2021-06-11T18:08:32+00:00","article_modified_time":"2021-06-11T18:08:35+00:00","og_image":[{"width":1080,"height":1350,"url":"https:\/\/www.ivanabeaumond.com.br\/vestidos-noiva\/wp-content\/uploads\/2021\/06\/595ebe4dc9d07dd7b505fa71a6cd4be1.jpg","type":"image\/jpeg"}],"author":"Ivana Beaumond Paris","twitter_card":"summary_large_image","twitter_misc":{"Escrito por":"Ivana Beaumond Paris","Est. tempo de leitura":"3 minutos"},"schema":{"@context":"https:\/\/schema.org","@graph":[{"@type":"Article","@id":"https:\/\/www.ivanabeaumond.com.br\/vestidos-noiva\/dia-dos-namorados-em-casa-como-comemorar\/#article","isPartOf":{"@id":"https:\/\/www.ivanabeaumond.com.br\/vestidos-noiva\/dia-dos-namorados-em-casa-como-comemorar\/"},"author":{"name":"Ivana Beaumond Paris","@id":"https:\/\/www.ivanabeaumond.com.br\/vestidos-noiva\/#\/schema\/person\/1a360c4cffa3b806d29a456389dcff26"},"headline":"DIA DOS NAMORADOS EM CASA: COMO COMEMORAR?","datePublished":"2021-06-11T18:08:32+00:00","dateModified":"2021-06-11T18:08:35+00:00","mainEntityOfPage":{"@id":"https:\/\/www.ivanabeaumond.com.br\/vestidos-noiva\/dia-dos-namorados-em-casa-como-comemorar\/"},"wordCount":531,"commentCount":0,"publisher":{"@id":"https:\/\/www.ivanabeaumond.com.br\/vestidos-noiva\/#organization"},"keywords":["12dejunho","anodenamoro","cafedamanha","casamento","diadosnamorados","filme","filminho","ivana","ivana beaumond","ivana beaumond paris","ivananamidia","jantar","namoro","quarentena","surpresa","valentinesday"],"articleSection":["Blog","Dicas e Truques"],"inLanguage":"pt-BR","potentialAction":[{"@type":"CommentAction","name":"Comment","target":["https:\/\/www.ivanabeaumond.com.br\/vestidos-noiva\/dia-dos-namorados-em-casa-como-comemorar\/#respond"]}]},{"@type":"WebPage","@id":"https:\/\/www.ivanabeaumond.com.br\/vestidos-noiva\/dia-dos-namorados-em-casa-como-comemorar\/","url":"https:\/\/www.ivanabeaumond.com.br\/vestidos-noiva\/dia-dos-namorados-em-casa-como-comemorar\/","name":"DIA DOS NAMORADOS EM CASA: COMO COMEMORAR? - Vestido de Noiva RJ","isPartOf":{"@id":"https:\/\/www.ivanabeaumond.com.br\/vestidos-noiva\/#website"},"datePublished":"2021-06-11T18:08:32+00:00","dateModified":"2021-06-11T18:08:35+00:00","breadcrumb":{"@id":"https:\/\/www.ivanabeaumond.com.br\/vestidos-noiva\/dia-dos-namorados-em-casa-como-comemorar\/#breadcrumb"},"inLanguage":"pt-BR","potentialAction":[{"@type":"ReadAction","target":["https:\/\/www.ivanabeaumond.com.br\/vestidos-noiva\/dia-dos-namorados-em-casa-como-comemorar\/"]}]},{"@type":"BreadcrumbList","@id":"https:\/\/www.ivanabeaumond.com.br\/vestidos-noiva\/dia-dos-namorados-em-casa-como-comemorar\/#breadcrumb","itemListElement":[{"@type":"ListItem","position":1,"name":"In\u00edcio","item":"https:\/\/www.ivanabeaumond.com.br\/vestidos-noiva\/"},{"@type":"ListItem","position":2,"name":"DIA DOS NAMORADOS EM CASA: COMO COMEMORAR?"}]},{"@type":"WebSite","@id":"https:\/\/www.ivanabeaumond.com.br\/vestidos-noiva\/#website","url":"https:\/\/www.ivanabeaumond.com.br\/vestidos-noiva\/","name":"Vestido de Noiva RJ","description":"Moda Noiva","publisher":{"@id":"https:\/\/www.ivanabeaumond.com.br\/vestidos-noiva\/#organization"},"potentialAction":[{"@type":"SearchAction","target":{"@type":"EntryPoint","urlTemplate":"https:\/\/www.ivanabeaumond.com.br\/vestidos-noiva\/?s={search_term_string}"},"query-input":"required name=search_term_string"}],"inLanguage":"pt-BR"},{"@type":"Organization","@id":"https:\/\/www.ivanabeaumond.com.br\/vestidos-noiva\/#organization","name":"Vestido de Noiva RJ","url":"https:\/\/www.ivanabeaumond.com.br\/vestidos-noiva\/","logo":{"@type":"ImageObject","inLanguage":"pt-BR","@id":"https:\/\/www.ivanabeaumond.com.br\/vestidos-noiva\/#\/schema\/logo\/image\/","url":"https:\/\/www.ivanabeaumond.com.br\/vestidos-noiva\/wp-content\/uploads\/2018\/02\/logo_ivana_beaumond-2.png","contentUrl":"https:\/\/www.ivanabeaumond.com.br\/vestidos-noiva\/wp-content\/uploads\/2018\/02\/logo_ivana_beaumond-2.png","width":230,"height":112,"caption":"Vestido de Noiva RJ"},"image":{"@id":"https:\/\/www.ivanabeaumond.com.br\/vestidos-noiva\/#\/schema\/logo\/image\/"},"sameAs":["https:\/\/www.facebook.com\/ivana.beaumondnoivas","https:\/\/www.instagram.com\/ivanabeaumond\/","https:\/\/www.tiktok.com\/@ivanabeaumond"]},{"@type":"Person","@id":"https:\/\/www.ivanabeaumond.com.br\/vestidos-noiva\/#\/schema\/person\/1a360c4cffa3b806d29a456389dcff26","name":"Ivana Beaumond Paris","image":{"@type":"ImageObject","inLanguage":"pt-BR","@id":"https:\/\/www.ivanabeaumond.com.br\/vestidos-noiva\/#\/schema\/person\/image\/","url":"https:\/\/secure.gravatar.com\/avatar\/641f98db20b53ec937ceb641db4270b9?s=96&d=mm&r=g","contentUrl":"https:\/\/secure.gravatar.com\/avatar\/641f98db20b53ec937ceb641db4270b9?s=96&d=mm&r=g","caption":"Ivana Beaumond Paris"},"url":"https:\/\/www.ivanabeaumond.com.br\/vestidos-noiva\/author\/ivana\/"}]}},"_links":{"self":[{"href":"https:\/\/www.ivanabeaumond.com.br\/vestidos-noiva\/wp-json\/wp\/v2\/posts\/28141"}],"collection":[{"href":"https:\/\/www.ivanabeaumond.com.br\/vestidos-noiva\/wp-json\/wp\/v2\/posts"}],"about":[{"href":"https:\/\/www.ivanabeaumond.com.br\/vestidos-noiva\/wp-json\/wp\/v2\/types\/post"}],"author":[{"embeddable":true,"href":"https:\/\/www.ivanabeaumond.com.br\/vestidos-noiva\/wp-json\/wp\/v2\/users\/4"}],"replies":[{"embeddable":true,"href":"https:\/\/www.ivanabeaumond.com.br\/vestidos-noiva\/wp-json\/wp\/v2\/comments?post=28141"}],"version-history":[{"count":5,"href":"https:\/\/www.ivanabeaumond.com.br\/vestidos-noiva\/wp-json\/wp\/v2\/posts\/28141\/revisions"}],"predecessor-version":[{"id":28151,"href":"https:\/\/www.ivanabeaumond.com.br\/vestidos-noiva\/wp-json\/wp\/v2\/posts\/28141\/revisions\/28151"}],"wp:featuredmedia":[{"embeddable":true,"href":"https:\/\/www.ivanabeaumond.com.br\/vestidos-noiva\/wp-json\/wp\/v2\/media\/28144"}],"wp:attachment":[{"href":"https:\/\/www.ivanabeaumond.com.br\/vestidos-noiva\/wp-json\/wp\/v2\/media?parent=28141"}],"wp:term":[{"taxonomy":"category","embeddable":true,"href":"https:\/\/www.ivanabeaumond.com.br\/vestidos-noiva\/wp-json\/wp\/v2\/categories?post=28141"},{"taxonomy":"post_tag","embeddable":true,"href":"https:\/\/www.ivanabeaumond.com.br\/vestidos-noiva\/wp-json\/wp\/v2\/tags?post=28141"}],"curies":[{"name":"wp","href":"https:\/\/api.w.org\/{rel}","templated":true}]}}