{"id":28221,"date":"2021-06-29T15:45:03","date_gmt":"2021-06-29T18:45:03","guid":{"rendered":"https:\/\/www.ivanabeaumond.com.br\/vestidos-noiva\/?p=28221"},"modified":"2021-06-29T16:03:23","modified_gmt":"2021-06-29T19:03:23","slug":"casamento-rusticocom-denise-e-wilbert","status":"publish","type":"post","link":"https:\/\/www.ivanabeaumond.com.br\/vestidos-noiva\/casamento-rusticocom-denise-e-wilbert\/","title":{"rendered":"CASAMENTO R\u00daSTICO,COM DENISE E WILBERT"},"content":{"rendered":"\n<h4 class=\"wp-block-heading\"><strong>A \u00fanica palavra que descreveria o casamento de Denise e Wilbert seria perfei\u00e7\u00e3o.<\/strong><\/h4>\n\n\n\n<h4 class=\"wp-block-heading\"><br><strong>Eles queriam um dia que celebrasse amor de uma maneira \u00fanica. Eles disseram \u201cSIM\u201d, num final de tarde em um dia que o sol brilhava como os sorrisos distribu\u00eddos por eles de tanta felicidade.<\/strong> <\/h4>\n\n\n\n<div style=\"height:20px\" aria-hidden=\"true\" class=\"wp-block-spacer\"><\/div>\n\n\n\n<h4 class=\"wp-block-heading\"><strong>O local escolhido foi o Museu De Armas Hist\u00f3ricas Ferreira Da Cunha, localizado em Petr\u00f3polis, com o vento frio da serra e pelo o olhar de Clara Miloski desbravaram de cada detalhe, ate mesmo a neblina n\u00e3o atrapalhou<\/strong>.<\/h4>\n\n\n\n<div style=\"height:33px\" aria-hidden=\"true\" class=\"wp-block-spacer\"><\/div>\n\n\n\n<figure class=\"wp-block-gallery columns-2 is-cropped wp-block-gallery-1 is-layout-flex\"><ul class=\"blocks-gallery-grid\"><li class=\"blocks-gallery-item\"><figure><a href=\"https:\/\/www.ivanabeaumond.com.br\/vestidos-noiva\/wp-content\/uploads\/2021\/06\/deniseewill-1-2-scaled.jpg\"><img decoding=\"async\" loading=\"lazy\" width=\"1024\" height=\"757\" src=\"https:\/\/www.ivanabeaumond.com.br\/vestidos-noiva\/wp-content\/uploads\/2021\/06\/deniseewill-1-2-1024x757.jpg\" alt=\"\" data-id=\"28222\" data-full-url=\"https:\/\/www.ivanabeaumond.com.br\/vestidos-noiva\/wp-content\/uploads\/2021\/06\/deniseewill-1-2-scaled.jpg\" data-link=\"https:\/\/www.ivanabeaumond.com.br\/vestidos-noiva\/?attachment_id=28222\" class=\"wp-image-28222\" srcset=\"https:\/\/www.ivanabeaumond.com.br\/vestidos-noiva\/wp-content\/uploads\/2021\/06\/deniseewill-1-2-1024x757.jpg 1024w, https:\/\/www.ivanabeaumond.com.br\/vestidos-noiva\/wp-content\/uploads\/2021\/06\/deniseewill-1-2-300x222.jpg 300w, https:\/\/www.ivanabeaumond.com.br\/vestidos-noiva\/wp-content\/uploads\/2021\/06\/deniseewill-1-2-768x568.jpg 768w, https:\/\/www.ivanabeaumond.com.br\/vestidos-noiva\/wp-content\/uploads\/2021\/06\/deniseewill-1-2-1536x1136.jpg 1536w, https:\/\/www.ivanabeaumond.com.br\/vestidos-noiva\/wp-content\/uploads\/2021\/06\/deniseewill-1-2-2048x1515.jpg 2048w\" sizes=\"(max-width: 1024px) 100vw, 1024px\" \/><\/a><\/figure><\/li><li class=\"blocks-gallery-item\"><figure><a href=\"https:\/\/www.ivanabeaumond.com.br\/vestidos-noiva\/wp-content\/uploads\/2021\/06\/deniseewill-6-scaled.jpg\"><img decoding=\"async\" loading=\"lazy\" width=\"1024\" height=\"639\" src=\"https:\/\/www.ivanabeaumond.com.br\/vestidos-noiva\/wp-content\/uploads\/2021\/06\/deniseewill-6-1024x639.jpg\" alt=\"\" data-id=\"28223\" data-full-url=\"https:\/\/www.ivanabeaumond.com.br\/vestidos-noiva\/wp-content\/uploads\/2021\/06\/deniseewill-6-scaled.jpg\" data-link=\"https:\/\/www.ivanabeaumond.com.br\/vestidos-noiva\/?attachment_id=28223\" class=\"wp-image-28223\" srcset=\"https:\/\/www.ivanabeaumond.com.br\/vestidos-noiva\/wp-content\/uploads\/2021\/06\/deniseewill-6-1024x639.jpg 1024w, https:\/\/www.ivanabeaumond.com.br\/vestidos-noiva\/wp-content\/uploads\/2021\/06\/deniseewill-6-300x187.jpg 300w, https:\/\/www.ivanabeaumond.com.br\/vestidos-noiva\/wp-content\/uploads\/2021\/06\/deniseewill-6-768x479.jpg 768w, https:\/\/www.ivanabeaumond.com.br\/vestidos-noiva\/wp-content\/uploads\/2021\/06\/deniseewill-6-1536x958.jpg 1536w, https:\/\/www.ivanabeaumond.com.br\/vestidos-noiva\/wp-content\/uploads\/2021\/06\/deniseewill-6-2048x1277.jpg 2048w\" sizes=\"(max-width: 1024px) 100vw, 1024px\" \/><\/a><\/figure><\/li><\/ul><\/figure>\n\n\n\n<div style=\"height:39px\" aria-hidden=\"true\" class=\"wp-block-spacer\"><\/div>\n\n\n\n<h4 class=\"wp-block-heading\"><strong>Denise e Welbert eram amor por onde passavam. Eram sorrisos, abra\u00e7os e at\u00e9 mesmo quando n\u00e3o queriam sorrir j\u00e1 estavam sorrindo.<br>\u00c9 companheirismos nessa nova etapa e sintonia para um futuro pr\u00f3ximo.<\/strong><\/h4>\n\n\n\n<div style=\"height:25px\" aria-hidden=\"true\" class=\"wp-block-spacer\"><\/div>\n\n\n\n<h4 class=\"wp-block-heading\"><strong>Mas tamb\u00e9m eram lagrimas, mesmo tentando segura-las elas escorriam, mas claro que de felicidade. E at\u00e9 em meio as lagrimas eles sorriam.<\/strong><\/h4>\n\n\n\n<div style=\"height:31px\" aria-hidden=\"true\" class=\"wp-block-spacer\"><\/div>\n\n\n\n<h1 class=\"has-text-align-center wp-block-heading\"><strong><em>&nbsp;\u00c9 admira\u00e7\u00e3o e cumplicidade!<\/em><\/strong><\/h1>\n\n\n\n<div style=\"height:32px\" aria-hidden=\"true\" class=\"wp-block-spacer\"><\/div>\n\n\n\n<figure class=\"wp-block-image size-large\"><a href=\"https:\/\/www.ivanabeaumond.com.br\/vestidos-noiva\/wp-content\/uploads\/2021\/06\/deniseewill-11-1-scaled.jpg\"><img decoding=\"async\" loading=\"lazy\" width=\"1024\" height=\"714\" src=\"https:\/\/www.ivanabeaumond.com.br\/vestidos-noiva\/wp-content\/uploads\/2021\/06\/deniseewill-11-1-1024x714.jpg\" alt=\"\" class=\"wp-image-28254\" srcset=\"https:\/\/www.ivanabeaumond.com.br\/vestidos-noiva\/wp-content\/uploads\/2021\/06\/deniseewill-11-1-1024x714.jpg 1024w, https:\/\/www.ivanabeaumond.com.br\/vestidos-noiva\/wp-content\/uploads\/2021\/06\/deniseewill-11-1-300x209.jpg 300w, https:\/\/www.ivanabeaumond.com.br\/vestidos-noiva\/wp-content\/uploads\/2021\/06\/deniseewill-11-1-768x535.jpg 768w, https:\/\/www.ivanabeaumond.com.br\/vestidos-noiva\/wp-content\/uploads\/2021\/06\/deniseewill-11-1-1536x1071.jpg 1536w, https:\/\/www.ivanabeaumond.com.br\/vestidos-noiva\/wp-content\/uploads\/2021\/06\/deniseewill-11-1-2048x1428.jpg 2048w\" sizes=\"(max-width: 1024px) 100vw, 1024px\" \/><\/a><\/figure>\n\n\n\n<div style=\"height:22px\" aria-hidden=\"true\" class=\"wp-block-spacer\"><\/div>\n\n\n\n<div style=\"height:25px\" aria-hidden=\"true\" class=\"wp-block-spacer\"><\/div>\n\n\n\n<h4 class=\"has-text-align-center wp-block-heading\">Tudo era rico em detalhes, desde o vestido ate a decora\u00e7\u00e3o.<br>Desde as mesas, as luzes. &nbsp;A cadeira ornava com a flor, que ornava com o verde da arvore de tr\u00e1s, que ornava com os arcos no estilo r\u00fastico.<\/h4>\n\n\n\n<div style=\"height:21px\" aria-hidden=\"true\" class=\"wp-block-spacer\"><\/div>\n\n\n\n<figure class=\"wp-block-gallery columns-1 is-cropped wp-block-gallery-3 is-layout-flex\"><ul class=\"blocks-gallery-grid\"><li class=\"blocks-gallery-item\"><figure><a href=\"https:\/\/www.ivanabeaumond.com.br\/vestidos-noiva\/wp-content\/uploads\/2021\/06\/DeW_ClaraMiloski-58-scaled.jpg\"><img decoding=\"async\" loading=\"lazy\" width=\"1024\" height=\"683\" src=\"https:\/\/www.ivanabeaumond.com.br\/vestidos-noiva\/wp-content\/uploads\/2021\/06\/DeW_ClaraMiloski-58-1024x683.jpg\" alt=\"\" data-id=\"28229\" data-full-url=\"https:\/\/www.ivanabeaumond.com.br\/vestidos-noiva\/wp-content\/uploads\/2021\/06\/DeW_ClaraMiloski-58-scaled.jpg\" data-link=\"https:\/\/www.ivanabeaumond.com.br\/vestidos-noiva\/?attachment_id=28229\" class=\"wp-image-28229\" srcset=\"https:\/\/www.ivanabeaumond.com.br\/vestidos-noiva\/wp-content\/uploads\/2021\/06\/DeW_ClaraMiloski-58-1024x683.jpg 1024w, https:\/\/www.ivanabeaumond.com.br\/vestidos-noiva\/wp-content\/uploads\/2021\/06\/DeW_ClaraMiloski-58-300x200.jpg 300w, https:\/\/www.ivanabeaumond.com.br\/vestidos-noiva\/wp-content\/uploads\/2021\/06\/DeW_ClaraMiloski-58-768x512.jpg 768w, https:\/\/www.ivanabeaumond.com.br\/vestidos-noiva\/wp-content\/uploads\/2021\/06\/DeW_ClaraMiloski-58-1536x1024.jpg 1536w, https:\/\/www.ivanabeaumond.com.br\/vestidos-noiva\/wp-content\/uploads\/2021\/06\/DeW_ClaraMiloski-58-2048x1365.jpg 2048w, https:\/\/www.ivanabeaumond.com.br\/vestidos-noiva\/wp-content\/uploads\/2021\/06\/DeW_ClaraMiloski-58-480x320.jpg 480w\" sizes=\"(max-width: 1024px) 100vw, 1024px\" \/><\/a><\/figure><\/li><\/ul><\/figure>\n\n\n\n<div style=\"height:21px\" aria-hidden=\"true\" class=\"wp-block-spacer\"><\/div>\n\n\n\n<h1 class=\"has-text-align-center wp-block-heading\"><strong><em>A voc\u00eas, toda felicidade e cumplicidade.<br><\/em><\/strong><\/h1>\n\n\n\n<div style=\"height:36px\" aria-hidden=\"true\" class=\"wp-block-spacer\"><\/div>\n\n\n\n<figure class=\"wp-block-gallery columns-4 is-cropped wp-block-gallery-5 is-layout-flex\"><ul class=\"blocks-gallery-grid\"><li class=\"blocks-gallery-item\"><figure><a href=\"https:\/\/www.ivanabeaumond.com.br\/vestidos-noiva\/wp-content\/uploads\/2021\/06\/deniseewill-5-1-scaled.jpg\"><img decoding=\"async\" loading=\"lazy\" width=\"683\" height=\"1024\" src=\"https:\/\/www.ivanabeaumond.com.br\/vestidos-noiva\/wp-content\/uploads\/2021\/06\/deniseewill-5-1-683x1024.jpg\" alt=\"\" data-id=\"28237\" data-full-url=\"https:\/\/www.ivanabeaumond.com.br\/vestidos-noiva\/wp-content\/uploads\/2021\/06\/deniseewill-5-1-scaled.jpg\" data-link=\"https:\/\/www.ivanabeaumond.com.br\/vestidos-noiva\/?attachment_id=28237\" class=\"wp-image-28237\" srcset=\"https:\/\/www.ivanabeaumond.com.br\/vestidos-noiva\/wp-content\/uploads\/2021\/06\/deniseewill-5-1-683x1024.jpg 683w, https:\/\/www.ivanabeaumond.com.br\/vestidos-noiva\/wp-content\/uploads\/2021\/06\/deniseewill-5-1-200x300.jpg 200w, https:\/\/www.ivanabeaumond.com.br\/vestidos-noiva\/wp-content\/uploads\/2021\/06\/deniseewill-5-1-768x1152.jpg 768w, https:\/\/www.ivanabeaumond.com.br\/vestidos-noiva\/wp-content\/uploads\/2021\/06\/deniseewill-5-1-1024x1536.jpg 1024w, https:\/\/www.ivanabeaumond.com.br\/vestidos-noiva\/wp-content\/uploads\/2021\/06\/deniseewill-5-1-1365x2048.jpg 1365w, https:\/\/www.ivanabeaumond.com.br\/vestidos-noiva\/wp-content\/uploads\/2021\/06\/deniseewill-5-1-scaled.jpg 1707w\" sizes=\"(max-width: 683px) 100vw, 683px\" \/><\/a><\/figure><\/li><li class=\"blocks-gallery-item\"><figure><a href=\"https:\/\/www.ivanabeaumond.com.br\/vestidos-noiva\/wp-content\/uploads\/2021\/06\/DeW_FirstLook_ClaraMiloski-30-scaled.jpg\"><img decoding=\"async\" loading=\"lazy\" width=\"682\" height=\"1024\" src=\"https:\/\/www.ivanabeaumond.com.br\/vestidos-noiva\/wp-content\/uploads\/2021\/06\/DeW_FirstLook_ClaraMiloski-30-682x1024.jpg\" alt=\"\" data-id=\"28239\" data-full-url=\"https:\/\/www.ivanabeaumond.com.br\/vestidos-noiva\/wp-content\/uploads\/2021\/06\/DeW_FirstLook_ClaraMiloski-30-scaled.jpg\" data-link=\"https:\/\/www.ivanabeaumond.com.br\/vestidos-noiva\/?attachment_id=28239\" class=\"wp-image-28239\" srcset=\"https:\/\/www.ivanabeaumond.com.br\/vestidos-noiva\/wp-content\/uploads\/2021\/06\/DeW_FirstLook_ClaraMiloski-30-682x1024.jpg 682w, https:\/\/www.ivanabeaumond.com.br\/vestidos-noiva\/wp-content\/uploads\/2021\/06\/DeW_FirstLook_ClaraMiloski-30-200x300.jpg 200w, https:\/\/www.ivanabeaumond.com.br\/vestidos-noiva\/wp-content\/uploads\/2021\/06\/DeW_FirstLook_ClaraMiloski-30-768x1154.jpg 768w, https:\/\/www.ivanabeaumond.com.br\/vestidos-noiva\/wp-content\/uploads\/2021\/06\/DeW_FirstLook_ClaraMiloski-30-1022x1536.jpg 1022w, https:\/\/www.ivanabeaumond.com.br\/vestidos-noiva\/wp-content\/uploads\/2021\/06\/DeW_FirstLook_ClaraMiloski-30-1363x2048.jpg 1363w, https:\/\/www.ivanabeaumond.com.br\/vestidos-noiva\/wp-content\/uploads\/2021\/06\/DeW_FirstLook_ClaraMiloski-30-scaled.jpg 1704w\" sizes=\"(max-width: 682px) 100vw, 682px\" \/><\/a><\/figure><\/li><li class=\"blocks-gallery-item\"><figure><a href=\"https:\/\/www.ivanabeaumond.com.br\/vestidos-noiva\/wp-content\/uploads\/2021\/06\/DeW_FirstLook_ClaraMiloski-6-scaled.jpg\"><img decoding=\"async\" loading=\"lazy\" width=\"683\" height=\"1024\" src=\"https:\/\/www.ivanabeaumond.com.br\/vestidos-noiva\/wp-content\/uploads\/2021\/06\/DeW_FirstLook_ClaraMiloski-6-683x1024.jpg\" alt=\"\" data-id=\"28238\" data-full-url=\"https:\/\/www.ivanabeaumond.com.br\/vestidos-noiva\/wp-content\/uploads\/2021\/06\/DeW_FirstLook_ClaraMiloski-6-scaled.jpg\" data-link=\"https:\/\/www.ivanabeaumond.com.br\/vestidos-noiva\/?attachment_id=28238\" class=\"wp-image-28238\" srcset=\"https:\/\/www.ivanabeaumond.com.br\/vestidos-noiva\/wp-content\/uploads\/2021\/06\/DeW_FirstLook_ClaraMiloski-6-683x1024.jpg 683w, https:\/\/www.ivanabeaumond.com.br\/vestidos-noiva\/wp-content\/uploads\/2021\/06\/DeW_FirstLook_ClaraMiloski-6-200x300.jpg 200w, https:\/\/www.ivanabeaumond.com.br\/vestidos-noiva\/wp-content\/uploads\/2021\/06\/DeW_FirstLook_ClaraMiloski-6-768x1152.jpg 768w, https:\/\/www.ivanabeaumond.com.br\/vestidos-noiva\/wp-content\/uploads\/2021\/06\/DeW_FirstLook_ClaraMiloski-6-1024x1536.jpg 1024w, https:\/\/www.ivanabeaumond.com.br\/vestidos-noiva\/wp-content\/uploads\/2021\/06\/DeW_FirstLook_ClaraMiloski-6-1365x2048.jpg 1365w, https:\/\/www.ivanabeaumond.com.br\/vestidos-noiva\/wp-content\/uploads\/2021\/06\/DeW_FirstLook_ClaraMiloski-6-scaled.jpg 1707w\" sizes=\"(max-width: 683px) 100vw, 683px\" \/><\/a><\/figure><\/li><li class=\"blocks-gallery-item\"><figure><a href=\"https:\/\/www.ivanabeaumond.com.br\/vestidos-noiva\/wp-content\/uploads\/2021\/06\/DeW_FirstLook_ClaraMiloski-40-scaled.jpg\"><img decoding=\"async\" loading=\"lazy\" width=\"683\" height=\"1024\" src=\"https:\/\/www.ivanabeaumond.com.br\/vestidos-noiva\/wp-content\/uploads\/2021\/06\/DeW_FirstLook_ClaraMiloski-40-683x1024.jpg\" alt=\"\" data-id=\"28240\" data-full-url=\"https:\/\/www.ivanabeaumond.com.br\/vestidos-noiva\/wp-content\/uploads\/2021\/06\/DeW_FirstLook_ClaraMiloski-40-scaled.jpg\" data-link=\"https:\/\/www.ivanabeaumond.com.br\/vestidos-noiva\/?attachment_id=28240\" class=\"wp-image-28240\" srcset=\"https:\/\/www.ivanabeaumond.com.br\/vestidos-noiva\/wp-content\/uploads\/2021\/06\/DeW_FirstLook_ClaraMiloski-40-683x1024.jpg 683w, https:\/\/www.ivanabeaumond.com.br\/vestidos-noiva\/wp-content\/uploads\/2021\/06\/DeW_FirstLook_ClaraMiloski-40-200x300.jpg 200w, https:\/\/www.ivanabeaumond.com.br\/vestidos-noiva\/wp-content\/uploads\/2021\/06\/DeW_FirstLook_ClaraMiloski-40-768x1152.jpg 768w, https:\/\/www.ivanabeaumond.com.br\/vestidos-noiva\/wp-content\/uploads\/2021\/06\/DeW_FirstLook_ClaraMiloski-40-1024x1536.jpg 1024w, https:\/\/www.ivanabeaumond.com.br\/vestidos-noiva\/wp-content\/uploads\/2021\/06\/DeW_FirstLook_ClaraMiloski-40-1365x2048.jpg 1365w, https:\/\/www.ivanabeaumond.com.br\/vestidos-noiva\/wp-content\/uploads\/2021\/06\/DeW_FirstLook_ClaraMiloski-40-scaled.jpg 1707w\" sizes=\"(max-width: 683px) 100vw, 683px\" \/><\/a><\/figure><\/li><li class=\"blocks-gallery-item\"><figure><a href=\"https:\/\/www.ivanabeaumond.com.br\/vestidos-noiva\/wp-content\/uploads\/2021\/06\/DeW_FirstLook_ClaraMiloski-63-scaled.jpg\"><img decoding=\"async\" loading=\"lazy\" width=\"683\" height=\"1024\" src=\"https:\/\/www.ivanabeaumond.com.br\/vestidos-noiva\/wp-content\/uploads\/2021\/06\/DeW_FirstLook_ClaraMiloski-63-683x1024.jpg\" alt=\"\" data-id=\"28241\" data-full-url=\"https:\/\/www.ivanabeaumond.com.br\/vestidos-noiva\/wp-content\/uploads\/2021\/06\/DeW_FirstLook_ClaraMiloski-63-scaled.jpg\" data-link=\"https:\/\/www.ivanabeaumond.com.br\/vestidos-noiva\/?attachment_id=28241\" class=\"wp-image-28241\" srcset=\"https:\/\/www.ivanabeaumond.com.br\/vestidos-noiva\/wp-content\/uploads\/2021\/06\/DeW_FirstLook_ClaraMiloski-63-683x1024.jpg 683w, https:\/\/www.ivanabeaumond.com.br\/vestidos-noiva\/wp-content\/uploads\/2021\/06\/DeW_FirstLook_ClaraMiloski-63-200x300.jpg 200w, https:\/\/www.ivanabeaumond.com.br\/vestidos-noiva\/wp-content\/uploads\/2021\/06\/DeW_FirstLook_ClaraMiloski-63-768x1152.jpg 768w, https:\/\/www.ivanabeaumond.com.br\/vestidos-noiva\/wp-content\/uploads\/2021\/06\/DeW_FirstLook_ClaraMiloski-63-1024x1536.jpg 1024w, https:\/\/www.ivanabeaumond.com.br\/vestidos-noiva\/wp-content\/uploads\/2021\/06\/DeW_FirstLook_ClaraMiloski-63-1365x2048.jpg 1365w, https:\/\/www.ivanabeaumond.com.br\/vestidos-noiva\/wp-content\/uploads\/2021\/06\/DeW_FirstLook_ClaraMiloski-63-scaled.jpg 1707w\" sizes=\"(max-width: 683px) 100vw, 683px\" \/><\/a><\/figure><\/li><li class=\"blocks-gallery-item\"><figure><a href=\"https:\/\/www.ivanabeaumond.com.br\/vestidos-noiva\/wp-content\/uploads\/2021\/06\/DeW_FirstLook_ClaraMiloski-64-scaled.jpg\"><img decoding=\"async\" loading=\"lazy\" width=\"683\" height=\"1024\" src=\"https:\/\/www.ivanabeaumond.com.br\/vestidos-noiva\/wp-content\/uploads\/2021\/06\/DeW_FirstLook_ClaraMiloski-64-683x1024.jpg\" alt=\"\" data-id=\"28242\" data-full-url=\"https:\/\/www.ivanabeaumond.com.br\/vestidos-noiva\/wp-content\/uploads\/2021\/06\/DeW_FirstLook_ClaraMiloski-64-scaled.jpg\" data-link=\"https:\/\/www.ivanabeaumond.com.br\/vestidos-noiva\/?attachment_id=28242\" class=\"wp-image-28242\" srcset=\"https:\/\/www.ivanabeaumond.com.br\/vestidos-noiva\/wp-content\/uploads\/2021\/06\/DeW_FirstLook_ClaraMiloski-64-683x1024.jpg 683w, https:\/\/www.ivanabeaumond.com.br\/vestidos-noiva\/wp-content\/uploads\/2021\/06\/DeW_FirstLook_ClaraMiloski-64-200x300.jpg 200w, https:\/\/www.ivanabeaumond.com.br\/vestidos-noiva\/wp-content\/uploads\/2021\/06\/DeW_FirstLook_ClaraMiloski-64-768x1152.jpg 768w, https:\/\/www.ivanabeaumond.com.br\/vestidos-noiva\/wp-content\/uploads\/2021\/06\/DeW_FirstLook_ClaraMiloski-64-1024x1536.jpg 1024w, https:\/\/www.ivanabeaumond.com.br\/vestidos-noiva\/wp-content\/uploads\/2021\/06\/DeW_FirstLook_ClaraMiloski-64-1365x2048.jpg 1365w, https:\/\/www.ivanabeaumond.com.br\/vestidos-noiva\/wp-content\/uploads\/2021\/06\/DeW_FirstLook_ClaraMiloski-64-scaled.jpg 1707w\" sizes=\"(max-width: 683px) 100vw, 683px\" \/><\/a><\/figure><\/li><\/ul><\/figure>\n\n\n\n<div style=\"height:33px\" aria-hidden=\"true\" class=\"wp-block-spacer\"><\/div>\n\n\n\n<figure class=\"wp-block-gallery columns-3 is-cropped wp-block-gallery-7 is-layout-flex\"><ul class=\"blocks-gallery-grid\"><li class=\"blocks-gallery-item\"><figure><a href=\"https:\/\/www.ivanabeaumond.com.br\/vestidos-noiva\/wp-content\/uploads\/2021\/06\/DeW_ClaraMiloski-8-scaled.jpg\"><img decoding=\"async\" loading=\"lazy\" width=\"1024\" height=\"683\" src=\"https:\/\/www.ivanabeaumond.com.br\/vestidos-noiva\/wp-content\/uploads\/2021\/06\/DeW_ClaraMiloski-8-1024x683.jpg\" alt=\"\" data-id=\"28244\" data-full-url=\"https:\/\/www.ivanabeaumond.com.br\/vestidos-noiva\/wp-content\/uploads\/2021\/06\/DeW_ClaraMiloski-8-scaled.jpg\" data-link=\"https:\/\/www.ivanabeaumond.com.br\/vestidos-noiva\/?attachment_id=28244\" class=\"wp-image-28244\" srcset=\"https:\/\/www.ivanabeaumond.com.br\/vestidos-noiva\/wp-content\/uploads\/2021\/06\/DeW_ClaraMiloski-8-1024x683.jpg 1024w, https:\/\/www.ivanabeaumond.com.br\/vestidos-noiva\/wp-content\/uploads\/2021\/06\/DeW_ClaraMiloski-8-300x200.jpg 300w, https:\/\/www.ivanabeaumond.com.br\/vestidos-noiva\/wp-content\/uploads\/2021\/06\/DeW_ClaraMiloski-8-768x512.jpg 768w, https:\/\/www.ivanabeaumond.com.br\/vestidos-noiva\/wp-content\/uploads\/2021\/06\/DeW_ClaraMiloski-8-1536x1024.jpg 1536w, https:\/\/www.ivanabeaumond.com.br\/vestidos-noiva\/wp-content\/uploads\/2021\/06\/DeW_ClaraMiloski-8-2048x1365.jpg 2048w, https:\/\/www.ivanabeaumond.com.br\/vestidos-noiva\/wp-content\/uploads\/2021\/06\/DeW_ClaraMiloski-8-480x320.jpg 480w\" sizes=\"(max-width: 1024px) 100vw, 1024px\" \/><\/a><\/figure><\/li><li class=\"blocks-gallery-item\"><figure><a href=\"https:\/\/www.ivanabeaumond.com.br\/vestidos-noiva\/wp-content\/uploads\/2021\/06\/DeW_ClaraMiloski-11-scaled.jpg\"><img decoding=\"async\" loading=\"lazy\" width=\"683\" height=\"1024\" src=\"https:\/\/www.ivanabeaumond.com.br\/vestidos-noiva\/wp-content\/uploads\/2021\/06\/DeW_ClaraMiloski-11-683x1024.jpg\" alt=\"\" data-id=\"28245\" data-full-url=\"https:\/\/www.ivanabeaumond.com.br\/vestidos-noiva\/wp-content\/uploads\/2021\/06\/DeW_ClaraMiloski-11-scaled.jpg\" data-link=\"https:\/\/www.ivanabeaumond.com.br\/vestidos-noiva\/?attachment_id=28245\" class=\"wp-image-28245\" srcset=\"https:\/\/www.ivanabeaumond.com.br\/vestidos-noiva\/wp-content\/uploads\/2021\/06\/DeW_ClaraMiloski-11-683x1024.jpg 683w, https:\/\/www.ivanabeaumond.com.br\/vestidos-noiva\/wp-content\/uploads\/2021\/06\/DeW_ClaraMiloski-11-200x300.jpg 200w, https:\/\/www.ivanabeaumond.com.br\/vestidos-noiva\/wp-content\/uploads\/2021\/06\/DeW_ClaraMiloski-11-768x1152.jpg 768w, https:\/\/www.ivanabeaumond.com.br\/vestidos-noiva\/wp-content\/uploads\/2021\/06\/DeW_ClaraMiloski-11-1024x1536.jpg 1024w, https:\/\/www.ivanabeaumond.com.br\/vestidos-noiva\/wp-content\/uploads\/2021\/06\/DeW_ClaraMiloski-11-1365x2048.jpg 1365w, https:\/\/www.ivanabeaumond.com.br\/vestidos-noiva\/wp-content\/uploads\/2021\/06\/DeW_ClaraMiloski-11-scaled.jpg 1707w\" sizes=\"(max-width: 683px) 100vw, 683px\" \/><\/a><\/figure><\/li><li class=\"blocks-gallery-item\"><figure><a href=\"https:\/\/www.ivanabeaumond.com.br\/vestidos-noiva\/wp-content\/uploads\/2021\/06\/DeW_ClaraMiloski-28-scaled.jpg\"><img decoding=\"async\" loading=\"lazy\" width=\"1024\" height=\"683\" src=\"https:\/\/www.ivanabeaumond.com.br\/vestidos-noiva\/wp-content\/uploads\/2021\/06\/DeW_ClaraMiloski-28-1024x683.jpg\" alt=\"\" data-id=\"28246\" data-full-url=\"https:\/\/www.ivanabeaumond.com.br\/vestidos-noiva\/wp-content\/uploads\/2021\/06\/DeW_ClaraMiloski-28-scaled.jpg\" data-link=\"https:\/\/www.ivanabeaumond.com.br\/vestidos-noiva\/?attachment_id=28246\" class=\"wp-image-28246\" srcset=\"https:\/\/www.ivanabeaumond.com.br\/vestidos-noiva\/wp-content\/uploads\/2021\/06\/DeW_ClaraMiloski-28-1024x683.jpg 1024w, https:\/\/www.ivanabeaumond.com.br\/vestidos-noiva\/wp-content\/uploads\/2021\/06\/DeW_ClaraMiloski-28-300x200.jpg 300w, https:\/\/www.ivanabeaumond.com.br\/vestidos-noiva\/wp-content\/uploads\/2021\/06\/DeW_ClaraMiloski-28-768x512.jpg 768w, https:\/\/www.ivanabeaumond.com.br\/vestidos-noiva\/wp-content\/uploads\/2021\/06\/DeW_ClaraMiloski-28-1536x1024.jpg 1536w, https:\/\/www.ivanabeaumond.com.br\/vestidos-noiva\/wp-content\/uploads\/2021\/06\/DeW_ClaraMiloski-28-2048x1365.jpg 2048w, https:\/\/www.ivanabeaumond.com.br\/vestidos-noiva\/wp-content\/uploads\/2021\/06\/DeW_ClaraMiloski-28-480x320.jpg 480w\" sizes=\"(max-width: 1024px) 100vw, 1024px\" \/><\/a><\/figure><\/li><li class=\"blocks-gallery-item\"><figure><a href=\"https:\/\/www.ivanabeaumond.com.br\/vestidos-noiva\/wp-content\/uploads\/2021\/06\/DeW_ClaraMiloski-31-scaled.jpg\"><img decoding=\"async\" loading=\"lazy\" width=\"683\" height=\"1024\" src=\"https:\/\/www.ivanabeaumond.com.br\/vestidos-noiva\/wp-content\/uploads\/2021\/06\/DeW_ClaraMiloski-31-683x1024.jpg\" alt=\"\" data-id=\"28247\" data-full-url=\"https:\/\/www.ivanabeaumond.com.br\/vestidos-noiva\/wp-content\/uploads\/2021\/06\/DeW_ClaraMiloski-31-scaled.jpg\" data-link=\"https:\/\/www.ivanabeaumond.com.br\/vestidos-noiva\/?attachment_id=28247\" class=\"wp-image-28247\" srcset=\"https:\/\/www.ivanabeaumond.com.br\/vestidos-noiva\/wp-content\/uploads\/2021\/06\/DeW_ClaraMiloski-31-683x1024.jpg 683w, https:\/\/www.ivanabeaumond.com.br\/vestidos-noiva\/wp-content\/uploads\/2021\/06\/DeW_ClaraMiloski-31-200x300.jpg 200w, https:\/\/www.ivanabeaumond.com.br\/vestidos-noiva\/wp-content\/uploads\/2021\/06\/DeW_ClaraMiloski-31-768x1152.jpg 768w, https:\/\/www.ivanabeaumond.com.br\/vestidos-noiva\/wp-content\/uploads\/2021\/06\/DeW_ClaraMiloski-31-1024x1536.jpg 1024w, https:\/\/www.ivanabeaumond.com.br\/vestidos-noiva\/wp-content\/uploads\/2021\/06\/DeW_ClaraMiloski-31-1365x2048.jpg 1365w, https:\/\/www.ivanabeaumond.com.br\/vestidos-noiva\/wp-content\/uploads\/2021\/06\/DeW_ClaraMiloski-31-scaled.jpg 1707w\" sizes=\"(max-width: 683px) 100vw, 683px\" \/><\/a><\/figure><\/li><li class=\"blocks-gallery-item\"><figure><a href=\"https:\/\/www.ivanabeaumond.com.br\/vestidos-noiva\/wp-content\/uploads\/2021\/06\/DeW_ClaraMiloski-39-scaled.jpg\"><img decoding=\"async\" loading=\"lazy\" width=\"683\" height=\"1024\" src=\"https:\/\/www.ivanabeaumond.com.br\/vestidos-noiva\/wp-content\/uploads\/2021\/06\/DeW_ClaraMiloski-39-683x1024.jpg\" alt=\"\" data-id=\"28248\" data-full-url=\"https:\/\/www.ivanabeaumond.com.br\/vestidos-noiva\/wp-content\/uploads\/2021\/06\/DeW_ClaraMiloski-39-scaled.jpg\" data-link=\"https:\/\/www.ivanabeaumond.com.br\/vestidos-noiva\/?attachment_id=28248\" class=\"wp-image-28248\" srcset=\"https:\/\/www.ivanabeaumond.com.br\/vestidos-noiva\/wp-content\/uploads\/2021\/06\/DeW_ClaraMiloski-39-683x1024.jpg 683w, https:\/\/www.ivanabeaumond.com.br\/vestidos-noiva\/wp-content\/uploads\/2021\/06\/DeW_ClaraMiloski-39-200x300.jpg 200w, https:\/\/www.ivanabeaumond.com.br\/vestidos-noiva\/wp-content\/uploads\/2021\/06\/DeW_ClaraMiloski-39-768x1152.jpg 768w, https:\/\/www.ivanabeaumond.com.br\/vestidos-noiva\/wp-content\/uploads\/2021\/06\/DeW_ClaraMiloski-39-1024x1536.jpg 1024w, https:\/\/www.ivanabeaumond.com.br\/vestidos-noiva\/wp-content\/uploads\/2021\/06\/DeW_ClaraMiloski-39-1365x2048.jpg 1365w, https:\/\/www.ivanabeaumond.com.br\/vestidos-noiva\/wp-content\/uploads\/2021\/06\/DeW_ClaraMiloski-39-scaled.jpg 1707w\" sizes=\"(max-width: 683px) 100vw, 683px\" \/><\/a><\/figure><\/li><li class=\"blocks-gallery-item\"><figure><a href=\"https:\/\/www.ivanabeaumond.com.br\/vestidos-noiva\/wp-content\/uploads\/2021\/06\/DeW_ClaraMiloski-47-scaled.jpg\"><img decoding=\"async\" loading=\"lazy\" width=\"636\" height=\"1024\" src=\"https:\/\/www.ivanabeaumond.com.br\/vestidos-noiva\/wp-content\/uploads\/2021\/06\/DeW_ClaraMiloski-47-636x1024.jpg\" alt=\"\" data-id=\"28249\" data-full-url=\"https:\/\/www.ivanabeaumond.com.br\/vestidos-noiva\/wp-content\/uploads\/2021\/06\/DeW_ClaraMiloski-47-scaled.jpg\" data-link=\"https:\/\/www.ivanabeaumond.com.br\/vestidos-noiva\/?attachment_id=28249\" class=\"wp-image-28249\" srcset=\"https:\/\/www.ivanabeaumond.com.br\/vestidos-noiva\/wp-content\/uploads\/2021\/06\/DeW_ClaraMiloski-47-636x1024.jpg 636w, https:\/\/www.ivanabeaumond.com.br\/vestidos-noiva\/wp-content\/uploads\/2021\/06\/DeW_ClaraMiloski-47-186x300.jpg 186w, https:\/\/www.ivanabeaumond.com.br\/vestidos-noiva\/wp-content\/uploads\/2021\/06\/DeW_ClaraMiloski-47-768x1237.jpg 768w, https:\/\/www.ivanabeaumond.com.br\/vestidos-noiva\/wp-content\/uploads\/2021\/06\/DeW_ClaraMiloski-47-954x1536.jpg 954w, https:\/\/www.ivanabeaumond.com.br\/vestidos-noiva\/wp-content\/uploads\/2021\/06\/DeW_ClaraMiloski-47-1271x2048.jpg 1271w, https:\/\/www.ivanabeaumond.com.br\/vestidos-noiva\/wp-content\/uploads\/2021\/06\/DeW_ClaraMiloski-47-scaled.jpg 1589w\" sizes=\"(max-width: 636px) 100vw, 636px\" \/><\/a><\/figure><\/li><li class=\"blocks-gallery-item\"><figure><a href=\"https:\/\/www.ivanabeaumond.com.br\/vestidos-noiva\/wp-content\/uploads\/2021\/06\/DeW_ClaraMiloski-58-1-scaled.jpg\"><img decoding=\"async\" loading=\"lazy\" width=\"1024\" height=\"683\" src=\"https:\/\/www.ivanabeaumond.com.br\/vestidos-noiva\/wp-content\/uploads\/2021\/06\/DeW_ClaraMiloski-58-1-1024x683.jpg\" alt=\"\" data-id=\"28250\" data-full-url=\"https:\/\/www.ivanabeaumond.com.br\/vestidos-noiva\/wp-content\/uploads\/2021\/06\/DeW_ClaraMiloski-58-1-scaled.jpg\" data-link=\"https:\/\/www.ivanabeaumond.com.br\/vestidos-noiva\/?attachment_id=28250\" class=\"wp-image-28250\" srcset=\"https:\/\/www.ivanabeaumond.com.br\/vestidos-noiva\/wp-content\/uploads\/2021\/06\/DeW_ClaraMiloski-58-1-1024x683.jpg 1024w, https:\/\/www.ivanabeaumond.com.br\/vestidos-noiva\/wp-content\/uploads\/2021\/06\/DeW_ClaraMiloski-58-1-300x200.jpg 300w, https:\/\/www.ivanabeaumond.com.br\/vestidos-noiva\/wp-content\/uploads\/2021\/06\/DeW_ClaraMiloski-58-1-768x512.jpg 768w, https:\/\/www.ivanabeaumond.com.br\/vestidos-noiva\/wp-content\/uploads\/2021\/06\/DeW_ClaraMiloski-58-1-1536x1024.jpg 1536w, https:\/\/www.ivanabeaumond.com.br\/vestidos-noiva\/wp-content\/uploads\/2021\/06\/DeW_ClaraMiloski-58-1-2048x1365.jpg 2048w, https:\/\/www.ivanabeaumond.com.br\/vestidos-noiva\/wp-content\/uploads\/2021\/06\/DeW_ClaraMiloski-58-1-480x320.jpg 480w\" sizes=\"(max-width: 1024px) 100vw, 1024px\" \/><\/a><\/figure><\/li><li class=\"blocks-gallery-item\"><figure><a href=\"https:\/\/www.ivanabeaumond.com.br\/vestidos-noiva\/wp-content\/uploads\/2021\/06\/DeW_ClaraMiloski-75-scaled.jpg\"><img decoding=\"async\" loading=\"lazy\" width=\"1024\" height=\"683\" src=\"https:\/\/www.ivanabeaumond.com.br\/vestidos-noiva\/wp-content\/uploads\/2021\/06\/DeW_ClaraMiloski-75-1024x683.jpg\" alt=\"\" data-id=\"28251\" data-full-url=\"https:\/\/www.ivanabeaumond.com.br\/vestidos-noiva\/wp-content\/uploads\/2021\/06\/DeW_ClaraMiloski-75-scaled.jpg\" data-link=\"https:\/\/www.ivanabeaumond.com.br\/vestidos-noiva\/?attachment_id=28251\" class=\"wp-image-28251\" srcset=\"https:\/\/www.ivanabeaumond.com.br\/vestidos-noiva\/wp-content\/uploads\/2021\/06\/DeW_ClaraMiloski-75-1024x683.jpg 1024w, https:\/\/www.ivanabeaumond.com.br\/vestidos-noiva\/wp-content\/uploads\/2021\/06\/DeW_ClaraMiloski-75-300x200.jpg 300w, https:\/\/www.ivanabeaumond.com.br\/vestidos-noiva\/wp-content\/uploads\/2021\/06\/DeW_ClaraMiloski-75-768x512.jpg 768w, https:\/\/www.ivanabeaumond.com.br\/vestidos-noiva\/wp-content\/uploads\/2021\/06\/DeW_ClaraMiloski-75-1536x1024.jpg 1536w, https:\/\/www.ivanabeaumond.com.br\/vestidos-noiva\/wp-content\/uploads\/2021\/06\/DeW_ClaraMiloski-75-2048x1365.jpg 2048w, https:\/\/www.ivanabeaumond.com.br\/vestidos-noiva\/wp-content\/uploads\/2021\/06\/DeW_ClaraMiloski-75-480x320.jpg 480w\" sizes=\"(max-width: 1024px) 100vw, 1024px\" \/><\/a><\/figure><\/li><\/ul><\/figure>\n\n\n\n<h4 class=\"wp-block-heading\">FORNECEDORES: Cerimonial:&nbsp;<a href=\"https:\/\/www.instagram.com\/marinamacielcerimonial\/\">@marinamacielcerimonial<\/a><br>Decora\u00e7\u00e3o:&nbsp;<a href=\"https:\/\/www.instagram.com\/kellykhawam\/\">@kellykhawam<\/a><br>Moveis:&nbsp;<a href=\"https:\/\/www.instagram.com\/chiavarieventos\/\">@chiavarieventos<\/a><br>Florista:&nbsp;<a href=\"https:\/\/www.instagram.com\/diogolbrand\/\">@diogolbrand<\/a><br>Detalhes&nbsp;<a href=\"https:\/\/www.instagram.com\/mclocacoes\/\">@mclocacoes<\/a><br>Paisagismo&nbsp;<a href=\"https:\/\/www.instagram.com\/imperfolhas\/\">@imperfolhas<\/a><br>Papelaria:&nbsp;<a href=\"https:\/\/www.instagram.com\/kasadosconvites\/\">@kasadosconvites<\/a><br>Buffet:&nbsp;<a href=\"https:\/\/www.instagram.com\/marialuizabuffet\/\">@marialuizabuffet<\/a><br>Dj:&nbsp;<a href=\"https:\/\/www.instagram.com\/gugaweigert\/\">@gugaweigert<\/a><br>Foto e video:&nbsp;<a href=\"https:\/\/www.instagram.com\/claramiloski\/\">@claramiloski<\/a><br>Celebrante:&nbsp;<a href=\"https:\/\/www.instagram.com\/bemditocasamento\/\">@bemditocasamento<\/a><br>Bar:&nbsp;<a href=\"https:\/\/www.instagram.com\/lolasbar\/\">@lolasbar<\/a><br>Beleza da noiva:&nbsp;<a href=\"https:\/\/www.instagram.com\/mari.walsh\/\">@mari.walsh<\/a><br>Alianca:&nbsp;<a href=\"https:\/\/www.instagram.com\/hsternoficial\/\">@hsternoficial<\/a><br>Vestido:&nbsp;<a href=\"https:\/\/www.instagram.com\/ivanabeaumond\/\">@ivanabeaumond<\/a><br>Sandalia&nbsp;<a href=\"https:\/\/www.instagram.com\/somosalme\/\">@somosalme<\/a><br>Bolo:&nbsp;<a href=\"https:\/\/www.instagram.com\/docesdanielalourenco\/\">@docesdanielalourenco<\/a><br>Bem casado&nbsp;<a href=\"https:\/\/www.instagram.com\/bethmedeiros\/\">@bethmedeiros<\/a><br>Lembran\u00e7as:&nbsp;<a href=\"https:\/\/www.instagram.com\/pashminawedding\/\">@pashminawedding<\/a><br>Ilumina\u00e7\u00e3o:&nbsp;<a href=\"https:\/\/www.instagram.com\/carlinhosdjpetropolis\/\">@carlinhosdjpetropolis<\/a><br>Toldo&nbsp;<a href=\"https:\/\/www.instagram.com\/seriflex\/\">@seriflex<\/a><br>Bebidas&nbsp;<a href=\"https:\/\/www.instagram.com\/portodivino\/\">@portodivino<\/a><br>Manobra e seguran\u00e7a&nbsp;<a href=\"https:\/\/www.instagram.com\/t_trade_eventos\/\">@t_trade_eventos<\/a><br>Gerador&nbsp;<a href=\"https:\/\/www.instagram.com\/brasilcine\/\">@brasilcine<\/a><\/h4>\n","protected":false},"excerpt":{"rendered":"<p>A \u00fanica palavra que descreveria o casamento de Denise e&#8230;<\/p>\n","protected":false},"author":4,"featured_media":28230,"comment_status":"open","ping_status":"open","sticky":false,"template":"","format":"standard","meta":[],"categories":[60,130],"tags":[],"yoast_head":"<!-- This site is optimized with the Yoast SEO plugin v20.3 - https:\/\/yoast.com\/wordpress\/plugins\/seo\/ -->\n<title>CASAMENTO R\u00daSTICO,COM DENISE E WILBERT - Vestido de Noiva RJ<\/title>\n<meta name=\"robots\" content=\"index, follow, max-snippet:-1, max-image-preview:large, max-video-preview:-1\" \/>\n<link rel=\"canonical\" href=\"https:\/\/www.ivanabeaumond.com.br\/vestidos-noiva\/casamento-rusticocom-denise-e-wilbert\/\" \/>\n<meta property=\"og:locale\" content=\"pt_BR\" \/>\n<meta property=\"og:type\" content=\"article\" \/>\n<meta property=\"og:title\" content=\"CASAMENTO R\u00daSTICO,COM DENISE E WILBERT - Vestido de Noiva RJ\" \/>\n<meta property=\"og:description\" content=\"A \u00fanica palavra que descreveria o casamento de Denise e...\" \/>\n<meta property=\"og:url\" content=\"https:\/\/www.ivanabeaumond.com.br\/vestidos-noiva\/casamento-rusticocom-denise-e-wilbert\/\" \/>\n<meta property=\"og:site_name\" content=\"Vestido de Noiva RJ\" \/>\n<meta property=\"article:publisher\" content=\"https:\/\/www.facebook.com\/ivana.beaumondnoivas\" \/>\n<meta property=\"article:published_time\" content=\"2021-06-29T18:45:03+00:00\" \/>\n<meta property=\"article:modified_time\" content=\"2021-06-29T19:03:23+00:00\" \/>\n<meta property=\"og:image\" content=\"https:\/\/www.ivanabeaumond.com.br\/vestidos-noiva\/wp-content\/uploads\/2021\/06\/deniseewill-11-scaled.jpg\" \/>\n\t<meta property=\"og:image:width\" content=\"2560\" \/>\n\t<meta property=\"og:image:height\" content=\"1785\" \/>\n\t<meta property=\"og:image:type\" content=\"image\/jpeg\" \/>\n<meta name=\"author\" content=\"Ivana Beaumond Paris\" \/>\n<meta name=\"twitter:card\" content=\"summary_large_image\" \/>\n<meta name=\"twitter:label1\" content=\"Escrito por\" \/>\n\t<meta name=\"twitter:data1\" content=\"Ivana Beaumond Paris\" \/>\n\t<meta name=\"twitter:label2\" content=\"Est. tempo de leitura\" \/>\n\t<meta name=\"twitter:data2\" content=\"1 minuto\" \/>\n<script type=\"application\/ld+json\" class=\"yoast-schema-graph\">{\"@context\":\"https:\/\/schema.org\",\"@graph\":[{\"@type\":\"Article\",\"@id\":\"https:\/\/www.ivanabeaumond.com.br\/vestidos-noiva\/casamento-rusticocom-denise-e-wilbert\/#article\",\"isPartOf\":{\"@id\":\"https:\/\/www.ivanabeaumond.com.br\/vestidos-noiva\/casamento-rusticocom-denise-e-wilbert\/\"},\"author\":{\"name\":\"Ivana Beaumond Paris\",\"@id\":\"https:\/\/www.ivanabeaumond.com.br\/vestidos-noiva\/#\/schema\/person\/1a360c4cffa3b806d29a456389dcff26\"},\"headline\":\"CASAMENTO R\u00daSTICO,COM DENISE E WILBERT\",\"datePublished\":\"2021-06-29T18:45:03+00:00\",\"dateModified\":\"2021-06-29T19:03:23+00:00\",\"mainEntityOfPage\":{\"@id\":\"https:\/\/www.ivanabeaumond.com.br\/vestidos-noiva\/casamento-rusticocom-denise-e-wilbert\/\"},\"wordCount\":296,\"commentCount\":0,\"publisher\":{\"@id\":\"https:\/\/www.ivanabeaumond.com.br\/vestidos-noiva\/#organization\"},\"articleSection\":[\"Blog\",\"Nossas Noivas\"],\"inLanguage\":\"pt-BR\",\"potentialAction\":[{\"@type\":\"CommentAction\",\"name\":\"Comment\",\"target\":[\"https:\/\/www.ivanabeaumond.com.br\/vestidos-noiva\/casamento-rusticocom-denise-e-wilbert\/#respond\"]}]},{\"@type\":\"WebPage\",\"@id\":\"https:\/\/www.ivanabeaumond.com.br\/vestidos-noiva\/casamento-rusticocom-denise-e-wilbert\/\",\"url\":\"https:\/\/www.ivanabeaumond.com.br\/vestidos-noiva\/casamento-rusticocom-denise-e-wilbert\/\",\"name\":\"CASAMENTO R\u00daSTICO,COM DENISE E WILBERT - Vestido de Noiva RJ\",\"isPartOf\":{\"@id\":\"https:\/\/www.ivanabeaumond.com.br\/vestidos-noiva\/#website\"},\"datePublished\":\"2021-06-29T18:45:03+00:00\",\"dateModified\":\"2021-06-29T19:03:23+00:00\",\"breadcrumb\":{\"@id\":\"https:\/\/www.ivanabeaumond.com.br\/vestidos-noiva\/casamento-rusticocom-denise-e-wilbert\/#breadcrumb\"},\"inLanguage\":\"pt-BR\",\"potentialAction\":[{\"@type\":\"ReadAction\",\"target\":[\"https:\/\/www.ivanabeaumond.com.br\/vestidos-noiva\/casamento-rusticocom-denise-e-wilbert\/\"]}]},{\"@type\":\"BreadcrumbList\",\"@id\":\"https:\/\/www.ivanabeaumond.com.br\/vestidos-noiva\/casamento-rusticocom-denise-e-wilbert\/#breadcrumb\",\"itemListElement\":[{\"@type\":\"ListItem\",\"position\":1,\"name\":\"In\u00edcio\",\"item\":\"https:\/\/www.ivanabeaumond.com.br\/vestidos-noiva\/\"},{\"@type\":\"ListItem\",\"position\":2,\"name\":\"CASAMENTO R\u00daSTICO,COM DENISE E WILBERT\"}]},{\"@type\":\"WebSite\",\"@id\":\"https:\/\/www.ivanabeaumond.com.br\/vestidos-noiva\/#website\",\"url\":\"https:\/\/www.ivanabeaumond.com.br\/vestidos-noiva\/\",\"name\":\"Vestido de Noiva RJ\",\"description\":\"Moda Noiva\",\"publisher\":{\"@id\":\"https:\/\/www.ivanabeaumond.com.br\/vestidos-noiva\/#organization\"},\"potentialAction\":[{\"@type\":\"SearchAction\",\"target\":{\"@type\":\"EntryPoint\",\"urlTemplate\":\"https:\/\/www.ivanabeaumond.com.br\/vestidos-noiva\/?s={search_term_string}\"},\"query-input\":\"required name=search_term_string\"}],\"inLanguage\":\"pt-BR\"},{\"@type\":\"Organization\",\"@id\":\"https:\/\/www.ivanabeaumond.com.br\/vestidos-noiva\/#organization\",\"name\":\"Vestido de Noiva RJ\",\"url\":\"https:\/\/www.ivanabeaumond.com.br\/vestidos-noiva\/\",\"logo\":{\"@type\":\"ImageObject\",\"inLanguage\":\"pt-BR\",\"@id\":\"https:\/\/www.ivanabeaumond.com.br\/vestidos-noiva\/#\/schema\/logo\/image\/\",\"url\":\"https:\/\/www.ivanabeaumond.com.br\/vestidos-noiva\/wp-content\/uploads\/2018\/02\/logo_ivana_beaumond-2.png\",\"contentUrl\":\"https:\/\/www.ivanabeaumond.com.br\/vestidos-noiva\/wp-content\/uploads\/2018\/02\/logo_ivana_beaumond-2.png\",\"width\":230,\"height\":112,\"caption\":\"Vestido de Noiva RJ\"},\"image\":{\"@id\":\"https:\/\/www.ivanabeaumond.com.br\/vestidos-noiva\/#\/schema\/logo\/image\/\"},\"sameAs\":[\"https:\/\/www.facebook.com\/ivana.beaumondnoivas\",\"https:\/\/www.instagram.com\/ivanabeaumond\/\",\"https:\/\/www.tiktok.com\/@ivanabeaumond\"]},{\"@type\":\"Person\",\"@id\":\"https:\/\/www.ivanabeaumond.com.br\/vestidos-noiva\/#\/schema\/person\/1a360c4cffa3b806d29a456389dcff26\",\"name\":\"Ivana Beaumond Paris\",\"image\":{\"@type\":\"ImageObject\",\"inLanguage\":\"pt-BR\",\"@id\":\"https:\/\/www.ivanabeaumond.com.br\/vestidos-noiva\/#\/schema\/person\/image\/\",\"url\":\"https:\/\/secure.gravatar.com\/avatar\/641f98db20b53ec937ceb641db4270b9?s=96&d=mm&r=g\",\"contentUrl\":\"https:\/\/secure.gravatar.com\/avatar\/641f98db20b53ec937ceb641db4270b9?s=96&d=mm&r=g\",\"caption\":\"Ivana Beaumond Paris\"},\"url\":\"https:\/\/www.ivanabeaumond.com.br\/vestidos-noiva\/author\/ivana\/\"}]}<\/script>\n<!-- \/ Yoast SEO plugin. -->","yoast_head_json":{"title":"CASAMENTO R\u00daSTICO,COM DENISE E WILBERT - Vestido de Noiva RJ","robots":{"index":"index","follow":"follow","max-snippet":"max-snippet:-1","max-image-preview":"max-image-preview:large","max-video-preview":"max-video-preview:-1"},"canonical":"https:\/\/www.ivanabeaumond.com.br\/vestidos-noiva\/casamento-rusticocom-denise-e-wilbert\/","og_locale":"pt_BR","og_type":"article","og_title":"CASAMENTO R\u00daSTICO,COM DENISE E WILBERT - Vestido de Noiva RJ","og_description":"A \u00fanica palavra que descreveria o casamento de Denise e...","og_url":"https:\/\/www.ivanabeaumond.com.br\/vestidos-noiva\/casamento-rusticocom-denise-e-wilbert\/","og_site_name":"Vestido de Noiva RJ","article_publisher":"https:\/\/www.facebook.com\/ivana.beaumondnoivas","article_published_time":"2021-06-29T18:45:03+00:00","article_modified_time":"2021-06-29T19:03:23+00:00","og_image":[{"width":2560,"height":1785,"url":"https:\/\/www.ivanabeaumond.com.br\/vestidos-noiva\/wp-content\/uploads\/2021\/06\/deniseewill-11-scaled.jpg","type":"image\/jpeg"}],"author":"Ivana Beaumond Paris","twitter_card":"summary_large_image","twitter_misc":{"Escrito por":"Ivana Beaumond Paris","Est. tempo de leitura":"1 minuto"},"schema":{"@context":"https:\/\/schema.org","@graph":[{"@type":"Article","@id":"https:\/\/www.ivanabeaumond.com.br\/vestidos-noiva\/casamento-rusticocom-denise-e-wilbert\/#article","isPartOf":{"@id":"https:\/\/www.ivanabeaumond.com.br\/vestidos-noiva\/casamento-rusticocom-denise-e-wilbert\/"},"author":{"name":"Ivana Beaumond Paris","@id":"https:\/\/www.ivanabeaumond.com.br\/vestidos-noiva\/#\/schema\/person\/1a360c4cffa3b806d29a456389dcff26"},"headline":"CASAMENTO R\u00daSTICO,COM DENISE E WILBERT","datePublished":"2021-06-29T18:45:03+00:00","dateModified":"2021-06-29T19:03:23+00:00","mainEntityOfPage":{"@id":"https:\/\/www.ivanabeaumond.com.br\/vestidos-noiva\/casamento-rusticocom-denise-e-wilbert\/"},"wordCount":296,"commentCount":0,"publisher":{"@id":"https:\/\/www.ivanabeaumond.com.br\/vestidos-noiva\/#organization"},"articleSection":["Blog","Nossas Noivas"],"inLanguage":"pt-BR","potentialAction":[{"@type":"CommentAction","name":"Comment","target":["https:\/\/www.ivanabeaumond.com.br\/vestidos-noiva\/casamento-rusticocom-denise-e-wilbert\/#respond"]}]},{"@type":"WebPage","@id":"https:\/\/www.ivanabeaumond.com.br\/vestidos-noiva\/casamento-rusticocom-denise-e-wilbert\/","url":"https:\/\/www.ivanabeaumond.com.br\/vestidos-noiva\/casamento-rusticocom-denise-e-wilbert\/","name":"CASAMENTO R\u00daSTICO,COM DENISE E WILBERT - Vestido de Noiva RJ","isPartOf":{"@id":"https:\/\/www.ivanabeaumond.com.br\/vestidos-noiva\/#website"},"datePublished":"2021-06-29T18:45:03+00:00","dateModified":"2021-06-29T19:03:23+00:00","breadcrumb":{"@id":"https:\/\/www.ivanabeaumond.com.br\/vestidos-noiva\/casamento-rusticocom-denise-e-wilbert\/#breadcrumb"},"inLanguage":"pt-BR","potentialAction":[{"@type":"ReadAction","target":["https:\/\/www.ivanabeaumond.com.br\/vestidos-noiva\/casamento-rusticocom-denise-e-wilbert\/"]}]},{"@type":"BreadcrumbList","@id":"https:\/\/www.ivanabeaumond.com.br\/vestidos-noiva\/casamento-rusticocom-denise-e-wilbert\/#breadcrumb","itemListElement":[{"@type":"ListItem","position":1,"name":"In\u00edcio","item":"https:\/\/www.ivanabeaumond.com.br\/vestidos-noiva\/"},{"@type":"ListItem","position":2,"name":"CASAMENTO R\u00daSTICO,COM DENISE E WILBERT"}]},{"@type":"WebSite","@id":"https:\/\/www.ivanabeaumond.com.br\/vestidos-noiva\/#website","url":"https:\/\/www.ivanabeaumond.com.br\/vestidos-noiva\/","name":"Vestido de Noiva RJ","description":"Moda Noiva","publisher":{"@id":"https:\/\/www.ivanabeaumond.com.br\/vestidos-noiva\/#organization"},"potentialAction":[{"@type":"SearchAction","target":{"@type":"EntryPoint","urlTemplate":"https:\/\/www.ivanabeaumond.com.br\/vestidos-noiva\/?s={search_term_string}"},"query-input":"required name=search_term_string"}],"inLanguage":"pt-BR"},{"@type":"Organization","@id":"https:\/\/www.ivanabeaumond.com.br\/vestidos-noiva\/#organization","name":"Vestido de Noiva RJ","url":"https:\/\/www.ivanabeaumond.com.br\/vestidos-noiva\/","logo":{"@type":"ImageObject","inLanguage":"pt-BR","@id":"https:\/\/www.ivanabeaumond.com.br\/vestidos-noiva\/#\/schema\/logo\/image\/","url":"https:\/\/www.ivanabeaumond.com.br\/vestidos-noiva\/wp-content\/uploads\/2018\/02\/logo_ivana_beaumond-2.png","contentUrl":"https:\/\/www.ivanabeaumond.com.br\/vestidos-noiva\/wp-content\/uploads\/2018\/02\/logo_ivana_beaumond-2.png","width":230,"height":112,"caption":"Vestido de Noiva RJ"},"image":{"@id":"https:\/\/www.ivanabeaumond.com.br\/vestidos-noiva\/#\/schema\/logo\/image\/"},"sameAs":["https:\/\/www.facebook.com\/ivana.beaumondnoivas","https:\/\/www.instagram.com\/ivanabeaumond\/","https:\/\/www.tiktok.com\/@ivanabeaumond"]},{"@type":"Person","@id":"https:\/\/www.ivanabeaumond.com.br\/vestidos-noiva\/#\/schema\/person\/1a360c4cffa3b806d29a456389dcff26","name":"Ivana Beaumond Paris","image":{"@type":"ImageObject","inLanguage":"pt-BR","@id":"https:\/\/www.ivanabeaumond.com.br\/vestidos-noiva\/#\/schema\/person\/image\/","url":"https:\/\/secure.gravatar.com\/avatar\/641f98db20b53ec937ceb641db4270b9?s=96&d=mm&r=g","contentUrl":"https:\/\/secure.gravatar.com\/avatar\/641f98db20b53ec937ceb641db4270b9?s=96&d=mm&r=g","caption":"Ivana Beaumond Paris"},"url":"https:\/\/www.ivanabeaumond.com.br\/vestidos-noiva\/author\/ivana\/"}]}},"_links":{"self":[{"href":"https:\/\/www.ivanabeaumond.com.br\/vestidos-noiva\/wp-json\/wp\/v2\/posts\/28221"}],"collection":[{"href":"https:\/\/www.ivanabeaumond.com.br\/vestidos-noiva\/wp-json\/wp\/v2\/posts"}],"about":[{"href":"https:\/\/www.ivanabeaumond.com.br\/vestidos-noiva\/wp-json\/wp\/v2\/types\/post"}],"author":[{"embeddable":true,"href":"https:\/\/www.ivanabeaumond.com.br\/vestidos-noiva\/wp-json\/wp\/v2\/users\/4"}],"replies":[{"embeddable":true,"href":"https:\/\/www.ivanabeaumond.com.br\/vestidos-noiva\/wp-json\/wp\/v2\/comments?post=28221"}],"version-history":[{"count":8,"href":"https:\/\/www.ivanabeaumond.com.br\/vestidos-noiva\/wp-json\/wp\/v2\/posts\/28221\/revisions"}],"predecessor-version":[{"id":28256,"href":"https:\/\/www.ivanabeaumond.com.br\/vestidos-noiva\/wp-json\/wp\/v2\/posts\/28221\/revisions\/28256"}],"wp:featuredmedia":[{"embeddable":true,"href":"https:\/\/www.ivanabeaumond.com.br\/vestidos-noiva\/wp-json\/wp\/v2\/media\/28230"}],"wp:attachment":[{"href":"https:\/\/www.ivanabeaumond.com.br\/vestidos-noiva\/wp-json\/wp\/v2\/media?parent=28221"}],"wp:term":[{"taxonomy":"category","embeddable":true,"href":"https:\/\/www.ivanabeaumond.com.br\/vestidos-noiva\/wp-json\/wp\/v2\/categories?post=28221"},{"taxonomy":"post_tag","embeddable":true,"href":"https:\/\/www.ivanabeaumond.com.br\/vestidos-noiva\/wp-json\/wp\/v2\/tags?post=28221"}],"curies":[{"name":"wp","href":"https:\/\/api.w.org\/{rel}","templated":true}]}}