{"id":28357,"date":"2021-08-09T14:57:20","date_gmt":"2021-08-09T17:57:20","guid":{"rendered":"https:\/\/www.ivanabeaumond.com.br\/vestidos-noiva\/?p=28357"},"modified":"2021-08-09T15:07:04","modified_gmt":"2021-08-09T18:07:04","slug":"decoracao-para-altar-de-casamento","status":"publish","type":"post","link":"https:\/\/www.ivanabeaumond.com.br\/vestidos-noiva\/decoracao-para-altar-de-casamento\/","title":{"rendered":"DECORA\u00c7\u00c3O PARA ALTAR DE CASAMENTO"},"content":{"rendered":"\n<h4 class=\"wp-block-heading\">Quando falamos de casamento no Brasil optar pelo casamento ao ar livre \u00e9 uma \u00f3tima pedida, afinal, morar em um pa\u00eds totalmente tropical tem l\u00e1 as suas vantagens. E com ela os casamentos ao ar livre vem cada vez mais se tornando comum, seja na praia, campo, sitio, floresta, oque vale \u00e9 a paisagem que combine com o estilo dos noivos e claro, do casamento.<\/h4>\n\n\n\n<div style=\"height:20px\" aria-hidden=\"true\" class=\"wp-block-spacer\"><\/div>\n\n\n\n<h4 class=\"wp-block-heading\">A festa com toda certeza sempre \u00e9 um momento inesquec\u00edvel, por\u00e9m nada supera o altar, afinal, \u00e9 l\u00e1 que acontece todos os momentos mais importantes do casamento.<\/h4>\n\n\n\n<h4 class=\"wp-block-heading\"><br>O primeiro beijo selando o matrimonio oficial de homem e mulher, a troca de alian\u00e7as, a emo\u00e7\u00e3o de ver a sua amada vestida de noiva, seus padrinhos aos seu lado presenciando o momento t\u00e3o importante do casal<br>O altar \u00e9 simplesmente o lugar magico do casamento, ali \u00e9 muitos sorrisos e choros de felicidade.<\/h4>\n\n\n\n<div style=\"height:20px\" aria-hidden=\"true\" class=\"wp-block-spacer\"><\/div>\n\n\n\n<h4 class=\"wp-block-heading\">O altar \u00e9 um dos locais que os noivos tamb\u00e9m podem colocar sua personalidade, seja com escolhas mais rom\u00e2nticos, geom\u00e9tricas, boho chic, minimalista, o que n\u00e3o falta \u00e9 estilo.<\/h4>\n\n\n\n<div style=\"height:20px\" aria-hidden=\"true\" class=\"wp-block-spacer\"><\/div>\n\n\n\n<h4 class=\"wp-block-heading\">Um dos pontos para come\u00e7ar a averiguar o percurso do altar \u00e9 hor\u00e1rio, paleta de cores, estilo e principalmente o local.<\/h4>\n\n\n\n<div style=\"height:30px\" aria-hidden=\"true\" class=\"wp-block-spacer\"><\/div>\n\n\n\n<h2 class=\"has-text-align-left wp-block-heading\"><strong><em>Arcos geom\u00e9tricos<\/em><\/strong><\/h2>\n\n\n\n<div style=\"height:20px\" aria-hidden=\"true\" class=\"wp-block-spacer\"><\/div>\n\n\n\n<h4 class=\"has-text-align-left wp-block-heading\">Diferente? Sim. Agrada a todos? N\u00e3o!<br>Entretanto, os arcos geom\u00e9tricos v\u00eam ganhando bastante espa\u00e7o nos casamentos, seja nos convites, lembrancinhas e agora tamb\u00e9m nos altares, com uma pegada mais minimalista essas pe\u00e7as centrais geom\u00e9tricas podem ser feitas em diversas formas, tamanhos e cores, e diferentes materiais tamb\u00e9m podem ser usados.<\/h4>\n\n\n\n<div style=\"height:20px\" aria-hidden=\"true\" class=\"wp-block-spacer\"><\/div>\n\n\n\n<div style=\"height:25px\" aria-hidden=\"true\" class=\"wp-block-spacer\"><\/div>\n\n\n\n<figure class=\"wp-block-gallery columns-2 is-cropped wp-block-gallery-1 is-layout-flex\"><ul class=\"blocks-gallery-grid\"><li class=\"blocks-gallery-item\"><figure><a href=\"https:\/\/www.ivanabeaumond.com.br\/vestidos-noiva\/wp-content\/uploads\/2021\/08\/0224140f6fedeabc49a0c5e5b0b1c992.jpg\"><img decoding=\"async\" loading=\"lazy\" width=\"564\" height=\"705\" src=\"https:\/\/www.ivanabeaumond.com.br\/vestidos-noiva\/wp-content\/uploads\/2021\/08\/0224140f6fedeabc49a0c5e5b0b1c992.jpg\" alt=\"\" data-id=\"28358\" data-full-url=\"https:\/\/www.ivanabeaumond.com.br\/vestidos-noiva\/wp-content\/uploads\/2021\/08\/0224140f6fedeabc49a0c5e5b0b1c992.jpg\" data-link=\"https:\/\/www.ivanabeaumond.com.br\/vestidos-noiva\/?attachment_id=28358\" class=\"wp-image-28358\" srcset=\"https:\/\/www.ivanabeaumond.com.br\/vestidos-noiva\/wp-content\/uploads\/2021\/08\/0224140f6fedeabc49a0c5e5b0b1c992.jpg 564w, https:\/\/www.ivanabeaumond.com.br\/vestidos-noiva\/wp-content\/uploads\/2021\/08\/0224140f6fedeabc49a0c5e5b0b1c992-240x300.jpg 240w\" sizes=\"(max-width: 564px) 100vw, 564px\" \/><\/a><\/figure><\/li><li class=\"blocks-gallery-item\"><figure><a href=\"https:\/\/www.ivanabeaumond.com.br\/vestidos-noiva\/wp-content\/uploads\/2021\/08\/130429397a959d1f9480f61a4dbed08c.jpg\"><img decoding=\"async\" loading=\"lazy\" width=\"564\" height=\"845\" src=\"https:\/\/www.ivanabeaumond.com.br\/vestidos-noiva\/wp-content\/uploads\/2021\/08\/130429397a959d1f9480f61a4dbed08c.jpg\" alt=\"\" data-id=\"28359\" data-full-url=\"https:\/\/www.ivanabeaumond.com.br\/vestidos-noiva\/wp-content\/uploads\/2021\/08\/130429397a959d1f9480f61a4dbed08c.jpg\" data-link=\"https:\/\/www.ivanabeaumond.com.br\/vestidos-noiva\/?attachment_id=28359\" class=\"wp-image-28359\" srcset=\"https:\/\/www.ivanabeaumond.com.br\/vestidos-noiva\/wp-content\/uploads\/2021\/08\/130429397a959d1f9480f61a4dbed08c.jpg 564w, https:\/\/www.ivanabeaumond.com.br\/vestidos-noiva\/wp-content\/uploads\/2021\/08\/130429397a959d1f9480f61a4dbed08c-200x300.jpg 200w\" sizes=\"(max-width: 564px) 100vw, 564px\" \/><\/a><\/figure><\/li><\/ul><\/figure>\n\n\n\n<div style=\"height:20px\" aria-hidden=\"true\" class=\"wp-block-spacer\"><\/div>\n\n\n\n<figure class=\"wp-block-gallery columns-2 is-cropped wp-block-gallery-3 is-layout-flex\"><ul class=\"blocks-gallery-grid\"><li class=\"blocks-gallery-item\"><figure><a href=\"https:\/\/www.ivanabeaumond.com.br\/vestidos-noiva\/wp-content\/uploads\/2021\/08\/93602cc9cb6d12c1b1548bd2b2024577.jpg\"><img decoding=\"async\" loading=\"lazy\" width=\"564\" height=\"816\" src=\"https:\/\/www.ivanabeaumond.com.br\/vestidos-noiva\/wp-content\/uploads\/2021\/08\/93602cc9cb6d12c1b1548bd2b2024577.jpg\" alt=\"\" data-id=\"28361\" data-full-url=\"https:\/\/www.ivanabeaumond.com.br\/vestidos-noiva\/wp-content\/uploads\/2021\/08\/93602cc9cb6d12c1b1548bd2b2024577.jpg\" data-link=\"https:\/\/www.ivanabeaumond.com.br\/vestidos-noiva\/?attachment_id=28361\" class=\"wp-image-28361\" srcset=\"https:\/\/www.ivanabeaumond.com.br\/vestidos-noiva\/wp-content\/uploads\/2021\/08\/93602cc9cb6d12c1b1548bd2b2024577.jpg 564w, https:\/\/www.ivanabeaumond.com.br\/vestidos-noiva\/wp-content\/uploads\/2021\/08\/93602cc9cb6d12c1b1548bd2b2024577-207x300.jpg 207w\" sizes=\"(max-width: 564px) 100vw, 564px\" \/><\/a><\/figure><\/li><li class=\"blocks-gallery-item\"><figure><a href=\"https:\/\/www.ivanabeaumond.com.br\/vestidos-noiva\/wp-content\/uploads\/2021\/08\/a9b1d0fb1695711afffeb5eda061c924.jpg\"><img decoding=\"async\" loading=\"lazy\" width=\"564\" height=\"845\" src=\"https:\/\/www.ivanabeaumond.com.br\/vestidos-noiva\/wp-content\/uploads\/2021\/08\/a9b1d0fb1695711afffeb5eda061c924.jpg\" alt=\"\" data-id=\"28362\" data-full-url=\"https:\/\/www.ivanabeaumond.com.br\/vestidos-noiva\/wp-content\/uploads\/2021\/08\/a9b1d0fb1695711afffeb5eda061c924.jpg\" data-link=\"https:\/\/www.ivanabeaumond.com.br\/vestidos-noiva\/?attachment_id=28362\" class=\"wp-image-28362\" srcset=\"https:\/\/www.ivanabeaumond.com.br\/vestidos-noiva\/wp-content\/uploads\/2021\/08\/a9b1d0fb1695711afffeb5eda061c924.jpg 564w, https:\/\/www.ivanabeaumond.com.br\/vestidos-noiva\/wp-content\/uploads\/2021\/08\/a9b1d0fb1695711afffeb5eda061c924-200x300.jpg 200w\" sizes=\"(max-width: 564px) 100vw, 564px\" \/><\/a><\/figure><\/li><li class=\"blocks-gallery-item\"><figure><a href=\"https:\/\/www.ivanabeaumond.com.br\/vestidos-noiva\/wp-content\/uploads\/2021\/08\/21701e154739fbdd5bcf730feba0e498.jpg\"><img decoding=\"async\" loading=\"lazy\" width=\"333\" height=\"500\" src=\"https:\/\/www.ivanabeaumond.com.br\/vestidos-noiva\/wp-content\/uploads\/2021\/08\/21701e154739fbdd5bcf730feba0e498.jpg\" alt=\"\" data-id=\"28360\" data-full-url=\"https:\/\/www.ivanabeaumond.com.br\/vestidos-noiva\/wp-content\/uploads\/2021\/08\/21701e154739fbdd5bcf730feba0e498.jpg\" data-link=\"https:\/\/www.ivanabeaumond.com.br\/vestidos-noiva\/?attachment_id=28360\" class=\"wp-image-28360\" srcset=\"https:\/\/www.ivanabeaumond.com.br\/vestidos-noiva\/wp-content\/uploads\/2021\/08\/21701e154739fbdd5bcf730feba0e498.jpg 333w, https:\/\/www.ivanabeaumond.com.br\/vestidos-noiva\/wp-content\/uploads\/2021\/08\/21701e154739fbdd5bcf730feba0e498-200x300.jpg 200w\" sizes=\"(max-width: 333px) 100vw, 333px\" \/><\/a><\/figure><\/li><li class=\"blocks-gallery-item\"><figure><a href=\"https:\/\/www.ivanabeaumond.com.br\/vestidos-noiva\/wp-content\/uploads\/2021\/08\/e592ea294ababc23db526861d196778d.jpg\"><img decoding=\"async\" loading=\"lazy\" width=\"564\" height=\"786\" src=\"https:\/\/www.ivanabeaumond.com.br\/vestidos-noiva\/wp-content\/uploads\/2021\/08\/e592ea294ababc23db526861d196778d.jpg\" alt=\"\" data-id=\"28363\" data-full-url=\"https:\/\/www.ivanabeaumond.com.br\/vestidos-noiva\/wp-content\/uploads\/2021\/08\/e592ea294ababc23db526861d196778d.jpg\" data-link=\"https:\/\/www.ivanabeaumond.com.br\/vestidos-noiva\/?attachment_id=28363\" class=\"wp-image-28363\" srcset=\"https:\/\/www.ivanabeaumond.com.br\/vestidos-noiva\/wp-content\/uploads\/2021\/08\/e592ea294ababc23db526861d196778d.jpg 564w, https:\/\/www.ivanabeaumond.com.br\/vestidos-noiva\/wp-content\/uploads\/2021\/08\/e592ea294ababc23db526861d196778d-215x300.jpg 215w\" sizes=\"(max-width: 564px) 100vw, 564px\" \/><\/a><\/figure><\/li><\/ul><\/figure>\n\n\n\n<div style=\"height:20px\" aria-hidden=\"true\" class=\"wp-block-spacer\"><\/div>\n\n\n\n<h2 class=\"wp-block-heading\"><strong><em>Macram\u00ea<\/em><\/strong><\/h2>\n\n\n\n<h4 class=\"wp-block-heading\">Voc\u00ea conhece o macram\u00ea? Talvez sim, mas n\u00e3o est\u00e1 ligando o nome a pessoa.<br>o macram\u00ea \u00e9 conhecido como um tipo de renda. Na verdade, trata-se de uma t\u00e9cnica de tecer fios onde n\u00e3o \u00e9 utilizada nenhuma m\u00e1quina, nenhuma ferramenta: \u00e9 uma forma de tecelagem manual, das mais tradicionais e antigas, com origem no mundo \u00e1rabe.<\/h4>\n\n\n\n<div style=\"height:20px\" aria-hidden=\"true\" class=\"wp-block-spacer\"><\/div>\n\n\n\n<h4 class=\"wp-block-heading\">Mais familiarizado com o estilo boho chic e vintage, o macram\u00ea \u00e9 uma \u00f3tima composi\u00e7\u00e3o para cerimonias nas florestas, s\u00edtios, lugares ao ar livre, entretanto, \u00e9 fundamental levar em considera\u00e7\u00e3o a meteorologia do dia do evento, por se tratar de um material de l\u00e3 \u00e9 sempre bom tomar cuidado com os ventos fortes e principalmente com a chuva.<\/h4>\n\n\n\n<div style=\"height:20px\" aria-hidden=\"true\" class=\"wp-block-spacer\"><\/div>\n\n\n\n<figure class=\"wp-block-gallery columns-2 is-cropped wp-block-gallery-5 is-layout-flex\"><ul class=\"blocks-gallery-grid\"><li class=\"blocks-gallery-item\"><figure><a href=\"https:\/\/www.ivanabeaumond.com.br\/vestidos-noiva\/wp-content\/uploads\/2021\/08\/8c911b35cc45a0e7f19752c06b0bf78a.jpg\"><img decoding=\"async\" loading=\"lazy\" width=\"564\" height=\"846\" src=\"https:\/\/www.ivanabeaumond.com.br\/vestidos-noiva\/wp-content\/uploads\/2021\/08\/8c911b35cc45a0e7f19752c06b0bf78a.jpg\" alt=\"\" data-id=\"28364\" data-full-url=\"https:\/\/www.ivanabeaumond.com.br\/vestidos-noiva\/wp-content\/uploads\/2021\/08\/8c911b35cc45a0e7f19752c06b0bf78a.jpg\" data-link=\"https:\/\/www.ivanabeaumond.com.br\/vestidos-noiva\/?attachment_id=28364\" class=\"wp-image-28364\" srcset=\"https:\/\/www.ivanabeaumond.com.br\/vestidos-noiva\/wp-content\/uploads\/2021\/08\/8c911b35cc45a0e7f19752c06b0bf78a.jpg 564w, https:\/\/www.ivanabeaumond.com.br\/vestidos-noiva\/wp-content\/uploads\/2021\/08\/8c911b35cc45a0e7f19752c06b0bf78a-200x300.jpg 200w\" sizes=\"(max-width: 564px) 100vw, 564px\" \/><\/a><\/figure><\/li><li class=\"blocks-gallery-item\"><figure><a href=\"https:\/\/www.ivanabeaumond.com.br\/vestidos-noiva\/wp-content\/uploads\/2021\/08\/e2a85b641f436d3e160a662b93d1e381.jpg\"><img decoding=\"async\" loading=\"lazy\" width=\"564\" height=\"790\" src=\"https:\/\/www.ivanabeaumond.com.br\/vestidos-noiva\/wp-content\/uploads\/2021\/08\/e2a85b641f436d3e160a662b93d1e381.jpg\" alt=\"\" data-id=\"28365\" data-full-url=\"https:\/\/www.ivanabeaumond.com.br\/vestidos-noiva\/wp-content\/uploads\/2021\/08\/e2a85b641f436d3e160a662b93d1e381.jpg\" data-link=\"https:\/\/www.ivanabeaumond.com.br\/vestidos-noiva\/?attachment_id=28365\" class=\"wp-image-28365\" srcset=\"https:\/\/www.ivanabeaumond.com.br\/vestidos-noiva\/wp-content\/uploads\/2021\/08\/e2a85b641f436d3e160a662b93d1e381.jpg 564w, https:\/\/www.ivanabeaumond.com.br\/vestidos-noiva\/wp-content\/uploads\/2021\/08\/e2a85b641f436d3e160a662b93d1e381-214x300.jpg 214w\" sizes=\"(max-width: 564px) 100vw, 564px\" \/><\/a><\/figure><\/li><\/ul><\/figure>\n\n\n\n<div style=\"height:20px\" aria-hidden=\"true\" class=\"wp-block-spacer\"><\/div>\n\n\n\n<figure class=\"wp-block-gallery columns-2 is-cropped wp-block-gallery-7 is-layout-flex\"><ul class=\"blocks-gallery-grid\"><li class=\"blocks-gallery-item\"><figure><a href=\"https:\/\/www.ivanabeaumond.com.br\/vestidos-noiva\/wp-content\/uploads\/2021\/08\/2a9276acfc729c512e973e7bbbbeda35.jpg\"><img decoding=\"async\" loading=\"lazy\" width=\"564\" height=\"829\" src=\"https:\/\/www.ivanabeaumond.com.br\/vestidos-noiva\/wp-content\/uploads\/2021\/08\/2a9276acfc729c512e973e7bbbbeda35.jpg\" alt=\"\" data-id=\"28366\" data-full-url=\"https:\/\/www.ivanabeaumond.com.br\/vestidos-noiva\/wp-content\/uploads\/2021\/08\/2a9276acfc729c512e973e7bbbbeda35.jpg\" data-link=\"https:\/\/www.ivanabeaumond.com.br\/vestidos-noiva\/?attachment_id=28366\" class=\"wp-image-28366\" srcset=\"https:\/\/www.ivanabeaumond.com.br\/vestidos-noiva\/wp-content\/uploads\/2021\/08\/2a9276acfc729c512e973e7bbbbeda35.jpg 564w, https:\/\/www.ivanabeaumond.com.br\/vestidos-noiva\/wp-content\/uploads\/2021\/08\/2a9276acfc729c512e973e7bbbbeda35-204x300.jpg 204w\" sizes=\"(max-width: 564px) 100vw, 564px\" \/><\/a><\/figure><\/li><li class=\"blocks-gallery-item\"><figure><a href=\"https:\/\/www.ivanabeaumond.com.br\/vestidos-noiva\/wp-content\/uploads\/2021\/08\/1879b423828a03f67ba5003d273c0311.jpg\"><img decoding=\"async\" loading=\"lazy\" width=\"564\" height=\"846\" src=\"https:\/\/www.ivanabeaumond.com.br\/vestidos-noiva\/wp-content\/uploads\/2021\/08\/1879b423828a03f67ba5003d273c0311.jpg\" alt=\"\" data-id=\"28367\" data-full-url=\"https:\/\/www.ivanabeaumond.com.br\/vestidos-noiva\/wp-content\/uploads\/2021\/08\/1879b423828a03f67ba5003d273c0311.jpg\" data-link=\"https:\/\/www.ivanabeaumond.com.br\/vestidos-noiva\/?attachment_id=28367\" class=\"wp-image-28367\" srcset=\"https:\/\/www.ivanabeaumond.com.br\/vestidos-noiva\/wp-content\/uploads\/2021\/08\/1879b423828a03f67ba5003d273c0311.jpg 564w, https:\/\/www.ivanabeaumond.com.br\/vestidos-noiva\/wp-content\/uploads\/2021\/08\/1879b423828a03f67ba5003d273c0311-200x300.jpg 200w\" sizes=\"(max-width: 564px) 100vw, 564px\" \/><\/a><\/figure><\/li><\/ul><\/figure>\n\n\n\n<div style=\"height:20px\" aria-hidden=\"true\" class=\"wp-block-spacer\"><\/div>\n\n\n\n<h2 class=\"wp-block-heading\"><strong><em>Guirlanda de flores<\/em><\/strong><\/h2>\n\n\n\n<div style=\"height:20px\" aria-hidden=\"true\" class=\"wp-block-spacer\"><\/div>\n\n\n\n<h4 class=\"wp-block-heading\">Foi-se o tempo onde as guirlandas eram usadas apenas na \u00e9poca de natal.<br>As guirlandas s\u00e3o usadas em cerimonias de todos os estilos, ela pode ser comporta por uma decora\u00e7\u00e3o mais cl\u00e1ssica, ou com flores e folhas secas se inspirando em decora\u00e7\u00e3o mais rustica.<\/h4>\n\n\n\n<div style=\"height:20px\" aria-hidden=\"true\" class=\"wp-block-spacer\"><\/div>\n\n\n\n<h4 class=\"wp-block-heading\"><br>A guirlanda em si j\u00e1 se torna uma atra\u00e7\u00e3o a parte por chamar bastante aten\u00e7\u00e3o, ent\u00e3o cuidado com os outros complementos para n\u00e3o acabar pesando com toda a sua decora\u00e7\u00e3o.<\/h4>\n\n\n\n<div style=\"height:20px\" aria-hidden=\"true\" class=\"wp-block-spacer\"><\/div>\n\n\n\n<figure class=\"wp-block-gallery columns-2 is-cropped wp-block-gallery-9 is-layout-flex\"><ul class=\"blocks-gallery-grid\"><li class=\"blocks-gallery-item\"><figure><a href=\"https:\/\/www.ivanabeaumond.com.br\/vestidos-noiva\/wp-content\/uploads\/2021\/08\/eb5fa23ad3b06699565ae224e29ffc01.jpg\"><img decoding=\"async\" loading=\"lazy\" width=\"564\" height=\"845\" src=\"https:\/\/www.ivanabeaumond.com.br\/vestidos-noiva\/wp-content\/uploads\/2021\/08\/eb5fa23ad3b06699565ae224e29ffc01.jpg\" alt=\"\" data-id=\"28368\" data-full-url=\"https:\/\/www.ivanabeaumond.com.br\/vestidos-noiva\/wp-content\/uploads\/2021\/08\/eb5fa23ad3b06699565ae224e29ffc01.jpg\" data-link=\"https:\/\/www.ivanabeaumond.com.br\/vestidos-noiva\/?attachment_id=28368\" class=\"wp-image-28368\" srcset=\"https:\/\/www.ivanabeaumond.com.br\/vestidos-noiva\/wp-content\/uploads\/2021\/08\/eb5fa23ad3b06699565ae224e29ffc01.jpg 564w, https:\/\/www.ivanabeaumond.com.br\/vestidos-noiva\/wp-content\/uploads\/2021\/08\/eb5fa23ad3b06699565ae224e29ffc01-200x300.jpg 200w\" sizes=\"(max-width: 564px) 100vw, 564px\" \/><\/a><\/figure><\/li><li class=\"blocks-gallery-item\"><figure><a href=\"https:\/\/www.ivanabeaumond.com.br\/vestidos-noiva\/wp-content\/uploads\/2021\/08\/f7dcc4641d8b30915d87285a15177146.jpg\"><img decoding=\"async\" loading=\"lazy\" width=\"564\" height=\"704\" src=\"https:\/\/www.ivanabeaumond.com.br\/vestidos-noiva\/wp-content\/uploads\/2021\/08\/f7dcc4641d8b30915d87285a15177146.jpg\" alt=\"\" data-id=\"28369\" data-full-url=\"https:\/\/www.ivanabeaumond.com.br\/vestidos-noiva\/wp-content\/uploads\/2021\/08\/f7dcc4641d8b30915d87285a15177146.jpg\" data-link=\"https:\/\/www.ivanabeaumond.com.br\/vestidos-noiva\/?attachment_id=28369\" class=\"wp-image-28369\" srcset=\"https:\/\/www.ivanabeaumond.com.br\/vestidos-noiva\/wp-content\/uploads\/2021\/08\/f7dcc4641d8b30915d87285a15177146.jpg 564w, https:\/\/www.ivanabeaumond.com.br\/vestidos-noiva\/wp-content\/uploads\/2021\/08\/f7dcc4641d8b30915d87285a15177146-240x300.jpg 240w\" sizes=\"(max-width: 564px) 100vw, 564px\" \/><\/a><\/figure><\/li><\/ul><\/figure>\n\n\n\n<div style=\"height:20px\" aria-hidden=\"true\" class=\"wp-block-spacer\"><\/div>\n\n\n\n<h2 class=\"wp-block-heading\"><strong><em>Portal ou Porta<\/em><\/strong><\/h2>\n\n\n\n<div style=\"height:20px\" aria-hidden=\"true\" class=\"wp-block-spacer\"><\/div>\n\n\n\n<h4 class=\"wp-block-heading\">Com um modelo mais rustico, os portais complementam bem com decora\u00e7\u00f5es em campo. Por se tratar de um material mais resistente pode ser decorado com objetos mais pesados como arranjos, vasinhos de flores, luzes ou se o casamento for a noite at\u00e9 mesmo com lampi\u00f5es. Portas e portais podem ser usados at\u00e9 mesmo depois como fundos para fotos.<\/h4>\n\n\n\n<div style=\"height:20px\" aria-hidden=\"true\" class=\"wp-block-spacer\"><\/div>\n\n\n\n<figure class=\"wp-block-gallery columns-2 is-cropped wp-block-gallery-11 is-layout-flex\"><ul class=\"blocks-gallery-grid\"><li class=\"blocks-gallery-item\"><figure><a href=\"https:\/\/www.ivanabeaumond.com.br\/vestidos-noiva\/wp-content\/uploads\/2021\/08\/d57ab94811c7a476a120539013f4513b.jpg\"><img decoding=\"async\" loading=\"lazy\" width=\"564\" height=\"375\" src=\"https:\/\/www.ivanabeaumond.com.br\/vestidos-noiva\/wp-content\/uploads\/2021\/08\/d57ab94811c7a476a120539013f4513b.jpg\" alt=\"\" data-id=\"28370\" data-full-url=\"https:\/\/www.ivanabeaumond.com.br\/vestidos-noiva\/wp-content\/uploads\/2021\/08\/d57ab94811c7a476a120539013f4513b.jpg\" data-link=\"https:\/\/www.ivanabeaumond.com.br\/vestidos-noiva\/?attachment_id=28370\" class=\"wp-image-28370\" srcset=\"https:\/\/www.ivanabeaumond.com.br\/vestidos-noiva\/wp-content\/uploads\/2021\/08\/d57ab94811c7a476a120539013f4513b.jpg 564w, https:\/\/www.ivanabeaumond.com.br\/vestidos-noiva\/wp-content\/uploads\/2021\/08\/d57ab94811c7a476a120539013f4513b-300x199.jpg 300w, https:\/\/www.ivanabeaumond.com.br\/vestidos-noiva\/wp-content\/uploads\/2021\/08\/d57ab94811c7a476a120539013f4513b-480x320.jpg 480w\" sizes=\"(max-width: 564px) 100vw, 564px\" \/><\/a><\/figure><\/li><li class=\"blocks-gallery-item\"><figure><a href=\"https:\/\/www.ivanabeaumond.com.br\/vestidos-noiva\/wp-content\/uploads\/2021\/08\/feb6debb10eea1d68259f972d991176d.jpg\"><img decoding=\"async\" loading=\"lazy\" width=\"480\" height=\"720\" src=\"https:\/\/www.ivanabeaumond.com.br\/vestidos-noiva\/wp-content\/uploads\/2021\/08\/feb6debb10eea1d68259f972d991176d.jpg\" alt=\"\" data-id=\"28371\" data-full-url=\"https:\/\/www.ivanabeaumond.com.br\/vestidos-noiva\/wp-content\/uploads\/2021\/08\/feb6debb10eea1d68259f972d991176d.jpg\" data-link=\"https:\/\/www.ivanabeaumond.com.br\/vestidos-noiva\/?attachment_id=28371\" class=\"wp-image-28371\" srcset=\"https:\/\/www.ivanabeaumond.com.br\/vestidos-noiva\/wp-content\/uploads\/2021\/08\/feb6debb10eea1d68259f972d991176d.jpg 480w, https:\/\/www.ivanabeaumond.com.br\/vestidos-noiva\/wp-content\/uploads\/2021\/08\/feb6debb10eea1d68259f972d991176d-200x300.jpg 200w\" sizes=\"(max-width: 480px) 100vw, 480px\" \/><\/a><\/figure><\/li><\/ul><\/figure>\n\n\n\n<div style=\"height:20px\" aria-hidden=\"true\" class=\"wp-block-spacer\"><\/div>\n\n\n\n<h3 class=\"wp-block-heading\">Pronto, agora \u00e9 s\u00f3 escolher a m\u00fasica e seguir o caminho do altar para encontrar o amor da vida.<\/h3>\n\n\n\n<div style=\"height:20px\" aria-hidden=\"true\" class=\"wp-block-spacer\"><\/div>\n\n\n\n<h4 class=\"wp-block-heading\">Siga nossa p\u00e1gina no Instagram e nos conte qual estilo de altar combina mais com o seu casamento \ud83d\ude0a<\/h4>\n","protected":false},"excerpt":{"rendered":"<p>Quando falamos de casamento no Brasil optar pelo casamento ao&#8230;<\/p>\n","protected":false},"author":4,"featured_media":28370,"comment_status":"open","ping_status":"closed","sticky":false,"template":"","format":"standard","meta":[],"categories":[60,127],"tags":[1085,1121,660,1019,215,512,559,842,1118,132,671,638,286,959,278,107,903,455,155,98,296,157,164,858,857,885,108,212,213,258,1411,532,174,199,115,762],"yoast_head":"<!-- This site is optimized with the Yoast SEO plugin v20.3 - https:\/\/yoast.com\/wordpress\/plugins\/seo\/ -->\n<title>DECORA\u00c7\u00c3O PARA ALTAR DE CASAMENTO - Vestido de Noiva RJ<\/title>\n<meta name=\"robots\" content=\"index, follow, max-snippet:-1, max-image-preview:large, max-video-preview:-1\" \/>\n<link rel=\"canonical\" href=\"https:\/\/www.ivanabeaumond.com.br\/vestidos-noiva\/decoracao-para-altar-de-casamento\/\" \/>\n<meta property=\"og:locale\" content=\"pt_BR\" \/>\n<meta property=\"og:type\" content=\"article\" \/>\n<meta property=\"og:title\" content=\"DECORA\u00c7\u00c3O PARA ALTAR DE CASAMENTO - Vestido de Noiva RJ\" \/>\n<meta property=\"og:description\" content=\"Quando falamos de casamento no Brasil optar pelo casamento ao...\" \/>\n<meta property=\"og:url\" content=\"https:\/\/www.ivanabeaumond.com.br\/vestidos-noiva\/decoracao-para-altar-de-casamento\/\" \/>\n<meta property=\"og:site_name\" content=\"Vestido de Noiva RJ\" \/>\n<meta property=\"article:publisher\" content=\"https:\/\/www.facebook.com\/ivana.beaumondnoivas\" \/>\n<meta property=\"article:published_time\" content=\"2021-08-09T17:57:20+00:00\" \/>\n<meta property=\"article:modified_time\" content=\"2021-08-09T18:07:04+00:00\" \/>\n<meta property=\"og:image\" content=\"https:\/\/www.ivanabeaumond.com.br\/vestidos-noiva\/wp-content\/uploads\/2021\/08\/d57ab94811c7a476a120539013f4513b.jpg\" \/>\n\t<meta property=\"og:image:width\" content=\"564\" \/>\n\t<meta property=\"og:image:height\" content=\"375\" \/>\n\t<meta property=\"og:image:type\" content=\"image\/jpeg\" \/>\n<meta name=\"author\" content=\"Ivana Beaumond Paris\" \/>\n<meta name=\"twitter:card\" content=\"summary_large_image\" \/>\n<meta name=\"twitter:label1\" content=\"Escrito por\" \/>\n\t<meta name=\"twitter:data1\" content=\"Ivana Beaumond Paris\" \/>\n\t<meta name=\"twitter:label2\" content=\"Est. tempo de leitura\" \/>\n\t<meta name=\"twitter:data2\" content=\"3 minutos\" \/>\n<script type=\"application\/ld+json\" class=\"yoast-schema-graph\">{\"@context\":\"https:\/\/schema.org\",\"@graph\":[{\"@type\":\"Article\",\"@id\":\"https:\/\/www.ivanabeaumond.com.br\/vestidos-noiva\/decoracao-para-altar-de-casamento\/#article\",\"isPartOf\":{\"@id\":\"https:\/\/www.ivanabeaumond.com.br\/vestidos-noiva\/decoracao-para-altar-de-casamento\/\"},\"author\":{\"name\":\"Ivana Beaumond Paris\",\"@id\":\"https:\/\/www.ivanabeaumond.com.br\/vestidos-noiva\/#\/schema\/person\/1a360c4cffa3b806d29a456389dcff26\"},\"headline\":\"DECORA\u00c7\u00c3O PARA ALTAR DE CASAMENTO\",\"datePublished\":\"2021-08-09T17:57:20+00:00\",\"dateModified\":\"2021-08-09T18:07:04+00:00\",\"mainEntityOfPage\":{\"@id\":\"https:\/\/www.ivanabeaumond.com.br\/vestidos-noiva\/decoracao-para-altar-de-casamento\/\"},\"wordCount\":568,\"commentCount\":0,\"publisher\":{\"@id\":\"https:\/\/www.ivanabeaumond.com.br\/vestidos-noiva\/#organization\"},\"keywords\":[\"alugar vestido de noiva rj\",\"ateli\u00ea de noivas\",\"atelier de noivas\",\"atelier de noivas rj\",\"Atelierdenoiva\",\"blog de noiva\",\"blog de noivas\",\"dicas de noiva\",\"dicas de vestido de noiva\",\"dicas ivana\",\"estilista de noiva\",\"estilista de noivas\",\"ivana beaumond\",\"ivana beaumond itanhang\u00e1\",\"ivana beaumond paris\",\"ivanabeaumond\",\"loja de noivas\",\"moda noiva\",\"modanoiva\",\"noiva\",\"noiva cl\u00e1ssica\",\"noiva e noivo\",\"noivas\",\"noivas rio de janeiro\",\"noivas rj\",\"noivas rom\u00e2nticas\",\"noivasivanabeaumond\",\"noivasriodejaneiro\",\"noivasrj\",\"noivinha\",\"plaquinha\",\"princesa\",\"princesas\",\"sobmedidanoiva\",\"vestido de noiva\",\"vestido de noiva branco\"],\"articleSection\":[\"Blog\",\"Dicas e Truques\"],\"inLanguage\":\"pt-BR\",\"potentialAction\":[{\"@type\":\"CommentAction\",\"name\":\"Comment\",\"target\":[\"https:\/\/www.ivanabeaumond.com.br\/vestidos-noiva\/decoracao-para-altar-de-casamento\/#respond\"]}]},{\"@type\":\"WebPage\",\"@id\":\"https:\/\/www.ivanabeaumond.com.br\/vestidos-noiva\/decoracao-para-altar-de-casamento\/\",\"url\":\"https:\/\/www.ivanabeaumond.com.br\/vestidos-noiva\/decoracao-para-altar-de-casamento\/\",\"name\":\"DECORA\u00c7\u00c3O PARA ALTAR DE CASAMENTO - Vestido de Noiva RJ\",\"isPartOf\":{\"@id\":\"https:\/\/www.ivanabeaumond.com.br\/vestidos-noiva\/#website\"},\"datePublished\":\"2021-08-09T17:57:20+00:00\",\"dateModified\":\"2021-08-09T18:07:04+00:00\",\"breadcrumb\":{\"@id\":\"https:\/\/www.ivanabeaumond.com.br\/vestidos-noiva\/decoracao-para-altar-de-casamento\/#breadcrumb\"},\"inLanguage\":\"pt-BR\",\"potentialAction\":[{\"@type\":\"ReadAction\",\"target\":[\"https:\/\/www.ivanabeaumond.com.br\/vestidos-noiva\/decoracao-para-altar-de-casamento\/\"]}]},{\"@type\":\"BreadcrumbList\",\"@id\":\"https:\/\/www.ivanabeaumond.com.br\/vestidos-noiva\/decoracao-para-altar-de-casamento\/#breadcrumb\",\"itemListElement\":[{\"@type\":\"ListItem\",\"position\":1,\"name\":\"In\u00edcio\",\"item\":\"https:\/\/www.ivanabeaumond.com.br\/vestidos-noiva\/\"},{\"@type\":\"ListItem\",\"position\":2,\"name\":\"DECORA\u00c7\u00c3O PARA ALTAR DE CASAMENTO\"}]},{\"@type\":\"WebSite\",\"@id\":\"https:\/\/www.ivanabeaumond.com.br\/vestidos-noiva\/#website\",\"url\":\"https:\/\/www.ivanabeaumond.com.br\/vestidos-noiva\/\",\"name\":\"Vestido de Noiva RJ\",\"description\":\"Moda Noiva\",\"publisher\":{\"@id\":\"https:\/\/www.ivanabeaumond.com.br\/vestidos-noiva\/#organization\"},\"potentialAction\":[{\"@type\":\"SearchAction\",\"target\":{\"@type\":\"EntryPoint\",\"urlTemplate\":\"https:\/\/www.ivanabeaumond.com.br\/vestidos-noiva\/?s={search_term_string}\"},\"query-input\":\"required name=search_term_string\"}],\"inLanguage\":\"pt-BR\"},{\"@type\":\"Organization\",\"@id\":\"https:\/\/www.ivanabeaumond.com.br\/vestidos-noiva\/#organization\",\"name\":\"Vestido de Noiva RJ\",\"url\":\"https:\/\/www.ivanabeaumond.com.br\/vestidos-noiva\/\",\"logo\":{\"@type\":\"ImageObject\",\"inLanguage\":\"pt-BR\",\"@id\":\"https:\/\/www.ivanabeaumond.com.br\/vestidos-noiva\/#\/schema\/logo\/image\/\",\"url\":\"https:\/\/www.ivanabeaumond.com.br\/vestidos-noiva\/wp-content\/uploads\/2018\/02\/logo_ivana_beaumond-2.png\",\"contentUrl\":\"https:\/\/www.ivanabeaumond.com.br\/vestidos-noiva\/wp-content\/uploads\/2018\/02\/logo_ivana_beaumond-2.png\",\"width\":230,\"height\":112,\"caption\":\"Vestido de Noiva RJ\"},\"image\":{\"@id\":\"https:\/\/www.ivanabeaumond.com.br\/vestidos-noiva\/#\/schema\/logo\/image\/\"},\"sameAs\":[\"https:\/\/www.facebook.com\/ivana.beaumondnoivas\",\"https:\/\/www.instagram.com\/ivanabeaumond\/\",\"https:\/\/www.tiktok.com\/@ivanabeaumond\"]},{\"@type\":\"Person\",\"@id\":\"https:\/\/www.ivanabeaumond.com.br\/vestidos-noiva\/#\/schema\/person\/1a360c4cffa3b806d29a456389dcff26\",\"name\":\"Ivana Beaumond Paris\",\"image\":{\"@type\":\"ImageObject\",\"inLanguage\":\"pt-BR\",\"@id\":\"https:\/\/www.ivanabeaumond.com.br\/vestidos-noiva\/#\/schema\/person\/image\/\",\"url\":\"https:\/\/secure.gravatar.com\/avatar\/641f98db20b53ec937ceb641db4270b9?s=96&d=mm&r=g\",\"contentUrl\":\"https:\/\/secure.gravatar.com\/avatar\/641f98db20b53ec937ceb641db4270b9?s=96&d=mm&r=g\",\"caption\":\"Ivana Beaumond Paris\"},\"url\":\"https:\/\/www.ivanabeaumond.com.br\/vestidos-noiva\/author\/ivana\/\"}]}<\/script>\n<!-- \/ Yoast SEO plugin. -->","yoast_head_json":{"title":"DECORA\u00c7\u00c3O PARA ALTAR DE CASAMENTO - Vestido de Noiva RJ","robots":{"index":"index","follow":"follow","max-snippet":"max-snippet:-1","max-image-preview":"max-image-preview:large","max-video-preview":"max-video-preview:-1"},"canonical":"https:\/\/www.ivanabeaumond.com.br\/vestidos-noiva\/decoracao-para-altar-de-casamento\/","og_locale":"pt_BR","og_type":"article","og_title":"DECORA\u00c7\u00c3O PARA ALTAR DE CASAMENTO - Vestido de Noiva RJ","og_description":"Quando falamos de casamento no Brasil optar pelo casamento ao...","og_url":"https:\/\/www.ivanabeaumond.com.br\/vestidos-noiva\/decoracao-para-altar-de-casamento\/","og_site_name":"Vestido de Noiva RJ","article_publisher":"https:\/\/www.facebook.com\/ivana.beaumondnoivas","article_published_time":"2021-08-09T17:57:20+00:00","article_modified_time":"2021-08-09T18:07:04+00:00","og_image":[{"width":564,"height":375,"url":"https:\/\/www.ivanabeaumond.com.br\/vestidos-noiva\/wp-content\/uploads\/2021\/08\/d57ab94811c7a476a120539013f4513b.jpg","type":"image\/jpeg"}],"author":"Ivana Beaumond Paris","twitter_card":"summary_large_image","twitter_misc":{"Escrito por":"Ivana Beaumond Paris","Est. tempo de leitura":"3 minutos"},"schema":{"@context":"https:\/\/schema.org","@graph":[{"@type":"Article","@id":"https:\/\/www.ivanabeaumond.com.br\/vestidos-noiva\/decoracao-para-altar-de-casamento\/#article","isPartOf":{"@id":"https:\/\/www.ivanabeaumond.com.br\/vestidos-noiva\/decoracao-para-altar-de-casamento\/"},"author":{"name":"Ivana Beaumond Paris","@id":"https:\/\/www.ivanabeaumond.com.br\/vestidos-noiva\/#\/schema\/person\/1a360c4cffa3b806d29a456389dcff26"},"headline":"DECORA\u00c7\u00c3O PARA ALTAR DE CASAMENTO","datePublished":"2021-08-09T17:57:20+00:00","dateModified":"2021-08-09T18:07:04+00:00","mainEntityOfPage":{"@id":"https:\/\/www.ivanabeaumond.com.br\/vestidos-noiva\/decoracao-para-altar-de-casamento\/"},"wordCount":568,"commentCount":0,"publisher":{"@id":"https:\/\/www.ivanabeaumond.com.br\/vestidos-noiva\/#organization"},"keywords":["alugar vestido de noiva rj","ateli\u00ea de noivas","atelier de noivas","atelier de noivas rj","Atelierdenoiva","blog de noiva","blog de noivas","dicas de noiva","dicas de vestido de noiva","dicas ivana","estilista de noiva","estilista de noivas","ivana beaumond","ivana beaumond itanhang\u00e1","ivana beaumond paris","ivanabeaumond","loja de noivas","moda noiva","modanoiva","noiva","noiva cl\u00e1ssica","noiva e noivo","noivas","noivas rio de janeiro","noivas rj","noivas rom\u00e2nticas","noivasivanabeaumond","noivasriodejaneiro","noivasrj","noivinha","plaquinha","princesa","princesas","sobmedidanoiva","vestido de noiva","vestido de noiva branco"],"articleSection":["Blog","Dicas e Truques"],"inLanguage":"pt-BR","potentialAction":[{"@type":"CommentAction","name":"Comment","target":["https:\/\/www.ivanabeaumond.com.br\/vestidos-noiva\/decoracao-para-altar-de-casamento\/#respond"]}]},{"@type":"WebPage","@id":"https:\/\/www.ivanabeaumond.com.br\/vestidos-noiva\/decoracao-para-altar-de-casamento\/","url":"https:\/\/www.ivanabeaumond.com.br\/vestidos-noiva\/decoracao-para-altar-de-casamento\/","name":"DECORA\u00c7\u00c3O PARA ALTAR DE CASAMENTO - Vestido de Noiva RJ","isPartOf":{"@id":"https:\/\/www.ivanabeaumond.com.br\/vestidos-noiva\/#website"},"datePublished":"2021-08-09T17:57:20+00:00","dateModified":"2021-08-09T18:07:04+00:00","breadcrumb":{"@id":"https:\/\/www.ivanabeaumond.com.br\/vestidos-noiva\/decoracao-para-altar-de-casamento\/#breadcrumb"},"inLanguage":"pt-BR","potentialAction":[{"@type":"ReadAction","target":["https:\/\/www.ivanabeaumond.com.br\/vestidos-noiva\/decoracao-para-altar-de-casamento\/"]}]},{"@type":"BreadcrumbList","@id":"https:\/\/www.ivanabeaumond.com.br\/vestidos-noiva\/decoracao-para-altar-de-casamento\/#breadcrumb","itemListElement":[{"@type":"ListItem","position":1,"name":"In\u00edcio","item":"https:\/\/www.ivanabeaumond.com.br\/vestidos-noiva\/"},{"@type":"ListItem","position":2,"name":"DECORA\u00c7\u00c3O PARA ALTAR DE CASAMENTO"}]},{"@type":"WebSite","@id":"https:\/\/www.ivanabeaumond.com.br\/vestidos-noiva\/#website","url":"https:\/\/www.ivanabeaumond.com.br\/vestidos-noiva\/","name":"Vestido de Noiva RJ","description":"Moda Noiva","publisher":{"@id":"https:\/\/www.ivanabeaumond.com.br\/vestidos-noiva\/#organization"},"potentialAction":[{"@type":"SearchAction","target":{"@type":"EntryPoint","urlTemplate":"https:\/\/www.ivanabeaumond.com.br\/vestidos-noiva\/?s={search_term_string}"},"query-input":"required name=search_term_string"}],"inLanguage":"pt-BR"},{"@type":"Organization","@id":"https:\/\/www.ivanabeaumond.com.br\/vestidos-noiva\/#organization","name":"Vestido de Noiva RJ","url":"https:\/\/www.ivanabeaumond.com.br\/vestidos-noiva\/","logo":{"@type":"ImageObject","inLanguage":"pt-BR","@id":"https:\/\/www.ivanabeaumond.com.br\/vestidos-noiva\/#\/schema\/logo\/image\/","url":"https:\/\/www.ivanabeaumond.com.br\/vestidos-noiva\/wp-content\/uploads\/2018\/02\/logo_ivana_beaumond-2.png","contentUrl":"https:\/\/www.ivanabeaumond.com.br\/vestidos-noiva\/wp-content\/uploads\/2018\/02\/logo_ivana_beaumond-2.png","width":230,"height":112,"caption":"Vestido de Noiva RJ"},"image":{"@id":"https:\/\/www.ivanabeaumond.com.br\/vestidos-noiva\/#\/schema\/logo\/image\/"},"sameAs":["https:\/\/www.facebook.com\/ivana.beaumondnoivas","https:\/\/www.instagram.com\/ivanabeaumond\/","https:\/\/www.tiktok.com\/@ivanabeaumond"]},{"@type":"Person","@id":"https:\/\/www.ivanabeaumond.com.br\/vestidos-noiva\/#\/schema\/person\/1a360c4cffa3b806d29a456389dcff26","name":"Ivana Beaumond Paris","image":{"@type":"ImageObject","inLanguage":"pt-BR","@id":"https:\/\/www.ivanabeaumond.com.br\/vestidos-noiva\/#\/schema\/person\/image\/","url":"https:\/\/secure.gravatar.com\/avatar\/641f98db20b53ec937ceb641db4270b9?s=96&d=mm&r=g","contentUrl":"https:\/\/secure.gravatar.com\/avatar\/641f98db20b53ec937ceb641db4270b9?s=96&d=mm&r=g","caption":"Ivana Beaumond Paris"},"url":"https:\/\/www.ivanabeaumond.com.br\/vestidos-noiva\/author\/ivana\/"}]}},"_links":{"self":[{"href":"https:\/\/www.ivanabeaumond.com.br\/vestidos-noiva\/wp-json\/wp\/v2\/posts\/28357"}],"collection":[{"href":"https:\/\/www.ivanabeaumond.com.br\/vestidos-noiva\/wp-json\/wp\/v2\/posts"}],"about":[{"href":"https:\/\/www.ivanabeaumond.com.br\/vestidos-noiva\/wp-json\/wp\/v2\/types\/post"}],"author":[{"embeddable":true,"href":"https:\/\/www.ivanabeaumond.com.br\/vestidos-noiva\/wp-json\/wp\/v2\/users\/4"}],"replies":[{"embeddable":true,"href":"https:\/\/www.ivanabeaumond.com.br\/vestidos-noiva\/wp-json\/wp\/v2\/comments?post=28357"}],"version-history":[{"count":5,"href":"https:\/\/www.ivanabeaumond.com.br\/vestidos-noiva\/wp-json\/wp\/v2\/posts\/28357\/revisions"}],"predecessor-version":[{"id":28376,"href":"https:\/\/www.ivanabeaumond.com.br\/vestidos-noiva\/wp-json\/wp\/v2\/posts\/28357\/revisions\/28376"}],"wp:featuredmedia":[{"embeddable":true,"href":"https:\/\/www.ivanabeaumond.com.br\/vestidos-noiva\/wp-json\/wp\/v2\/media\/28370"}],"wp:attachment":[{"href":"https:\/\/www.ivanabeaumond.com.br\/vestidos-noiva\/wp-json\/wp\/v2\/media?parent=28357"}],"wp:term":[{"taxonomy":"category","embeddable":true,"href":"https:\/\/www.ivanabeaumond.com.br\/vestidos-noiva\/wp-json\/wp\/v2\/categories?post=28357"},{"taxonomy":"post_tag","embeddable":true,"href":"https:\/\/www.ivanabeaumond.com.br\/vestidos-noiva\/wp-json\/wp\/v2\/tags?post=28357"}],"curies":[{"name":"wp","href":"https:\/\/api.w.org\/{rel}","templated":true}]}}