{"id":28491,"date":"2021-09-02T14:10:28","date_gmt":"2021-09-02T17:10:28","guid":{"rendered":"https:\/\/www.ivanabeaumond.com.br\/vestidos-noiva\/?p=28491"},"modified":"2021-09-02T14:10:29","modified_gmt":"2021-09-02T17:10:29","slug":"plaquinha-para-cadeira-dos-noivos","status":"publish","type":"post","link":"https:\/\/www.ivanabeaumond.com.br\/vestidos-noiva\/plaquinha-para-cadeira-dos-noivos\/","title":{"rendered":"PLAQUINHA PARA CADEIRA DOS NOIVOS"},"content":{"rendered":"\n<h4 class=\"wp-block-heading\">Se tem algo que est\u00e1 super em alta nos casamentos hoje em dia s\u00e3o os diversos enfeites para colocar na cadeira dos noivos.<\/h4>\n\n\n\n<div style=\"height:20px\" aria-hidden=\"true\" class=\"wp-block-spacer\"><\/div>\n\n\n\n<h4 class=\"wp-block-heading\">As plaquinhas de cadeira foram criadas com um prop\u00f3sito de substituir os marcadores de mesa, onde destacava \u00e0s cadeiras dos anfitri\u00f5es da festa.<\/h4>\n\n\n\n<div style=\"height:20px\" aria-hidden=\"true\" class=\"wp-block-spacer\"><\/div>\n\n\n\n<h4 class=\"wp-block-heading\">Com isso foram-se criando v\u00e1rios tipos de enfeites, seja com panos, fitas, flores, madeiras, n\u00e3o existe limite para a criatividade quando se trata de casamento, inovar nos detalhes \u00e9 sempre uma boa op\u00e7\u00e3o.<\/h4>\n\n\n\n<div style=\"height:20px\" aria-hidden=\"true\" class=\"wp-block-spacer\"><\/div>\n\n\n\n<h4 class=\"wp-block-heading\">Por\u00e9m, o que colocar? Primeiramente coloque sempre a ess\u00eancia dos noivos, at\u00e9 por que ali ser\u00e1 o local deles e tem que est\u00e1 o mais confort\u00e1vel e m\u00e1gico poss\u00edvel.<\/h4>\n\n\n\n<div style=\"height:20px\" aria-hidden=\"true\" class=\"wp-block-spacer\"><\/div>\n\n\n\n<h4 class=\"wp-block-heading\">Pode-se colocar frases de m\u00fasica, o nome dos noivos, flores, desenhos, apelidos carinhosos, entre outros.<\/h4>\n\n\n\n<div style=\"height:20px\" aria-hidden=\"true\" class=\"wp-block-spacer\"><\/div>\n\n\n\n<div class=\"wp-block-image\"><figure class=\"aligncenter size-large is-resized\"><a href=\"https:\/\/www.ivanabeaumond.com.br\/vestidos-noiva\/wp-content\/uploads\/2021\/09\/VESTIDO-DE-NOIVA-ATELIER-IVANA-BEAUMOND-PARIS-RIO-DE-JANEIRO-LOJA-DE-NOIVAS-RJ-50.jpg\"><img decoding=\"async\" loading=\"lazy\" src=\"https:\/\/www.ivanabeaumond.com.br\/vestidos-noiva\/wp-content\/uploads\/2021\/09\/VESTIDO-DE-NOIVA-ATELIER-IVANA-BEAUMOND-PARIS-RIO-DE-JANEIRO-LOJA-DE-NOIVAS-RJ-50-1024x683.jpg\" alt=\"\" class=\"wp-image-28492\" width=\"546\" height=\"363\" srcset=\"https:\/\/www.ivanabeaumond.com.br\/vestidos-noiva\/wp-content\/uploads\/2021\/09\/VESTIDO-DE-NOIVA-ATELIER-IVANA-BEAUMOND-PARIS-RIO-DE-JANEIRO-LOJA-DE-NOIVAS-RJ-50-1024x683.jpg 1024w, https:\/\/www.ivanabeaumond.com.br\/vestidos-noiva\/wp-content\/uploads\/2021\/09\/VESTIDO-DE-NOIVA-ATELIER-IVANA-BEAUMOND-PARIS-RIO-DE-JANEIRO-LOJA-DE-NOIVAS-RJ-50-300x200.jpg 300w, https:\/\/www.ivanabeaumond.com.br\/vestidos-noiva\/wp-content\/uploads\/2021\/09\/VESTIDO-DE-NOIVA-ATELIER-IVANA-BEAUMOND-PARIS-RIO-DE-JANEIRO-LOJA-DE-NOIVAS-RJ-50-768x512.jpg 768w, https:\/\/www.ivanabeaumond.com.br\/vestidos-noiva\/wp-content\/uploads\/2021\/09\/VESTIDO-DE-NOIVA-ATELIER-IVANA-BEAUMOND-PARIS-RIO-DE-JANEIRO-LOJA-DE-NOIVAS-RJ-50-1536x1024.jpg 1536w, https:\/\/www.ivanabeaumond.com.br\/vestidos-noiva\/wp-content\/uploads\/2021\/09\/VESTIDO-DE-NOIVA-ATELIER-IVANA-BEAUMOND-PARIS-RIO-DE-JANEIRO-LOJA-DE-NOIVAS-RJ-50-480x320.jpg 480w, https:\/\/www.ivanabeaumond.com.br\/vestidos-noiva\/wp-content\/uploads\/2021\/09\/VESTIDO-DE-NOIVA-ATELIER-IVANA-BEAUMOND-PARIS-RIO-DE-JANEIRO-LOJA-DE-NOIVAS-RJ-50.jpg 2048w\" sizes=\"(max-width: 546px) 100vw, 546px\" \/><\/a><\/figure><\/div>\n\n\n\n<div style=\"height:20px\" aria-hidden=\"true\" class=\"wp-block-spacer\"><\/div>\n\n\n\n<h4 class=\"wp-block-heading\">Um ponto importante \u00e9 sempre conversar com o decorador da sua festa, explicar cada detalhe do seu estilo e do seu companheiro para que esteja tudo em sintonia.<br>Acredite, os m\u00ednimos detalhes fazem toda a diferen\u00e7a, seja em combina\u00e7\u00e3o com os arranjos, com o vestido da noiva, com as flores do ambiente e principalmente com o hor\u00e1rio da festa. Cada detalhe \u00e9 m\u00e1gico!<\/h4>\n\n\n\n<div style=\"height:20px\" aria-hidden=\"true\" class=\"wp-block-spacer\"><\/div>\n\n\n\n<h4 class=\"wp-block-heading\">Separamos algumas ideias para se inspirar e usar no seu grande dia.<\/h4>\n\n\n\n<div style=\"height:20px\" aria-hidden=\"true\" class=\"wp-block-spacer\"><\/div>\n\n\n\n<figure class=\"wp-block-gallery columns-2 is-cropped wp-block-gallery-1 is-layout-flex\"><ul class=\"blocks-gallery-grid\"><li class=\"blocks-gallery-item\"><figure><a href=\"https:\/\/www.ivanabeaumond.com.br\/vestidos-noiva\/wp-content\/uploads\/2021\/09\/Cadeiras-dos-Noivos-Blog-Noiva-Ansiosa-52-232x348-1.jpg\"><img decoding=\"async\" loading=\"lazy\" width=\"232\" height=\"348\" src=\"https:\/\/www.ivanabeaumond.com.br\/vestidos-noiva\/wp-content\/uploads\/2021\/09\/Cadeiras-dos-Noivos-Blog-Noiva-Ansiosa-52-232x348-1.jpg\" alt=\"\" data-id=\"28494\" data-link=\"https:\/\/www.ivanabeaumond.com.br\/vestidos-noiva\/?attachment_id=28494\" class=\"wp-image-28494\" srcset=\"https:\/\/www.ivanabeaumond.com.br\/vestidos-noiva\/wp-content\/uploads\/2021\/09\/Cadeiras-dos-Noivos-Blog-Noiva-Ansiosa-52-232x348-1.jpg 232w, https:\/\/www.ivanabeaumond.com.br\/vestidos-noiva\/wp-content\/uploads\/2021\/09\/Cadeiras-dos-Noivos-Blog-Noiva-Ansiosa-52-232x348-1-200x300.jpg 200w\" sizes=\"(max-width: 232px) 100vw, 232px\" \/><\/a><\/figure><\/li><li class=\"blocks-gallery-item\"><figure><a href=\"https:\/\/www.ivanabeaumond.com.br\/vestidos-noiva\/wp-content\/uploads\/2021\/09\/b81cb2b162b321bd829431540b052b02.jpg\"><img decoding=\"async\" loading=\"lazy\" width=\"333\" height=\"500\" src=\"https:\/\/www.ivanabeaumond.com.br\/vestidos-noiva\/wp-content\/uploads\/2021\/09\/b81cb2b162b321bd829431540b052b02.jpg\" alt=\"\" data-id=\"28495\" data-link=\"https:\/\/www.ivanabeaumond.com.br\/vestidos-noiva\/?attachment_id=28495\" class=\"wp-image-28495\" srcset=\"https:\/\/www.ivanabeaumond.com.br\/vestidos-noiva\/wp-content\/uploads\/2021\/09\/b81cb2b162b321bd829431540b052b02.jpg 333w, https:\/\/www.ivanabeaumond.com.br\/vestidos-noiva\/wp-content\/uploads\/2021\/09\/b81cb2b162b321bd829431540b052b02-200x300.jpg 200w\" sizes=\"(max-width: 333px) 100vw, 333px\" \/><\/a><\/figure><\/li><li class=\"blocks-gallery-item\"><figure><a href=\"https:\/\/www.ivanabeaumond.com.br\/vestidos-noiva\/wp-content\/uploads\/2021\/09\/c1503e6c48017fc6f5da7bb48014f231.jpg\"><img decoding=\"async\" loading=\"lazy\" width=\"564\" height=\"845\" src=\"https:\/\/www.ivanabeaumond.com.br\/vestidos-noiva\/wp-content\/uploads\/2021\/09\/c1503e6c48017fc6f5da7bb48014f231.jpg\" alt=\"\" data-id=\"28496\" data-link=\"https:\/\/www.ivanabeaumond.com.br\/vestidos-noiva\/?attachment_id=28496\" class=\"wp-image-28496\" srcset=\"https:\/\/www.ivanabeaumond.com.br\/vestidos-noiva\/wp-content\/uploads\/2021\/09\/c1503e6c48017fc6f5da7bb48014f231.jpg 564w, https:\/\/www.ivanabeaumond.com.br\/vestidos-noiva\/wp-content\/uploads\/2021\/09\/c1503e6c48017fc6f5da7bb48014f231-200x300.jpg 200w\" sizes=\"(max-width: 564px) 100vw, 564px\" \/><\/a><\/figure><\/li><li class=\"blocks-gallery-item\"><figure><a href=\"https:\/\/www.ivanabeaumond.com.br\/vestidos-noiva\/wp-content\/uploads\/2021\/09\/Cadeiras-dos-Noivos-Blog-Noiva-Ansiosa-039.jpg\"><img decoding=\"async\" loading=\"lazy\" width=\"667\" height=\"1000\" src=\"https:\/\/www.ivanabeaumond.com.br\/vestidos-noiva\/wp-content\/uploads\/2021\/09\/Cadeiras-dos-Noivos-Blog-Noiva-Ansiosa-039.jpg\" alt=\"\" data-id=\"28497\" data-link=\"https:\/\/www.ivanabeaumond.com.br\/vestidos-noiva\/?attachment_id=28497\" class=\"wp-image-28497\" srcset=\"https:\/\/www.ivanabeaumond.com.br\/vestidos-noiva\/wp-content\/uploads\/2021\/09\/Cadeiras-dos-Noivos-Blog-Noiva-Ansiosa-039.jpg 667w, https:\/\/www.ivanabeaumond.com.br\/vestidos-noiva\/wp-content\/uploads\/2021\/09\/Cadeiras-dos-Noivos-Blog-Noiva-Ansiosa-039-200x300.jpg 200w\" sizes=\"(max-width: 667px) 100vw, 667px\" \/><\/a><\/figure><\/li><li class=\"blocks-gallery-item\"><figure><a href=\"https:\/\/www.ivanabeaumond.com.br\/vestidos-noiva\/wp-content\/uploads\/2021\/09\/Cadeiras-dos-Noivos-Blog-Noiva-Ansiosa-40-750x1024.jpg\"><img decoding=\"async\" loading=\"lazy\" width=\"750\" height=\"1024\" src=\"https:\/\/www.ivanabeaumond.com.br\/vestidos-noiva\/wp-content\/uploads\/2021\/09\/Cadeiras-dos-Noivos-Blog-Noiva-Ansiosa-40-750x1024.jpg\" alt=\"\" data-id=\"28498\" data-link=\"https:\/\/www.ivanabeaumond.com.br\/vestidos-noiva\/?attachment_id=28498\" class=\"wp-image-28498\" srcset=\"https:\/\/www.ivanabeaumond.com.br\/vestidos-noiva\/wp-content\/uploads\/2021\/09\/Cadeiras-dos-Noivos-Blog-Noiva-Ansiosa-40-750x1024.jpg 750w, https:\/\/www.ivanabeaumond.com.br\/vestidos-noiva\/wp-content\/uploads\/2021\/09\/Cadeiras-dos-Noivos-Blog-Noiva-Ansiosa-40-220x300.jpg 220w, https:\/\/www.ivanabeaumond.com.br\/vestidos-noiva\/wp-content\/uploads\/2021\/09\/Cadeiras-dos-Noivos-Blog-Noiva-Ansiosa-40-768x1048.jpg 768w, https:\/\/www.ivanabeaumond.com.br\/vestidos-noiva\/wp-content\/uploads\/2021\/09\/Cadeiras-dos-Noivos-Blog-Noiva-Ansiosa-40.jpg 800w\" sizes=\"(max-width: 750px) 100vw, 750px\" \/><\/a><\/figure><\/li><li class=\"blocks-gallery-item\"><figure><a href=\"https:\/\/www.ivanabeaumond.com.br\/vestidos-noiva\/wp-content\/uploads\/2021\/09\/Cadeiras-dos-Noivos-Blog-Noiva-Ansiosa-51-262x348-1.jpeg\"><img decoding=\"async\" loading=\"lazy\" width=\"262\" height=\"348\" src=\"https:\/\/www.ivanabeaumond.com.br\/vestidos-noiva\/wp-content\/uploads\/2021\/09\/Cadeiras-dos-Noivos-Blog-Noiva-Ansiosa-51-262x348-1.jpeg\" alt=\"\" data-id=\"28499\" data-full-url=\"https:\/\/www.ivanabeaumond.com.br\/vestidos-noiva\/wp-content\/uploads\/2021\/09\/Cadeiras-dos-Noivos-Blog-Noiva-Ansiosa-51-262x348-1.jpeg\" data-link=\"https:\/\/www.ivanabeaumond.com.br\/vestidos-noiva\/?attachment_id=28499\" class=\"wp-image-28499\" srcset=\"https:\/\/www.ivanabeaumond.com.br\/vestidos-noiva\/wp-content\/uploads\/2021\/09\/Cadeiras-dos-Noivos-Blog-Noiva-Ansiosa-51-262x348-1.jpeg 262w, https:\/\/www.ivanabeaumond.com.br\/vestidos-noiva\/wp-content\/uploads\/2021\/09\/Cadeiras-dos-Noivos-Blog-Noiva-Ansiosa-51-262x348-1-226x300.jpeg 226w\" sizes=\"(max-width: 262px) 100vw, 262px\" \/><\/a><\/figure><\/li><\/ul><\/figure>\n\n\n\n<figure class=\"wp-block-gallery columns-2 is-cropped wp-block-gallery-3 is-layout-flex\"><ul class=\"blocks-gallery-grid\"><li class=\"blocks-gallery-item\"><figure><a href=\"https:\/\/www.ivanabeaumond.com.br\/vestidos-noiva\/wp-content\/uploads\/2021\/09\/02f222845a95a45d5cdab2ff1146b772-1.jpg\"><img decoding=\"async\" loading=\"lazy\" width=\"564\" height=\"564\" src=\"https:\/\/www.ivanabeaumond.com.br\/vestidos-noiva\/wp-content\/uploads\/2021\/09\/02f222845a95a45d5cdab2ff1146b772-1.jpg\" alt=\"\" data-id=\"28500\" data-full-url=\"https:\/\/www.ivanabeaumond.com.br\/vestidos-noiva\/wp-content\/uploads\/2021\/09\/02f222845a95a45d5cdab2ff1146b772-1.jpg\" data-link=\"https:\/\/www.ivanabeaumond.com.br\/vestidos-noiva\/?attachment_id=28500\" class=\"wp-image-28500\" srcset=\"https:\/\/www.ivanabeaumond.com.br\/vestidos-noiva\/wp-content\/uploads\/2021\/09\/02f222845a95a45d5cdab2ff1146b772-1.jpg 564w, https:\/\/www.ivanabeaumond.com.br\/vestidos-noiva\/wp-content\/uploads\/2021\/09\/02f222845a95a45d5cdab2ff1146b772-1-300x300.jpg 300w, https:\/\/www.ivanabeaumond.com.br\/vestidos-noiva\/wp-content\/uploads\/2021\/09\/02f222845a95a45d5cdab2ff1146b772-1-150x150.jpg 150w, https:\/\/www.ivanabeaumond.com.br\/vestidos-noiva\/wp-content\/uploads\/2021\/09\/02f222845a95a45d5cdab2ff1146b772-1-520x520.jpg 520w\" sizes=\"(max-width: 564px) 100vw, 564px\" \/><\/a><\/figure><\/li><li class=\"blocks-gallery-item\"><figure><a href=\"https:\/\/www.ivanabeaumond.com.br\/vestidos-noiva\/wp-content\/uploads\/2021\/09\/307367960c1819044756632f709cfba4.jpg\"><img decoding=\"async\" loading=\"lazy\" width=\"564\" height=\"564\" src=\"https:\/\/www.ivanabeaumond.com.br\/vestidos-noiva\/wp-content\/uploads\/2021\/09\/307367960c1819044756632f709cfba4.jpg\" alt=\"\" data-id=\"28501\" data-full-url=\"https:\/\/www.ivanabeaumond.com.br\/vestidos-noiva\/wp-content\/uploads\/2021\/09\/307367960c1819044756632f709cfba4.jpg\" data-link=\"https:\/\/www.ivanabeaumond.com.br\/vestidos-noiva\/?attachment_id=28501\" class=\"wp-image-28501\" srcset=\"https:\/\/www.ivanabeaumond.com.br\/vestidos-noiva\/wp-content\/uploads\/2021\/09\/307367960c1819044756632f709cfba4.jpg 564w, https:\/\/www.ivanabeaumond.com.br\/vestidos-noiva\/wp-content\/uploads\/2021\/09\/307367960c1819044756632f709cfba4-300x300.jpg 300w, https:\/\/www.ivanabeaumond.com.br\/vestidos-noiva\/wp-content\/uploads\/2021\/09\/307367960c1819044756632f709cfba4-150x150.jpg 150w, https:\/\/www.ivanabeaumond.com.br\/vestidos-noiva\/wp-content\/uploads\/2021\/09\/307367960c1819044756632f709cfba4-520x520.jpg 520w\" sizes=\"(max-width: 564px) 100vw, 564px\" \/><\/a><\/figure><\/li><\/ul><\/figure>\n\n\n\n<div style=\"height:20px\" aria-hidden=\"true\" class=\"wp-block-spacer\"><\/div>\n\n\n\n<h3 class=\"wp-block-heading\">Me diz, qual estilo de plaquinha combina mais com o seu estilo? Siga o Instagram e me<br>conte @ivanabeaumond.<\/h3>\n","protected":false},"excerpt":{"rendered":"<p>Se tem algo que est\u00e1 super em alta nos casamentos&#8230;<\/p>\n","protected":false},"author":4,"featured_media":28492,"comment_status":"closed","ping_status":"closed","sticky":false,"template":"","format":"standard","meta":[],"categories":[60,127],"tags":[1349,1311,443,96,1362,1363,209,162,1342,107,1358,1357,1353,1356,155,1361,361,1359,211,1360,210],"yoast_head":"<!-- This site is optimized with the Yoast SEO plugin v20.3 - https:\/\/yoast.com\/wordpress\/plugins\/seo\/ -->\n<title>PLAQUINHA PARA CADEIRA DOS NOIVOS - Vestido de Noiva RJ<\/title>\n<meta name=\"robots\" content=\"index, follow, max-snippet:-1, max-image-preview:large, max-video-preview:-1\" \/>\n<link rel=\"canonical\" href=\"https:\/\/www.ivanabeaumond.com.br\/vestidos-noiva\/plaquinha-para-cadeira-dos-noivos\/\" \/>\n<meta property=\"og:locale\" content=\"pt_BR\" \/>\n<meta property=\"og:type\" content=\"article\" \/>\n<meta property=\"og:title\" content=\"PLAQUINHA PARA CADEIRA DOS NOIVOS - Vestido de Noiva RJ\" \/>\n<meta property=\"og:description\" content=\"Se tem algo que est\u00e1 super em alta nos casamentos...\" \/>\n<meta property=\"og:url\" content=\"https:\/\/www.ivanabeaumond.com.br\/vestidos-noiva\/plaquinha-para-cadeira-dos-noivos\/\" \/>\n<meta property=\"og:site_name\" content=\"Vestido de Noiva RJ\" \/>\n<meta property=\"article:publisher\" content=\"https:\/\/www.facebook.com\/ivana.beaumondnoivas\" \/>\n<meta property=\"article:published_time\" content=\"2021-09-02T17:10:28+00:00\" \/>\n<meta property=\"article:modified_time\" content=\"2021-09-02T17:10:29+00:00\" \/>\n<meta property=\"og:image\" content=\"https:\/\/www.ivanabeaumond.com.br\/vestidos-noiva\/wp-content\/uploads\/2021\/09\/VESTIDO-DE-NOIVA-ATELIER-IVANA-BEAUMOND-PARIS-RIO-DE-JANEIRO-LOJA-DE-NOIVAS-RJ-50-1024x683.jpg\" \/>\n\t<meta property=\"og:image:width\" content=\"1024\" \/>\n\t<meta property=\"og:image:height\" content=\"683\" \/>\n\t<meta property=\"og:image:type\" content=\"image\/jpeg\" \/>\n<meta name=\"author\" content=\"Ivana Beaumond Paris\" \/>\n<meta name=\"twitter:card\" content=\"summary_large_image\" \/>\n<meta name=\"twitter:label1\" content=\"Escrito por\" \/>\n\t<meta name=\"twitter:data1\" content=\"Ivana Beaumond Paris\" \/>\n\t<meta name=\"twitter:label2\" content=\"Est. tempo de leitura\" \/>\n\t<meta name=\"twitter:data2\" content=\"1 minuto\" \/>\n<script type=\"application\/ld+json\" class=\"yoast-schema-graph\">{\"@context\":\"https:\/\/schema.org\",\"@graph\":[{\"@type\":\"Article\",\"@id\":\"https:\/\/www.ivanabeaumond.com.br\/vestidos-noiva\/plaquinha-para-cadeira-dos-noivos\/#article\",\"isPartOf\":{\"@id\":\"https:\/\/www.ivanabeaumond.com.br\/vestidos-noiva\/plaquinha-para-cadeira-dos-noivos\/\"},\"author\":{\"name\":\"Ivana Beaumond Paris\",\"@id\":\"https:\/\/www.ivanabeaumond.com.br\/vestidos-noiva\/#\/schema\/person\/1a360c4cffa3b806d29a456389dcff26\"},\"headline\":\"PLAQUINHA PARA CADEIRA DOS NOIVOS\",\"datePublished\":\"2021-09-02T17:10:28+00:00\",\"dateModified\":\"2021-09-02T17:10:29+00:00\",\"mainEntityOfPage\":{\"@id\":\"https:\/\/www.ivanabeaumond.com.br\/vestidos-noiva\/plaquinha-para-cadeira-dos-noivos\/\"},\"wordCount\":235,\"publisher\":{\"@id\":\"https:\/\/www.ivanabeaumond.com.br\/vestidos-noiva\/#organization\"},\"keywords\":[\"2020\",\"2021\",\"blogdenoiva\",\"casamento\",\"casamentosaopaulo\",\"dicasivanabeaumond\",\"dress\",\"festas\",\"ivana\",\"ivanabeaumond\",\"ivanaparis\",\"macacaoemcasamento\",\"madrinha\",\"madrinhademacacao\",\"modanoiva\",\"noivariodejaneiro\",\"party\",\"vestesdemadrinha\",\"wedding\",\"weddingday\",\"weddingdress\"],\"articleSection\":[\"Blog\",\"Dicas e Truques\"],\"inLanguage\":\"pt-BR\"},{\"@type\":\"WebPage\",\"@id\":\"https:\/\/www.ivanabeaumond.com.br\/vestidos-noiva\/plaquinha-para-cadeira-dos-noivos\/\",\"url\":\"https:\/\/www.ivanabeaumond.com.br\/vestidos-noiva\/plaquinha-para-cadeira-dos-noivos\/\",\"name\":\"PLAQUINHA PARA CADEIRA DOS NOIVOS - Vestido de Noiva RJ\",\"isPartOf\":{\"@id\":\"https:\/\/www.ivanabeaumond.com.br\/vestidos-noiva\/#website\"},\"datePublished\":\"2021-09-02T17:10:28+00:00\",\"dateModified\":\"2021-09-02T17:10:29+00:00\",\"breadcrumb\":{\"@id\":\"https:\/\/www.ivanabeaumond.com.br\/vestidos-noiva\/plaquinha-para-cadeira-dos-noivos\/#breadcrumb\"},\"inLanguage\":\"pt-BR\",\"potentialAction\":[{\"@type\":\"ReadAction\",\"target\":[\"https:\/\/www.ivanabeaumond.com.br\/vestidos-noiva\/plaquinha-para-cadeira-dos-noivos\/\"]}]},{\"@type\":\"BreadcrumbList\",\"@id\":\"https:\/\/www.ivanabeaumond.com.br\/vestidos-noiva\/plaquinha-para-cadeira-dos-noivos\/#breadcrumb\",\"itemListElement\":[{\"@type\":\"ListItem\",\"position\":1,\"name\":\"In\u00edcio\",\"item\":\"https:\/\/www.ivanabeaumond.com.br\/vestidos-noiva\/\"},{\"@type\":\"ListItem\",\"position\":2,\"name\":\"PLAQUINHA PARA CADEIRA DOS NOIVOS\"}]},{\"@type\":\"WebSite\",\"@id\":\"https:\/\/www.ivanabeaumond.com.br\/vestidos-noiva\/#website\",\"url\":\"https:\/\/www.ivanabeaumond.com.br\/vestidos-noiva\/\",\"name\":\"Vestido de Noiva RJ\",\"description\":\"Moda Noiva\",\"publisher\":{\"@id\":\"https:\/\/www.ivanabeaumond.com.br\/vestidos-noiva\/#organization\"},\"potentialAction\":[{\"@type\":\"SearchAction\",\"target\":{\"@type\":\"EntryPoint\",\"urlTemplate\":\"https:\/\/www.ivanabeaumond.com.br\/vestidos-noiva\/?s={search_term_string}\"},\"query-input\":\"required name=search_term_string\"}],\"inLanguage\":\"pt-BR\"},{\"@type\":\"Organization\",\"@id\":\"https:\/\/www.ivanabeaumond.com.br\/vestidos-noiva\/#organization\",\"name\":\"Vestido de Noiva RJ\",\"url\":\"https:\/\/www.ivanabeaumond.com.br\/vestidos-noiva\/\",\"logo\":{\"@type\":\"ImageObject\",\"inLanguage\":\"pt-BR\",\"@id\":\"https:\/\/www.ivanabeaumond.com.br\/vestidos-noiva\/#\/schema\/logo\/image\/\",\"url\":\"https:\/\/www.ivanabeaumond.com.br\/vestidos-noiva\/wp-content\/uploads\/2018\/02\/logo_ivana_beaumond-2.png\",\"contentUrl\":\"https:\/\/www.ivanabeaumond.com.br\/vestidos-noiva\/wp-content\/uploads\/2018\/02\/logo_ivana_beaumond-2.png\",\"width\":230,\"height\":112,\"caption\":\"Vestido de Noiva RJ\"},\"image\":{\"@id\":\"https:\/\/www.ivanabeaumond.com.br\/vestidos-noiva\/#\/schema\/logo\/image\/\"},\"sameAs\":[\"https:\/\/www.facebook.com\/ivana.beaumondnoivas\",\"https:\/\/www.instagram.com\/ivanabeaumond\/\",\"https:\/\/www.tiktok.com\/@ivanabeaumond\"]},{\"@type\":\"Person\",\"@id\":\"https:\/\/www.ivanabeaumond.com.br\/vestidos-noiva\/#\/schema\/person\/1a360c4cffa3b806d29a456389dcff26\",\"name\":\"Ivana Beaumond Paris\",\"image\":{\"@type\":\"ImageObject\",\"inLanguage\":\"pt-BR\",\"@id\":\"https:\/\/www.ivanabeaumond.com.br\/vestidos-noiva\/#\/schema\/person\/image\/\",\"url\":\"https:\/\/secure.gravatar.com\/avatar\/641f98db20b53ec937ceb641db4270b9?s=96&d=mm&r=g\",\"contentUrl\":\"https:\/\/secure.gravatar.com\/avatar\/641f98db20b53ec937ceb641db4270b9?s=96&d=mm&r=g\",\"caption\":\"Ivana Beaumond Paris\"},\"url\":\"https:\/\/www.ivanabeaumond.com.br\/vestidos-noiva\/author\/ivana\/\"}]}<\/script>\n<!-- \/ Yoast SEO plugin. -->","yoast_head_json":{"title":"PLAQUINHA PARA CADEIRA DOS NOIVOS - Vestido de Noiva RJ","robots":{"index":"index","follow":"follow","max-snippet":"max-snippet:-1","max-image-preview":"max-image-preview:large","max-video-preview":"max-video-preview:-1"},"canonical":"https:\/\/www.ivanabeaumond.com.br\/vestidos-noiva\/plaquinha-para-cadeira-dos-noivos\/","og_locale":"pt_BR","og_type":"article","og_title":"PLAQUINHA PARA CADEIRA DOS NOIVOS - Vestido de Noiva RJ","og_description":"Se tem algo que est\u00e1 super em alta nos casamentos...","og_url":"https:\/\/www.ivanabeaumond.com.br\/vestidos-noiva\/plaquinha-para-cadeira-dos-noivos\/","og_site_name":"Vestido de Noiva RJ","article_publisher":"https:\/\/www.facebook.com\/ivana.beaumondnoivas","article_published_time":"2021-09-02T17:10:28+00:00","article_modified_time":"2021-09-02T17:10:29+00:00","og_image":[{"width":1024,"height":683,"url":"https:\/\/www.ivanabeaumond.com.br\/vestidos-noiva\/wp-content\/uploads\/2021\/09\/VESTIDO-DE-NOIVA-ATELIER-IVANA-BEAUMOND-PARIS-RIO-DE-JANEIRO-LOJA-DE-NOIVAS-RJ-50-1024x683.jpg","type":"image\/jpeg"}],"author":"Ivana Beaumond Paris","twitter_card":"summary_large_image","twitter_misc":{"Escrito por":"Ivana Beaumond Paris","Est. tempo de leitura":"1 minuto"},"schema":{"@context":"https:\/\/schema.org","@graph":[{"@type":"Article","@id":"https:\/\/www.ivanabeaumond.com.br\/vestidos-noiva\/plaquinha-para-cadeira-dos-noivos\/#article","isPartOf":{"@id":"https:\/\/www.ivanabeaumond.com.br\/vestidos-noiva\/plaquinha-para-cadeira-dos-noivos\/"},"author":{"name":"Ivana Beaumond Paris","@id":"https:\/\/www.ivanabeaumond.com.br\/vestidos-noiva\/#\/schema\/person\/1a360c4cffa3b806d29a456389dcff26"},"headline":"PLAQUINHA PARA CADEIRA DOS NOIVOS","datePublished":"2021-09-02T17:10:28+00:00","dateModified":"2021-09-02T17:10:29+00:00","mainEntityOfPage":{"@id":"https:\/\/www.ivanabeaumond.com.br\/vestidos-noiva\/plaquinha-para-cadeira-dos-noivos\/"},"wordCount":235,"publisher":{"@id":"https:\/\/www.ivanabeaumond.com.br\/vestidos-noiva\/#organization"},"keywords":["2020","2021","blogdenoiva","casamento","casamentosaopaulo","dicasivanabeaumond","dress","festas","ivana","ivanabeaumond","ivanaparis","macacaoemcasamento","madrinha","madrinhademacacao","modanoiva","noivariodejaneiro","party","vestesdemadrinha","wedding","weddingday","weddingdress"],"articleSection":["Blog","Dicas e Truques"],"inLanguage":"pt-BR"},{"@type":"WebPage","@id":"https:\/\/www.ivanabeaumond.com.br\/vestidos-noiva\/plaquinha-para-cadeira-dos-noivos\/","url":"https:\/\/www.ivanabeaumond.com.br\/vestidos-noiva\/plaquinha-para-cadeira-dos-noivos\/","name":"PLAQUINHA PARA CADEIRA DOS NOIVOS - Vestido de Noiva RJ","isPartOf":{"@id":"https:\/\/www.ivanabeaumond.com.br\/vestidos-noiva\/#website"},"datePublished":"2021-09-02T17:10:28+00:00","dateModified":"2021-09-02T17:10:29+00:00","breadcrumb":{"@id":"https:\/\/www.ivanabeaumond.com.br\/vestidos-noiva\/plaquinha-para-cadeira-dos-noivos\/#breadcrumb"},"inLanguage":"pt-BR","potentialAction":[{"@type":"ReadAction","target":["https:\/\/www.ivanabeaumond.com.br\/vestidos-noiva\/plaquinha-para-cadeira-dos-noivos\/"]}]},{"@type":"BreadcrumbList","@id":"https:\/\/www.ivanabeaumond.com.br\/vestidos-noiva\/plaquinha-para-cadeira-dos-noivos\/#breadcrumb","itemListElement":[{"@type":"ListItem","position":1,"name":"In\u00edcio","item":"https:\/\/www.ivanabeaumond.com.br\/vestidos-noiva\/"},{"@type":"ListItem","position":2,"name":"PLAQUINHA PARA CADEIRA DOS NOIVOS"}]},{"@type":"WebSite","@id":"https:\/\/www.ivanabeaumond.com.br\/vestidos-noiva\/#website","url":"https:\/\/www.ivanabeaumond.com.br\/vestidos-noiva\/","name":"Vestido de Noiva RJ","description":"Moda Noiva","publisher":{"@id":"https:\/\/www.ivanabeaumond.com.br\/vestidos-noiva\/#organization"},"potentialAction":[{"@type":"SearchAction","target":{"@type":"EntryPoint","urlTemplate":"https:\/\/www.ivanabeaumond.com.br\/vestidos-noiva\/?s={search_term_string}"},"query-input":"required name=search_term_string"}],"inLanguage":"pt-BR"},{"@type":"Organization","@id":"https:\/\/www.ivanabeaumond.com.br\/vestidos-noiva\/#organization","name":"Vestido de Noiva RJ","url":"https:\/\/www.ivanabeaumond.com.br\/vestidos-noiva\/","logo":{"@type":"ImageObject","inLanguage":"pt-BR","@id":"https:\/\/www.ivanabeaumond.com.br\/vestidos-noiva\/#\/schema\/logo\/image\/","url":"https:\/\/www.ivanabeaumond.com.br\/vestidos-noiva\/wp-content\/uploads\/2018\/02\/logo_ivana_beaumond-2.png","contentUrl":"https:\/\/www.ivanabeaumond.com.br\/vestidos-noiva\/wp-content\/uploads\/2018\/02\/logo_ivana_beaumond-2.png","width":230,"height":112,"caption":"Vestido de Noiva RJ"},"image":{"@id":"https:\/\/www.ivanabeaumond.com.br\/vestidos-noiva\/#\/schema\/logo\/image\/"},"sameAs":["https:\/\/www.facebook.com\/ivana.beaumondnoivas","https:\/\/www.instagram.com\/ivanabeaumond\/","https:\/\/www.tiktok.com\/@ivanabeaumond"]},{"@type":"Person","@id":"https:\/\/www.ivanabeaumond.com.br\/vestidos-noiva\/#\/schema\/person\/1a360c4cffa3b806d29a456389dcff26","name":"Ivana Beaumond Paris","image":{"@type":"ImageObject","inLanguage":"pt-BR","@id":"https:\/\/www.ivanabeaumond.com.br\/vestidos-noiva\/#\/schema\/person\/image\/","url":"https:\/\/secure.gravatar.com\/avatar\/641f98db20b53ec937ceb641db4270b9?s=96&d=mm&r=g","contentUrl":"https:\/\/secure.gravatar.com\/avatar\/641f98db20b53ec937ceb641db4270b9?s=96&d=mm&r=g","caption":"Ivana Beaumond Paris"},"url":"https:\/\/www.ivanabeaumond.com.br\/vestidos-noiva\/author\/ivana\/"}]}},"_links":{"self":[{"href":"https:\/\/www.ivanabeaumond.com.br\/vestidos-noiva\/wp-json\/wp\/v2\/posts\/28491"}],"collection":[{"href":"https:\/\/www.ivanabeaumond.com.br\/vestidos-noiva\/wp-json\/wp\/v2\/posts"}],"about":[{"href":"https:\/\/www.ivanabeaumond.com.br\/vestidos-noiva\/wp-json\/wp\/v2\/types\/post"}],"author":[{"embeddable":true,"href":"https:\/\/www.ivanabeaumond.com.br\/vestidos-noiva\/wp-json\/wp\/v2\/users\/4"}],"replies":[{"embeddable":true,"href":"https:\/\/www.ivanabeaumond.com.br\/vestidos-noiva\/wp-json\/wp\/v2\/comments?post=28491"}],"version-history":[{"count":1,"href":"https:\/\/www.ivanabeaumond.com.br\/vestidos-noiva\/wp-json\/wp\/v2\/posts\/28491\/revisions"}],"predecessor-version":[{"id":28502,"href":"https:\/\/www.ivanabeaumond.com.br\/vestidos-noiva\/wp-json\/wp\/v2\/posts\/28491\/revisions\/28502"}],"wp:featuredmedia":[{"embeddable":true,"href":"https:\/\/www.ivanabeaumond.com.br\/vestidos-noiva\/wp-json\/wp\/v2\/media\/28492"}],"wp:attachment":[{"href":"https:\/\/www.ivanabeaumond.com.br\/vestidos-noiva\/wp-json\/wp\/v2\/media?parent=28491"}],"wp:term":[{"taxonomy":"category","embeddable":true,"href":"https:\/\/www.ivanabeaumond.com.br\/vestidos-noiva\/wp-json\/wp\/v2\/categories?post=28491"},{"taxonomy":"post_tag","embeddable":true,"href":"https:\/\/www.ivanabeaumond.com.br\/vestidos-noiva\/wp-json\/wp\/v2\/tags?post=28491"}],"curies":[{"name":"wp","href":"https:\/\/api.w.org\/{rel}","templated":true}]}}