{"id":28514,"date":"2021-09-08T15:21:08","date_gmt":"2021-09-08T18:21:08","guid":{"rendered":"https:\/\/www.ivanabeaumond.com.br\/vestidos-noiva\/?p=28514"},"modified":"2021-09-08T15:21:11","modified_gmt":"2021-09-08T18:21:11","slug":"casar-aos-pes-do-cristo-redentor-carol-e-yuri","status":"publish","type":"post","link":"https:\/\/www.ivanabeaumond.com.br\/vestidos-noiva\/casar-aos-pes-do-cristo-redentor-carol-e-yuri\/","title":{"rendered":"CASAR AOS P\u00c9S DO CRISTO REDENTOR, CAROL E YURI"},"content":{"rendered":"\n<h4 class=\"wp-block-heading\">O nosso Rio de Janeiro \u00e9 lindo, um dos cart\u00f5es postais mais magn\u00edficos que existe. Agora imagine casar aos p\u00e9s de uma das sete maravilhas do mundo moderno e de recompensa poder observar toda maravilha que se encontra l\u00e1 em baixo.<\/h4>\n\n\n\n<div style=\"height:26px\" aria-hidden=\"true\" class=\"wp-block-spacer\"><\/div>\n\n\n\n<h4 class=\"wp-block-heading\">Casar com uma vista t\u00e3o bela \u00e9 o sonho de muitos casais. Entretanto, para Carol e Yuri n\u00e3o ficou apenas em sonhos e fizeram torna-se realidade.<\/h4>\n\n\n\n<div style=\"height:27px\" aria-hidden=\"true\" class=\"wp-block-spacer\"><\/div>\n\n\n\n<figure class=\"wp-block-gallery aligncenter columns-1 is-cropped wp-block-gallery-1 is-layout-flex\"><ul class=\"blocks-gallery-grid\"><li class=\"blocks-gallery-item\"><figure><a href=\"https:\/\/www.ivanabeaumond.com.br\/vestidos-noiva\/wp-content\/uploads\/2021\/09\/96388379-2bc9-4d8f-af94-413b21fc76df.jpg\"><img decoding=\"async\" loading=\"lazy\" width=\"750\" height=\"485\" src=\"https:\/\/www.ivanabeaumond.com.br\/vestidos-noiva\/wp-content\/uploads\/2021\/09\/96388379-2bc9-4d8f-af94-413b21fc76df.jpg\" alt=\"\" data-id=\"28515\" data-full-url=\"https:\/\/www.ivanabeaumond.com.br\/vestidos-noiva\/wp-content\/uploads\/2021\/09\/96388379-2bc9-4d8f-af94-413b21fc76df.jpg\" data-link=\"https:\/\/www.ivanabeaumond.com.br\/vestidos-noiva\/?attachment_id=28515\" class=\"wp-image-28515\" srcset=\"https:\/\/www.ivanabeaumond.com.br\/vestidos-noiva\/wp-content\/uploads\/2021\/09\/96388379-2bc9-4d8f-af94-413b21fc76df.jpg 750w, https:\/\/www.ivanabeaumond.com.br\/vestidos-noiva\/wp-content\/uploads\/2021\/09\/96388379-2bc9-4d8f-af94-413b21fc76df-300x194.jpg 300w, https:\/\/www.ivanabeaumond.com.br\/vestidos-noiva\/wp-content\/uploads\/2021\/09\/96388379-2bc9-4d8f-af94-413b21fc76df-400x260.jpg 400w\" sizes=\"(max-width: 750px) 100vw, 750px\" \/><\/a><\/figure><\/li><\/ul><\/figure>\n\n\n\n<div style=\"height:30px\" aria-hidden=\"true\" class=\"wp-block-spacer\"><\/div>\n\n\n\n<h4 class=\"wp-block-heading\">Carol e Yuri escolheram um fim de tarde com toda positividade que um p\u00f4r do sol pode transmitir para dizer o t\u00e3o e esperado SIM!!<\/h4>\n\n\n\n<div style=\"height:25px\" aria-hidden=\"true\" class=\"wp-block-spacer\"><\/div>\n\n\n\n<h4 class=\"wp-block-heading\">Um lugar magico, ao lado de amigos, familiares e claro dos seus filhos, que mesmo t\u00e3o pequenos admiraram todo amor, companheirismo e felicidade pois a todo momento eles estavam l\u00e1, bem juntinhos aos pais.\u00a0<\/h4>\n\n\n\n<div style=\"height:20px\" aria-hidden=\"true\" class=\"wp-block-spacer\"><\/div>\n\n\n\n<figure class=\"wp-block-gallery aligncenter columns-1 is-cropped wp-block-gallery-3 is-layout-flex\"><ul class=\"blocks-gallery-grid\"><li class=\"blocks-gallery-item\"><figure><a href=\"https:\/\/www.ivanabeaumond.com.br\/vestidos-noiva\/wp-content\/uploads\/2021\/09\/685e640a-3bd8-4474-b067-d2ff9ce79138.jpg\"><img decoding=\"async\" loading=\"lazy\" width=\"750\" height=\"482\" src=\"https:\/\/www.ivanabeaumond.com.br\/vestidos-noiva\/wp-content\/uploads\/2021\/09\/685e640a-3bd8-4474-b067-d2ff9ce79138.jpg\" alt=\"\" data-id=\"28516\" data-full-url=\"https:\/\/www.ivanabeaumond.com.br\/vestidos-noiva\/wp-content\/uploads\/2021\/09\/685e640a-3bd8-4474-b067-d2ff9ce79138.jpg\" data-link=\"https:\/\/www.ivanabeaumond.com.br\/vestidos-noiva\/?attachment_id=28516\" class=\"wp-image-28516\" srcset=\"https:\/\/www.ivanabeaumond.com.br\/vestidos-noiva\/wp-content\/uploads\/2021\/09\/685e640a-3bd8-4474-b067-d2ff9ce79138.jpg 750w, https:\/\/www.ivanabeaumond.com.br\/vestidos-noiva\/wp-content\/uploads\/2021\/09\/685e640a-3bd8-4474-b067-d2ff9ce79138-300x193.jpg 300w\" sizes=\"(max-width: 750px) 100vw, 750px\" \/><\/a><\/figure><\/li><\/ul><\/figure>\n\n\n\n<div style=\"height:23px\" aria-hidden=\"true\" class=\"wp-block-spacer\"><\/div>\n\n\n\n<h4 class=\"wp-block-heading\">\u00a0Casamentos em si j\u00e1 ficam na mem\u00f3ria e na hist\u00f3ria, seja dos pr\u00f3prios noivos, mas tamb\u00e9m na vida dos convidados e acompanhar a continua\u00e7\u00e3o de uma linda hist\u00f3ria aos p\u00e9s daquele que ilumina o nosso Rio \u00e9 uma dadiva.<\/h4>\n\n\n\n<h4 class=\"wp-block-heading\"><br>Carol usou um vestido de noiva tradicional de renda do Atelie Ivana Beaumond e o Yuri com todo seu estilo escolheu um gravata vermelha que combinava bem com o seu terno e os t\u00eanis all star vermelho, que ambos colocaram na cerim\u00f4nia.<\/h4>\n\n\n\n<div style=\"height:35px\" aria-hidden=\"true\" class=\"wp-block-spacer\"><\/div>\n\n\n\n<figure class=\"wp-block-gallery aligncenter columns-1 is-cropped wp-block-gallery-5 is-layout-flex\"><ul class=\"blocks-gallery-grid\"><li class=\"blocks-gallery-item\"><figure><a href=\"https:\/\/www.ivanabeaumond.com.br\/vestidos-noiva\/wp-content\/uploads\/2021\/09\/casamento-carol-yuri-fotografo-gustavo-marialva-266-1024x684.jpg\"><img decoding=\"async\" loading=\"lazy\" width=\"1024\" height=\"684\" src=\"https:\/\/www.ivanabeaumond.com.br\/vestidos-noiva\/wp-content\/uploads\/2021\/09\/casamento-carol-yuri-fotografo-gustavo-marialva-266-1024x684.jpg\" alt=\"\" data-id=\"28517\" data-link=\"https:\/\/www.ivanabeaumond.com.br\/vestidos-noiva\/?attachment_id=28517\" class=\"wp-image-28517\" srcset=\"https:\/\/www.ivanabeaumond.com.br\/vestidos-noiva\/wp-content\/uploads\/2021\/09\/casamento-carol-yuri-fotografo-gustavo-marialva-266-1024x684.jpg 1024w, https:\/\/www.ivanabeaumond.com.br\/vestidos-noiva\/wp-content\/uploads\/2021\/09\/casamento-carol-yuri-fotografo-gustavo-marialva-266-300x200.jpg 300w, https:\/\/www.ivanabeaumond.com.br\/vestidos-noiva\/wp-content\/uploads\/2021\/09\/casamento-carol-yuri-fotografo-gustavo-marialva-266-768x513.jpg 768w, https:\/\/www.ivanabeaumond.com.br\/vestidos-noiva\/wp-content\/uploads\/2021\/09\/casamento-carol-yuri-fotografo-gustavo-marialva-266-1536x1025.jpg 1536w, https:\/\/www.ivanabeaumond.com.br\/vestidos-noiva\/wp-content\/uploads\/2021\/09\/casamento-carol-yuri-fotografo-gustavo-marialva-266-2048x1367.jpg 2048w, https:\/\/www.ivanabeaumond.com.br\/vestidos-noiva\/wp-content\/uploads\/2021\/09\/casamento-carol-yuri-fotografo-gustavo-marialva-266-480x320.jpg 480w\" sizes=\"(max-width: 1024px) 100vw, 1024px\" \/><\/a><\/figure><\/li><li class=\"blocks-gallery-item\"><figure><a href=\"https:\/\/www.ivanabeaumond.com.br\/vestidos-noiva\/wp-content\/uploads\/2021\/09\/e8683d35-b53a-4ed3-84db-a71bceba552f.jpg\"><img decoding=\"async\" loading=\"lazy\" width=\"750\" height=\"472\" src=\"https:\/\/www.ivanabeaumond.com.br\/vestidos-noiva\/wp-content\/uploads\/2021\/09\/e8683d35-b53a-4ed3-84db-a71bceba552f.jpg\" alt=\"\" data-id=\"28521\" data-full-url=\"https:\/\/www.ivanabeaumond.com.br\/vestidos-noiva\/wp-content\/uploads\/2021\/09\/e8683d35-b53a-4ed3-84db-a71bceba552f.jpg\" data-link=\"https:\/\/www.ivanabeaumond.com.br\/vestidos-noiva\/?attachment_id=28521\" class=\"wp-image-28521\" srcset=\"https:\/\/www.ivanabeaumond.com.br\/vestidos-noiva\/wp-content\/uploads\/2021\/09\/e8683d35-b53a-4ed3-84db-a71bceba552f.jpg 750w, https:\/\/www.ivanabeaumond.com.br\/vestidos-noiva\/wp-content\/uploads\/2021\/09\/e8683d35-b53a-4ed3-84db-a71bceba552f-300x189.jpg 300w\" sizes=\"(max-width: 750px) 100vw, 750px\" \/><\/a><\/figure><\/li><li class=\"blocks-gallery-item\"><figure><a href=\"https:\/\/www.ivanabeaumond.com.br\/vestidos-noiva\/wp-content\/uploads\/2021\/09\/casamento-carol-yuri-fotografo-gustavo-marialva-36-scaled.jpg\"><img decoding=\"async\" loading=\"lazy\" width=\"1024\" height=\"684\" src=\"https:\/\/www.ivanabeaumond.com.br\/vestidos-noiva\/wp-content\/uploads\/2021\/09\/casamento-carol-yuri-fotografo-gustavo-marialva-36-1024x684.jpg\" alt=\"\" data-id=\"28518\" data-full-url=\"https:\/\/www.ivanabeaumond.com.br\/vestidos-noiva\/wp-content\/uploads\/2021\/09\/casamento-carol-yuri-fotografo-gustavo-marialva-36-scaled.jpg\" data-link=\"https:\/\/www.ivanabeaumond.com.br\/vestidos-noiva\/?attachment_id=28518\" class=\"wp-image-28518\" srcset=\"https:\/\/www.ivanabeaumond.com.br\/vestidos-noiva\/wp-content\/uploads\/2021\/09\/casamento-carol-yuri-fotografo-gustavo-marialva-36-1024x684.jpg 1024w, https:\/\/www.ivanabeaumond.com.br\/vestidos-noiva\/wp-content\/uploads\/2021\/09\/casamento-carol-yuri-fotografo-gustavo-marialva-36-300x200.jpg 300w, https:\/\/www.ivanabeaumond.com.br\/vestidos-noiva\/wp-content\/uploads\/2021\/09\/casamento-carol-yuri-fotografo-gustavo-marialva-36-768x513.jpg 768w, https:\/\/www.ivanabeaumond.com.br\/vestidos-noiva\/wp-content\/uploads\/2021\/09\/casamento-carol-yuri-fotografo-gustavo-marialva-36-1536x1025.jpg 1536w, https:\/\/www.ivanabeaumond.com.br\/vestidos-noiva\/wp-content\/uploads\/2021\/09\/casamento-carol-yuri-fotografo-gustavo-marialva-36-2048x1367.jpg 2048w, https:\/\/www.ivanabeaumond.com.br\/vestidos-noiva\/wp-content\/uploads\/2021\/09\/casamento-carol-yuri-fotografo-gustavo-marialva-36-480x320.jpg 480w\" sizes=\"(max-width: 1024px) 100vw, 1024px\" \/><\/a><\/figure><\/li><li class=\"blocks-gallery-item\"><figure><a href=\"https:\/\/www.ivanabeaumond.com.br\/vestidos-noiva\/wp-content\/uploads\/2021\/09\/casamento-carol-yuri-fotografo-gustavo-marialva-224-scaled.jpg\"><img decoding=\"async\" loading=\"lazy\" width=\"1024\" height=\"684\" src=\"https:\/\/www.ivanabeaumond.com.br\/vestidos-noiva\/wp-content\/uploads\/2021\/09\/casamento-carol-yuri-fotografo-gustavo-marialva-224-1024x684.jpg\" alt=\"\" data-id=\"28519\" data-full-url=\"https:\/\/www.ivanabeaumond.com.br\/vestidos-noiva\/wp-content\/uploads\/2021\/09\/casamento-carol-yuri-fotografo-gustavo-marialva-224-scaled.jpg\" data-link=\"https:\/\/www.ivanabeaumond.com.br\/vestidos-noiva\/?attachment_id=28519\" class=\"wp-image-28519\" srcset=\"https:\/\/www.ivanabeaumond.com.br\/vestidos-noiva\/wp-content\/uploads\/2021\/09\/casamento-carol-yuri-fotografo-gustavo-marialva-224-1024x684.jpg 1024w, https:\/\/www.ivanabeaumond.com.br\/vestidos-noiva\/wp-content\/uploads\/2021\/09\/casamento-carol-yuri-fotografo-gustavo-marialva-224-300x200.jpg 300w, https:\/\/www.ivanabeaumond.com.br\/vestidos-noiva\/wp-content\/uploads\/2021\/09\/casamento-carol-yuri-fotografo-gustavo-marialva-224-768x513.jpg 768w, https:\/\/www.ivanabeaumond.com.br\/vestidos-noiva\/wp-content\/uploads\/2021\/09\/casamento-carol-yuri-fotografo-gustavo-marialva-224-1536x1025.jpg 1536w, https:\/\/www.ivanabeaumond.com.br\/vestidos-noiva\/wp-content\/uploads\/2021\/09\/casamento-carol-yuri-fotografo-gustavo-marialva-224-2048x1367.jpg 2048w, https:\/\/www.ivanabeaumond.com.br\/vestidos-noiva\/wp-content\/uploads\/2021\/09\/casamento-carol-yuri-fotografo-gustavo-marialva-224-480x320.jpg 480w\" sizes=\"(max-width: 1024px) 100vw, 1024px\" \/><\/a><\/figure><\/li><li class=\"blocks-gallery-item\"><figure><a href=\"https:\/\/www.ivanabeaumond.com.br\/vestidos-noiva\/wp-content\/uploads\/2021\/09\/casamento-carol-yuri-fotografo-gustavo-marialva-712-scaled.jpg\"><img decoding=\"async\" loading=\"lazy\" width=\"1024\" height=\"684\" src=\"https:\/\/www.ivanabeaumond.com.br\/vestidos-noiva\/wp-content\/uploads\/2021\/09\/casamento-carol-yuri-fotografo-gustavo-marialva-712-1024x684.jpg\" alt=\"\" data-id=\"28520\" data-full-url=\"https:\/\/www.ivanabeaumond.com.br\/vestidos-noiva\/wp-content\/uploads\/2021\/09\/casamento-carol-yuri-fotografo-gustavo-marialva-712-scaled.jpg\" data-link=\"https:\/\/www.ivanabeaumond.com.br\/vestidos-noiva\/?attachment_id=28520\" class=\"wp-image-28520\" srcset=\"https:\/\/www.ivanabeaumond.com.br\/vestidos-noiva\/wp-content\/uploads\/2021\/09\/casamento-carol-yuri-fotografo-gustavo-marialva-712-1024x684.jpg 1024w, https:\/\/www.ivanabeaumond.com.br\/vestidos-noiva\/wp-content\/uploads\/2021\/09\/casamento-carol-yuri-fotografo-gustavo-marialva-712-300x200.jpg 300w, https:\/\/www.ivanabeaumond.com.br\/vestidos-noiva\/wp-content\/uploads\/2021\/09\/casamento-carol-yuri-fotografo-gustavo-marialva-712-768x513.jpg 768w, https:\/\/www.ivanabeaumond.com.br\/vestidos-noiva\/wp-content\/uploads\/2021\/09\/casamento-carol-yuri-fotografo-gustavo-marialva-712-1536x1025.jpg 1536w, https:\/\/www.ivanabeaumond.com.br\/vestidos-noiva\/wp-content\/uploads\/2021\/09\/casamento-carol-yuri-fotografo-gustavo-marialva-712-2048x1367.jpg 2048w, https:\/\/www.ivanabeaumond.com.br\/vestidos-noiva\/wp-content\/uploads\/2021\/09\/casamento-carol-yuri-fotografo-gustavo-marialva-712-480x320.jpg 480w\" sizes=\"(max-width: 1024px) 100vw, 1024px\" \/><\/a><\/figure><\/li><\/ul><\/figure>\n\n\n\n<figure class=\"wp-block-gallery aligncenter columns-3 is-cropped wp-block-gallery-7 is-layout-flex\"><ul class=\"blocks-gallery-grid\"><li class=\"blocks-gallery-item\"><figure><a href=\"https:\/\/www.ivanabeaumond.com.br\/vestidos-noiva\/wp-content\/uploads\/2021\/09\/casamento-carol-yuri-fotografo-gustavo-marialva-202-scaled.jpg\"><img decoding=\"async\" loading=\"lazy\" width=\"684\" height=\"1024\" src=\"https:\/\/www.ivanabeaumond.com.br\/vestidos-noiva\/wp-content\/uploads\/2021\/09\/casamento-carol-yuri-fotografo-gustavo-marialva-202-684x1024.jpg\" alt=\"\" data-id=\"28523\" data-full-url=\"https:\/\/www.ivanabeaumond.com.br\/vestidos-noiva\/wp-content\/uploads\/2021\/09\/casamento-carol-yuri-fotografo-gustavo-marialva-202-scaled.jpg\" data-link=\"https:\/\/www.ivanabeaumond.com.br\/vestidos-noiva\/?attachment_id=28523\" class=\"wp-image-28523\" srcset=\"https:\/\/www.ivanabeaumond.com.br\/vestidos-noiva\/wp-content\/uploads\/2021\/09\/casamento-carol-yuri-fotografo-gustavo-marialva-202-684x1024.jpg 684w, https:\/\/www.ivanabeaumond.com.br\/vestidos-noiva\/wp-content\/uploads\/2021\/09\/casamento-carol-yuri-fotografo-gustavo-marialva-202-200x300.jpg 200w, https:\/\/www.ivanabeaumond.com.br\/vestidos-noiva\/wp-content\/uploads\/2021\/09\/casamento-carol-yuri-fotografo-gustavo-marialva-202-768x1150.jpg 768w, https:\/\/www.ivanabeaumond.com.br\/vestidos-noiva\/wp-content\/uploads\/2021\/09\/casamento-carol-yuri-fotografo-gustavo-marialva-202-1025x1536.jpg 1025w, https:\/\/www.ivanabeaumond.com.br\/vestidos-noiva\/wp-content\/uploads\/2021\/09\/casamento-carol-yuri-fotografo-gustavo-marialva-202-1367x2048.jpg 1367w, https:\/\/www.ivanabeaumond.com.br\/vestidos-noiva\/wp-content\/uploads\/2021\/09\/casamento-carol-yuri-fotografo-gustavo-marialva-202-scaled.jpg 1709w\" sizes=\"(max-width: 684px) 100vw, 684px\" \/><\/a><\/figure><\/li><li class=\"blocks-gallery-item\"><figure><a href=\"https:\/\/www.ivanabeaumond.com.br\/vestidos-noiva\/wp-content\/uploads\/2021\/09\/casamento-carol-yuri-fotografo-gustavo-marialva-157-scaled.jpg\"><img decoding=\"async\" loading=\"lazy\" width=\"684\" height=\"1024\" src=\"https:\/\/www.ivanabeaumond.com.br\/vestidos-noiva\/wp-content\/uploads\/2021\/09\/casamento-carol-yuri-fotografo-gustavo-marialva-157-684x1024.jpg\" alt=\"\" data-id=\"28522\" data-full-url=\"https:\/\/www.ivanabeaumond.com.br\/vestidos-noiva\/wp-content\/uploads\/2021\/09\/casamento-carol-yuri-fotografo-gustavo-marialva-157-scaled.jpg\" data-link=\"https:\/\/www.ivanabeaumond.com.br\/vestidos-noiva\/?attachment_id=28522\" class=\"wp-image-28522\" srcset=\"https:\/\/www.ivanabeaumond.com.br\/vestidos-noiva\/wp-content\/uploads\/2021\/09\/casamento-carol-yuri-fotografo-gustavo-marialva-157-684x1024.jpg 684w, https:\/\/www.ivanabeaumond.com.br\/vestidos-noiva\/wp-content\/uploads\/2021\/09\/casamento-carol-yuri-fotografo-gustavo-marialva-157-200x300.jpg 200w, https:\/\/www.ivanabeaumond.com.br\/vestidos-noiva\/wp-content\/uploads\/2021\/09\/casamento-carol-yuri-fotografo-gustavo-marialva-157-768x1150.jpg 768w, https:\/\/www.ivanabeaumond.com.br\/vestidos-noiva\/wp-content\/uploads\/2021\/09\/casamento-carol-yuri-fotografo-gustavo-marialva-157-1025x1536.jpg 1025w, https:\/\/www.ivanabeaumond.com.br\/vestidos-noiva\/wp-content\/uploads\/2021\/09\/casamento-carol-yuri-fotografo-gustavo-marialva-157-1367x2048.jpg 1367w, https:\/\/www.ivanabeaumond.com.br\/vestidos-noiva\/wp-content\/uploads\/2021\/09\/casamento-carol-yuri-fotografo-gustavo-marialva-157-scaled.jpg 1709w\" sizes=\"(max-width: 684px) 100vw, 684px\" \/><\/a><\/figure><\/li><li class=\"blocks-gallery-item\"><figure><a href=\"https:\/\/www.ivanabeaumond.com.br\/vestidos-noiva\/wp-content\/uploads\/2021\/09\/casamento-carol-yuri-fotografo-gustavo-marialva-279-scaled.jpg\"><img decoding=\"async\" loading=\"lazy\" width=\"684\" height=\"1024\" src=\"https:\/\/www.ivanabeaumond.com.br\/vestidos-noiva\/wp-content\/uploads\/2021\/09\/casamento-carol-yuri-fotografo-gustavo-marialva-279-684x1024.jpg\" alt=\"\" data-id=\"28524\" data-full-url=\"https:\/\/www.ivanabeaumond.com.br\/vestidos-noiva\/wp-content\/uploads\/2021\/09\/casamento-carol-yuri-fotografo-gustavo-marialva-279-scaled.jpg\" data-link=\"https:\/\/www.ivanabeaumond.com.br\/vestidos-noiva\/?attachment_id=28524\" class=\"wp-image-28524\" srcset=\"https:\/\/www.ivanabeaumond.com.br\/vestidos-noiva\/wp-content\/uploads\/2021\/09\/casamento-carol-yuri-fotografo-gustavo-marialva-279-684x1024.jpg 684w, https:\/\/www.ivanabeaumond.com.br\/vestidos-noiva\/wp-content\/uploads\/2021\/09\/casamento-carol-yuri-fotografo-gustavo-marialva-279-200x300.jpg 200w, https:\/\/www.ivanabeaumond.com.br\/vestidos-noiva\/wp-content\/uploads\/2021\/09\/casamento-carol-yuri-fotografo-gustavo-marialva-279-768x1150.jpg 768w, https:\/\/www.ivanabeaumond.com.br\/vestidos-noiva\/wp-content\/uploads\/2021\/09\/casamento-carol-yuri-fotografo-gustavo-marialva-279-1025x1536.jpg 1025w, https:\/\/www.ivanabeaumond.com.br\/vestidos-noiva\/wp-content\/uploads\/2021\/09\/casamento-carol-yuri-fotografo-gustavo-marialva-279-1367x2048.jpg 1367w, https:\/\/www.ivanabeaumond.com.br\/vestidos-noiva\/wp-content\/uploads\/2021\/09\/casamento-carol-yuri-fotografo-gustavo-marialva-279-scaled.jpg 1709w\" sizes=\"(max-width: 684px) 100vw, 684px\" \/><\/a><\/figure><\/li><li class=\"blocks-gallery-item\"><figure><a href=\"https:\/\/www.ivanabeaumond.com.br\/vestidos-noiva\/wp-content\/uploads\/2021\/09\/casamento-carol-yuri-fotografo-gustavo-marialva-346-scaled.jpg\"><img decoding=\"async\" loading=\"lazy\" width=\"684\" height=\"1024\" src=\"https:\/\/www.ivanabeaumond.com.br\/vestidos-noiva\/wp-content\/uploads\/2021\/09\/casamento-carol-yuri-fotografo-gustavo-marialva-346-684x1024.jpg\" alt=\"\" data-id=\"28525\" data-full-url=\"https:\/\/www.ivanabeaumond.com.br\/vestidos-noiva\/wp-content\/uploads\/2021\/09\/casamento-carol-yuri-fotografo-gustavo-marialva-346-scaled.jpg\" data-link=\"https:\/\/www.ivanabeaumond.com.br\/vestidos-noiva\/?attachment_id=28525\" class=\"wp-image-28525\" srcset=\"https:\/\/www.ivanabeaumond.com.br\/vestidos-noiva\/wp-content\/uploads\/2021\/09\/casamento-carol-yuri-fotografo-gustavo-marialva-346-684x1024.jpg 684w, https:\/\/www.ivanabeaumond.com.br\/vestidos-noiva\/wp-content\/uploads\/2021\/09\/casamento-carol-yuri-fotografo-gustavo-marialva-346-200x300.jpg 200w, https:\/\/www.ivanabeaumond.com.br\/vestidos-noiva\/wp-content\/uploads\/2021\/09\/casamento-carol-yuri-fotografo-gustavo-marialva-346-768x1150.jpg 768w, https:\/\/www.ivanabeaumond.com.br\/vestidos-noiva\/wp-content\/uploads\/2021\/09\/casamento-carol-yuri-fotografo-gustavo-marialva-346-1025x1536.jpg 1025w, https:\/\/www.ivanabeaumond.com.br\/vestidos-noiva\/wp-content\/uploads\/2021\/09\/casamento-carol-yuri-fotografo-gustavo-marialva-346-1367x2048.jpg 1367w, https:\/\/www.ivanabeaumond.com.br\/vestidos-noiva\/wp-content\/uploads\/2021\/09\/casamento-carol-yuri-fotografo-gustavo-marialva-346-scaled.jpg 1709w\" sizes=\"(max-width: 684px) 100vw, 684px\" \/><\/a><\/figure><\/li><\/ul><\/figure>\n\n\n\n<div style=\"height:32px\" aria-hidden=\"true\" class=\"wp-block-spacer\"><\/div>\n\n\n\n<h2 class=\"has-text-align-center wp-block-heading\">Felicidades a Carol e Yuri <\/h2>\n\n\n\n<div style=\"height:27px\" aria-hidden=\"true\" class=\"wp-block-spacer\"><\/div>\n\n\n\n<h5 class=\"wp-block-heading\">FICHA TECNICA DOS COLABORADOS.<br>MAQUIAGEM: @ARIANEVERISSIMO<br>FOTOGRAFIA: @GUSTAVOMARIALVA<br>DECORA\u00c7\u00c3O: @RUPPFESTAS<br>RECEP\u00c7\u00c3O: YOO2<br>CERIM\u00d4NIA: CRISTO REDENTOR<br>VESTIDO DA NOIVA: @IVANABEAUMOND<br>TERNO DO NOIVO: @IVANABEAUMOND<br>BUQU\u00ca: @FLOREANDOCOMTHAISANDRADE <\/h5>\n","protected":false},"excerpt":{"rendered":"<p>O nosso Rio de Janeiro \u00e9 lindo, um dos cart\u00f5es&#8230;<\/p>\n","protected":false},"author":4,"featured_media":28515,"comment_status":"open","ping_status":"open","sticky":false,"template":"","format":"standard","meta":[],"categories":[60,130],"tags":[1381,1416,1422,1342,107,1418,1419,1420,1417,1421],"yoast_head":"<!-- This site is optimized with the Yoast SEO plugin v20.3 - https:\/\/yoast.com\/wordpress\/plugins\/seo\/ -->\n<title>CASAR AOS P\u00c9S DO CRISTO REDENTOR, CAROL E YURI - Vestido de Noiva RJ<\/title>\n<meta name=\"robots\" content=\"index, follow, max-snippet:-1, max-image-preview:large, max-video-preview:-1\" \/>\n<link rel=\"canonical\" href=\"https:\/\/www.ivanabeaumond.com.br\/vestidos-noiva\/casar-aos-pes-do-cristo-redentor-carol-e-yuri\/\" \/>\n<meta property=\"og:locale\" content=\"pt_BR\" \/>\n<meta property=\"og:type\" content=\"article\" \/>\n<meta property=\"og:title\" content=\"CASAR AOS P\u00c9S DO CRISTO REDENTOR, CAROL E YURI - Vestido de Noiva RJ\" \/>\n<meta property=\"og:description\" content=\"O nosso Rio de Janeiro \u00e9 lindo, um dos cart\u00f5es...\" \/>\n<meta property=\"og:url\" content=\"https:\/\/www.ivanabeaumond.com.br\/vestidos-noiva\/casar-aos-pes-do-cristo-redentor-carol-e-yuri\/\" \/>\n<meta property=\"og:site_name\" content=\"Vestido de Noiva RJ\" \/>\n<meta property=\"article:publisher\" content=\"https:\/\/www.facebook.com\/ivana.beaumondnoivas\" \/>\n<meta property=\"article:published_time\" content=\"2021-09-08T18:21:08+00:00\" \/>\n<meta property=\"article:modified_time\" content=\"2021-09-08T18:21:11+00:00\" \/>\n<meta property=\"og:image\" content=\"https:\/\/www.ivanabeaumond.com.br\/vestidos-noiva\/wp-content\/uploads\/2021\/09\/96388379-2bc9-4d8f-af94-413b21fc76df.jpg\" \/>\n\t<meta property=\"og:image:width\" content=\"750\" \/>\n\t<meta property=\"og:image:height\" content=\"485\" \/>\n\t<meta property=\"og:image:type\" content=\"image\/jpeg\" \/>\n<meta name=\"author\" content=\"Ivana Beaumond Paris\" \/>\n<meta name=\"twitter:card\" content=\"summary_large_image\" \/>\n<meta name=\"twitter:label1\" content=\"Escrito por\" \/>\n\t<meta name=\"twitter:data1\" content=\"Ivana Beaumond Paris\" \/>\n\t<meta name=\"twitter:label2\" content=\"Est. tempo de leitura\" \/>\n\t<meta name=\"twitter:data2\" content=\"1 minuto\" \/>\n<script type=\"application\/ld+json\" class=\"yoast-schema-graph\">{\"@context\":\"https:\/\/schema.org\",\"@graph\":[{\"@type\":\"Article\",\"@id\":\"https:\/\/www.ivanabeaumond.com.br\/vestidos-noiva\/casar-aos-pes-do-cristo-redentor-carol-e-yuri\/#article\",\"isPartOf\":{\"@id\":\"https:\/\/www.ivanabeaumond.com.br\/vestidos-noiva\/casar-aos-pes-do-cristo-redentor-carol-e-yuri\/\"},\"author\":{\"name\":\"Ivana Beaumond Paris\",\"@id\":\"https:\/\/www.ivanabeaumond.com.br\/vestidos-noiva\/#\/schema\/person\/1a360c4cffa3b806d29a456389dcff26\"},\"headline\":\"CASAR AOS P\u00c9S DO CRISTO REDENTOR, CAROL E YURI\",\"datePublished\":\"2021-09-08T18:21:08+00:00\",\"dateModified\":\"2021-09-08T18:21:11+00:00\",\"mainEntityOfPage\":{\"@id\":\"https:\/\/www.ivanabeaumond.com.br\/vestidos-noiva\/casar-aos-pes-do-cristo-redentor-carol-e-yuri\/\"},\"wordCount\":258,\"commentCount\":0,\"publisher\":{\"@id\":\"https:\/\/www.ivanabeaumond.com.br\/vestidos-noiva\/#organization\"},\"keywords\":[\"casamento2021\",\"casamentonocristo\",\"casamentos2022\",\"ivana\",\"ivanabeaumond\",\"ternodecasamento\",\"ternodonoivo\",\"vestidodecasamento\",\"vestidosdenoiva\",\"vestidosrj\"],\"articleSection\":[\"Blog\",\"Nossas Noivas\"],\"inLanguage\":\"pt-BR\",\"potentialAction\":[{\"@type\":\"CommentAction\",\"name\":\"Comment\",\"target\":[\"https:\/\/www.ivanabeaumond.com.br\/vestidos-noiva\/casar-aos-pes-do-cristo-redentor-carol-e-yuri\/#respond\"]}]},{\"@type\":\"WebPage\",\"@id\":\"https:\/\/www.ivanabeaumond.com.br\/vestidos-noiva\/casar-aos-pes-do-cristo-redentor-carol-e-yuri\/\",\"url\":\"https:\/\/www.ivanabeaumond.com.br\/vestidos-noiva\/casar-aos-pes-do-cristo-redentor-carol-e-yuri\/\",\"name\":\"CASAR AOS P\u00c9S DO CRISTO REDENTOR, CAROL E YURI - Vestido de Noiva RJ\",\"isPartOf\":{\"@id\":\"https:\/\/www.ivanabeaumond.com.br\/vestidos-noiva\/#website\"},\"datePublished\":\"2021-09-08T18:21:08+00:00\",\"dateModified\":\"2021-09-08T18:21:11+00:00\",\"breadcrumb\":{\"@id\":\"https:\/\/www.ivanabeaumond.com.br\/vestidos-noiva\/casar-aos-pes-do-cristo-redentor-carol-e-yuri\/#breadcrumb\"},\"inLanguage\":\"pt-BR\",\"potentialAction\":[{\"@type\":\"ReadAction\",\"target\":[\"https:\/\/www.ivanabeaumond.com.br\/vestidos-noiva\/casar-aos-pes-do-cristo-redentor-carol-e-yuri\/\"]}]},{\"@type\":\"BreadcrumbList\",\"@id\":\"https:\/\/www.ivanabeaumond.com.br\/vestidos-noiva\/casar-aos-pes-do-cristo-redentor-carol-e-yuri\/#breadcrumb\",\"itemListElement\":[{\"@type\":\"ListItem\",\"position\":1,\"name\":\"In\u00edcio\",\"item\":\"https:\/\/www.ivanabeaumond.com.br\/vestidos-noiva\/\"},{\"@type\":\"ListItem\",\"position\":2,\"name\":\"CASAR AOS P\u00c9S DO CRISTO REDENTOR, CAROL E YURI\"}]},{\"@type\":\"WebSite\",\"@id\":\"https:\/\/www.ivanabeaumond.com.br\/vestidos-noiva\/#website\",\"url\":\"https:\/\/www.ivanabeaumond.com.br\/vestidos-noiva\/\",\"name\":\"Vestido de Noiva RJ\",\"description\":\"Moda Noiva\",\"publisher\":{\"@id\":\"https:\/\/www.ivanabeaumond.com.br\/vestidos-noiva\/#organization\"},\"potentialAction\":[{\"@type\":\"SearchAction\",\"target\":{\"@type\":\"EntryPoint\",\"urlTemplate\":\"https:\/\/www.ivanabeaumond.com.br\/vestidos-noiva\/?s={search_term_string}\"},\"query-input\":\"required name=search_term_string\"}],\"inLanguage\":\"pt-BR\"},{\"@type\":\"Organization\",\"@id\":\"https:\/\/www.ivanabeaumond.com.br\/vestidos-noiva\/#organization\",\"name\":\"Vestido de Noiva RJ\",\"url\":\"https:\/\/www.ivanabeaumond.com.br\/vestidos-noiva\/\",\"logo\":{\"@type\":\"ImageObject\",\"inLanguage\":\"pt-BR\",\"@id\":\"https:\/\/www.ivanabeaumond.com.br\/vestidos-noiva\/#\/schema\/logo\/image\/\",\"url\":\"https:\/\/www.ivanabeaumond.com.br\/vestidos-noiva\/wp-content\/uploads\/2018\/02\/logo_ivana_beaumond-2.png\",\"contentUrl\":\"https:\/\/www.ivanabeaumond.com.br\/vestidos-noiva\/wp-content\/uploads\/2018\/02\/logo_ivana_beaumond-2.png\",\"width\":230,\"height\":112,\"caption\":\"Vestido de Noiva RJ\"},\"image\":{\"@id\":\"https:\/\/www.ivanabeaumond.com.br\/vestidos-noiva\/#\/schema\/logo\/image\/\"},\"sameAs\":[\"https:\/\/www.facebook.com\/ivana.beaumondnoivas\",\"https:\/\/www.instagram.com\/ivanabeaumond\/\",\"https:\/\/www.tiktok.com\/@ivanabeaumond\"]},{\"@type\":\"Person\",\"@id\":\"https:\/\/www.ivanabeaumond.com.br\/vestidos-noiva\/#\/schema\/person\/1a360c4cffa3b806d29a456389dcff26\",\"name\":\"Ivana Beaumond Paris\",\"image\":{\"@type\":\"ImageObject\",\"inLanguage\":\"pt-BR\",\"@id\":\"https:\/\/www.ivanabeaumond.com.br\/vestidos-noiva\/#\/schema\/person\/image\/\",\"url\":\"https:\/\/secure.gravatar.com\/avatar\/641f98db20b53ec937ceb641db4270b9?s=96&d=mm&r=g\",\"contentUrl\":\"https:\/\/secure.gravatar.com\/avatar\/641f98db20b53ec937ceb641db4270b9?s=96&d=mm&r=g\",\"caption\":\"Ivana Beaumond Paris\"},\"url\":\"https:\/\/www.ivanabeaumond.com.br\/vestidos-noiva\/author\/ivana\/\"}]}<\/script>\n<!-- \/ Yoast SEO plugin. -->","yoast_head_json":{"title":"CASAR AOS P\u00c9S DO CRISTO REDENTOR, CAROL E YURI - Vestido de Noiva RJ","robots":{"index":"index","follow":"follow","max-snippet":"max-snippet:-1","max-image-preview":"max-image-preview:large","max-video-preview":"max-video-preview:-1"},"canonical":"https:\/\/www.ivanabeaumond.com.br\/vestidos-noiva\/casar-aos-pes-do-cristo-redentor-carol-e-yuri\/","og_locale":"pt_BR","og_type":"article","og_title":"CASAR AOS P\u00c9S DO CRISTO REDENTOR, CAROL E YURI - Vestido de Noiva RJ","og_description":"O nosso Rio de Janeiro \u00e9 lindo, um dos cart\u00f5es...","og_url":"https:\/\/www.ivanabeaumond.com.br\/vestidos-noiva\/casar-aos-pes-do-cristo-redentor-carol-e-yuri\/","og_site_name":"Vestido de Noiva RJ","article_publisher":"https:\/\/www.facebook.com\/ivana.beaumondnoivas","article_published_time":"2021-09-08T18:21:08+00:00","article_modified_time":"2021-09-08T18:21:11+00:00","og_image":[{"width":750,"height":485,"url":"https:\/\/www.ivanabeaumond.com.br\/vestidos-noiva\/wp-content\/uploads\/2021\/09\/96388379-2bc9-4d8f-af94-413b21fc76df.jpg","type":"image\/jpeg"}],"author":"Ivana Beaumond Paris","twitter_card":"summary_large_image","twitter_misc":{"Escrito por":"Ivana Beaumond Paris","Est. tempo de leitura":"1 minuto"},"schema":{"@context":"https:\/\/schema.org","@graph":[{"@type":"Article","@id":"https:\/\/www.ivanabeaumond.com.br\/vestidos-noiva\/casar-aos-pes-do-cristo-redentor-carol-e-yuri\/#article","isPartOf":{"@id":"https:\/\/www.ivanabeaumond.com.br\/vestidos-noiva\/casar-aos-pes-do-cristo-redentor-carol-e-yuri\/"},"author":{"name":"Ivana Beaumond Paris","@id":"https:\/\/www.ivanabeaumond.com.br\/vestidos-noiva\/#\/schema\/person\/1a360c4cffa3b806d29a456389dcff26"},"headline":"CASAR AOS P\u00c9S DO CRISTO REDENTOR, CAROL E YURI","datePublished":"2021-09-08T18:21:08+00:00","dateModified":"2021-09-08T18:21:11+00:00","mainEntityOfPage":{"@id":"https:\/\/www.ivanabeaumond.com.br\/vestidos-noiva\/casar-aos-pes-do-cristo-redentor-carol-e-yuri\/"},"wordCount":258,"commentCount":0,"publisher":{"@id":"https:\/\/www.ivanabeaumond.com.br\/vestidos-noiva\/#organization"},"keywords":["casamento2021","casamentonocristo","casamentos2022","ivana","ivanabeaumond","ternodecasamento","ternodonoivo","vestidodecasamento","vestidosdenoiva","vestidosrj"],"articleSection":["Blog","Nossas Noivas"],"inLanguage":"pt-BR","potentialAction":[{"@type":"CommentAction","name":"Comment","target":["https:\/\/www.ivanabeaumond.com.br\/vestidos-noiva\/casar-aos-pes-do-cristo-redentor-carol-e-yuri\/#respond"]}]},{"@type":"WebPage","@id":"https:\/\/www.ivanabeaumond.com.br\/vestidos-noiva\/casar-aos-pes-do-cristo-redentor-carol-e-yuri\/","url":"https:\/\/www.ivanabeaumond.com.br\/vestidos-noiva\/casar-aos-pes-do-cristo-redentor-carol-e-yuri\/","name":"CASAR AOS P\u00c9S DO CRISTO REDENTOR, CAROL E YURI - Vestido de Noiva RJ","isPartOf":{"@id":"https:\/\/www.ivanabeaumond.com.br\/vestidos-noiva\/#website"},"datePublished":"2021-09-08T18:21:08+00:00","dateModified":"2021-09-08T18:21:11+00:00","breadcrumb":{"@id":"https:\/\/www.ivanabeaumond.com.br\/vestidos-noiva\/casar-aos-pes-do-cristo-redentor-carol-e-yuri\/#breadcrumb"},"inLanguage":"pt-BR","potentialAction":[{"@type":"ReadAction","target":["https:\/\/www.ivanabeaumond.com.br\/vestidos-noiva\/casar-aos-pes-do-cristo-redentor-carol-e-yuri\/"]}]},{"@type":"BreadcrumbList","@id":"https:\/\/www.ivanabeaumond.com.br\/vestidos-noiva\/casar-aos-pes-do-cristo-redentor-carol-e-yuri\/#breadcrumb","itemListElement":[{"@type":"ListItem","position":1,"name":"In\u00edcio","item":"https:\/\/www.ivanabeaumond.com.br\/vestidos-noiva\/"},{"@type":"ListItem","position":2,"name":"CASAR AOS P\u00c9S DO CRISTO REDENTOR, CAROL E YURI"}]},{"@type":"WebSite","@id":"https:\/\/www.ivanabeaumond.com.br\/vestidos-noiva\/#website","url":"https:\/\/www.ivanabeaumond.com.br\/vestidos-noiva\/","name":"Vestido de Noiva RJ","description":"Moda Noiva","publisher":{"@id":"https:\/\/www.ivanabeaumond.com.br\/vestidos-noiva\/#organization"},"potentialAction":[{"@type":"SearchAction","target":{"@type":"EntryPoint","urlTemplate":"https:\/\/www.ivanabeaumond.com.br\/vestidos-noiva\/?s={search_term_string}"},"query-input":"required name=search_term_string"}],"inLanguage":"pt-BR"},{"@type":"Organization","@id":"https:\/\/www.ivanabeaumond.com.br\/vestidos-noiva\/#organization","name":"Vestido de Noiva RJ","url":"https:\/\/www.ivanabeaumond.com.br\/vestidos-noiva\/","logo":{"@type":"ImageObject","inLanguage":"pt-BR","@id":"https:\/\/www.ivanabeaumond.com.br\/vestidos-noiva\/#\/schema\/logo\/image\/","url":"https:\/\/www.ivanabeaumond.com.br\/vestidos-noiva\/wp-content\/uploads\/2018\/02\/logo_ivana_beaumond-2.png","contentUrl":"https:\/\/www.ivanabeaumond.com.br\/vestidos-noiva\/wp-content\/uploads\/2018\/02\/logo_ivana_beaumond-2.png","width":230,"height":112,"caption":"Vestido de Noiva RJ"},"image":{"@id":"https:\/\/www.ivanabeaumond.com.br\/vestidos-noiva\/#\/schema\/logo\/image\/"},"sameAs":["https:\/\/www.facebook.com\/ivana.beaumondnoivas","https:\/\/www.instagram.com\/ivanabeaumond\/","https:\/\/www.tiktok.com\/@ivanabeaumond"]},{"@type":"Person","@id":"https:\/\/www.ivanabeaumond.com.br\/vestidos-noiva\/#\/schema\/person\/1a360c4cffa3b806d29a456389dcff26","name":"Ivana Beaumond Paris","image":{"@type":"ImageObject","inLanguage":"pt-BR","@id":"https:\/\/www.ivanabeaumond.com.br\/vestidos-noiva\/#\/schema\/person\/image\/","url":"https:\/\/secure.gravatar.com\/avatar\/641f98db20b53ec937ceb641db4270b9?s=96&d=mm&r=g","contentUrl":"https:\/\/secure.gravatar.com\/avatar\/641f98db20b53ec937ceb641db4270b9?s=96&d=mm&r=g","caption":"Ivana Beaumond Paris"},"url":"https:\/\/www.ivanabeaumond.com.br\/vestidos-noiva\/author\/ivana\/"}]}},"_links":{"self":[{"href":"https:\/\/www.ivanabeaumond.com.br\/vestidos-noiva\/wp-json\/wp\/v2\/posts\/28514"}],"collection":[{"href":"https:\/\/www.ivanabeaumond.com.br\/vestidos-noiva\/wp-json\/wp\/v2\/posts"}],"about":[{"href":"https:\/\/www.ivanabeaumond.com.br\/vestidos-noiva\/wp-json\/wp\/v2\/types\/post"}],"author":[{"embeddable":true,"href":"https:\/\/www.ivanabeaumond.com.br\/vestidos-noiva\/wp-json\/wp\/v2\/users\/4"}],"replies":[{"embeddable":true,"href":"https:\/\/www.ivanabeaumond.com.br\/vestidos-noiva\/wp-json\/wp\/v2\/comments?post=28514"}],"version-history":[{"count":3,"href":"https:\/\/www.ivanabeaumond.com.br\/vestidos-noiva\/wp-json\/wp\/v2\/posts\/28514\/revisions"}],"predecessor-version":[{"id":28528,"href":"https:\/\/www.ivanabeaumond.com.br\/vestidos-noiva\/wp-json\/wp\/v2\/posts\/28514\/revisions\/28528"}],"wp:featuredmedia":[{"embeddable":true,"href":"https:\/\/www.ivanabeaumond.com.br\/vestidos-noiva\/wp-json\/wp\/v2\/media\/28515"}],"wp:attachment":[{"href":"https:\/\/www.ivanabeaumond.com.br\/vestidos-noiva\/wp-json\/wp\/v2\/media?parent=28514"}],"wp:term":[{"taxonomy":"category","embeddable":true,"href":"https:\/\/www.ivanabeaumond.com.br\/vestidos-noiva\/wp-json\/wp\/v2\/categories?post=28514"},{"taxonomy":"post_tag","embeddable":true,"href":"https:\/\/www.ivanabeaumond.com.br\/vestidos-noiva\/wp-json\/wp\/v2\/tags?post=28514"}],"curies":[{"name":"wp","href":"https:\/\/api.w.org\/{rel}","templated":true}]}}