{"id":28541,"date":"2021-09-17T14:33:48","date_gmt":"2021-09-17T17:33:48","guid":{"rendered":"https:\/\/www.ivanabeaumond.com.br\/vestidos-noiva\/?p=28541"},"modified":"2021-09-17T14:33:51","modified_gmt":"2021-09-17T17:33:51","slug":"pontos-turisticos-para-se-casar-no-rio-de-janeiro","status":"publish","type":"post","link":"https:\/\/www.ivanabeaumond.com.br\/vestidos-noiva\/pontos-turisticos-para-se-casar-no-rio-de-janeiro\/","title":{"rendered":"PONTOS TUR\u00cdSTICOS PARA SE CASAR NO RIO DE JANEIRO"},"content":{"rendered":"\n<h4 class=\"wp-block-heading\">Que o Rio de Janeiro \u00e9 lindo e contemplado por suas belas praias todos j\u00e1 sabem. Ao redor do mundo suas paisagens e cart\u00f5es postais s\u00e3o admirados em varias fotografias, agora imagine casar ao ar livre e de fundo um dos pontos tur\u00edsticos mais belos do Rio.<\/h4>\n\n\n\n<h4 class=\"wp-block-heading\">Elegemos 4 lugares para est\u00e1 realizando sua cerim\u00f4nia de casamento.<\/h4>\n\n\n\n<h4 class=\"wp-block-heading\">Imagine um lindo vestido de noiva, buqu\u00ea, decora\u00e7\u00e3o e de fundo o p\u00e3o de a\u00e7\u00facar, \u00e9 realmente um sonho.<\/h4>\n\n\n\n<div style=\"height:29px\" aria-hidden=\"true\" class=\"wp-block-spacer\"><\/div>\n\n\n\n<h2 class=\"wp-block-heading\"><strong>OUTEIRO DA GLORIA<\/strong><\/h2>\n\n\n\n<div style=\"height:20px\" aria-hidden=\"true\" class=\"wp-block-spacer\"><\/div>\n\n\n\n<h4 class=\"wp-block-heading\">A Igreja Nossa Senhora da Gloria do Outeiro \u00e9 bastante conhecida por seus milhares de casamentos l\u00e1 j\u00e1 realizado, por sua bela arquitetura colonial e com uma vista privilegiada da cidade \u00e9 um dos lugares mais cotados para a realiza\u00e7\u00e3o dos seus eventos, levando em considera\u00e7\u00e3o tamb\u00e9m o f\u00e1cil acesso j\u00e1 que fica pr\u00f3ximo a esta\u00e7\u00f5es de metro e \u00f4nibus. Entretanto por ser um local aberto, deve-se tomar cuidado com o excesso de som para n\u00e3o atrapalhar a vizinhan\u00e7a.<\/h4>\n\n\n\n<div style=\"height:28px\" aria-hidden=\"true\" class=\"wp-block-spacer\"><\/div>\n\n\n\n<div class=\"wp-block-image\"><figure class=\"aligncenter size-large\"><a href=\"https:\/\/www.ivanabeaumond.com.br\/vestidos-noiva\/wp-content\/uploads\/2021\/09\/fb8df22e4116109d9ef3a4f7e2077800.jpg\"><img decoding=\"async\" loading=\"lazy\" width=\"564\" height=\"845\" src=\"https:\/\/www.ivanabeaumond.com.br\/vestidos-noiva\/wp-content\/uploads\/2021\/09\/fb8df22e4116109d9ef3a4f7e2077800.jpg\" alt=\"\" class=\"wp-image-28542\" srcset=\"https:\/\/www.ivanabeaumond.com.br\/vestidos-noiva\/wp-content\/uploads\/2021\/09\/fb8df22e4116109d9ef3a4f7e2077800.jpg 564w, https:\/\/www.ivanabeaumond.com.br\/vestidos-noiva\/wp-content\/uploads\/2021\/09\/fb8df22e4116109d9ef3a4f7e2077800-200x300.jpg 200w\" sizes=\"(max-width: 564px) 100vw, 564px\" \/><\/a><\/figure><\/div>\n\n\n\n<div style=\"height:28px\" aria-hidden=\"true\" class=\"wp-block-spacer\"><\/div>\n\n\n\n<h2 class=\"wp-block-heading\"><strong>CRISTO REDENTOR<\/strong><\/h2>\n\n\n\n<div style=\"height:18px\" aria-hidden=\"true\" class=\"wp-block-spacer\"><\/div>\n\n\n\n<h4 class=\"wp-block-heading\">Pois o DJ Alok realizar seu casamento aos p\u00e9s do Cristo \u00e0s 05h da manh\u00e3, fico quase imposs\u00edvel n\u00e3o sonhar com aquele momento tamb\u00e9m. \u00c9 poss\u00edvel reservar a capela do Cristo Redentor, que tem capacidade para no m\u00e1ximo 40 pessoas. Mas por ser um dos cart\u00f5es postais da cidade do Rio de Janeiro, \u00e9 importante reservar a data com at\u00e9 6 meses de anteced\u00eancia, j\u00e1 que o local \u00e9 bem disputado. O custo pra casar no Cristo Redentor &#8211; na capela, na verdade &#8211; \u00e9 de R$2700, e o local s\u00f3 fica dispon\u00edvel ap\u00f3s \u00e0s 17h.<\/h4>\n\n\n\n<div style=\"height:28px\" aria-hidden=\"true\" class=\"wp-block-spacer\"><\/div>\n\n\n\n<figure class=\"wp-block-image size-large\"><a href=\"https:\/\/www.ivanabeaumond.com.br\/vestidos-noiva\/wp-content\/uploads\/2021\/09\/7058503ca596355323931f5009b22586.jpg\"><img decoding=\"async\" loading=\"lazy\" width=\"564\" height=\"376\" src=\"https:\/\/www.ivanabeaumond.com.br\/vestidos-noiva\/wp-content\/uploads\/2021\/09\/7058503ca596355323931f5009b22586.jpg\" alt=\"\" class=\"wp-image-28543\" srcset=\"https:\/\/www.ivanabeaumond.com.br\/vestidos-noiva\/wp-content\/uploads\/2021\/09\/7058503ca596355323931f5009b22586.jpg 564w, https:\/\/www.ivanabeaumond.com.br\/vestidos-noiva\/wp-content\/uploads\/2021\/09\/7058503ca596355323931f5009b22586-300x200.jpg 300w, https:\/\/www.ivanabeaumond.com.br\/vestidos-noiva\/wp-content\/uploads\/2021\/09\/7058503ca596355323931f5009b22586-480x320.jpg 480w\" sizes=\"(max-width: 564px) 100vw, 564px\" \/><\/a><\/figure>\n\n\n\n<div style=\"height:28px\" aria-hidden=\"true\" class=\"wp-block-spacer\"><\/div>\n\n\n\n<h2 class=\"wp-block-heading\"><strong>MANS\u00c3O SANTA TEREZA<\/strong><\/h2>\n\n\n\n<div style=\"height:29px\" aria-hidden=\"true\" class=\"wp-block-spacer\"><\/div>\n\n\n\n<h4 class=\"wp-block-heading\">Localizado no bairro de Santa Tereza na regi\u00e3o Central do Rio, imagine casar com a vista do Corcovado e do P\u00e3o de A\u00e7\u00facar de fundo?! \u00c9 exatamente isso que o local lhe proporciona.<\/h4>\n\n\n\n<div style=\"height:12px\" aria-hidden=\"true\" class=\"wp-block-spacer\"><\/div>\n\n\n\n<h4 class=\"wp-block-heading\">O local oferece uma capacidade de 250 convidados, \u00e9 um evento de m\u00e9dio a pequeno porte. Com uma equipe de confian\u00e7a e todos os detalhes em ordem \u00e9 poss\u00edvel deixar este local ainda mais lindo, e aguardar a entrada com seu belo vestido de noiva e realizar belas fotografias com a vista de um dos mais importantes cart\u00f5es postais da cidade.<\/h4>\n\n\n\n<div style=\"height:19px\" aria-hidden=\"true\" class=\"wp-block-spacer\"><\/div>\n\n\n\n<figure class=\"wp-block-gallery columns-1 is-cropped wp-block-gallery-1 is-layout-flex\"><ul class=\"blocks-gallery-grid\"><li class=\"blocks-gallery-item\"><figure><a href=\"https:\/\/www.ivanabeaumond.com.br\/vestidos-noiva\/wp-content\/uploads\/2021\/09\/mansao-santa-teresa-decoracao-varanda.jpg\"><img decoding=\"async\" loading=\"lazy\" width=\"1024\" height=\"683\" src=\"https:\/\/www.ivanabeaumond.com.br\/vestidos-noiva\/wp-content\/uploads\/2021\/09\/mansao-santa-teresa-decoracao-varanda-1024x683.jpg\" alt=\"\" data-id=\"28546\" data-full-url=\"https:\/\/www.ivanabeaumond.com.br\/vestidos-noiva\/wp-content\/uploads\/2021\/09\/mansao-santa-teresa-decoracao-varanda.jpg\" data-link=\"https:\/\/www.ivanabeaumond.com.br\/vestidos-noiva\/?attachment_id=28546\" class=\"wp-image-28546\" srcset=\"https:\/\/www.ivanabeaumond.com.br\/vestidos-noiva\/wp-content\/uploads\/2021\/09\/mansao-santa-teresa-decoracao-varanda-1024x683.jpg 1024w, https:\/\/www.ivanabeaumond.com.br\/vestidos-noiva\/wp-content\/uploads\/2021\/09\/mansao-santa-teresa-decoracao-varanda-300x200.jpg 300w, https:\/\/www.ivanabeaumond.com.br\/vestidos-noiva\/wp-content\/uploads\/2021\/09\/mansao-santa-teresa-decoracao-varanda-768x512.jpg 768w, https:\/\/www.ivanabeaumond.com.br\/vestidos-noiva\/wp-content\/uploads\/2021\/09\/mansao-santa-teresa-decoracao-varanda-1536x1024.jpg 1536w, https:\/\/www.ivanabeaumond.com.br\/vestidos-noiva\/wp-content\/uploads\/2021\/09\/mansao-santa-teresa-decoracao-varanda-480x320.jpg 480w, https:\/\/www.ivanabeaumond.com.br\/vestidos-noiva\/wp-content\/uploads\/2021\/09\/mansao-santa-teresa-decoracao-varanda.jpg 1800w\" sizes=\"(max-width: 1024px) 100vw, 1024px\" \/><\/a><\/figure><\/li><\/ul><\/figure>\n\n\n\n<div style=\"height:28px\" aria-hidden=\"true\" class=\"wp-block-spacer\"><\/div>\n\n\n\n<h2 class=\"wp-block-heading\"><strong>CASA DAS CANOAS<\/strong><\/h2>\n\n\n\n<div style=\"height:26px\" aria-hidden=\"true\" class=\"wp-block-spacer\"><\/div>\n\n\n\n<h4 class=\"wp-block-heading\">Imagine casar em um local projetado por Oscar Niemayer para ser sua resid\u00eancia nos meados de 1953.<br>Apenas uma volta pela Casa \u00e9 o suficiente para lhe convencer o por que casar neste belo local, \u00e9 uma volta aos tempos coloniais.<\/h4>\n\n\n\n<div style=\"height:28px\" aria-hidden=\"true\" class=\"wp-block-spacer\"><\/div>\n\n\n\n<h4 class=\"wp-block-heading\">O lugar \u00e9 ideal para cerim\u00f4nias grandes, j\u00e1 que pode recepcionar at\u00e9 600 pessoas. Um dos componentes principais da Casa das Canoas s\u00e3o as montanhas e \u00e1rvores, j\u00e1 que fica localizado na Floresta da Tijuca.<\/h4>\n\n\n\n<div style=\"height:13px\" aria-hidden=\"true\" class=\"wp-block-spacer\"><\/div>\n\n\n\n<figure class=\"wp-block-gallery aligncenter columns-1 is-cropped wp-block-gallery-3 is-layout-flex\"><ul class=\"blocks-gallery-grid\"><li class=\"blocks-gallery-item\"><figure><a href=\"https:\/\/www.ivanabeaumond.com.br\/vestidos-noiva\/wp-content\/uploads\/2021\/09\/89ef8f47cc63f2cc5af1ed1066a52a2d-1.jpg\"><img decoding=\"async\" loading=\"lazy\" width=\"564\" height=\"316\" src=\"https:\/\/www.ivanabeaumond.com.br\/vestidos-noiva\/wp-content\/uploads\/2021\/09\/89ef8f47cc63f2cc5af1ed1066a52a2d-1.jpg\" alt=\"\" data-id=\"28545\" data-full-url=\"https:\/\/www.ivanabeaumond.com.br\/vestidos-noiva\/wp-content\/uploads\/2021\/09\/89ef8f47cc63f2cc5af1ed1066a52a2d-1.jpg\" data-link=\"https:\/\/www.ivanabeaumond.com.br\/vestidos-noiva\/?attachment_id=28545\" class=\"wp-image-28545\" srcset=\"https:\/\/www.ivanabeaumond.com.br\/vestidos-noiva\/wp-content\/uploads\/2021\/09\/89ef8f47cc63f2cc5af1ed1066a52a2d-1.jpg 564w, https:\/\/www.ivanabeaumond.com.br\/vestidos-noiva\/wp-content\/uploads\/2021\/09\/89ef8f47cc63f2cc5af1ed1066a52a2d-1-300x168.jpg 300w\" sizes=\"(max-width: 564px) 100vw, 564px\" \/><\/a><\/figure><\/li><\/ul><\/figure>\n\n\n\n<div style=\"height:31px\" aria-hidden=\"true\" class=\"wp-block-spacer\"><\/div>\n\n\n\n<h3 class=\"has-text-align-center wp-block-heading\">Agora que j\u00e1 escolheu uns dos lugares para realizar a sua cerim\u00f4nia, \u00e9 focar nos outros preparativos.<\/h3>\n\n\n\n<p><\/p>\n","protected":false},"excerpt":{"rendered":"<p>Que o Rio de Janeiro \u00e9 lindo e contemplado por&#8230;<\/p>\n","protected":false},"author":4,"featured_media":28543,"comment_status":"open","ping_status":"open","sticky":false,"template":"","format":"standard","meta":[],"categories":[60,127],"tags":[96,1425,1193,1363,1426,1144,286,1353,1424,1423,115,690,211],"yoast_head":"<!-- This site is optimized with the Yoast SEO plugin v20.3 - https:\/\/yoast.com\/wordpress\/plugins\/seo\/ -->\n<title>PONTOS TUR\u00cdSTICOS PARA SE CASAR NO RIO DE JANEIRO - Vestido de Noiva RJ<\/title>\n<meta name=\"robots\" content=\"index, follow, max-snippet:-1, max-image-preview:large, max-video-preview:-1\" \/>\n<link rel=\"canonical\" href=\"https:\/\/www.ivanabeaumond.com.br\/vestidos-noiva\/pontos-turisticos-para-se-casar-no-rio-de-janeiro\/\" \/>\n<meta property=\"og:locale\" content=\"pt_BR\" \/>\n<meta property=\"og:type\" content=\"article\" \/>\n<meta property=\"og:title\" content=\"PONTOS TUR\u00cdSTICOS PARA SE CASAR NO RIO DE JANEIRO - Vestido de Noiva RJ\" \/>\n<meta property=\"og:description\" content=\"Que o Rio de Janeiro \u00e9 lindo e contemplado por...\" \/>\n<meta property=\"og:url\" content=\"https:\/\/www.ivanabeaumond.com.br\/vestidos-noiva\/pontos-turisticos-para-se-casar-no-rio-de-janeiro\/\" \/>\n<meta property=\"og:site_name\" content=\"Vestido de Noiva RJ\" \/>\n<meta property=\"article:publisher\" content=\"https:\/\/www.facebook.com\/ivana.beaumondnoivas\" \/>\n<meta property=\"article:published_time\" content=\"2021-09-17T17:33:48+00:00\" \/>\n<meta property=\"article:modified_time\" content=\"2021-09-17T17:33:51+00:00\" \/>\n<meta property=\"og:image\" content=\"https:\/\/www.ivanabeaumond.com.br\/vestidos-noiva\/wp-content\/uploads\/2021\/09\/7058503ca596355323931f5009b22586.jpg\" \/>\n\t<meta property=\"og:image:width\" content=\"564\" \/>\n\t<meta property=\"og:image:height\" content=\"376\" \/>\n\t<meta property=\"og:image:type\" content=\"image\/jpeg\" \/>\n<meta name=\"author\" content=\"Ivana Beaumond Paris\" \/>\n<meta name=\"twitter:card\" content=\"summary_large_image\" \/>\n<meta name=\"twitter:label1\" content=\"Escrito por\" \/>\n\t<meta name=\"twitter:data1\" content=\"Ivana Beaumond Paris\" \/>\n\t<meta name=\"twitter:label2\" content=\"Est. tempo de leitura\" \/>\n\t<meta name=\"twitter:data2\" content=\"2 minutos\" \/>\n<script type=\"application\/ld+json\" class=\"yoast-schema-graph\">{\"@context\":\"https:\/\/schema.org\",\"@graph\":[{\"@type\":\"Article\",\"@id\":\"https:\/\/www.ivanabeaumond.com.br\/vestidos-noiva\/pontos-turisticos-para-se-casar-no-rio-de-janeiro\/#article\",\"isPartOf\":{\"@id\":\"https:\/\/www.ivanabeaumond.com.br\/vestidos-noiva\/pontos-turisticos-para-se-casar-no-rio-de-janeiro\/\"},\"author\":{\"name\":\"Ivana Beaumond Paris\",\"@id\":\"https:\/\/www.ivanabeaumond.com.br\/vestidos-noiva\/#\/schema\/person\/1a360c4cffa3b806d29a456389dcff26\"},\"headline\":\"PONTOS TUR\u00cdSTICOS PARA SE CASAR NO RIO DE JANEIRO\",\"datePublished\":\"2021-09-17T17:33:48+00:00\",\"dateModified\":\"2021-09-17T17:33:51+00:00\",\"mainEntityOfPage\":{\"@id\":\"https:\/\/www.ivanabeaumond.com.br\/vestidos-noiva\/pontos-turisticos-para-se-casar-no-rio-de-janeiro\/\"},\"wordCount\":475,\"commentCount\":0,\"publisher\":{\"@id\":\"https:\/\/www.ivanabeaumond.com.br\/vestidos-noiva\/#organization\"},\"keywords\":[\"casamento\",\"CERIMONIA\",\"cerimonial de casamento\",\"dicasivanabeaumond\",\"ESPA\u00c7OPARACASAMENTO\",\"Eventos\",\"ivana beaumond\",\"madrinha\",\"NOIVASDORIODEJANEIRO\",\"RIODEJANEIRO\",\"vestido de noiva\",\"vestido de noiva rj\",\"wedding\"],\"articleSection\":[\"Blog\",\"Dicas e Truques\"],\"inLanguage\":\"pt-BR\",\"potentialAction\":[{\"@type\":\"CommentAction\",\"name\":\"Comment\",\"target\":[\"https:\/\/www.ivanabeaumond.com.br\/vestidos-noiva\/pontos-turisticos-para-se-casar-no-rio-de-janeiro\/#respond\"]}]},{\"@type\":\"WebPage\",\"@id\":\"https:\/\/www.ivanabeaumond.com.br\/vestidos-noiva\/pontos-turisticos-para-se-casar-no-rio-de-janeiro\/\",\"url\":\"https:\/\/www.ivanabeaumond.com.br\/vestidos-noiva\/pontos-turisticos-para-se-casar-no-rio-de-janeiro\/\",\"name\":\"PONTOS TUR\u00cdSTICOS PARA SE CASAR NO RIO DE JANEIRO - Vestido de Noiva RJ\",\"isPartOf\":{\"@id\":\"https:\/\/www.ivanabeaumond.com.br\/vestidos-noiva\/#website\"},\"datePublished\":\"2021-09-17T17:33:48+00:00\",\"dateModified\":\"2021-09-17T17:33:51+00:00\",\"breadcrumb\":{\"@id\":\"https:\/\/www.ivanabeaumond.com.br\/vestidos-noiva\/pontos-turisticos-para-se-casar-no-rio-de-janeiro\/#breadcrumb\"},\"inLanguage\":\"pt-BR\",\"potentialAction\":[{\"@type\":\"ReadAction\",\"target\":[\"https:\/\/www.ivanabeaumond.com.br\/vestidos-noiva\/pontos-turisticos-para-se-casar-no-rio-de-janeiro\/\"]}]},{\"@type\":\"BreadcrumbList\",\"@id\":\"https:\/\/www.ivanabeaumond.com.br\/vestidos-noiva\/pontos-turisticos-para-se-casar-no-rio-de-janeiro\/#breadcrumb\",\"itemListElement\":[{\"@type\":\"ListItem\",\"position\":1,\"name\":\"In\u00edcio\",\"item\":\"https:\/\/www.ivanabeaumond.com.br\/vestidos-noiva\/\"},{\"@type\":\"ListItem\",\"position\":2,\"name\":\"PONTOS TUR\u00cdSTICOS PARA SE CASAR NO RIO DE JANEIRO\"}]},{\"@type\":\"WebSite\",\"@id\":\"https:\/\/www.ivanabeaumond.com.br\/vestidos-noiva\/#website\",\"url\":\"https:\/\/www.ivanabeaumond.com.br\/vestidos-noiva\/\",\"name\":\"Vestido de Noiva RJ\",\"description\":\"Moda Noiva\",\"publisher\":{\"@id\":\"https:\/\/www.ivanabeaumond.com.br\/vestidos-noiva\/#organization\"},\"potentialAction\":[{\"@type\":\"SearchAction\",\"target\":{\"@type\":\"EntryPoint\",\"urlTemplate\":\"https:\/\/www.ivanabeaumond.com.br\/vestidos-noiva\/?s={search_term_string}\"},\"query-input\":\"required name=search_term_string\"}],\"inLanguage\":\"pt-BR\"},{\"@type\":\"Organization\",\"@id\":\"https:\/\/www.ivanabeaumond.com.br\/vestidos-noiva\/#organization\",\"name\":\"Vestido de Noiva RJ\",\"url\":\"https:\/\/www.ivanabeaumond.com.br\/vestidos-noiva\/\",\"logo\":{\"@type\":\"ImageObject\",\"inLanguage\":\"pt-BR\",\"@id\":\"https:\/\/www.ivanabeaumond.com.br\/vestidos-noiva\/#\/schema\/logo\/image\/\",\"url\":\"https:\/\/www.ivanabeaumond.com.br\/vestidos-noiva\/wp-content\/uploads\/2018\/02\/logo_ivana_beaumond-2.png\",\"contentUrl\":\"https:\/\/www.ivanabeaumond.com.br\/vestidos-noiva\/wp-content\/uploads\/2018\/02\/logo_ivana_beaumond-2.png\",\"width\":230,\"height\":112,\"caption\":\"Vestido de Noiva RJ\"},\"image\":{\"@id\":\"https:\/\/www.ivanabeaumond.com.br\/vestidos-noiva\/#\/schema\/logo\/image\/\"},\"sameAs\":[\"https:\/\/www.facebook.com\/ivana.beaumondnoivas\",\"https:\/\/www.instagram.com\/ivanabeaumond\/\",\"https:\/\/www.tiktok.com\/@ivanabeaumond\"]},{\"@type\":\"Person\",\"@id\":\"https:\/\/www.ivanabeaumond.com.br\/vestidos-noiva\/#\/schema\/person\/1a360c4cffa3b806d29a456389dcff26\",\"name\":\"Ivana Beaumond Paris\",\"image\":{\"@type\":\"ImageObject\",\"inLanguage\":\"pt-BR\",\"@id\":\"https:\/\/www.ivanabeaumond.com.br\/vestidos-noiva\/#\/schema\/person\/image\/\",\"url\":\"https:\/\/secure.gravatar.com\/avatar\/641f98db20b53ec937ceb641db4270b9?s=96&d=mm&r=g\",\"contentUrl\":\"https:\/\/secure.gravatar.com\/avatar\/641f98db20b53ec937ceb641db4270b9?s=96&d=mm&r=g\",\"caption\":\"Ivana Beaumond Paris\"},\"url\":\"https:\/\/www.ivanabeaumond.com.br\/vestidos-noiva\/author\/ivana\/\"}]}<\/script>\n<!-- \/ Yoast SEO plugin. -->","yoast_head_json":{"title":"PONTOS TUR\u00cdSTICOS PARA SE CASAR NO RIO DE JANEIRO - Vestido de Noiva RJ","robots":{"index":"index","follow":"follow","max-snippet":"max-snippet:-1","max-image-preview":"max-image-preview:large","max-video-preview":"max-video-preview:-1"},"canonical":"https:\/\/www.ivanabeaumond.com.br\/vestidos-noiva\/pontos-turisticos-para-se-casar-no-rio-de-janeiro\/","og_locale":"pt_BR","og_type":"article","og_title":"PONTOS TUR\u00cdSTICOS PARA SE CASAR NO RIO DE JANEIRO - Vestido de Noiva RJ","og_description":"Que o Rio de Janeiro \u00e9 lindo e contemplado por...","og_url":"https:\/\/www.ivanabeaumond.com.br\/vestidos-noiva\/pontos-turisticos-para-se-casar-no-rio-de-janeiro\/","og_site_name":"Vestido de Noiva RJ","article_publisher":"https:\/\/www.facebook.com\/ivana.beaumondnoivas","article_published_time":"2021-09-17T17:33:48+00:00","article_modified_time":"2021-09-17T17:33:51+00:00","og_image":[{"width":564,"height":376,"url":"https:\/\/www.ivanabeaumond.com.br\/vestidos-noiva\/wp-content\/uploads\/2021\/09\/7058503ca596355323931f5009b22586.jpg","type":"image\/jpeg"}],"author":"Ivana Beaumond Paris","twitter_card":"summary_large_image","twitter_misc":{"Escrito por":"Ivana Beaumond Paris","Est. tempo de leitura":"2 minutos"},"schema":{"@context":"https:\/\/schema.org","@graph":[{"@type":"Article","@id":"https:\/\/www.ivanabeaumond.com.br\/vestidos-noiva\/pontos-turisticos-para-se-casar-no-rio-de-janeiro\/#article","isPartOf":{"@id":"https:\/\/www.ivanabeaumond.com.br\/vestidos-noiva\/pontos-turisticos-para-se-casar-no-rio-de-janeiro\/"},"author":{"name":"Ivana Beaumond Paris","@id":"https:\/\/www.ivanabeaumond.com.br\/vestidos-noiva\/#\/schema\/person\/1a360c4cffa3b806d29a456389dcff26"},"headline":"PONTOS TUR\u00cdSTICOS PARA SE CASAR NO RIO DE JANEIRO","datePublished":"2021-09-17T17:33:48+00:00","dateModified":"2021-09-17T17:33:51+00:00","mainEntityOfPage":{"@id":"https:\/\/www.ivanabeaumond.com.br\/vestidos-noiva\/pontos-turisticos-para-se-casar-no-rio-de-janeiro\/"},"wordCount":475,"commentCount":0,"publisher":{"@id":"https:\/\/www.ivanabeaumond.com.br\/vestidos-noiva\/#organization"},"keywords":["casamento","CERIMONIA","cerimonial de casamento","dicasivanabeaumond","ESPA\u00c7OPARACASAMENTO","Eventos","ivana beaumond","madrinha","NOIVASDORIODEJANEIRO","RIODEJANEIRO","vestido de noiva","vestido de noiva rj","wedding"],"articleSection":["Blog","Dicas e Truques"],"inLanguage":"pt-BR","potentialAction":[{"@type":"CommentAction","name":"Comment","target":["https:\/\/www.ivanabeaumond.com.br\/vestidos-noiva\/pontos-turisticos-para-se-casar-no-rio-de-janeiro\/#respond"]}]},{"@type":"WebPage","@id":"https:\/\/www.ivanabeaumond.com.br\/vestidos-noiva\/pontos-turisticos-para-se-casar-no-rio-de-janeiro\/","url":"https:\/\/www.ivanabeaumond.com.br\/vestidos-noiva\/pontos-turisticos-para-se-casar-no-rio-de-janeiro\/","name":"PONTOS TUR\u00cdSTICOS PARA SE CASAR NO RIO DE JANEIRO - Vestido de Noiva RJ","isPartOf":{"@id":"https:\/\/www.ivanabeaumond.com.br\/vestidos-noiva\/#website"},"datePublished":"2021-09-17T17:33:48+00:00","dateModified":"2021-09-17T17:33:51+00:00","breadcrumb":{"@id":"https:\/\/www.ivanabeaumond.com.br\/vestidos-noiva\/pontos-turisticos-para-se-casar-no-rio-de-janeiro\/#breadcrumb"},"inLanguage":"pt-BR","potentialAction":[{"@type":"ReadAction","target":["https:\/\/www.ivanabeaumond.com.br\/vestidos-noiva\/pontos-turisticos-para-se-casar-no-rio-de-janeiro\/"]}]},{"@type":"BreadcrumbList","@id":"https:\/\/www.ivanabeaumond.com.br\/vestidos-noiva\/pontos-turisticos-para-se-casar-no-rio-de-janeiro\/#breadcrumb","itemListElement":[{"@type":"ListItem","position":1,"name":"In\u00edcio","item":"https:\/\/www.ivanabeaumond.com.br\/vestidos-noiva\/"},{"@type":"ListItem","position":2,"name":"PONTOS TUR\u00cdSTICOS PARA SE CASAR NO RIO DE JANEIRO"}]},{"@type":"WebSite","@id":"https:\/\/www.ivanabeaumond.com.br\/vestidos-noiva\/#website","url":"https:\/\/www.ivanabeaumond.com.br\/vestidos-noiva\/","name":"Vestido de Noiva RJ","description":"Moda Noiva","publisher":{"@id":"https:\/\/www.ivanabeaumond.com.br\/vestidos-noiva\/#organization"},"potentialAction":[{"@type":"SearchAction","target":{"@type":"EntryPoint","urlTemplate":"https:\/\/www.ivanabeaumond.com.br\/vestidos-noiva\/?s={search_term_string}"},"query-input":"required name=search_term_string"}],"inLanguage":"pt-BR"},{"@type":"Organization","@id":"https:\/\/www.ivanabeaumond.com.br\/vestidos-noiva\/#organization","name":"Vestido de Noiva RJ","url":"https:\/\/www.ivanabeaumond.com.br\/vestidos-noiva\/","logo":{"@type":"ImageObject","inLanguage":"pt-BR","@id":"https:\/\/www.ivanabeaumond.com.br\/vestidos-noiva\/#\/schema\/logo\/image\/","url":"https:\/\/www.ivanabeaumond.com.br\/vestidos-noiva\/wp-content\/uploads\/2018\/02\/logo_ivana_beaumond-2.png","contentUrl":"https:\/\/www.ivanabeaumond.com.br\/vestidos-noiva\/wp-content\/uploads\/2018\/02\/logo_ivana_beaumond-2.png","width":230,"height":112,"caption":"Vestido de Noiva RJ"},"image":{"@id":"https:\/\/www.ivanabeaumond.com.br\/vestidos-noiva\/#\/schema\/logo\/image\/"},"sameAs":["https:\/\/www.facebook.com\/ivana.beaumondnoivas","https:\/\/www.instagram.com\/ivanabeaumond\/","https:\/\/www.tiktok.com\/@ivanabeaumond"]},{"@type":"Person","@id":"https:\/\/www.ivanabeaumond.com.br\/vestidos-noiva\/#\/schema\/person\/1a360c4cffa3b806d29a456389dcff26","name":"Ivana Beaumond Paris","image":{"@type":"ImageObject","inLanguage":"pt-BR","@id":"https:\/\/www.ivanabeaumond.com.br\/vestidos-noiva\/#\/schema\/person\/image\/","url":"https:\/\/secure.gravatar.com\/avatar\/641f98db20b53ec937ceb641db4270b9?s=96&d=mm&r=g","contentUrl":"https:\/\/secure.gravatar.com\/avatar\/641f98db20b53ec937ceb641db4270b9?s=96&d=mm&r=g","caption":"Ivana Beaumond Paris"},"url":"https:\/\/www.ivanabeaumond.com.br\/vestidos-noiva\/author\/ivana\/"}]}},"_links":{"self":[{"href":"https:\/\/www.ivanabeaumond.com.br\/vestidos-noiva\/wp-json\/wp\/v2\/posts\/28541"}],"collection":[{"href":"https:\/\/www.ivanabeaumond.com.br\/vestidos-noiva\/wp-json\/wp\/v2\/posts"}],"about":[{"href":"https:\/\/www.ivanabeaumond.com.br\/vestidos-noiva\/wp-json\/wp\/v2\/types\/post"}],"author":[{"embeddable":true,"href":"https:\/\/www.ivanabeaumond.com.br\/vestidos-noiva\/wp-json\/wp\/v2\/users\/4"}],"replies":[{"embeddable":true,"href":"https:\/\/www.ivanabeaumond.com.br\/vestidos-noiva\/wp-json\/wp\/v2\/comments?post=28541"}],"version-history":[{"count":3,"href":"https:\/\/www.ivanabeaumond.com.br\/vestidos-noiva\/wp-json\/wp\/v2\/posts\/28541\/revisions"}],"predecessor-version":[{"id":28549,"href":"https:\/\/www.ivanabeaumond.com.br\/vestidos-noiva\/wp-json\/wp\/v2\/posts\/28541\/revisions\/28549"}],"wp:featuredmedia":[{"embeddable":true,"href":"https:\/\/www.ivanabeaumond.com.br\/vestidos-noiva\/wp-json\/wp\/v2\/media\/28543"}],"wp:attachment":[{"href":"https:\/\/www.ivanabeaumond.com.br\/vestidos-noiva\/wp-json\/wp\/v2\/media?parent=28541"}],"wp:term":[{"taxonomy":"category","embeddable":true,"href":"https:\/\/www.ivanabeaumond.com.br\/vestidos-noiva\/wp-json\/wp\/v2\/categories?post=28541"},{"taxonomy":"post_tag","embeddable":true,"href":"https:\/\/www.ivanabeaumond.com.br\/vestidos-noiva\/wp-json\/wp\/v2\/tags?post=28541"}],"curies":[{"name":"wp","href":"https:\/\/api.w.org\/{rel}","templated":true}]}}