{"id":28692,"date":"2021-11-12T16:09:04","date_gmt":"2021-11-12T19:09:04","guid":{"rendered":"https:\/\/www.ivanabeaumond.com.br\/vestidos-noiva\/?p=28692"},"modified":"2021-11-12T16:09:07","modified_gmt":"2021-11-12T19:09:07","slug":"cor-da-juliette-fucsia-para-as-madrinhas","status":"publish","type":"post","link":"https:\/\/www.ivanabeaumond.com.br\/vestidos-noiva\/cor-da-juliette-fucsia-para-as-madrinhas\/","title":{"rendered":"COR DA JULIETTE: F\u00daCSIA PARA AS MADRINHAS"},"content":{"rendered":"\n<h4 class=\"wp-block-heading\">Uma mistura entre roxo e vermelho, uma esp\u00e9cie de roxo-rosado que conquistou o Brasil em 2021. A f\u00facsia se tornou a queridinha das brasileiras ao se popularizar quando Juliette, ent\u00e3o participante do Big Brother Brasil, come\u00e7ou a usar pe\u00e7as desta tonalidade na casa.<\/h4>\n\n\n\n<div style=\"height:15px\" aria-hidden=\"true\" class=\"wp-block-spacer\"><\/div>\n\n\n\n<h4 class=\"wp-block-heading\">Ainda assim, al\u00e9m de sua fama repentina junto com a celebridade, o tom ganhou ares de estrela na moda nacional. E mais do que isso: pode ser a cor predominante das festas de casamento, ganhando destaque nos acess\u00f3rios, na decora\u00e7\u00e3o e nos vestidos das madrinhas.<\/h4>\n\n\n\n<div style=\"height:15px\" aria-hidden=\"true\" class=\"wp-block-spacer\"><\/div>\n\n\n\n<h4 class=\"wp-block-heading\">Duvida? Acompanhe agora mesmo uma lista com alguns modelos que t\u00eam se destacado na internet, escolha o seu preferido e reproduza o traje dos seus sonhos com a ajuda dos estilistas do Ateli\u00ea Ivana Beaumond<\/h4>\n\n\n\n<div style=\"height:15px\" aria-hidden=\"true\" class=\"wp-block-spacer\"><\/div>\n\n\n\n<h2 class=\"wp-block-heading\"><strong>1. Modelo sensual<\/strong><\/h2>\n\n\n\n<div style=\"height:10px\" aria-hidden=\"true\" class=\"wp-block-spacer\"><\/div>\n\n\n\n<h4 class=\"wp-block-heading\">Este modelo com a fenda na coxa \u00e9 ideal para as madrinhas mais ousadas, que querem se sentir poderosas e, quem sabe, conquistar o seu par no evento.<\/h4>\n\n\n\n<div style=\"height:15px\" aria-hidden=\"true\" class=\"wp-block-spacer\"><\/div>\n\n\n\n<h4 class=\"wp-block-heading\">Irreverente e sensual, ele possibilita que voc\u00ea valorize suas curvas e ainda tem um caimento que se ad\u00e9qua perfeitamente aos corpos ampulheta ou pera.<\/h4>\n\n\n\n<div style=\"height:15px\" aria-hidden=\"true\" class=\"wp-block-spacer\"><\/div>\n\n\n\n<div class=\"wp-block-image\"><figure class=\"aligncenter size-large\"><a href=\"https:\/\/www.ivanabeaumond.com.br\/vestidos-noiva\/wp-content\/uploads\/2021\/11\/FUCSIA-1.jpg\"><img decoding=\"async\" loading=\"lazy\" width=\"660\" height=\"1024\" src=\"https:\/\/www.ivanabeaumond.com.br\/vestidos-noiva\/wp-content\/uploads\/2021\/11\/FUCSIA-1-660x1024.jpg\" alt=\"\" class=\"wp-image-28693\" srcset=\"https:\/\/www.ivanabeaumond.com.br\/vestidos-noiva\/wp-content\/uploads\/2021\/11\/FUCSIA-1-660x1024.jpg 660w, https:\/\/www.ivanabeaumond.com.br\/vestidos-noiva\/wp-content\/uploads\/2021\/11\/FUCSIA-1-193x300.jpg 193w, https:\/\/www.ivanabeaumond.com.br\/vestidos-noiva\/wp-content\/uploads\/2021\/11\/FUCSIA-1.jpg 750w\" sizes=\"(max-width: 660px) 100vw, 660px\" \/><\/a><\/figure><\/div>\n\n\n\n<div style=\"height:15px\" aria-hidden=\"true\" class=\"wp-block-spacer\"><\/div>\n\n\n\n<h2 class=\"wp-block-heading\"><strong>2. Modelo moderno<\/strong><\/h2>\n\n\n\n<div style=\"height:15px\" aria-hidden=\"true\" class=\"wp-block-spacer\"><\/div>\n\n\n\n<h4 class=\"wp-block-heading\">Este vestido possui uma pegada exc\u00eantrica, especialmente pelo recorte na barriga e pelas mangas largas, que d\u00e3o um ar bufante \u00e0 toda a produ\u00e7\u00e3o.<\/h4>\n\n\n\n<div style=\"height:15px\" aria-hidden=\"true\" class=\"wp-block-spacer\"><\/div>\n\n\n\n<h4 class=\"wp-block-heading\">Como sua ponta conta com uma assimetria, o comprimento varia entre longo e m\u00e9dio, se adequando muito bem \u00e0 ocasi\u00e3o e trazendo uma pitada de informalidade.<\/h4>\n\n\n\n<div style=\"height:15px\" aria-hidden=\"true\" class=\"wp-block-spacer\"><\/div>\n\n\n\n<div class=\"wp-block-image\"><figure class=\"aligncenter size-large\"><a href=\"https:\/\/www.ivanabeaumond.com.br\/vestidos-noiva\/wp-content\/uploads\/2021\/11\/FUCSIA-2.jpg\"><img decoding=\"async\" loading=\"lazy\" width=\"686\" height=\"1024\" src=\"https:\/\/www.ivanabeaumond.com.br\/vestidos-noiva\/wp-content\/uploads\/2021\/11\/FUCSIA-2-686x1024.jpg\" alt=\"\" class=\"wp-image-28694\" srcset=\"https:\/\/www.ivanabeaumond.com.br\/vestidos-noiva\/wp-content\/uploads\/2021\/11\/FUCSIA-2-686x1024.jpg 686w, https:\/\/www.ivanabeaumond.com.br\/vestidos-noiva\/wp-content\/uploads\/2021\/11\/FUCSIA-2-201x300.jpg 201w, https:\/\/www.ivanabeaumond.com.br\/vestidos-noiva\/wp-content\/uploads\/2021\/11\/FUCSIA-2-768x1146.jpg 768w, https:\/\/www.ivanabeaumond.com.br\/vestidos-noiva\/wp-content\/uploads\/2021\/11\/FUCSIA-2-1029x1536.jpg 1029w, https:\/\/www.ivanabeaumond.com.br\/vestidos-noiva\/wp-content\/uploads\/2021\/11\/FUCSIA-2.jpg 1200w\" sizes=\"(max-width: 686px) 100vw, 686px\" \/><\/a><\/figure><\/div>\n\n\n\n<div style=\"height:15px\" aria-hidden=\"true\" class=\"wp-block-spacer\"><\/div>\n\n\n\n<h2 class=\"wp-block-heading\"><strong>3. Modelo rom\u00e2ntico<\/strong><\/h2>\n\n\n\n<div style=\"height:15px\" aria-hidden=\"true\" class=\"wp-block-spacer\"><\/div>\n\n\n\n<h4 class=\"wp-block-heading\">Sinta-se como uma verdadeira deusa grega.<\/h4>\n\n\n\n<div style=\"height:15px\" aria-hidden=\"true\" class=\"wp-block-spacer\"><\/div>\n\n\n\n<h4 class=\"wp-block-heading\">Este modelo, al\u00e9m de cl\u00e1ssico, conta com um tom de romantismo assinado pela suavidade do tecido e pela forma como recai sobre o corpo.<\/h4>\n\n\n\n<div style=\"height:15px\" aria-hidden=\"true\" class=\"wp-block-spacer\"><\/div>\n\n\n\n<h4 class=\"wp-block-heading\">A amarra\u00e7\u00e3o na cintura \u00e9 outro ponto importante de destaque, o que pode ser uma op\u00e7\u00e3o excelente para as mulheres que querem disfar\u00e7ar o sobrepeso.<\/h4>\n\n\n\n<div style=\"height:15px\" aria-hidden=\"true\" class=\"wp-block-spacer\"><\/div>\n\n\n\n<div class=\"wp-block-image\"><figure class=\"aligncenter size-large\"><a href=\"https:\/\/www.ivanabeaumond.com.br\/vestidos-noiva\/wp-content\/uploads\/2021\/11\/FUCSIA-3.jpg\"><img decoding=\"async\" loading=\"lazy\" width=\"560\" height=\"840\" src=\"https:\/\/www.ivanabeaumond.com.br\/vestidos-noiva\/wp-content\/uploads\/2021\/11\/FUCSIA-3.jpg\" alt=\"\" class=\"wp-image-28695\" srcset=\"https:\/\/www.ivanabeaumond.com.br\/vestidos-noiva\/wp-content\/uploads\/2021\/11\/FUCSIA-3.jpg 560w, https:\/\/www.ivanabeaumond.com.br\/vestidos-noiva\/wp-content\/uploads\/2021\/11\/FUCSIA-3-200x300.jpg 200w\" sizes=\"(max-width: 560px) 100vw, 560px\" \/><\/a><\/figure><\/div>\n\n\n\n<div style=\"height:15px\" aria-hidden=\"true\" class=\"wp-block-spacer\"><\/div>\n\n\n\n<h2 class=\"wp-block-heading\"><strong>4. Modelo elegante<\/strong><\/h2>\n\n\n\n<div style=\"height:15px\" aria-hidden=\"true\" class=\"wp-block-spacer\"><\/div>\n\n\n\n<h4 class=\"wp-block-heading\">Com um corte cl\u00e1ssico e mais reto, este vestido \u00e9 para as madrinhas que gostam de pe\u00e7as de alfaiataria e mais elegantes.<\/h4>\n\n\n\n<div style=\"height:15px\" aria-hidden=\"true\" class=\"wp-block-spacer\"><\/div>\n\n\n\n<h4 class=\"wp-block-heading\">Apesar de serem mais simples em sua est\u00e9tica, eles podem ser facilmente complementados com diversas joias e acess\u00f3rios, especialmente os que valorizam o colo. Vale a pena!<\/h4>\n\n\n\n<div style=\"height:15px\" aria-hidden=\"true\" class=\"wp-block-spacer\"><\/div>\n\n\n\n<h4 class=\"wp-block-heading\">Agora que voc\u00ea conhece, pelo menos, quatro modelos poderosos que ornam com a sua personalidade, que tal agendar uma visita ao nosso ateli\u00ea e se apaixonar?<\/h4>\n\n\n\n<div style=\"height:15px\" aria-hidden=\"true\" class=\"wp-block-spacer\"><\/div>\n\n\n\n<div class=\"wp-block-image\"><figure class=\"aligncenter size-large\"><a href=\"https:\/\/www.ivanabeaumond.com.br\/vestidos-noiva\/wp-content\/uploads\/2021\/11\/FUCSIA-4.jpg\"><img decoding=\"async\" loading=\"lazy\" width=\"560\" height=\"840\" src=\"https:\/\/www.ivanabeaumond.com.br\/vestidos-noiva\/wp-content\/uploads\/2021\/11\/FUCSIA-4.jpg\" alt=\"\" class=\"wp-image-28696\" srcset=\"https:\/\/www.ivanabeaumond.com.br\/vestidos-noiva\/wp-content\/uploads\/2021\/11\/FUCSIA-4.jpg 560w, https:\/\/www.ivanabeaumond.com.br\/vestidos-noiva\/wp-content\/uploads\/2021\/11\/FUCSIA-4-200x300.jpg 200w\" sizes=\"(max-width: 560px) 100vw, 560px\" \/><\/a><\/figure><\/div>\n\n\n\n<div style=\"height:15px\" aria-hidden=\"true\" class=\"wp-block-spacer\"><\/div>\n\n\n\n<h2 class=\"wp-block-heading\"><strong>5. Dica extra: refer\u00eancia famosa!<\/strong><\/h2>\n\n\n\n<div style=\"height:15px\" aria-hidden=\"true\" class=\"wp-block-spacer\"><\/div>\n\n\n\n<div class=\"wp-block-image\"><figure class=\"aligncenter size-large\"><a href=\"https:\/\/www.ivanabeaumond.com.br\/vestidos-noiva\/wp-content\/uploads\/2021\/11\/FUCSIA-5.jpg\"><img decoding=\"async\" loading=\"lazy\" width=\"600\" height=\"1024\" src=\"https:\/\/www.ivanabeaumond.com.br\/vestidos-noiva\/wp-content\/uploads\/2021\/11\/FUCSIA-5-600x1024.jpg\" alt=\"\" class=\"wp-image-28698\" srcset=\"https:\/\/www.ivanabeaumond.com.br\/vestidos-noiva\/wp-content\/uploads\/2021\/11\/FUCSIA-5-600x1024.jpg 600w, https:\/\/www.ivanabeaumond.com.br\/vestidos-noiva\/wp-content\/uploads\/2021\/11\/FUCSIA-5-176x300.jpg 176w, https:\/\/www.ivanabeaumond.com.br\/vestidos-noiva\/wp-content\/uploads\/2021\/11\/FUCSIA-5.jpg 634w\" sizes=\"(max-width: 600px) 100vw, 600px\" \/><\/a><\/figure><\/div>\n\n\n\n<div style=\"height:15px\" aria-hidden=\"true\" class=\"wp-block-spacer\"><\/div>\n\n\n\n<h4 class=\"wp-block-heading\">Se voc\u00ea ainda tem d\u00favidas sobre a tonalidade, a personalidade brit\u00e2nica Millie Mackintosh prova que \u00e9 poss\u00edvel investir na f\u00facsia e continuar poderosa, requintada e, claro, feminina.<\/h4>\n\n\n\n<div style=\"height:15px\" aria-hidden=\"true\" class=\"wp-block-spacer\"><\/div>\n\n\n\n<h4 class=\"wp-block-heading\">Com um modelo que apela para um decote profundo e investindo em assimetrias nas pontas, a celebridade fez sua aposta e se consagrou em um evento repleto de glamour.<\/h4>\n\n\n\n<div style=\"height:15px\" aria-hidden=\"true\" class=\"wp-block-spacer\"><\/div>\n\n\n\n<h3 class=\"wp-block-heading\"><strong>Agora voc\u00ea confia?<\/strong><\/h3>\n\n\n\n<div style=\"height:15px\" aria-hidden=\"true\" class=\"wp-block-spacer\"><\/div>\n\n\n\n<h4 class=\"wp-block-heading\">Na Ivana Beaumond Paris, voc\u00ea encontra trajes para todas as ocasi\u00f5es, inclusive para o casamento em que ser\u00e1 madrinha. Basta desvendar todas as op\u00e7\u00f5es dispon\u00edveis ou, at\u00e9 mesmo, levar uma refer\u00eancia que combine com o seu estilo de ser e vestir.<\/h4>\n\n\n\n<div style=\"height:15px\" aria-hidden=\"true\" class=\"wp-block-spacer\"><\/div>\n\n\n\n<h4 class=\"wp-block-heading\">N\u00e3o perca tempo. Envie esse artigo para as demais madrinhas do seu grupo e garanta que todas estejam fabulosas em um dia que, sem d\u00favidas, ser\u00e1 inesquec\u00edvel. Esperamos por voc\u00ea!<\/h4>\n","protected":false},"excerpt":{"rendered":"<p>Uma mistura entre roxo e vermelho, uma esp\u00e9cie de roxo-rosado&#8230;<\/p>\n","protected":false},"author":4,"featured_media":28699,"comment_status":"open","ping_status":"open","sticky":false,"template":"","format":"standard","meta":[],"categories":[60,127],"tags":[695,133,651,1259,1450,1375,1152,1447,1452,107,1451,1449,1448,1443],"yoast_head":"<!-- This site is optimized with the Yoast SEO plugin v20.3 - https:\/\/yoast.com\/wordpress\/plugins\/seo\/ -->\n<title>COR DA JULIETTE: F\u00daCSIA PARA AS MADRINHAS - Vestido de Noiva RJ<\/title>\n<meta name=\"robots\" content=\"index, follow, max-snippet:-1, max-image-preview:large, max-video-preview:-1\" \/>\n<link rel=\"canonical\" href=\"https:\/\/www.ivanabeaumond.com.br\/vestidos-noiva\/cor-da-juliette-fucsia-para-as-madrinhas\/\" \/>\n<meta property=\"og:locale\" content=\"pt_BR\" \/>\n<meta property=\"og:type\" content=\"article\" \/>\n<meta property=\"og:title\" content=\"COR DA JULIETTE: F\u00daCSIA PARA AS MADRINHAS - Vestido de Noiva RJ\" \/>\n<meta property=\"og:description\" content=\"Uma mistura entre roxo e vermelho, uma esp\u00e9cie de roxo-rosado...\" \/>\n<meta property=\"og:url\" content=\"https:\/\/www.ivanabeaumond.com.br\/vestidos-noiva\/cor-da-juliette-fucsia-para-as-madrinhas\/\" \/>\n<meta property=\"og:site_name\" content=\"Vestido de Noiva RJ\" \/>\n<meta property=\"article:publisher\" content=\"https:\/\/www.facebook.com\/ivana.beaumondnoivas\" \/>\n<meta property=\"article:published_time\" content=\"2021-11-12T19:09:04+00:00\" \/>\n<meta property=\"article:modified_time\" content=\"2021-11-12T19:09:07+00:00\" \/>\n<meta property=\"og:image\" content=\"https:\/\/www.ivanabeaumond.com.br\/vestidos-noiva\/wp-content\/uploads\/2021\/11\/tecido-cetim-charmousse-cor-fucsia-15148_1_2500.jpg\" \/>\n\t<meta property=\"og:image:width\" content=\"1000\" \/>\n\t<meta property=\"og:image:height\" content=\"1000\" \/>\n\t<meta property=\"og:image:type\" content=\"image\/jpeg\" \/>\n<meta name=\"author\" content=\"Ivana Beaumond Paris\" \/>\n<meta name=\"twitter:card\" content=\"summary_large_image\" \/>\n<meta name=\"twitter:label1\" content=\"Escrito por\" \/>\n\t<meta name=\"twitter:data1\" content=\"Ivana Beaumond Paris\" \/>\n\t<meta name=\"twitter:label2\" content=\"Est. tempo de leitura\" \/>\n\t<meta name=\"twitter:data2\" content=\"3 minutos\" \/>\n<script type=\"application\/ld+json\" class=\"yoast-schema-graph\">{\"@context\":\"https:\/\/schema.org\",\"@graph\":[{\"@type\":\"Article\",\"@id\":\"https:\/\/www.ivanabeaumond.com.br\/vestidos-noiva\/cor-da-juliette-fucsia-para-as-madrinhas\/#article\",\"isPartOf\":{\"@id\":\"https:\/\/www.ivanabeaumond.com.br\/vestidos-noiva\/cor-da-juliette-fucsia-para-as-madrinhas\/\"},\"author\":{\"name\":\"Ivana Beaumond Paris\",\"@id\":\"https:\/\/www.ivanabeaumond.com.br\/vestidos-noiva\/#\/schema\/person\/1a360c4cffa3b806d29a456389dcff26\"},\"headline\":\"COR DA JULIETTE: F\u00daCSIA PARA AS MADRINHAS\",\"datePublished\":\"2021-11-12T19:09:04+00:00\",\"dateModified\":\"2021-11-12T19:09:07+00:00\",\"mainEntityOfPage\":{\"@id\":\"https:\/\/www.ivanabeaumond.com.br\/vestidos-noiva\/cor-da-juliette-fucsia-para-as-madrinhas\/\"},\"wordCount\":535,\"commentCount\":0,\"publisher\":{\"@id\":\"https:\/\/www.ivanabeaumond.com.br\/vestidos-noiva\/#organization\"},\"keywords\":[\"atelier ivana beaumond paris\",\"atelierivanabeaumond\",\"casamentos\",\"cores\",\"corfucsia\",\"dicasivana\",\"formandas\",\"fucsia\",\"ivana2022\",\"ivanabeaumond\",\"juliete\",\"vestidoformatura\",\"vestidoparamadrinhas\",\"vestidosdenoivarj\"],\"articleSection\":[\"Blog\",\"Dicas e Truques\"],\"inLanguage\":\"pt-BR\",\"potentialAction\":[{\"@type\":\"CommentAction\",\"name\":\"Comment\",\"target\":[\"https:\/\/www.ivanabeaumond.com.br\/vestidos-noiva\/cor-da-juliette-fucsia-para-as-madrinhas\/#respond\"]}]},{\"@type\":\"WebPage\",\"@id\":\"https:\/\/www.ivanabeaumond.com.br\/vestidos-noiva\/cor-da-juliette-fucsia-para-as-madrinhas\/\",\"url\":\"https:\/\/www.ivanabeaumond.com.br\/vestidos-noiva\/cor-da-juliette-fucsia-para-as-madrinhas\/\",\"name\":\"COR DA JULIETTE: F\u00daCSIA PARA AS MADRINHAS - Vestido de Noiva RJ\",\"isPartOf\":{\"@id\":\"https:\/\/www.ivanabeaumond.com.br\/vestidos-noiva\/#website\"},\"datePublished\":\"2021-11-12T19:09:04+00:00\",\"dateModified\":\"2021-11-12T19:09:07+00:00\",\"breadcrumb\":{\"@id\":\"https:\/\/www.ivanabeaumond.com.br\/vestidos-noiva\/cor-da-juliette-fucsia-para-as-madrinhas\/#breadcrumb\"},\"inLanguage\":\"pt-BR\",\"potentialAction\":[{\"@type\":\"ReadAction\",\"target\":[\"https:\/\/www.ivanabeaumond.com.br\/vestidos-noiva\/cor-da-juliette-fucsia-para-as-madrinhas\/\"]}]},{\"@type\":\"BreadcrumbList\",\"@id\":\"https:\/\/www.ivanabeaumond.com.br\/vestidos-noiva\/cor-da-juliette-fucsia-para-as-madrinhas\/#breadcrumb\",\"itemListElement\":[{\"@type\":\"ListItem\",\"position\":1,\"name\":\"In\u00edcio\",\"item\":\"https:\/\/www.ivanabeaumond.com.br\/vestidos-noiva\/\"},{\"@type\":\"ListItem\",\"position\":2,\"name\":\"COR DA JULIETTE: F\u00daCSIA PARA AS MADRINHAS\"}]},{\"@type\":\"WebSite\",\"@id\":\"https:\/\/www.ivanabeaumond.com.br\/vestidos-noiva\/#website\",\"url\":\"https:\/\/www.ivanabeaumond.com.br\/vestidos-noiva\/\",\"name\":\"Vestido de Noiva RJ\",\"description\":\"Moda Noiva\",\"publisher\":{\"@id\":\"https:\/\/www.ivanabeaumond.com.br\/vestidos-noiva\/#organization\"},\"potentialAction\":[{\"@type\":\"SearchAction\",\"target\":{\"@type\":\"EntryPoint\",\"urlTemplate\":\"https:\/\/www.ivanabeaumond.com.br\/vestidos-noiva\/?s={search_term_string}\"},\"query-input\":\"required name=search_term_string\"}],\"inLanguage\":\"pt-BR\"},{\"@type\":\"Organization\",\"@id\":\"https:\/\/www.ivanabeaumond.com.br\/vestidos-noiva\/#organization\",\"name\":\"Vestido de Noiva RJ\",\"url\":\"https:\/\/www.ivanabeaumond.com.br\/vestidos-noiva\/\",\"logo\":{\"@type\":\"ImageObject\",\"inLanguage\":\"pt-BR\",\"@id\":\"https:\/\/www.ivanabeaumond.com.br\/vestidos-noiva\/#\/schema\/logo\/image\/\",\"url\":\"https:\/\/www.ivanabeaumond.com.br\/vestidos-noiva\/wp-content\/uploads\/2018\/02\/logo_ivana_beaumond-2.png\",\"contentUrl\":\"https:\/\/www.ivanabeaumond.com.br\/vestidos-noiva\/wp-content\/uploads\/2018\/02\/logo_ivana_beaumond-2.png\",\"width\":230,\"height\":112,\"caption\":\"Vestido de Noiva RJ\"},\"image\":{\"@id\":\"https:\/\/www.ivanabeaumond.com.br\/vestidos-noiva\/#\/schema\/logo\/image\/\"},\"sameAs\":[\"https:\/\/www.facebook.com\/ivana.beaumondnoivas\",\"https:\/\/www.instagram.com\/ivanabeaumond\/\",\"https:\/\/www.tiktok.com\/@ivanabeaumond\"]},{\"@type\":\"Person\",\"@id\":\"https:\/\/www.ivanabeaumond.com.br\/vestidos-noiva\/#\/schema\/person\/1a360c4cffa3b806d29a456389dcff26\",\"name\":\"Ivana Beaumond Paris\",\"image\":{\"@type\":\"ImageObject\",\"inLanguage\":\"pt-BR\",\"@id\":\"https:\/\/www.ivanabeaumond.com.br\/vestidos-noiva\/#\/schema\/person\/image\/\",\"url\":\"https:\/\/secure.gravatar.com\/avatar\/641f98db20b53ec937ceb641db4270b9?s=96&d=mm&r=g\",\"contentUrl\":\"https:\/\/secure.gravatar.com\/avatar\/641f98db20b53ec937ceb641db4270b9?s=96&d=mm&r=g\",\"caption\":\"Ivana Beaumond Paris\"},\"url\":\"https:\/\/www.ivanabeaumond.com.br\/vestidos-noiva\/author\/ivana\/\"}]}<\/script>\n<!-- \/ Yoast SEO plugin. -->","yoast_head_json":{"title":"COR DA JULIETTE: F\u00daCSIA PARA AS MADRINHAS - Vestido de Noiva RJ","robots":{"index":"index","follow":"follow","max-snippet":"max-snippet:-1","max-image-preview":"max-image-preview:large","max-video-preview":"max-video-preview:-1"},"canonical":"https:\/\/www.ivanabeaumond.com.br\/vestidos-noiva\/cor-da-juliette-fucsia-para-as-madrinhas\/","og_locale":"pt_BR","og_type":"article","og_title":"COR DA JULIETTE: F\u00daCSIA PARA AS MADRINHAS - Vestido de Noiva RJ","og_description":"Uma mistura entre roxo e vermelho, uma esp\u00e9cie de roxo-rosado...","og_url":"https:\/\/www.ivanabeaumond.com.br\/vestidos-noiva\/cor-da-juliette-fucsia-para-as-madrinhas\/","og_site_name":"Vestido de Noiva RJ","article_publisher":"https:\/\/www.facebook.com\/ivana.beaumondnoivas","article_published_time":"2021-11-12T19:09:04+00:00","article_modified_time":"2021-11-12T19:09:07+00:00","og_image":[{"width":1000,"height":1000,"url":"https:\/\/www.ivanabeaumond.com.br\/vestidos-noiva\/wp-content\/uploads\/2021\/11\/tecido-cetim-charmousse-cor-fucsia-15148_1_2500.jpg","type":"image\/jpeg"}],"author":"Ivana Beaumond Paris","twitter_card":"summary_large_image","twitter_misc":{"Escrito por":"Ivana Beaumond Paris","Est. tempo de leitura":"3 minutos"},"schema":{"@context":"https:\/\/schema.org","@graph":[{"@type":"Article","@id":"https:\/\/www.ivanabeaumond.com.br\/vestidos-noiva\/cor-da-juliette-fucsia-para-as-madrinhas\/#article","isPartOf":{"@id":"https:\/\/www.ivanabeaumond.com.br\/vestidos-noiva\/cor-da-juliette-fucsia-para-as-madrinhas\/"},"author":{"name":"Ivana Beaumond Paris","@id":"https:\/\/www.ivanabeaumond.com.br\/vestidos-noiva\/#\/schema\/person\/1a360c4cffa3b806d29a456389dcff26"},"headline":"COR DA JULIETTE: F\u00daCSIA PARA AS MADRINHAS","datePublished":"2021-11-12T19:09:04+00:00","dateModified":"2021-11-12T19:09:07+00:00","mainEntityOfPage":{"@id":"https:\/\/www.ivanabeaumond.com.br\/vestidos-noiva\/cor-da-juliette-fucsia-para-as-madrinhas\/"},"wordCount":535,"commentCount":0,"publisher":{"@id":"https:\/\/www.ivanabeaumond.com.br\/vestidos-noiva\/#organization"},"keywords":["atelier ivana beaumond paris","atelierivanabeaumond","casamentos","cores","corfucsia","dicasivana","formandas","fucsia","ivana2022","ivanabeaumond","juliete","vestidoformatura","vestidoparamadrinhas","vestidosdenoivarj"],"articleSection":["Blog","Dicas e Truques"],"inLanguage":"pt-BR","potentialAction":[{"@type":"CommentAction","name":"Comment","target":["https:\/\/www.ivanabeaumond.com.br\/vestidos-noiva\/cor-da-juliette-fucsia-para-as-madrinhas\/#respond"]}]},{"@type":"WebPage","@id":"https:\/\/www.ivanabeaumond.com.br\/vestidos-noiva\/cor-da-juliette-fucsia-para-as-madrinhas\/","url":"https:\/\/www.ivanabeaumond.com.br\/vestidos-noiva\/cor-da-juliette-fucsia-para-as-madrinhas\/","name":"COR DA JULIETTE: F\u00daCSIA PARA AS MADRINHAS - Vestido de Noiva RJ","isPartOf":{"@id":"https:\/\/www.ivanabeaumond.com.br\/vestidos-noiva\/#website"},"datePublished":"2021-11-12T19:09:04+00:00","dateModified":"2021-11-12T19:09:07+00:00","breadcrumb":{"@id":"https:\/\/www.ivanabeaumond.com.br\/vestidos-noiva\/cor-da-juliette-fucsia-para-as-madrinhas\/#breadcrumb"},"inLanguage":"pt-BR","potentialAction":[{"@type":"ReadAction","target":["https:\/\/www.ivanabeaumond.com.br\/vestidos-noiva\/cor-da-juliette-fucsia-para-as-madrinhas\/"]}]},{"@type":"BreadcrumbList","@id":"https:\/\/www.ivanabeaumond.com.br\/vestidos-noiva\/cor-da-juliette-fucsia-para-as-madrinhas\/#breadcrumb","itemListElement":[{"@type":"ListItem","position":1,"name":"In\u00edcio","item":"https:\/\/www.ivanabeaumond.com.br\/vestidos-noiva\/"},{"@type":"ListItem","position":2,"name":"COR DA JULIETTE: F\u00daCSIA PARA AS MADRINHAS"}]},{"@type":"WebSite","@id":"https:\/\/www.ivanabeaumond.com.br\/vestidos-noiva\/#website","url":"https:\/\/www.ivanabeaumond.com.br\/vestidos-noiva\/","name":"Vestido de Noiva RJ","description":"Moda Noiva","publisher":{"@id":"https:\/\/www.ivanabeaumond.com.br\/vestidos-noiva\/#organization"},"potentialAction":[{"@type":"SearchAction","target":{"@type":"EntryPoint","urlTemplate":"https:\/\/www.ivanabeaumond.com.br\/vestidos-noiva\/?s={search_term_string}"},"query-input":"required name=search_term_string"}],"inLanguage":"pt-BR"},{"@type":"Organization","@id":"https:\/\/www.ivanabeaumond.com.br\/vestidos-noiva\/#organization","name":"Vestido de Noiva RJ","url":"https:\/\/www.ivanabeaumond.com.br\/vestidos-noiva\/","logo":{"@type":"ImageObject","inLanguage":"pt-BR","@id":"https:\/\/www.ivanabeaumond.com.br\/vestidos-noiva\/#\/schema\/logo\/image\/","url":"https:\/\/www.ivanabeaumond.com.br\/vestidos-noiva\/wp-content\/uploads\/2018\/02\/logo_ivana_beaumond-2.png","contentUrl":"https:\/\/www.ivanabeaumond.com.br\/vestidos-noiva\/wp-content\/uploads\/2018\/02\/logo_ivana_beaumond-2.png","width":230,"height":112,"caption":"Vestido de Noiva RJ"},"image":{"@id":"https:\/\/www.ivanabeaumond.com.br\/vestidos-noiva\/#\/schema\/logo\/image\/"},"sameAs":["https:\/\/www.facebook.com\/ivana.beaumondnoivas","https:\/\/www.instagram.com\/ivanabeaumond\/","https:\/\/www.tiktok.com\/@ivanabeaumond"]},{"@type":"Person","@id":"https:\/\/www.ivanabeaumond.com.br\/vestidos-noiva\/#\/schema\/person\/1a360c4cffa3b806d29a456389dcff26","name":"Ivana Beaumond Paris","image":{"@type":"ImageObject","inLanguage":"pt-BR","@id":"https:\/\/www.ivanabeaumond.com.br\/vestidos-noiva\/#\/schema\/person\/image\/","url":"https:\/\/secure.gravatar.com\/avatar\/641f98db20b53ec937ceb641db4270b9?s=96&d=mm&r=g","contentUrl":"https:\/\/secure.gravatar.com\/avatar\/641f98db20b53ec937ceb641db4270b9?s=96&d=mm&r=g","caption":"Ivana Beaumond Paris"},"url":"https:\/\/www.ivanabeaumond.com.br\/vestidos-noiva\/author\/ivana\/"}]}},"_links":{"self":[{"href":"https:\/\/www.ivanabeaumond.com.br\/vestidos-noiva\/wp-json\/wp\/v2\/posts\/28692"}],"collection":[{"href":"https:\/\/www.ivanabeaumond.com.br\/vestidos-noiva\/wp-json\/wp\/v2\/posts"}],"about":[{"href":"https:\/\/www.ivanabeaumond.com.br\/vestidos-noiva\/wp-json\/wp\/v2\/types\/post"}],"author":[{"embeddable":true,"href":"https:\/\/www.ivanabeaumond.com.br\/vestidos-noiva\/wp-json\/wp\/v2\/users\/4"}],"replies":[{"embeddable":true,"href":"https:\/\/www.ivanabeaumond.com.br\/vestidos-noiva\/wp-json\/wp\/v2\/comments?post=28692"}],"version-history":[{"count":2,"href":"https:\/\/www.ivanabeaumond.com.br\/vestidos-noiva\/wp-json\/wp\/v2\/posts\/28692\/revisions"}],"predecessor-version":[{"id":28700,"href":"https:\/\/www.ivanabeaumond.com.br\/vestidos-noiva\/wp-json\/wp\/v2\/posts\/28692\/revisions\/28700"}],"wp:featuredmedia":[{"embeddable":true,"href":"https:\/\/www.ivanabeaumond.com.br\/vestidos-noiva\/wp-json\/wp\/v2\/media\/28699"}],"wp:attachment":[{"href":"https:\/\/www.ivanabeaumond.com.br\/vestidos-noiva\/wp-json\/wp\/v2\/media?parent=28692"}],"wp:term":[{"taxonomy":"category","embeddable":true,"href":"https:\/\/www.ivanabeaumond.com.br\/vestidos-noiva\/wp-json\/wp\/v2\/categories?post=28692"},{"taxonomy":"post_tag","embeddable":true,"href":"https:\/\/www.ivanabeaumond.com.br\/vestidos-noiva\/wp-json\/wp\/v2\/tags?post=28692"}],"curies":[{"name":"wp","href":"https:\/\/api.w.org\/{rel}","templated":true}]}}