{"id":73067,"date":"2022-03-09T12:27:29","date_gmt":"2022-03-09T15:27:29","guid":{"rendered":"https:\/\/www.ivanabeaumond.com.br\/vestidos-noiva\/?p=73067"},"modified":"2022-03-09T12:27:36","modified_gmt":"2022-03-09T15:27:36","slug":"la-vem-a-noiva-de-chapeu","status":"publish","type":"post","link":"https:\/\/www.ivanabeaumond.com.br\/vestidos-noiva\/la-vem-a-noiva-de-chapeu\/","title":{"rendered":"LA VEM A NOIVA&#8230; DE CHAP\u00c9U?"},"content":{"rendered":"\n<h4 class=\"wp-block-heading\">Os casamentos com estilo vintage e boho chic vem cada vez mais ganhando espa\u00e7o, fugindo do tradicional e com um clima mais campestre, o boho \u00e9 associado a um estilo de vida mais despojado, muita das vezes relacionada aos estilos de artistas e m\u00fasicos. <\/h4>\n\n\n\n<div style=\"height:20px\" aria-hidden=\"true\" class=\"wp-block-spacer\"><\/div>\n\n\n\n<h4 class=\"wp-block-heading\">Com um estilo mais livre, os chap\u00e9us tamb\u00e9m v\u00eam se destacando bastante.<br>\u00a0J\u00e1 imaginou trocar o v\u00e9u e a grinalda por um limpo chap\u00e9u na hora da cerim\u00f4nia?<\/h4>\n\n\n\n<div style=\"height:20px\" aria-hidden=\"true\" class=\"wp-block-spacer\"><\/div>\n\n\n\n<div class=\"wp-block-image\"><figure class=\"aligncenter size-large\"><a href=\"https:\/\/www.ivanabeaumond.com.br\/vestidos-noiva\/wp-content\/uploads\/2022\/03\/7_1-700x467-1.jpg\"><img decoding=\"async\" loading=\"lazy\" width=\"700\" height=\"467\" src=\"https:\/\/www.ivanabeaumond.com.br\/vestidos-noiva\/wp-content\/uploads\/2022\/03\/7_1-700x467-1.jpg\" alt=\"\" class=\"wp-image-73085\" srcset=\"https:\/\/www.ivanabeaumond.com.br\/vestidos-noiva\/wp-content\/uploads\/2022\/03\/7_1-700x467-1.jpg 700w, https:\/\/www.ivanabeaumond.com.br\/vestidos-noiva\/wp-content\/uploads\/2022\/03\/7_1-700x467-1-300x200.jpg 300w, https:\/\/www.ivanabeaumond.com.br\/vestidos-noiva\/wp-content\/uploads\/2022\/03\/7_1-700x467-1-480x320.jpg 480w\" sizes=\"(max-width: 700px) 100vw, 700px\" \/><\/a><\/figure><\/div>\n\n\n\n<div style=\"height:20px\" aria-hidden=\"true\" class=\"wp-block-spacer\"><\/div>\n\n\n\n<h4 class=\"wp-block-heading\">Al\u00e9m de elegantes, os chap\u00e9us t\u00eam uma grande vantagem que \u00e9 proteger a cabe\u00e7a e o cabelo em um dia muito quente, o que \u00e9 essencial para casamentos ao ar livre ou na praia e, principalmente, no ver\u00e3o.<\/h4>\n\n\n\n<div style=\"height:20px\" aria-hidden=\"true\" class=\"wp-block-spacer\"><\/div>\n\n\n\n<h4 class=\"wp-block-heading\">Separamos algumas inspira\u00e7\u00f5es abaixo que ficam lindas com seu vestido de noiva.<\/h4>\n\n\n\n<div style=\"height:20px\" aria-hidden=\"true\" class=\"wp-block-spacer\"><\/div>\n\n\n\n<figure class=\"wp-block-gallery aligncenter columns-2 is-cropped wp-block-gallery-1 is-layout-flex\"><ul class=\"blocks-gallery-grid\"><li class=\"blocks-gallery-item\"><figure><a href=\"https:\/\/www.ivanabeaumond.com.br\/vestidos-noiva\/wp-content\/uploads\/2022\/03\/245d5094949568d0aface7f1bd8ea809.jpg\"><img decoding=\"async\" loading=\"lazy\" width=\"414\" height=\"500\" src=\"https:\/\/www.ivanabeaumond.com.br\/vestidos-noiva\/wp-content\/uploads\/2022\/03\/245d5094949568d0aface7f1bd8ea809.jpg\" alt=\"\" data-id=\"73092\" data-full-url=\"https:\/\/www.ivanabeaumond.com.br\/vestidos-noiva\/wp-content\/uploads\/2022\/03\/245d5094949568d0aface7f1bd8ea809.jpg\" data-link=\"https:\/\/www.ivanabeaumond.com.br\/vestidos-noiva\/?attachment_id=73092\" class=\"wp-image-73092\" srcset=\"https:\/\/www.ivanabeaumond.com.br\/vestidos-noiva\/wp-content\/uploads\/2022\/03\/245d5094949568d0aface7f1bd8ea809.jpg 414w, https:\/\/www.ivanabeaumond.com.br\/vestidos-noiva\/wp-content\/uploads\/2022\/03\/245d5094949568d0aface7f1bd8ea809-248x300.jpg 248w\" sizes=\"(max-width: 414px) 100vw, 414px\" \/><\/a><\/figure><\/li><li class=\"blocks-gallery-item\"><figure><a href=\"https:\/\/www.ivanabeaumond.com.br\/vestidos-noiva\/wp-content\/uploads\/2022\/03\/4a8641545afe11867514cf6eb056cd2b.jpg\"><img decoding=\"async\" loading=\"lazy\" width=\"564\" height=\"789\" src=\"https:\/\/www.ivanabeaumond.com.br\/vestidos-noiva\/wp-content\/uploads\/2022\/03\/4a8641545afe11867514cf6eb056cd2b.jpg\" alt=\"\" data-id=\"73091\" data-full-url=\"https:\/\/www.ivanabeaumond.com.br\/vestidos-noiva\/wp-content\/uploads\/2022\/03\/4a8641545afe11867514cf6eb056cd2b.jpg\" data-link=\"https:\/\/www.ivanabeaumond.com.br\/vestidos-noiva\/?attachment_id=73091\" class=\"wp-image-73091\" srcset=\"https:\/\/www.ivanabeaumond.com.br\/vestidos-noiva\/wp-content\/uploads\/2022\/03\/4a8641545afe11867514cf6eb056cd2b.jpg 564w, https:\/\/www.ivanabeaumond.com.br\/vestidos-noiva\/wp-content\/uploads\/2022\/03\/4a8641545afe11867514cf6eb056cd2b-214x300.jpg 214w\" sizes=\"(max-width: 564px) 100vw, 564px\" \/><\/a><\/figure><\/li><li class=\"blocks-gallery-item\"><figure><a href=\"https:\/\/www.ivanabeaumond.com.br\/vestidos-noiva\/wp-content\/uploads\/2022\/03\/8627deb047b38b719915710c853cf8c1.jpg\"><img decoding=\"async\" loading=\"lazy\" width=\"683\" height=\"1024\" src=\"https:\/\/www.ivanabeaumond.com.br\/vestidos-noiva\/wp-content\/uploads\/2022\/03\/8627deb047b38b719915710c853cf8c1-683x1024.jpg\" alt=\"\" data-id=\"73093\" data-full-url=\"https:\/\/www.ivanabeaumond.com.br\/vestidos-noiva\/wp-content\/uploads\/2022\/03\/8627deb047b38b719915710c853cf8c1.jpg\" data-link=\"https:\/\/www.ivanabeaumond.com.br\/vestidos-noiva\/?attachment_id=73093\" class=\"wp-image-73093\" srcset=\"https:\/\/www.ivanabeaumond.com.br\/vestidos-noiva\/wp-content\/uploads\/2022\/03\/8627deb047b38b719915710c853cf8c1-683x1024.jpg 683w, https:\/\/www.ivanabeaumond.com.br\/vestidos-noiva\/wp-content\/uploads\/2022\/03\/8627deb047b38b719915710c853cf8c1-200x300.jpg 200w, https:\/\/www.ivanabeaumond.com.br\/vestidos-noiva\/wp-content\/uploads\/2022\/03\/8627deb047b38b719915710c853cf8c1-768x1151.jpg 768w, https:\/\/www.ivanabeaumond.com.br\/vestidos-noiva\/wp-content\/uploads\/2022\/03\/8627deb047b38b719915710c853cf8c1.jpg 800w\" sizes=\"(max-width: 683px) 100vw, 683px\" \/><\/a><\/figure><\/li><li class=\"blocks-gallery-item\"><figure><a href=\"https:\/\/www.ivanabeaumond.com.br\/vestidos-noiva\/wp-content\/uploads\/2022\/03\/c74d97ab384c6fabff84e2024c673aca.jpg\"><img decoding=\"async\" loading=\"lazy\" width=\"564\" height=\"874\" src=\"https:\/\/www.ivanabeaumond.com.br\/vestidos-noiva\/wp-content\/uploads\/2022\/03\/c74d97ab384c6fabff84e2024c673aca.jpg\" alt=\"\" data-id=\"73094\" data-full-url=\"https:\/\/www.ivanabeaumond.com.br\/vestidos-noiva\/wp-content\/uploads\/2022\/03\/c74d97ab384c6fabff84e2024c673aca.jpg\" data-link=\"https:\/\/www.ivanabeaumond.com.br\/vestidos-noiva\/?attachment_id=73094\" class=\"wp-image-73094\" srcset=\"https:\/\/www.ivanabeaumond.com.br\/vestidos-noiva\/wp-content\/uploads\/2022\/03\/c74d97ab384c6fabff84e2024c673aca.jpg 564w, https:\/\/www.ivanabeaumond.com.br\/vestidos-noiva\/wp-content\/uploads\/2022\/03\/c74d97ab384c6fabff84e2024c673aca-194x300.jpg 194w\" sizes=\"(max-width: 564px) 100vw, 564px\" \/><\/a><\/figure><\/li><li class=\"blocks-gallery-item\"><figure><a href=\"https:\/\/www.ivanabeaumond.com.br\/vestidos-noiva\/wp-content\/uploads\/2022\/03\/eab4fca94210f22a05cf74c2e232b4c2.jpg\"><img decoding=\"async\" loading=\"lazy\" width=\"563\" height=\"703\" src=\"https:\/\/www.ivanabeaumond.com.br\/vestidos-noiva\/wp-content\/uploads\/2022\/03\/eab4fca94210f22a05cf74c2e232b4c2.jpg\" alt=\"\" data-id=\"73095\" data-full-url=\"https:\/\/www.ivanabeaumond.com.br\/vestidos-noiva\/wp-content\/uploads\/2022\/03\/eab4fca94210f22a05cf74c2e232b4c2.jpg\" data-link=\"https:\/\/www.ivanabeaumond.com.br\/vestidos-noiva\/?attachment_id=73095\" class=\"wp-image-73095\" srcset=\"https:\/\/www.ivanabeaumond.com.br\/vestidos-noiva\/wp-content\/uploads\/2022\/03\/eab4fca94210f22a05cf74c2e232b4c2.jpg 563w, https:\/\/www.ivanabeaumond.com.br\/vestidos-noiva\/wp-content\/uploads\/2022\/03\/eab4fca94210f22a05cf74c2e232b4c2-240x300.jpg 240w\" sizes=\"(max-width: 563px) 100vw, 563px\" \/><\/a><\/figure><\/li><li class=\"blocks-gallery-item\"><figure><a href=\"https:\/\/www.ivanabeaumond.com.br\/vestidos-noiva\/wp-content\/uploads\/2022\/03\/ef8ff0f75b589505cb038ff5862f1141.jpg\"><img decoding=\"async\" loading=\"lazy\" width=\"570\" height=\"856\" src=\"https:\/\/www.ivanabeaumond.com.br\/vestidos-noiva\/wp-content\/uploads\/2022\/03\/ef8ff0f75b589505cb038ff5862f1141.jpg\" alt=\"\" data-id=\"73096\" data-full-url=\"https:\/\/www.ivanabeaumond.com.br\/vestidos-noiva\/wp-content\/uploads\/2022\/03\/ef8ff0f75b589505cb038ff5862f1141.jpg\" data-link=\"https:\/\/www.ivanabeaumond.com.br\/vestidos-noiva\/?attachment_id=73096\" class=\"wp-image-73096\" srcset=\"https:\/\/www.ivanabeaumond.com.br\/vestidos-noiva\/wp-content\/uploads\/2022\/03\/ef8ff0f75b589505cb038ff5862f1141.jpg 570w, https:\/\/www.ivanabeaumond.com.br\/vestidos-noiva\/wp-content\/uploads\/2022\/03\/ef8ff0f75b589505cb038ff5862f1141-200x300.jpg 200w\" sizes=\"(max-width: 570px) 100vw, 570px\" \/><\/a><\/figure><\/li><\/ul><\/figure>\n\n\n\n<div style=\"height:20px\" aria-hidden=\"true\" class=\"wp-block-spacer\"><\/div>\n\n\n\n<h4 class=\"wp-block-heading\"><br>Eai, qual desses voc\u00ea mais se identificou? Conta pra gente no nosso instagram @ivanabeaumond<br><\/h4>\n\n\n\n<p><\/p>\n","protected":false},"excerpt":{"rendered":"<p>Os casamentos com estilo vintage e boho chic vem cada&#8230;<\/p>\n","protected":false},"author":4,"featured_media":73085,"comment_status":"open","ping_status":"open","sticky":false,"template":"","format":"standard","meta":[],"categories":[60,127],"tags":[1370,1502,1500,1432,96,299,1498,1499,1433,107,1420,106,1501,200,343,210],"yoast_head":"<!-- This site is optimized with the Yoast SEO plugin v20.3 - https:\/\/yoast.com\/wordpress\/plugins\/seo\/ -->\n<title>LA VEM A NOIVA... DE CHAP\u00c9U? - Vestido de Noiva RJ<\/title>\n<meta name=\"robots\" content=\"index, follow, max-snippet:-1, max-image-preview:large, max-video-preview:-1\" \/>\n<link rel=\"canonical\" href=\"https:\/\/www.ivanabeaumond.com.br\/vestidos-noiva\/la-vem-a-noiva-de-chapeu\/\" \/>\n<meta property=\"og:locale\" content=\"pt_BR\" \/>\n<meta property=\"og:type\" content=\"article\" \/>\n<meta property=\"og:title\" content=\"LA VEM A NOIVA... DE CHAP\u00c9U? - Vestido de Noiva RJ\" \/>\n<meta property=\"og:description\" content=\"Os casamentos com estilo vintage e boho chic vem cada...\" \/>\n<meta property=\"og:url\" content=\"https:\/\/www.ivanabeaumond.com.br\/vestidos-noiva\/la-vem-a-noiva-de-chapeu\/\" \/>\n<meta property=\"og:site_name\" content=\"Vestido de Noiva RJ\" \/>\n<meta property=\"article:publisher\" content=\"https:\/\/www.facebook.com\/ivana.beaumondnoivas\" \/>\n<meta property=\"article:published_time\" content=\"2022-03-09T15:27:29+00:00\" \/>\n<meta property=\"article:modified_time\" content=\"2022-03-09T15:27:36+00:00\" \/>\n<meta property=\"og:image\" content=\"https:\/\/www.ivanabeaumond.com.br\/vestidos-noiva\/wp-content\/uploads\/2022\/03\/7_1-700x467-1.jpg\" \/>\n\t<meta property=\"og:image:width\" content=\"700\" \/>\n\t<meta property=\"og:image:height\" content=\"467\" \/>\n\t<meta property=\"og:image:type\" content=\"image\/jpeg\" \/>\n<meta name=\"author\" content=\"Ivana Beaumond Paris\" \/>\n<meta name=\"twitter:card\" content=\"summary_large_image\" \/>\n<meta name=\"twitter:label1\" content=\"Escrito por\" \/>\n\t<meta name=\"twitter:data1\" content=\"Ivana Beaumond Paris\" \/>\n\t<meta name=\"twitter:label2\" content=\"Est. tempo de leitura\" \/>\n\t<meta name=\"twitter:data2\" content=\"1 minuto\" \/>\n<script type=\"application\/ld+json\" class=\"yoast-schema-graph\">{\"@context\":\"https:\/\/schema.org\",\"@graph\":[{\"@type\":\"Article\",\"@id\":\"https:\/\/www.ivanabeaumond.com.br\/vestidos-noiva\/la-vem-a-noiva-de-chapeu\/#article\",\"isPartOf\":{\"@id\":\"https:\/\/www.ivanabeaumond.com.br\/vestidos-noiva\/la-vem-a-noiva-de-chapeu\/\"},\"author\":{\"name\":\"Ivana Beaumond Paris\",\"@id\":\"https:\/\/www.ivanabeaumond.com.br\/vestidos-noiva\/#\/schema\/person\/1a360c4cffa3b806d29a456389dcff26\"},\"headline\":\"LA VEM A NOIVA&#8230; DE CHAP\u00c9U?\",\"datePublished\":\"2022-03-09T15:27:29+00:00\",\"dateModified\":\"2022-03-09T15:27:36+00:00\",\"mainEntityOfPage\":{\"@id\":\"https:\/\/www.ivanabeaumond.com.br\/vestidos-noiva\/la-vem-a-noiva-de-chapeu\/\"},\"wordCount\":154,\"commentCount\":0,\"publisher\":{\"@id\":\"https:\/\/www.ivanabeaumond.com.br\/vestidos-noiva\/#organization\"},\"keywords\":[\"alugueldevestido\",\"alugueldevestidodenoiva\",\"blogivanabeaumond\",\"bohochic\",\"casamento\",\"casamentonocampo\",\"casamentosivana\",\"chap\u00e9u\",\"dressbohochic\",\"ivanabeaumond\",\"vestidodecasamento\",\"vestidodenoiva\",\"vestidodenoivalongo\",\"VestidoDeNoivaRJ\",\"vintage\",\"weddingdress\"],\"articleSection\":[\"Blog\",\"Dicas e Truques\"],\"inLanguage\":\"pt-BR\",\"potentialAction\":[{\"@type\":\"CommentAction\",\"name\":\"Comment\",\"target\":[\"https:\/\/www.ivanabeaumond.com.br\/vestidos-noiva\/la-vem-a-noiva-de-chapeu\/#respond\"]}]},{\"@type\":\"WebPage\",\"@id\":\"https:\/\/www.ivanabeaumond.com.br\/vestidos-noiva\/la-vem-a-noiva-de-chapeu\/\",\"url\":\"https:\/\/www.ivanabeaumond.com.br\/vestidos-noiva\/la-vem-a-noiva-de-chapeu\/\",\"name\":\"LA VEM A NOIVA... DE CHAP\u00c9U? - Vestido de Noiva RJ\",\"isPartOf\":{\"@id\":\"https:\/\/www.ivanabeaumond.com.br\/vestidos-noiva\/#website\"},\"datePublished\":\"2022-03-09T15:27:29+00:00\",\"dateModified\":\"2022-03-09T15:27:36+00:00\",\"breadcrumb\":{\"@id\":\"https:\/\/www.ivanabeaumond.com.br\/vestidos-noiva\/la-vem-a-noiva-de-chapeu\/#breadcrumb\"},\"inLanguage\":\"pt-BR\",\"potentialAction\":[{\"@type\":\"ReadAction\",\"target\":[\"https:\/\/www.ivanabeaumond.com.br\/vestidos-noiva\/la-vem-a-noiva-de-chapeu\/\"]}]},{\"@type\":\"BreadcrumbList\",\"@id\":\"https:\/\/www.ivanabeaumond.com.br\/vestidos-noiva\/la-vem-a-noiva-de-chapeu\/#breadcrumb\",\"itemListElement\":[{\"@type\":\"ListItem\",\"position\":1,\"name\":\"In\u00edcio\",\"item\":\"https:\/\/www.ivanabeaumond.com.br\/vestidos-noiva\/\"},{\"@type\":\"ListItem\",\"position\":2,\"name\":\"LA VEM A NOIVA&#8230; DE CHAP\u00c9U?\"}]},{\"@type\":\"WebSite\",\"@id\":\"https:\/\/www.ivanabeaumond.com.br\/vestidos-noiva\/#website\",\"url\":\"https:\/\/www.ivanabeaumond.com.br\/vestidos-noiva\/\",\"name\":\"Vestido de Noiva RJ\",\"description\":\"Moda Noiva\",\"publisher\":{\"@id\":\"https:\/\/www.ivanabeaumond.com.br\/vestidos-noiva\/#organization\"},\"potentialAction\":[{\"@type\":\"SearchAction\",\"target\":{\"@type\":\"EntryPoint\",\"urlTemplate\":\"https:\/\/www.ivanabeaumond.com.br\/vestidos-noiva\/?s={search_term_string}\"},\"query-input\":\"required name=search_term_string\"}],\"inLanguage\":\"pt-BR\"},{\"@type\":\"Organization\",\"@id\":\"https:\/\/www.ivanabeaumond.com.br\/vestidos-noiva\/#organization\",\"name\":\"Vestido de Noiva RJ\",\"url\":\"https:\/\/www.ivanabeaumond.com.br\/vestidos-noiva\/\",\"logo\":{\"@type\":\"ImageObject\",\"inLanguage\":\"pt-BR\",\"@id\":\"https:\/\/www.ivanabeaumond.com.br\/vestidos-noiva\/#\/schema\/logo\/image\/\",\"url\":\"https:\/\/www.ivanabeaumond.com.br\/vestidos-noiva\/wp-content\/uploads\/2018\/02\/logo_ivana_beaumond-2.png\",\"contentUrl\":\"https:\/\/www.ivanabeaumond.com.br\/vestidos-noiva\/wp-content\/uploads\/2018\/02\/logo_ivana_beaumond-2.png\",\"width\":230,\"height\":112,\"caption\":\"Vestido de Noiva RJ\"},\"image\":{\"@id\":\"https:\/\/www.ivanabeaumond.com.br\/vestidos-noiva\/#\/schema\/logo\/image\/\"},\"sameAs\":[\"https:\/\/www.facebook.com\/ivana.beaumondnoivas\",\"https:\/\/www.instagram.com\/ivanabeaumond\/\",\"https:\/\/www.tiktok.com\/@ivanabeaumond\"]},{\"@type\":\"Person\",\"@id\":\"https:\/\/www.ivanabeaumond.com.br\/vestidos-noiva\/#\/schema\/person\/1a360c4cffa3b806d29a456389dcff26\",\"name\":\"Ivana Beaumond Paris\",\"image\":{\"@type\":\"ImageObject\",\"inLanguage\":\"pt-BR\",\"@id\":\"https:\/\/www.ivanabeaumond.com.br\/vestidos-noiva\/#\/schema\/person\/image\/\",\"url\":\"https:\/\/secure.gravatar.com\/avatar\/641f98db20b53ec937ceb641db4270b9?s=96&d=mm&r=g\",\"contentUrl\":\"https:\/\/secure.gravatar.com\/avatar\/641f98db20b53ec937ceb641db4270b9?s=96&d=mm&r=g\",\"caption\":\"Ivana Beaumond Paris\"},\"url\":\"https:\/\/www.ivanabeaumond.com.br\/vestidos-noiva\/author\/ivana\/\"}]}<\/script>\n<!-- \/ Yoast SEO plugin. -->","yoast_head_json":{"title":"LA VEM A NOIVA... DE CHAP\u00c9U? - Vestido de Noiva RJ","robots":{"index":"index","follow":"follow","max-snippet":"max-snippet:-1","max-image-preview":"max-image-preview:large","max-video-preview":"max-video-preview:-1"},"canonical":"https:\/\/www.ivanabeaumond.com.br\/vestidos-noiva\/la-vem-a-noiva-de-chapeu\/","og_locale":"pt_BR","og_type":"article","og_title":"LA VEM A NOIVA... DE CHAP\u00c9U? - Vestido de Noiva RJ","og_description":"Os casamentos com estilo vintage e boho chic vem cada...","og_url":"https:\/\/www.ivanabeaumond.com.br\/vestidos-noiva\/la-vem-a-noiva-de-chapeu\/","og_site_name":"Vestido de Noiva RJ","article_publisher":"https:\/\/www.facebook.com\/ivana.beaumondnoivas","article_published_time":"2022-03-09T15:27:29+00:00","article_modified_time":"2022-03-09T15:27:36+00:00","og_image":[{"width":700,"height":467,"url":"https:\/\/www.ivanabeaumond.com.br\/vestidos-noiva\/wp-content\/uploads\/2022\/03\/7_1-700x467-1.jpg","type":"image\/jpeg"}],"author":"Ivana Beaumond Paris","twitter_card":"summary_large_image","twitter_misc":{"Escrito por":"Ivana Beaumond Paris","Est. tempo de leitura":"1 minuto"},"schema":{"@context":"https:\/\/schema.org","@graph":[{"@type":"Article","@id":"https:\/\/www.ivanabeaumond.com.br\/vestidos-noiva\/la-vem-a-noiva-de-chapeu\/#article","isPartOf":{"@id":"https:\/\/www.ivanabeaumond.com.br\/vestidos-noiva\/la-vem-a-noiva-de-chapeu\/"},"author":{"name":"Ivana Beaumond Paris","@id":"https:\/\/www.ivanabeaumond.com.br\/vestidos-noiva\/#\/schema\/person\/1a360c4cffa3b806d29a456389dcff26"},"headline":"LA VEM A NOIVA&#8230; DE CHAP\u00c9U?","datePublished":"2022-03-09T15:27:29+00:00","dateModified":"2022-03-09T15:27:36+00:00","mainEntityOfPage":{"@id":"https:\/\/www.ivanabeaumond.com.br\/vestidos-noiva\/la-vem-a-noiva-de-chapeu\/"},"wordCount":154,"commentCount":0,"publisher":{"@id":"https:\/\/www.ivanabeaumond.com.br\/vestidos-noiva\/#organization"},"keywords":["alugueldevestido","alugueldevestidodenoiva","blogivanabeaumond","bohochic","casamento","casamentonocampo","casamentosivana","chap\u00e9u","dressbohochic","ivanabeaumond","vestidodecasamento","vestidodenoiva","vestidodenoivalongo","VestidoDeNoivaRJ","vintage","weddingdress"],"articleSection":["Blog","Dicas e Truques"],"inLanguage":"pt-BR","potentialAction":[{"@type":"CommentAction","name":"Comment","target":["https:\/\/www.ivanabeaumond.com.br\/vestidos-noiva\/la-vem-a-noiva-de-chapeu\/#respond"]}]},{"@type":"WebPage","@id":"https:\/\/www.ivanabeaumond.com.br\/vestidos-noiva\/la-vem-a-noiva-de-chapeu\/","url":"https:\/\/www.ivanabeaumond.com.br\/vestidos-noiva\/la-vem-a-noiva-de-chapeu\/","name":"LA VEM A NOIVA... DE CHAP\u00c9U? - Vestido de Noiva RJ","isPartOf":{"@id":"https:\/\/www.ivanabeaumond.com.br\/vestidos-noiva\/#website"},"datePublished":"2022-03-09T15:27:29+00:00","dateModified":"2022-03-09T15:27:36+00:00","breadcrumb":{"@id":"https:\/\/www.ivanabeaumond.com.br\/vestidos-noiva\/la-vem-a-noiva-de-chapeu\/#breadcrumb"},"inLanguage":"pt-BR","potentialAction":[{"@type":"ReadAction","target":["https:\/\/www.ivanabeaumond.com.br\/vestidos-noiva\/la-vem-a-noiva-de-chapeu\/"]}]},{"@type":"BreadcrumbList","@id":"https:\/\/www.ivanabeaumond.com.br\/vestidos-noiva\/la-vem-a-noiva-de-chapeu\/#breadcrumb","itemListElement":[{"@type":"ListItem","position":1,"name":"In\u00edcio","item":"https:\/\/www.ivanabeaumond.com.br\/vestidos-noiva\/"},{"@type":"ListItem","position":2,"name":"LA VEM A NOIVA&#8230; DE CHAP\u00c9U?"}]},{"@type":"WebSite","@id":"https:\/\/www.ivanabeaumond.com.br\/vestidos-noiva\/#website","url":"https:\/\/www.ivanabeaumond.com.br\/vestidos-noiva\/","name":"Vestido de Noiva RJ","description":"Moda Noiva","publisher":{"@id":"https:\/\/www.ivanabeaumond.com.br\/vestidos-noiva\/#organization"},"potentialAction":[{"@type":"SearchAction","target":{"@type":"EntryPoint","urlTemplate":"https:\/\/www.ivanabeaumond.com.br\/vestidos-noiva\/?s={search_term_string}"},"query-input":"required name=search_term_string"}],"inLanguage":"pt-BR"},{"@type":"Organization","@id":"https:\/\/www.ivanabeaumond.com.br\/vestidos-noiva\/#organization","name":"Vestido de Noiva RJ","url":"https:\/\/www.ivanabeaumond.com.br\/vestidos-noiva\/","logo":{"@type":"ImageObject","inLanguage":"pt-BR","@id":"https:\/\/www.ivanabeaumond.com.br\/vestidos-noiva\/#\/schema\/logo\/image\/","url":"https:\/\/www.ivanabeaumond.com.br\/vestidos-noiva\/wp-content\/uploads\/2018\/02\/logo_ivana_beaumond-2.png","contentUrl":"https:\/\/www.ivanabeaumond.com.br\/vestidos-noiva\/wp-content\/uploads\/2018\/02\/logo_ivana_beaumond-2.png","width":230,"height":112,"caption":"Vestido de Noiva RJ"},"image":{"@id":"https:\/\/www.ivanabeaumond.com.br\/vestidos-noiva\/#\/schema\/logo\/image\/"},"sameAs":["https:\/\/www.facebook.com\/ivana.beaumondnoivas","https:\/\/www.instagram.com\/ivanabeaumond\/","https:\/\/www.tiktok.com\/@ivanabeaumond"]},{"@type":"Person","@id":"https:\/\/www.ivanabeaumond.com.br\/vestidos-noiva\/#\/schema\/person\/1a360c4cffa3b806d29a456389dcff26","name":"Ivana Beaumond Paris","image":{"@type":"ImageObject","inLanguage":"pt-BR","@id":"https:\/\/www.ivanabeaumond.com.br\/vestidos-noiva\/#\/schema\/person\/image\/","url":"https:\/\/secure.gravatar.com\/avatar\/641f98db20b53ec937ceb641db4270b9?s=96&d=mm&r=g","contentUrl":"https:\/\/secure.gravatar.com\/avatar\/641f98db20b53ec937ceb641db4270b9?s=96&d=mm&r=g","caption":"Ivana Beaumond Paris"},"url":"https:\/\/www.ivanabeaumond.com.br\/vestidos-noiva\/author\/ivana\/"}]}},"_links":{"self":[{"href":"https:\/\/www.ivanabeaumond.com.br\/vestidos-noiva\/wp-json\/wp\/v2\/posts\/73067"}],"collection":[{"href":"https:\/\/www.ivanabeaumond.com.br\/vestidos-noiva\/wp-json\/wp\/v2\/posts"}],"about":[{"href":"https:\/\/www.ivanabeaumond.com.br\/vestidos-noiva\/wp-json\/wp\/v2\/types\/post"}],"author":[{"embeddable":true,"href":"https:\/\/www.ivanabeaumond.com.br\/vestidos-noiva\/wp-json\/wp\/v2\/users\/4"}],"replies":[{"embeddable":true,"href":"https:\/\/www.ivanabeaumond.com.br\/vestidos-noiva\/wp-json\/wp\/v2\/comments?post=73067"}],"version-history":[{"count":1,"href":"https:\/\/www.ivanabeaumond.com.br\/vestidos-noiva\/wp-json\/wp\/v2\/posts\/73067\/revisions"}],"predecessor-version":[{"id":73145,"href":"https:\/\/www.ivanabeaumond.com.br\/vestidos-noiva\/wp-json\/wp\/v2\/posts\/73067\/revisions\/73145"}],"wp:featuredmedia":[{"embeddable":true,"href":"https:\/\/www.ivanabeaumond.com.br\/vestidos-noiva\/wp-json\/wp\/v2\/media\/73085"}],"wp:attachment":[{"href":"https:\/\/www.ivanabeaumond.com.br\/vestidos-noiva\/wp-json\/wp\/v2\/media?parent=73067"}],"wp:term":[{"taxonomy":"category","embeddable":true,"href":"https:\/\/www.ivanabeaumond.com.br\/vestidos-noiva\/wp-json\/wp\/v2\/categories?post=73067"},{"taxonomy":"post_tag","embeddable":true,"href":"https:\/\/www.ivanabeaumond.com.br\/vestidos-noiva\/wp-json\/wp\/v2\/tags?post=73067"}],"curies":[{"name":"wp","href":"https:\/\/api.w.org\/{rel}","templated":true}]}}